{"id":201777,"date":"2024-02-07T07:02:16","date_gmt":"2024-02-07T11:02:16","guid":{"rendered":"https:\/\/www.eldiario.net\/portal\/?p=201777"},"modified":"2024-02-07T07:02:39","modified_gmt":"2024-02-07T11:02:39","slug":"va-en-aumento-la-deuda-con-china-con-el-prestamo-de-us-350-millones","status":"publish","type":"post","link":"https:\/\/www.eldiario.net\/portal\/2024\/02\/07\/va-en-aumento-la-deuda-con-china-con-el-prestamo-de-us-350-millones\/","title":{"rendered":"Va en aumento la deuda con China,  con el pr\u00e9stamo de $us 350 millones"},"content":{"rendered":"<p>Despu\u00e9s de firmar los ministerios de Miner\u00eda y Planificaci\u00f3n del Desarrollo con el Gobierno de China un pr\u00e9stamo de 350 millones de d\u00f3lares para la construcci\u00f3n de la Planta Refinadora de Zinc, que ser\u00e1 emplazado en el departamento de Oruro, la deuda bilateral con el pa\u00eds asi\u00e1tico va en aumento.<br \/>\nLa ma\u00f1ana de ayer, se firm\u00f3 el acuerdo entre la Rep\u00fablica Popular de China y el Ministerio de Miner\u00eda y (Ministerio) de Planificaci\u00f3n al respecto (la planta de zinc), en el marco del 243 aniversario de la gesta libertaria de Oruro.<br \/>\nEse proyecto, que demandar\u00e1 una inversi\u00f3n de aproximadamente 350 millones de d\u00f3lares, dar\u00e1 un fuerte impulso en la industrializaci\u00f3n del departamento, con un potencial importante en el \u00e1rea minera.<br \/>\nEl presidente Luis Arce explic\u00f3 que la planta refinadora permitir\u00e1 dar \u201cvalor agregado a nuestros minerales, generando empleo digno y contribuyendo al crecimiento econ\u00f3mico sostenible en el departamento de Oruro y en el pa\u00eds\u201d.<br \/>\nEn octubre de 2023, el ministro de Miner\u00eda y Metalurgia, Marcelino Quispe, y el gerente de la Empresa Metal\u00fargica Vinto, Teodocio Ayll\u00f3n, entregaron la documentaci\u00f3n a la delegaci\u00f3n del banco de China Eximbank, con el fin de acceder al cr\u00e9dito de 350 millones de d\u00f3lares.<br \/>\nLa documentaci\u00f3n fue evaluada por la entidad financiera y la firma del acuerdo de este martes concretar\u00e1 el contrato de pr\u00e9stamo a 20 a\u00f1os plazo, con una tasa de inter\u00e9s concesional del 2%.<br \/>\nSe tiene previsto que la planta ser\u00e1 construida en 34 meses, seg\u00fan la informaci\u00f3n proporcionada por la empresa ganadora.<br \/>\nLa Empresa Refinadora de Zinc se instalar\u00e1 en los predios de la Empresa Metal\u00fargica Vinto, y tendr\u00e1 una capacidad de tratamiento anual de 150.000 toneladas de concentrados de zinc para la obtenci\u00f3n anual de 65.000 TMF de zinc met\u00e1lico y subproductos.<br \/>\nDesde el punto de vista del impacto sociolaboral, la planta generar\u00e1 empleos y desarrollo regional. En su etapa de construcci\u00f3n generar\u00e1 800 empleos directos (temporales), 500 empleos directos permanentes y m\u00e1s de 2.000 empleos indirectos.<br \/>\nEn lo econ\u00f3mico, el proyecto producir\u00e1 mayor recaudaci\u00f3n de impuestos tanto para el Estado Plurinacional de Bolivia, como regal\u00edas para gobernaciones y municipios de los departamentos productores de los concentrados de zinc.<br \/>\nLa informaci\u00f3n de la deuda externa bilateral con China, no cuadra; seg\u00fan datos del BCB, a octubre 2023, la misma ser\u00eda de 1.414,2 millones de d\u00f3lares. Sin embargo, de acuerdo a US-China Economic and Security Review Commission, el monto ser\u00eda de 4.100 millones, a noviembre de este a\u00f1o.<br \/>\nPIE DE FOTO<br \/>\nPresidente Luis Arce en la firma del cr\u00e9dito chino. Foto abi<\/p>\n","protected":false},"excerpt":{"rendered":"<p>Despu\u00e9s de firmar los ministerios de Miner\u00eda y Planificaci\u00f3n del Desarrollo con el Gobierno de China un pr\u00e9stamo de 350 millones de d\u00f3lares para la construcci\u00f3n de la Planta Refinadora de Zinc, que ser\u00e1 emplazado en el departamento de Oruro, la deuda bilateral con el pa\u00eds asi\u00e1tico va en aumento. La ma\u00f1ana de ayer, se [&hellip;]<\/p>\n","protected":false},"author":1,"featured_media":194689,"comment_status":"open","ping_status":"open","sticky":false,"template":"","format":"standard","meta":{"_acf_changed":false,"footnotes":""},"categories":[7],"tags":[],"class_list":["post-201777","post","type-post","status-publish","format-standard","has-post-thumbnail","category-economia"],"acf":{"antetitulo":""},"yoast_head":"<!-- This site is optimized with the Yoast SEO plugin v28.4 - https:\/\/yoast.com\/product\/yoast-seo-wordpress\/ -->\n<title>Va en aumento la deuda con China, con el pr\u00e9stamo de $us 350 millones - El Diario - Bolivia<\/title>\n<meta name=\"robots\" content=\"index, follow, max-snippet:-1, max-image-preview:large, max-video-preview:-1\" \/>\n<link rel=\"canonical\" href=\"https:\/\/www.eldiario.net\/portal\/2024\/02\/07\/va-en-aumento-la-deuda-con-china-con-el-prestamo-de-us-350-millones\/\" \/>\n<meta property=\"og:locale\" content=\"es_ES\" \/>\n<meta property=\"og:type\" content=\"article\" \/>\n<meta property=\"og:title\" content=\"Va en aumento la deuda con China, con el pr\u00e9stamo de $us 350 millones - El Diario - Bolivia\" \/>\n<meta property=\"og:description\" content=\"Despu\u00e9s de firmar los ministerios de Miner\u00eda y Planificaci\u00f3n del Desarrollo con el Gobierno de China un pr\u00e9stamo de 350 millones de d\u00f3lares para la construcci\u00f3n de la Planta Refinadora de Zinc, que ser\u00e1 emplazado en el departamento de Oruro, la deuda bilateral con el pa\u00eds asi\u00e1tico va en aumento. La ma\u00f1ana de ayer, se [&hellip;]\" \/>\n<meta property=\"og:url\" content=\"https:\/\/www.eldiario.net\/portal\/2024\/02\/07\/va-en-aumento-la-deuda-con-china-con-el-prestamo-de-us-350-millones\/\" \/>\n<meta property=\"og:site_name\" content=\"El Diario - Bolivia\" \/>\n<meta property=\"article:publisher\" content=\"https:\/\/www.facebook.com\/eldiario.bolivia\/\" \/>\n<meta property=\"article:published_time\" content=\"2024-02-07T11:02:16+00:00\" \/>\n<meta property=\"article:modified_time\" content=\"2024-02-07T11:02:39+00:00\" \/>\n<meta property=\"og:image\" content=\"https:\/\/www.eldiario.net\/portal\/wp-content\/uploads\/2023\/12\/Economia.jpg\" \/>\n\t<meta property=\"og:image:width\" content=\"800\" \/>\n\t<meta property=\"og:image:height\" content=\"500\" \/>\n\t<meta property=\"og:image:type\" content=\"image\/jpeg\" \/>\n<meta name=\"author\" content=\"Jeanette\" \/>\n<meta name=\"twitter:card\" content=\"summary_large_image\" \/>\n<meta name=\"twitter:creator\" content=\"@eldiario_net\" \/>\n<meta name=\"twitter:site\" content=\"@eldiario_net\" \/>\n<meta name=\"twitter:label1\" content=\"Escrito por\" \/>\n\t<meta name=\"twitter:data1\" content=\"Jeanette\" \/>\n\t<meta name=\"twitter:label2\" content=\"Tiempo de lectura\" \/>\n\t<meta name=\"twitter:data2\" content=\"3 minutos\" \/>\n<script type=\"application\/ld+json\" class=\"yoast-schema-graph\">{\"@context\":\"https:\\\/\\\/schema.org\",\"@graph\":[{\"@type\":\"Article\",\"@id\":\"https:\\\/\\\/www.eldiario.net\\\/portal\\\/2024\\\/02\\\/07\\\/va-en-aumento-la-deuda-con-china-con-el-prestamo-de-us-350-millones\\\/#article\",\"isPartOf\":{\"@id\":\"https:\\\/\\\/www.eldiario.net\\\/portal\\\/2024\\\/02\\\/07\\\/va-en-aumento-la-deuda-con-china-con-el-prestamo-de-us-350-millones\\\/\"},\"author\":{\"name\":\"Jeanette\",\"@id\":\"https:\\\/\\\/www.eldiario.net\\\/portal\\\/#\\\/schema\\\/person\\\/2c57cf2b7a7ae032e449e4c9b1019eac\"},\"headline\":\"Va en aumento la deuda con China, con el pr\u00e9stamo de $us 350 millones\",\"datePublished\":\"2024-02-07T11:02:16+00:00\",\"dateModified\":\"2024-02-07T11:02:39+00:00\",\"mainEntityOfPage\":{\"@id\":\"https:\\\/\\\/www.eldiario.net\\\/portal\\\/2024\\\/02\\\/07\\\/va-en-aumento-la-deuda-con-china-con-el-prestamo-de-us-350-millones\\\/\"},\"wordCount\":464,\"commentCount\":0,\"publisher\":{\"@id\":\"https:\\\/\\\/www.eldiario.net\\\/portal\\\/#organization\"},\"image\":{\"@id\":\"https:\\\/\\\/www.eldiario.net\\\/portal\\\/2024\\\/02\\\/07\\\/va-en-aumento-la-deuda-con-china-con-el-prestamo-de-us-350-millones\\\/#primaryimage\"},\"thumbnailUrl\":\"https:\\\/\\\/www.eldiario.net\\\/portal\\\/wp-content\\\/uploads\\\/2023\\\/12\\\/Economia.jpg\",\"articleSection\":[\"Econom\u00eda\"],\"inLanguage\":\"es\",\"potentialAction\":[{\"@type\":\"CommentAction\",\"name\":\"Comment\",\"target\":[\"https:\\\/\\\/www.eldiario.net\\\/portal\\\/2024\\\/02\\\/07\\\/va-en-aumento-la-deuda-con-china-con-el-prestamo-de-us-350-millones\\\/#respond\"]}]},{\"@type\":\"WebPage\",\"@id\":\"https:\\\/\\\/www.eldiario.net\\\/portal\\\/2024\\\/02\\\/07\\\/va-en-aumento-la-deuda-con-china-con-el-prestamo-de-us-350-millones\\\/\",\"url\":\"https:\\\/\\\/www.eldiario.net\\\/portal\\\/2024\\\/02\\\/07\\\/va-en-aumento-la-deuda-con-china-con-el-prestamo-de-us-350-millones\\\/\",\"name\":\"Va en aumento la deuda con China, con el pr\u00e9stamo de $us 350 millones - El Diario - Bolivia\",\"isPartOf\":{\"@id\":\"https:\\\/\\\/www.eldiario.net\\\/portal\\\/#website\"},\"primaryImageOfPage\":{\"@id\":\"https:\\\/\\\/www.eldiario.net\\\/portal\\\/2024\\\/02\\\/07\\\/va-en-aumento-la-deuda-con-china-con-el-prestamo-de-us-350-millones\\\/#primaryimage\"},\"image\":{\"@id\":\"https:\\\/\\\/www.eldiario.net\\\/portal\\\/2024\\\/02\\\/07\\\/va-en-aumento-la-deuda-con-china-con-el-prestamo-de-us-350-millones\\\/#primaryimage\"},\"thumbnailUrl\":\"https:\\\/\\\/www.eldiario.net\\\/portal\\\/wp-content\\\/uploads\\\/2023\\\/12\\\/Economia.jpg\",\"datePublished\":\"2024-02-07T11:02:16+00:00\",\"dateModified\":\"2024-02-07T11:02:39+00:00\",\"breadcrumb\":{\"@id\":\"https:\\\/\\\/www.eldiario.net\\\/portal\\\/2024\\\/02\\\/07\\\/va-en-aumento-la-deuda-con-china-con-el-prestamo-de-us-350-millones\\\/#breadcrumb\"},\"inLanguage\":\"es\",\"potentialAction\":[{\"@type\":\"ReadAction\",\"target\":[\"https:\\\/\\\/www.eldiario.net\\\/portal\\\/2024\\\/02\\\/07\\\/va-en-aumento-la-deuda-con-china-con-el-prestamo-de-us-350-millones\\\/\"]}]},{\"@type\":\"ImageObject\",\"inLanguage\":\"es\",\"@id\":\"https:\\\/\\\/www.eldiario.net\\\/portal\\\/2024\\\/02\\\/07\\\/va-en-aumento-la-deuda-con-china-con-el-prestamo-de-us-350-millones\\\/#primaryimage\",\"url\":\"https:\\\/\\\/www.eldiario.net\\\/portal\\\/wp-content\\\/uploads\\\/2023\\\/12\\\/Economia.jpg\",\"contentUrl\":\"https:\\\/\\\/www.eldiario.net\\\/portal\\\/wp-content\\\/uploads\\\/2023\\\/12\\\/Economia.jpg\",\"width\":800,\"height\":500},{\"@type\":\"BreadcrumbList\",\"@id\":\"https:\\\/\\\/www.eldiario.net\\\/portal\\\/2024\\\/02\\\/07\\\/va-en-aumento-la-deuda-con-china-con-el-prestamo-de-us-350-millones\\\/#breadcrumb\",\"itemListElement\":[{\"@type\":\"ListItem\",\"position\":1,\"name\":\"Portada\",\"item\":\"https:\\\/\\\/www.eldiario.net\\\/portal\\\/\"},{\"@type\":\"ListItem\",\"position\":2,\"name\":\"Va en aumento la deuda con China, con el pr\u00e9stamo de $us 350 millones\"}]},{\"@type\":\"WebSite\",\"@id\":\"https:\\\/\\\/www.eldiario.net\\\/portal\\\/#website\",\"url\":\"https:\\\/\\\/www.eldiario.net\\\/portal\\\/\",\"name\":\"El Diario - Decano de la prensa nacional\",\"description\":\"El Diario - Decano de la prensa nacional\",\"publisher\":{\"@id\":\"https:\\\/\\\/www.eldiario.net\\\/portal\\\/#organization\"},\"potentialAction\":[{\"@type\":\"SearchAction\",\"target\":{\"@type\":\"EntryPoint\",\"urlTemplate\":\"https:\\\/\\\/www.eldiario.net\\\/portal\\\/?s={search_term_string}\"},\"query-input\":{\"@type\":\"PropertyValueSpecification\",\"valueRequired\":true,\"valueName\":\"search_term_string\"}}],\"inLanguage\":\"es\"},{\"@type\":\"Organization\",\"@id\":\"https:\\\/\\\/www.eldiario.net\\\/portal\\\/#organization\",\"name\":\"El Diario - Decano de la prensa nacional\",\"url\":\"https:\\\/\\\/www.eldiario.net\\\/portal\\\/\",\"logo\":{\"@type\":\"ImageObject\",\"inLanguage\":\"es\",\"@id\":\"https:\\\/\\\/www.eldiario.net\\\/portal\\\/#\\\/schema\\\/logo\\\/image\\\/\",\"url\":\"https:\\\/\\\/www.eldiario.net\\\/portal\\\/wp-content\\\/uploads\\\/2023\\\/07\\\/logo_ED.jpg\",\"contentUrl\":\"https:\\\/\\\/www.eldiario.net\\\/portal\\\/wp-content\\\/uploads\\\/2023\\\/07\\\/logo_ED.jpg\",\"width\":272,\"height\":52,\"caption\":\"El Diario - Decano de la prensa nacional\"},\"image\":{\"@id\":\"https:\\\/\\\/www.eldiario.net\\\/portal\\\/#\\\/schema\\\/logo\\\/image\\\/\"},\"sameAs\":[\"https:\\\/\\\/www.facebook.com\\\/eldiario.bolivia\\\/\",\"https:\\\/\\\/x.com\\\/eldiario_net\"]},{\"@type\":\"Person\",\"@id\":\"https:\\\/\\\/www.eldiario.net\\\/portal\\\/#\\\/schema\\\/person\\\/2c57cf2b7a7ae032e449e4c9b1019eac\",\"name\":\"Jeanette\",\"image\":{\"@type\":\"ImageObject\",\"inLanguage\":\"es\",\"@id\":\"https:\\\/\\\/secure.gravatar.com\\\/avatar\\\/3ea2118a5f7dad2b7138b1187a6b7ee55f160b9968b66013c3a3ef39dd7e5798?s=96&d=mm&r=g\",\"url\":\"https:\\\/\\\/secure.gravatar.com\\\/avatar\\\/3ea2118a5f7dad2b7138b1187a6b7ee55f160b9968b66013c3a3ef39dd7e5798?s=96&d=mm&r=g\",\"contentUrl\":\"https:\\\/\\\/secure.gravatar.com\\\/avatar\\\/3ea2118a5f7dad2b7138b1187a6b7ee55f160b9968b66013c3a3ef39dd7e5798?s=96&d=mm&r=g\",\"caption\":\"Jeanette\"},\"sameAs\":[\"https:\\\/\\\/www.eldiario.net\\\/portal\"],\"url\":\"https:\\\/\\\/www.eldiario.net\\\/portal\\\/author\\\/jeanette\\\/\"}]}<\/script>\n<!-- \/ Yoast SEO plugin. -->","yoast_head_json":{"title":"Va en aumento la deuda con China, con el pr\u00e9stamo de $us 350 millones - El Diario - Bolivia","robots":{"index":"index","follow":"follow","max-snippet":"max-snippet:-1","max-image-preview":"max-image-preview:large","max-video-preview":"max-video-preview:-1"},"canonical":"https:\/\/www.eldiario.net\/portal\/2024\/02\/07\/va-en-aumento-la-deuda-con-china-con-el-prestamo-de-us-350-millones\/","og_locale":"es_ES","og_type":"article","og_title":"Va en aumento la deuda con China, con el pr\u00e9stamo de $us 350 millones - El Diario - Bolivia","og_description":"Despu\u00e9s de firmar los ministerios de Miner\u00eda y Planificaci\u00f3n del Desarrollo con el Gobierno de China un pr\u00e9stamo de 350 millones de d\u00f3lares para la construcci\u00f3n de la Planta Refinadora de Zinc, que ser\u00e1 emplazado en el departamento de Oruro, la deuda bilateral con el pa\u00eds asi\u00e1tico va en aumento. La ma\u00f1ana de ayer, se [&hellip;]","og_url":"https:\/\/www.eldiario.net\/portal\/2024\/02\/07\/va-en-aumento-la-deuda-con-china-con-el-prestamo-de-us-350-millones\/","og_site_name":"El Diario - Bolivia","article_publisher":"https:\/\/www.facebook.com\/eldiario.bolivia\/","article_published_time":"2024-02-07T11:02:16+00:00","article_modified_time":"2024-02-07T11:02:39+00:00","og_image":[{"width":800,"height":500,"url":"https:\/\/www.eldiario.net\/portal\/wp-content\/uploads\/2023\/12\/Economia.jpg","type":"image\/jpeg"}],"author":"Jeanette","twitter_card":"summary_large_image","twitter_creator":"@eldiario_net","twitter_site":"@eldiario_net","twitter_misc":{"Escrito por":"Jeanette","Tiempo de lectura":"3 minutos"},"schema":{"@context":"https:\/\/schema.org","@graph":[{"@type":"Article","@id":"https:\/\/www.eldiario.net\/portal\/2024\/02\/07\/va-en-aumento-la-deuda-con-china-con-el-prestamo-de-us-350-millones\/#article","isPartOf":{"@id":"https:\/\/www.eldiario.net\/portal\/2024\/02\/07\/va-en-aumento-la-deuda-con-china-con-el-prestamo-de-us-350-millones\/"},"author":{"name":"Jeanette","@id":"https:\/\/www.eldiario.net\/portal\/#\/schema\/person\/2c57cf2b7a7ae032e449e4c9b1019eac"},"headline":"Va en aumento la deuda con China, con el pr\u00e9stamo de $us 350 millones","datePublished":"2024-02-07T11:02:16+00:00","dateModified":"2024-02-07T11:02:39+00:00","mainEntityOfPage":{"@id":"https:\/\/www.eldiario.net\/portal\/2024\/02\/07\/va-en-aumento-la-deuda-con-china-con-el-prestamo-de-us-350-millones\/"},"wordCount":464,"commentCount":0,"publisher":{"@id":"https:\/\/www.eldiario.net\/portal\/#organization"},"image":{"@id":"https:\/\/www.eldiario.net\/portal\/2024\/02\/07\/va-en-aumento-la-deuda-con-china-con-el-prestamo-de-us-350-millones\/#primaryimage"},"thumbnailUrl":"https:\/\/www.eldiario.net\/portal\/wp-content\/uploads\/2023\/12\/Economia.jpg","articleSection":["Econom\u00eda"],"inLanguage":"es","potentialAction":[{"@type":"CommentAction","name":"Comment","target":["https:\/\/www.eldiario.net\/portal\/2024\/02\/07\/va-en-aumento-la-deuda-con-china-con-el-prestamo-de-us-350-millones\/#respond"]}]},{"@type":"WebPage","@id":"https:\/\/www.eldiario.net\/portal\/2024\/02\/07\/va-en-aumento-la-deuda-con-china-con-el-prestamo-de-us-350-millones\/","url":"https:\/\/www.eldiario.net\/portal\/2024\/02\/07\/va-en-aumento-la-deuda-con-china-con-el-prestamo-de-us-350-millones\/","name":"Va en aumento la deuda con China, con el pr\u00e9stamo de $us 350 millones - El Diario - Bolivia","isPartOf":{"@id":"https:\/\/www.eldiario.net\/portal\/#website"},"primaryImageOfPage":{"@id":"https:\/\/www.eldiario.net\/portal\/2024\/02\/07\/va-en-aumento-la-deuda-con-china-con-el-prestamo-de-us-350-millones\/#primaryimage"},"image":{"@id":"https:\/\/www.eldiario.net\/portal\/2024\/02\/07\/va-en-aumento-la-deuda-con-china-con-el-prestamo-de-us-350-millones\/#primaryimage"},"thumbnailUrl":"https:\/\/www.eldiario.net\/portal\/wp-content\/uploads\/2023\/12\/Economia.jpg","datePublished":"2024-02-07T11:02:16+00:00","dateModified":"2024-02-07T11:02:39+00:00","breadcrumb":{"@id":"https:\/\/www.eldiario.net\/portal\/2024\/02\/07\/va-en-aumento-la-deuda-con-china-con-el-prestamo-de-us-350-millones\/#breadcrumb"},"inLanguage":"es","potentialAction":[{"@type":"ReadAction","target":["https:\/\/www.eldiario.net\/portal\/2024\/02\/07\/va-en-aumento-la-deuda-con-china-con-el-prestamo-de-us-350-millones\/"]}]},{"@type":"ImageObject","inLanguage":"es","@id":"https:\/\/www.eldiario.net\/portal\/2024\/02\/07\/va-en-aumento-la-deuda-con-china-con-el-prestamo-de-us-350-millones\/#primaryimage","url":"https:\/\/www.eldiario.net\/portal\/wp-content\/uploads\/2023\/12\/Economia.jpg","contentUrl":"https:\/\/www.eldiario.net\/portal\/wp-content\/uploads\/2023\/12\/Economia.jpg","width":800,"height":500},{"@type":"BreadcrumbList","@id":"https:\/\/www.eldiario.net\/portal\/2024\/02\/07\/va-en-aumento-la-deuda-con-china-con-el-prestamo-de-us-350-millones\/#breadcrumb","itemListElement":[{"@type":"ListItem","position":1,"name":"Portada","item":"https:\/\/www.eldiario.net\/portal\/"},{"@type":"ListItem","position":2,"name":"Va en aumento la deuda con China, con el pr\u00e9stamo de $us 350 millones"}]},{"@type":"WebSite","@id":"https:\/\/www.eldiario.net\/portal\/#website","url":"https:\/\/www.eldiario.net\/portal\/","name":"El Diario - Decano de la prensa nacional","description":"El Diario - Decano de la prensa nacional","publisher":{"@id":"https:\/\/www.eldiario.net\/portal\/#organization"},"potentialAction":[{"@type":"SearchAction","target":{"@type":"EntryPoint","urlTemplate":"https:\/\/www.eldiario.net\/portal\/?s={search_term_string}"},"query-input":{"@type":"PropertyValueSpecification","valueRequired":true,"valueName":"search_term_string"}}],"inLanguage":"es"},{"@type":"Organization","@id":"https:\/\/www.eldiario.net\/portal\/#organization","name":"El Diario - Decano de la prensa nacional","url":"https:\/\/www.eldiario.net\/portal\/","logo":{"@type":"ImageObject","inLanguage":"es","@id":"https:\/\/www.eldiario.net\/portal\/#\/schema\/logo\/image\/","url":"https:\/\/www.eldiario.net\/portal\/wp-content\/uploads\/2023\/07\/logo_ED.jpg","contentUrl":"https:\/\/www.eldiario.net\/portal\/wp-content\/uploads\/2023\/07\/logo_ED.jpg","width":272,"height":52,"caption":"El Diario - Decano de la prensa nacional"},"image":{"@id":"https:\/\/www.eldiario.net\/portal\/#\/schema\/logo\/image\/"},"sameAs":["https:\/\/www.facebook.com\/eldiario.bolivia\/","https:\/\/x.com\/eldiario_net"]},{"@type":"Person","@id":"https:\/\/www.eldiario.net\/portal\/#\/schema\/person\/2c57cf2b7a7ae032e449e4c9b1019eac","name":"Jeanette","image":{"@type":"ImageObject","inLanguage":"es","@id":"https:\/\/secure.gravatar.com\/avatar\/3ea2118a5f7dad2b7138b1187a6b7ee55f160b9968b66013c3a3ef39dd7e5798?s=96&d=mm&r=g","url":"https:\/\/secure.gravatar.com\/avatar\/3ea2118a5f7dad2b7138b1187a6b7ee55f160b9968b66013c3a3ef39dd7e5798?s=96&d=mm&r=g","contentUrl":"https:\/\/secure.gravatar.com\/avatar\/3ea2118a5f7dad2b7138b1187a6b7ee55f160b9968b66013c3a3ef39dd7e5798?s=96&d=mm&r=g","caption":"Jeanette"},"sameAs":["https:\/\/www.eldiario.net\/portal"],"url":"https:\/\/www.eldiario.net\/portal\/author\/jeanette\/"}]}},"_links":{"self":[{"href":"https:\/\/www.eldiario.net\/portal\/wp-json\/wp\/v2\/posts\/201777","targetHints":{"allow":["GET"]}}],"collection":[{"href":"https:\/\/www.eldiario.net\/portal\/wp-json\/wp\/v2\/posts"}],"about":[{"href":"https:\/\/www.eldiario.net\/portal\/wp-json\/wp\/v2\/types\/post"}],"author":[{"embeddable":true,"href":"https:\/\/www.eldiario.net\/portal\/wp-json\/wp\/v2\/users\/1"}],"replies":[{"embeddable":true,"href":"https:\/\/www.eldiario.net\/portal\/wp-json\/wp\/v2\/comments?post=201777"}],"version-history":[{"count":1,"href":"https:\/\/www.eldiario.net\/portal\/wp-json\/wp\/v2\/posts\/201777\/revisions"}],"predecessor-version":[{"id":201779,"href":"https:\/\/www.eldiario.net\/portal\/wp-json\/wp\/v2\/posts\/201777\/revisions\/201779"}],"wp:featuredmedia":[{"embeddable":true,"href":"https:\/\/www.eldiario.net\/portal\/wp-json\/wp\/v2\/media\/194689"}],"wp:attachment":[{"href":"https:\/\/www.eldiario.net\/portal\/wp-json\/wp\/v2\/media?parent=201777"}],"wp:term":[{"taxonomy":"category","embeddable":true,"href":"https:\/\/www.eldiario.net\/portal\/wp-json\/wp\/v2\/categories?post=201777"},{"taxonomy":"post_tag","embeddable":true,"href":"https:\/\/www.eldiario.net\/portal\/wp-json\/wp\/v2\/tags?post=201777"}],"curies":[{"name":"wp","href":"https:\/\/api.w.org\/{rel}","templated":true}]}}