{"id":201753,"date":"2024-02-07T06:55:13","date_gmt":"2024-02-07T10:55:13","guid":{"rendered":"https:\/\/www.eldiario.net\/portal\/?p=201753"},"modified":"2024-02-07T06:55:13","modified_gmt":"2024-02-07T10:55:13","slug":"propuesta-para-reducir-renta-de-expresidentes-genera-discrepancias","status":"publish","type":"post","link":"https:\/\/www.eldiario.net\/portal\/2024\/02\/07\/propuesta-para-reducir-renta-de-expresidentes-genera-discrepancias\/","title":{"rendered":"Propuesta para reducir renta de  expresidentes genera discrepancias"},"content":{"rendered":"<p>Luego de plantearse la reducci\u00f3n de la renta vitalicia para exmandatarios, nivel\u00e1ndola al m\u00ednimo nacional, asamble\u00edstas se\u00f1alan que la propuesta no significar\u00eda un gran impacto para la econom\u00eda, sin embargo, cuestionaron que la iniciativa solo tenga un car\u00e1cter pol\u00edtico y est\u00e9 enfocada en atender \u201crencillas pol\u00edticas\u201d.<br \/>\nEl lunes, la diputada del ala \u201carcista\u201d en el Movimiento al Socialismo (MAS), Deisy Choque, mediante un Proyecto de Ley, plante\u00f3 la reducci\u00f3n de la renta vitalicia que perciben exmandatarios.<br \/>\nDetall\u00f3 que su propuesta busca reducir la renta de exmandatarios, de diez salarios m\u00ednimos a solo uno, asegurando adem\u00e1s que exautoridades como Evo Morales, utilizan esos recursos \u201cpara movilizaciones contra el Gobierno\u201d.<br \/>\nLa iniciativa busca modificar el art\u00edculo 2 de la Ley 376 de Reconocimiento Pecuniario a Expresidentes y Exvicepresidentes Constitucionales, que se encuentra vigente desde el 13 de mayo de 2013.<br \/>\nAl respecto, la senadora por Comunidad Ciudadana, Andrea Barrientos, cuestion\u00f3 la propuesta se\u00f1alando que la suma total de los recursos destinados a exmandatarios en la actualidad, es \u00ednfima en comparaci\u00f3n con el dinero que el Gobierno invierte en otras \u00e1reas.<br \/>\n\u201cTomando en cuenta la cantidad de exmandatarios que hay, este monto no es relevante para el Estado. Con lo que no estoy de acuerdo es con el despilfarro absurdo en el que entra el Gobierno, con un Presidente que se la pasa regalando carreteras y otras obras\u201d, dijo.<br \/>\nBarrientos indic\u00f3 \u201cno tener objeci\u00f3n\u201d en que este beneficio se mantenga de forma vitalicia para algo m\u00e1s de seis personas que lo reciben en la actualidad.<br \/>\nDesde el oficialismo, el diputado del ala \u201cevista\u201d, Santos Mamani, respald\u00f3 el planteamiento de ajustar la renta para exmandatarios, se\u00f1alando que ninguna exautoridad deber\u00eda tener beneficios ni privilegios, asimismo, indic\u00f3 que esos recursos deber\u00edan destinarse para educaci\u00f3n, salud y otros beneficios para la poblaci\u00f3n.<br \/>\n\u201c(\u2026). Considero que esto tiene que quedar en foja cero para que estos recursos retornen a la educaci\u00f3n y otros beneficios sociales que, sin duda, requiere el pueblo boliviano, la pol\u00edtica se trata de servir al pueblo\u201d, expres\u00f3.<br \/>\nPor su parte, el senador Rodrigo Paz Pereira, sostuvo que se debe analizar responsablemente la situaci\u00f3n de los exdignatarios al momento de dejar sus funciones, pues al haber asumido decisiones importantes al frente de un Gobierno, su futuro laboral queda comprometido.<br \/>\nEn criterio de Paz, m\u00e1s all\u00e1 de los recursos que se destinen en rentas para expresidentes, es un desperdicio no aprovechar el conocimiento adquirido por personas que se encargaron de dirigir un pa\u00eds, siendo que la experiencia acumulada durante el tiempo de sus gobiernos puede ser beneficiosa al momento de abordar temas importantes para los intereses nacionales como el mar, el tema del Silala o problemas fronterizos y decisiones geopol\u00edticas o geocomerciales.<br \/>\n\u201cCon esta l\u00f3gica de odios que se tienen, en el marco de la divisi\u00f3n pol\u00edtica, no aprovechamos la formaci\u00f3n y el conocimiento de los exmandatarios. Si los tuvi\u00e9ramos a todos bien sentados no tendr\u00edamos tantos problemas, sino m\u00e1s bien propuestas a futuro\u201d, sostuvo.<br \/>\nEl legislador de oposici\u00f3n finaliz\u00f3 puntualizando que si esta propuesta responde a rencores y pugnas de car\u00e1cter pol\u00edtico ser\u00eda lamentable, pero si la intensi\u00f3n es buscar alternativas para mejorar la econom\u00eda del pa\u00eds o aliviar la deuda, debe ser analizada y debatida.<\/p>\n","protected":false},"excerpt":{"rendered":"<p>Luego de plantearse la reducci\u00f3n de la renta vitalicia para exmandatarios, nivel\u00e1ndola al m\u00ednimo nacional, asamble\u00edstas se\u00f1alan que la propuesta no significar\u00eda un gran impacto para la econom\u00eda, sin embargo, cuestionaron que la iniciativa solo tenga un car\u00e1cter pol\u00edtico y est\u00e9 enfocada en atender \u201crencillas pol\u00edticas\u201d. El lunes, la diputada del ala \u201carcista\u201d en el [&hellip;]<\/p>\n","protected":false},"author":1,"featured_media":201754,"comment_status":"open","ping_status":"open","sticky":false,"template":"","format":"standard","meta":{"_acf_changed":false,"footnotes":""},"categories":[14],"tags":[],"class_list":["post-201753","post","type-post","status-publish","format-standard","has-post-thumbnail","category-politica"],"acf":{"antetitulo":"Entre apoyo y rechazo"},"yoast_head":"<!-- This site is optimized with the Yoast SEO plugin v28.4 - https:\/\/yoast.com\/product\/yoast-seo-wordpress\/ -->\n<title>Propuesta para reducir renta de expresidentes genera discrepancias - El Diario - Bolivia<\/title>\n<meta name=\"robots\" content=\"index, follow, max-snippet:-1, max-image-preview:large, max-video-preview:-1\" \/>\n<link rel=\"canonical\" href=\"https:\/\/www.eldiario.net\/portal\/2024\/02\/07\/propuesta-para-reducir-renta-de-expresidentes-genera-discrepancias\/\" \/>\n<meta property=\"og:locale\" content=\"es_ES\" \/>\n<meta property=\"og:type\" content=\"article\" \/>\n<meta property=\"og:title\" content=\"Propuesta para reducir renta de expresidentes genera discrepancias - El Diario - Bolivia\" \/>\n<meta property=\"og:description\" content=\"Luego de plantearse la reducci\u00f3n de la renta vitalicia para exmandatarios, nivel\u00e1ndola al m\u00ednimo nacional, asamble\u00edstas se\u00f1alan que la propuesta no significar\u00eda un gran impacto para la econom\u00eda, sin embargo, cuestionaron que la iniciativa solo tenga un car\u00e1cter pol\u00edtico y est\u00e9 enfocada en atender \u201crencillas pol\u00edticas\u201d. El lunes, la diputada del ala \u201carcista\u201d en el [&hellip;]\" \/>\n<meta property=\"og:url\" content=\"https:\/\/www.eldiario.net\/portal\/2024\/02\/07\/propuesta-para-reducir-renta-de-expresidentes-genera-discrepancias\/\" \/>\n<meta property=\"og:site_name\" content=\"El Diario - Bolivia\" \/>\n<meta property=\"article:publisher\" content=\"https:\/\/www.facebook.com\/eldiario.bolivia\/\" \/>\n<meta property=\"article:published_time\" content=\"2024-02-07T10:55:13+00:00\" \/>\n<meta property=\"og:image\" content=\"https:\/\/www.eldiario.net\/portal\/wp-content\/uploads\/2024\/02\/RENTA-PALACIO.jpg\" \/>\n\t<meta property=\"og:image:width\" content=\"864\" \/>\n\t<meta property=\"og:image:height\" content=\"648\" \/>\n\t<meta property=\"og:image:type\" content=\"image\/jpeg\" \/>\n<meta name=\"author\" content=\"Jeanette\" \/>\n<meta name=\"twitter:card\" content=\"summary_large_image\" \/>\n<meta name=\"twitter:creator\" content=\"@eldiario_net\" \/>\n<meta name=\"twitter:site\" content=\"@eldiario_net\" \/>\n<meta name=\"twitter:label1\" content=\"Escrito por\" \/>\n\t<meta name=\"twitter:data1\" content=\"Jeanette\" \/>\n\t<meta name=\"twitter:label2\" content=\"Tiempo de lectura\" \/>\n\t<meta name=\"twitter:data2\" content=\"3 minutos\" \/>\n<script type=\"application\/ld+json\" class=\"yoast-schema-graph\">{\"@context\":\"https:\\\/\\\/schema.org\",\"@graph\":[{\"@type\":\"Article\",\"@id\":\"https:\\\/\\\/www.eldiario.net\\\/portal\\\/2024\\\/02\\\/07\\\/propuesta-para-reducir-renta-de-expresidentes-genera-discrepancias\\\/#article\",\"isPartOf\":{\"@id\":\"https:\\\/\\\/www.eldiario.net\\\/portal\\\/2024\\\/02\\\/07\\\/propuesta-para-reducir-renta-de-expresidentes-genera-discrepancias\\\/\"},\"author\":{\"name\":\"Jeanette\",\"@id\":\"https:\\\/\\\/www.eldiario.net\\\/portal\\\/#\\\/schema\\\/person\\\/2c57cf2b7a7ae032e449e4c9b1019eac\"},\"headline\":\"Propuesta para reducir renta de expresidentes genera discrepancias\",\"datePublished\":\"2024-02-07T10:55:13+00:00\",\"mainEntityOfPage\":{\"@id\":\"https:\\\/\\\/www.eldiario.net\\\/portal\\\/2024\\\/02\\\/07\\\/propuesta-para-reducir-renta-de-expresidentes-genera-discrepancias\\\/\"},\"wordCount\":578,\"commentCount\":0,\"publisher\":{\"@id\":\"https:\\\/\\\/www.eldiario.net\\\/portal\\\/#organization\"},\"image\":{\"@id\":\"https:\\\/\\\/www.eldiario.net\\\/portal\\\/2024\\\/02\\\/07\\\/propuesta-para-reducir-renta-de-expresidentes-genera-discrepancias\\\/#primaryimage\"},\"thumbnailUrl\":\"https:\\\/\\\/www.eldiario.net\\\/portal\\\/wp-content\\\/uploads\\\/2024\\\/02\\\/RENTA-PALACIO.jpg\",\"articleSection\":[\"Pol\u00edtica\"],\"inLanguage\":\"es\",\"potentialAction\":[{\"@type\":\"CommentAction\",\"name\":\"Comment\",\"target\":[\"https:\\\/\\\/www.eldiario.net\\\/portal\\\/2024\\\/02\\\/07\\\/propuesta-para-reducir-renta-de-expresidentes-genera-discrepancias\\\/#respond\"]}]},{\"@type\":\"WebPage\",\"@id\":\"https:\\\/\\\/www.eldiario.net\\\/portal\\\/2024\\\/02\\\/07\\\/propuesta-para-reducir-renta-de-expresidentes-genera-discrepancias\\\/\",\"url\":\"https:\\\/\\\/www.eldiario.net\\\/portal\\\/2024\\\/02\\\/07\\\/propuesta-para-reducir-renta-de-expresidentes-genera-discrepancias\\\/\",\"name\":\"Propuesta para reducir renta de expresidentes genera discrepancias - El Diario - Bolivia\",\"isPartOf\":{\"@id\":\"https:\\\/\\\/www.eldiario.net\\\/portal\\\/#website\"},\"primaryImageOfPage\":{\"@id\":\"https:\\\/\\\/www.eldiario.net\\\/portal\\\/2024\\\/02\\\/07\\\/propuesta-para-reducir-renta-de-expresidentes-genera-discrepancias\\\/#primaryimage\"},\"image\":{\"@id\":\"https:\\\/\\\/www.eldiario.net\\\/portal\\\/2024\\\/02\\\/07\\\/propuesta-para-reducir-renta-de-expresidentes-genera-discrepancias\\\/#primaryimage\"},\"thumbnailUrl\":\"https:\\\/\\\/www.eldiario.net\\\/portal\\\/wp-content\\\/uploads\\\/2024\\\/02\\\/RENTA-PALACIO.jpg\",\"datePublished\":\"2024-02-07T10:55:13+00:00\",\"breadcrumb\":{\"@id\":\"https:\\\/\\\/www.eldiario.net\\\/portal\\\/2024\\\/02\\\/07\\\/propuesta-para-reducir-renta-de-expresidentes-genera-discrepancias\\\/#breadcrumb\"},\"inLanguage\":\"es\",\"potentialAction\":[{\"@type\":\"ReadAction\",\"target\":[\"https:\\\/\\\/www.eldiario.net\\\/portal\\\/2024\\\/02\\\/07\\\/propuesta-para-reducir-renta-de-expresidentes-genera-discrepancias\\\/\"]}]},{\"@type\":\"ImageObject\",\"inLanguage\":\"es\",\"@id\":\"https:\\\/\\\/www.eldiario.net\\\/portal\\\/2024\\\/02\\\/07\\\/propuesta-para-reducir-renta-de-expresidentes-genera-discrepancias\\\/#primaryimage\",\"url\":\"https:\\\/\\\/www.eldiario.net\\\/portal\\\/wp-content\\\/uploads\\\/2024\\\/02\\\/RENTA-PALACIO.jpg\",\"contentUrl\":\"https:\\\/\\\/www.eldiario.net\\\/portal\\\/wp-content\\\/uploads\\\/2024\\\/02\\\/RENTA-PALACIO.jpg\",\"width\":864,\"height\":648,\"caption\":\"Palacio de Gobierno. (referencial)\"},{\"@type\":\"BreadcrumbList\",\"@id\":\"https:\\\/\\\/www.eldiario.net\\\/portal\\\/2024\\\/02\\\/07\\\/propuesta-para-reducir-renta-de-expresidentes-genera-discrepancias\\\/#breadcrumb\",\"itemListElement\":[{\"@type\":\"ListItem\",\"position\":1,\"name\":\"Portada\",\"item\":\"https:\\\/\\\/www.eldiario.net\\\/portal\\\/\"},{\"@type\":\"ListItem\",\"position\":2,\"name\":\"Propuesta para reducir renta de expresidentes genera discrepancias\"}]},{\"@type\":\"WebSite\",\"@id\":\"https:\\\/\\\/www.eldiario.net\\\/portal\\\/#website\",\"url\":\"https:\\\/\\\/www.eldiario.net\\\/portal\\\/\",\"name\":\"El Diario - Decano de la prensa nacional\",\"description\":\"El Diario - Decano de la prensa nacional\",\"publisher\":{\"@id\":\"https:\\\/\\\/www.eldiario.net\\\/portal\\\/#organization\"},\"potentialAction\":[{\"@type\":\"SearchAction\",\"target\":{\"@type\":\"EntryPoint\",\"urlTemplate\":\"https:\\\/\\\/www.eldiario.net\\\/portal\\\/?s={search_term_string}\"},\"query-input\":{\"@type\":\"PropertyValueSpecification\",\"valueRequired\":true,\"valueName\":\"search_term_string\"}}],\"inLanguage\":\"es\"},{\"@type\":\"Organization\",\"@id\":\"https:\\\/\\\/www.eldiario.net\\\/portal\\\/#organization\",\"name\":\"El Diario - Decano de la prensa nacional\",\"url\":\"https:\\\/\\\/www.eldiario.net\\\/portal\\\/\",\"logo\":{\"@type\":\"ImageObject\",\"inLanguage\":\"es\",\"@id\":\"https:\\\/\\\/www.eldiario.net\\\/portal\\\/#\\\/schema\\\/logo\\\/image\\\/\",\"url\":\"https:\\\/\\\/www.eldiario.net\\\/portal\\\/wp-content\\\/uploads\\\/2023\\\/07\\\/logo_ED.jpg\",\"contentUrl\":\"https:\\\/\\\/www.eldiario.net\\\/portal\\\/wp-content\\\/uploads\\\/2023\\\/07\\\/logo_ED.jpg\",\"width\":272,\"height\":52,\"caption\":\"El Diario - Decano de la prensa nacional\"},\"image\":{\"@id\":\"https:\\\/\\\/www.eldiario.net\\\/portal\\\/#\\\/schema\\\/logo\\\/image\\\/\"},\"sameAs\":[\"https:\\\/\\\/www.facebook.com\\\/eldiario.bolivia\\\/\",\"https:\\\/\\\/x.com\\\/eldiario_net\"]},{\"@type\":\"Person\",\"@id\":\"https:\\\/\\\/www.eldiario.net\\\/portal\\\/#\\\/schema\\\/person\\\/2c57cf2b7a7ae032e449e4c9b1019eac\",\"name\":\"Jeanette\",\"image\":{\"@type\":\"ImageObject\",\"inLanguage\":\"es\",\"@id\":\"https:\\\/\\\/secure.gravatar.com\\\/avatar\\\/3ea2118a5f7dad2b7138b1187a6b7ee55f160b9968b66013c3a3ef39dd7e5798?s=96&d=mm&r=g\",\"url\":\"https:\\\/\\\/secure.gravatar.com\\\/avatar\\\/3ea2118a5f7dad2b7138b1187a6b7ee55f160b9968b66013c3a3ef39dd7e5798?s=96&d=mm&r=g\",\"contentUrl\":\"https:\\\/\\\/secure.gravatar.com\\\/avatar\\\/3ea2118a5f7dad2b7138b1187a6b7ee55f160b9968b66013c3a3ef39dd7e5798?s=96&d=mm&r=g\",\"caption\":\"Jeanette\"},\"sameAs\":[\"https:\\\/\\\/www.eldiario.net\\\/portal\"],\"url\":\"https:\\\/\\\/www.eldiario.net\\\/portal\\\/author\\\/jeanette\\\/\"}]}<\/script>\n<!-- \/ Yoast SEO plugin. -->","yoast_head_json":{"title":"Propuesta para reducir renta de expresidentes genera discrepancias - El Diario - Bolivia","robots":{"index":"index","follow":"follow","max-snippet":"max-snippet:-1","max-image-preview":"max-image-preview:large","max-video-preview":"max-video-preview:-1"},"canonical":"https:\/\/www.eldiario.net\/portal\/2024\/02\/07\/propuesta-para-reducir-renta-de-expresidentes-genera-discrepancias\/","og_locale":"es_ES","og_type":"article","og_title":"Propuesta para reducir renta de expresidentes genera discrepancias - El Diario - Bolivia","og_description":"Luego de plantearse la reducci\u00f3n de la renta vitalicia para exmandatarios, nivel\u00e1ndola al m\u00ednimo nacional, asamble\u00edstas se\u00f1alan que la propuesta no significar\u00eda un gran impacto para la econom\u00eda, sin embargo, cuestionaron que la iniciativa solo tenga un car\u00e1cter pol\u00edtico y est\u00e9 enfocada en atender \u201crencillas pol\u00edticas\u201d. El lunes, la diputada del ala \u201carcista\u201d en el [&hellip;]","og_url":"https:\/\/www.eldiario.net\/portal\/2024\/02\/07\/propuesta-para-reducir-renta-de-expresidentes-genera-discrepancias\/","og_site_name":"El Diario - Bolivia","article_publisher":"https:\/\/www.facebook.com\/eldiario.bolivia\/","article_published_time":"2024-02-07T10:55:13+00:00","og_image":[{"width":864,"height":648,"url":"https:\/\/www.eldiario.net\/portal\/wp-content\/uploads\/2024\/02\/RENTA-PALACIO.jpg","type":"image\/jpeg"}],"author":"Jeanette","twitter_card":"summary_large_image","twitter_creator":"@eldiario_net","twitter_site":"@eldiario_net","twitter_misc":{"Escrito por":"Jeanette","Tiempo de lectura":"3 minutos"},"schema":{"@context":"https:\/\/schema.org","@graph":[{"@type":"Article","@id":"https:\/\/www.eldiario.net\/portal\/2024\/02\/07\/propuesta-para-reducir-renta-de-expresidentes-genera-discrepancias\/#article","isPartOf":{"@id":"https:\/\/www.eldiario.net\/portal\/2024\/02\/07\/propuesta-para-reducir-renta-de-expresidentes-genera-discrepancias\/"},"author":{"name":"Jeanette","@id":"https:\/\/www.eldiario.net\/portal\/#\/schema\/person\/2c57cf2b7a7ae032e449e4c9b1019eac"},"headline":"Propuesta para reducir renta de expresidentes genera discrepancias","datePublished":"2024-02-07T10:55:13+00:00","mainEntityOfPage":{"@id":"https:\/\/www.eldiario.net\/portal\/2024\/02\/07\/propuesta-para-reducir-renta-de-expresidentes-genera-discrepancias\/"},"wordCount":578,"commentCount":0,"publisher":{"@id":"https:\/\/www.eldiario.net\/portal\/#organization"},"image":{"@id":"https:\/\/www.eldiario.net\/portal\/2024\/02\/07\/propuesta-para-reducir-renta-de-expresidentes-genera-discrepancias\/#primaryimage"},"thumbnailUrl":"https:\/\/www.eldiario.net\/portal\/wp-content\/uploads\/2024\/02\/RENTA-PALACIO.jpg","articleSection":["Pol\u00edtica"],"inLanguage":"es","potentialAction":[{"@type":"CommentAction","name":"Comment","target":["https:\/\/www.eldiario.net\/portal\/2024\/02\/07\/propuesta-para-reducir-renta-de-expresidentes-genera-discrepancias\/#respond"]}]},{"@type":"WebPage","@id":"https:\/\/www.eldiario.net\/portal\/2024\/02\/07\/propuesta-para-reducir-renta-de-expresidentes-genera-discrepancias\/","url":"https:\/\/www.eldiario.net\/portal\/2024\/02\/07\/propuesta-para-reducir-renta-de-expresidentes-genera-discrepancias\/","name":"Propuesta para reducir renta de expresidentes genera discrepancias - El Diario - Bolivia","isPartOf":{"@id":"https:\/\/www.eldiario.net\/portal\/#website"},"primaryImageOfPage":{"@id":"https:\/\/www.eldiario.net\/portal\/2024\/02\/07\/propuesta-para-reducir-renta-de-expresidentes-genera-discrepancias\/#primaryimage"},"image":{"@id":"https:\/\/www.eldiario.net\/portal\/2024\/02\/07\/propuesta-para-reducir-renta-de-expresidentes-genera-discrepancias\/#primaryimage"},"thumbnailUrl":"https:\/\/www.eldiario.net\/portal\/wp-content\/uploads\/2024\/02\/RENTA-PALACIO.jpg","datePublished":"2024-02-07T10:55:13+00:00","breadcrumb":{"@id":"https:\/\/www.eldiario.net\/portal\/2024\/02\/07\/propuesta-para-reducir-renta-de-expresidentes-genera-discrepancias\/#breadcrumb"},"inLanguage":"es","potentialAction":[{"@type":"ReadAction","target":["https:\/\/www.eldiario.net\/portal\/2024\/02\/07\/propuesta-para-reducir-renta-de-expresidentes-genera-discrepancias\/"]}]},{"@type":"ImageObject","inLanguage":"es","@id":"https:\/\/www.eldiario.net\/portal\/2024\/02\/07\/propuesta-para-reducir-renta-de-expresidentes-genera-discrepancias\/#primaryimage","url":"https:\/\/www.eldiario.net\/portal\/wp-content\/uploads\/2024\/02\/RENTA-PALACIO.jpg","contentUrl":"https:\/\/www.eldiario.net\/portal\/wp-content\/uploads\/2024\/02\/RENTA-PALACIO.jpg","width":864,"height":648,"caption":"Palacio de Gobierno. (referencial)"},{"@type":"BreadcrumbList","@id":"https:\/\/www.eldiario.net\/portal\/2024\/02\/07\/propuesta-para-reducir-renta-de-expresidentes-genera-discrepancias\/#breadcrumb","itemListElement":[{"@type":"ListItem","position":1,"name":"Portada","item":"https:\/\/www.eldiario.net\/portal\/"},{"@type":"ListItem","position":2,"name":"Propuesta para reducir renta de expresidentes genera discrepancias"}]},{"@type":"WebSite","@id":"https:\/\/www.eldiario.net\/portal\/#website","url":"https:\/\/www.eldiario.net\/portal\/","name":"El Diario - Decano de la prensa nacional","description":"El Diario - Decano de la prensa nacional","publisher":{"@id":"https:\/\/www.eldiario.net\/portal\/#organization"},"potentialAction":[{"@type":"SearchAction","target":{"@type":"EntryPoint","urlTemplate":"https:\/\/www.eldiario.net\/portal\/?s={search_term_string}"},"query-input":{"@type":"PropertyValueSpecification","valueRequired":true,"valueName":"search_term_string"}}],"inLanguage":"es"},{"@type":"Organization","@id":"https:\/\/www.eldiario.net\/portal\/#organization","name":"El Diario - Decano de la prensa nacional","url":"https:\/\/www.eldiario.net\/portal\/","logo":{"@type":"ImageObject","inLanguage":"es","@id":"https:\/\/www.eldiario.net\/portal\/#\/schema\/logo\/image\/","url":"https:\/\/www.eldiario.net\/portal\/wp-content\/uploads\/2023\/07\/logo_ED.jpg","contentUrl":"https:\/\/www.eldiario.net\/portal\/wp-content\/uploads\/2023\/07\/logo_ED.jpg","width":272,"height":52,"caption":"El Diario - Decano de la prensa nacional"},"image":{"@id":"https:\/\/www.eldiario.net\/portal\/#\/schema\/logo\/image\/"},"sameAs":["https:\/\/www.facebook.com\/eldiario.bolivia\/","https:\/\/x.com\/eldiario_net"]},{"@type":"Person","@id":"https:\/\/www.eldiario.net\/portal\/#\/schema\/person\/2c57cf2b7a7ae032e449e4c9b1019eac","name":"Jeanette","image":{"@type":"ImageObject","inLanguage":"es","@id":"https:\/\/secure.gravatar.com\/avatar\/3ea2118a5f7dad2b7138b1187a6b7ee55f160b9968b66013c3a3ef39dd7e5798?s=96&d=mm&r=g","url":"https:\/\/secure.gravatar.com\/avatar\/3ea2118a5f7dad2b7138b1187a6b7ee55f160b9968b66013c3a3ef39dd7e5798?s=96&d=mm&r=g","contentUrl":"https:\/\/secure.gravatar.com\/avatar\/3ea2118a5f7dad2b7138b1187a6b7ee55f160b9968b66013c3a3ef39dd7e5798?s=96&d=mm&r=g","caption":"Jeanette"},"sameAs":["https:\/\/www.eldiario.net\/portal"],"url":"https:\/\/www.eldiario.net\/portal\/author\/jeanette\/"}]}},"_links":{"self":[{"href":"https:\/\/www.eldiario.net\/portal\/wp-json\/wp\/v2\/posts\/201753","targetHints":{"allow":["GET"]}}],"collection":[{"href":"https:\/\/www.eldiario.net\/portal\/wp-json\/wp\/v2\/posts"}],"about":[{"href":"https:\/\/www.eldiario.net\/portal\/wp-json\/wp\/v2\/types\/post"}],"author":[{"embeddable":true,"href":"https:\/\/www.eldiario.net\/portal\/wp-json\/wp\/v2\/users\/1"}],"replies":[{"embeddable":true,"href":"https:\/\/www.eldiario.net\/portal\/wp-json\/wp\/v2\/comments?post=201753"}],"version-history":[{"count":1,"href":"https:\/\/www.eldiario.net\/portal\/wp-json\/wp\/v2\/posts\/201753\/revisions"}],"predecessor-version":[{"id":201755,"href":"https:\/\/www.eldiario.net\/portal\/wp-json\/wp\/v2\/posts\/201753\/revisions\/201755"}],"wp:featuredmedia":[{"embeddable":true,"href":"https:\/\/www.eldiario.net\/portal\/wp-json\/wp\/v2\/media\/201754"}],"wp:attachment":[{"href":"https:\/\/www.eldiario.net\/portal\/wp-json\/wp\/v2\/media?parent=201753"}],"wp:term":[{"taxonomy":"category","embeddable":true,"href":"https:\/\/www.eldiario.net\/portal\/wp-json\/wp\/v2\/categories?post=201753"},{"taxonomy":"post_tag","embeddable":true,"href":"https:\/\/www.eldiario.net\/portal\/wp-json\/wp\/v2\/tags?post=201753"}],"curies":[{"name":"wp","href":"https:\/\/api.w.org\/{rel}","templated":true}]}}