{"id":201419,"date":"2024-02-05T06:36:36","date_gmt":"2024-02-05T10:36:36","guid":{"rendered":"https:\/\/www.eldiario.net\/portal\/?p=201419"},"modified":"2024-02-05T06:36:36","modified_gmt":"2024-02-05T10:36:36","slug":"avicultores-obligados-a-vender-pollos-pequenos","status":"publish","type":"post","link":"https:\/\/www.eldiario.net\/portal\/2024\/02\/05\/avicultores-obligados-a-vender-pollos-pequenos\/","title":{"rendered":"Avicultores obligados a  vender pollos peque\u00f1os"},"content":{"rendered":"<p>El vicepresidente de la Asociaci\u00f3n Departamental de Avicultores (ADA) Cochabamba, Iv\u00e1n Carre\u00f3n, lament\u00f3 que debido a la falta de alimentos y las p\u00e9rdidas que el sector tiene a ra\u00edz de los bloqueos instalados en el pa\u00eds, los avicultores se vieron obligados a comercializar pollos peque\u00f1os que no completaron su ciclo de vida.<br \/>\n\u201cHan podido observar este es el pollo terminado que se est\u00e1 ofreciendo a la ama de casa, es un pollo peque\u00f1o, la raz\u00f3n fundamental es que al no tener la cantidad de ma\u00edz y soya en nuestros molinos nos vemos obligados a vender un pollo peque\u00f1o que no llega al final de su ciclo de vida, entonces para no perder capital, tratamos de rescatar algo\u201d, manifest\u00f3 el representante del sector.<br \/>\nDe acuerdo con Carre\u00f3n, el tama\u00f1o de los pollos ofrecidos oscila por los 800 gramos y los ofertan en los diferentes mercados de Cochabamba, pues los productores no tienen otra alternativa que sacarlos de esa manera al mercado, pues \u201clas p\u00e9rdidas realmente son muy grandes\u201d.<br \/>\nPor lo general, el tiempo de crianza de uno de estos animales es de aproximadamente dos meses, sin embargo los que est\u00e1n a la venta apenas llevan 40 d\u00edas, por eso el tama\u00f1o es peque\u00f1o.<br \/>\n\u201cEn Cochabamba, lo tenemos listo de 49 a 52 d\u00edas, el que comercializan tienen de unas seis semanas, tendr\u00e1 40 a 42 d\u00edas como m\u00e1ximo, entonces imag\u00ednense faltaban 10 d\u00edas que este pollo tenga que consumir alimento, para que tenga que incrementar su peso\u201d, explic\u00f3.<br \/>\nAsimismo, sostuvo que debido a los conflictos sociales y los bloqueos, los avicultores se vieron en la necesidad de alterar el ciclo productivo en sus granjas, situaci\u00f3n que incidir\u00e1 en la producci\u00f3n de pollo para m\u00e1s adelante.<br \/>\n\u201cA causa de los bloqueos se ha alterado el ciclo productivo, puesto que nosotros en las granjas tenemos programaciones anuales, las cuales son cada 11 semanas. Si no recibimos en su fecha tenemos que esperar que el ciclo culmine y nuevamente repoblar nuestras granjas de aqu\u00ed a 11 semanas, entonces hay un vac\u00edo en la producci\u00f3n lo que trae como consecuencia, una escasez en la carne de pollo que podemos ofrecer a las amas de casa\u201d, advirti\u00f3 el representante.<br \/>\nESCASEZ Y ALZA<br \/>\nDe acuerdo con reportes de diferentes medios de comunicaci\u00f3n, el precio de la carne de pollo en los mercados est\u00e1 en aumento, se siente la escasez del producto y se sospecha que la continuaci\u00f3n de los bloqueos en distintos tramos de Cochabamba y Santa Cruz agudizar\u00e1 m\u00e1s la situaci\u00f3n.<br \/>\nEn Santa Cruz, seg\u00fan reporte de Red Uno, el precio alcanz\u00f3 los Bs 13.5 en los mercados antes estaba en Bs 10, mientras que en La Paz se comercializ\u00f3 hasta en Bs 22.<br \/>\n\u201cEn mercados pace\u00f1os, el kilo de pollo alcanz\u00f3 los Bs 20, en la jornada de hoy (por ayer)\u201d, se lee en una nota de esa casa televisiva.<br \/>\nPor otro lado, comercializadores de esa carne justificaron el alza debido a que ellos recibieron el producto en Bs 18.50, pero las m\u00e1s perjudicadas fueron las amas de casa quienes denunciaron que esta carne se ofertaba hasta en Bs 22.<br \/>\nEl presidente de la Federaci\u00f3n Nacional de Avicultores, Winston Ortiz, se\u00f1al\u00f3 que su sector se mantendr\u00e1 en emergencia ante los posibles sucesos que puedan darse.<\/p>\n","protected":false},"excerpt":{"rendered":"<p>El vicepresidente de la Asociaci\u00f3n Departamental de Avicultores (ADA) Cochabamba, Iv\u00e1n Carre\u00f3n, lament\u00f3 que debido a la falta de alimentos y las p\u00e9rdidas que el sector tiene a ra\u00edz de los bloqueos instalados en el pa\u00eds, los avicultores se vieron obligados a comercializar pollos peque\u00f1os que no completaron su ciclo de vida. \u201cHan podido observar [&hellip;]<\/p>\n","protected":false},"author":1,"featured_media":201420,"comment_status":"open","ping_status":"open","sticky":false,"template":"","format":"standard","meta":{"_acf_changed":false,"footnotes":""},"categories":[7],"tags":[],"class_list":["post-201419","post","type-post","status-publish","format-standard","has-post-thumbnail","category-economia"],"acf":{"antetitulo":"Para evitar mayores p\u00e9rdidas y por falta de alimentos"},"yoast_head":"<!-- This site is optimized with the Yoast SEO plugin v28.4 - https:\/\/yoast.com\/product\/yoast-seo-wordpress\/ -->\n<title>Avicultores obligados a vender pollos peque\u00f1os - El Diario - Bolivia<\/title>\n<meta name=\"robots\" content=\"index, follow, max-snippet:-1, max-image-preview:large, max-video-preview:-1\" \/>\n<link rel=\"canonical\" href=\"https:\/\/www.eldiario.net\/portal\/2024\/02\/05\/avicultores-obligados-a-vender-pollos-pequenos\/\" \/>\n<meta property=\"og:locale\" content=\"es_ES\" \/>\n<meta property=\"og:type\" content=\"article\" \/>\n<meta property=\"og:title\" content=\"Avicultores obligados a vender pollos peque\u00f1os - El Diario - Bolivia\" \/>\n<meta property=\"og:description\" content=\"El vicepresidente de la Asociaci\u00f3n Departamental de Avicultores (ADA) Cochabamba, Iv\u00e1n Carre\u00f3n, lament\u00f3 que debido a la falta de alimentos y las p\u00e9rdidas que el sector tiene a ra\u00edz de los bloqueos instalados en el pa\u00eds, los avicultores se vieron obligados a comercializar pollos peque\u00f1os que no completaron su ciclo de vida. \u201cHan podido observar [&hellip;]\" \/>\n<meta property=\"og:url\" content=\"https:\/\/www.eldiario.net\/portal\/2024\/02\/05\/avicultores-obligados-a-vender-pollos-pequenos\/\" \/>\n<meta property=\"og:site_name\" content=\"El Diario - Bolivia\" \/>\n<meta property=\"article:publisher\" content=\"https:\/\/www.facebook.com\/eldiario.bolivia\/\" \/>\n<meta property=\"article:published_time\" content=\"2024-02-05T10:36:36+00:00\" \/>\n<meta property=\"og:image\" content=\"https:\/\/www.eldiario.net\/portal\/wp-content\/uploads\/2024\/02\/F1-eco.jpg\" \/>\n\t<meta property=\"og:image:width\" content=\"551\" \/>\n\t<meta property=\"og:image:height\" content=\"535\" \/>\n\t<meta property=\"og:image:type\" content=\"image\/jpeg\" \/>\n<meta name=\"author\" content=\"Jeanette\" \/>\n<meta name=\"twitter:card\" content=\"summary_large_image\" \/>\n<meta name=\"twitter:creator\" content=\"@eldiario_net\" \/>\n<meta name=\"twitter:site\" content=\"@eldiario_net\" \/>\n<meta name=\"twitter:label1\" content=\"Escrito por\" \/>\n\t<meta name=\"twitter:data1\" content=\"Jeanette\" \/>\n\t<meta name=\"twitter:label2\" content=\"Tiempo de lectura\" \/>\n\t<meta name=\"twitter:data2\" content=\"3 minutos\" \/>\n<script type=\"application\/ld+json\" class=\"yoast-schema-graph\">{\"@context\":\"https:\\\/\\\/schema.org\",\"@graph\":[{\"@type\":\"Article\",\"@id\":\"https:\\\/\\\/www.eldiario.net\\\/portal\\\/2024\\\/02\\\/05\\\/avicultores-obligados-a-vender-pollos-pequenos\\\/#article\",\"isPartOf\":{\"@id\":\"https:\\\/\\\/www.eldiario.net\\\/portal\\\/2024\\\/02\\\/05\\\/avicultores-obligados-a-vender-pollos-pequenos\\\/\"},\"author\":{\"name\":\"Jeanette\",\"@id\":\"https:\\\/\\\/www.eldiario.net\\\/portal\\\/#\\\/schema\\\/person\\\/2c57cf2b7a7ae032e449e4c9b1019eac\"},\"headline\":\"Avicultores obligados a vender pollos peque\u00f1os\",\"datePublished\":\"2024-02-05T10:36:36+00:00\",\"mainEntityOfPage\":{\"@id\":\"https:\\\/\\\/www.eldiario.net\\\/portal\\\/2024\\\/02\\\/05\\\/avicultores-obligados-a-vender-pollos-pequenos\\\/\"},\"wordCount\":569,\"commentCount\":0,\"publisher\":{\"@id\":\"https:\\\/\\\/www.eldiario.net\\\/portal\\\/#organization\"},\"image\":{\"@id\":\"https:\\\/\\\/www.eldiario.net\\\/portal\\\/2024\\\/02\\\/05\\\/avicultores-obligados-a-vender-pollos-pequenos\\\/#primaryimage\"},\"thumbnailUrl\":\"https:\\\/\\\/www.eldiario.net\\\/portal\\\/wp-content\\\/uploads\\\/2024\\\/02\\\/F1-eco.jpg\",\"articleSection\":[\"Econom\u00eda\"],\"inLanguage\":\"es\",\"potentialAction\":[{\"@type\":\"CommentAction\",\"name\":\"Comment\",\"target\":[\"https:\\\/\\\/www.eldiario.net\\\/portal\\\/2024\\\/02\\\/05\\\/avicultores-obligados-a-vender-pollos-pequenos\\\/#respond\"]}]},{\"@type\":\"WebPage\",\"@id\":\"https:\\\/\\\/www.eldiario.net\\\/portal\\\/2024\\\/02\\\/05\\\/avicultores-obligados-a-vender-pollos-pequenos\\\/\",\"url\":\"https:\\\/\\\/www.eldiario.net\\\/portal\\\/2024\\\/02\\\/05\\\/avicultores-obligados-a-vender-pollos-pequenos\\\/\",\"name\":\"Avicultores obligados a vender pollos peque\u00f1os - El Diario - Bolivia\",\"isPartOf\":{\"@id\":\"https:\\\/\\\/www.eldiario.net\\\/portal\\\/#website\"},\"primaryImageOfPage\":{\"@id\":\"https:\\\/\\\/www.eldiario.net\\\/portal\\\/2024\\\/02\\\/05\\\/avicultores-obligados-a-vender-pollos-pequenos\\\/#primaryimage\"},\"image\":{\"@id\":\"https:\\\/\\\/www.eldiario.net\\\/portal\\\/2024\\\/02\\\/05\\\/avicultores-obligados-a-vender-pollos-pequenos\\\/#primaryimage\"},\"thumbnailUrl\":\"https:\\\/\\\/www.eldiario.net\\\/portal\\\/wp-content\\\/uploads\\\/2024\\\/02\\\/F1-eco.jpg\",\"datePublished\":\"2024-02-05T10:36:36+00:00\",\"breadcrumb\":{\"@id\":\"https:\\\/\\\/www.eldiario.net\\\/portal\\\/2024\\\/02\\\/05\\\/avicultores-obligados-a-vender-pollos-pequenos\\\/#breadcrumb\"},\"inLanguage\":\"es\",\"potentialAction\":[{\"@type\":\"ReadAction\",\"target\":[\"https:\\\/\\\/www.eldiario.net\\\/portal\\\/2024\\\/02\\\/05\\\/avicultores-obligados-a-vender-pollos-pequenos\\\/\"]}]},{\"@type\":\"ImageObject\",\"inLanguage\":\"es\",\"@id\":\"https:\\\/\\\/www.eldiario.net\\\/portal\\\/2024\\\/02\\\/05\\\/avicultores-obligados-a-vender-pollos-pequenos\\\/#primaryimage\",\"url\":\"https:\\\/\\\/www.eldiario.net\\\/portal\\\/wp-content\\\/uploads\\\/2024\\\/02\\\/F1-eco.jpg\",\"contentUrl\":\"https:\\\/\\\/www.eldiario.net\\\/portal\\\/wp-content\\\/uploads\\\/2024\\\/02\\\/F1-eco.jpg\",\"width\":551,\"height\":535,\"caption\":\"El tama\u00f1o del producto comercializado cabe en la mano de una persona.\"},{\"@type\":\"BreadcrumbList\",\"@id\":\"https:\\\/\\\/www.eldiario.net\\\/portal\\\/2024\\\/02\\\/05\\\/avicultores-obligados-a-vender-pollos-pequenos\\\/#breadcrumb\",\"itemListElement\":[{\"@type\":\"ListItem\",\"position\":1,\"name\":\"Portada\",\"item\":\"https:\\\/\\\/www.eldiario.net\\\/portal\\\/\"},{\"@type\":\"ListItem\",\"position\":2,\"name\":\"Avicultores obligados a vender pollos peque\u00f1os\"}]},{\"@type\":\"WebSite\",\"@id\":\"https:\\\/\\\/www.eldiario.net\\\/portal\\\/#website\",\"url\":\"https:\\\/\\\/www.eldiario.net\\\/portal\\\/\",\"name\":\"El Diario - Decano de la prensa nacional\",\"description\":\"El Diario - Decano de la prensa nacional\",\"publisher\":{\"@id\":\"https:\\\/\\\/www.eldiario.net\\\/portal\\\/#organization\"},\"potentialAction\":[{\"@type\":\"SearchAction\",\"target\":{\"@type\":\"EntryPoint\",\"urlTemplate\":\"https:\\\/\\\/www.eldiario.net\\\/portal\\\/?s={search_term_string}\"},\"query-input\":{\"@type\":\"PropertyValueSpecification\",\"valueRequired\":true,\"valueName\":\"search_term_string\"}}],\"inLanguage\":\"es\"},{\"@type\":\"Organization\",\"@id\":\"https:\\\/\\\/www.eldiario.net\\\/portal\\\/#organization\",\"name\":\"El Diario - Decano de la prensa nacional\",\"url\":\"https:\\\/\\\/www.eldiario.net\\\/portal\\\/\",\"logo\":{\"@type\":\"ImageObject\",\"inLanguage\":\"es\",\"@id\":\"https:\\\/\\\/www.eldiario.net\\\/portal\\\/#\\\/schema\\\/logo\\\/image\\\/\",\"url\":\"https:\\\/\\\/www.eldiario.net\\\/portal\\\/wp-content\\\/uploads\\\/2023\\\/07\\\/logo_ED.jpg\",\"contentUrl\":\"https:\\\/\\\/www.eldiario.net\\\/portal\\\/wp-content\\\/uploads\\\/2023\\\/07\\\/logo_ED.jpg\",\"width\":272,\"height\":52,\"caption\":\"El Diario - Decano de la prensa nacional\"},\"image\":{\"@id\":\"https:\\\/\\\/www.eldiario.net\\\/portal\\\/#\\\/schema\\\/logo\\\/image\\\/\"},\"sameAs\":[\"https:\\\/\\\/www.facebook.com\\\/eldiario.bolivia\\\/\",\"https:\\\/\\\/x.com\\\/eldiario_net\"]},{\"@type\":\"Person\",\"@id\":\"https:\\\/\\\/www.eldiario.net\\\/portal\\\/#\\\/schema\\\/person\\\/2c57cf2b7a7ae032e449e4c9b1019eac\",\"name\":\"Jeanette\",\"image\":{\"@type\":\"ImageObject\",\"inLanguage\":\"es\",\"@id\":\"https:\\\/\\\/secure.gravatar.com\\\/avatar\\\/3ea2118a5f7dad2b7138b1187a6b7ee55f160b9968b66013c3a3ef39dd7e5798?s=96&d=mm&r=g\",\"url\":\"https:\\\/\\\/secure.gravatar.com\\\/avatar\\\/3ea2118a5f7dad2b7138b1187a6b7ee55f160b9968b66013c3a3ef39dd7e5798?s=96&d=mm&r=g\",\"contentUrl\":\"https:\\\/\\\/secure.gravatar.com\\\/avatar\\\/3ea2118a5f7dad2b7138b1187a6b7ee55f160b9968b66013c3a3ef39dd7e5798?s=96&d=mm&r=g\",\"caption\":\"Jeanette\"},\"sameAs\":[\"https:\\\/\\\/www.eldiario.net\\\/portal\"],\"url\":\"https:\\\/\\\/www.eldiario.net\\\/portal\\\/author\\\/jeanette\\\/\"}]}<\/script>\n<!-- \/ Yoast SEO plugin. -->","yoast_head_json":{"title":"Avicultores obligados a vender pollos peque\u00f1os - El Diario - Bolivia","robots":{"index":"index","follow":"follow","max-snippet":"max-snippet:-1","max-image-preview":"max-image-preview:large","max-video-preview":"max-video-preview:-1"},"canonical":"https:\/\/www.eldiario.net\/portal\/2024\/02\/05\/avicultores-obligados-a-vender-pollos-pequenos\/","og_locale":"es_ES","og_type":"article","og_title":"Avicultores obligados a vender pollos peque\u00f1os - El Diario - Bolivia","og_description":"El vicepresidente de la Asociaci\u00f3n Departamental de Avicultores (ADA) Cochabamba, Iv\u00e1n Carre\u00f3n, lament\u00f3 que debido a la falta de alimentos y las p\u00e9rdidas que el sector tiene a ra\u00edz de los bloqueos instalados en el pa\u00eds, los avicultores se vieron obligados a comercializar pollos peque\u00f1os que no completaron su ciclo de vida. \u201cHan podido observar [&hellip;]","og_url":"https:\/\/www.eldiario.net\/portal\/2024\/02\/05\/avicultores-obligados-a-vender-pollos-pequenos\/","og_site_name":"El Diario - Bolivia","article_publisher":"https:\/\/www.facebook.com\/eldiario.bolivia\/","article_published_time":"2024-02-05T10:36:36+00:00","og_image":[{"width":551,"height":535,"url":"https:\/\/www.eldiario.net\/portal\/wp-content\/uploads\/2024\/02\/F1-eco.jpg","type":"image\/jpeg"}],"author":"Jeanette","twitter_card":"summary_large_image","twitter_creator":"@eldiario_net","twitter_site":"@eldiario_net","twitter_misc":{"Escrito por":"Jeanette","Tiempo de lectura":"3 minutos"},"schema":{"@context":"https:\/\/schema.org","@graph":[{"@type":"Article","@id":"https:\/\/www.eldiario.net\/portal\/2024\/02\/05\/avicultores-obligados-a-vender-pollos-pequenos\/#article","isPartOf":{"@id":"https:\/\/www.eldiario.net\/portal\/2024\/02\/05\/avicultores-obligados-a-vender-pollos-pequenos\/"},"author":{"name":"Jeanette","@id":"https:\/\/www.eldiario.net\/portal\/#\/schema\/person\/2c57cf2b7a7ae032e449e4c9b1019eac"},"headline":"Avicultores obligados a vender pollos peque\u00f1os","datePublished":"2024-02-05T10:36:36+00:00","mainEntityOfPage":{"@id":"https:\/\/www.eldiario.net\/portal\/2024\/02\/05\/avicultores-obligados-a-vender-pollos-pequenos\/"},"wordCount":569,"commentCount":0,"publisher":{"@id":"https:\/\/www.eldiario.net\/portal\/#organization"},"image":{"@id":"https:\/\/www.eldiario.net\/portal\/2024\/02\/05\/avicultores-obligados-a-vender-pollos-pequenos\/#primaryimage"},"thumbnailUrl":"https:\/\/www.eldiario.net\/portal\/wp-content\/uploads\/2024\/02\/F1-eco.jpg","articleSection":["Econom\u00eda"],"inLanguage":"es","potentialAction":[{"@type":"CommentAction","name":"Comment","target":["https:\/\/www.eldiario.net\/portal\/2024\/02\/05\/avicultores-obligados-a-vender-pollos-pequenos\/#respond"]}]},{"@type":"WebPage","@id":"https:\/\/www.eldiario.net\/portal\/2024\/02\/05\/avicultores-obligados-a-vender-pollos-pequenos\/","url":"https:\/\/www.eldiario.net\/portal\/2024\/02\/05\/avicultores-obligados-a-vender-pollos-pequenos\/","name":"Avicultores obligados a vender pollos peque\u00f1os - El Diario - Bolivia","isPartOf":{"@id":"https:\/\/www.eldiario.net\/portal\/#website"},"primaryImageOfPage":{"@id":"https:\/\/www.eldiario.net\/portal\/2024\/02\/05\/avicultores-obligados-a-vender-pollos-pequenos\/#primaryimage"},"image":{"@id":"https:\/\/www.eldiario.net\/portal\/2024\/02\/05\/avicultores-obligados-a-vender-pollos-pequenos\/#primaryimage"},"thumbnailUrl":"https:\/\/www.eldiario.net\/portal\/wp-content\/uploads\/2024\/02\/F1-eco.jpg","datePublished":"2024-02-05T10:36:36+00:00","breadcrumb":{"@id":"https:\/\/www.eldiario.net\/portal\/2024\/02\/05\/avicultores-obligados-a-vender-pollos-pequenos\/#breadcrumb"},"inLanguage":"es","potentialAction":[{"@type":"ReadAction","target":["https:\/\/www.eldiario.net\/portal\/2024\/02\/05\/avicultores-obligados-a-vender-pollos-pequenos\/"]}]},{"@type":"ImageObject","inLanguage":"es","@id":"https:\/\/www.eldiario.net\/portal\/2024\/02\/05\/avicultores-obligados-a-vender-pollos-pequenos\/#primaryimage","url":"https:\/\/www.eldiario.net\/portal\/wp-content\/uploads\/2024\/02\/F1-eco.jpg","contentUrl":"https:\/\/www.eldiario.net\/portal\/wp-content\/uploads\/2024\/02\/F1-eco.jpg","width":551,"height":535,"caption":"El tama\u00f1o del producto comercializado cabe en la mano de una persona."},{"@type":"BreadcrumbList","@id":"https:\/\/www.eldiario.net\/portal\/2024\/02\/05\/avicultores-obligados-a-vender-pollos-pequenos\/#breadcrumb","itemListElement":[{"@type":"ListItem","position":1,"name":"Portada","item":"https:\/\/www.eldiario.net\/portal\/"},{"@type":"ListItem","position":2,"name":"Avicultores obligados a vender pollos peque\u00f1os"}]},{"@type":"WebSite","@id":"https:\/\/www.eldiario.net\/portal\/#website","url":"https:\/\/www.eldiario.net\/portal\/","name":"El Diario - Decano de la prensa nacional","description":"El Diario - Decano de la prensa nacional","publisher":{"@id":"https:\/\/www.eldiario.net\/portal\/#organization"},"potentialAction":[{"@type":"SearchAction","target":{"@type":"EntryPoint","urlTemplate":"https:\/\/www.eldiario.net\/portal\/?s={search_term_string}"},"query-input":{"@type":"PropertyValueSpecification","valueRequired":true,"valueName":"search_term_string"}}],"inLanguage":"es"},{"@type":"Organization","@id":"https:\/\/www.eldiario.net\/portal\/#organization","name":"El Diario - Decano de la prensa nacional","url":"https:\/\/www.eldiario.net\/portal\/","logo":{"@type":"ImageObject","inLanguage":"es","@id":"https:\/\/www.eldiario.net\/portal\/#\/schema\/logo\/image\/","url":"https:\/\/www.eldiario.net\/portal\/wp-content\/uploads\/2023\/07\/logo_ED.jpg","contentUrl":"https:\/\/www.eldiario.net\/portal\/wp-content\/uploads\/2023\/07\/logo_ED.jpg","width":272,"height":52,"caption":"El Diario - Decano de la prensa nacional"},"image":{"@id":"https:\/\/www.eldiario.net\/portal\/#\/schema\/logo\/image\/"},"sameAs":["https:\/\/www.facebook.com\/eldiario.bolivia\/","https:\/\/x.com\/eldiario_net"]},{"@type":"Person","@id":"https:\/\/www.eldiario.net\/portal\/#\/schema\/person\/2c57cf2b7a7ae032e449e4c9b1019eac","name":"Jeanette","image":{"@type":"ImageObject","inLanguage":"es","@id":"https:\/\/secure.gravatar.com\/avatar\/3ea2118a5f7dad2b7138b1187a6b7ee55f160b9968b66013c3a3ef39dd7e5798?s=96&d=mm&r=g","url":"https:\/\/secure.gravatar.com\/avatar\/3ea2118a5f7dad2b7138b1187a6b7ee55f160b9968b66013c3a3ef39dd7e5798?s=96&d=mm&r=g","contentUrl":"https:\/\/secure.gravatar.com\/avatar\/3ea2118a5f7dad2b7138b1187a6b7ee55f160b9968b66013c3a3ef39dd7e5798?s=96&d=mm&r=g","caption":"Jeanette"},"sameAs":["https:\/\/www.eldiario.net\/portal"],"url":"https:\/\/www.eldiario.net\/portal\/author\/jeanette\/"}]}},"_links":{"self":[{"href":"https:\/\/www.eldiario.net\/portal\/wp-json\/wp\/v2\/posts\/201419","targetHints":{"allow":["GET"]}}],"collection":[{"href":"https:\/\/www.eldiario.net\/portal\/wp-json\/wp\/v2\/posts"}],"about":[{"href":"https:\/\/www.eldiario.net\/portal\/wp-json\/wp\/v2\/types\/post"}],"author":[{"embeddable":true,"href":"https:\/\/www.eldiario.net\/portal\/wp-json\/wp\/v2\/users\/1"}],"replies":[{"embeddable":true,"href":"https:\/\/www.eldiario.net\/portal\/wp-json\/wp\/v2\/comments?post=201419"}],"version-history":[{"count":1,"href":"https:\/\/www.eldiario.net\/portal\/wp-json\/wp\/v2\/posts\/201419\/revisions"}],"predecessor-version":[{"id":201421,"href":"https:\/\/www.eldiario.net\/portal\/wp-json\/wp\/v2\/posts\/201419\/revisions\/201421"}],"wp:featuredmedia":[{"embeddable":true,"href":"https:\/\/www.eldiario.net\/portal\/wp-json\/wp\/v2\/media\/201420"}],"wp:attachment":[{"href":"https:\/\/www.eldiario.net\/portal\/wp-json\/wp\/v2\/media?parent=201419"}],"wp:term":[{"taxonomy":"category","embeddable":true,"href":"https:\/\/www.eldiario.net\/portal\/wp-json\/wp\/v2\/categories?post=201419"},{"taxonomy":"post_tag","embeddable":true,"href":"https:\/\/www.eldiario.net\/portal\/wp-json\/wp\/v2\/tags?post=201419"}],"curies":[{"name":"wp","href":"https:\/\/api.w.org\/{rel}","templated":true}]}}