{"id":201095,"date":"2024-02-04T01:27:31","date_gmt":"2024-02-04T05:27:31","guid":{"rendered":"https:\/\/www.eldiario.net\/portal\/?p=201095"},"modified":"2024-02-02T23:28:37","modified_gmt":"2024-02-03T03:28:37","slug":"quien-es-sandra-huller-2","status":"publish","type":"post","link":"https:\/\/www.eldiario.net\/portal\/2024\/02\/04\/quien-es-sandra-huller-2\/","title":{"rendered":"\u00bfQui\u00e9n es Sandra H\u00fcller?"},"content":{"rendered":"<p>\u00a1Te contamos todo sobre la actriz de Anatom\u00eda de una ca\u00edda!<br \/>\nSandra H\u00fcller naci\u00f3 el 30 de abril de 1978 en Alemania. Desde muy temprana edad, la joven estudi\u00f3 teatro en la Escuela de Artes Interpretativas Ernst Busch en Berl\u00edn. A partir de 1999, durante dos a\u00f1os, se dedic\u00f3 al arte de la interpretaci\u00f3n en el teatro Jena en Turingia. A\u00f1os m\u00e1s tarde, tambi\u00e9n realiz\u00f3 distintos roles en el Teatro de Basilea en Suiza. Sandra H\u00fcller comenz\u00f3 a ser reconocida por su actuaci\u00f3n a partir de su papel de Michaela Klingler en la pel\u00edcula R\u00e9quiem (El exorcismo de Micaela) de Hans-Christian Schmid. Gracias a esta pel\u00edcula, ella gan\u00f3 el Premio del Festival de Cine de Berl\u00edn a Mejor Actriz.<br \/>\nEste a\u00f1o su nombre resuena en Hollywood, ya que su talento no solo aparece en una cinta sino en dos, las cuales ambas est\u00e1n nominadas a Mejor Pel\u00edcula Extranjera en los Globos de Oro 2024. Hagamos un breve repaso sobre cada una.<br \/>\nAnatom\u00eda de una ca\u00edda: la pel\u00edcula narra la historia de una mujer, quien es sospechosa del asesinato de su marido. Su hijo ciego es el \u00fanico testigo de los eventos ocurridos y se encuentra en un dilema complejo a la hora de colaborar con la investigaci\u00f3n.<br \/>\nLa zona de inter\u00e9s: la cinta sigue al comandante de Auschwitz, Rudolf H\u00f6ss, y su esposa Hedwig, quienes se esfuerzan por construir una vida de ensue\u00f1o para su familia en una casa y un jard\u00edn cerca del campo.<br \/>\nAmbas pel\u00edculas llegar\u00e1n a las salas de cine de Latinoam\u00e9rica a principios del 2024. (Diamond Films)<br \/>\n\r\n                <style type=\"text\/css\">\r\n                    \r\n                    #tdi_1  .td-doubleSlider-2 .td-item1 {\r\n                        background: url(https:\/\/www.eldiario.net\/portal\/wp-content\/uploads\/2024\/02\/\u00bfQuien-es-Sandra-Huller-2.jpg) 0 0 no-repeat;\r\n                    }\r\n                    #tdi_1  .td-doubleSlider-2 .td-item2 {\r\n                        background: url(https:\/\/www.eldiario.net\/portal\/wp-content\/uploads\/2024\/02\/\u00bfQuien-es-Sandra-Huller-3.jpg) 0 0 no-repeat;\r\n                    }\r\n                    #tdi_1  .td-doubleSlider-2 .td-item3 {\r\n                        background: url(https:\/\/www.eldiario.net\/portal\/wp-content\/uploads\/2024\/02\/\u00bfQuien-es-Sandra-Huller.jpg) 0 0 no-repeat;\r\n                    }\r\n                <\/style>\r\n\r\n                <div id=\"tdi_1\" class=\"td-gallery td-slide-on-2-columns\">\r\n                    <div class=\"post_td_gallery\">\r\n                        <div class=\"td-gallery-slide-top\">\r\n                           <div class=\"td-gallery-title\"><\/div>\r\n\r\n                            <div class=\"td-gallery-controls-wrapper\">\r\n                                <div class=\"td-gallery-slide-count\"><span class=\"td-gallery-slide-item-focus\">1<\/span> de 3<\/div>\r\n                                <div class=\"td-gallery-slide-prev-next-but\">\r\n                                    <i class = \"td-icon-left doubleSliderPrevButton\"><\/i>\r\n                                    <i class = \"td-icon-right doubleSliderNextButton\"><\/i>\r\n                                <\/div>\r\n                            <\/div>\r\n                        <\/div>\r\n\r\n                        <div class = \"td-doubleSlider-1 \">\r\n                            <div class = \"td-slider\">\r\n                                \r\n                    <div class = \"td-slide-item td-item1\">\r\n                        <figure class=\"td-slide-galery-figure td-slide-popup-gallery\">\r\n                            <a class=\"slide-gallery-image-link\" href=\"https:\/\/www.eldiario.net\/portal\/wp-content\/uploads\/2024\/02\/\u00bfQuien-es-Sandra-Huller-2.jpg\" title=\"\u00bfQui\u00e9n es Sandra H\u00fcller (2)\"  data-caption=\"\"  data-description=\"\">\r\n                                <img decoding=\"async\" src=\"https:\/\/www.eldiario.net\/portal\/wp-content\/uploads\/2024\/02\/\u00bfQuien-es-Sandra-Huller-2.jpg\" srcset=\"https:\/\/www.eldiario.net\/portal\/wp-content\/uploads\/2024\/02\/\u00bfQuien-es-Sandra-Huller-2.jpg 1555w, https:\/\/www.eldiario.net\/portal\/wp-content\/uploads\/2024\/02\/\u00bfQuien-es-Sandra-Huller-2-300x225.jpg 300w, https:\/\/www.eldiario.net\/portal\/wp-content\/uploads\/2024\/02\/\u00bfQuien-es-Sandra-Huller-2-1024x768.jpg 1024w, https:\/\/www.eldiario.net\/portal\/wp-content\/uploads\/2024\/02\/\u00bfQuien-es-Sandra-Huller-2-768x576.jpg 768w, https:\/\/www.eldiario.net\/portal\/wp-content\/uploads\/2024\/02\/\u00bfQuien-es-Sandra-Huller-2-1536x1153.jpg 1536w, https:\/\/www.eldiario.net\/portal\/wp-content\/uploads\/2024\/02\/\u00bfQuien-es-Sandra-Huller-2-696x522.jpg 696w, https:\/\/www.eldiario.net\/portal\/wp-content\/uploads\/2024\/02\/\u00bfQuien-es-Sandra-Huller-2-1068x802.jpg 1068w\" sizes=\"(max-width: 560px) 100vw, 560px\" alt=\"\">\r\n                            <\/a>\r\n                            \r\n                        <\/figure>\r\n                    <\/div>\r\n                    <div class = \"td-slide-item td-item2\">\r\n                        <figure class=\"td-slide-galery-figure td-slide-popup-gallery\">\r\n                            <a class=\"slide-gallery-image-link\" href=\"https:\/\/www.eldiario.net\/portal\/wp-content\/uploads\/2024\/02\/\u00bfQuien-es-Sandra-Huller-3.jpg\" title=\"\u00bfQui\u00e9n es Sandra H\u00fcller (3)\"  data-caption=\"\"  data-description=\"\">\r\n                                <img decoding=\"async\" src=\"https:\/\/www.eldiario.net\/portal\/wp-content\/uploads\/2024\/02\/\u00bfQuien-es-Sandra-Huller-3.jpg\" srcset=\"https:\/\/www.eldiario.net\/portal\/wp-content\/uploads\/2024\/02\/\u00bfQuien-es-Sandra-Huller-3.jpg 1667w, https:\/\/www.eldiario.net\/portal\/wp-content\/uploads\/2024\/02\/\u00bfQuien-es-Sandra-Huller-3-300x225.jpg 300w, https:\/\/www.eldiario.net\/portal\/wp-content\/uploads\/2024\/02\/\u00bfQuien-es-Sandra-Huller-3-1024x768.jpg 1024w, https:\/\/www.eldiario.net\/portal\/wp-content\/uploads\/2024\/02\/\u00bfQuien-es-Sandra-Huller-3-768x576.jpg 768w, https:\/\/www.eldiario.net\/portal\/wp-content\/uploads\/2024\/02\/\u00bfQuien-es-Sandra-Huller-3-1536x1152.jpg 1536w, https:\/\/www.eldiario.net\/portal\/wp-content\/uploads\/2024\/02\/\u00bfQuien-es-Sandra-Huller-3-696x522.jpg 696w, https:\/\/www.eldiario.net\/portal\/wp-content\/uploads\/2024\/02\/\u00bfQuien-es-Sandra-Huller-3-1068x801.jpg 1068w\" sizes=\"(max-width: 560px) 100vw, 560px\" alt=\"\">\r\n                            <\/a>\r\n                            \r\n                        <\/figure>\r\n                    <\/div>\r\n                    <div class = \"td-slide-item td-item3\">\r\n                        <figure class=\"td-slide-galery-figure td-slide-popup-gallery\">\r\n                            <a class=\"slide-gallery-image-link\" href=\"https:\/\/www.eldiario.net\/portal\/wp-content\/uploads\/2024\/02\/\u00bfQuien-es-Sandra-Huller.jpg\" title=\"\u00bfQui\u00e9n es Sandra H\u00fcller\"  data-caption=\"\"  data-description=\"\">\r\n                                <img decoding=\"async\" src=\"https:\/\/www.eldiario.net\/portal\/wp-content\/uploads\/2024\/02\/\u00bfQuien-es-Sandra-Huller.jpg\" srcset=\"https:\/\/www.eldiario.net\/portal\/wp-content\/uploads\/2024\/02\/\u00bfQuien-es-Sandra-Huller.jpg 1667w, https:\/\/www.eldiario.net\/portal\/wp-content\/uploads\/2024\/02\/\u00bfQuien-es-Sandra-Huller-300x225.jpg 300w, https:\/\/www.eldiario.net\/portal\/wp-content\/uploads\/2024\/02\/\u00bfQuien-es-Sandra-Huller-1024x768.jpg 1024w, https:\/\/www.eldiario.net\/portal\/wp-content\/uploads\/2024\/02\/\u00bfQuien-es-Sandra-Huller-768x576.jpg 768w, https:\/\/www.eldiario.net\/portal\/wp-content\/uploads\/2024\/02\/\u00bfQuien-es-Sandra-Huller-1536x1152.jpg 1536w, https:\/\/www.eldiario.net\/portal\/wp-content\/uploads\/2024\/02\/\u00bfQuien-es-Sandra-Huller-696x522.jpg 696w, https:\/\/www.eldiario.net\/portal\/wp-content\/uploads\/2024\/02\/\u00bfQuien-es-Sandra-Huller-1068x801.jpg 1068w\" sizes=\"(max-width: 560px) 100vw, 560px\" alt=\"\">\r\n                            <\/a>\r\n                            \r\n                        <\/figure>\r\n                    <\/div>\r\n                            <\/div>\r\n                        <\/div>\r\n\r\n                        <div class = \"td-doubleSlider-2\">\r\n                            <div class = \"td-slider\">\r\n                                \r\n                    <div class = \"td-button td-item1\">\r\n                        <div class = \"td-border\"><\/div>\r\n                    <\/div>\r\n                    <div class = \"td-button td-item2\">\r\n                        <div class = \"td-border\"><\/div>\r\n                    <\/div>\r\n                    <div class = \"td-button td-item3\">\r\n                        <div class = \"td-border\"><\/div>\r\n                    <\/div>\r\n                            <\/div>\r\n                        <\/div>\r\n\r\n                    <\/div>\r\n\r\n                <\/div>\r\n                <\/p>\n","protected":false},"excerpt":{"rendered":"<p>\u00a1Te contamos todo sobre la actriz de Anatom\u00eda de una ca\u00edda! Sandra H\u00fcller naci\u00f3 el 30 de abril de 1978 en Alemania. Desde muy temprana edad, la joven estudi\u00f3 teatro en la Escuela de Artes Interpretativas Ernst Busch en Berl\u00edn. A partir de 1999, durante dos a\u00f1os, se dedic\u00f3 al arte de la interpretaci\u00f3n en [&hellip;]<\/p>\n","protected":false},"author":1,"featured_media":201096,"comment_status":"open","ping_status":"open","sticky":false,"template":"","format":"standard","meta":{"_acf_changed":false,"footnotes":""},"categories":[45],"tags":[],"class_list":["post-201095","post","type-post","status-publish","format-standard","has-post-thumbnail","category-cine-mundo"],"acf":{"antetitulo":""},"yoast_head":"<!-- This site is optimized with the Yoast SEO plugin v28.3 - https:\/\/yoast.com\/product\/yoast-seo-wordpress\/ -->\n<title>\u00bfQui\u00e9n es Sandra H\u00fcller? - El Diario - Bolivia<\/title>\n<meta name=\"robots\" content=\"index, follow, max-snippet:-1, max-image-preview:large, max-video-preview:-1\" \/>\n<link rel=\"canonical\" href=\"https:\/\/www.eldiario.net\/portal\/2024\/02\/04\/quien-es-sandra-huller-2\/\" \/>\n<meta property=\"og:locale\" content=\"es_ES\" \/>\n<meta property=\"og:type\" content=\"article\" \/>\n<meta property=\"og:title\" content=\"\u00bfQui\u00e9n es Sandra H\u00fcller? - El Diario - Bolivia\" \/>\n<meta property=\"og:description\" content=\"\u00a1Te contamos todo sobre la actriz de Anatom\u00eda de una ca\u00edda! Sandra H\u00fcller naci\u00f3 el 30 de abril de 1978 en Alemania. Desde muy temprana edad, la joven estudi\u00f3 teatro en la Escuela de Artes Interpretativas Ernst Busch en Berl\u00edn. A partir de 1999, durante dos a\u00f1os, se dedic\u00f3 al arte de la interpretaci\u00f3n en [&hellip;]\" \/>\n<meta property=\"og:url\" content=\"https:\/\/www.eldiario.net\/portal\/2024\/02\/04\/quien-es-sandra-huller-2\/\" \/>\n<meta property=\"og:site_name\" content=\"El Diario - Bolivia\" \/>\n<meta property=\"article:publisher\" content=\"https:\/\/www.facebook.com\/eldiario.bolivia\/\" \/>\n<meta property=\"article:published_time\" content=\"2024-02-04T05:27:31+00:00\" \/>\n<meta property=\"og:image\" content=\"https:\/\/www.eldiario.net\/portal\/wp-content\/uploads\/2024\/02\/\u00bfQuien-es-Sandra-Huller-2.jpg\" \/>\n\t<meta property=\"og:image:width\" content=\"1555\" \/>\n\t<meta property=\"og:image:height\" content=\"1167\" \/>\n\t<meta property=\"og:image:type\" content=\"image\/jpeg\" \/>\n<meta name=\"author\" content=\"Jeanette\" \/>\n<meta name=\"twitter:card\" content=\"summary_large_image\" \/>\n<meta name=\"twitter:creator\" content=\"@eldiario_net\" \/>\n<meta name=\"twitter:site\" content=\"@eldiario_net\" \/>\n<meta name=\"twitter:label1\" content=\"Escrito por\" \/>\n\t<meta name=\"twitter:data1\" content=\"Jeanette\" \/>\n\t<meta name=\"twitter:label2\" content=\"Tiempo de lectura\" \/>\n\t<meta name=\"twitter:data2\" content=\"1 minuto\" \/>\n<script type=\"application\/ld+json\" class=\"yoast-schema-graph\">{\"@context\":\"https:\\\/\\\/schema.org\",\"@graph\":[{\"@type\":\"Article\",\"@id\":\"https:\\\/\\\/www.eldiario.net\\\/portal\\\/2024\\\/02\\\/04\\\/quien-es-sandra-huller-2\\\/#article\",\"isPartOf\":{\"@id\":\"https:\\\/\\\/www.eldiario.net\\\/portal\\\/2024\\\/02\\\/04\\\/quien-es-sandra-huller-2\\\/\"},\"author\":{\"name\":\"Jeanette\",\"@id\":\"https:\\\/\\\/www.eldiario.net\\\/portal\\\/#\\\/schema\\\/person\\\/f46445640444750d7d753ccd04ae01b7\"},\"headline\":\"\u00bfQui\u00e9n es Sandra H\u00fcller?\",\"datePublished\":\"2024-02-04T05:27:31+00:00\",\"mainEntityOfPage\":{\"@id\":\"https:\\\/\\\/www.eldiario.net\\\/portal\\\/2024\\\/02\\\/04\\\/quien-es-sandra-huller-2\\\/\"},\"wordCount\":300,\"commentCount\":0,\"publisher\":{\"@id\":\"https:\\\/\\\/www.eldiario.net\\\/portal\\\/#organization\"},\"image\":{\"@id\":\"https:\\\/\\\/www.eldiario.net\\\/portal\\\/2024\\\/02\\\/04\\\/quien-es-sandra-huller-2\\\/#primaryimage\"},\"thumbnailUrl\":\"https:\\\/\\\/www.eldiario.net\\\/portal\\\/wp-content\\\/uploads\\\/2024\\\/02\\\/\u00bfQuien-es-Sandra-Huller-2.jpg\",\"articleSection\":[\"Cine Mundo\"],\"inLanguage\":\"es\",\"potentialAction\":[{\"@type\":\"CommentAction\",\"name\":\"Comment\",\"target\":[\"https:\\\/\\\/www.eldiario.net\\\/portal\\\/2024\\\/02\\\/04\\\/quien-es-sandra-huller-2\\\/#respond\"]}]},{\"@type\":\"WebPage\",\"@id\":\"https:\\\/\\\/www.eldiario.net\\\/portal\\\/2024\\\/02\\\/04\\\/quien-es-sandra-huller-2\\\/\",\"url\":\"https:\\\/\\\/www.eldiario.net\\\/portal\\\/2024\\\/02\\\/04\\\/quien-es-sandra-huller-2\\\/\",\"name\":\"\u00bfQui\u00e9n es Sandra H\u00fcller? - El Diario - Bolivia\",\"isPartOf\":{\"@id\":\"https:\\\/\\\/www.eldiario.net\\\/portal\\\/#website\"},\"primaryImageOfPage\":{\"@id\":\"https:\\\/\\\/www.eldiario.net\\\/portal\\\/2024\\\/02\\\/04\\\/quien-es-sandra-huller-2\\\/#primaryimage\"},\"image\":{\"@id\":\"https:\\\/\\\/www.eldiario.net\\\/portal\\\/2024\\\/02\\\/04\\\/quien-es-sandra-huller-2\\\/#primaryimage\"},\"thumbnailUrl\":\"https:\\\/\\\/www.eldiario.net\\\/portal\\\/wp-content\\\/uploads\\\/2024\\\/02\\\/\u00bfQuien-es-Sandra-Huller-2.jpg\",\"datePublished\":\"2024-02-04T05:27:31+00:00\",\"breadcrumb\":{\"@id\":\"https:\\\/\\\/www.eldiario.net\\\/portal\\\/2024\\\/02\\\/04\\\/quien-es-sandra-huller-2\\\/#breadcrumb\"},\"inLanguage\":\"es\",\"potentialAction\":[{\"@type\":\"ReadAction\",\"target\":[\"https:\\\/\\\/www.eldiario.net\\\/portal\\\/2024\\\/02\\\/04\\\/quien-es-sandra-huller-2\\\/\"]}]},{\"@type\":\"ImageObject\",\"inLanguage\":\"es\",\"@id\":\"https:\\\/\\\/www.eldiario.net\\\/portal\\\/2024\\\/02\\\/04\\\/quien-es-sandra-huller-2\\\/#primaryimage\",\"url\":\"https:\\\/\\\/www.eldiario.net\\\/portal\\\/wp-content\\\/uploads\\\/2024\\\/02\\\/\u00bfQuien-es-Sandra-Huller-2.jpg\",\"contentUrl\":\"https:\\\/\\\/www.eldiario.net\\\/portal\\\/wp-content\\\/uploads\\\/2024\\\/02\\\/\u00bfQuien-es-Sandra-Huller-2.jpg\",\"width\":1555,\"height\":1167},{\"@type\":\"BreadcrumbList\",\"@id\":\"https:\\\/\\\/www.eldiario.net\\\/portal\\\/2024\\\/02\\\/04\\\/quien-es-sandra-huller-2\\\/#breadcrumb\",\"itemListElement\":[{\"@type\":\"ListItem\",\"position\":1,\"name\":\"Portada\",\"item\":\"https:\\\/\\\/www.eldiario.net\\\/portal\\\/\"},{\"@type\":\"ListItem\",\"position\":2,\"name\":\"\u00bfQui\u00e9n es Sandra H\u00fcller?\"}]},{\"@type\":\"WebSite\",\"@id\":\"https:\\\/\\\/www.eldiario.net\\\/portal\\\/#website\",\"url\":\"https:\\\/\\\/www.eldiario.net\\\/portal\\\/\",\"name\":\"El Diario - Decano de la prensa nacional\",\"description\":\"El Diario - Decano de la prensa nacional\",\"publisher\":{\"@id\":\"https:\\\/\\\/www.eldiario.net\\\/portal\\\/#organization\"},\"potentialAction\":[{\"@type\":\"SearchAction\",\"target\":{\"@type\":\"EntryPoint\",\"urlTemplate\":\"https:\\\/\\\/www.eldiario.net\\\/portal\\\/?s={search_term_string}\"},\"query-input\":{\"@type\":\"PropertyValueSpecification\",\"valueRequired\":true,\"valueName\":\"search_term_string\"}}],\"inLanguage\":\"es\"},{\"@type\":\"Organization\",\"@id\":\"https:\\\/\\\/www.eldiario.net\\\/portal\\\/#organization\",\"name\":\"El Diario - Decano de la prensa nacional\",\"url\":\"https:\\\/\\\/www.eldiario.net\\\/portal\\\/\",\"logo\":{\"@type\":\"ImageObject\",\"inLanguage\":\"es\",\"@id\":\"https:\\\/\\\/www.eldiario.net\\\/portal\\\/#\\\/schema\\\/logo\\\/image\\\/\",\"url\":\"https:\\\/\\\/www.eldiario.net\\\/portal\\\/wp-content\\\/uploads\\\/2023\\\/07\\\/logo_ED.jpg\",\"contentUrl\":\"https:\\\/\\\/www.eldiario.net\\\/portal\\\/wp-content\\\/uploads\\\/2023\\\/07\\\/logo_ED.jpg\",\"width\":272,\"height\":52,\"caption\":\"El Diario - Decano de la prensa nacional\"},\"image\":{\"@id\":\"https:\\\/\\\/www.eldiario.net\\\/portal\\\/#\\\/schema\\\/logo\\\/image\\\/\"},\"sameAs\":[\"https:\\\/\\\/www.facebook.com\\\/eldiario.bolivia\\\/\",\"https:\\\/\\\/x.com\\\/eldiario_net\"]},{\"@type\":\"Person\",\"@id\":\"https:\\\/\\\/www.eldiario.net\\\/portal\\\/#\\\/schema\\\/person\\\/f46445640444750d7d753ccd04ae01b7\",\"name\":\"Jeanette\",\"image\":{\"@type\":\"ImageObject\",\"inLanguage\":\"es\",\"@id\":\"https:\\\/\\\/secure.gravatar.com\\\/avatar\\\/3ea2118a5f7dad2b7138b1187a6b7ee55f160b9968b66013c3a3ef39dd7e5798?s=96&d=mm&r=g\",\"url\":\"https:\\\/\\\/secure.gravatar.com\\\/avatar\\\/3ea2118a5f7dad2b7138b1187a6b7ee55f160b9968b66013c3a3ef39dd7e5798?s=96&d=mm&r=g\",\"contentUrl\":\"https:\\\/\\\/secure.gravatar.com\\\/avatar\\\/3ea2118a5f7dad2b7138b1187a6b7ee55f160b9968b66013c3a3ef39dd7e5798?s=96&d=mm&r=g\",\"caption\":\"Jeanette\"},\"sameAs\":[\"https:\\\/\\\/www.eldiario.net\\\/portal\"],\"url\":\"https:\\\/\\\/www.eldiario.net\\\/portal\\\/author\\\/jeanette\\\/\"}]}<\/script>\n<!-- \/ Yoast SEO plugin. -->","yoast_head_json":{"title":"\u00bfQui\u00e9n es Sandra H\u00fcller? - El Diario - Bolivia","robots":{"index":"index","follow":"follow","max-snippet":"max-snippet:-1","max-image-preview":"max-image-preview:large","max-video-preview":"max-video-preview:-1"},"canonical":"https:\/\/www.eldiario.net\/portal\/2024\/02\/04\/quien-es-sandra-huller-2\/","og_locale":"es_ES","og_type":"article","og_title":"\u00bfQui\u00e9n es Sandra H\u00fcller? - El Diario - Bolivia","og_description":"\u00a1Te contamos todo sobre la actriz de Anatom\u00eda de una ca\u00edda! Sandra H\u00fcller naci\u00f3 el 30 de abril de 1978 en Alemania. Desde muy temprana edad, la joven estudi\u00f3 teatro en la Escuela de Artes Interpretativas Ernst Busch en Berl\u00edn. A partir de 1999, durante dos a\u00f1os, se dedic\u00f3 al arte de la interpretaci\u00f3n en [&hellip;]","og_url":"https:\/\/www.eldiario.net\/portal\/2024\/02\/04\/quien-es-sandra-huller-2\/","og_site_name":"El Diario - Bolivia","article_publisher":"https:\/\/www.facebook.com\/eldiario.bolivia\/","article_published_time":"2024-02-04T05:27:31+00:00","og_image":[{"width":1555,"height":1167,"url":"https:\/\/www.eldiario.net\/portal\/wp-content\/uploads\/2024\/02\/\u00bfQuien-es-Sandra-Huller-2.jpg","type":"image\/jpeg"}],"author":"Jeanette","twitter_card":"summary_large_image","twitter_creator":"@eldiario_net","twitter_site":"@eldiario_net","twitter_misc":{"Escrito por":"Jeanette","Tiempo de lectura":"1 minuto"},"schema":{"@context":"https:\/\/schema.org","@graph":[{"@type":"Article","@id":"https:\/\/www.eldiario.net\/portal\/2024\/02\/04\/quien-es-sandra-huller-2\/#article","isPartOf":{"@id":"https:\/\/www.eldiario.net\/portal\/2024\/02\/04\/quien-es-sandra-huller-2\/"},"author":{"name":"Jeanette","@id":"https:\/\/www.eldiario.net\/portal\/#\/schema\/person\/f46445640444750d7d753ccd04ae01b7"},"headline":"\u00bfQui\u00e9n es Sandra H\u00fcller?","datePublished":"2024-02-04T05:27:31+00:00","mainEntityOfPage":{"@id":"https:\/\/www.eldiario.net\/portal\/2024\/02\/04\/quien-es-sandra-huller-2\/"},"wordCount":300,"commentCount":0,"publisher":{"@id":"https:\/\/www.eldiario.net\/portal\/#organization"},"image":{"@id":"https:\/\/www.eldiario.net\/portal\/2024\/02\/04\/quien-es-sandra-huller-2\/#primaryimage"},"thumbnailUrl":"https:\/\/www.eldiario.net\/portal\/wp-content\/uploads\/2024\/02\/\u00bfQuien-es-Sandra-Huller-2.jpg","articleSection":["Cine Mundo"],"inLanguage":"es","potentialAction":[{"@type":"CommentAction","name":"Comment","target":["https:\/\/www.eldiario.net\/portal\/2024\/02\/04\/quien-es-sandra-huller-2\/#respond"]}]},{"@type":"WebPage","@id":"https:\/\/www.eldiario.net\/portal\/2024\/02\/04\/quien-es-sandra-huller-2\/","url":"https:\/\/www.eldiario.net\/portal\/2024\/02\/04\/quien-es-sandra-huller-2\/","name":"\u00bfQui\u00e9n es Sandra H\u00fcller? - El Diario - Bolivia","isPartOf":{"@id":"https:\/\/www.eldiario.net\/portal\/#website"},"primaryImageOfPage":{"@id":"https:\/\/www.eldiario.net\/portal\/2024\/02\/04\/quien-es-sandra-huller-2\/#primaryimage"},"image":{"@id":"https:\/\/www.eldiario.net\/portal\/2024\/02\/04\/quien-es-sandra-huller-2\/#primaryimage"},"thumbnailUrl":"https:\/\/www.eldiario.net\/portal\/wp-content\/uploads\/2024\/02\/\u00bfQuien-es-Sandra-Huller-2.jpg","datePublished":"2024-02-04T05:27:31+00:00","breadcrumb":{"@id":"https:\/\/www.eldiario.net\/portal\/2024\/02\/04\/quien-es-sandra-huller-2\/#breadcrumb"},"inLanguage":"es","potentialAction":[{"@type":"ReadAction","target":["https:\/\/www.eldiario.net\/portal\/2024\/02\/04\/quien-es-sandra-huller-2\/"]}]},{"@type":"ImageObject","inLanguage":"es","@id":"https:\/\/www.eldiario.net\/portal\/2024\/02\/04\/quien-es-sandra-huller-2\/#primaryimage","url":"https:\/\/www.eldiario.net\/portal\/wp-content\/uploads\/2024\/02\/\u00bfQuien-es-Sandra-Huller-2.jpg","contentUrl":"https:\/\/www.eldiario.net\/portal\/wp-content\/uploads\/2024\/02\/\u00bfQuien-es-Sandra-Huller-2.jpg","width":1555,"height":1167},{"@type":"BreadcrumbList","@id":"https:\/\/www.eldiario.net\/portal\/2024\/02\/04\/quien-es-sandra-huller-2\/#breadcrumb","itemListElement":[{"@type":"ListItem","position":1,"name":"Portada","item":"https:\/\/www.eldiario.net\/portal\/"},{"@type":"ListItem","position":2,"name":"\u00bfQui\u00e9n es Sandra H\u00fcller?"}]},{"@type":"WebSite","@id":"https:\/\/www.eldiario.net\/portal\/#website","url":"https:\/\/www.eldiario.net\/portal\/","name":"El Diario - Decano de la prensa nacional","description":"El Diario - Decano de la prensa nacional","publisher":{"@id":"https:\/\/www.eldiario.net\/portal\/#organization"},"potentialAction":[{"@type":"SearchAction","target":{"@type":"EntryPoint","urlTemplate":"https:\/\/www.eldiario.net\/portal\/?s={search_term_string}"},"query-input":{"@type":"PropertyValueSpecification","valueRequired":true,"valueName":"search_term_string"}}],"inLanguage":"es"},{"@type":"Organization","@id":"https:\/\/www.eldiario.net\/portal\/#organization","name":"El Diario - Decano de la prensa nacional","url":"https:\/\/www.eldiario.net\/portal\/","logo":{"@type":"ImageObject","inLanguage":"es","@id":"https:\/\/www.eldiario.net\/portal\/#\/schema\/logo\/image\/","url":"https:\/\/www.eldiario.net\/portal\/wp-content\/uploads\/2023\/07\/logo_ED.jpg","contentUrl":"https:\/\/www.eldiario.net\/portal\/wp-content\/uploads\/2023\/07\/logo_ED.jpg","width":272,"height":52,"caption":"El Diario - Decano de la prensa nacional"},"image":{"@id":"https:\/\/www.eldiario.net\/portal\/#\/schema\/logo\/image\/"},"sameAs":["https:\/\/www.facebook.com\/eldiario.bolivia\/","https:\/\/x.com\/eldiario_net"]},{"@type":"Person","@id":"https:\/\/www.eldiario.net\/portal\/#\/schema\/person\/f46445640444750d7d753ccd04ae01b7","name":"Jeanette","image":{"@type":"ImageObject","inLanguage":"es","@id":"https:\/\/secure.gravatar.com\/avatar\/3ea2118a5f7dad2b7138b1187a6b7ee55f160b9968b66013c3a3ef39dd7e5798?s=96&d=mm&r=g","url":"https:\/\/secure.gravatar.com\/avatar\/3ea2118a5f7dad2b7138b1187a6b7ee55f160b9968b66013c3a3ef39dd7e5798?s=96&d=mm&r=g","contentUrl":"https:\/\/secure.gravatar.com\/avatar\/3ea2118a5f7dad2b7138b1187a6b7ee55f160b9968b66013c3a3ef39dd7e5798?s=96&d=mm&r=g","caption":"Jeanette"},"sameAs":["https:\/\/www.eldiario.net\/portal"],"url":"https:\/\/www.eldiario.net\/portal\/author\/jeanette\/"}]}},"_links":{"self":[{"href":"https:\/\/www.eldiario.net\/portal\/wp-json\/wp\/v2\/posts\/201095","targetHints":{"allow":["GET"]}}],"collection":[{"href":"https:\/\/www.eldiario.net\/portal\/wp-json\/wp\/v2\/posts"}],"about":[{"href":"https:\/\/www.eldiario.net\/portal\/wp-json\/wp\/v2\/types\/post"}],"author":[{"embeddable":true,"href":"https:\/\/www.eldiario.net\/portal\/wp-json\/wp\/v2\/users\/1"}],"replies":[{"embeddable":true,"href":"https:\/\/www.eldiario.net\/portal\/wp-json\/wp\/v2\/comments?post=201095"}],"version-history":[{"count":1,"href":"https:\/\/www.eldiario.net\/portal\/wp-json\/wp\/v2\/posts\/201095\/revisions"}],"predecessor-version":[{"id":201099,"href":"https:\/\/www.eldiario.net\/portal\/wp-json\/wp\/v2\/posts\/201095\/revisions\/201099"}],"wp:featuredmedia":[{"embeddable":true,"href":"https:\/\/www.eldiario.net\/portal\/wp-json\/wp\/v2\/media\/201096"}],"wp:attachment":[{"href":"https:\/\/www.eldiario.net\/portal\/wp-json\/wp\/v2\/media?parent=201095"}],"wp:term":[{"taxonomy":"category","embeddable":true,"href":"https:\/\/www.eldiario.net\/portal\/wp-json\/wp\/v2\/categories?post=201095"},{"taxonomy":"post_tag","embeddable":true,"href":"https:\/\/www.eldiario.net\/portal\/wp-json\/wp\/v2\/tags?post=201095"}],"curies":[{"name":"wp","href":"https:\/\/api.w.org\/{rel}","templated":true}]}}