{"id":201090,"date":"2024-02-04T01:25:42","date_gmt":"2024-02-04T05:25:42","guid":{"rendered":"https:\/\/www.eldiario.net\/portal\/?p=201090"},"modified":"2024-02-02T23:27:14","modified_gmt":"2024-02-03T03:27:14","slug":"anatomia-de-una-caida-recibio-cinco-nominaciones-a-los-oscars","status":"publish","type":"post","link":"https:\/\/www.eldiario.net\/portal\/2024\/02\/04\/anatomia-de-una-caida-recibio-cinco-nominaciones-a-los-oscars\/","title":{"rendered":"\u201cAnatom\u00eda de una ca\u00edda\u201d recibi\u00f3 cinco nominaciones a los Oscars"},"content":{"rendered":"<p>Anatom\u00eda de una ca\u00edda narra la historia de una mujer, quien es sospechosa del asesinato de su marido. Su hijo ciego es el \u00fanico testigo de los eventos ocurridos y se encuentra en un dilema complejo a la hora de colaborar con la investigaci\u00f3n.<br \/>\nA partir de esta sinopsis, ya podemos detectar el motivo por el cual la pel\u00edcula recibi\u00f3 su nominaci\u00f3n a Mejor Gui\u00f3n Original en los Premios Oscar. Una de las intenciones de la cinta es, a trav\u00e9s de este preocupante crimen, representar el desgaste de una pareja. Uno de los objetivos principales es retratar el deterioro f\u00edsico y emocional de un cuerpo de manera t\u00e9cnica como s\u00edmbolo del deterioro de una historia de amor. La pel\u00edcula no es una adaptaci\u00f3n de una historia real. Sin embargo, est\u00e1 llena de detalles, sobre todo detalles legales. Para lograr esa sensaci\u00f3n de caso ver\u00eddico, se realiz\u00f3 mucha investigaci\u00f3n previa y se consult\u00f3 con numerosos expertos.<br \/>\nPor otro lado, la cinta recibi\u00f3 su merecido reconocimiento en la categor\u00eda de Mejor Edici\u00f3n y Mejor Direcci\u00f3n. La directora Justine Triet pens\u00f3 esta historia como si fuese un interrogatorio prolongado, con escenas que van desde el hogar de la pareja hasta la sala de audiencias, donde los personajes son cuestionados constantemente. Tambi\u00e9n recurri\u00f3 a un estilo documental tanto en la narraci\u00f3n como en la fotograf\u00eda para darle un toque distinto a este relato. Adem\u00e1s, para ahondar en las complejidades de la historia, y despertar diversas emociones en el p\u00fablico, recurri\u00f3 a la ausencia de m\u00fasica adicional y un tono descarnado, sin adornos.<br \/>\nPor \u00faltimo, la actriz Sandra H\u00fcller, quien tambi\u00e9n forma parte de otra cinta nominada al Oscar, La zona de inter\u00e9s, se encuentra en la categor\u00eda de Mejor Actriz por su interpretaci\u00f3n en Anatom\u00eda de una ca\u00edda. El desaf\u00edo de su personaje fue, principalmente, representar a una mujer liberal, juzgada por su sexualidad, su carrera y su maternidad. Sandra supo aportar complejidad y profundidad al personaje para poder contar esta historia con convicci\u00f3n y autenticidad.<br \/>\nAnatom\u00eda de una ca\u00edda ya est\u00e1 disponible en las salas de cine de Latinoam\u00e9rica. (Diamond Films)<br \/>\n\r\n                <style type=\"text\/css\">\r\n                    \r\n                    #tdi_1  .td-doubleSlider-2 .td-item1 {\r\n                        background: url(https:\/\/www.eldiario.net\/portal\/wp-content\/uploads\/2024\/02\/Anatomia-de-una-caida-recibio-cinco-nominaciones-a-los-Oscars-2.jpg) 0 0 no-repeat;\r\n                    }\r\n                    #tdi_1  .td-doubleSlider-2 .td-item2 {\r\n                        background: url(https:\/\/www.eldiario.net\/portal\/wp-content\/uploads\/2024\/02\/Anatomia-de-una-caida-recibio-cinco-nominaciones-a-los-Oscars-3.jpg) 0 0 no-repeat;\r\n                    }\r\n                    #tdi_1  .td-doubleSlider-2 .td-item3 {\r\n                        background: url(https:\/\/www.eldiario.net\/portal\/wp-content\/uploads\/2024\/02\/Anatomia-de-una-caida-recibio-cinco-nominaciones-a-los-Oscars.jpg) 0 0 no-repeat;\r\n                    }\r\n                <\/style>\r\n\r\n                <div id=\"tdi_1\" class=\"td-gallery td-slide-on-2-columns\">\r\n                    <div class=\"post_td_gallery\">\r\n                        <div class=\"td-gallery-slide-top\">\r\n                           <div class=\"td-gallery-title\"><\/div>\r\n\r\n                            <div class=\"td-gallery-controls-wrapper\">\r\n                                <div class=\"td-gallery-slide-count\"><span class=\"td-gallery-slide-item-focus\">1<\/span> de 3<\/div>\r\n                                <div class=\"td-gallery-slide-prev-next-but\">\r\n                                    <i class = \"td-icon-left doubleSliderPrevButton\"><\/i>\r\n                                    <i class = \"td-icon-right doubleSliderNextButton\"><\/i>\r\n                                <\/div>\r\n                            <\/div>\r\n                        <\/div>\r\n\r\n                        <div class = \"td-doubleSlider-1 \">\r\n                            <div class = \"td-slider\">\r\n                                \r\n                    <div class = \"td-slide-item td-item1\">\r\n                        <figure class=\"td-slide-galery-figure td-slide-popup-gallery\">\r\n                            <a class=\"slide-gallery-image-link\" href=\"https:\/\/www.eldiario.net\/portal\/wp-content\/uploads\/2024\/02\/Anatomia-de-una-caida-recibio-cinco-nominaciones-a-los-Oscars-2.jpg\" title=\"\u201cAnatom\u00eda de una ca\u00edda\u201d recibi\u00f3 cinco nominaciones a los Oscars (2)\"  data-caption=\"\"  data-description=\"\">\r\n                                <img decoding=\"async\" src=\"https:\/\/www.eldiario.net\/portal\/wp-content\/uploads\/2024\/02\/Anatomia-de-una-caida-recibio-cinco-nominaciones-a-los-Oscars-2.jpg\" srcset=\"https:\/\/www.eldiario.net\/portal\/wp-content\/uploads\/2024\/02\/Anatomia-de-una-caida-recibio-cinco-nominaciones-a-los-Oscars-2.jpg 1667w, https:\/\/www.eldiario.net\/portal\/wp-content\/uploads\/2024\/02\/Anatomia-de-una-caida-recibio-cinco-nominaciones-a-los-Oscars-2-300x225.jpg 300w, https:\/\/www.eldiario.net\/portal\/wp-content\/uploads\/2024\/02\/Anatomia-de-una-caida-recibio-cinco-nominaciones-a-los-Oscars-2-1024x768.jpg 1024w, https:\/\/www.eldiario.net\/portal\/wp-content\/uploads\/2024\/02\/Anatomia-de-una-caida-recibio-cinco-nominaciones-a-los-Oscars-2-768x576.jpg 768w, https:\/\/www.eldiario.net\/portal\/wp-content\/uploads\/2024\/02\/Anatomia-de-una-caida-recibio-cinco-nominaciones-a-los-Oscars-2-1536x1152.jpg 1536w, https:\/\/www.eldiario.net\/portal\/wp-content\/uploads\/2024\/02\/Anatomia-de-una-caida-recibio-cinco-nominaciones-a-los-Oscars-2-696x522.jpg 696w, https:\/\/www.eldiario.net\/portal\/wp-content\/uploads\/2024\/02\/Anatomia-de-una-caida-recibio-cinco-nominaciones-a-los-Oscars-2-1068x801.jpg 1068w\" sizes=\"(max-width: 560px) 100vw, 560px\" alt=\"\">\r\n                            <\/a>\r\n                            \r\n                        <\/figure>\r\n                    <\/div>\r\n                    <div class = \"td-slide-item td-item2\">\r\n                        <figure class=\"td-slide-galery-figure td-slide-popup-gallery\">\r\n                            <a class=\"slide-gallery-image-link\" href=\"https:\/\/www.eldiario.net\/portal\/wp-content\/uploads\/2024\/02\/Anatomia-de-una-caida-recibio-cinco-nominaciones-a-los-Oscars-3.jpg\" title=\"\u201cAnatom\u00eda de una ca\u00edda\u201d recibi\u00f3 cinco nominaciones a los Oscars (3)\"  data-caption=\"\"  data-description=\"\">\r\n                                <img decoding=\"async\" src=\"https:\/\/www.eldiario.net\/portal\/wp-content\/uploads\/2024\/02\/Anatomia-de-una-caida-recibio-cinco-nominaciones-a-los-Oscars-3.jpg\" srcset=\"https:\/\/www.eldiario.net\/portal\/wp-content\/uploads\/2024\/02\/Anatomia-de-una-caida-recibio-cinco-nominaciones-a-los-Oscars-3.jpg 1667w, https:\/\/www.eldiario.net\/portal\/wp-content\/uploads\/2024\/02\/Anatomia-de-una-caida-recibio-cinco-nominaciones-a-los-Oscars-3-300x225.jpg 300w, https:\/\/www.eldiario.net\/portal\/wp-content\/uploads\/2024\/02\/Anatomia-de-una-caida-recibio-cinco-nominaciones-a-los-Oscars-3-1024x768.jpg 1024w, https:\/\/www.eldiario.net\/portal\/wp-content\/uploads\/2024\/02\/Anatomia-de-una-caida-recibio-cinco-nominaciones-a-los-Oscars-3-768x576.jpg 768w, https:\/\/www.eldiario.net\/portal\/wp-content\/uploads\/2024\/02\/Anatomia-de-una-caida-recibio-cinco-nominaciones-a-los-Oscars-3-1536x1152.jpg 1536w, https:\/\/www.eldiario.net\/portal\/wp-content\/uploads\/2024\/02\/Anatomia-de-una-caida-recibio-cinco-nominaciones-a-los-Oscars-3-696x522.jpg 696w, https:\/\/www.eldiario.net\/portal\/wp-content\/uploads\/2024\/02\/Anatomia-de-una-caida-recibio-cinco-nominaciones-a-los-Oscars-3-1068x801.jpg 1068w\" sizes=\"(max-width: 560px) 100vw, 560px\" alt=\"\">\r\n                            <\/a>\r\n                            \r\n                        <\/figure>\r\n                    <\/div>\r\n                    <div class = \"td-slide-item td-item3\">\r\n                        <figure class=\"td-slide-galery-figure td-slide-popup-gallery\">\r\n                            <a class=\"slide-gallery-image-link\" href=\"https:\/\/www.eldiario.net\/portal\/wp-content\/uploads\/2024\/02\/Anatomia-de-una-caida-recibio-cinco-nominaciones-a-los-Oscars.jpg\" title=\"\u201cAnatom\u00eda de una ca\u00edda\u201d recibi\u00f3 cinco nominaciones a los Oscars\"  data-caption=\"\"  data-description=\"\">\r\n                                <img decoding=\"async\" src=\"https:\/\/www.eldiario.net\/portal\/wp-content\/uploads\/2024\/02\/Anatomia-de-una-caida-recibio-cinco-nominaciones-a-los-Oscars.jpg\" srcset=\"https:\/\/www.eldiario.net\/portal\/wp-content\/uploads\/2024\/02\/Anatomia-de-una-caida-recibio-cinco-nominaciones-a-los-Oscars.jpg 1555w, https:\/\/www.eldiario.net\/portal\/wp-content\/uploads\/2024\/02\/Anatomia-de-una-caida-recibio-cinco-nominaciones-a-los-Oscars-300x225.jpg 300w, https:\/\/www.eldiario.net\/portal\/wp-content\/uploads\/2024\/02\/Anatomia-de-una-caida-recibio-cinco-nominaciones-a-los-Oscars-1024x768.jpg 1024w, https:\/\/www.eldiario.net\/portal\/wp-content\/uploads\/2024\/02\/Anatomia-de-una-caida-recibio-cinco-nominaciones-a-los-Oscars-768x576.jpg 768w, https:\/\/www.eldiario.net\/portal\/wp-content\/uploads\/2024\/02\/Anatomia-de-una-caida-recibio-cinco-nominaciones-a-los-Oscars-1536x1153.jpg 1536w, https:\/\/www.eldiario.net\/portal\/wp-content\/uploads\/2024\/02\/Anatomia-de-una-caida-recibio-cinco-nominaciones-a-los-Oscars-696x522.jpg 696w, https:\/\/www.eldiario.net\/portal\/wp-content\/uploads\/2024\/02\/Anatomia-de-una-caida-recibio-cinco-nominaciones-a-los-Oscars-1068x802.jpg 1068w\" sizes=\"(max-width: 560px) 100vw, 560px\" alt=\"\">\r\n                            <\/a>\r\n                            \r\n                        <\/figure>\r\n                    <\/div>\r\n                            <\/div>\r\n                        <\/div>\r\n\r\n                        <div class = \"td-doubleSlider-2\">\r\n                            <div class = \"td-slider\">\r\n                                \r\n                    <div class = \"td-button td-item1\">\r\n                        <div class = \"td-border\"><\/div>\r\n                    <\/div>\r\n                    <div class = \"td-button td-item2\">\r\n                        <div class = \"td-border\"><\/div>\r\n                    <\/div>\r\n                    <div class = \"td-button td-item3\">\r\n                        <div class = \"td-border\"><\/div>\r\n                    <\/div>\r\n                            <\/div>\r\n                        <\/div>\r\n\r\n                    <\/div>\r\n\r\n                <\/div>\r\n                <\/p>\n","protected":false},"excerpt":{"rendered":"<p>Anatom\u00eda de una ca\u00edda narra la historia de una mujer, quien es sospechosa del asesinato de su marido. Su hijo ciego es el \u00fanico testigo de los eventos ocurridos y se encuentra en un dilema complejo a la hora de colaborar con la investigaci\u00f3n. A partir de esta sinopsis, ya podemos detectar el motivo por [&hellip;]<\/p>\n","protected":false},"author":1,"featured_media":201091,"comment_status":"open","ping_status":"open","sticky":false,"template":"","format":"standard","meta":{"_acf_changed":false,"footnotes":""},"categories":[45],"tags":[],"class_list":["post-201090","post","type-post","status-publish","format-standard","has-post-thumbnail","category-cine-mundo"],"acf":{"antetitulo":""},"yoast_head":"<!-- This site is optimized with the Yoast SEO plugin v28.3 - https:\/\/yoast.com\/product\/yoast-seo-wordpress\/ -->\n<title>\u201cAnatom\u00eda de una ca\u00edda\u201d recibi\u00f3 cinco nominaciones a los Oscars - El Diario - Bolivia<\/title>\n<meta name=\"robots\" content=\"index, follow, max-snippet:-1, max-image-preview:large, max-video-preview:-1\" \/>\n<link rel=\"canonical\" href=\"https:\/\/www.eldiario.net\/portal\/2024\/02\/04\/anatomia-de-una-caida-recibio-cinco-nominaciones-a-los-oscars\/\" \/>\n<meta property=\"og:locale\" content=\"es_ES\" \/>\n<meta property=\"og:type\" content=\"article\" \/>\n<meta property=\"og:title\" content=\"\u201cAnatom\u00eda de una ca\u00edda\u201d recibi\u00f3 cinco nominaciones a los Oscars - El Diario - Bolivia\" \/>\n<meta property=\"og:description\" content=\"Anatom\u00eda de una ca\u00edda narra la historia de una mujer, quien es sospechosa del asesinato de su marido. Su hijo ciego es el \u00fanico testigo de los eventos ocurridos y se encuentra en un dilema complejo a la hora de colaborar con la investigaci\u00f3n. A partir de esta sinopsis, ya podemos detectar el motivo por [&hellip;]\" \/>\n<meta property=\"og:url\" content=\"https:\/\/www.eldiario.net\/portal\/2024\/02\/04\/anatomia-de-una-caida-recibio-cinco-nominaciones-a-los-oscars\/\" \/>\n<meta property=\"og:site_name\" content=\"El Diario - Bolivia\" \/>\n<meta property=\"article:publisher\" content=\"https:\/\/www.facebook.com\/eldiario.bolivia\/\" \/>\n<meta property=\"article:published_time\" content=\"2024-02-04T05:25:42+00:00\" \/>\n<meta property=\"og:image\" content=\"https:\/\/www.eldiario.net\/portal\/wp-content\/uploads\/2024\/02\/Anatomia-de-una-caida-recibio-cinco-nominaciones-a-los-Oscars-2.jpg\" \/>\n\t<meta property=\"og:image:width\" content=\"1667\" \/>\n\t<meta property=\"og:image:height\" content=\"1250\" \/>\n\t<meta property=\"og:image:type\" content=\"image\/jpeg\" \/>\n<meta name=\"author\" content=\"Jeanette\" \/>\n<meta name=\"twitter:card\" content=\"summary_large_image\" \/>\n<meta name=\"twitter:creator\" content=\"@eldiario_net\" \/>\n<meta name=\"twitter:site\" content=\"@eldiario_net\" \/>\n<meta name=\"twitter:label1\" content=\"Escrito por\" \/>\n\t<meta name=\"twitter:data1\" content=\"Jeanette\" \/>\n\t<meta name=\"twitter:label2\" content=\"Tiempo de lectura\" \/>\n\t<meta name=\"twitter:data2\" content=\"1 minuto\" \/>\n<script type=\"application\/ld+json\" class=\"yoast-schema-graph\">{\"@context\":\"https:\\\/\\\/schema.org\",\"@graph\":[{\"@type\":\"Article\",\"@id\":\"https:\\\/\\\/www.eldiario.net\\\/portal\\\/2024\\\/02\\\/04\\\/anatomia-de-una-caida-recibio-cinco-nominaciones-a-los-oscars\\\/#article\",\"isPartOf\":{\"@id\":\"https:\\\/\\\/www.eldiario.net\\\/portal\\\/2024\\\/02\\\/04\\\/anatomia-de-una-caida-recibio-cinco-nominaciones-a-los-oscars\\\/\"},\"author\":{\"name\":\"Jeanette\",\"@id\":\"https:\\\/\\\/www.eldiario.net\\\/portal\\\/#\\\/schema\\\/person\\\/f46445640444750d7d753ccd04ae01b7\"},\"headline\":\"\u201cAnatom\u00eda de una ca\u00edda\u201d recibi\u00f3 cinco nominaciones a los Oscars\",\"datePublished\":\"2024-02-04T05:25:42+00:00\",\"mainEntityOfPage\":{\"@id\":\"https:\\\/\\\/www.eldiario.net\\\/portal\\\/2024\\\/02\\\/04\\\/anatomia-de-una-caida-recibio-cinco-nominaciones-a-los-oscars\\\/\"},\"wordCount\":405,\"commentCount\":0,\"publisher\":{\"@id\":\"https:\\\/\\\/www.eldiario.net\\\/portal\\\/#organization\"},\"image\":{\"@id\":\"https:\\\/\\\/www.eldiario.net\\\/portal\\\/2024\\\/02\\\/04\\\/anatomia-de-una-caida-recibio-cinco-nominaciones-a-los-oscars\\\/#primaryimage\"},\"thumbnailUrl\":\"https:\\\/\\\/www.eldiario.net\\\/portal\\\/wp-content\\\/uploads\\\/2024\\\/02\\\/Anatomia-de-una-caida-recibio-cinco-nominaciones-a-los-Oscars-2.jpg\",\"articleSection\":[\"Cine Mundo\"],\"inLanguage\":\"es\",\"potentialAction\":[{\"@type\":\"CommentAction\",\"name\":\"Comment\",\"target\":[\"https:\\\/\\\/www.eldiario.net\\\/portal\\\/2024\\\/02\\\/04\\\/anatomia-de-una-caida-recibio-cinco-nominaciones-a-los-oscars\\\/#respond\"]}]},{\"@type\":\"WebPage\",\"@id\":\"https:\\\/\\\/www.eldiario.net\\\/portal\\\/2024\\\/02\\\/04\\\/anatomia-de-una-caida-recibio-cinco-nominaciones-a-los-oscars\\\/\",\"url\":\"https:\\\/\\\/www.eldiario.net\\\/portal\\\/2024\\\/02\\\/04\\\/anatomia-de-una-caida-recibio-cinco-nominaciones-a-los-oscars\\\/\",\"name\":\"\u201cAnatom\u00eda de una ca\u00edda\u201d recibi\u00f3 cinco nominaciones a los Oscars - El Diario - Bolivia\",\"isPartOf\":{\"@id\":\"https:\\\/\\\/www.eldiario.net\\\/portal\\\/#website\"},\"primaryImageOfPage\":{\"@id\":\"https:\\\/\\\/www.eldiario.net\\\/portal\\\/2024\\\/02\\\/04\\\/anatomia-de-una-caida-recibio-cinco-nominaciones-a-los-oscars\\\/#primaryimage\"},\"image\":{\"@id\":\"https:\\\/\\\/www.eldiario.net\\\/portal\\\/2024\\\/02\\\/04\\\/anatomia-de-una-caida-recibio-cinco-nominaciones-a-los-oscars\\\/#primaryimage\"},\"thumbnailUrl\":\"https:\\\/\\\/www.eldiario.net\\\/portal\\\/wp-content\\\/uploads\\\/2024\\\/02\\\/Anatomia-de-una-caida-recibio-cinco-nominaciones-a-los-Oscars-2.jpg\",\"datePublished\":\"2024-02-04T05:25:42+00:00\",\"breadcrumb\":{\"@id\":\"https:\\\/\\\/www.eldiario.net\\\/portal\\\/2024\\\/02\\\/04\\\/anatomia-de-una-caida-recibio-cinco-nominaciones-a-los-oscars\\\/#breadcrumb\"},\"inLanguage\":\"es\",\"potentialAction\":[{\"@type\":\"ReadAction\",\"target\":[\"https:\\\/\\\/www.eldiario.net\\\/portal\\\/2024\\\/02\\\/04\\\/anatomia-de-una-caida-recibio-cinco-nominaciones-a-los-oscars\\\/\"]}]},{\"@type\":\"ImageObject\",\"inLanguage\":\"es\",\"@id\":\"https:\\\/\\\/www.eldiario.net\\\/portal\\\/2024\\\/02\\\/04\\\/anatomia-de-una-caida-recibio-cinco-nominaciones-a-los-oscars\\\/#primaryimage\",\"url\":\"https:\\\/\\\/www.eldiario.net\\\/portal\\\/wp-content\\\/uploads\\\/2024\\\/02\\\/Anatomia-de-una-caida-recibio-cinco-nominaciones-a-los-Oscars-2.jpg\",\"contentUrl\":\"https:\\\/\\\/www.eldiario.net\\\/portal\\\/wp-content\\\/uploads\\\/2024\\\/02\\\/Anatomia-de-una-caida-recibio-cinco-nominaciones-a-los-Oscars-2.jpg\",\"width\":1667,\"height\":1250},{\"@type\":\"BreadcrumbList\",\"@id\":\"https:\\\/\\\/www.eldiario.net\\\/portal\\\/2024\\\/02\\\/04\\\/anatomia-de-una-caida-recibio-cinco-nominaciones-a-los-oscars\\\/#breadcrumb\",\"itemListElement\":[{\"@type\":\"ListItem\",\"position\":1,\"name\":\"Portada\",\"item\":\"https:\\\/\\\/www.eldiario.net\\\/portal\\\/\"},{\"@type\":\"ListItem\",\"position\":2,\"name\":\"\u201cAnatom\u00eda de una ca\u00edda\u201d recibi\u00f3 cinco nominaciones a los Oscars\"}]},{\"@type\":\"WebSite\",\"@id\":\"https:\\\/\\\/www.eldiario.net\\\/portal\\\/#website\",\"url\":\"https:\\\/\\\/www.eldiario.net\\\/portal\\\/\",\"name\":\"El Diario - Decano de la prensa nacional\",\"description\":\"El Diario - Decano de la prensa nacional\",\"publisher\":{\"@id\":\"https:\\\/\\\/www.eldiario.net\\\/portal\\\/#organization\"},\"potentialAction\":[{\"@type\":\"SearchAction\",\"target\":{\"@type\":\"EntryPoint\",\"urlTemplate\":\"https:\\\/\\\/www.eldiario.net\\\/portal\\\/?s={search_term_string}\"},\"query-input\":{\"@type\":\"PropertyValueSpecification\",\"valueRequired\":true,\"valueName\":\"search_term_string\"}}],\"inLanguage\":\"es\"},{\"@type\":\"Organization\",\"@id\":\"https:\\\/\\\/www.eldiario.net\\\/portal\\\/#organization\",\"name\":\"El Diario - Decano de la prensa nacional\",\"url\":\"https:\\\/\\\/www.eldiario.net\\\/portal\\\/\",\"logo\":{\"@type\":\"ImageObject\",\"inLanguage\":\"es\",\"@id\":\"https:\\\/\\\/www.eldiario.net\\\/portal\\\/#\\\/schema\\\/logo\\\/image\\\/\",\"url\":\"https:\\\/\\\/www.eldiario.net\\\/portal\\\/wp-content\\\/uploads\\\/2023\\\/07\\\/logo_ED.jpg\",\"contentUrl\":\"https:\\\/\\\/www.eldiario.net\\\/portal\\\/wp-content\\\/uploads\\\/2023\\\/07\\\/logo_ED.jpg\",\"width\":272,\"height\":52,\"caption\":\"El Diario - Decano de la prensa nacional\"},\"image\":{\"@id\":\"https:\\\/\\\/www.eldiario.net\\\/portal\\\/#\\\/schema\\\/logo\\\/image\\\/\"},\"sameAs\":[\"https:\\\/\\\/www.facebook.com\\\/eldiario.bolivia\\\/\",\"https:\\\/\\\/x.com\\\/eldiario_net\"]},{\"@type\":\"Person\",\"@id\":\"https:\\\/\\\/www.eldiario.net\\\/portal\\\/#\\\/schema\\\/person\\\/f46445640444750d7d753ccd04ae01b7\",\"name\":\"Jeanette\",\"image\":{\"@type\":\"ImageObject\",\"inLanguage\":\"es\",\"@id\":\"https:\\\/\\\/secure.gravatar.com\\\/avatar\\\/3ea2118a5f7dad2b7138b1187a6b7ee55f160b9968b66013c3a3ef39dd7e5798?s=96&d=mm&r=g\",\"url\":\"https:\\\/\\\/secure.gravatar.com\\\/avatar\\\/3ea2118a5f7dad2b7138b1187a6b7ee55f160b9968b66013c3a3ef39dd7e5798?s=96&d=mm&r=g\",\"contentUrl\":\"https:\\\/\\\/secure.gravatar.com\\\/avatar\\\/3ea2118a5f7dad2b7138b1187a6b7ee55f160b9968b66013c3a3ef39dd7e5798?s=96&d=mm&r=g\",\"caption\":\"Jeanette\"},\"sameAs\":[\"https:\\\/\\\/www.eldiario.net\\\/portal\"],\"url\":\"https:\\\/\\\/www.eldiario.net\\\/portal\\\/author\\\/jeanette\\\/\"}]}<\/script>\n<!-- \/ Yoast SEO plugin. -->","yoast_head_json":{"title":"\u201cAnatom\u00eda de una ca\u00edda\u201d recibi\u00f3 cinco nominaciones a los Oscars - El Diario - Bolivia","robots":{"index":"index","follow":"follow","max-snippet":"max-snippet:-1","max-image-preview":"max-image-preview:large","max-video-preview":"max-video-preview:-1"},"canonical":"https:\/\/www.eldiario.net\/portal\/2024\/02\/04\/anatomia-de-una-caida-recibio-cinco-nominaciones-a-los-oscars\/","og_locale":"es_ES","og_type":"article","og_title":"\u201cAnatom\u00eda de una ca\u00edda\u201d recibi\u00f3 cinco nominaciones a los Oscars - El Diario - Bolivia","og_description":"Anatom\u00eda de una ca\u00edda narra la historia de una mujer, quien es sospechosa del asesinato de su marido. Su hijo ciego es el \u00fanico testigo de los eventos ocurridos y se encuentra en un dilema complejo a la hora de colaborar con la investigaci\u00f3n. A partir de esta sinopsis, ya podemos detectar el motivo por [&hellip;]","og_url":"https:\/\/www.eldiario.net\/portal\/2024\/02\/04\/anatomia-de-una-caida-recibio-cinco-nominaciones-a-los-oscars\/","og_site_name":"El Diario - Bolivia","article_publisher":"https:\/\/www.facebook.com\/eldiario.bolivia\/","article_published_time":"2024-02-04T05:25:42+00:00","og_image":[{"width":1667,"height":1250,"url":"https:\/\/www.eldiario.net\/portal\/wp-content\/uploads\/2024\/02\/Anatomia-de-una-caida-recibio-cinco-nominaciones-a-los-Oscars-2.jpg","type":"image\/jpeg"}],"author":"Jeanette","twitter_card":"summary_large_image","twitter_creator":"@eldiario_net","twitter_site":"@eldiario_net","twitter_misc":{"Escrito por":"Jeanette","Tiempo de lectura":"1 minuto"},"schema":{"@context":"https:\/\/schema.org","@graph":[{"@type":"Article","@id":"https:\/\/www.eldiario.net\/portal\/2024\/02\/04\/anatomia-de-una-caida-recibio-cinco-nominaciones-a-los-oscars\/#article","isPartOf":{"@id":"https:\/\/www.eldiario.net\/portal\/2024\/02\/04\/anatomia-de-una-caida-recibio-cinco-nominaciones-a-los-oscars\/"},"author":{"name":"Jeanette","@id":"https:\/\/www.eldiario.net\/portal\/#\/schema\/person\/f46445640444750d7d753ccd04ae01b7"},"headline":"\u201cAnatom\u00eda de una ca\u00edda\u201d recibi\u00f3 cinco nominaciones a los Oscars","datePublished":"2024-02-04T05:25:42+00:00","mainEntityOfPage":{"@id":"https:\/\/www.eldiario.net\/portal\/2024\/02\/04\/anatomia-de-una-caida-recibio-cinco-nominaciones-a-los-oscars\/"},"wordCount":405,"commentCount":0,"publisher":{"@id":"https:\/\/www.eldiario.net\/portal\/#organization"},"image":{"@id":"https:\/\/www.eldiario.net\/portal\/2024\/02\/04\/anatomia-de-una-caida-recibio-cinco-nominaciones-a-los-oscars\/#primaryimage"},"thumbnailUrl":"https:\/\/www.eldiario.net\/portal\/wp-content\/uploads\/2024\/02\/Anatomia-de-una-caida-recibio-cinco-nominaciones-a-los-Oscars-2.jpg","articleSection":["Cine Mundo"],"inLanguage":"es","potentialAction":[{"@type":"CommentAction","name":"Comment","target":["https:\/\/www.eldiario.net\/portal\/2024\/02\/04\/anatomia-de-una-caida-recibio-cinco-nominaciones-a-los-oscars\/#respond"]}]},{"@type":"WebPage","@id":"https:\/\/www.eldiario.net\/portal\/2024\/02\/04\/anatomia-de-una-caida-recibio-cinco-nominaciones-a-los-oscars\/","url":"https:\/\/www.eldiario.net\/portal\/2024\/02\/04\/anatomia-de-una-caida-recibio-cinco-nominaciones-a-los-oscars\/","name":"\u201cAnatom\u00eda de una ca\u00edda\u201d recibi\u00f3 cinco nominaciones a los Oscars - El Diario - Bolivia","isPartOf":{"@id":"https:\/\/www.eldiario.net\/portal\/#website"},"primaryImageOfPage":{"@id":"https:\/\/www.eldiario.net\/portal\/2024\/02\/04\/anatomia-de-una-caida-recibio-cinco-nominaciones-a-los-oscars\/#primaryimage"},"image":{"@id":"https:\/\/www.eldiario.net\/portal\/2024\/02\/04\/anatomia-de-una-caida-recibio-cinco-nominaciones-a-los-oscars\/#primaryimage"},"thumbnailUrl":"https:\/\/www.eldiario.net\/portal\/wp-content\/uploads\/2024\/02\/Anatomia-de-una-caida-recibio-cinco-nominaciones-a-los-Oscars-2.jpg","datePublished":"2024-02-04T05:25:42+00:00","breadcrumb":{"@id":"https:\/\/www.eldiario.net\/portal\/2024\/02\/04\/anatomia-de-una-caida-recibio-cinco-nominaciones-a-los-oscars\/#breadcrumb"},"inLanguage":"es","potentialAction":[{"@type":"ReadAction","target":["https:\/\/www.eldiario.net\/portal\/2024\/02\/04\/anatomia-de-una-caida-recibio-cinco-nominaciones-a-los-oscars\/"]}]},{"@type":"ImageObject","inLanguage":"es","@id":"https:\/\/www.eldiario.net\/portal\/2024\/02\/04\/anatomia-de-una-caida-recibio-cinco-nominaciones-a-los-oscars\/#primaryimage","url":"https:\/\/www.eldiario.net\/portal\/wp-content\/uploads\/2024\/02\/Anatomia-de-una-caida-recibio-cinco-nominaciones-a-los-Oscars-2.jpg","contentUrl":"https:\/\/www.eldiario.net\/portal\/wp-content\/uploads\/2024\/02\/Anatomia-de-una-caida-recibio-cinco-nominaciones-a-los-Oscars-2.jpg","width":1667,"height":1250},{"@type":"BreadcrumbList","@id":"https:\/\/www.eldiario.net\/portal\/2024\/02\/04\/anatomia-de-una-caida-recibio-cinco-nominaciones-a-los-oscars\/#breadcrumb","itemListElement":[{"@type":"ListItem","position":1,"name":"Portada","item":"https:\/\/www.eldiario.net\/portal\/"},{"@type":"ListItem","position":2,"name":"\u201cAnatom\u00eda de una ca\u00edda\u201d recibi\u00f3 cinco nominaciones a los Oscars"}]},{"@type":"WebSite","@id":"https:\/\/www.eldiario.net\/portal\/#website","url":"https:\/\/www.eldiario.net\/portal\/","name":"El Diario - Decano de la prensa nacional","description":"El Diario - Decano de la prensa nacional","publisher":{"@id":"https:\/\/www.eldiario.net\/portal\/#organization"},"potentialAction":[{"@type":"SearchAction","target":{"@type":"EntryPoint","urlTemplate":"https:\/\/www.eldiario.net\/portal\/?s={search_term_string}"},"query-input":{"@type":"PropertyValueSpecification","valueRequired":true,"valueName":"search_term_string"}}],"inLanguage":"es"},{"@type":"Organization","@id":"https:\/\/www.eldiario.net\/portal\/#organization","name":"El Diario - Decano de la prensa nacional","url":"https:\/\/www.eldiario.net\/portal\/","logo":{"@type":"ImageObject","inLanguage":"es","@id":"https:\/\/www.eldiario.net\/portal\/#\/schema\/logo\/image\/","url":"https:\/\/www.eldiario.net\/portal\/wp-content\/uploads\/2023\/07\/logo_ED.jpg","contentUrl":"https:\/\/www.eldiario.net\/portal\/wp-content\/uploads\/2023\/07\/logo_ED.jpg","width":272,"height":52,"caption":"El Diario - Decano de la prensa nacional"},"image":{"@id":"https:\/\/www.eldiario.net\/portal\/#\/schema\/logo\/image\/"},"sameAs":["https:\/\/www.facebook.com\/eldiario.bolivia\/","https:\/\/x.com\/eldiario_net"]},{"@type":"Person","@id":"https:\/\/www.eldiario.net\/portal\/#\/schema\/person\/f46445640444750d7d753ccd04ae01b7","name":"Jeanette","image":{"@type":"ImageObject","inLanguage":"es","@id":"https:\/\/secure.gravatar.com\/avatar\/3ea2118a5f7dad2b7138b1187a6b7ee55f160b9968b66013c3a3ef39dd7e5798?s=96&d=mm&r=g","url":"https:\/\/secure.gravatar.com\/avatar\/3ea2118a5f7dad2b7138b1187a6b7ee55f160b9968b66013c3a3ef39dd7e5798?s=96&d=mm&r=g","contentUrl":"https:\/\/secure.gravatar.com\/avatar\/3ea2118a5f7dad2b7138b1187a6b7ee55f160b9968b66013c3a3ef39dd7e5798?s=96&d=mm&r=g","caption":"Jeanette"},"sameAs":["https:\/\/www.eldiario.net\/portal"],"url":"https:\/\/www.eldiario.net\/portal\/author\/jeanette\/"}]}},"_links":{"self":[{"href":"https:\/\/www.eldiario.net\/portal\/wp-json\/wp\/v2\/posts\/201090","targetHints":{"allow":["GET"]}}],"collection":[{"href":"https:\/\/www.eldiario.net\/portal\/wp-json\/wp\/v2\/posts"}],"about":[{"href":"https:\/\/www.eldiario.net\/portal\/wp-json\/wp\/v2\/types\/post"}],"author":[{"embeddable":true,"href":"https:\/\/www.eldiario.net\/portal\/wp-json\/wp\/v2\/users\/1"}],"replies":[{"embeddable":true,"href":"https:\/\/www.eldiario.net\/portal\/wp-json\/wp\/v2\/comments?post=201090"}],"version-history":[{"count":1,"href":"https:\/\/www.eldiario.net\/portal\/wp-json\/wp\/v2\/posts\/201090\/revisions"}],"predecessor-version":[{"id":201094,"href":"https:\/\/www.eldiario.net\/portal\/wp-json\/wp\/v2\/posts\/201090\/revisions\/201094"}],"wp:featuredmedia":[{"embeddable":true,"href":"https:\/\/www.eldiario.net\/portal\/wp-json\/wp\/v2\/media\/201091"}],"wp:attachment":[{"href":"https:\/\/www.eldiario.net\/portal\/wp-json\/wp\/v2\/media?parent=201090"}],"wp:term":[{"taxonomy":"category","embeddable":true,"href":"https:\/\/www.eldiario.net\/portal\/wp-json\/wp\/v2\/categories?post=201090"},{"taxonomy":"post_tag","embeddable":true,"href":"https:\/\/www.eldiario.net\/portal\/wp-json\/wp\/v2\/tags?post=201090"}],"curies":[{"name":"wp","href":"https:\/\/api.w.org\/{rel}","templated":true}]}}