{"id":201045,"date":"2024-02-03T01:55:27","date_gmt":"2024-02-03T05:55:27","guid":{"rendered":"https:\/\/www.eldiario.net\/portal\/?p=201045"},"modified":"2024-02-02T22:56:23","modified_gmt":"2024-02-03T02:56:23","slug":"pacto-de-unidad-evista-da-cuarto-intermedio-en-bloqueos","status":"publish","type":"post","link":"https:\/\/www.eldiario.net\/portal\/2024\/02\/03\/pacto-de-unidad-evista-da-cuarto-intermedio-en-bloqueos\/","title":{"rendered":"Pacto de Unidad \u201cevista\u201d da  cuarto intermedio en bloqueos"},"content":{"rendered":"<p>El Pacto de Unidad perteneciente al ala \u201cevista\u201d del Movimiento al Socialismo (MAS) decidi\u00f3 anoche dar un cuarto intermedio en los bloqueos de carreteras y trasladar una vigilia a la Sede de Gobierno, a la espera de la promulgaci\u00f3n de la ley de convocatoria para las elecciones judiciales.<br \/>\nEl anuncio lo hizo el secretario ejecutivo de la Confederaci\u00f3n Sindical \u00danica de Trabajadores Campesinos de Bolivia (Csutcb), Ponciano Santos, cuando se cumplen 12 d\u00edas de la extrema medida que afect\u00f3 al eje troncal del pa\u00eds y tras conocer los acuerdos alcanzados en el Legislativo.<br \/>\n\u201cEstamos levantando el bloqueo nacional e indefinido, (damos) cuarto intermedio y el d\u00eda domingo en la noche nos trasladamos a la ciudad de La Paz para hacer vigilia hasta su promulgaci\u00f3n de la ley de elecciones judiciales porque no confiamos en el acuerdo que han firmado las fuerzas pol\u00edticas hoy d\u00eda en La Paz\u201d, dijo.<br \/>\nLa medida de presi\u00f3n buscaba la renuncia de los magistrados del \u00d3rgano Judicial y Tribunal Constitucional Plurinacional (TCP) y la aprobaci\u00f3n de una ley de convocatoria para las elecciones judiciales que se encuentra paralizado desde abril de 2023.<br \/>\n\u201cVamos a estar en vigilia, caso contrario, si (hubiera) alguna dificultad y no llegar\u00edan a promulgar (la ley), nosotros vamos a volver a bloquear el pa\u00eds\u201d, advirti\u00f3 Santos.<br \/>\nSin embargo, horas antes, el dirigente de la Csutcb, Humberto Claros, hab\u00eda descartado la posibilidad de que se levante la extrema medida, pese al acuerdo en el Legislativo, ya que no es una \u201cgarant\u00eda\u201d para que se realicen los comicios judiciales.<br \/>\n\u201cEn todo caso, ratificar de que el bloqueo nacional de caminos contin\u00faa hasta que el Legislativo sancione definitivamente la ley y est\u00e9 promulgada\u201d, remarc\u00f3 a Radio Kawsachun Coca.<br \/>\nDe acuerdo con el acta firmada por la oposici\u00f3n y el oficialismo, la ley de elecciones judiciales ser\u00e1 tratado en la C\u00e1mara de Diputados el lunes 5 de febrero hasta su total aprobaci\u00f3n, mientras que la C\u00e1mara de Senadores lo tratar\u00e1 al d\u00eda siguiente.<br \/>\nLos bloqueos ocasionaron hasta ayer p\u00e9rdidas econ\u00f3micas millonarias que superan los $us 832 millones y adem\u00e1s tendr\u00e1n un impacto en el crecimiento del Producto Interno Bruto (PIB) y el empleo, seg\u00fan el vocero presidencial Jorge Richter.<br \/>\nEXAUTORIDADES<br \/>\nEl viceministro de Defensa Social y Sustancias Controladas, Jaime Mamani, se\u00f1al\u00f3 a varias exautoridades de la gesti\u00f3n del expresidente del Estado, Evo Morales, como autores intelectuales detr\u00e1s del bloqueo de caminos a nivel nacional, entre los que figuran Carlos Romero, Juan Ram\u00f3n Quintana, Teresa Morales y el exalcalde de Warnes, Mario Cronenbold.<br \/>\nAsimismo, la autoridad sostuvo que los puntos de bloqueo y la cantidad de personas movilizadas van en descenso, calificando este hecho como \u201cuna buena noticia para el pa\u00eds\u201d, ayer en conferencia de prensa.<br \/>\nSin embargo, minutos antes revel\u00f3 videos donde aparecen dirigentes de los bloqueadores incitando a la violencia, pues instan p\u00fablicamente a \u201cprepararse para la guerra contra el Gobierno\u201d y anuncian que responder\u00e1n a la represi\u00f3n policial \u201cbala a bala\u201d de ser necesario.<br \/>\nLos se\u00f1alados como \u201cautores intelectuales\u201d de esta medida de presi\u00f3n son: el expresidente de Estado, Evo Morales; el exministro de Gobierno, Carlos Romero Bonifaz; el exministro de la Presidencia, Juan Ram\u00f3n Quintana; Teresa Morales, exministra de Desarrollo Productivo; y el exalcalde de Warnes, Mario Cronenbold, todos allegados al ex Primer Mandatario.<br \/>\nLa autoridad se\u00f1al\u00f3 que las exautoridades de Estado \u201cest\u00e1n movilizando a la gente humilde, gente ind\u00edgena y gente campesina con mentiras\u201d, sin estar ellos presentes en los bloqueos que son constantes escenarios de violencia y \u201cderramamiento de sangre\u201d.<br \/>\n\u201cHemos visto en las redes sociales al expresidente Evo Morales con total normalidad, desarrollando sus actividades en la regi\u00f3n del Tr\u00f3pico de Cochabamba. El Se\u00f1or Carlos Romero de igual forma. El se\u00f1or Quintana lo mismo\u201d, denunci\u00f3.<br \/>\nPor otra parte, la prensa pregunt\u00f3 a Mamani si el Gobierno iniciar\u00eda procesos legales o investigaciones contra las personas que fueron se\u00f1aladas como autores intelectuales, o en su defecto, contra los supuestos dirigentes que son mostrados en los videos, por incitaci\u00f3n a la violencia.<br \/>\nLa respuesta del viceministro fue que tal responsabilidad queda en manos del Ministerio P\u00fablico, quienes deben iniciar una investigaci\u00f3n \u201cde oficio\u201d.<br \/>\n\u201cLas autoridades llamadas por ley deben iniciar una investigaci\u00f3n. No podemos permitir derramamiento de sangre, violencia y confrontaci\u00f3n\u201d, expres\u00f3.<br \/>\n\u201cBALA A BALA\u201d<br \/>\nPor otra parte, el viceministro denunci\u00f3 que existen dirigentes que incitan a las bases a usar armas de fuego en un futuro. Como evidencia, mostr\u00f3 videos de dos representantes aparentemente simpatizantes del \u201cevismo\u201d.<br \/>\nUno de ellos, dirigi\u00e9ndose a un mitin en Parotani, amenaza que enfrentar\u00e1n al \u201cGobierno traidor\u201d de Luis Arce y que deben prepararse con armamento para responder a la represi\u00f3n policial \u201cbala a bala\u201d.<br \/>\n\u201cSi Arce quiere que tengamos un nuevo 2003, vamos a tenerlo, compa\u00f1eros\u201d, expresaba otro supuesto dirigente, en el segundo video que mostr\u00f3 la autoridad como prueba de sus aseveraciones.<br \/>\nAl respecto, la autoridad expres\u00f3 que \u201clo que est\u00e1n buscando es que exista derramamiento de sangre. Buscan confrontarnos entre bolivianos, (pero) no queremos que se repitan los hechos de 2003 y 2019\u201d, sostuvo.<\/p>\n","protected":false},"excerpt":{"rendered":"<p>El Pacto de Unidad perteneciente al ala \u201cevista\u201d del Movimiento al Socialismo (MAS) decidi\u00f3 anoche dar un cuarto intermedio en los bloqueos de carreteras y trasladar una vigilia a la Sede de Gobierno, a la espera de la promulgaci\u00f3n de la ley de convocatoria para las elecciones judiciales. El anuncio lo hizo el secretario ejecutivo [&hellip;]<\/p>\n","protected":false},"author":1,"featured_media":201046,"comment_status":"open","ping_status":"open","sticky":false,"template":"","format":"standard","meta":{"_acf_changed":false,"footnotes":""},"categories":[39],"tags":[],"class_list":["post-201045","post","type-post","status-publish","format-standard","has-post-thumbnail","category-sociedad"],"acf":{"antetitulo":"Dirigentes se trasladar\u00e1n a La Paz para hacer vigilia"},"yoast_head":"<!-- This site is optimized with the Yoast SEO plugin v28.4 - https:\/\/yoast.com\/product\/yoast-seo-wordpress\/ -->\n<title>Pacto de Unidad \u201cevista\u201d da cuarto intermedio en bloqueos - El Diario - Bolivia<\/title>\n<meta name=\"robots\" content=\"index, follow, max-snippet:-1, max-image-preview:large, max-video-preview:-1\" \/>\n<link rel=\"canonical\" href=\"https:\/\/www.eldiario.net\/portal\/2024\/02\/03\/pacto-de-unidad-evista-da-cuarto-intermedio-en-bloqueos\/\" \/>\n<meta property=\"og:locale\" content=\"es_ES\" \/>\n<meta property=\"og:type\" content=\"article\" \/>\n<meta property=\"og:title\" content=\"Pacto de Unidad \u201cevista\u201d da cuarto intermedio en bloqueos - El Diario - Bolivia\" \/>\n<meta property=\"og:description\" content=\"El Pacto de Unidad perteneciente al ala \u201cevista\u201d del Movimiento al Socialismo (MAS) decidi\u00f3 anoche dar un cuarto intermedio en los bloqueos de carreteras y trasladar una vigilia a la Sede de Gobierno, a la espera de la promulgaci\u00f3n de la ley de convocatoria para las elecciones judiciales. El anuncio lo hizo el secretario ejecutivo [&hellip;]\" \/>\n<meta property=\"og:url\" content=\"https:\/\/www.eldiario.net\/portal\/2024\/02\/03\/pacto-de-unidad-evista-da-cuarto-intermedio-en-bloqueos\/\" \/>\n<meta property=\"og:site_name\" content=\"El Diario - Bolivia\" \/>\n<meta property=\"article:publisher\" content=\"https:\/\/www.facebook.com\/eldiario.bolivia\/\" \/>\n<meta property=\"article:published_time\" content=\"2024-02-03T05:55:27+00:00\" \/>\n<meta property=\"og:image\" content=\"https:\/\/www.eldiario.net\/portal\/wp-content\/uploads\/2024\/02\/3-BLOQUEOS-1-scaled.jpg\" \/>\n\t<meta property=\"og:image:width\" content=\"2560\" \/>\n\t<meta property=\"og:image:height\" content=\"1920\" \/>\n\t<meta property=\"og:image:type\" content=\"image\/jpeg\" \/>\n<meta name=\"author\" content=\"Jeanette\" \/>\n<meta name=\"twitter:card\" content=\"summary_large_image\" \/>\n<meta name=\"twitter:creator\" content=\"@eldiario_net\" \/>\n<meta name=\"twitter:site\" content=\"@eldiario_net\" \/>\n<meta name=\"twitter:label1\" content=\"Escrito por\" \/>\n\t<meta name=\"twitter:data1\" content=\"Jeanette\" \/>\n\t<meta name=\"twitter:label2\" content=\"Tiempo de lectura\" \/>\n\t<meta name=\"twitter:data2\" content=\"5 minutos\" \/>\n<script type=\"application\/ld+json\" class=\"yoast-schema-graph\">{\"@context\":\"https:\\\/\\\/schema.org\",\"@graph\":[{\"@type\":\"Article\",\"@id\":\"https:\\\/\\\/www.eldiario.net\\\/portal\\\/2024\\\/02\\\/03\\\/pacto-de-unidad-evista-da-cuarto-intermedio-en-bloqueos\\\/#article\",\"isPartOf\":{\"@id\":\"https:\\\/\\\/www.eldiario.net\\\/portal\\\/2024\\\/02\\\/03\\\/pacto-de-unidad-evista-da-cuarto-intermedio-en-bloqueos\\\/\"},\"author\":{\"name\":\"Jeanette\",\"@id\":\"https:\\\/\\\/www.eldiario.net\\\/portal\\\/#\\\/schema\\\/person\\\/f46445640444750d7d753ccd04ae01b7\"},\"headline\":\"Pacto de Unidad \u201cevista\u201d da cuarto intermedio en bloqueos\",\"datePublished\":\"2024-02-03T05:55:27+00:00\",\"mainEntityOfPage\":{\"@id\":\"https:\\\/\\\/www.eldiario.net\\\/portal\\\/2024\\\/02\\\/03\\\/pacto-de-unidad-evista-da-cuarto-intermedio-en-bloqueos\\\/\"},\"wordCount\":887,\"commentCount\":0,\"publisher\":{\"@id\":\"https:\\\/\\\/www.eldiario.net\\\/portal\\\/#organization\"},\"image\":{\"@id\":\"https:\\\/\\\/www.eldiario.net\\\/portal\\\/2024\\\/02\\\/03\\\/pacto-de-unidad-evista-da-cuarto-intermedio-en-bloqueos\\\/#primaryimage\"},\"thumbnailUrl\":\"https:\\\/\\\/www.eldiario.net\\\/portal\\\/wp-content\\\/uploads\\\/2024\\\/02\\\/3-BLOQUEOS-1-scaled.jpg\",\"articleSection\":[\"Sociedad - Seguridad\"],\"inLanguage\":\"es\",\"potentialAction\":[{\"@type\":\"CommentAction\",\"name\":\"Comment\",\"target\":[\"https:\\\/\\\/www.eldiario.net\\\/portal\\\/2024\\\/02\\\/03\\\/pacto-de-unidad-evista-da-cuarto-intermedio-en-bloqueos\\\/#respond\"]}]},{\"@type\":\"WebPage\",\"@id\":\"https:\\\/\\\/www.eldiario.net\\\/portal\\\/2024\\\/02\\\/03\\\/pacto-de-unidad-evista-da-cuarto-intermedio-en-bloqueos\\\/\",\"url\":\"https:\\\/\\\/www.eldiario.net\\\/portal\\\/2024\\\/02\\\/03\\\/pacto-de-unidad-evista-da-cuarto-intermedio-en-bloqueos\\\/\",\"name\":\"Pacto de Unidad \u201cevista\u201d da cuarto intermedio en bloqueos - El Diario - Bolivia\",\"isPartOf\":{\"@id\":\"https:\\\/\\\/www.eldiario.net\\\/portal\\\/#website\"},\"primaryImageOfPage\":{\"@id\":\"https:\\\/\\\/www.eldiario.net\\\/portal\\\/2024\\\/02\\\/03\\\/pacto-de-unidad-evista-da-cuarto-intermedio-en-bloqueos\\\/#primaryimage\"},\"image\":{\"@id\":\"https:\\\/\\\/www.eldiario.net\\\/portal\\\/2024\\\/02\\\/03\\\/pacto-de-unidad-evista-da-cuarto-intermedio-en-bloqueos\\\/#primaryimage\"},\"thumbnailUrl\":\"https:\\\/\\\/www.eldiario.net\\\/portal\\\/wp-content\\\/uploads\\\/2024\\\/02\\\/3-BLOQUEOS-1-scaled.jpg\",\"datePublished\":\"2024-02-03T05:55:27+00:00\",\"breadcrumb\":{\"@id\":\"https:\\\/\\\/www.eldiario.net\\\/portal\\\/2024\\\/02\\\/03\\\/pacto-de-unidad-evista-da-cuarto-intermedio-en-bloqueos\\\/#breadcrumb\"},\"inLanguage\":\"es\",\"potentialAction\":[{\"@type\":\"ReadAction\",\"target\":[\"https:\\\/\\\/www.eldiario.net\\\/portal\\\/2024\\\/02\\\/03\\\/pacto-de-unidad-evista-da-cuarto-intermedio-en-bloqueos\\\/\"]}]},{\"@type\":\"ImageObject\",\"inLanguage\":\"es\",\"@id\":\"https:\\\/\\\/www.eldiario.net\\\/portal\\\/2024\\\/02\\\/03\\\/pacto-de-unidad-evista-da-cuarto-intermedio-en-bloqueos\\\/#primaryimage\",\"url\":\"https:\\\/\\\/www.eldiario.net\\\/portal\\\/wp-content\\\/uploads\\\/2024\\\/02\\\/3-BLOQUEOS-1-scaled.jpg\",\"contentUrl\":\"https:\\\/\\\/www.eldiario.net\\\/portal\\\/wp-content\\\/uploads\\\/2024\\\/02\\\/3-BLOQUEOS-1-scaled.jpg\",\"width\":2560,\"height\":1920,\"caption\":\"Los cinco promotores del bloqueo se\u00f1alados por el exministro, Jaime Mamani.\"},{\"@type\":\"BreadcrumbList\",\"@id\":\"https:\\\/\\\/www.eldiario.net\\\/portal\\\/2024\\\/02\\\/03\\\/pacto-de-unidad-evista-da-cuarto-intermedio-en-bloqueos\\\/#breadcrumb\",\"itemListElement\":[{\"@type\":\"ListItem\",\"position\":1,\"name\":\"Portada\",\"item\":\"https:\\\/\\\/www.eldiario.net\\\/portal\\\/\"},{\"@type\":\"ListItem\",\"position\":2,\"name\":\"Pacto de Unidad \u201cevista\u201d da cuarto intermedio en bloqueos\"}]},{\"@type\":\"WebSite\",\"@id\":\"https:\\\/\\\/www.eldiario.net\\\/portal\\\/#website\",\"url\":\"https:\\\/\\\/www.eldiario.net\\\/portal\\\/\",\"name\":\"El Diario - Decano de la prensa nacional\",\"description\":\"El Diario - Decano de la prensa nacional\",\"publisher\":{\"@id\":\"https:\\\/\\\/www.eldiario.net\\\/portal\\\/#organization\"},\"potentialAction\":[{\"@type\":\"SearchAction\",\"target\":{\"@type\":\"EntryPoint\",\"urlTemplate\":\"https:\\\/\\\/www.eldiario.net\\\/portal\\\/?s={search_term_string}\"},\"query-input\":{\"@type\":\"PropertyValueSpecification\",\"valueRequired\":true,\"valueName\":\"search_term_string\"}}],\"inLanguage\":\"es\"},{\"@type\":\"Organization\",\"@id\":\"https:\\\/\\\/www.eldiario.net\\\/portal\\\/#organization\",\"name\":\"El Diario - Decano de la prensa nacional\",\"url\":\"https:\\\/\\\/www.eldiario.net\\\/portal\\\/\",\"logo\":{\"@type\":\"ImageObject\",\"inLanguage\":\"es\",\"@id\":\"https:\\\/\\\/www.eldiario.net\\\/portal\\\/#\\\/schema\\\/logo\\\/image\\\/\",\"url\":\"https:\\\/\\\/www.eldiario.net\\\/portal\\\/wp-content\\\/uploads\\\/2023\\\/07\\\/logo_ED.jpg\",\"contentUrl\":\"https:\\\/\\\/www.eldiario.net\\\/portal\\\/wp-content\\\/uploads\\\/2023\\\/07\\\/logo_ED.jpg\",\"width\":272,\"height\":52,\"caption\":\"El Diario - Decano de la prensa nacional\"},\"image\":{\"@id\":\"https:\\\/\\\/www.eldiario.net\\\/portal\\\/#\\\/schema\\\/logo\\\/image\\\/\"},\"sameAs\":[\"https:\\\/\\\/www.facebook.com\\\/eldiario.bolivia\\\/\",\"https:\\\/\\\/x.com\\\/eldiario_net\"]},{\"@type\":\"Person\",\"@id\":\"https:\\\/\\\/www.eldiario.net\\\/portal\\\/#\\\/schema\\\/person\\\/f46445640444750d7d753ccd04ae01b7\",\"name\":\"Jeanette\",\"image\":{\"@type\":\"ImageObject\",\"inLanguage\":\"es\",\"@id\":\"https:\\\/\\\/secure.gravatar.com\\\/avatar\\\/3ea2118a5f7dad2b7138b1187a6b7ee55f160b9968b66013c3a3ef39dd7e5798?s=96&d=mm&r=g\",\"url\":\"https:\\\/\\\/secure.gravatar.com\\\/avatar\\\/3ea2118a5f7dad2b7138b1187a6b7ee55f160b9968b66013c3a3ef39dd7e5798?s=96&d=mm&r=g\",\"contentUrl\":\"https:\\\/\\\/secure.gravatar.com\\\/avatar\\\/3ea2118a5f7dad2b7138b1187a6b7ee55f160b9968b66013c3a3ef39dd7e5798?s=96&d=mm&r=g\",\"caption\":\"Jeanette\"},\"sameAs\":[\"https:\\\/\\\/www.eldiario.net\\\/portal\"],\"url\":\"https:\\\/\\\/www.eldiario.net\\\/portal\\\/author\\\/jeanette\\\/\"}]}<\/script>\n<!-- \/ Yoast SEO plugin. -->","yoast_head_json":{"title":"Pacto de Unidad \u201cevista\u201d da cuarto intermedio en bloqueos - El Diario - Bolivia","robots":{"index":"index","follow":"follow","max-snippet":"max-snippet:-1","max-image-preview":"max-image-preview:large","max-video-preview":"max-video-preview:-1"},"canonical":"https:\/\/www.eldiario.net\/portal\/2024\/02\/03\/pacto-de-unidad-evista-da-cuarto-intermedio-en-bloqueos\/","og_locale":"es_ES","og_type":"article","og_title":"Pacto de Unidad \u201cevista\u201d da cuarto intermedio en bloqueos - El Diario - Bolivia","og_description":"El Pacto de Unidad perteneciente al ala \u201cevista\u201d del Movimiento al Socialismo (MAS) decidi\u00f3 anoche dar un cuarto intermedio en los bloqueos de carreteras y trasladar una vigilia a la Sede de Gobierno, a la espera de la promulgaci\u00f3n de la ley de convocatoria para las elecciones judiciales. El anuncio lo hizo el secretario ejecutivo [&hellip;]","og_url":"https:\/\/www.eldiario.net\/portal\/2024\/02\/03\/pacto-de-unidad-evista-da-cuarto-intermedio-en-bloqueos\/","og_site_name":"El Diario - Bolivia","article_publisher":"https:\/\/www.facebook.com\/eldiario.bolivia\/","article_published_time":"2024-02-03T05:55:27+00:00","og_image":[{"width":2560,"height":1920,"url":"https:\/\/www.eldiario.net\/portal\/wp-content\/uploads\/2024\/02\/3-BLOQUEOS-1-scaled.jpg","type":"image\/jpeg"}],"author":"Jeanette","twitter_card":"summary_large_image","twitter_creator":"@eldiario_net","twitter_site":"@eldiario_net","twitter_misc":{"Escrito por":"Jeanette","Tiempo de lectura":"5 minutos"},"schema":{"@context":"https:\/\/schema.org","@graph":[{"@type":"Article","@id":"https:\/\/www.eldiario.net\/portal\/2024\/02\/03\/pacto-de-unidad-evista-da-cuarto-intermedio-en-bloqueos\/#article","isPartOf":{"@id":"https:\/\/www.eldiario.net\/portal\/2024\/02\/03\/pacto-de-unidad-evista-da-cuarto-intermedio-en-bloqueos\/"},"author":{"name":"Jeanette","@id":"https:\/\/www.eldiario.net\/portal\/#\/schema\/person\/f46445640444750d7d753ccd04ae01b7"},"headline":"Pacto de Unidad \u201cevista\u201d da cuarto intermedio en bloqueos","datePublished":"2024-02-03T05:55:27+00:00","mainEntityOfPage":{"@id":"https:\/\/www.eldiario.net\/portal\/2024\/02\/03\/pacto-de-unidad-evista-da-cuarto-intermedio-en-bloqueos\/"},"wordCount":887,"commentCount":0,"publisher":{"@id":"https:\/\/www.eldiario.net\/portal\/#organization"},"image":{"@id":"https:\/\/www.eldiario.net\/portal\/2024\/02\/03\/pacto-de-unidad-evista-da-cuarto-intermedio-en-bloqueos\/#primaryimage"},"thumbnailUrl":"https:\/\/www.eldiario.net\/portal\/wp-content\/uploads\/2024\/02\/3-BLOQUEOS-1-scaled.jpg","articleSection":["Sociedad - Seguridad"],"inLanguage":"es","potentialAction":[{"@type":"CommentAction","name":"Comment","target":["https:\/\/www.eldiario.net\/portal\/2024\/02\/03\/pacto-de-unidad-evista-da-cuarto-intermedio-en-bloqueos\/#respond"]}]},{"@type":"WebPage","@id":"https:\/\/www.eldiario.net\/portal\/2024\/02\/03\/pacto-de-unidad-evista-da-cuarto-intermedio-en-bloqueos\/","url":"https:\/\/www.eldiario.net\/portal\/2024\/02\/03\/pacto-de-unidad-evista-da-cuarto-intermedio-en-bloqueos\/","name":"Pacto de Unidad \u201cevista\u201d da cuarto intermedio en bloqueos - El Diario - Bolivia","isPartOf":{"@id":"https:\/\/www.eldiario.net\/portal\/#website"},"primaryImageOfPage":{"@id":"https:\/\/www.eldiario.net\/portal\/2024\/02\/03\/pacto-de-unidad-evista-da-cuarto-intermedio-en-bloqueos\/#primaryimage"},"image":{"@id":"https:\/\/www.eldiario.net\/portal\/2024\/02\/03\/pacto-de-unidad-evista-da-cuarto-intermedio-en-bloqueos\/#primaryimage"},"thumbnailUrl":"https:\/\/www.eldiario.net\/portal\/wp-content\/uploads\/2024\/02\/3-BLOQUEOS-1-scaled.jpg","datePublished":"2024-02-03T05:55:27+00:00","breadcrumb":{"@id":"https:\/\/www.eldiario.net\/portal\/2024\/02\/03\/pacto-de-unidad-evista-da-cuarto-intermedio-en-bloqueos\/#breadcrumb"},"inLanguage":"es","potentialAction":[{"@type":"ReadAction","target":["https:\/\/www.eldiario.net\/portal\/2024\/02\/03\/pacto-de-unidad-evista-da-cuarto-intermedio-en-bloqueos\/"]}]},{"@type":"ImageObject","inLanguage":"es","@id":"https:\/\/www.eldiario.net\/portal\/2024\/02\/03\/pacto-de-unidad-evista-da-cuarto-intermedio-en-bloqueos\/#primaryimage","url":"https:\/\/www.eldiario.net\/portal\/wp-content\/uploads\/2024\/02\/3-BLOQUEOS-1-scaled.jpg","contentUrl":"https:\/\/www.eldiario.net\/portal\/wp-content\/uploads\/2024\/02\/3-BLOQUEOS-1-scaled.jpg","width":2560,"height":1920,"caption":"Los cinco promotores del bloqueo se\u00f1alados por el exministro, Jaime Mamani."},{"@type":"BreadcrumbList","@id":"https:\/\/www.eldiario.net\/portal\/2024\/02\/03\/pacto-de-unidad-evista-da-cuarto-intermedio-en-bloqueos\/#breadcrumb","itemListElement":[{"@type":"ListItem","position":1,"name":"Portada","item":"https:\/\/www.eldiario.net\/portal\/"},{"@type":"ListItem","position":2,"name":"Pacto de Unidad \u201cevista\u201d da cuarto intermedio en bloqueos"}]},{"@type":"WebSite","@id":"https:\/\/www.eldiario.net\/portal\/#website","url":"https:\/\/www.eldiario.net\/portal\/","name":"El Diario - Decano de la prensa nacional","description":"El Diario - Decano de la prensa nacional","publisher":{"@id":"https:\/\/www.eldiario.net\/portal\/#organization"},"potentialAction":[{"@type":"SearchAction","target":{"@type":"EntryPoint","urlTemplate":"https:\/\/www.eldiario.net\/portal\/?s={search_term_string}"},"query-input":{"@type":"PropertyValueSpecification","valueRequired":true,"valueName":"search_term_string"}}],"inLanguage":"es"},{"@type":"Organization","@id":"https:\/\/www.eldiario.net\/portal\/#organization","name":"El Diario - Decano de la prensa nacional","url":"https:\/\/www.eldiario.net\/portal\/","logo":{"@type":"ImageObject","inLanguage":"es","@id":"https:\/\/www.eldiario.net\/portal\/#\/schema\/logo\/image\/","url":"https:\/\/www.eldiario.net\/portal\/wp-content\/uploads\/2023\/07\/logo_ED.jpg","contentUrl":"https:\/\/www.eldiario.net\/portal\/wp-content\/uploads\/2023\/07\/logo_ED.jpg","width":272,"height":52,"caption":"El Diario - Decano de la prensa nacional"},"image":{"@id":"https:\/\/www.eldiario.net\/portal\/#\/schema\/logo\/image\/"},"sameAs":["https:\/\/www.facebook.com\/eldiario.bolivia\/","https:\/\/x.com\/eldiario_net"]},{"@type":"Person","@id":"https:\/\/www.eldiario.net\/portal\/#\/schema\/person\/f46445640444750d7d753ccd04ae01b7","name":"Jeanette","image":{"@type":"ImageObject","inLanguage":"es","@id":"https:\/\/secure.gravatar.com\/avatar\/3ea2118a5f7dad2b7138b1187a6b7ee55f160b9968b66013c3a3ef39dd7e5798?s=96&d=mm&r=g","url":"https:\/\/secure.gravatar.com\/avatar\/3ea2118a5f7dad2b7138b1187a6b7ee55f160b9968b66013c3a3ef39dd7e5798?s=96&d=mm&r=g","contentUrl":"https:\/\/secure.gravatar.com\/avatar\/3ea2118a5f7dad2b7138b1187a6b7ee55f160b9968b66013c3a3ef39dd7e5798?s=96&d=mm&r=g","caption":"Jeanette"},"sameAs":["https:\/\/www.eldiario.net\/portal"],"url":"https:\/\/www.eldiario.net\/portal\/author\/jeanette\/"}]}},"_links":{"self":[{"href":"https:\/\/www.eldiario.net\/portal\/wp-json\/wp\/v2\/posts\/201045","targetHints":{"allow":["GET"]}}],"collection":[{"href":"https:\/\/www.eldiario.net\/portal\/wp-json\/wp\/v2\/posts"}],"about":[{"href":"https:\/\/www.eldiario.net\/portal\/wp-json\/wp\/v2\/types\/post"}],"author":[{"embeddable":true,"href":"https:\/\/www.eldiario.net\/portal\/wp-json\/wp\/v2\/users\/1"}],"replies":[{"embeddable":true,"href":"https:\/\/www.eldiario.net\/portal\/wp-json\/wp\/v2\/comments?post=201045"}],"version-history":[{"count":1,"href":"https:\/\/www.eldiario.net\/portal\/wp-json\/wp\/v2\/posts\/201045\/revisions"}],"predecessor-version":[{"id":201047,"href":"https:\/\/www.eldiario.net\/portal\/wp-json\/wp\/v2\/posts\/201045\/revisions\/201047"}],"wp:featuredmedia":[{"embeddable":true,"href":"https:\/\/www.eldiario.net\/portal\/wp-json\/wp\/v2\/media\/201046"}],"wp:attachment":[{"href":"https:\/\/www.eldiario.net\/portal\/wp-json\/wp\/v2\/media?parent=201045"}],"wp:term":[{"taxonomy":"category","embeddable":true,"href":"https:\/\/www.eldiario.net\/portal\/wp-json\/wp\/v2\/categories?post=201045"},{"taxonomy":"post_tag","embeddable":true,"href":"https:\/\/www.eldiario.net\/portal\/wp-json\/wp\/v2\/tags?post=201045"}],"curies":[{"name":"wp","href":"https:\/\/api.w.org\/{rel}","templated":true}]}}