{"id":201042,"date":"2024-02-03T01:54:24","date_gmt":"2024-02-03T05:54:24","guid":{"rendered":"https:\/\/www.eldiario.net\/portal\/?p=201042"},"modified":"2024-02-02T22:55:14","modified_gmt":"2024-02-03T02:55:14","slug":"fiscalia-emite-acusacion-formal-contra-exministro-arturo-murillo","status":"publish","type":"post","link":"https:\/\/www.eldiario.net\/portal\/2024\/02\/03\/fiscalia-emite-acusacion-formal-contra-exministro-arturo-murillo\/","title":{"rendered":"Fiscal\u00eda emite acusaci\u00f3n formal contra exministro Arturo Murillo"},"content":{"rendered":"<p>El Ministerio P\u00fablico emiti\u00f3 una acusaci\u00f3n formal contra el exministro de Gobierno, Arturo Murillo, por el delito de legitimaci\u00f3n de ganancias il\u00edcitas cometido por la compra de gases lacrim\u00f3genos con sobreprecio durante la gesti\u00f3n transitoria de la expresidente, Jeanine A\u00f1ez.<br \/>\nA su vez, pese a estar tambi\u00e9n implicado en el caso, el exministro de Defensa, Luis Fernando L\u00f3pez, no fue incluido entre los acusados toda vez que no fue notificado en el proceso, indic\u00f3 la fiscal Pamela Portocarrero.<br \/>\nLa acusaci\u00f3n formal pide diez a\u00f1os de c\u00e1rcel para el exministro Murillo. La fiscal explic\u00f3 que el dictamen fue publicado de acuerdo a exigencia del juez del caso de emitir el requerimiento conclusivo hace una semana.<br \/>\nOtras seis personas fueron acusadas formalmente en el caso. Entre ellos, cuatro exfuncionarios e incluso polic\u00edas est\u00e1n implicados, inform\u00f3.<br \/>\nRespecto al exministro de Defensa, la fiscal explic\u00f3 que la denuncia en su contra fue rechazada porque no fue notificado para el caso. Sin embargo, aclar\u00f3 que las partes querellantes pueden impugnar la decisi\u00f3n si as\u00ed lo desean.<br \/>\nPor su parte, L\u00f3pez calific\u00f3 este hecho como un \u201ctriunfo\u201d de la verdad al no estar implicado en el dictamen de la Fiscal\u00eda, en una publicaci\u00f3n en sus redes sociales.<br \/>\n\u201cLa verdad triunfa por sobre la calumnia infundada. La verdad no se oculta ante los hechos\u201d, public\u00f3 en su cuenta de X (Twitter).<br \/>\nEl proceso por legitimaci\u00f3n de ganancias il\u00edcitas es el segundo abierto contra Murillo. El primero de ellos es por delitos de uso indebido de influencias, negociaciones incompatibles con funci\u00f3n p\u00fablica, incumplimiento de deberes y otros.<br \/>\nEstos procesos surgieron por una compra de gases lacrim\u00f3genos que el Ministerio de Defensa realiz\u00f3 a la empresa Bravo, manejada entonces por allegados a Murillo. La compra hecha con sobreprecio caus\u00f3 un da\u00f1o econ\u00f3mico valuado en 16 millones de bolivianos.<br \/>\nMurillo actualmente cumple una condena en Estados Unidos, luego de admitir que fue responsable por lavado de dinero producto de la corrupci\u00f3n. El paradero de L\u00f3pez, en cambio, es desconocido desde su salida del pa\u00eds en 2020. (EL DIARIO y agencias)<\/p>\n<p>&nbsp;<\/p>\n","protected":false},"excerpt":{"rendered":"<p>El Ministerio P\u00fablico emiti\u00f3 una acusaci\u00f3n formal contra el exministro de Gobierno, Arturo Murillo, por el delito de legitimaci\u00f3n de ganancias il\u00edcitas cometido por la compra de gases lacrim\u00f3genos con sobreprecio durante la gesti\u00f3n transitoria de la expresidente, Jeanine A\u00f1ez. A su vez, pese a estar tambi\u00e9n implicado en el caso, el exministro de Defensa, [&hellip;]<\/p>\n","protected":false},"author":1,"featured_media":201043,"comment_status":"open","ping_status":"open","sticky":false,"template":"","format":"standard","meta":{"_acf_changed":false,"footnotes":""},"categories":[39],"tags":[],"class_list":["post-201042","post","type-post","status-publish","format-standard","has-post-thumbnail","category-sociedad"],"acf":{"antetitulo":"Por ganancias il\u00edcitas"},"yoast_head":"<!-- This site is optimized with the Yoast SEO plugin v28.4 - https:\/\/yoast.com\/product\/yoast-seo-wordpress\/ -->\n<title>Fiscal\u00eda emite acusaci\u00f3n formal contra exministro Arturo Murillo - El Diario - Bolivia<\/title>\n<meta name=\"robots\" content=\"index, follow, max-snippet:-1, max-image-preview:large, max-video-preview:-1\" \/>\n<link rel=\"canonical\" href=\"https:\/\/www.eldiario.net\/portal\/2024\/02\/03\/fiscalia-emite-acusacion-formal-contra-exministro-arturo-murillo\/\" \/>\n<meta property=\"og:locale\" content=\"es_ES\" \/>\n<meta property=\"og:type\" content=\"article\" \/>\n<meta property=\"og:title\" content=\"Fiscal\u00eda emite acusaci\u00f3n formal contra exministro Arturo Murillo - El Diario - Bolivia\" \/>\n<meta property=\"og:description\" content=\"El Ministerio P\u00fablico emiti\u00f3 una acusaci\u00f3n formal contra el exministro de Gobierno, Arturo Murillo, por el delito de legitimaci\u00f3n de ganancias il\u00edcitas cometido por la compra de gases lacrim\u00f3genos con sobreprecio durante la gesti\u00f3n transitoria de la expresidente, Jeanine A\u00f1ez. A su vez, pese a estar tambi\u00e9n implicado en el caso, el exministro de Defensa, [&hellip;]\" \/>\n<meta property=\"og:url\" content=\"https:\/\/www.eldiario.net\/portal\/2024\/02\/03\/fiscalia-emite-acusacion-formal-contra-exministro-arturo-murillo\/\" \/>\n<meta property=\"og:site_name\" content=\"El Diario - Bolivia\" \/>\n<meta property=\"article:publisher\" content=\"https:\/\/www.facebook.com\/eldiario.bolivia\/\" \/>\n<meta property=\"article:published_time\" content=\"2024-02-03T05:54:24+00:00\" \/>\n<meta property=\"og:image\" content=\"https:\/\/www.eldiario.net\/portal\/wp-content\/uploads\/2024\/02\/3-MURILLO.jpg\" \/>\n\t<meta property=\"og:image:width\" content=\"992\" \/>\n\t<meta property=\"og:image:height\" content=\"558\" \/>\n\t<meta property=\"og:image:type\" content=\"image\/jpeg\" \/>\n<meta name=\"author\" content=\"Jeanette\" \/>\n<meta name=\"twitter:card\" content=\"summary_large_image\" \/>\n<meta name=\"twitter:creator\" content=\"@eldiario_net\" \/>\n<meta name=\"twitter:site\" content=\"@eldiario_net\" \/>\n<meta name=\"twitter:label1\" content=\"Escrito por\" \/>\n\t<meta name=\"twitter:data1\" content=\"Jeanette\" \/>\n\t<meta name=\"twitter:label2\" content=\"Tiempo de lectura\" \/>\n\t<meta name=\"twitter:data2\" content=\"2 minutos\" \/>\n<script type=\"application\/ld+json\" class=\"yoast-schema-graph\">{\"@context\":\"https:\\\/\\\/schema.org\",\"@graph\":[{\"@type\":\"Article\",\"@id\":\"https:\\\/\\\/www.eldiario.net\\\/portal\\\/2024\\\/02\\\/03\\\/fiscalia-emite-acusacion-formal-contra-exministro-arturo-murillo\\\/#article\",\"isPartOf\":{\"@id\":\"https:\\\/\\\/www.eldiario.net\\\/portal\\\/2024\\\/02\\\/03\\\/fiscalia-emite-acusacion-formal-contra-exministro-arturo-murillo\\\/\"},\"author\":{\"name\":\"Jeanette\",\"@id\":\"https:\\\/\\\/www.eldiario.net\\\/portal\\\/#\\\/schema\\\/person\\\/f46445640444750d7d753ccd04ae01b7\"},\"headline\":\"Fiscal\u00eda emite acusaci\u00f3n formal contra exministro Arturo Murillo\",\"datePublished\":\"2024-02-03T05:54:24+00:00\",\"mainEntityOfPage\":{\"@id\":\"https:\\\/\\\/www.eldiario.net\\\/portal\\\/2024\\\/02\\\/03\\\/fiscalia-emite-acusacion-formal-contra-exministro-arturo-murillo\\\/\"},\"wordCount\":377,\"commentCount\":0,\"publisher\":{\"@id\":\"https:\\\/\\\/www.eldiario.net\\\/portal\\\/#organization\"},\"image\":{\"@id\":\"https:\\\/\\\/www.eldiario.net\\\/portal\\\/2024\\\/02\\\/03\\\/fiscalia-emite-acusacion-formal-contra-exministro-arturo-murillo\\\/#primaryimage\"},\"thumbnailUrl\":\"https:\\\/\\\/www.eldiario.net\\\/portal\\\/wp-content\\\/uploads\\\/2024\\\/02\\\/3-MURILLO.jpg\",\"articleSection\":[\"Sociedad - Seguridad\"],\"inLanguage\":\"es\",\"potentialAction\":[{\"@type\":\"CommentAction\",\"name\":\"Comment\",\"target\":[\"https:\\\/\\\/www.eldiario.net\\\/portal\\\/2024\\\/02\\\/03\\\/fiscalia-emite-acusacion-formal-contra-exministro-arturo-murillo\\\/#respond\"]}]},{\"@type\":\"WebPage\",\"@id\":\"https:\\\/\\\/www.eldiario.net\\\/portal\\\/2024\\\/02\\\/03\\\/fiscalia-emite-acusacion-formal-contra-exministro-arturo-murillo\\\/\",\"url\":\"https:\\\/\\\/www.eldiario.net\\\/portal\\\/2024\\\/02\\\/03\\\/fiscalia-emite-acusacion-formal-contra-exministro-arturo-murillo\\\/\",\"name\":\"Fiscal\u00eda emite acusaci\u00f3n formal contra exministro Arturo Murillo - El Diario - Bolivia\",\"isPartOf\":{\"@id\":\"https:\\\/\\\/www.eldiario.net\\\/portal\\\/#website\"},\"primaryImageOfPage\":{\"@id\":\"https:\\\/\\\/www.eldiario.net\\\/portal\\\/2024\\\/02\\\/03\\\/fiscalia-emite-acusacion-formal-contra-exministro-arturo-murillo\\\/#primaryimage\"},\"image\":{\"@id\":\"https:\\\/\\\/www.eldiario.net\\\/portal\\\/2024\\\/02\\\/03\\\/fiscalia-emite-acusacion-formal-contra-exministro-arturo-murillo\\\/#primaryimage\"},\"thumbnailUrl\":\"https:\\\/\\\/www.eldiario.net\\\/portal\\\/wp-content\\\/uploads\\\/2024\\\/02\\\/3-MURILLO.jpg\",\"datePublished\":\"2024-02-03T05:54:24+00:00\",\"breadcrumb\":{\"@id\":\"https:\\\/\\\/www.eldiario.net\\\/portal\\\/2024\\\/02\\\/03\\\/fiscalia-emite-acusacion-formal-contra-exministro-arturo-murillo\\\/#breadcrumb\"},\"inLanguage\":\"es\",\"potentialAction\":[{\"@type\":\"ReadAction\",\"target\":[\"https:\\\/\\\/www.eldiario.net\\\/portal\\\/2024\\\/02\\\/03\\\/fiscalia-emite-acusacion-formal-contra-exministro-arturo-murillo\\\/\"]}]},{\"@type\":\"ImageObject\",\"inLanguage\":\"es\",\"@id\":\"https:\\\/\\\/www.eldiario.net\\\/portal\\\/2024\\\/02\\\/03\\\/fiscalia-emite-acusacion-formal-contra-exministro-arturo-murillo\\\/#primaryimage\",\"url\":\"https:\\\/\\\/www.eldiario.net\\\/portal\\\/wp-content\\\/uploads\\\/2024\\\/02\\\/3-MURILLO.jpg\",\"contentUrl\":\"https:\\\/\\\/www.eldiario.net\\\/portal\\\/wp-content\\\/uploads\\\/2024\\\/02\\\/3-MURILLO.jpg\",\"width\":992,\"height\":558,\"caption\":\"El exministro, Arturo Murillo, actualmente cumple una sentencia en EEUU por lavado de dinero.\"},{\"@type\":\"BreadcrumbList\",\"@id\":\"https:\\\/\\\/www.eldiario.net\\\/portal\\\/2024\\\/02\\\/03\\\/fiscalia-emite-acusacion-formal-contra-exministro-arturo-murillo\\\/#breadcrumb\",\"itemListElement\":[{\"@type\":\"ListItem\",\"position\":1,\"name\":\"Portada\",\"item\":\"https:\\\/\\\/www.eldiario.net\\\/portal\\\/\"},{\"@type\":\"ListItem\",\"position\":2,\"name\":\"Fiscal\u00eda emite acusaci\u00f3n formal contra exministro Arturo Murillo\"}]},{\"@type\":\"WebSite\",\"@id\":\"https:\\\/\\\/www.eldiario.net\\\/portal\\\/#website\",\"url\":\"https:\\\/\\\/www.eldiario.net\\\/portal\\\/\",\"name\":\"El Diario - Decano de la prensa nacional\",\"description\":\"El Diario - Decano de la prensa nacional\",\"publisher\":{\"@id\":\"https:\\\/\\\/www.eldiario.net\\\/portal\\\/#organization\"},\"potentialAction\":[{\"@type\":\"SearchAction\",\"target\":{\"@type\":\"EntryPoint\",\"urlTemplate\":\"https:\\\/\\\/www.eldiario.net\\\/portal\\\/?s={search_term_string}\"},\"query-input\":{\"@type\":\"PropertyValueSpecification\",\"valueRequired\":true,\"valueName\":\"search_term_string\"}}],\"inLanguage\":\"es\"},{\"@type\":\"Organization\",\"@id\":\"https:\\\/\\\/www.eldiario.net\\\/portal\\\/#organization\",\"name\":\"El Diario - Decano de la prensa nacional\",\"url\":\"https:\\\/\\\/www.eldiario.net\\\/portal\\\/\",\"logo\":{\"@type\":\"ImageObject\",\"inLanguage\":\"es\",\"@id\":\"https:\\\/\\\/www.eldiario.net\\\/portal\\\/#\\\/schema\\\/logo\\\/image\\\/\",\"url\":\"https:\\\/\\\/www.eldiario.net\\\/portal\\\/wp-content\\\/uploads\\\/2023\\\/07\\\/logo_ED.jpg\",\"contentUrl\":\"https:\\\/\\\/www.eldiario.net\\\/portal\\\/wp-content\\\/uploads\\\/2023\\\/07\\\/logo_ED.jpg\",\"width\":272,\"height\":52,\"caption\":\"El Diario - Decano de la prensa nacional\"},\"image\":{\"@id\":\"https:\\\/\\\/www.eldiario.net\\\/portal\\\/#\\\/schema\\\/logo\\\/image\\\/\"},\"sameAs\":[\"https:\\\/\\\/www.facebook.com\\\/eldiario.bolivia\\\/\",\"https:\\\/\\\/x.com\\\/eldiario_net\"]},{\"@type\":\"Person\",\"@id\":\"https:\\\/\\\/www.eldiario.net\\\/portal\\\/#\\\/schema\\\/person\\\/f46445640444750d7d753ccd04ae01b7\",\"name\":\"Jeanette\",\"image\":{\"@type\":\"ImageObject\",\"inLanguage\":\"es\",\"@id\":\"https:\\\/\\\/secure.gravatar.com\\\/avatar\\\/3ea2118a5f7dad2b7138b1187a6b7ee55f160b9968b66013c3a3ef39dd7e5798?s=96&d=mm&r=g\",\"url\":\"https:\\\/\\\/secure.gravatar.com\\\/avatar\\\/3ea2118a5f7dad2b7138b1187a6b7ee55f160b9968b66013c3a3ef39dd7e5798?s=96&d=mm&r=g\",\"contentUrl\":\"https:\\\/\\\/secure.gravatar.com\\\/avatar\\\/3ea2118a5f7dad2b7138b1187a6b7ee55f160b9968b66013c3a3ef39dd7e5798?s=96&d=mm&r=g\",\"caption\":\"Jeanette\"},\"sameAs\":[\"https:\\\/\\\/www.eldiario.net\\\/portal\"],\"url\":\"https:\\\/\\\/www.eldiario.net\\\/portal\\\/author\\\/jeanette\\\/\"}]}<\/script>\n<!-- \/ Yoast SEO plugin. -->","yoast_head_json":{"title":"Fiscal\u00eda emite acusaci\u00f3n formal contra exministro Arturo Murillo - El Diario - Bolivia","robots":{"index":"index","follow":"follow","max-snippet":"max-snippet:-1","max-image-preview":"max-image-preview:large","max-video-preview":"max-video-preview:-1"},"canonical":"https:\/\/www.eldiario.net\/portal\/2024\/02\/03\/fiscalia-emite-acusacion-formal-contra-exministro-arturo-murillo\/","og_locale":"es_ES","og_type":"article","og_title":"Fiscal\u00eda emite acusaci\u00f3n formal contra exministro Arturo Murillo - El Diario - Bolivia","og_description":"El Ministerio P\u00fablico emiti\u00f3 una acusaci\u00f3n formal contra el exministro de Gobierno, Arturo Murillo, por el delito de legitimaci\u00f3n de ganancias il\u00edcitas cometido por la compra de gases lacrim\u00f3genos con sobreprecio durante la gesti\u00f3n transitoria de la expresidente, Jeanine A\u00f1ez. A su vez, pese a estar tambi\u00e9n implicado en el caso, el exministro de Defensa, [&hellip;]","og_url":"https:\/\/www.eldiario.net\/portal\/2024\/02\/03\/fiscalia-emite-acusacion-formal-contra-exministro-arturo-murillo\/","og_site_name":"El Diario - Bolivia","article_publisher":"https:\/\/www.facebook.com\/eldiario.bolivia\/","article_published_time":"2024-02-03T05:54:24+00:00","og_image":[{"width":992,"height":558,"url":"https:\/\/www.eldiario.net\/portal\/wp-content\/uploads\/2024\/02\/3-MURILLO.jpg","type":"image\/jpeg"}],"author":"Jeanette","twitter_card":"summary_large_image","twitter_creator":"@eldiario_net","twitter_site":"@eldiario_net","twitter_misc":{"Escrito por":"Jeanette","Tiempo de lectura":"2 minutos"},"schema":{"@context":"https:\/\/schema.org","@graph":[{"@type":"Article","@id":"https:\/\/www.eldiario.net\/portal\/2024\/02\/03\/fiscalia-emite-acusacion-formal-contra-exministro-arturo-murillo\/#article","isPartOf":{"@id":"https:\/\/www.eldiario.net\/portal\/2024\/02\/03\/fiscalia-emite-acusacion-formal-contra-exministro-arturo-murillo\/"},"author":{"name":"Jeanette","@id":"https:\/\/www.eldiario.net\/portal\/#\/schema\/person\/f46445640444750d7d753ccd04ae01b7"},"headline":"Fiscal\u00eda emite acusaci\u00f3n formal contra exministro Arturo Murillo","datePublished":"2024-02-03T05:54:24+00:00","mainEntityOfPage":{"@id":"https:\/\/www.eldiario.net\/portal\/2024\/02\/03\/fiscalia-emite-acusacion-formal-contra-exministro-arturo-murillo\/"},"wordCount":377,"commentCount":0,"publisher":{"@id":"https:\/\/www.eldiario.net\/portal\/#organization"},"image":{"@id":"https:\/\/www.eldiario.net\/portal\/2024\/02\/03\/fiscalia-emite-acusacion-formal-contra-exministro-arturo-murillo\/#primaryimage"},"thumbnailUrl":"https:\/\/www.eldiario.net\/portal\/wp-content\/uploads\/2024\/02\/3-MURILLO.jpg","articleSection":["Sociedad - Seguridad"],"inLanguage":"es","potentialAction":[{"@type":"CommentAction","name":"Comment","target":["https:\/\/www.eldiario.net\/portal\/2024\/02\/03\/fiscalia-emite-acusacion-formal-contra-exministro-arturo-murillo\/#respond"]}]},{"@type":"WebPage","@id":"https:\/\/www.eldiario.net\/portal\/2024\/02\/03\/fiscalia-emite-acusacion-formal-contra-exministro-arturo-murillo\/","url":"https:\/\/www.eldiario.net\/portal\/2024\/02\/03\/fiscalia-emite-acusacion-formal-contra-exministro-arturo-murillo\/","name":"Fiscal\u00eda emite acusaci\u00f3n formal contra exministro Arturo Murillo - El Diario - Bolivia","isPartOf":{"@id":"https:\/\/www.eldiario.net\/portal\/#website"},"primaryImageOfPage":{"@id":"https:\/\/www.eldiario.net\/portal\/2024\/02\/03\/fiscalia-emite-acusacion-formal-contra-exministro-arturo-murillo\/#primaryimage"},"image":{"@id":"https:\/\/www.eldiario.net\/portal\/2024\/02\/03\/fiscalia-emite-acusacion-formal-contra-exministro-arturo-murillo\/#primaryimage"},"thumbnailUrl":"https:\/\/www.eldiario.net\/portal\/wp-content\/uploads\/2024\/02\/3-MURILLO.jpg","datePublished":"2024-02-03T05:54:24+00:00","breadcrumb":{"@id":"https:\/\/www.eldiario.net\/portal\/2024\/02\/03\/fiscalia-emite-acusacion-formal-contra-exministro-arturo-murillo\/#breadcrumb"},"inLanguage":"es","potentialAction":[{"@type":"ReadAction","target":["https:\/\/www.eldiario.net\/portal\/2024\/02\/03\/fiscalia-emite-acusacion-formal-contra-exministro-arturo-murillo\/"]}]},{"@type":"ImageObject","inLanguage":"es","@id":"https:\/\/www.eldiario.net\/portal\/2024\/02\/03\/fiscalia-emite-acusacion-formal-contra-exministro-arturo-murillo\/#primaryimage","url":"https:\/\/www.eldiario.net\/portal\/wp-content\/uploads\/2024\/02\/3-MURILLO.jpg","contentUrl":"https:\/\/www.eldiario.net\/portal\/wp-content\/uploads\/2024\/02\/3-MURILLO.jpg","width":992,"height":558,"caption":"El exministro, Arturo Murillo, actualmente cumple una sentencia en EEUU por lavado de dinero."},{"@type":"BreadcrumbList","@id":"https:\/\/www.eldiario.net\/portal\/2024\/02\/03\/fiscalia-emite-acusacion-formal-contra-exministro-arturo-murillo\/#breadcrumb","itemListElement":[{"@type":"ListItem","position":1,"name":"Portada","item":"https:\/\/www.eldiario.net\/portal\/"},{"@type":"ListItem","position":2,"name":"Fiscal\u00eda emite acusaci\u00f3n formal contra exministro Arturo Murillo"}]},{"@type":"WebSite","@id":"https:\/\/www.eldiario.net\/portal\/#website","url":"https:\/\/www.eldiario.net\/portal\/","name":"El Diario - Decano de la prensa nacional","description":"El Diario - Decano de la prensa nacional","publisher":{"@id":"https:\/\/www.eldiario.net\/portal\/#organization"},"potentialAction":[{"@type":"SearchAction","target":{"@type":"EntryPoint","urlTemplate":"https:\/\/www.eldiario.net\/portal\/?s={search_term_string}"},"query-input":{"@type":"PropertyValueSpecification","valueRequired":true,"valueName":"search_term_string"}}],"inLanguage":"es"},{"@type":"Organization","@id":"https:\/\/www.eldiario.net\/portal\/#organization","name":"El Diario - Decano de la prensa nacional","url":"https:\/\/www.eldiario.net\/portal\/","logo":{"@type":"ImageObject","inLanguage":"es","@id":"https:\/\/www.eldiario.net\/portal\/#\/schema\/logo\/image\/","url":"https:\/\/www.eldiario.net\/portal\/wp-content\/uploads\/2023\/07\/logo_ED.jpg","contentUrl":"https:\/\/www.eldiario.net\/portal\/wp-content\/uploads\/2023\/07\/logo_ED.jpg","width":272,"height":52,"caption":"El Diario - Decano de la prensa nacional"},"image":{"@id":"https:\/\/www.eldiario.net\/portal\/#\/schema\/logo\/image\/"},"sameAs":["https:\/\/www.facebook.com\/eldiario.bolivia\/","https:\/\/x.com\/eldiario_net"]},{"@type":"Person","@id":"https:\/\/www.eldiario.net\/portal\/#\/schema\/person\/f46445640444750d7d753ccd04ae01b7","name":"Jeanette","image":{"@type":"ImageObject","inLanguage":"es","@id":"https:\/\/secure.gravatar.com\/avatar\/3ea2118a5f7dad2b7138b1187a6b7ee55f160b9968b66013c3a3ef39dd7e5798?s=96&d=mm&r=g","url":"https:\/\/secure.gravatar.com\/avatar\/3ea2118a5f7dad2b7138b1187a6b7ee55f160b9968b66013c3a3ef39dd7e5798?s=96&d=mm&r=g","contentUrl":"https:\/\/secure.gravatar.com\/avatar\/3ea2118a5f7dad2b7138b1187a6b7ee55f160b9968b66013c3a3ef39dd7e5798?s=96&d=mm&r=g","caption":"Jeanette"},"sameAs":["https:\/\/www.eldiario.net\/portal"],"url":"https:\/\/www.eldiario.net\/portal\/author\/jeanette\/"}]}},"_links":{"self":[{"href":"https:\/\/www.eldiario.net\/portal\/wp-json\/wp\/v2\/posts\/201042","targetHints":{"allow":["GET"]}}],"collection":[{"href":"https:\/\/www.eldiario.net\/portal\/wp-json\/wp\/v2\/posts"}],"about":[{"href":"https:\/\/www.eldiario.net\/portal\/wp-json\/wp\/v2\/types\/post"}],"author":[{"embeddable":true,"href":"https:\/\/www.eldiario.net\/portal\/wp-json\/wp\/v2\/users\/1"}],"replies":[{"embeddable":true,"href":"https:\/\/www.eldiario.net\/portal\/wp-json\/wp\/v2\/comments?post=201042"}],"version-history":[{"count":1,"href":"https:\/\/www.eldiario.net\/portal\/wp-json\/wp\/v2\/posts\/201042\/revisions"}],"predecessor-version":[{"id":201044,"href":"https:\/\/www.eldiario.net\/portal\/wp-json\/wp\/v2\/posts\/201042\/revisions\/201044"}],"wp:featuredmedia":[{"embeddable":true,"href":"https:\/\/www.eldiario.net\/portal\/wp-json\/wp\/v2\/media\/201043"}],"wp:attachment":[{"href":"https:\/\/www.eldiario.net\/portal\/wp-json\/wp\/v2\/media?parent=201042"}],"wp:term":[{"taxonomy":"category","embeddable":true,"href":"https:\/\/www.eldiario.net\/portal\/wp-json\/wp\/v2\/categories?post=201042"},{"taxonomy":"post_tag","embeddable":true,"href":"https:\/\/www.eldiario.net\/portal\/wp-json\/wp\/v2\/tags?post=201042"}],"curies":[{"name":"wp","href":"https:\/\/api.w.org\/{rel}","templated":true}]}}