{"id":201036,"date":"2024-02-03T01:52:25","date_gmt":"2024-02-03T05:52:25","guid":{"rendered":"https:\/\/www.eldiario.net\/portal\/?p=201036"},"modified":"2024-02-02T22:53:03","modified_gmt":"2024-02-03T02:53:03","slug":"arrestan-a-ocho-personas-en-jueves-de-compadres","status":"publish","type":"post","link":"https:\/\/www.eldiario.net\/portal\/2024\/02\/03\/arrestan-a-ocho-personas-en-jueves-de-compadres\/","title":{"rendered":"Arrestan a ocho personas en Jueves de Compadres"},"content":{"rendered":"<p>En el marco de sus operativos de patrullaje por las festividades de Carnaval, la Polic\u00eda Boliviana detuvo a ocho personas sospechosas de microtr\u00e1fico de sustancias controladas durante el Jueves de Compadres y ser\u00e1n investigadas por varios delitos, inform\u00f3 el comandante departamental, Edgar Cortez Albornoz.<br \/>\nLos resultados del operativo fueron presentados en la plaza Alonso de Mendoza. La autoridad afirm\u00f3 que se desplegar\u00e1n agentes policiales continuamente durante las siguientes semanas que dura el Carnaval, con el objeto de resguardar la seguridad ciudadana.<br \/>\n\u201cHemos realizado un operativo en horas de la tarde (del jueves) donde se ha desplegado personal policial por el centro de la ciudad de La Paz, dando cumplimiento al orden de operaciones \u2018Carnaval sin exceso, Carnaval seguro\u2019 emitido por el Comando General\u201d, explic\u00f3 ayer.<br \/>\nTres de los arrestados son de nacionalidad extranjera y los otros cinco son bolivianos. Los sospechosos son investigados por la supuesta comisi\u00f3n de una variedad de delitos como microtr\u00e1fico de sustancias controladas.<br \/>\nEntre los detenidos, una mujer fue encontrada portando 81 sobres de sustancias controladas con indicios de coca\u00edna. Otro sujeto ten\u00eda manillas policiales en su posesi\u00f3n y pretend\u00eda hacerse pasar por un efectivo de la instituci\u00f3n del orden. Estos y otros elementos fueron incautados por la Polic\u00eda. (EL DIARIO y agencias)<\/p>\n","protected":false},"excerpt":{"rendered":"<p>En el marco de sus operativos de patrullaje por las festividades de Carnaval, la Polic\u00eda Boliviana detuvo a ocho personas sospechosas de microtr\u00e1fico de sustancias controladas durante el Jueves de Compadres y ser\u00e1n investigadas por varios delitos, inform\u00f3 el comandante departamental, Edgar Cortez Albornoz. Los resultados del operativo fueron presentados en la plaza Alonso de [&hellip;]<\/p>\n","protected":false},"author":1,"featured_media":201037,"comment_status":"open","ping_status":"open","sticky":false,"template":"","format":"standard","meta":{"_acf_changed":false,"footnotes":""},"categories":[39],"tags":[],"class_list":["post-201036","post","type-post","status-publish","format-standard","has-post-thumbnail","category-sociedad"],"acf":{"antetitulo":""},"yoast_head":"<!-- This site is optimized with the Yoast SEO plugin v28.3 - https:\/\/yoast.com\/product\/yoast-seo-wordpress\/ -->\n<title>Arrestan a ocho personas en Jueves de Compadres - El Diario - Bolivia<\/title>\n<meta name=\"robots\" content=\"index, follow, max-snippet:-1, max-image-preview:large, max-video-preview:-1\" \/>\n<link rel=\"canonical\" href=\"https:\/\/www.eldiario.net\/portal\/2024\/02\/03\/arrestan-a-ocho-personas-en-jueves-de-compadres\/\" \/>\n<meta property=\"og:locale\" content=\"es_ES\" \/>\n<meta property=\"og:type\" content=\"article\" \/>\n<meta property=\"og:title\" content=\"Arrestan a ocho personas en Jueves de Compadres - El Diario - Bolivia\" \/>\n<meta property=\"og:description\" content=\"En el marco de sus operativos de patrullaje por las festividades de Carnaval, la Polic\u00eda Boliviana detuvo a ocho personas sospechosas de microtr\u00e1fico de sustancias controladas durante el Jueves de Compadres y ser\u00e1n investigadas por varios delitos, inform\u00f3 el comandante departamental, Edgar Cortez Albornoz. Los resultados del operativo fueron presentados en la plaza Alonso de [&hellip;]\" \/>\n<meta property=\"og:url\" content=\"https:\/\/www.eldiario.net\/portal\/2024\/02\/03\/arrestan-a-ocho-personas-en-jueves-de-compadres\/\" \/>\n<meta property=\"og:site_name\" content=\"El Diario - Bolivia\" \/>\n<meta property=\"article:publisher\" content=\"https:\/\/www.facebook.com\/eldiario.bolivia\/\" \/>\n<meta property=\"article:published_time\" content=\"2024-02-03T05:52:25+00:00\" \/>\n<meta property=\"og:image\" content=\"https:\/\/www.eldiario.net\/portal\/wp-content\/uploads\/2024\/02\/3-COMPADRES.jpg\" \/>\n\t<meta property=\"og:image:width\" content=\"1280\" \/>\n\t<meta property=\"og:image:height\" content=\"960\" \/>\n\t<meta property=\"og:image:type\" content=\"image\/jpeg\" \/>\n<meta name=\"author\" content=\"Jeanette\" \/>\n<meta name=\"twitter:card\" content=\"summary_large_image\" \/>\n<meta name=\"twitter:creator\" content=\"@eldiario_net\" \/>\n<meta name=\"twitter:site\" content=\"@eldiario_net\" \/>\n<meta name=\"twitter:label1\" content=\"Escrito por\" \/>\n\t<meta name=\"twitter:data1\" content=\"Jeanette\" \/>\n\t<meta name=\"twitter:label2\" content=\"Tiempo de lectura\" \/>\n\t<meta name=\"twitter:data2\" content=\"2 minutos\" \/>\n<script type=\"application\/ld+json\" class=\"yoast-schema-graph\">{\"@context\":\"https:\\\/\\\/schema.org\",\"@graph\":[{\"@type\":\"Article\",\"@id\":\"https:\\\/\\\/www.eldiario.net\\\/portal\\\/2024\\\/02\\\/03\\\/arrestan-a-ocho-personas-en-jueves-de-compadres\\\/#article\",\"isPartOf\":{\"@id\":\"https:\\\/\\\/www.eldiario.net\\\/portal\\\/2024\\\/02\\\/03\\\/arrestan-a-ocho-personas-en-jueves-de-compadres\\\/\"},\"author\":{\"name\":\"Jeanette\",\"@id\":\"https:\\\/\\\/www.eldiario.net\\\/portal\\\/#\\\/schema\\\/person\\\/f46445640444750d7d753ccd04ae01b7\"},\"headline\":\"Arrestan a ocho personas en Jueves de Compadres\",\"datePublished\":\"2024-02-03T05:52:25+00:00\",\"mainEntityOfPage\":{\"@id\":\"https:\\\/\\\/www.eldiario.net\\\/portal\\\/2024\\\/02\\\/03\\\/arrestan-a-ocho-personas-en-jueves-de-compadres\\\/\"},\"wordCount\":226,\"commentCount\":0,\"publisher\":{\"@id\":\"https:\\\/\\\/www.eldiario.net\\\/portal\\\/#organization\"},\"image\":{\"@id\":\"https:\\\/\\\/www.eldiario.net\\\/portal\\\/2024\\\/02\\\/03\\\/arrestan-a-ocho-personas-en-jueves-de-compadres\\\/#primaryimage\"},\"thumbnailUrl\":\"https:\\\/\\\/www.eldiario.net\\\/portal\\\/wp-content\\\/uploads\\\/2024\\\/02\\\/3-COMPADRES.jpg\",\"articleSection\":[\"Sociedad - Seguridad\"],\"inLanguage\":\"es\",\"potentialAction\":[{\"@type\":\"CommentAction\",\"name\":\"Comment\",\"target\":[\"https:\\\/\\\/www.eldiario.net\\\/portal\\\/2024\\\/02\\\/03\\\/arrestan-a-ocho-personas-en-jueves-de-compadres\\\/#respond\"]}]},{\"@type\":\"WebPage\",\"@id\":\"https:\\\/\\\/www.eldiario.net\\\/portal\\\/2024\\\/02\\\/03\\\/arrestan-a-ocho-personas-en-jueves-de-compadres\\\/\",\"url\":\"https:\\\/\\\/www.eldiario.net\\\/portal\\\/2024\\\/02\\\/03\\\/arrestan-a-ocho-personas-en-jueves-de-compadres\\\/\",\"name\":\"Arrestan a ocho personas en Jueves de Compadres - El Diario - Bolivia\",\"isPartOf\":{\"@id\":\"https:\\\/\\\/www.eldiario.net\\\/portal\\\/#website\"},\"primaryImageOfPage\":{\"@id\":\"https:\\\/\\\/www.eldiario.net\\\/portal\\\/2024\\\/02\\\/03\\\/arrestan-a-ocho-personas-en-jueves-de-compadres\\\/#primaryimage\"},\"image\":{\"@id\":\"https:\\\/\\\/www.eldiario.net\\\/portal\\\/2024\\\/02\\\/03\\\/arrestan-a-ocho-personas-en-jueves-de-compadres\\\/#primaryimage\"},\"thumbnailUrl\":\"https:\\\/\\\/www.eldiario.net\\\/portal\\\/wp-content\\\/uploads\\\/2024\\\/02\\\/3-COMPADRES.jpg\",\"datePublished\":\"2024-02-03T05:52:25+00:00\",\"breadcrumb\":{\"@id\":\"https:\\\/\\\/www.eldiario.net\\\/portal\\\/2024\\\/02\\\/03\\\/arrestan-a-ocho-personas-en-jueves-de-compadres\\\/#breadcrumb\"},\"inLanguage\":\"es\",\"potentialAction\":[{\"@type\":\"ReadAction\",\"target\":[\"https:\\\/\\\/www.eldiario.net\\\/portal\\\/2024\\\/02\\\/03\\\/arrestan-a-ocho-personas-en-jueves-de-compadres\\\/\"]}]},{\"@type\":\"ImageObject\",\"inLanguage\":\"es\",\"@id\":\"https:\\\/\\\/www.eldiario.net\\\/portal\\\/2024\\\/02\\\/03\\\/arrestan-a-ocho-personas-en-jueves-de-compadres\\\/#primaryimage\",\"url\":\"https:\\\/\\\/www.eldiario.net\\\/portal\\\/wp-content\\\/uploads\\\/2024\\\/02\\\/3-COMPADRES.jpg\",\"contentUrl\":\"https:\\\/\\\/www.eldiario.net\\\/portal\\\/wp-content\\\/uploads\\\/2024\\\/02\\\/3-COMPADRES.jpg\",\"width\":1280,\"height\":960,\"caption\":\"Elementos incautados en el operativo policial.\"},{\"@type\":\"BreadcrumbList\",\"@id\":\"https:\\\/\\\/www.eldiario.net\\\/portal\\\/2024\\\/02\\\/03\\\/arrestan-a-ocho-personas-en-jueves-de-compadres\\\/#breadcrumb\",\"itemListElement\":[{\"@type\":\"ListItem\",\"position\":1,\"name\":\"Portada\",\"item\":\"https:\\\/\\\/www.eldiario.net\\\/portal\\\/\"},{\"@type\":\"ListItem\",\"position\":2,\"name\":\"Arrestan a ocho personas en Jueves de Compadres\"}]},{\"@type\":\"WebSite\",\"@id\":\"https:\\\/\\\/www.eldiario.net\\\/portal\\\/#website\",\"url\":\"https:\\\/\\\/www.eldiario.net\\\/portal\\\/\",\"name\":\"El Diario - Decano de la prensa nacional\",\"description\":\"El Diario - Decano de la prensa nacional\",\"publisher\":{\"@id\":\"https:\\\/\\\/www.eldiario.net\\\/portal\\\/#organization\"},\"potentialAction\":[{\"@type\":\"SearchAction\",\"target\":{\"@type\":\"EntryPoint\",\"urlTemplate\":\"https:\\\/\\\/www.eldiario.net\\\/portal\\\/?s={search_term_string}\"},\"query-input\":{\"@type\":\"PropertyValueSpecification\",\"valueRequired\":true,\"valueName\":\"search_term_string\"}}],\"inLanguage\":\"es\"},{\"@type\":\"Organization\",\"@id\":\"https:\\\/\\\/www.eldiario.net\\\/portal\\\/#organization\",\"name\":\"El Diario - Decano de la prensa nacional\",\"url\":\"https:\\\/\\\/www.eldiario.net\\\/portal\\\/\",\"logo\":{\"@type\":\"ImageObject\",\"inLanguage\":\"es\",\"@id\":\"https:\\\/\\\/www.eldiario.net\\\/portal\\\/#\\\/schema\\\/logo\\\/image\\\/\",\"url\":\"https:\\\/\\\/www.eldiario.net\\\/portal\\\/wp-content\\\/uploads\\\/2023\\\/07\\\/logo_ED.jpg\",\"contentUrl\":\"https:\\\/\\\/www.eldiario.net\\\/portal\\\/wp-content\\\/uploads\\\/2023\\\/07\\\/logo_ED.jpg\",\"width\":272,\"height\":52,\"caption\":\"El Diario - Decano de la prensa nacional\"},\"image\":{\"@id\":\"https:\\\/\\\/www.eldiario.net\\\/portal\\\/#\\\/schema\\\/logo\\\/image\\\/\"},\"sameAs\":[\"https:\\\/\\\/www.facebook.com\\\/eldiario.bolivia\\\/\",\"https:\\\/\\\/x.com\\\/eldiario_net\"]},{\"@type\":\"Person\",\"@id\":\"https:\\\/\\\/www.eldiario.net\\\/portal\\\/#\\\/schema\\\/person\\\/f46445640444750d7d753ccd04ae01b7\",\"name\":\"Jeanette\",\"image\":{\"@type\":\"ImageObject\",\"inLanguage\":\"es\",\"@id\":\"https:\\\/\\\/secure.gravatar.com\\\/avatar\\\/3ea2118a5f7dad2b7138b1187a6b7ee55f160b9968b66013c3a3ef39dd7e5798?s=96&d=mm&r=g\",\"url\":\"https:\\\/\\\/secure.gravatar.com\\\/avatar\\\/3ea2118a5f7dad2b7138b1187a6b7ee55f160b9968b66013c3a3ef39dd7e5798?s=96&d=mm&r=g\",\"contentUrl\":\"https:\\\/\\\/secure.gravatar.com\\\/avatar\\\/3ea2118a5f7dad2b7138b1187a6b7ee55f160b9968b66013c3a3ef39dd7e5798?s=96&d=mm&r=g\",\"caption\":\"Jeanette\"},\"sameAs\":[\"https:\\\/\\\/www.eldiario.net\\\/portal\"],\"url\":\"https:\\\/\\\/www.eldiario.net\\\/portal\\\/author\\\/jeanette\\\/\"}]}<\/script>\n<!-- \/ Yoast SEO plugin. -->","yoast_head_json":{"title":"Arrestan a ocho personas en Jueves de Compadres - El Diario - Bolivia","robots":{"index":"index","follow":"follow","max-snippet":"max-snippet:-1","max-image-preview":"max-image-preview:large","max-video-preview":"max-video-preview:-1"},"canonical":"https:\/\/www.eldiario.net\/portal\/2024\/02\/03\/arrestan-a-ocho-personas-en-jueves-de-compadres\/","og_locale":"es_ES","og_type":"article","og_title":"Arrestan a ocho personas en Jueves de Compadres - El Diario - Bolivia","og_description":"En el marco de sus operativos de patrullaje por las festividades de Carnaval, la Polic\u00eda Boliviana detuvo a ocho personas sospechosas de microtr\u00e1fico de sustancias controladas durante el Jueves de Compadres y ser\u00e1n investigadas por varios delitos, inform\u00f3 el comandante departamental, Edgar Cortez Albornoz. Los resultados del operativo fueron presentados en la plaza Alonso de [&hellip;]","og_url":"https:\/\/www.eldiario.net\/portal\/2024\/02\/03\/arrestan-a-ocho-personas-en-jueves-de-compadres\/","og_site_name":"El Diario - Bolivia","article_publisher":"https:\/\/www.facebook.com\/eldiario.bolivia\/","article_published_time":"2024-02-03T05:52:25+00:00","og_image":[{"width":1280,"height":960,"url":"https:\/\/www.eldiario.net\/portal\/wp-content\/uploads\/2024\/02\/3-COMPADRES.jpg","type":"image\/jpeg"}],"author":"Jeanette","twitter_card":"summary_large_image","twitter_creator":"@eldiario_net","twitter_site":"@eldiario_net","twitter_misc":{"Escrito por":"Jeanette","Tiempo de lectura":"2 minutos"},"schema":{"@context":"https:\/\/schema.org","@graph":[{"@type":"Article","@id":"https:\/\/www.eldiario.net\/portal\/2024\/02\/03\/arrestan-a-ocho-personas-en-jueves-de-compadres\/#article","isPartOf":{"@id":"https:\/\/www.eldiario.net\/portal\/2024\/02\/03\/arrestan-a-ocho-personas-en-jueves-de-compadres\/"},"author":{"name":"Jeanette","@id":"https:\/\/www.eldiario.net\/portal\/#\/schema\/person\/f46445640444750d7d753ccd04ae01b7"},"headline":"Arrestan a ocho personas en Jueves de Compadres","datePublished":"2024-02-03T05:52:25+00:00","mainEntityOfPage":{"@id":"https:\/\/www.eldiario.net\/portal\/2024\/02\/03\/arrestan-a-ocho-personas-en-jueves-de-compadres\/"},"wordCount":226,"commentCount":0,"publisher":{"@id":"https:\/\/www.eldiario.net\/portal\/#organization"},"image":{"@id":"https:\/\/www.eldiario.net\/portal\/2024\/02\/03\/arrestan-a-ocho-personas-en-jueves-de-compadres\/#primaryimage"},"thumbnailUrl":"https:\/\/www.eldiario.net\/portal\/wp-content\/uploads\/2024\/02\/3-COMPADRES.jpg","articleSection":["Sociedad - Seguridad"],"inLanguage":"es","potentialAction":[{"@type":"CommentAction","name":"Comment","target":["https:\/\/www.eldiario.net\/portal\/2024\/02\/03\/arrestan-a-ocho-personas-en-jueves-de-compadres\/#respond"]}]},{"@type":"WebPage","@id":"https:\/\/www.eldiario.net\/portal\/2024\/02\/03\/arrestan-a-ocho-personas-en-jueves-de-compadres\/","url":"https:\/\/www.eldiario.net\/portal\/2024\/02\/03\/arrestan-a-ocho-personas-en-jueves-de-compadres\/","name":"Arrestan a ocho personas en Jueves de Compadres - El Diario - Bolivia","isPartOf":{"@id":"https:\/\/www.eldiario.net\/portal\/#website"},"primaryImageOfPage":{"@id":"https:\/\/www.eldiario.net\/portal\/2024\/02\/03\/arrestan-a-ocho-personas-en-jueves-de-compadres\/#primaryimage"},"image":{"@id":"https:\/\/www.eldiario.net\/portal\/2024\/02\/03\/arrestan-a-ocho-personas-en-jueves-de-compadres\/#primaryimage"},"thumbnailUrl":"https:\/\/www.eldiario.net\/portal\/wp-content\/uploads\/2024\/02\/3-COMPADRES.jpg","datePublished":"2024-02-03T05:52:25+00:00","breadcrumb":{"@id":"https:\/\/www.eldiario.net\/portal\/2024\/02\/03\/arrestan-a-ocho-personas-en-jueves-de-compadres\/#breadcrumb"},"inLanguage":"es","potentialAction":[{"@type":"ReadAction","target":["https:\/\/www.eldiario.net\/portal\/2024\/02\/03\/arrestan-a-ocho-personas-en-jueves-de-compadres\/"]}]},{"@type":"ImageObject","inLanguage":"es","@id":"https:\/\/www.eldiario.net\/portal\/2024\/02\/03\/arrestan-a-ocho-personas-en-jueves-de-compadres\/#primaryimage","url":"https:\/\/www.eldiario.net\/portal\/wp-content\/uploads\/2024\/02\/3-COMPADRES.jpg","contentUrl":"https:\/\/www.eldiario.net\/portal\/wp-content\/uploads\/2024\/02\/3-COMPADRES.jpg","width":1280,"height":960,"caption":"Elementos incautados en el operativo policial."},{"@type":"BreadcrumbList","@id":"https:\/\/www.eldiario.net\/portal\/2024\/02\/03\/arrestan-a-ocho-personas-en-jueves-de-compadres\/#breadcrumb","itemListElement":[{"@type":"ListItem","position":1,"name":"Portada","item":"https:\/\/www.eldiario.net\/portal\/"},{"@type":"ListItem","position":2,"name":"Arrestan a ocho personas en Jueves de Compadres"}]},{"@type":"WebSite","@id":"https:\/\/www.eldiario.net\/portal\/#website","url":"https:\/\/www.eldiario.net\/portal\/","name":"El Diario - Decano de la prensa nacional","description":"El Diario - Decano de la prensa nacional","publisher":{"@id":"https:\/\/www.eldiario.net\/portal\/#organization"},"potentialAction":[{"@type":"SearchAction","target":{"@type":"EntryPoint","urlTemplate":"https:\/\/www.eldiario.net\/portal\/?s={search_term_string}"},"query-input":{"@type":"PropertyValueSpecification","valueRequired":true,"valueName":"search_term_string"}}],"inLanguage":"es"},{"@type":"Organization","@id":"https:\/\/www.eldiario.net\/portal\/#organization","name":"El Diario - Decano de la prensa nacional","url":"https:\/\/www.eldiario.net\/portal\/","logo":{"@type":"ImageObject","inLanguage":"es","@id":"https:\/\/www.eldiario.net\/portal\/#\/schema\/logo\/image\/","url":"https:\/\/www.eldiario.net\/portal\/wp-content\/uploads\/2023\/07\/logo_ED.jpg","contentUrl":"https:\/\/www.eldiario.net\/portal\/wp-content\/uploads\/2023\/07\/logo_ED.jpg","width":272,"height":52,"caption":"El Diario - Decano de la prensa nacional"},"image":{"@id":"https:\/\/www.eldiario.net\/portal\/#\/schema\/logo\/image\/"},"sameAs":["https:\/\/www.facebook.com\/eldiario.bolivia\/","https:\/\/x.com\/eldiario_net"]},{"@type":"Person","@id":"https:\/\/www.eldiario.net\/portal\/#\/schema\/person\/f46445640444750d7d753ccd04ae01b7","name":"Jeanette","image":{"@type":"ImageObject","inLanguage":"es","@id":"https:\/\/secure.gravatar.com\/avatar\/3ea2118a5f7dad2b7138b1187a6b7ee55f160b9968b66013c3a3ef39dd7e5798?s=96&d=mm&r=g","url":"https:\/\/secure.gravatar.com\/avatar\/3ea2118a5f7dad2b7138b1187a6b7ee55f160b9968b66013c3a3ef39dd7e5798?s=96&d=mm&r=g","contentUrl":"https:\/\/secure.gravatar.com\/avatar\/3ea2118a5f7dad2b7138b1187a6b7ee55f160b9968b66013c3a3ef39dd7e5798?s=96&d=mm&r=g","caption":"Jeanette"},"sameAs":["https:\/\/www.eldiario.net\/portal"],"url":"https:\/\/www.eldiario.net\/portal\/author\/jeanette\/"}]}},"_links":{"self":[{"href":"https:\/\/www.eldiario.net\/portal\/wp-json\/wp\/v2\/posts\/201036","targetHints":{"allow":["GET"]}}],"collection":[{"href":"https:\/\/www.eldiario.net\/portal\/wp-json\/wp\/v2\/posts"}],"about":[{"href":"https:\/\/www.eldiario.net\/portal\/wp-json\/wp\/v2\/types\/post"}],"author":[{"embeddable":true,"href":"https:\/\/www.eldiario.net\/portal\/wp-json\/wp\/v2\/users\/1"}],"replies":[{"embeddable":true,"href":"https:\/\/www.eldiario.net\/portal\/wp-json\/wp\/v2\/comments?post=201036"}],"version-history":[{"count":1,"href":"https:\/\/www.eldiario.net\/portal\/wp-json\/wp\/v2\/posts\/201036\/revisions"}],"predecessor-version":[{"id":201038,"href":"https:\/\/www.eldiario.net\/portal\/wp-json\/wp\/v2\/posts\/201036\/revisions\/201038"}],"wp:featuredmedia":[{"embeddable":true,"href":"https:\/\/www.eldiario.net\/portal\/wp-json\/wp\/v2\/media\/201037"}],"wp:attachment":[{"href":"https:\/\/www.eldiario.net\/portal\/wp-json\/wp\/v2\/media?parent=201036"}],"wp:term":[{"taxonomy":"category","embeddable":true,"href":"https:\/\/www.eldiario.net\/portal\/wp-json\/wp\/v2\/categories?post=201036"},{"taxonomy":"post_tag","embeddable":true,"href":"https:\/\/www.eldiario.net\/portal\/wp-json\/wp\/v2\/tags?post=201036"}],"curies":[{"name":"wp","href":"https:\/\/api.w.org\/{rel}","templated":true}]}}