{"id":201029,"date":"2024-02-03T01:36:54","date_gmt":"2024-02-03T05:36:54","guid":{"rendered":"https:\/\/www.eldiario.net\/portal\/?p=201029"},"modified":"2024-02-02T22:40:07","modified_gmt":"2024-02-03T02:40:07","slug":"el-dolar-en-808","status":"publish","type":"post","link":"https:\/\/www.eldiario.net\/portal\/2024\/02\/03\/el-dolar-en-808\/","title":{"rendered":"El d\u00f3lar en 8,08"},"content":{"rendered":"<p>Mientras los cocaleros y narcos del MAS se enfrentan a los gobernantes del MAS, y tienen paralizado el pa\u00eds, el d\u00f3lar no se ha quedado quieto y ha llegado a Bs 8,08.<br \/>\nLos bloqueadores del MAS encuentran que no tienen nadie que los ataje, ni polic\u00edas ni militares ni gobierno, y el d\u00f3lar tampoco tiene freno, ante la angustia de todos.<br \/>\nLos bloqueos del cocalero han paralizado uno de los nueve departamentos de Bolivia, pero como es un departamento ubicado en el coraz\u00f3n del pa\u00eds, su efecto es enga\u00f1oso.<br \/>\nParece que los bloqueos abarcar\u00e1n m\u00e1s de un departamento, pero en realidad solo cubren el territorio de la coca y de la droga, donde domina la econom\u00eda de los narcos.<br \/>\nLas noticias que llegan del exterior confirman las sospechas de que los bloqueos son ordenados para facilitar la salida de la droga: en las \u00faltimas horas fueron incautadas 7,2 toneladas de coca\u00edna boliviana en Per\u00fa.<br \/>\nLo que muestra que la econom\u00eda del sector delincuencial est\u00e1 muy bien, viento en popa, como lo ha previsto el comandante de estas actividades, que lleg\u00f3 a la pol\u00edtica precisa y \u00fanicamente para eso.<br \/>\nEl ala del MAS que est\u00e1 en el gobierno protesta, pero no llega a tomar las medidas necesarias, como ser la captura de los bloqueadores, que ahora son asesinos y violadores tambi\u00e9n.<br \/>\nNi siquiera ha pensado que este ser\u00eda el momento ideal para llevar a la c\u00e1rcel al cocalero n\u00famero uno y a sus ayudantes y comandantes regionales, porque los bloqueos de carreteras son delitos.<br \/>\nTampoco ha pensado que podr\u00eda, imitando al gobierno ecuatoriano de Daniel Noboa, pedir ayuda militar de Estados Unidos para enfrentar a este ej\u00e9rcito de los narcos.<br \/>\nEn Ecuador los narcos quer\u00edan tomar control de ese pa\u00eds, mientras que en Bolivia sus colegas ya lo han hecho, lo que podr\u00eda dar la impresi\u00f3n de que se trata de una tarea m\u00e1s dif\u00edcil.<br \/>\nPero, en realidad, el objetivo no ser\u00eda controlar todo el departamento de Cochabamba, sino una peque\u00f1a parte de \u00e9l, hasta extirpar al poder narco all\u00ed instalado, donde operan 90% de las f\u00e1bricas de coca\u00edna de Bolivia, como dijo el ministro Eduardo Del Castillo.<br \/>\nUna eventual ayuda militar de Estados Unidos tendr\u00eda que apoyar a las FFAA de Bolivia para ocupar ese territorio, capturar a los cabecillas, destruir las f\u00e1bricas de droga y erradicar todos los cocales.<br \/>\nLa oportunidad es \u00fanica. El pa\u00eds entero sufre las consecuencias de los bloqueos de los cocaleros y los narcos, porque las carreteras de Cochabamba tienen conexiones con el resto de Bolivia.<br \/>\nEl presidente, Luis Arce, tendr\u00eda que tomar esta oportunidad para convertirse en un l\u00edder, capaz de enfrentar al mayor desaf\u00edo que amenaza a Bolivia en sus 198 a\u00f1os de existencia.<\/p>\n<p><img loading=\"lazy\" decoding=\"async\" class=\"aligncenter  wp-image-201030\" src=\"https:\/\/www.eldiario.net\/portal\/wp-content\/uploads\/2024\/02\/Sin-titulo-1.jpg\" alt=\"\" width=\"440\" height=\"88\" \/><\/p>\n<p><img loading=\"lazy\" decoding=\"async\" class=\"alignleft size-full wp-image-201031\" src=\"https:\/\/www.eldiario.net\/portal\/wp-content\/uploads\/2024\/02\/PETROLEO.jpg\" alt=\"\" width=\"150\" height=\"204\" \/><em><strong>PETR\u00d3LEO<\/strong><\/em><\/p>\n<p>El promedio mensual de las exportaciones de gas natural cay\u00f3 en 2023 y en valor representan el 30% del promedio de los \u00faltimos 17 a\u00f1os. Mientras que el precio de las importaciones de combustibles est\u00e1 aumentando m\u00e1s r\u00e1pidamente que el precio del petr\u00f3leo. Los ataques en el Mar Rojo, han afectado directamente a los fletes de di\u00e9sel, gasolina y queros\u00e9n, que juntos, son la principal importaci\u00f3n boliviana y representan el 26% del total importado en 2023.<\/p>\n<p><img loading=\"lazy\" decoding=\"async\" class=\"alignleft size-full wp-image-201032\" src=\"https:\/\/www.eldiario.net\/portal\/wp-content\/uploads\/2024\/02\/ORO-1.jpg\" alt=\"\" width=\"150\" height=\"205\" \/><em><strong>ORO<\/strong><\/em><\/p>\n<p>El oro fue la mayor exportaci\u00f3n de Bolivia en 2023 por tercer a\u00f1o consecutivo. El precio se mantiene relativamente estable a nivel mundial debido a una combinaci\u00f3n de efectos que lo empujan hacia abajo, como la recuperaci\u00f3n de la econom\u00eda estadounidense y otros que lo empujan hacia arriba como la tensi\u00f3n geopol\u00edtica en el Medio Oriente. China y otros bancos centrales est\u00e1n en campa\u00f1a por aumentar sus reservas, mientras Bolivia las est\u00e1 liquidando.<\/p>\n<p><img loading=\"lazy\" decoding=\"async\" class=\"alignleft size-full wp-image-201033\" src=\"https:\/\/www.eldiario.net\/portal\/wp-content\/uploads\/2024\/02\/ZINC.jpg\" alt=\"\" width=\"150\" height=\"202\" \/><em><strong>ZINC<\/strong><\/em><\/p>\n<p>El precio del cobre finaliz\u00f3 en 2023 con un aumento de 2%, mientras que los precios del aluminio y el plomo perdieron un 1% y un 4%, respectivamente. Mientras tanto, el zinc fue el metal con peor desempe\u00f1o del grupo, el precio cay\u00f3 a su nivel m\u00e1s bajo desde 2020. El super\u00e1vit de producci\u00f3n de zinc de 2023 no solo se repetir\u00e1 en 2024, sino que ser\u00e1 a\u00fan mayor. El promedio mensual de exportaci\u00f3n de zinc de Bolivia cay\u00f3 en 27% en valor durante 2023.<\/p>\n<p><em><strong>Vuelven las sanciones<\/strong><\/em><\/p>\n<p>Venezuela incumpli\u00f3 los acuerdos de Barbados, en los que se compromet\u00eda a garantizar elecciones libres en 2024, y Estados Unidos levantaba las sanciones econ\u00f3micas. El r\u00e9gimen de Maduro inhabilit\u00f3 a los principales candidatos, Mar\u00eda Corina Machado y Henrique Capriles, por temor a una derrota en las urnas. Las sanciones vuelven en abril sobre petr\u00f3leo y miner\u00eda.<\/p>\n<p><em><strong>Argentina y el FMI<\/strong><\/em><\/p>\n<p>Esta semana, el FMI acord\u00f3 aumentar el monto que entregar\u00e1 a Argentina como parte del financiamiento de US$ 45.000 millones. El Fondo entregar\u00e1 US$ 4.700 millones a la nueva administraci\u00f3n. El d\u00e9ficit de gasto estatal est\u00e1 nuevamente fuera de las negociaciones, pero esta vez, porque Milei quiere reducirlo m\u00e1s de lo que los negociadores del FMI recomiendan.<\/p>\n<p><em><strong>Subvenciones vecinas<\/strong><\/em><\/p>\n<p>Los transportistas peruanos que entran a Bolivia deben pagar un precio adicional por el di\u00e9sel que compran en el pa\u00eds. Su vecino al norte, Ecuador acaba de pasar una ley que mantiene el precio de subvenci\u00f3n para los transportistas extranjeros. Los camioneros peruanos pagan US$ 1.27 el litro en Bolivia, US$ 1.01 en Per\u00fa y apenas US$ 0.46 el litro en Ecuador.<\/p>\n<p style=\"text-align: center;\">Lo bueno<br \/>\n***<br \/>\nEs que el Gobierno ha vuelto a firmar un convenio con los chinos para hacer posible la extracci\u00f3n directa del litio en los gigantes salares de Oruro y Potos\u00ed.<\/p>\n<p style=\"text-align: center;\">Lo malo<br \/>\n***<br \/>\nEs que esos convenios, firmados ya varias veces, no han producido el efecto de comenzar la extracci\u00f3n directa del litio, a pesar de la inversi\u00f3n de 1.000 millones de d\u00f3lares.<\/p>\n<p style=\"text-align: center;\">Lo feo<br \/>\n***<br \/>\nEs que el precio del litio en el mundo entero est\u00e1 disminuyendo debido al exceso de oferta ya que las nuevas operaciones mineras, en las que el mundo ha invertido, empiezan a inundar el mercado.<\/p>\n","protected":false},"excerpt":{"rendered":"<p>Mientras los cocaleros y narcos del MAS se enfrentan a los gobernantes del MAS, y tienen paralizado el pa\u00eds, el d\u00f3lar no se ha quedado quieto y ha llegado a Bs 8,08. Los bloqueadores del MAS encuentran que no tienen nadie que los ataje, ni polic\u00edas ni militares ni gobierno, y el d\u00f3lar tampoco tiene [&hellip;]<\/p>\n","protected":false},"author":1,"featured_media":201034,"comment_status":"open","ping_status":"open","sticky":false,"template":"","format":"standard","meta":{"_acf_changed":false,"footnotes":""},"categories":[7],"tags":[],"class_list":["post-201029","post","type-post","status-publish","format-standard","has-post-thumbnail","category-economia"],"acf":{"antetitulo":"An\u00e1lisis econ\u00f3mico"},"yoast_head":"<!-- This site is optimized with the Yoast SEO plugin v28.3 - https:\/\/yoast.com\/product\/yoast-seo-wordpress\/ -->\n<title>El d\u00f3lar en 8,08 - El Diario - Bolivia<\/title>\n<meta name=\"robots\" content=\"index, follow, max-snippet:-1, max-image-preview:large, max-video-preview:-1\" \/>\n<link rel=\"canonical\" href=\"https:\/\/www.eldiario.net\/portal\/2024\/02\/03\/el-dolar-en-808\/\" \/>\n<meta property=\"og:locale\" content=\"es_ES\" \/>\n<meta property=\"og:type\" content=\"article\" \/>\n<meta property=\"og:title\" content=\"El d\u00f3lar en 8,08 - El Diario - Bolivia\" \/>\n<meta property=\"og:description\" content=\"Mientras los cocaleros y narcos del MAS se enfrentan a los gobernantes del MAS, y tienen paralizado el pa\u00eds, el d\u00f3lar no se ha quedado quieto y ha llegado a Bs 8,08. Los bloqueadores del MAS encuentran que no tienen nadie que los ataje, ni polic\u00edas ni militares ni gobierno, y el d\u00f3lar tampoco tiene [&hellip;]\" \/>\n<meta property=\"og:url\" content=\"https:\/\/www.eldiario.net\/portal\/2024\/02\/03\/el-dolar-en-808\/\" \/>\n<meta property=\"og:site_name\" content=\"El Diario - Bolivia\" \/>\n<meta property=\"article:publisher\" content=\"https:\/\/www.facebook.com\/eldiario.bolivia\/\" \/>\n<meta property=\"article:published_time\" content=\"2024-02-03T05:36:54+00:00\" \/>\n<meta property=\"og:image\" content=\"https:\/\/www.eldiario.net\/portal\/wp-content\/uploads\/2024\/02\/eco_vacaflor.jpg\" \/>\n\t<meta property=\"og:image:width\" content=\"1108\" \/>\n\t<meta property=\"og:image:height\" content=\"611\" \/>\n\t<meta property=\"og:image:type\" content=\"image\/jpeg\" \/>\n<meta name=\"author\" content=\"Jeanette\" \/>\n<meta name=\"twitter:card\" content=\"summary_large_image\" \/>\n<meta name=\"twitter:creator\" content=\"@eldiario_net\" \/>\n<meta name=\"twitter:site\" content=\"@eldiario_net\" \/>\n<meta name=\"twitter:label1\" content=\"Escrito por\" \/>\n\t<meta name=\"twitter:data1\" content=\"Jeanette\" \/>\n\t<meta name=\"twitter:label2\" content=\"Tiempo de lectura\" \/>\n\t<meta name=\"twitter:data2\" content=\"6 minutos\" \/>\n<script type=\"application\/ld+json\" class=\"yoast-schema-graph\">{\"@context\":\"https:\\\/\\\/schema.org\",\"@graph\":[{\"@type\":\"Article\",\"@id\":\"https:\\\/\\\/www.eldiario.net\\\/portal\\\/2024\\\/02\\\/03\\\/el-dolar-en-808\\\/#article\",\"isPartOf\":{\"@id\":\"https:\\\/\\\/www.eldiario.net\\\/portal\\\/2024\\\/02\\\/03\\\/el-dolar-en-808\\\/\"},\"author\":{\"name\":\"Jeanette\",\"@id\":\"https:\\\/\\\/www.eldiario.net\\\/portal\\\/#\\\/schema\\\/person\\\/f46445640444750d7d753ccd04ae01b7\"},\"headline\":\"El d\u00f3lar en 8,08\",\"datePublished\":\"2024-02-03T05:36:54+00:00\",\"mainEntityOfPage\":{\"@id\":\"https:\\\/\\\/www.eldiario.net\\\/portal\\\/2024\\\/02\\\/03\\\/el-dolar-en-808\\\/\"},\"wordCount\":1025,\"commentCount\":0,\"publisher\":{\"@id\":\"https:\\\/\\\/www.eldiario.net\\\/portal\\\/#organization\"},\"image\":{\"@id\":\"https:\\\/\\\/www.eldiario.net\\\/portal\\\/2024\\\/02\\\/03\\\/el-dolar-en-808\\\/#primaryimage\"},\"thumbnailUrl\":\"https:\\\/\\\/www.eldiario.net\\\/portal\\\/wp-content\\\/uploads\\\/2024\\\/02\\\/eco_vacaflor.jpg\",\"articleSection\":[\"Econom\u00eda\"],\"inLanguage\":\"es\",\"potentialAction\":[{\"@type\":\"CommentAction\",\"name\":\"Comment\",\"target\":[\"https:\\\/\\\/www.eldiario.net\\\/portal\\\/2024\\\/02\\\/03\\\/el-dolar-en-808\\\/#respond\"]}]},{\"@type\":\"WebPage\",\"@id\":\"https:\\\/\\\/www.eldiario.net\\\/portal\\\/2024\\\/02\\\/03\\\/el-dolar-en-808\\\/\",\"url\":\"https:\\\/\\\/www.eldiario.net\\\/portal\\\/2024\\\/02\\\/03\\\/el-dolar-en-808\\\/\",\"name\":\"El d\u00f3lar en 8,08 - El Diario - Bolivia\",\"isPartOf\":{\"@id\":\"https:\\\/\\\/www.eldiario.net\\\/portal\\\/#website\"},\"primaryImageOfPage\":{\"@id\":\"https:\\\/\\\/www.eldiario.net\\\/portal\\\/2024\\\/02\\\/03\\\/el-dolar-en-808\\\/#primaryimage\"},\"image\":{\"@id\":\"https:\\\/\\\/www.eldiario.net\\\/portal\\\/2024\\\/02\\\/03\\\/el-dolar-en-808\\\/#primaryimage\"},\"thumbnailUrl\":\"https:\\\/\\\/www.eldiario.net\\\/portal\\\/wp-content\\\/uploads\\\/2024\\\/02\\\/eco_vacaflor.jpg\",\"datePublished\":\"2024-02-03T05:36:54+00:00\",\"breadcrumb\":{\"@id\":\"https:\\\/\\\/www.eldiario.net\\\/portal\\\/2024\\\/02\\\/03\\\/el-dolar-en-808\\\/#breadcrumb\"},\"inLanguage\":\"es\",\"potentialAction\":[{\"@type\":\"ReadAction\",\"target\":[\"https:\\\/\\\/www.eldiario.net\\\/portal\\\/2024\\\/02\\\/03\\\/el-dolar-en-808\\\/\"]}]},{\"@type\":\"ImageObject\",\"inLanguage\":\"es\",\"@id\":\"https:\\\/\\\/www.eldiario.net\\\/portal\\\/2024\\\/02\\\/03\\\/el-dolar-en-808\\\/#primaryimage\",\"url\":\"https:\\\/\\\/www.eldiario.net\\\/portal\\\/wp-content\\\/uploads\\\/2024\\\/02\\\/eco_vacaflor.jpg\",\"contentUrl\":\"https:\\\/\\\/www.eldiario.net\\\/portal\\\/wp-content\\\/uploads\\\/2024\\\/02\\\/eco_vacaflor.jpg\",\"width\":1108,\"height\":611},{\"@type\":\"BreadcrumbList\",\"@id\":\"https:\\\/\\\/www.eldiario.net\\\/portal\\\/2024\\\/02\\\/03\\\/el-dolar-en-808\\\/#breadcrumb\",\"itemListElement\":[{\"@type\":\"ListItem\",\"position\":1,\"name\":\"Portada\",\"item\":\"https:\\\/\\\/www.eldiario.net\\\/portal\\\/\"},{\"@type\":\"ListItem\",\"position\":2,\"name\":\"El d\u00f3lar en 8,08\"}]},{\"@type\":\"WebSite\",\"@id\":\"https:\\\/\\\/www.eldiario.net\\\/portal\\\/#website\",\"url\":\"https:\\\/\\\/www.eldiario.net\\\/portal\\\/\",\"name\":\"El Diario - Decano de la prensa nacional\",\"description\":\"El Diario - Decano de la prensa nacional\",\"publisher\":{\"@id\":\"https:\\\/\\\/www.eldiario.net\\\/portal\\\/#organization\"},\"potentialAction\":[{\"@type\":\"SearchAction\",\"target\":{\"@type\":\"EntryPoint\",\"urlTemplate\":\"https:\\\/\\\/www.eldiario.net\\\/portal\\\/?s={search_term_string}\"},\"query-input\":{\"@type\":\"PropertyValueSpecification\",\"valueRequired\":true,\"valueName\":\"search_term_string\"}}],\"inLanguage\":\"es\"},{\"@type\":\"Organization\",\"@id\":\"https:\\\/\\\/www.eldiario.net\\\/portal\\\/#organization\",\"name\":\"El Diario - Decano de la prensa nacional\",\"url\":\"https:\\\/\\\/www.eldiario.net\\\/portal\\\/\",\"logo\":{\"@type\":\"ImageObject\",\"inLanguage\":\"es\",\"@id\":\"https:\\\/\\\/www.eldiario.net\\\/portal\\\/#\\\/schema\\\/logo\\\/image\\\/\",\"url\":\"https:\\\/\\\/www.eldiario.net\\\/portal\\\/wp-content\\\/uploads\\\/2023\\\/07\\\/logo_ED.jpg\",\"contentUrl\":\"https:\\\/\\\/www.eldiario.net\\\/portal\\\/wp-content\\\/uploads\\\/2023\\\/07\\\/logo_ED.jpg\",\"width\":272,\"height\":52,\"caption\":\"El Diario - Decano de la prensa nacional\"},\"image\":{\"@id\":\"https:\\\/\\\/www.eldiario.net\\\/portal\\\/#\\\/schema\\\/logo\\\/image\\\/\"},\"sameAs\":[\"https:\\\/\\\/www.facebook.com\\\/eldiario.bolivia\\\/\",\"https:\\\/\\\/x.com\\\/eldiario_net\"]},{\"@type\":\"Person\",\"@id\":\"https:\\\/\\\/www.eldiario.net\\\/portal\\\/#\\\/schema\\\/person\\\/f46445640444750d7d753ccd04ae01b7\",\"name\":\"Jeanette\",\"image\":{\"@type\":\"ImageObject\",\"inLanguage\":\"es\",\"@id\":\"https:\\\/\\\/secure.gravatar.com\\\/avatar\\\/3ea2118a5f7dad2b7138b1187a6b7ee55f160b9968b66013c3a3ef39dd7e5798?s=96&d=mm&r=g\",\"url\":\"https:\\\/\\\/secure.gravatar.com\\\/avatar\\\/3ea2118a5f7dad2b7138b1187a6b7ee55f160b9968b66013c3a3ef39dd7e5798?s=96&d=mm&r=g\",\"contentUrl\":\"https:\\\/\\\/secure.gravatar.com\\\/avatar\\\/3ea2118a5f7dad2b7138b1187a6b7ee55f160b9968b66013c3a3ef39dd7e5798?s=96&d=mm&r=g\",\"caption\":\"Jeanette\"},\"sameAs\":[\"https:\\\/\\\/www.eldiario.net\\\/portal\"],\"url\":\"https:\\\/\\\/www.eldiario.net\\\/portal\\\/author\\\/jeanette\\\/\"}]}<\/script>\n<!-- \/ Yoast SEO plugin. -->","yoast_head_json":{"title":"El d\u00f3lar en 8,08 - El Diario - Bolivia","robots":{"index":"index","follow":"follow","max-snippet":"max-snippet:-1","max-image-preview":"max-image-preview:large","max-video-preview":"max-video-preview:-1"},"canonical":"https:\/\/www.eldiario.net\/portal\/2024\/02\/03\/el-dolar-en-808\/","og_locale":"es_ES","og_type":"article","og_title":"El d\u00f3lar en 8,08 - El Diario - Bolivia","og_description":"Mientras los cocaleros y narcos del MAS se enfrentan a los gobernantes del MAS, y tienen paralizado el pa\u00eds, el d\u00f3lar no se ha quedado quieto y ha llegado a Bs 8,08. Los bloqueadores del MAS encuentran que no tienen nadie que los ataje, ni polic\u00edas ni militares ni gobierno, y el d\u00f3lar tampoco tiene [&hellip;]","og_url":"https:\/\/www.eldiario.net\/portal\/2024\/02\/03\/el-dolar-en-808\/","og_site_name":"El Diario - Bolivia","article_publisher":"https:\/\/www.facebook.com\/eldiario.bolivia\/","article_published_time":"2024-02-03T05:36:54+00:00","og_image":[{"width":1108,"height":611,"url":"https:\/\/www.eldiario.net\/portal\/wp-content\/uploads\/2024\/02\/eco_vacaflor.jpg","type":"image\/jpeg"}],"author":"Jeanette","twitter_card":"summary_large_image","twitter_creator":"@eldiario_net","twitter_site":"@eldiario_net","twitter_misc":{"Escrito por":"Jeanette","Tiempo de lectura":"6 minutos"},"schema":{"@context":"https:\/\/schema.org","@graph":[{"@type":"Article","@id":"https:\/\/www.eldiario.net\/portal\/2024\/02\/03\/el-dolar-en-808\/#article","isPartOf":{"@id":"https:\/\/www.eldiario.net\/portal\/2024\/02\/03\/el-dolar-en-808\/"},"author":{"name":"Jeanette","@id":"https:\/\/www.eldiario.net\/portal\/#\/schema\/person\/f46445640444750d7d753ccd04ae01b7"},"headline":"El d\u00f3lar en 8,08","datePublished":"2024-02-03T05:36:54+00:00","mainEntityOfPage":{"@id":"https:\/\/www.eldiario.net\/portal\/2024\/02\/03\/el-dolar-en-808\/"},"wordCount":1025,"commentCount":0,"publisher":{"@id":"https:\/\/www.eldiario.net\/portal\/#organization"},"image":{"@id":"https:\/\/www.eldiario.net\/portal\/2024\/02\/03\/el-dolar-en-808\/#primaryimage"},"thumbnailUrl":"https:\/\/www.eldiario.net\/portal\/wp-content\/uploads\/2024\/02\/eco_vacaflor.jpg","articleSection":["Econom\u00eda"],"inLanguage":"es","potentialAction":[{"@type":"CommentAction","name":"Comment","target":["https:\/\/www.eldiario.net\/portal\/2024\/02\/03\/el-dolar-en-808\/#respond"]}]},{"@type":"WebPage","@id":"https:\/\/www.eldiario.net\/portal\/2024\/02\/03\/el-dolar-en-808\/","url":"https:\/\/www.eldiario.net\/portal\/2024\/02\/03\/el-dolar-en-808\/","name":"El d\u00f3lar en 8,08 - El Diario - Bolivia","isPartOf":{"@id":"https:\/\/www.eldiario.net\/portal\/#website"},"primaryImageOfPage":{"@id":"https:\/\/www.eldiario.net\/portal\/2024\/02\/03\/el-dolar-en-808\/#primaryimage"},"image":{"@id":"https:\/\/www.eldiario.net\/portal\/2024\/02\/03\/el-dolar-en-808\/#primaryimage"},"thumbnailUrl":"https:\/\/www.eldiario.net\/portal\/wp-content\/uploads\/2024\/02\/eco_vacaflor.jpg","datePublished":"2024-02-03T05:36:54+00:00","breadcrumb":{"@id":"https:\/\/www.eldiario.net\/portal\/2024\/02\/03\/el-dolar-en-808\/#breadcrumb"},"inLanguage":"es","potentialAction":[{"@type":"ReadAction","target":["https:\/\/www.eldiario.net\/portal\/2024\/02\/03\/el-dolar-en-808\/"]}]},{"@type":"ImageObject","inLanguage":"es","@id":"https:\/\/www.eldiario.net\/portal\/2024\/02\/03\/el-dolar-en-808\/#primaryimage","url":"https:\/\/www.eldiario.net\/portal\/wp-content\/uploads\/2024\/02\/eco_vacaflor.jpg","contentUrl":"https:\/\/www.eldiario.net\/portal\/wp-content\/uploads\/2024\/02\/eco_vacaflor.jpg","width":1108,"height":611},{"@type":"BreadcrumbList","@id":"https:\/\/www.eldiario.net\/portal\/2024\/02\/03\/el-dolar-en-808\/#breadcrumb","itemListElement":[{"@type":"ListItem","position":1,"name":"Portada","item":"https:\/\/www.eldiario.net\/portal\/"},{"@type":"ListItem","position":2,"name":"El d\u00f3lar en 8,08"}]},{"@type":"WebSite","@id":"https:\/\/www.eldiario.net\/portal\/#website","url":"https:\/\/www.eldiario.net\/portal\/","name":"El Diario - Decano de la prensa nacional","description":"El Diario - Decano de la prensa nacional","publisher":{"@id":"https:\/\/www.eldiario.net\/portal\/#organization"},"potentialAction":[{"@type":"SearchAction","target":{"@type":"EntryPoint","urlTemplate":"https:\/\/www.eldiario.net\/portal\/?s={search_term_string}"},"query-input":{"@type":"PropertyValueSpecification","valueRequired":true,"valueName":"search_term_string"}}],"inLanguage":"es"},{"@type":"Organization","@id":"https:\/\/www.eldiario.net\/portal\/#organization","name":"El Diario - Decano de la prensa nacional","url":"https:\/\/www.eldiario.net\/portal\/","logo":{"@type":"ImageObject","inLanguage":"es","@id":"https:\/\/www.eldiario.net\/portal\/#\/schema\/logo\/image\/","url":"https:\/\/www.eldiario.net\/portal\/wp-content\/uploads\/2023\/07\/logo_ED.jpg","contentUrl":"https:\/\/www.eldiario.net\/portal\/wp-content\/uploads\/2023\/07\/logo_ED.jpg","width":272,"height":52,"caption":"El Diario - Decano de la prensa nacional"},"image":{"@id":"https:\/\/www.eldiario.net\/portal\/#\/schema\/logo\/image\/"},"sameAs":["https:\/\/www.facebook.com\/eldiario.bolivia\/","https:\/\/x.com\/eldiario_net"]},{"@type":"Person","@id":"https:\/\/www.eldiario.net\/portal\/#\/schema\/person\/f46445640444750d7d753ccd04ae01b7","name":"Jeanette","image":{"@type":"ImageObject","inLanguage":"es","@id":"https:\/\/secure.gravatar.com\/avatar\/3ea2118a5f7dad2b7138b1187a6b7ee55f160b9968b66013c3a3ef39dd7e5798?s=96&d=mm&r=g","url":"https:\/\/secure.gravatar.com\/avatar\/3ea2118a5f7dad2b7138b1187a6b7ee55f160b9968b66013c3a3ef39dd7e5798?s=96&d=mm&r=g","contentUrl":"https:\/\/secure.gravatar.com\/avatar\/3ea2118a5f7dad2b7138b1187a6b7ee55f160b9968b66013c3a3ef39dd7e5798?s=96&d=mm&r=g","caption":"Jeanette"},"sameAs":["https:\/\/www.eldiario.net\/portal"],"url":"https:\/\/www.eldiario.net\/portal\/author\/jeanette\/"}]}},"_links":{"self":[{"href":"https:\/\/www.eldiario.net\/portal\/wp-json\/wp\/v2\/posts\/201029","targetHints":{"allow":["GET"]}}],"collection":[{"href":"https:\/\/www.eldiario.net\/portal\/wp-json\/wp\/v2\/posts"}],"about":[{"href":"https:\/\/www.eldiario.net\/portal\/wp-json\/wp\/v2\/types\/post"}],"author":[{"embeddable":true,"href":"https:\/\/www.eldiario.net\/portal\/wp-json\/wp\/v2\/users\/1"}],"replies":[{"embeddable":true,"href":"https:\/\/www.eldiario.net\/portal\/wp-json\/wp\/v2\/comments?post=201029"}],"version-history":[{"count":1,"href":"https:\/\/www.eldiario.net\/portal\/wp-json\/wp\/v2\/posts\/201029\/revisions"}],"predecessor-version":[{"id":201035,"href":"https:\/\/www.eldiario.net\/portal\/wp-json\/wp\/v2\/posts\/201029\/revisions\/201035"}],"wp:featuredmedia":[{"embeddable":true,"href":"https:\/\/www.eldiario.net\/portal\/wp-json\/wp\/v2\/media\/201034"}],"wp:attachment":[{"href":"https:\/\/www.eldiario.net\/portal\/wp-json\/wp\/v2\/media?parent=201029"}],"wp:term":[{"taxonomy":"category","embeddable":true,"href":"https:\/\/www.eldiario.net\/portal\/wp-json\/wp\/v2\/categories?post=201029"},{"taxonomy":"post_tag","embeddable":true,"href":"https:\/\/www.eldiario.net\/portal\/wp-json\/wp\/v2\/tags?post=201029"}],"curies":[{"name":"wp","href":"https:\/\/api.w.org\/{rel}","templated":true}]}}