{"id":201023,"date":"2024-02-03T01:29:30","date_gmt":"2024-02-03T05:29:30","guid":{"rendered":"https:\/\/www.eldiario.net\/portal\/?p=201023"},"modified":"2024-02-02T22:30:11","modified_gmt":"2024-02-03T02:30:11","slug":"el-50-de-exportaciones-corresponden-a-minerales","status":"publish","type":"post","link":"https:\/\/www.eldiario.net\/portal\/2024\/02\/03\/el-50-de-exportaciones-corresponden-a-minerales\/","title":{"rendered":"El 50% de exportaciones  corresponden a minerales"},"content":{"rendered":"<p>A noviembre de 2023, las exportaciones alcanzaron a 10.125 millones de d\u00f3lares, y casi el 50% corresponde a la venta de minerales por 5.601 millones, y lidera el oro seguido del zinc, de acuerdo a datos oficiales.<br \/>\n\u201cEl valor econ\u00f3mico total de exportaci\u00f3n de nuestros minerales es de 5.601 millones de d\u00f3lares\u201d, inform\u00f3 el ministro de Miner\u00eda y Metalurgia, Marcelino Quispe, ayer en la Rendici\u00f3n P\u00fablica de Cuentas Final 2023 de esa cartera de Estado.<br \/>\nSeg\u00fan los datos de la autoridad, el valor por exportaci\u00f3n de oro alcanz\u00f3 a 2.531 millones de d\u00f3lares, de zinc 1.276 millones, de plata 960 millones, de esta\u00f1o 392,4 millones, de plomo 203 millones, de antimonio 40,5 millones, de cobre 31 millones, de w\u00f3lfram 30,4 millones, de hierro 4,3 millones, entre otros.<br \/>\nA pesar de que el oro lidera las ventas de minerales, no lleg\u00f3 a las cifras registradas en 2022, cuando alcanz\u00f3 los 3.000 millones de d\u00f3lares, siendo la materia prima que destac\u00f3 por encima de los hidrocarburos.<br \/>\nDel valor total de las exportaciones de minerales bolivianos, casi la mitad, el 45% corresponde a oro, seguido del 21% a zinc, 17% a plata, 8% a esta\u00f1o, 4% a plomo, 1% a ulexita y 4% a otros metales.<br \/>\n\u201cEsa es la distribuci\u00f3n porcentual de los metales que actualmente estamos exportando y podemos observar con mucha claridad, pr\u00e1cticamente, que Bolivia produce oro en una cantidad muy apreciada\u201d, resalt\u00f3 el ministro.<br \/>\nLos pa\u00edses asi\u00e1ticos son los principales compradores de oro, sin embargo, analistas econ\u00f3micos sostiene que esos recursos por la exportaci\u00f3n del met\u00e1lico no se refleja en ingresos para el Tesoro General de la Naci\u00f3n (TGN), pues solamente pagan un 2% de impuestos.<br \/>\nTodav\u00eda est\u00e1 en espera el 4,8% de impuestos que quieren pagar los cooperativistas aur\u00edferos, siendo uno de los sectores que aprovecha al m\u00e1ximo el oro, con consecuencias negativas para la biodiversidad del pa\u00eds. La cotizaci\u00f3n de la onza troy de oro bordea los 2.000 d\u00f3lares en el mercado internacional.<br \/>\nEl Ministerio de Miner\u00eda y Metalurgia brind\u00f3 su rendici\u00f3n de cuentas a los representantes de organizaciones sociales y otros sectores v\u00eda presencial en el S\u00faper Multiteatro de la ciudad de Oruro, que fue transmitido por sus redes sociales.<br \/>\nPIE DE FOTO<br \/>\nFoto<\/p>\n","protected":false},"excerpt":{"rendered":"<p>A noviembre de 2023, las exportaciones alcanzaron a 10.125 millones de d\u00f3lares, y casi el 50% corresponde a la venta de minerales por 5.601 millones, y lidera el oro seguido del zinc, de acuerdo a datos oficiales. \u201cEl valor econ\u00f3mico total de exportaci\u00f3n de nuestros minerales es de 5.601 millones de d\u00f3lares\u201d, inform\u00f3 el ministro [&hellip;]<\/p>\n","protected":false},"author":1,"featured_media":201024,"comment_status":"open","ping_status":"open","sticky":false,"template":"","format":"standard","meta":{"_acf_changed":false,"footnotes":""},"categories":[7],"tags":[],"class_list":["post-201023","post","type-post","status-publish","format-standard","has-post-thumbnail","category-economia"],"acf":{"antetitulo":"En 2023"},"yoast_head":"<!-- This site is optimized with the Yoast SEO plugin v28.3 - https:\/\/yoast.com\/product\/yoast-seo-wordpress\/ -->\n<title>El 50% de exportaciones corresponden a minerales - El Diario - Bolivia<\/title>\n<meta name=\"robots\" content=\"index, follow, max-snippet:-1, max-image-preview:large, max-video-preview:-1\" \/>\n<link rel=\"canonical\" href=\"https:\/\/www.eldiario.net\/portal\/2024\/02\/03\/el-50-de-exportaciones-corresponden-a-minerales\/\" \/>\n<meta property=\"og:locale\" content=\"es_ES\" \/>\n<meta property=\"og:type\" content=\"article\" \/>\n<meta property=\"og:title\" content=\"El 50% de exportaciones corresponden a minerales - El Diario - Bolivia\" \/>\n<meta property=\"og:description\" content=\"A noviembre de 2023, las exportaciones alcanzaron a 10.125 millones de d\u00f3lares, y casi el 50% corresponde a la venta de minerales por 5.601 millones, y lidera el oro seguido del zinc, de acuerdo a datos oficiales. \u201cEl valor econ\u00f3mico total de exportaci\u00f3n de nuestros minerales es de 5.601 millones de d\u00f3lares\u201d, inform\u00f3 el ministro [&hellip;]\" \/>\n<meta property=\"og:url\" content=\"https:\/\/www.eldiario.net\/portal\/2024\/02\/03\/el-50-de-exportaciones-corresponden-a-minerales\/\" \/>\n<meta property=\"og:site_name\" content=\"El Diario - Bolivia\" \/>\n<meta property=\"article:publisher\" content=\"https:\/\/www.facebook.com\/eldiario.bolivia\/\" \/>\n<meta property=\"article:published_time\" content=\"2024-02-03T05:29:30+00:00\" \/>\n<meta property=\"og:image\" content=\"https:\/\/www.eldiario.net\/portal\/wp-content\/uploads\/2024\/02\/oro.jpg\" \/>\n\t<meta property=\"og:image:width\" content=\"1050\" \/>\n\t<meta property=\"og:image:height\" content=\"760\" \/>\n\t<meta property=\"og:image:type\" content=\"image\/jpeg\" \/>\n<meta name=\"author\" content=\"Jeanette\" \/>\n<meta name=\"twitter:card\" content=\"summary_large_image\" \/>\n<meta name=\"twitter:creator\" content=\"@eldiario_net\" \/>\n<meta name=\"twitter:site\" content=\"@eldiario_net\" \/>\n<meta name=\"twitter:label1\" content=\"Escrito por\" \/>\n\t<meta name=\"twitter:data1\" content=\"Jeanette\" \/>\n\t<meta name=\"twitter:label2\" content=\"Tiempo de lectura\" \/>\n\t<meta name=\"twitter:data2\" content=\"2 minutos\" \/>\n<script type=\"application\/ld+json\" class=\"yoast-schema-graph\">{\"@context\":\"https:\\\/\\\/schema.org\",\"@graph\":[{\"@type\":\"Article\",\"@id\":\"https:\\\/\\\/www.eldiario.net\\\/portal\\\/2024\\\/02\\\/03\\\/el-50-de-exportaciones-corresponden-a-minerales\\\/#article\",\"isPartOf\":{\"@id\":\"https:\\\/\\\/www.eldiario.net\\\/portal\\\/2024\\\/02\\\/03\\\/el-50-de-exportaciones-corresponden-a-minerales\\\/\"},\"author\":{\"name\":\"Jeanette\",\"@id\":\"https:\\\/\\\/www.eldiario.net\\\/portal\\\/#\\\/schema\\\/person\\\/f46445640444750d7d753ccd04ae01b7\"},\"headline\":\"El 50% de exportaciones corresponden a minerales\",\"datePublished\":\"2024-02-03T05:29:30+00:00\",\"mainEntityOfPage\":{\"@id\":\"https:\\\/\\\/www.eldiario.net\\\/portal\\\/2024\\\/02\\\/03\\\/el-50-de-exportaciones-corresponden-a-minerales\\\/\"},\"wordCount\":378,\"commentCount\":0,\"publisher\":{\"@id\":\"https:\\\/\\\/www.eldiario.net\\\/portal\\\/#organization\"},\"image\":{\"@id\":\"https:\\\/\\\/www.eldiario.net\\\/portal\\\/2024\\\/02\\\/03\\\/el-50-de-exportaciones-corresponden-a-minerales\\\/#primaryimage\"},\"thumbnailUrl\":\"https:\\\/\\\/www.eldiario.net\\\/portal\\\/wp-content\\\/uploads\\\/2024\\\/02\\\/oro.jpg\",\"articleSection\":[\"Econom\u00eda\"],\"inLanguage\":\"es\",\"potentialAction\":[{\"@type\":\"CommentAction\",\"name\":\"Comment\",\"target\":[\"https:\\\/\\\/www.eldiario.net\\\/portal\\\/2024\\\/02\\\/03\\\/el-50-de-exportaciones-corresponden-a-minerales\\\/#respond\"]}]},{\"@type\":\"WebPage\",\"@id\":\"https:\\\/\\\/www.eldiario.net\\\/portal\\\/2024\\\/02\\\/03\\\/el-50-de-exportaciones-corresponden-a-minerales\\\/\",\"url\":\"https:\\\/\\\/www.eldiario.net\\\/portal\\\/2024\\\/02\\\/03\\\/el-50-de-exportaciones-corresponden-a-minerales\\\/\",\"name\":\"El 50% de exportaciones corresponden a minerales - El Diario - Bolivia\",\"isPartOf\":{\"@id\":\"https:\\\/\\\/www.eldiario.net\\\/portal\\\/#website\"},\"primaryImageOfPage\":{\"@id\":\"https:\\\/\\\/www.eldiario.net\\\/portal\\\/2024\\\/02\\\/03\\\/el-50-de-exportaciones-corresponden-a-minerales\\\/#primaryimage\"},\"image\":{\"@id\":\"https:\\\/\\\/www.eldiario.net\\\/portal\\\/2024\\\/02\\\/03\\\/el-50-de-exportaciones-corresponden-a-minerales\\\/#primaryimage\"},\"thumbnailUrl\":\"https:\\\/\\\/www.eldiario.net\\\/portal\\\/wp-content\\\/uploads\\\/2024\\\/02\\\/oro.jpg\",\"datePublished\":\"2024-02-03T05:29:30+00:00\",\"breadcrumb\":{\"@id\":\"https:\\\/\\\/www.eldiario.net\\\/portal\\\/2024\\\/02\\\/03\\\/el-50-de-exportaciones-corresponden-a-minerales\\\/#breadcrumb\"},\"inLanguage\":\"es\",\"potentialAction\":[{\"@type\":\"ReadAction\",\"target\":[\"https:\\\/\\\/www.eldiario.net\\\/portal\\\/2024\\\/02\\\/03\\\/el-50-de-exportaciones-corresponden-a-minerales\\\/\"]}]},{\"@type\":\"ImageObject\",\"inLanguage\":\"es\",\"@id\":\"https:\\\/\\\/www.eldiario.net\\\/portal\\\/2024\\\/02\\\/03\\\/el-50-de-exportaciones-corresponden-a-minerales\\\/#primaryimage\",\"url\":\"https:\\\/\\\/www.eldiario.net\\\/portal\\\/wp-content\\\/uploads\\\/2024\\\/02\\\/oro.jpg\",\"contentUrl\":\"https:\\\/\\\/www.eldiario.net\\\/portal\\\/wp-content\\\/uploads\\\/2024\\\/02\\\/oro.jpg\",\"width\":1050,\"height\":760,\"caption\":\"Oro, metal apreciado en el mercado exterior, como nuevo refugio ante los eventos econ\u00f3micos que afectan a las econom\u00edas avanzadas.\"},{\"@type\":\"BreadcrumbList\",\"@id\":\"https:\\\/\\\/www.eldiario.net\\\/portal\\\/2024\\\/02\\\/03\\\/el-50-de-exportaciones-corresponden-a-minerales\\\/#breadcrumb\",\"itemListElement\":[{\"@type\":\"ListItem\",\"position\":1,\"name\":\"Portada\",\"item\":\"https:\\\/\\\/www.eldiario.net\\\/portal\\\/\"},{\"@type\":\"ListItem\",\"position\":2,\"name\":\"El 50% de exportaciones corresponden a minerales\"}]},{\"@type\":\"WebSite\",\"@id\":\"https:\\\/\\\/www.eldiario.net\\\/portal\\\/#website\",\"url\":\"https:\\\/\\\/www.eldiario.net\\\/portal\\\/\",\"name\":\"El Diario - Decano de la prensa nacional\",\"description\":\"El Diario - Decano de la prensa nacional\",\"publisher\":{\"@id\":\"https:\\\/\\\/www.eldiario.net\\\/portal\\\/#organization\"},\"potentialAction\":[{\"@type\":\"SearchAction\",\"target\":{\"@type\":\"EntryPoint\",\"urlTemplate\":\"https:\\\/\\\/www.eldiario.net\\\/portal\\\/?s={search_term_string}\"},\"query-input\":{\"@type\":\"PropertyValueSpecification\",\"valueRequired\":true,\"valueName\":\"search_term_string\"}}],\"inLanguage\":\"es\"},{\"@type\":\"Organization\",\"@id\":\"https:\\\/\\\/www.eldiario.net\\\/portal\\\/#organization\",\"name\":\"El Diario - Decano de la prensa nacional\",\"url\":\"https:\\\/\\\/www.eldiario.net\\\/portal\\\/\",\"logo\":{\"@type\":\"ImageObject\",\"inLanguage\":\"es\",\"@id\":\"https:\\\/\\\/www.eldiario.net\\\/portal\\\/#\\\/schema\\\/logo\\\/image\\\/\",\"url\":\"https:\\\/\\\/www.eldiario.net\\\/portal\\\/wp-content\\\/uploads\\\/2023\\\/07\\\/logo_ED.jpg\",\"contentUrl\":\"https:\\\/\\\/www.eldiario.net\\\/portal\\\/wp-content\\\/uploads\\\/2023\\\/07\\\/logo_ED.jpg\",\"width\":272,\"height\":52,\"caption\":\"El Diario - Decano de la prensa nacional\"},\"image\":{\"@id\":\"https:\\\/\\\/www.eldiario.net\\\/portal\\\/#\\\/schema\\\/logo\\\/image\\\/\"},\"sameAs\":[\"https:\\\/\\\/www.facebook.com\\\/eldiario.bolivia\\\/\",\"https:\\\/\\\/x.com\\\/eldiario_net\"]},{\"@type\":\"Person\",\"@id\":\"https:\\\/\\\/www.eldiario.net\\\/portal\\\/#\\\/schema\\\/person\\\/f46445640444750d7d753ccd04ae01b7\",\"name\":\"Jeanette\",\"image\":{\"@type\":\"ImageObject\",\"inLanguage\":\"es\",\"@id\":\"https:\\\/\\\/secure.gravatar.com\\\/avatar\\\/3ea2118a5f7dad2b7138b1187a6b7ee55f160b9968b66013c3a3ef39dd7e5798?s=96&d=mm&r=g\",\"url\":\"https:\\\/\\\/secure.gravatar.com\\\/avatar\\\/3ea2118a5f7dad2b7138b1187a6b7ee55f160b9968b66013c3a3ef39dd7e5798?s=96&d=mm&r=g\",\"contentUrl\":\"https:\\\/\\\/secure.gravatar.com\\\/avatar\\\/3ea2118a5f7dad2b7138b1187a6b7ee55f160b9968b66013c3a3ef39dd7e5798?s=96&d=mm&r=g\",\"caption\":\"Jeanette\"},\"sameAs\":[\"https:\\\/\\\/www.eldiario.net\\\/portal\"],\"url\":\"https:\\\/\\\/www.eldiario.net\\\/portal\\\/author\\\/jeanette\\\/\"}]}<\/script>\n<!-- \/ Yoast SEO plugin. -->","yoast_head_json":{"title":"El 50% de exportaciones corresponden a minerales - El Diario - Bolivia","robots":{"index":"index","follow":"follow","max-snippet":"max-snippet:-1","max-image-preview":"max-image-preview:large","max-video-preview":"max-video-preview:-1"},"canonical":"https:\/\/www.eldiario.net\/portal\/2024\/02\/03\/el-50-de-exportaciones-corresponden-a-minerales\/","og_locale":"es_ES","og_type":"article","og_title":"El 50% de exportaciones corresponden a minerales - El Diario - Bolivia","og_description":"A noviembre de 2023, las exportaciones alcanzaron a 10.125 millones de d\u00f3lares, y casi el 50% corresponde a la venta de minerales por 5.601 millones, y lidera el oro seguido del zinc, de acuerdo a datos oficiales. \u201cEl valor econ\u00f3mico total de exportaci\u00f3n de nuestros minerales es de 5.601 millones de d\u00f3lares\u201d, inform\u00f3 el ministro [&hellip;]","og_url":"https:\/\/www.eldiario.net\/portal\/2024\/02\/03\/el-50-de-exportaciones-corresponden-a-minerales\/","og_site_name":"El Diario - Bolivia","article_publisher":"https:\/\/www.facebook.com\/eldiario.bolivia\/","article_published_time":"2024-02-03T05:29:30+00:00","og_image":[{"width":1050,"height":760,"url":"https:\/\/www.eldiario.net\/portal\/wp-content\/uploads\/2024\/02\/oro.jpg","type":"image\/jpeg"}],"author":"Jeanette","twitter_card":"summary_large_image","twitter_creator":"@eldiario_net","twitter_site":"@eldiario_net","twitter_misc":{"Escrito por":"Jeanette","Tiempo de lectura":"2 minutos"},"schema":{"@context":"https:\/\/schema.org","@graph":[{"@type":"Article","@id":"https:\/\/www.eldiario.net\/portal\/2024\/02\/03\/el-50-de-exportaciones-corresponden-a-minerales\/#article","isPartOf":{"@id":"https:\/\/www.eldiario.net\/portal\/2024\/02\/03\/el-50-de-exportaciones-corresponden-a-minerales\/"},"author":{"name":"Jeanette","@id":"https:\/\/www.eldiario.net\/portal\/#\/schema\/person\/f46445640444750d7d753ccd04ae01b7"},"headline":"El 50% de exportaciones corresponden a minerales","datePublished":"2024-02-03T05:29:30+00:00","mainEntityOfPage":{"@id":"https:\/\/www.eldiario.net\/portal\/2024\/02\/03\/el-50-de-exportaciones-corresponden-a-minerales\/"},"wordCount":378,"commentCount":0,"publisher":{"@id":"https:\/\/www.eldiario.net\/portal\/#organization"},"image":{"@id":"https:\/\/www.eldiario.net\/portal\/2024\/02\/03\/el-50-de-exportaciones-corresponden-a-minerales\/#primaryimage"},"thumbnailUrl":"https:\/\/www.eldiario.net\/portal\/wp-content\/uploads\/2024\/02\/oro.jpg","articleSection":["Econom\u00eda"],"inLanguage":"es","potentialAction":[{"@type":"CommentAction","name":"Comment","target":["https:\/\/www.eldiario.net\/portal\/2024\/02\/03\/el-50-de-exportaciones-corresponden-a-minerales\/#respond"]}]},{"@type":"WebPage","@id":"https:\/\/www.eldiario.net\/portal\/2024\/02\/03\/el-50-de-exportaciones-corresponden-a-minerales\/","url":"https:\/\/www.eldiario.net\/portal\/2024\/02\/03\/el-50-de-exportaciones-corresponden-a-minerales\/","name":"El 50% de exportaciones corresponden a minerales - El Diario - Bolivia","isPartOf":{"@id":"https:\/\/www.eldiario.net\/portal\/#website"},"primaryImageOfPage":{"@id":"https:\/\/www.eldiario.net\/portal\/2024\/02\/03\/el-50-de-exportaciones-corresponden-a-minerales\/#primaryimage"},"image":{"@id":"https:\/\/www.eldiario.net\/portal\/2024\/02\/03\/el-50-de-exportaciones-corresponden-a-minerales\/#primaryimage"},"thumbnailUrl":"https:\/\/www.eldiario.net\/portal\/wp-content\/uploads\/2024\/02\/oro.jpg","datePublished":"2024-02-03T05:29:30+00:00","breadcrumb":{"@id":"https:\/\/www.eldiario.net\/portal\/2024\/02\/03\/el-50-de-exportaciones-corresponden-a-minerales\/#breadcrumb"},"inLanguage":"es","potentialAction":[{"@type":"ReadAction","target":["https:\/\/www.eldiario.net\/portal\/2024\/02\/03\/el-50-de-exportaciones-corresponden-a-minerales\/"]}]},{"@type":"ImageObject","inLanguage":"es","@id":"https:\/\/www.eldiario.net\/portal\/2024\/02\/03\/el-50-de-exportaciones-corresponden-a-minerales\/#primaryimage","url":"https:\/\/www.eldiario.net\/portal\/wp-content\/uploads\/2024\/02\/oro.jpg","contentUrl":"https:\/\/www.eldiario.net\/portal\/wp-content\/uploads\/2024\/02\/oro.jpg","width":1050,"height":760,"caption":"Oro, metal apreciado en el mercado exterior, como nuevo refugio ante los eventos econ\u00f3micos que afectan a las econom\u00edas avanzadas."},{"@type":"BreadcrumbList","@id":"https:\/\/www.eldiario.net\/portal\/2024\/02\/03\/el-50-de-exportaciones-corresponden-a-minerales\/#breadcrumb","itemListElement":[{"@type":"ListItem","position":1,"name":"Portada","item":"https:\/\/www.eldiario.net\/portal\/"},{"@type":"ListItem","position":2,"name":"El 50% de exportaciones corresponden a minerales"}]},{"@type":"WebSite","@id":"https:\/\/www.eldiario.net\/portal\/#website","url":"https:\/\/www.eldiario.net\/portal\/","name":"El Diario - Decano de la prensa nacional","description":"El Diario - Decano de la prensa nacional","publisher":{"@id":"https:\/\/www.eldiario.net\/portal\/#organization"},"potentialAction":[{"@type":"SearchAction","target":{"@type":"EntryPoint","urlTemplate":"https:\/\/www.eldiario.net\/portal\/?s={search_term_string}"},"query-input":{"@type":"PropertyValueSpecification","valueRequired":true,"valueName":"search_term_string"}}],"inLanguage":"es"},{"@type":"Organization","@id":"https:\/\/www.eldiario.net\/portal\/#organization","name":"El Diario - Decano de la prensa nacional","url":"https:\/\/www.eldiario.net\/portal\/","logo":{"@type":"ImageObject","inLanguage":"es","@id":"https:\/\/www.eldiario.net\/portal\/#\/schema\/logo\/image\/","url":"https:\/\/www.eldiario.net\/portal\/wp-content\/uploads\/2023\/07\/logo_ED.jpg","contentUrl":"https:\/\/www.eldiario.net\/portal\/wp-content\/uploads\/2023\/07\/logo_ED.jpg","width":272,"height":52,"caption":"El Diario - Decano de la prensa nacional"},"image":{"@id":"https:\/\/www.eldiario.net\/portal\/#\/schema\/logo\/image\/"},"sameAs":["https:\/\/www.facebook.com\/eldiario.bolivia\/","https:\/\/x.com\/eldiario_net"]},{"@type":"Person","@id":"https:\/\/www.eldiario.net\/portal\/#\/schema\/person\/f46445640444750d7d753ccd04ae01b7","name":"Jeanette","image":{"@type":"ImageObject","inLanguage":"es","@id":"https:\/\/secure.gravatar.com\/avatar\/3ea2118a5f7dad2b7138b1187a6b7ee55f160b9968b66013c3a3ef39dd7e5798?s=96&d=mm&r=g","url":"https:\/\/secure.gravatar.com\/avatar\/3ea2118a5f7dad2b7138b1187a6b7ee55f160b9968b66013c3a3ef39dd7e5798?s=96&d=mm&r=g","contentUrl":"https:\/\/secure.gravatar.com\/avatar\/3ea2118a5f7dad2b7138b1187a6b7ee55f160b9968b66013c3a3ef39dd7e5798?s=96&d=mm&r=g","caption":"Jeanette"},"sameAs":["https:\/\/www.eldiario.net\/portal"],"url":"https:\/\/www.eldiario.net\/portal\/author\/jeanette\/"}]}},"_links":{"self":[{"href":"https:\/\/www.eldiario.net\/portal\/wp-json\/wp\/v2\/posts\/201023","targetHints":{"allow":["GET"]}}],"collection":[{"href":"https:\/\/www.eldiario.net\/portal\/wp-json\/wp\/v2\/posts"}],"about":[{"href":"https:\/\/www.eldiario.net\/portal\/wp-json\/wp\/v2\/types\/post"}],"author":[{"embeddable":true,"href":"https:\/\/www.eldiario.net\/portal\/wp-json\/wp\/v2\/users\/1"}],"replies":[{"embeddable":true,"href":"https:\/\/www.eldiario.net\/portal\/wp-json\/wp\/v2\/comments?post=201023"}],"version-history":[{"count":1,"href":"https:\/\/www.eldiario.net\/portal\/wp-json\/wp\/v2\/posts\/201023\/revisions"}],"predecessor-version":[{"id":201025,"href":"https:\/\/www.eldiario.net\/portal\/wp-json\/wp\/v2\/posts\/201023\/revisions\/201025"}],"wp:featuredmedia":[{"embeddable":true,"href":"https:\/\/www.eldiario.net\/portal\/wp-json\/wp\/v2\/media\/201024"}],"wp:attachment":[{"href":"https:\/\/www.eldiario.net\/portal\/wp-json\/wp\/v2\/media?parent=201023"}],"wp:term":[{"taxonomy":"category","embeddable":true,"href":"https:\/\/www.eldiario.net\/portal\/wp-json\/wp\/v2\/categories?post=201023"},{"taxonomy":"post_tag","embeddable":true,"href":"https:\/\/www.eldiario.net\/portal\/wp-json\/wp\/v2\/tags?post=201023"}],"curies":[{"name":"wp","href":"https:\/\/api.w.org\/{rel}","templated":true}]}}