{"id":201020,"date":"2024-02-03T01:28:32","date_gmt":"2024-02-03T05:28:32","guid":{"rendered":"https:\/\/www.eldiario.net\/portal\/?p=201020"},"modified":"2024-02-02T22:29:10","modified_gmt":"2024-02-03T02:29:10","slug":"en-tres-departamentos-priorizan-mayor-inversion-en-hidrocarburos","status":"publish","type":"post","link":"https:\/\/www.eldiario.net\/portal\/2024\/02\/03\/en-tres-departamentos-priorizan-mayor-inversion-en-hidrocarburos\/","title":{"rendered":"En tres departamentos priorizan  mayor inversi\u00f3n en hidrocarburos"},"content":{"rendered":"<p>Los departamentos de Santa Cruz, Tarija y Chuquisaca tienen una mayor inversi\u00f3n en la cadena de hidrocarburos por parte de Yacimientos Petrol\u00edferos Fiscales Bolivianos (YPFB) para la gesti\u00f3n 2024. Las regiones son tradicionales en la producci\u00f3n de gas y petr\u00f3leo.<br \/>\n\u201cEstamos desarrollando el Plan de Reactivaci\u00f3n del Upstream (PRU) para incrementar la producci\u00f3n de hidrocarburos y adem\u00e1s de los tres departamentos citados, tenemos inversiones en zonas no tradicionales como La Paz y Pando\u201d, precis\u00f3 el presidente de la estatal petrolera, Armin Dorgathen.<br \/>\nLas inversiones de YPFB Casa Matriz en todas las actividades de la cadena de hidrocarburos del pa\u00eds tienen un monto total de 276,79 millones de d\u00f3lares. El departamento de Santa Cruz tiene 65,62 millones, mientras que Tarija cuenta con 64,83 millones y Chuquisaca recibe 57,27 millones. El monto restante se distribuye en los dem\u00e1s departamentos.<br \/>\nAdem\u00e1s, esas inversiones se destinar\u00e1n a las actividades de exploraci\u00f3n, redes de gas, industrializaci\u00f3n, comercializaci\u00f3n, almacenaje, explotaci\u00f3n y otros.<br \/>\nEste a\u00f1o, de los 276,79 millones de d\u00f3lares, un 58%, es decir 159,23 millones, ser\u00e1n destinados a proyectos de exploraci\u00f3n de YPFB Casa Matriz para revertir la curva de declinaci\u00f3n que no fue atendida durante los anteriores gobiernos y data de 2015.<br \/>\nEn la actualidad, la estatal petrolera desarrolla el PRU que, con la reciente incorporaci\u00f3n del proyecto estratigr\u00e1fico Miraflores X3 IE, contempla un total de 43 proyectos exploratorios en varios departamentos del pa\u00eds para incrementar la producci\u00f3n de hidrocarburos, ejecutados a trav\u00e9s de YPFB Casa Matriz, empresas subsidiarias, filiales y operadoras.<br \/>\nCa\u00edda de producci\u00f3n<br \/>\nExautoridades del sector de hidrocarburos, as\u00ed como analistas, indican que la falta de carburantes en el mercado nacional obedece a la ca\u00edda de la producci\u00f3n de hidrocarburos, como el gas y el petr\u00f3leo.<br \/>\nLa falta de exploraci\u00f3n y la falta de incentivos para la inversi\u00f3n, no revirtieron la ca\u00edda de la producci\u00f3n de gas en los \u00faltimos a\u00f1os.<\/p>\n","protected":false},"excerpt":{"rendered":"<p>Los departamentos de Santa Cruz, Tarija y Chuquisaca tienen una mayor inversi\u00f3n en la cadena de hidrocarburos por parte de Yacimientos Petrol\u00edferos Fiscales Bolivianos (YPFB) para la gesti\u00f3n 2024. Las regiones son tradicionales en la producci\u00f3n de gas y petr\u00f3leo. \u201cEstamos desarrollando el Plan de Reactivaci\u00f3n del Upstream (PRU) para incrementar la producci\u00f3n de hidrocarburos [&hellip;]<\/p>\n","protected":false},"author":1,"featured_media":201021,"comment_status":"open","ping_status":"open","sticky":false,"template":"","format":"standard","meta":{"_acf_changed":false,"footnotes":""},"categories":[7],"tags":[],"class_list":["post-201020","post","type-post","status-publish","format-standard","has-post-thumbnail","category-economia"],"acf":{"antetitulo":""},"yoast_head":"<!-- This site is optimized with the Yoast SEO plugin v28.3 - https:\/\/yoast.com\/product\/yoast-seo-wordpress\/ -->\n<title>En tres departamentos priorizan mayor inversi\u00f3n en hidrocarburos - El Diario - Bolivia<\/title>\n<meta name=\"robots\" content=\"index, follow, max-snippet:-1, max-image-preview:large, max-video-preview:-1\" \/>\n<link rel=\"canonical\" href=\"https:\/\/www.eldiario.net\/portal\/2024\/02\/03\/en-tres-departamentos-priorizan-mayor-inversion-en-hidrocarburos\/\" \/>\n<meta property=\"og:locale\" content=\"es_ES\" \/>\n<meta property=\"og:type\" content=\"article\" \/>\n<meta property=\"og:title\" content=\"En tres departamentos priorizan mayor inversi\u00f3n en hidrocarburos - El Diario - Bolivia\" \/>\n<meta property=\"og:description\" content=\"Los departamentos de Santa Cruz, Tarija y Chuquisaca tienen una mayor inversi\u00f3n en la cadena de hidrocarburos por parte de Yacimientos Petrol\u00edferos Fiscales Bolivianos (YPFB) para la gesti\u00f3n 2024. Las regiones son tradicionales en la producci\u00f3n de gas y petr\u00f3leo. \u201cEstamos desarrollando el Plan de Reactivaci\u00f3n del Upstream (PRU) para incrementar la producci\u00f3n de hidrocarburos [&hellip;]\" \/>\n<meta property=\"og:url\" content=\"https:\/\/www.eldiario.net\/portal\/2024\/02\/03\/en-tres-departamentos-priorizan-mayor-inversion-en-hidrocarburos\/\" \/>\n<meta property=\"og:site_name\" content=\"El Diario - Bolivia\" \/>\n<meta property=\"article:publisher\" content=\"https:\/\/www.facebook.com\/eldiario.bolivia\/\" \/>\n<meta property=\"article:published_time\" content=\"2024-02-03T05:28:32+00:00\" \/>\n<meta property=\"og:image\" content=\"https:\/\/www.eldiario.net\/portal\/wp-content\/uploads\/2024\/02\/ypfb.jpg\" \/>\n\t<meta property=\"og:image:width\" content=\"1600\" \/>\n\t<meta property=\"og:image:height\" content=\"1066\" \/>\n\t<meta property=\"og:image:type\" content=\"image\/jpeg\" \/>\n<meta name=\"author\" content=\"Jeanette\" \/>\n<meta name=\"twitter:card\" content=\"summary_large_image\" \/>\n<meta name=\"twitter:creator\" content=\"@eldiario_net\" \/>\n<meta name=\"twitter:site\" content=\"@eldiario_net\" \/>\n<meta name=\"twitter:label1\" content=\"Escrito por\" \/>\n\t<meta name=\"twitter:data1\" content=\"Jeanette\" \/>\n\t<meta name=\"twitter:label2\" content=\"Tiempo de lectura\" \/>\n\t<meta name=\"twitter:data2\" content=\"2 minutos\" \/>\n<script type=\"application\/ld+json\" class=\"yoast-schema-graph\">{\"@context\":\"https:\\\/\\\/schema.org\",\"@graph\":[{\"@type\":\"Article\",\"@id\":\"https:\\\/\\\/www.eldiario.net\\\/portal\\\/2024\\\/02\\\/03\\\/en-tres-departamentos-priorizan-mayor-inversion-en-hidrocarburos\\\/#article\",\"isPartOf\":{\"@id\":\"https:\\\/\\\/www.eldiario.net\\\/portal\\\/2024\\\/02\\\/03\\\/en-tres-departamentos-priorizan-mayor-inversion-en-hidrocarburos\\\/\"},\"author\":{\"name\":\"Jeanette\",\"@id\":\"https:\\\/\\\/www.eldiario.net\\\/portal\\\/#\\\/schema\\\/person\\\/f46445640444750d7d753ccd04ae01b7\"},\"headline\":\"En tres departamentos priorizan mayor inversi\u00f3n en hidrocarburos\",\"datePublished\":\"2024-02-03T05:28:32+00:00\",\"mainEntityOfPage\":{\"@id\":\"https:\\\/\\\/www.eldiario.net\\\/portal\\\/2024\\\/02\\\/03\\\/en-tres-departamentos-priorizan-mayor-inversion-en-hidrocarburos\\\/\"},\"wordCount\":345,\"commentCount\":0,\"publisher\":{\"@id\":\"https:\\\/\\\/www.eldiario.net\\\/portal\\\/#organization\"},\"image\":{\"@id\":\"https:\\\/\\\/www.eldiario.net\\\/portal\\\/2024\\\/02\\\/03\\\/en-tres-departamentos-priorizan-mayor-inversion-en-hidrocarburos\\\/#primaryimage\"},\"thumbnailUrl\":\"https:\\\/\\\/www.eldiario.net\\\/portal\\\/wp-content\\\/uploads\\\/2024\\\/02\\\/ypfb.jpg\",\"articleSection\":[\"Econom\u00eda\"],\"inLanguage\":\"es\",\"potentialAction\":[{\"@type\":\"CommentAction\",\"name\":\"Comment\",\"target\":[\"https:\\\/\\\/www.eldiario.net\\\/portal\\\/2024\\\/02\\\/03\\\/en-tres-departamentos-priorizan-mayor-inversion-en-hidrocarburos\\\/#respond\"]}]},{\"@type\":\"WebPage\",\"@id\":\"https:\\\/\\\/www.eldiario.net\\\/portal\\\/2024\\\/02\\\/03\\\/en-tres-departamentos-priorizan-mayor-inversion-en-hidrocarburos\\\/\",\"url\":\"https:\\\/\\\/www.eldiario.net\\\/portal\\\/2024\\\/02\\\/03\\\/en-tres-departamentos-priorizan-mayor-inversion-en-hidrocarburos\\\/\",\"name\":\"En tres departamentos priorizan mayor inversi\u00f3n en hidrocarburos - El Diario - Bolivia\",\"isPartOf\":{\"@id\":\"https:\\\/\\\/www.eldiario.net\\\/portal\\\/#website\"},\"primaryImageOfPage\":{\"@id\":\"https:\\\/\\\/www.eldiario.net\\\/portal\\\/2024\\\/02\\\/03\\\/en-tres-departamentos-priorizan-mayor-inversion-en-hidrocarburos\\\/#primaryimage\"},\"image\":{\"@id\":\"https:\\\/\\\/www.eldiario.net\\\/portal\\\/2024\\\/02\\\/03\\\/en-tres-departamentos-priorizan-mayor-inversion-en-hidrocarburos\\\/#primaryimage\"},\"thumbnailUrl\":\"https:\\\/\\\/www.eldiario.net\\\/portal\\\/wp-content\\\/uploads\\\/2024\\\/02\\\/ypfb.jpg\",\"datePublished\":\"2024-02-03T05:28:32+00:00\",\"breadcrumb\":{\"@id\":\"https:\\\/\\\/www.eldiario.net\\\/portal\\\/2024\\\/02\\\/03\\\/en-tres-departamentos-priorizan-mayor-inversion-en-hidrocarburos\\\/#breadcrumb\"},\"inLanguage\":\"es\",\"potentialAction\":[{\"@type\":\"ReadAction\",\"target\":[\"https:\\\/\\\/www.eldiario.net\\\/portal\\\/2024\\\/02\\\/03\\\/en-tres-departamentos-priorizan-mayor-inversion-en-hidrocarburos\\\/\"]}]},{\"@type\":\"ImageObject\",\"inLanguage\":\"es\",\"@id\":\"https:\\\/\\\/www.eldiario.net\\\/portal\\\/2024\\\/02\\\/03\\\/en-tres-departamentos-priorizan-mayor-inversion-en-hidrocarburos\\\/#primaryimage\",\"url\":\"https:\\\/\\\/www.eldiario.net\\\/portal\\\/wp-content\\\/uploads\\\/2024\\\/02\\\/ypfb.jpg\",\"contentUrl\":\"https:\\\/\\\/www.eldiario.net\\\/portal\\\/wp-content\\\/uploads\\\/2024\\\/02\\\/ypfb.jpg\",\"width\":1600,\"height\":1066,\"caption\":\"Trabajador en plena labor.\"},{\"@type\":\"BreadcrumbList\",\"@id\":\"https:\\\/\\\/www.eldiario.net\\\/portal\\\/2024\\\/02\\\/03\\\/en-tres-departamentos-priorizan-mayor-inversion-en-hidrocarburos\\\/#breadcrumb\",\"itemListElement\":[{\"@type\":\"ListItem\",\"position\":1,\"name\":\"Portada\",\"item\":\"https:\\\/\\\/www.eldiario.net\\\/portal\\\/\"},{\"@type\":\"ListItem\",\"position\":2,\"name\":\"En tres departamentos priorizan mayor inversi\u00f3n en hidrocarburos\"}]},{\"@type\":\"WebSite\",\"@id\":\"https:\\\/\\\/www.eldiario.net\\\/portal\\\/#website\",\"url\":\"https:\\\/\\\/www.eldiario.net\\\/portal\\\/\",\"name\":\"El Diario - Decano de la prensa nacional\",\"description\":\"El Diario - Decano de la prensa nacional\",\"publisher\":{\"@id\":\"https:\\\/\\\/www.eldiario.net\\\/portal\\\/#organization\"},\"potentialAction\":[{\"@type\":\"SearchAction\",\"target\":{\"@type\":\"EntryPoint\",\"urlTemplate\":\"https:\\\/\\\/www.eldiario.net\\\/portal\\\/?s={search_term_string}\"},\"query-input\":{\"@type\":\"PropertyValueSpecification\",\"valueRequired\":true,\"valueName\":\"search_term_string\"}}],\"inLanguage\":\"es\"},{\"@type\":\"Organization\",\"@id\":\"https:\\\/\\\/www.eldiario.net\\\/portal\\\/#organization\",\"name\":\"El Diario - Decano de la prensa nacional\",\"url\":\"https:\\\/\\\/www.eldiario.net\\\/portal\\\/\",\"logo\":{\"@type\":\"ImageObject\",\"inLanguage\":\"es\",\"@id\":\"https:\\\/\\\/www.eldiario.net\\\/portal\\\/#\\\/schema\\\/logo\\\/image\\\/\",\"url\":\"https:\\\/\\\/www.eldiario.net\\\/portal\\\/wp-content\\\/uploads\\\/2023\\\/07\\\/logo_ED.jpg\",\"contentUrl\":\"https:\\\/\\\/www.eldiario.net\\\/portal\\\/wp-content\\\/uploads\\\/2023\\\/07\\\/logo_ED.jpg\",\"width\":272,\"height\":52,\"caption\":\"El Diario - Decano de la prensa nacional\"},\"image\":{\"@id\":\"https:\\\/\\\/www.eldiario.net\\\/portal\\\/#\\\/schema\\\/logo\\\/image\\\/\"},\"sameAs\":[\"https:\\\/\\\/www.facebook.com\\\/eldiario.bolivia\\\/\",\"https:\\\/\\\/x.com\\\/eldiario_net\"]},{\"@type\":\"Person\",\"@id\":\"https:\\\/\\\/www.eldiario.net\\\/portal\\\/#\\\/schema\\\/person\\\/f46445640444750d7d753ccd04ae01b7\",\"name\":\"Jeanette\",\"image\":{\"@type\":\"ImageObject\",\"inLanguage\":\"es\",\"@id\":\"https:\\\/\\\/secure.gravatar.com\\\/avatar\\\/3ea2118a5f7dad2b7138b1187a6b7ee55f160b9968b66013c3a3ef39dd7e5798?s=96&d=mm&r=g\",\"url\":\"https:\\\/\\\/secure.gravatar.com\\\/avatar\\\/3ea2118a5f7dad2b7138b1187a6b7ee55f160b9968b66013c3a3ef39dd7e5798?s=96&d=mm&r=g\",\"contentUrl\":\"https:\\\/\\\/secure.gravatar.com\\\/avatar\\\/3ea2118a5f7dad2b7138b1187a6b7ee55f160b9968b66013c3a3ef39dd7e5798?s=96&d=mm&r=g\",\"caption\":\"Jeanette\"},\"sameAs\":[\"https:\\\/\\\/www.eldiario.net\\\/portal\"],\"url\":\"https:\\\/\\\/www.eldiario.net\\\/portal\\\/author\\\/jeanette\\\/\"}]}<\/script>\n<!-- \/ Yoast SEO plugin. -->","yoast_head_json":{"title":"En tres departamentos priorizan mayor inversi\u00f3n en hidrocarburos - El Diario - Bolivia","robots":{"index":"index","follow":"follow","max-snippet":"max-snippet:-1","max-image-preview":"max-image-preview:large","max-video-preview":"max-video-preview:-1"},"canonical":"https:\/\/www.eldiario.net\/portal\/2024\/02\/03\/en-tres-departamentos-priorizan-mayor-inversion-en-hidrocarburos\/","og_locale":"es_ES","og_type":"article","og_title":"En tres departamentos priorizan mayor inversi\u00f3n en hidrocarburos - El Diario - Bolivia","og_description":"Los departamentos de Santa Cruz, Tarija y Chuquisaca tienen una mayor inversi\u00f3n en la cadena de hidrocarburos por parte de Yacimientos Petrol\u00edferos Fiscales Bolivianos (YPFB) para la gesti\u00f3n 2024. Las regiones son tradicionales en la producci\u00f3n de gas y petr\u00f3leo. \u201cEstamos desarrollando el Plan de Reactivaci\u00f3n del Upstream (PRU) para incrementar la producci\u00f3n de hidrocarburos [&hellip;]","og_url":"https:\/\/www.eldiario.net\/portal\/2024\/02\/03\/en-tres-departamentos-priorizan-mayor-inversion-en-hidrocarburos\/","og_site_name":"El Diario - Bolivia","article_publisher":"https:\/\/www.facebook.com\/eldiario.bolivia\/","article_published_time":"2024-02-03T05:28:32+00:00","og_image":[{"width":1600,"height":1066,"url":"https:\/\/www.eldiario.net\/portal\/wp-content\/uploads\/2024\/02\/ypfb.jpg","type":"image\/jpeg"}],"author":"Jeanette","twitter_card":"summary_large_image","twitter_creator":"@eldiario_net","twitter_site":"@eldiario_net","twitter_misc":{"Escrito por":"Jeanette","Tiempo de lectura":"2 minutos"},"schema":{"@context":"https:\/\/schema.org","@graph":[{"@type":"Article","@id":"https:\/\/www.eldiario.net\/portal\/2024\/02\/03\/en-tres-departamentos-priorizan-mayor-inversion-en-hidrocarburos\/#article","isPartOf":{"@id":"https:\/\/www.eldiario.net\/portal\/2024\/02\/03\/en-tres-departamentos-priorizan-mayor-inversion-en-hidrocarburos\/"},"author":{"name":"Jeanette","@id":"https:\/\/www.eldiario.net\/portal\/#\/schema\/person\/f46445640444750d7d753ccd04ae01b7"},"headline":"En tres departamentos priorizan mayor inversi\u00f3n en hidrocarburos","datePublished":"2024-02-03T05:28:32+00:00","mainEntityOfPage":{"@id":"https:\/\/www.eldiario.net\/portal\/2024\/02\/03\/en-tres-departamentos-priorizan-mayor-inversion-en-hidrocarburos\/"},"wordCount":345,"commentCount":0,"publisher":{"@id":"https:\/\/www.eldiario.net\/portal\/#organization"},"image":{"@id":"https:\/\/www.eldiario.net\/portal\/2024\/02\/03\/en-tres-departamentos-priorizan-mayor-inversion-en-hidrocarburos\/#primaryimage"},"thumbnailUrl":"https:\/\/www.eldiario.net\/portal\/wp-content\/uploads\/2024\/02\/ypfb.jpg","articleSection":["Econom\u00eda"],"inLanguage":"es","potentialAction":[{"@type":"CommentAction","name":"Comment","target":["https:\/\/www.eldiario.net\/portal\/2024\/02\/03\/en-tres-departamentos-priorizan-mayor-inversion-en-hidrocarburos\/#respond"]}]},{"@type":"WebPage","@id":"https:\/\/www.eldiario.net\/portal\/2024\/02\/03\/en-tres-departamentos-priorizan-mayor-inversion-en-hidrocarburos\/","url":"https:\/\/www.eldiario.net\/portal\/2024\/02\/03\/en-tres-departamentos-priorizan-mayor-inversion-en-hidrocarburos\/","name":"En tres departamentos priorizan mayor inversi\u00f3n en hidrocarburos - El Diario - Bolivia","isPartOf":{"@id":"https:\/\/www.eldiario.net\/portal\/#website"},"primaryImageOfPage":{"@id":"https:\/\/www.eldiario.net\/portal\/2024\/02\/03\/en-tres-departamentos-priorizan-mayor-inversion-en-hidrocarburos\/#primaryimage"},"image":{"@id":"https:\/\/www.eldiario.net\/portal\/2024\/02\/03\/en-tres-departamentos-priorizan-mayor-inversion-en-hidrocarburos\/#primaryimage"},"thumbnailUrl":"https:\/\/www.eldiario.net\/portal\/wp-content\/uploads\/2024\/02\/ypfb.jpg","datePublished":"2024-02-03T05:28:32+00:00","breadcrumb":{"@id":"https:\/\/www.eldiario.net\/portal\/2024\/02\/03\/en-tres-departamentos-priorizan-mayor-inversion-en-hidrocarburos\/#breadcrumb"},"inLanguage":"es","potentialAction":[{"@type":"ReadAction","target":["https:\/\/www.eldiario.net\/portal\/2024\/02\/03\/en-tres-departamentos-priorizan-mayor-inversion-en-hidrocarburos\/"]}]},{"@type":"ImageObject","inLanguage":"es","@id":"https:\/\/www.eldiario.net\/portal\/2024\/02\/03\/en-tres-departamentos-priorizan-mayor-inversion-en-hidrocarburos\/#primaryimage","url":"https:\/\/www.eldiario.net\/portal\/wp-content\/uploads\/2024\/02\/ypfb.jpg","contentUrl":"https:\/\/www.eldiario.net\/portal\/wp-content\/uploads\/2024\/02\/ypfb.jpg","width":1600,"height":1066,"caption":"Trabajador en plena labor."},{"@type":"BreadcrumbList","@id":"https:\/\/www.eldiario.net\/portal\/2024\/02\/03\/en-tres-departamentos-priorizan-mayor-inversion-en-hidrocarburos\/#breadcrumb","itemListElement":[{"@type":"ListItem","position":1,"name":"Portada","item":"https:\/\/www.eldiario.net\/portal\/"},{"@type":"ListItem","position":2,"name":"En tres departamentos priorizan mayor inversi\u00f3n en hidrocarburos"}]},{"@type":"WebSite","@id":"https:\/\/www.eldiario.net\/portal\/#website","url":"https:\/\/www.eldiario.net\/portal\/","name":"El Diario - Decano de la prensa nacional","description":"El Diario - Decano de la prensa nacional","publisher":{"@id":"https:\/\/www.eldiario.net\/portal\/#organization"},"potentialAction":[{"@type":"SearchAction","target":{"@type":"EntryPoint","urlTemplate":"https:\/\/www.eldiario.net\/portal\/?s={search_term_string}"},"query-input":{"@type":"PropertyValueSpecification","valueRequired":true,"valueName":"search_term_string"}}],"inLanguage":"es"},{"@type":"Organization","@id":"https:\/\/www.eldiario.net\/portal\/#organization","name":"El Diario - Decano de la prensa nacional","url":"https:\/\/www.eldiario.net\/portal\/","logo":{"@type":"ImageObject","inLanguage":"es","@id":"https:\/\/www.eldiario.net\/portal\/#\/schema\/logo\/image\/","url":"https:\/\/www.eldiario.net\/portal\/wp-content\/uploads\/2023\/07\/logo_ED.jpg","contentUrl":"https:\/\/www.eldiario.net\/portal\/wp-content\/uploads\/2023\/07\/logo_ED.jpg","width":272,"height":52,"caption":"El Diario - Decano de la prensa nacional"},"image":{"@id":"https:\/\/www.eldiario.net\/portal\/#\/schema\/logo\/image\/"},"sameAs":["https:\/\/www.facebook.com\/eldiario.bolivia\/","https:\/\/x.com\/eldiario_net"]},{"@type":"Person","@id":"https:\/\/www.eldiario.net\/portal\/#\/schema\/person\/f46445640444750d7d753ccd04ae01b7","name":"Jeanette","image":{"@type":"ImageObject","inLanguage":"es","@id":"https:\/\/secure.gravatar.com\/avatar\/3ea2118a5f7dad2b7138b1187a6b7ee55f160b9968b66013c3a3ef39dd7e5798?s=96&d=mm&r=g","url":"https:\/\/secure.gravatar.com\/avatar\/3ea2118a5f7dad2b7138b1187a6b7ee55f160b9968b66013c3a3ef39dd7e5798?s=96&d=mm&r=g","contentUrl":"https:\/\/secure.gravatar.com\/avatar\/3ea2118a5f7dad2b7138b1187a6b7ee55f160b9968b66013c3a3ef39dd7e5798?s=96&d=mm&r=g","caption":"Jeanette"},"sameAs":["https:\/\/www.eldiario.net\/portal"],"url":"https:\/\/www.eldiario.net\/portal\/author\/jeanette\/"}]}},"_links":{"self":[{"href":"https:\/\/www.eldiario.net\/portal\/wp-json\/wp\/v2\/posts\/201020","targetHints":{"allow":["GET"]}}],"collection":[{"href":"https:\/\/www.eldiario.net\/portal\/wp-json\/wp\/v2\/posts"}],"about":[{"href":"https:\/\/www.eldiario.net\/portal\/wp-json\/wp\/v2\/types\/post"}],"author":[{"embeddable":true,"href":"https:\/\/www.eldiario.net\/portal\/wp-json\/wp\/v2\/users\/1"}],"replies":[{"embeddable":true,"href":"https:\/\/www.eldiario.net\/portal\/wp-json\/wp\/v2\/comments?post=201020"}],"version-history":[{"count":1,"href":"https:\/\/www.eldiario.net\/portal\/wp-json\/wp\/v2\/posts\/201020\/revisions"}],"predecessor-version":[{"id":201022,"href":"https:\/\/www.eldiario.net\/portal\/wp-json\/wp\/v2\/posts\/201020\/revisions\/201022"}],"wp:featuredmedia":[{"embeddable":true,"href":"https:\/\/www.eldiario.net\/portal\/wp-json\/wp\/v2\/media\/201021"}],"wp:attachment":[{"href":"https:\/\/www.eldiario.net\/portal\/wp-json\/wp\/v2\/media?parent=201020"}],"wp:term":[{"taxonomy":"category","embeddable":true,"href":"https:\/\/www.eldiario.net\/portal\/wp-json\/wp\/v2\/categories?post=201020"},{"taxonomy":"post_tag","embeddable":true,"href":"https:\/\/www.eldiario.net\/portal\/wp-json\/wp\/v2\/tags?post=201020"}],"curies":[{"name":"wp","href":"https:\/\/api.w.org\/{rel}","templated":true}]}}