{"id":200858,"date":"2024-02-02T06:57:31","date_gmt":"2024-02-02T10:57:31","guid":{"rendered":"https:\/\/www.eldiario.net\/portal\/?p=200858"},"modified":"2024-02-02T06:57:31","modified_gmt":"2024-02-02T10:57:31","slug":"importacion-de-crudo-no-avanza-y-se-agudizara-provision-de-combustibles","status":"publish","type":"post","link":"https:\/\/www.eldiario.net\/portal\/2024\/02\/02\/importacion-de-crudo-no-avanza-y-se-agudizara-provision-de-combustibles\/","title":{"rendered":"Importaci\u00f3n de crudo no avanza y se agudizar\u00e1 provisi\u00f3n de combustibles"},"content":{"rendered":"<p>Ante las declaraciones de las autoridades de hidrocarburos sobre el perjuicio que ocasiona el bloqueo en la distribuci\u00f3n de combustibles, expertos en el tema se\u00f1alan que gran parte del problema corresponde a la ca\u00edda de la producci\u00f3n de gas y petr\u00f3leo; la situaci\u00f3n de agrava debido a que tampoco se importa crudo para las refiner\u00edas que solo operan en 50%, pese a la inversi\u00f3n millonaria realizada en 2015.<br \/>\nEn una entrevista con EL DIARIO, la pasada gesti\u00f3n, el analista en hidrocarburos de la Fundaci\u00f3n Jubileo, Ra\u00fal Vel\u00e1squez, dijo que la producci\u00f3n de gas y l\u00edquidos mantienen una tendencia a la baja.<br \/>\nPor ello plante\u00f3 una nueva Ley de Hidrocarburos para fomentar la inversi\u00f3n extranjera, debido a que representa un alto costo para Yacimientos Petrol\u00edferos Fiscales Bolivianos (YPFB), y que en los \u00faltimos a\u00f1os redujo su presupuesto.<\/p>\n<p>Ca\u00edda<br \/>\nLa producci\u00f3n de gas y petr\u00f3leo cay\u00f3 en los \u00faltimos a\u00f1os, de producir 60 millones de metros c\u00fabicos al d\u00eda (MMmcd) y 60 mil barriles en 2014, en 2023 lleg\u00f3 casi a la mitad, lo que provoca importaci\u00f3n de combustibles, y Vel\u00e1squez alert\u00f3 que de no revertir la ca\u00edda de la producci\u00f3n de los hidrocarburos, en seis a\u00f1os se deber\u00e1 importar el energ\u00e9tico.<br \/>\nAsimismo, consultoras internacionales tambi\u00e9n indicaron que Bolivia est\u00e1 pr\u00f3xima a importar gas en unos a\u00f1os m\u00e1s de no revertir la ca\u00edda de la producci\u00f3n, que se estima est\u00e1 en 37 MMmcd.<br \/>\nEn entrevista en el programa Que No Me Pierda de Red Uno, la exautoridad de Hidrocarburos, Hugo de la Fuente, indic\u00f3 que Bolivia es un pa\u00eds gas\u00edfero y no tanto petrolero, lo que significa que m\u00e1s de cuatro d\u00e9cadas se viene importando di\u00e9sel, pero ahora se sum\u00f3 la gasolina.<br \/>\nTenemos capacidad ociosa de 60 mil barriles de crudo, lo que significa que las refiner\u00edas trabajan en un 50% de su capacidad, y no puede aprovechar la inversi\u00f3n realizada en 2015, que superan los 700 millones de d\u00f3lares.<br \/>\nPero la baja producci\u00f3n de gas natural y crudo, provocan d\u00e9ficit de carburantes, pues las refiner\u00edas no tienen materia prima para procesarlo.<br \/>\nDe la Fuente se\u00f1al\u00f3 las declaraciones de las autoridades del sector de hidrocarburos, que indican que los bloqueos retienen a las cisternas, pero los problemas de baja producci\u00f3n de gas natural ha provocado una ca\u00edda en la oferta de crudo, y por lo tanto, las refiner\u00edas operan en un 50% de su capacidad y redujeron su oferta de combustibles al mercado interno.<br \/>\nVel\u00e1squez sostuvo que el pa\u00eds se convirti\u00f3 en importador de hidrocarburos, y dej\u00f3 atr\u00e1s la condici\u00f3n de exportador, debido a la ca\u00edda de las ventas de gas a mercados de Brasil y Argentina, y al aumento de las compras de combustibles.<br \/>\nDe acuerdo a datos oficiales, a noviembre del 2023 las exportaciones de gas natural alcanzaron los 1.880,4 millones de d\u00f3lares, menor a lo registrado en 2022 cuando alcanz\u00f3 2.749,2 millones, en el mismo per\u00edodo.<br \/>\nMientras las importaciones de combustibles y lubricantes elaborados alcanzaron a 2.914,2 millones de d\u00f3lares en 2022, pero en la pasada gesti\u00f3n baj\u00f3 a 2.684,1 millones, seg\u00fan datos del Instituto Nacional de Estad\u00edstica (INE).<\/p>\n<p>Crudo<br \/>\nDe la Fuente inform\u00f3 que, en 2015 se realizaron inversiones importantes en las refiner\u00edas de Cochabamba y Santa Cruz, de cerca de 700 millones de d\u00f3lares, hoy funcionan casi a la mitad de su capacidad.<br \/>\nTambi\u00e9n se\u00f1ala que el Gobierno proyect\u00f3 importar crudo, y no se est\u00e1 haciendo, mientras tanto las cisternas siguen transportando combustibles de pa\u00edses vecinos.<br \/>\nEn septiembre de 2023, autoridades del Gobierno ya planteaban a Chile revertir el uso del oleoducto Sica Sica-Arica, que en principio fue utilizado para la exportaci\u00f3n de crudo reconstituido.<br \/>\nEn mayo ya se anunciaba la importaci\u00f3n de crudo por el oleoducto, pero a la fecha se desconoce el volumen alcanzado o s\u00ed se realiz\u00f3 la compra del insumo para la elaboraci\u00f3n de gasolina.<br \/>\nAsimismo, el 31 de diciembre, el presidente ejecutivo de la estatal petrolera, Armin Dorgathen Tapia, anunci\u00f3 que Yacimientos Petrol\u00edferos Fiscales Bolivianos proceder\u00e1 pr\u00f3ximamente a la importaci\u00f3n de 182.500 barriles (Bbl) de petr\u00f3leo crudo, para ser procesados en las refiner\u00edas a fin de obtener gasolina y di\u00e9sel que ser\u00e1 comercializada en el mercado interno, en la perspectiva de reducir la subvenci\u00f3n de los combustibles.<br \/>\nDe acuerdo con Dorgathen, la compra de crudo permitir\u00e1 ahorrar al a\u00f1o aproximadamente 156 millones de d\u00f3lares, por concepto de subvenci\u00f3n a los carburantes si se usa la totalidad del ducto y evitar la fuga de divisas por 720 millones, seg\u00fan una nota de prensa de la estatal petrolera.<\/p>\n<p>Subvenci\u00f3n<br \/>\nEl analista econ\u00f3mico Mauricio Medinaceli, en sus art\u00edculos de opini\u00f3n, de hace unos a\u00f1os atr\u00e1s, record\u00f3 que la eliminaci\u00f3n es necesaria, pero se\u00f1al\u00f3 que la que hizo Morales en 2010, super\u00f3 a los ajustes elaborados por el gobierno de partidos tradicionales.<br \/>\n\u201cEfectivamente, revisando las estad\u00edsticas de los \u00faltimos 20 a\u00f1os lo que sucedi\u00f3 el d\u00eda domingo 26 de diciembre del a\u00f1o 2010 es hist\u00f3ricamente notorio (&#8230;) la magnitud de los \u2018gasolinazos\u2019 para el caso de la gasolina especial (una redundancia justificada, creo yo). Como se observa, los valores hist\u00f3ricos se situaban entre el 8% y 35%, lo que vivimos ahora es un ajuste del 73% s\u00ed, 73%\u201d, se\u00f1alaba Medinaceli en su art\u00edculo de opini\u00f3n del 2010.<br \/>\nPero tambi\u00e9n menciona que esa decisi\u00f3n fue impulsada por los altos precios del petr\u00f3leo en el mercado internacional, que bordeaban los 110 d\u00f3lares el barril.<br \/>\nEl economista Gonzalo Ch\u00e1vez ya sugiri\u00f3 tambi\u00e9n analizar la subvenci\u00f3n, debido a que esta aplicaci\u00f3n provoca fuga de divisas, que el 2022 alcanz\u00f3 a 1.700 millones de d\u00f3lares, para el a\u00f1o pasado se destin\u00f3 1.000 millones y para 2024 se destinar\u00e1 1.400 millones.<br \/>\nLa informaci\u00f3n oficial sobre la importaci\u00f3n o no de crudo se desconoce, pues YPFB no respondi\u00f3 hasta el cierre de esta edici\u00f3n.<\/p>\n\r\n                <style type=\"text\/css\">\r\n                    \r\n                    #tdi_1  .td-doubleSlider-2 .td-item1 {\r\n                        background: url(https:\/\/www.eldiario.net\/portal\/wp-content\/uploads\/2024\/02\/gas-3.jpg) 0 0 no-repeat;\r\n                    }\r\n                    #tdi_1  .td-doubleSlider-2 .td-item2 {\r\n                        background: url(https:\/\/www.eldiario.net\/portal\/wp-content\/uploads\/2024\/02\/gas-4.jpg) 0 0 no-repeat;\r\n                    }\r\n                <\/style>\r\n\r\n                <div id=\"tdi_1\" class=\"td-gallery td-slide-on-2-columns\">\r\n                    <div class=\"post_td_gallery\">\r\n                        <div class=\"td-gallery-slide-top\">\r\n                           <div class=\"td-gallery-title\"><\/div>\r\n\r\n                            <div class=\"td-gallery-controls-wrapper\">\r\n                                <div class=\"td-gallery-slide-count\"><span class=\"td-gallery-slide-item-focus\">1<\/span> de 2<\/div>\r\n                                <div class=\"td-gallery-slide-prev-next-but\">\r\n                                    <i class = \"td-icon-left doubleSliderPrevButton\"><\/i>\r\n                                    <i class = \"td-icon-right doubleSliderNextButton\"><\/i>\r\n                                <\/div>\r\n                            <\/div>\r\n                        <\/div>\r\n\r\n                        <div class = \"td-doubleSlider-1 \">\r\n                            <div class = \"td-slider\">\r\n                                \r\n                    <div class = \"td-slide-item td-item1\">\r\n                        <figure class=\"td-slide-galery-figure td-slide-popup-gallery\">\r\n                            <a class=\"slide-gallery-image-link\" href=\"https:\/\/www.eldiario.net\/portal\/wp-content\/uploads\/2024\/02\/gas-3.jpg\" title=\"gas 3\"  data-caption=\"\"  data-description=\"\">\r\n                                <img decoding=\"async\" src=\"https:\/\/www.eldiario.net\/portal\/wp-content\/uploads\/2024\/02\/gas-3.jpg\" srcset=\"https:\/\/www.eldiario.net\/portal\/wp-content\/uploads\/2024\/02\/gas-3.jpg 1514w, https:\/\/www.eldiario.net\/portal\/wp-content\/uploads\/2024\/02\/gas-3-300x215.jpg 300w, https:\/\/www.eldiario.net\/portal\/wp-content\/uploads\/2024\/02\/gas-3-1024x733.jpg 1024w, https:\/\/www.eldiario.net\/portal\/wp-content\/uploads\/2024\/02\/gas-3-768x550.jpg 768w, https:\/\/www.eldiario.net\/portal\/wp-content\/uploads\/2024\/02\/gas-3-696x498.jpg 696w, https:\/\/www.eldiario.net\/portal\/wp-content\/uploads\/2024\/02\/gas-3-1068x765.jpg 1068w\" sizes=\"(max-width: 587px) 100vw, 587px\" alt=\"\">\r\n                            <\/a>\r\n                            \r\n                        <\/figure>\r\n                    <\/div>\r\n                    <div class = \"td-slide-item td-item2\">\r\n                        <figure class=\"td-slide-galery-figure td-slide-popup-gallery\">\r\n                            <a class=\"slide-gallery-image-link\" href=\"https:\/\/www.eldiario.net\/portal\/wp-content\/uploads\/2024\/02\/gas-4.jpg\" title=\"gas 4\"  data-caption=\"\"  data-description=\"\">\r\n                                <img decoding=\"async\" src=\"https:\/\/www.eldiario.net\/portal\/wp-content\/uploads\/2024\/02\/gas-4.jpg\" srcset=\"https:\/\/www.eldiario.net\/portal\/wp-content\/uploads\/2024\/02\/gas-4.jpg 1726w, https:\/\/www.eldiario.net\/portal\/wp-content\/uploads\/2024\/02\/gas-4-300x198.jpg 300w, https:\/\/www.eldiario.net\/portal\/wp-content\/uploads\/2024\/02\/gas-4-1024x677.jpg 1024w, https:\/\/www.eldiario.net\/portal\/wp-content\/uploads\/2024\/02\/gas-4-768x508.jpg 768w, https:\/\/www.eldiario.net\/portal\/wp-content\/uploads\/2024\/02\/gas-4-1536x1015.jpg 1536w, https:\/\/www.eldiario.net\/portal\/wp-content\/uploads\/2024\/02\/gas-4-696x460.jpg 696w, https:\/\/www.eldiario.net\/portal\/wp-content\/uploads\/2024\/02\/gas-4-1068x706.jpg 1068w\" sizes=\"(max-width: 635px) 100vw, 635px\" alt=\"\">\r\n                            <\/a>\r\n                            \r\n                        <\/figure>\r\n                    <\/div>\r\n                            <\/div>\r\n                        <\/div>\r\n\r\n                        <div class = \"td-doubleSlider-2\">\r\n                            <div class = \"td-slider\">\r\n                                \r\n                    <div class = \"td-button td-item1\">\r\n                        <div class = \"td-border\"><\/div>\r\n                    <\/div>\r\n                    <div class = \"td-button td-item2\">\r\n                        <div class = \"td-border\"><\/div>\r\n                    <\/div>\r\n                            <\/div>\r\n                        <\/div>\r\n\r\n                    <\/div>\r\n\r\n                <\/div>\r\n                \n","protected":false},"excerpt":{"rendered":"<p>Ante las declaraciones de las autoridades de hidrocarburos sobre el perjuicio que ocasiona el bloqueo en la distribuci\u00f3n de combustibles, expertos en el tema se\u00f1alan que gran parte del problema corresponde a la ca\u00edda de la producci\u00f3n de gas y petr\u00f3leo; la situaci\u00f3n de agrava debido a que tampoco se importa crudo para las refiner\u00edas [&hellip;]<\/p>\n","protected":false},"author":1,"featured_media":200859,"comment_status":"open","ping_status":"open","sticky":false,"template":"","format":"standard","meta":{"_acf_changed":false,"footnotes":""},"categories":[7],"tags":[],"class_list":["post-200858","post","type-post","status-publish","format-standard","has-post-thumbnail","category-economia"],"acf":{"antetitulo":""},"yoast_head":"<!-- This site is optimized with the Yoast SEO plugin v28.4 - https:\/\/yoast.com\/product\/yoast-seo-wordpress\/ -->\n<title>Importaci\u00f3n de crudo no avanza y se agudizar\u00e1 provisi\u00f3n de combustibles - El Diario - Bolivia<\/title>\n<meta name=\"robots\" content=\"index, follow, max-snippet:-1, max-image-preview:large, max-video-preview:-1\" \/>\n<link rel=\"canonical\" href=\"https:\/\/www.eldiario.net\/portal\/2024\/02\/02\/importacion-de-crudo-no-avanza-y-se-agudizara-provision-de-combustibles\/\" \/>\n<meta property=\"og:locale\" content=\"es_ES\" \/>\n<meta property=\"og:type\" content=\"article\" \/>\n<meta property=\"og:title\" content=\"Importaci\u00f3n de crudo no avanza y se agudizar\u00e1 provisi\u00f3n de combustibles - El Diario - Bolivia\" \/>\n<meta property=\"og:description\" content=\"Ante las declaraciones de las autoridades de hidrocarburos sobre el perjuicio que ocasiona el bloqueo en la distribuci\u00f3n de combustibles, expertos en el tema se\u00f1alan que gran parte del problema corresponde a la ca\u00edda de la producci\u00f3n de gas y petr\u00f3leo; la situaci\u00f3n de agrava debido a que tampoco se importa crudo para las refiner\u00edas [&hellip;]\" \/>\n<meta property=\"og:url\" content=\"https:\/\/www.eldiario.net\/portal\/2024\/02\/02\/importacion-de-crudo-no-avanza-y-se-agudizara-provision-de-combustibles\/\" \/>\n<meta property=\"og:site_name\" content=\"El Diario - Bolivia\" \/>\n<meta property=\"article:publisher\" content=\"https:\/\/www.facebook.com\/eldiario.bolivia\/\" \/>\n<meta property=\"article:published_time\" content=\"2024-02-02T10:57:31+00:00\" \/>\n<meta property=\"og:image\" content=\"https:\/\/www.eldiario.net\/portal\/wp-content\/uploads\/2024\/02\/gas-2.jpg\" \/>\n\t<meta property=\"og:image:width\" content=\"1505\" \/>\n\t<meta property=\"og:image:height\" content=\"924\" \/>\n\t<meta property=\"og:image:type\" content=\"image\/jpeg\" \/>\n<meta name=\"author\" content=\"Jeanette\" \/>\n<meta name=\"twitter:card\" content=\"summary_large_image\" \/>\n<meta name=\"twitter:creator\" content=\"@eldiario_net\" \/>\n<meta name=\"twitter:site\" content=\"@eldiario_net\" \/>\n<meta name=\"twitter:label1\" content=\"Escrito por\" \/>\n\t<meta name=\"twitter:data1\" content=\"Jeanette\" \/>\n\t<meta name=\"twitter:label2\" content=\"Tiempo de lectura\" \/>\n\t<meta name=\"twitter:data2\" content=\"5 minutos\" \/>\n<script type=\"application\/ld+json\" class=\"yoast-schema-graph\">{\"@context\":\"https:\\\/\\\/schema.org\",\"@graph\":[{\"@type\":\"Article\",\"@id\":\"https:\\\/\\\/www.eldiario.net\\\/portal\\\/2024\\\/02\\\/02\\\/importacion-de-crudo-no-avanza-y-se-agudizara-provision-de-combustibles\\\/#article\",\"isPartOf\":{\"@id\":\"https:\\\/\\\/www.eldiario.net\\\/portal\\\/2024\\\/02\\\/02\\\/importacion-de-crudo-no-avanza-y-se-agudizara-provision-de-combustibles\\\/\"},\"author\":{\"name\":\"Jeanette\",\"@id\":\"https:\\\/\\\/www.eldiario.net\\\/portal\\\/#\\\/schema\\\/person\\\/2c57cf2b7a7ae032e449e4c9b1019eac\"},\"headline\":\"Importaci\u00f3n de crudo no avanza y se agudizar\u00e1 provisi\u00f3n de combustibles\",\"datePublished\":\"2024-02-02T10:57:31+00:00\",\"mainEntityOfPage\":{\"@id\":\"https:\\\/\\\/www.eldiario.net\\\/portal\\\/2024\\\/02\\\/02\\\/importacion-de-crudo-no-avanza-y-se-agudizara-provision-de-combustibles\\\/\"},\"wordCount\":1041,\"commentCount\":0,\"publisher\":{\"@id\":\"https:\\\/\\\/www.eldiario.net\\\/portal\\\/#organization\"},\"image\":{\"@id\":\"https:\\\/\\\/www.eldiario.net\\\/portal\\\/2024\\\/02\\\/02\\\/importacion-de-crudo-no-avanza-y-se-agudizara-provision-de-combustibles\\\/#primaryimage\"},\"thumbnailUrl\":\"https:\\\/\\\/www.eldiario.net\\\/portal\\\/wp-content\\\/uploads\\\/2024\\\/02\\\/gas-2.jpg\",\"articleSection\":[\"Econom\u00eda\"],\"inLanguage\":\"es\",\"potentialAction\":[{\"@type\":\"CommentAction\",\"name\":\"Comment\",\"target\":[\"https:\\\/\\\/www.eldiario.net\\\/portal\\\/2024\\\/02\\\/02\\\/importacion-de-crudo-no-avanza-y-se-agudizara-provision-de-combustibles\\\/#respond\"]}]},{\"@type\":\"WebPage\",\"@id\":\"https:\\\/\\\/www.eldiario.net\\\/portal\\\/2024\\\/02\\\/02\\\/importacion-de-crudo-no-avanza-y-se-agudizara-provision-de-combustibles\\\/\",\"url\":\"https:\\\/\\\/www.eldiario.net\\\/portal\\\/2024\\\/02\\\/02\\\/importacion-de-crudo-no-avanza-y-se-agudizara-provision-de-combustibles\\\/\",\"name\":\"Importaci\u00f3n de crudo no avanza y se agudizar\u00e1 provisi\u00f3n de combustibles - El Diario - Bolivia\",\"isPartOf\":{\"@id\":\"https:\\\/\\\/www.eldiario.net\\\/portal\\\/#website\"},\"primaryImageOfPage\":{\"@id\":\"https:\\\/\\\/www.eldiario.net\\\/portal\\\/2024\\\/02\\\/02\\\/importacion-de-crudo-no-avanza-y-se-agudizara-provision-de-combustibles\\\/#primaryimage\"},\"image\":{\"@id\":\"https:\\\/\\\/www.eldiario.net\\\/portal\\\/2024\\\/02\\\/02\\\/importacion-de-crudo-no-avanza-y-se-agudizara-provision-de-combustibles\\\/#primaryimage\"},\"thumbnailUrl\":\"https:\\\/\\\/www.eldiario.net\\\/portal\\\/wp-content\\\/uploads\\\/2024\\\/02\\\/gas-2.jpg\",\"datePublished\":\"2024-02-02T10:57:31+00:00\",\"breadcrumb\":{\"@id\":\"https:\\\/\\\/www.eldiario.net\\\/portal\\\/2024\\\/02\\\/02\\\/importacion-de-crudo-no-avanza-y-se-agudizara-provision-de-combustibles\\\/#breadcrumb\"},\"inLanguage\":\"es\",\"potentialAction\":[{\"@type\":\"ReadAction\",\"target\":[\"https:\\\/\\\/www.eldiario.net\\\/portal\\\/2024\\\/02\\\/02\\\/importacion-de-crudo-no-avanza-y-se-agudizara-provision-de-combustibles\\\/\"]}]},{\"@type\":\"ImageObject\",\"inLanguage\":\"es\",\"@id\":\"https:\\\/\\\/www.eldiario.net\\\/portal\\\/2024\\\/02\\\/02\\\/importacion-de-crudo-no-avanza-y-se-agudizara-provision-de-combustibles\\\/#primaryimage\",\"url\":\"https:\\\/\\\/www.eldiario.net\\\/portal\\\/wp-content\\\/uploads\\\/2024\\\/02\\\/gas-2.jpg\",\"contentUrl\":\"https:\\\/\\\/www.eldiario.net\\\/portal\\\/wp-content\\\/uploads\\\/2024\\\/02\\\/gas-2.jpg\",\"width\":1505,\"height\":924},{\"@type\":\"BreadcrumbList\",\"@id\":\"https:\\\/\\\/www.eldiario.net\\\/portal\\\/2024\\\/02\\\/02\\\/importacion-de-crudo-no-avanza-y-se-agudizara-provision-de-combustibles\\\/#breadcrumb\",\"itemListElement\":[{\"@type\":\"ListItem\",\"position\":1,\"name\":\"Portada\",\"item\":\"https:\\\/\\\/www.eldiario.net\\\/portal\\\/\"},{\"@type\":\"ListItem\",\"position\":2,\"name\":\"Importaci\u00f3n de crudo no avanza y se agudizar\u00e1 provisi\u00f3n de combustibles\"}]},{\"@type\":\"WebSite\",\"@id\":\"https:\\\/\\\/www.eldiario.net\\\/portal\\\/#website\",\"url\":\"https:\\\/\\\/www.eldiario.net\\\/portal\\\/\",\"name\":\"El Diario - Decano de la prensa nacional\",\"description\":\"El Diario - Decano de la prensa nacional\",\"publisher\":{\"@id\":\"https:\\\/\\\/www.eldiario.net\\\/portal\\\/#organization\"},\"potentialAction\":[{\"@type\":\"SearchAction\",\"target\":{\"@type\":\"EntryPoint\",\"urlTemplate\":\"https:\\\/\\\/www.eldiario.net\\\/portal\\\/?s={search_term_string}\"},\"query-input\":{\"@type\":\"PropertyValueSpecification\",\"valueRequired\":true,\"valueName\":\"search_term_string\"}}],\"inLanguage\":\"es\"},{\"@type\":\"Organization\",\"@id\":\"https:\\\/\\\/www.eldiario.net\\\/portal\\\/#organization\",\"name\":\"El Diario - Decano de la prensa nacional\",\"url\":\"https:\\\/\\\/www.eldiario.net\\\/portal\\\/\",\"logo\":{\"@type\":\"ImageObject\",\"inLanguage\":\"es\",\"@id\":\"https:\\\/\\\/www.eldiario.net\\\/portal\\\/#\\\/schema\\\/logo\\\/image\\\/\",\"url\":\"https:\\\/\\\/www.eldiario.net\\\/portal\\\/wp-content\\\/uploads\\\/2023\\\/07\\\/logo_ED.jpg\",\"contentUrl\":\"https:\\\/\\\/www.eldiario.net\\\/portal\\\/wp-content\\\/uploads\\\/2023\\\/07\\\/logo_ED.jpg\",\"width\":272,\"height\":52,\"caption\":\"El Diario - Decano de la prensa nacional\"},\"image\":{\"@id\":\"https:\\\/\\\/www.eldiario.net\\\/portal\\\/#\\\/schema\\\/logo\\\/image\\\/\"},\"sameAs\":[\"https:\\\/\\\/www.facebook.com\\\/eldiario.bolivia\\\/\",\"https:\\\/\\\/x.com\\\/eldiario_net\"]},{\"@type\":\"Person\",\"@id\":\"https:\\\/\\\/www.eldiario.net\\\/portal\\\/#\\\/schema\\\/person\\\/2c57cf2b7a7ae032e449e4c9b1019eac\",\"name\":\"Jeanette\",\"image\":{\"@type\":\"ImageObject\",\"inLanguage\":\"es\",\"@id\":\"https:\\\/\\\/secure.gravatar.com\\\/avatar\\\/3ea2118a5f7dad2b7138b1187a6b7ee55f160b9968b66013c3a3ef39dd7e5798?s=96&d=mm&r=g\",\"url\":\"https:\\\/\\\/secure.gravatar.com\\\/avatar\\\/3ea2118a5f7dad2b7138b1187a6b7ee55f160b9968b66013c3a3ef39dd7e5798?s=96&d=mm&r=g\",\"contentUrl\":\"https:\\\/\\\/secure.gravatar.com\\\/avatar\\\/3ea2118a5f7dad2b7138b1187a6b7ee55f160b9968b66013c3a3ef39dd7e5798?s=96&d=mm&r=g\",\"caption\":\"Jeanette\"},\"sameAs\":[\"https:\\\/\\\/www.eldiario.net\\\/portal\"],\"url\":\"https:\\\/\\\/www.eldiario.net\\\/portal\\\/author\\\/jeanette\\\/\"}]}<\/script>\n<!-- \/ Yoast SEO plugin. -->","yoast_head_json":{"title":"Importaci\u00f3n de crudo no avanza y se agudizar\u00e1 provisi\u00f3n de combustibles - El Diario - Bolivia","robots":{"index":"index","follow":"follow","max-snippet":"max-snippet:-1","max-image-preview":"max-image-preview:large","max-video-preview":"max-video-preview:-1"},"canonical":"https:\/\/www.eldiario.net\/portal\/2024\/02\/02\/importacion-de-crudo-no-avanza-y-se-agudizara-provision-de-combustibles\/","og_locale":"es_ES","og_type":"article","og_title":"Importaci\u00f3n de crudo no avanza y se agudizar\u00e1 provisi\u00f3n de combustibles - El Diario - Bolivia","og_description":"Ante las declaraciones de las autoridades de hidrocarburos sobre el perjuicio que ocasiona el bloqueo en la distribuci\u00f3n de combustibles, expertos en el tema se\u00f1alan que gran parte del problema corresponde a la ca\u00edda de la producci\u00f3n de gas y petr\u00f3leo; la situaci\u00f3n de agrava debido a que tampoco se importa crudo para las refiner\u00edas [&hellip;]","og_url":"https:\/\/www.eldiario.net\/portal\/2024\/02\/02\/importacion-de-crudo-no-avanza-y-se-agudizara-provision-de-combustibles\/","og_site_name":"El Diario - Bolivia","article_publisher":"https:\/\/www.facebook.com\/eldiario.bolivia\/","article_published_time":"2024-02-02T10:57:31+00:00","og_image":[{"width":1505,"height":924,"url":"https:\/\/www.eldiario.net\/portal\/wp-content\/uploads\/2024\/02\/gas-2.jpg","type":"image\/jpeg"}],"author":"Jeanette","twitter_card":"summary_large_image","twitter_creator":"@eldiario_net","twitter_site":"@eldiario_net","twitter_misc":{"Escrito por":"Jeanette","Tiempo de lectura":"5 minutos"},"schema":{"@context":"https:\/\/schema.org","@graph":[{"@type":"Article","@id":"https:\/\/www.eldiario.net\/portal\/2024\/02\/02\/importacion-de-crudo-no-avanza-y-se-agudizara-provision-de-combustibles\/#article","isPartOf":{"@id":"https:\/\/www.eldiario.net\/portal\/2024\/02\/02\/importacion-de-crudo-no-avanza-y-se-agudizara-provision-de-combustibles\/"},"author":{"name":"Jeanette","@id":"https:\/\/www.eldiario.net\/portal\/#\/schema\/person\/2c57cf2b7a7ae032e449e4c9b1019eac"},"headline":"Importaci\u00f3n de crudo no avanza y se agudizar\u00e1 provisi\u00f3n de combustibles","datePublished":"2024-02-02T10:57:31+00:00","mainEntityOfPage":{"@id":"https:\/\/www.eldiario.net\/portal\/2024\/02\/02\/importacion-de-crudo-no-avanza-y-se-agudizara-provision-de-combustibles\/"},"wordCount":1041,"commentCount":0,"publisher":{"@id":"https:\/\/www.eldiario.net\/portal\/#organization"},"image":{"@id":"https:\/\/www.eldiario.net\/portal\/2024\/02\/02\/importacion-de-crudo-no-avanza-y-se-agudizara-provision-de-combustibles\/#primaryimage"},"thumbnailUrl":"https:\/\/www.eldiario.net\/portal\/wp-content\/uploads\/2024\/02\/gas-2.jpg","articleSection":["Econom\u00eda"],"inLanguage":"es","potentialAction":[{"@type":"CommentAction","name":"Comment","target":["https:\/\/www.eldiario.net\/portal\/2024\/02\/02\/importacion-de-crudo-no-avanza-y-se-agudizara-provision-de-combustibles\/#respond"]}]},{"@type":"WebPage","@id":"https:\/\/www.eldiario.net\/portal\/2024\/02\/02\/importacion-de-crudo-no-avanza-y-se-agudizara-provision-de-combustibles\/","url":"https:\/\/www.eldiario.net\/portal\/2024\/02\/02\/importacion-de-crudo-no-avanza-y-se-agudizara-provision-de-combustibles\/","name":"Importaci\u00f3n de crudo no avanza y se agudizar\u00e1 provisi\u00f3n de combustibles - El Diario - Bolivia","isPartOf":{"@id":"https:\/\/www.eldiario.net\/portal\/#website"},"primaryImageOfPage":{"@id":"https:\/\/www.eldiario.net\/portal\/2024\/02\/02\/importacion-de-crudo-no-avanza-y-se-agudizara-provision-de-combustibles\/#primaryimage"},"image":{"@id":"https:\/\/www.eldiario.net\/portal\/2024\/02\/02\/importacion-de-crudo-no-avanza-y-se-agudizara-provision-de-combustibles\/#primaryimage"},"thumbnailUrl":"https:\/\/www.eldiario.net\/portal\/wp-content\/uploads\/2024\/02\/gas-2.jpg","datePublished":"2024-02-02T10:57:31+00:00","breadcrumb":{"@id":"https:\/\/www.eldiario.net\/portal\/2024\/02\/02\/importacion-de-crudo-no-avanza-y-se-agudizara-provision-de-combustibles\/#breadcrumb"},"inLanguage":"es","potentialAction":[{"@type":"ReadAction","target":["https:\/\/www.eldiario.net\/portal\/2024\/02\/02\/importacion-de-crudo-no-avanza-y-se-agudizara-provision-de-combustibles\/"]}]},{"@type":"ImageObject","inLanguage":"es","@id":"https:\/\/www.eldiario.net\/portal\/2024\/02\/02\/importacion-de-crudo-no-avanza-y-se-agudizara-provision-de-combustibles\/#primaryimage","url":"https:\/\/www.eldiario.net\/portal\/wp-content\/uploads\/2024\/02\/gas-2.jpg","contentUrl":"https:\/\/www.eldiario.net\/portal\/wp-content\/uploads\/2024\/02\/gas-2.jpg","width":1505,"height":924},{"@type":"BreadcrumbList","@id":"https:\/\/www.eldiario.net\/portal\/2024\/02\/02\/importacion-de-crudo-no-avanza-y-se-agudizara-provision-de-combustibles\/#breadcrumb","itemListElement":[{"@type":"ListItem","position":1,"name":"Portada","item":"https:\/\/www.eldiario.net\/portal\/"},{"@type":"ListItem","position":2,"name":"Importaci\u00f3n de crudo no avanza y se agudizar\u00e1 provisi\u00f3n de combustibles"}]},{"@type":"WebSite","@id":"https:\/\/www.eldiario.net\/portal\/#website","url":"https:\/\/www.eldiario.net\/portal\/","name":"El Diario - Decano de la prensa nacional","description":"El Diario - Decano de la prensa nacional","publisher":{"@id":"https:\/\/www.eldiario.net\/portal\/#organization"},"potentialAction":[{"@type":"SearchAction","target":{"@type":"EntryPoint","urlTemplate":"https:\/\/www.eldiario.net\/portal\/?s={search_term_string}"},"query-input":{"@type":"PropertyValueSpecification","valueRequired":true,"valueName":"search_term_string"}}],"inLanguage":"es"},{"@type":"Organization","@id":"https:\/\/www.eldiario.net\/portal\/#organization","name":"El Diario - Decano de la prensa nacional","url":"https:\/\/www.eldiario.net\/portal\/","logo":{"@type":"ImageObject","inLanguage":"es","@id":"https:\/\/www.eldiario.net\/portal\/#\/schema\/logo\/image\/","url":"https:\/\/www.eldiario.net\/portal\/wp-content\/uploads\/2023\/07\/logo_ED.jpg","contentUrl":"https:\/\/www.eldiario.net\/portal\/wp-content\/uploads\/2023\/07\/logo_ED.jpg","width":272,"height":52,"caption":"El Diario - Decano de la prensa nacional"},"image":{"@id":"https:\/\/www.eldiario.net\/portal\/#\/schema\/logo\/image\/"},"sameAs":["https:\/\/www.facebook.com\/eldiario.bolivia\/","https:\/\/x.com\/eldiario_net"]},{"@type":"Person","@id":"https:\/\/www.eldiario.net\/portal\/#\/schema\/person\/2c57cf2b7a7ae032e449e4c9b1019eac","name":"Jeanette","image":{"@type":"ImageObject","inLanguage":"es","@id":"https:\/\/secure.gravatar.com\/avatar\/3ea2118a5f7dad2b7138b1187a6b7ee55f160b9968b66013c3a3ef39dd7e5798?s=96&d=mm&r=g","url":"https:\/\/secure.gravatar.com\/avatar\/3ea2118a5f7dad2b7138b1187a6b7ee55f160b9968b66013c3a3ef39dd7e5798?s=96&d=mm&r=g","contentUrl":"https:\/\/secure.gravatar.com\/avatar\/3ea2118a5f7dad2b7138b1187a6b7ee55f160b9968b66013c3a3ef39dd7e5798?s=96&d=mm&r=g","caption":"Jeanette"},"sameAs":["https:\/\/www.eldiario.net\/portal"],"url":"https:\/\/www.eldiario.net\/portal\/author\/jeanette\/"}]}},"_links":{"self":[{"href":"https:\/\/www.eldiario.net\/portal\/wp-json\/wp\/v2\/posts\/200858","targetHints":{"allow":["GET"]}}],"collection":[{"href":"https:\/\/www.eldiario.net\/portal\/wp-json\/wp\/v2\/posts"}],"about":[{"href":"https:\/\/www.eldiario.net\/portal\/wp-json\/wp\/v2\/types\/post"}],"author":[{"embeddable":true,"href":"https:\/\/www.eldiario.net\/portal\/wp-json\/wp\/v2\/users\/1"}],"replies":[{"embeddable":true,"href":"https:\/\/www.eldiario.net\/portal\/wp-json\/wp\/v2\/comments?post=200858"}],"version-history":[{"count":1,"href":"https:\/\/www.eldiario.net\/portal\/wp-json\/wp\/v2\/posts\/200858\/revisions"}],"predecessor-version":[{"id":200861,"href":"https:\/\/www.eldiario.net\/portal\/wp-json\/wp\/v2\/posts\/200858\/revisions\/200861"}],"wp:featuredmedia":[{"embeddable":true,"href":"https:\/\/www.eldiario.net\/portal\/wp-json\/wp\/v2\/media\/200859"}],"wp:attachment":[{"href":"https:\/\/www.eldiario.net\/portal\/wp-json\/wp\/v2\/media?parent=200858"}],"wp:term":[{"taxonomy":"category","embeddable":true,"href":"https:\/\/www.eldiario.net\/portal\/wp-json\/wp\/v2\/categories?post=200858"},{"taxonomy":"post_tag","embeddable":true,"href":"https:\/\/www.eldiario.net\/portal\/wp-json\/wp\/v2\/tags?post=200858"}],"curies":[{"name":"wp","href":"https:\/\/api.w.org\/{rel}","templated":true}]}}