{"id":200848,"date":"2024-02-02T06:47:40","date_gmt":"2024-02-02T10:47:40","guid":{"rendered":"https:\/\/www.eldiario.net\/portal\/?p=200848"},"modified":"2024-02-02T06:47:40","modified_gmt":"2024-02-02T10:47:40","slug":"aplazados-en-democracia","status":"publish","type":"post","link":"https:\/\/www.eldiario.net\/portal\/2024\/02\/02\/aplazados-en-democracia\/","title":{"rendered":"Aplazados en democracia"},"content":{"rendered":"<p>Hace ya varios meses, la prestigiosa revista brit\u00e1nica The Economist public\u00f3 su \u00faltimo \u00edndice de democracia, y adivinen los resultados\u2026: Bolivia est\u00e1 en los \u00faltimos lugares en calidad de democracia vigente en Am\u00e9rica, superando \u00fanicamente a Venezuela, Cuba, Nicaragua y Hait\u00ed, lo que no es para sentir orgullo, porque en esos pa\u00edses se ha retrocedido tanto, que la democracia es un valor que sus estantes hace muchos a\u00f1os no pueden experimentar.<br \/>\nTengo la convicci\u00f3n de que acceder al gobierno mediante el voto universal no lo hace necesariamente un gobierno democr\u00e1tico. Lo digo porque mucha prensa define a los gobiernos seg\u00fan como fueron constituidos: democr\u00e1ticos si lo fueron mediante elecciones o de facto, si fue por medios inconstitucionales. Pero la democracia no es solo merecer el apoyo del pueblo el d\u00eda de las elecciones. M\u00e1s bien tiene que ver con la forma de gobernar y con el Estado de derecho, cuya caracter\u00edstica esencial es que todo poder y toda libertad individual rigen su comportamiento por normas jur\u00eddicas que todos los \u00f3rganos del Estado deben observar.<br \/>\nY, s\u00ed, indudablemente el \u00d3rgano Legislativo es el m\u00e1s complejo de controlar por hallarse m\u00e1s cerca de la soberan\u00eda y, en consecuencia, es el principal autor de la norma y de todo el ordenamiento jur\u00eddico de rango superior, con excepci\u00f3n de la Constituci\u00f3n Pol\u00edtica.<br \/>\nEl \u00d3rgano Judicial, tiene la misi\u00f3n de aplicar el derecho a los casos particulares bajo una envoltura de \u201csantidad\u201d; por tanto, es el m\u00e1s jur\u00eddico de todos. Finalmente, el Poder Ejecutivo, que es el heredero m\u00e1s directo de las autocracias de hace unos siglos, es el que m\u00e1s abusos puede cometer y de quien m\u00e1s se puede temer las restricciones a las libertades y los derechos individuales. Por eso el control jurisdiccional sobre la actuaci\u00f3n del gobierno es la m\u00e1s delicada y eficaz arma. En consecuencia, la verdadera democracia del mundo actual exige un clima de libertad e igualdad, adem\u00e1s de tolerancia frente al que piensa distinto.<br \/>\nThe Economist ha hecho una radiograf\u00eda lapidaria, pero irreprochable del estado de la democracia boliviana, porque aquello de que el \u00d3rgano Legislativo es el m\u00e1s dif\u00edcil de controlar, siendo que en \u00e9l reside todo el ordenamiento jur\u00eddico, en Bolivia no es m\u00e1s que una entelequia, porque todos sabemos la manipulaci\u00f3n que desde el Ejecutivo se hace del \u201cm\u00e1s democr\u00e1tico de los poderes\u201d. El Poder Judicial, que tendr\u00eda que ser el \u201ctemplo\u201d de la justicia, ac\u00e1 m\u00e1s bien es la filial del partido de gobierno.<br \/>\nPero la verdadera democracia tambi\u00e9n se funda en el correcto uso constitucional. Una seguridad jur\u00eddica tambi\u00e9n en este \u00e1mbito de la jurisdicci\u00f3n, es presupuesto fundamental para que los gobernados se sientan protegidos por los beneficios de este sistema de gobierno que, seg\u00fan Winston Churchill, es el peor que existe, con excepci\u00f3n de todos los dem\u00e1s. Y dem\u00e1s est\u00e1 decir que nuestro sistema judicial constitucional es un circo capaz de hacer malabares con su mejor instrumento (la Constituci\u00f3n Pol\u00edtica), de manera que pueden interpretarla seg\u00fan el sol que nace; y pueden desdecirse cuando se les antoja.<br \/>\nEn fin, la triste pero merecida calificaci\u00f3n de aplazo que nos confiere la revista debe hacernos reflexionar en que ejercer el poder nacido de la voluntad popular \u00fanicamente, no hace a ning\u00fan gobierno verdaderamente democr\u00e1tico si no es con el complemento insustituible de una sumisi\u00f3n del poder al derecho, ya que, por ejemplo, hoy evidenciamos su inexistencia tras la procrastinaci\u00f3n ilegal de las elecciones judiciales. Tampoco hay verdadera democracia si no existe un gobierno de opini\u00f3n, debate p\u00fablico e igualdad de oportunidades.<br \/>\nHallarnos apenas por encima de esos pa\u00edses que en materia de democracia son la verg\u00fcenza del mundo no es para alardear, sino para lamentar, que inclusive tengamos que estar por debajo de M\u00e9xico, cuyos \u00edndices de violencia, por la ausencia de Estado en la seguridad ciudadana, son alarmantes. Gobernar democr\u00e1ticamente \u2014contra todo razonamiento marxista\u2014 no tiene tanto que ver con qui\u00e9n detenta el poder, sino con qui\u00e9n es el beneficiario de \u00e9l; por tanto, es un sistema de consenso cuyo concepto en Bolivia se desconoce.<\/p>\n<p>Augusto Vera Riveros es jurista y escritor.<\/p>\n","protected":false},"excerpt":{"rendered":"<p>Hace ya varios meses, la prestigiosa revista brit\u00e1nica The Economist public\u00f3 su \u00faltimo \u00edndice de democracia, y adivinen los resultados\u2026: Bolivia est\u00e1 en los \u00faltimos lugares en calidad de democracia vigente en Am\u00e9rica, superando \u00fanicamente a Venezuela, Cuba, Nicaragua y Hait\u00ed, lo que no es para sentir orgullo, porque en esos pa\u00edses se ha retrocedido [&hellip;]<\/p>\n","protected":false},"author":1,"featured_media":158120,"comment_status":"open","ping_status":"open","sticky":false,"template":"","format":"standard","meta":{"_acf_changed":false,"footnotes":""},"categories":[9],"tags":[],"class_list":["post-200848","post","type-post","status-publish","format-standard","has-post-thumbnail","category-opinion"],"acf":{"antetitulo":"Contra viento y marea"},"yoast_head":"<!-- This site is optimized with the Yoast SEO plugin v28.3 - https:\/\/yoast.com\/product\/yoast-seo-wordpress\/ -->\n<title>Aplazados en democracia - El Diario - Bolivia<\/title>\n<meta name=\"robots\" content=\"index, follow, max-snippet:-1, max-image-preview:large, max-video-preview:-1\" \/>\n<link rel=\"canonical\" href=\"https:\/\/www.eldiario.net\/portal\/2024\/02\/02\/aplazados-en-democracia\/\" \/>\n<meta property=\"og:locale\" content=\"es_ES\" \/>\n<meta property=\"og:type\" content=\"article\" \/>\n<meta property=\"og:title\" content=\"Aplazados en democracia - El Diario - Bolivia\" \/>\n<meta property=\"og:description\" content=\"Hace ya varios meses, la prestigiosa revista brit\u00e1nica The Economist public\u00f3 su \u00faltimo \u00edndice de democracia, y adivinen los resultados\u2026: Bolivia est\u00e1 en los \u00faltimos lugares en calidad de democracia vigente en Am\u00e9rica, superando \u00fanicamente a Venezuela, Cuba, Nicaragua y Hait\u00ed, lo que no es para sentir orgullo, porque en esos pa\u00edses se ha retrocedido [&hellip;]\" \/>\n<meta property=\"og:url\" content=\"https:\/\/www.eldiario.net\/portal\/2024\/02\/02\/aplazados-en-democracia\/\" \/>\n<meta property=\"og:site_name\" content=\"El Diario - Bolivia\" \/>\n<meta property=\"article:publisher\" content=\"https:\/\/www.facebook.com\/eldiario.bolivia\/\" \/>\n<meta property=\"article:published_time\" content=\"2024-02-02T10:47:40+00:00\" \/>\n<meta property=\"og:image\" content=\"https:\/\/www.eldiario.net\/portal\/wp-content\/uploads\/2023\/06\/Augusto-Vera-Riveros.jpg\" \/>\n\t<meta property=\"og:image:width\" content=\"1200\" \/>\n\t<meta property=\"og:image:height\" content=\"628\" \/>\n\t<meta property=\"og:image:type\" content=\"image\/jpeg\" \/>\n<meta name=\"author\" content=\"Jeanette\" \/>\n<meta name=\"twitter:card\" content=\"summary_large_image\" \/>\n<meta name=\"twitter:creator\" content=\"@eldiario_net\" \/>\n<meta name=\"twitter:site\" content=\"@eldiario_net\" \/>\n<meta name=\"twitter:label1\" content=\"Escrito por\" \/>\n\t<meta name=\"twitter:data1\" content=\"Jeanette\" \/>\n\t<meta name=\"twitter:label2\" content=\"Tiempo de lectura\" \/>\n\t<meta name=\"twitter:data2\" content=\"4 minutos\" \/>\n<script type=\"application\/ld+json\" class=\"yoast-schema-graph\">{\"@context\":\"https:\\\/\\\/schema.org\",\"@graph\":[{\"@type\":\"Article\",\"@id\":\"https:\\\/\\\/www.eldiario.net\\\/portal\\\/2024\\\/02\\\/02\\\/aplazados-en-democracia\\\/#article\",\"isPartOf\":{\"@id\":\"https:\\\/\\\/www.eldiario.net\\\/portal\\\/2024\\\/02\\\/02\\\/aplazados-en-democracia\\\/\"},\"author\":{\"name\":\"Jeanette\",\"@id\":\"https:\\\/\\\/www.eldiario.net\\\/portal\\\/#\\\/schema\\\/person\\\/f46445640444750d7d753ccd04ae01b7\"},\"headline\":\"Aplazados en democracia\",\"datePublished\":\"2024-02-02T10:47:40+00:00\",\"mainEntityOfPage\":{\"@id\":\"https:\\\/\\\/www.eldiario.net\\\/portal\\\/2024\\\/02\\\/02\\\/aplazados-en-democracia\\\/\"},\"wordCount\":743,\"commentCount\":0,\"publisher\":{\"@id\":\"https:\\\/\\\/www.eldiario.net\\\/portal\\\/#organization\"},\"image\":{\"@id\":\"https:\\\/\\\/www.eldiario.net\\\/portal\\\/2024\\\/02\\\/02\\\/aplazados-en-democracia\\\/#primaryimage\"},\"thumbnailUrl\":\"https:\\\/\\\/www.eldiario.net\\\/portal\\\/wp-content\\\/uploads\\\/2023\\\/06\\\/Augusto-Vera-Riveros.jpg\",\"articleSection\":[\"Opini\u00f3n\"],\"inLanguage\":\"es\",\"potentialAction\":[{\"@type\":\"CommentAction\",\"name\":\"Comment\",\"target\":[\"https:\\\/\\\/www.eldiario.net\\\/portal\\\/2024\\\/02\\\/02\\\/aplazados-en-democracia\\\/#respond\"]}]},{\"@type\":\"WebPage\",\"@id\":\"https:\\\/\\\/www.eldiario.net\\\/portal\\\/2024\\\/02\\\/02\\\/aplazados-en-democracia\\\/\",\"url\":\"https:\\\/\\\/www.eldiario.net\\\/portal\\\/2024\\\/02\\\/02\\\/aplazados-en-democracia\\\/\",\"name\":\"Aplazados en democracia - El Diario - Bolivia\",\"isPartOf\":{\"@id\":\"https:\\\/\\\/www.eldiario.net\\\/portal\\\/#website\"},\"primaryImageOfPage\":{\"@id\":\"https:\\\/\\\/www.eldiario.net\\\/portal\\\/2024\\\/02\\\/02\\\/aplazados-en-democracia\\\/#primaryimage\"},\"image\":{\"@id\":\"https:\\\/\\\/www.eldiario.net\\\/portal\\\/2024\\\/02\\\/02\\\/aplazados-en-democracia\\\/#primaryimage\"},\"thumbnailUrl\":\"https:\\\/\\\/www.eldiario.net\\\/portal\\\/wp-content\\\/uploads\\\/2023\\\/06\\\/Augusto-Vera-Riveros.jpg\",\"datePublished\":\"2024-02-02T10:47:40+00:00\",\"breadcrumb\":{\"@id\":\"https:\\\/\\\/www.eldiario.net\\\/portal\\\/2024\\\/02\\\/02\\\/aplazados-en-democracia\\\/#breadcrumb\"},\"inLanguage\":\"es\",\"potentialAction\":[{\"@type\":\"ReadAction\",\"target\":[\"https:\\\/\\\/www.eldiario.net\\\/portal\\\/2024\\\/02\\\/02\\\/aplazados-en-democracia\\\/\"]}]},{\"@type\":\"ImageObject\",\"inLanguage\":\"es\",\"@id\":\"https:\\\/\\\/www.eldiario.net\\\/portal\\\/2024\\\/02\\\/02\\\/aplazados-en-democracia\\\/#primaryimage\",\"url\":\"https:\\\/\\\/www.eldiario.net\\\/portal\\\/wp-content\\\/uploads\\\/2023\\\/06\\\/Augusto-Vera-Riveros.jpg\",\"contentUrl\":\"https:\\\/\\\/www.eldiario.net\\\/portal\\\/wp-content\\\/uploads\\\/2023\\\/06\\\/Augusto-Vera-Riveros.jpg\",\"width\":1200,\"height\":628},{\"@type\":\"BreadcrumbList\",\"@id\":\"https:\\\/\\\/www.eldiario.net\\\/portal\\\/2024\\\/02\\\/02\\\/aplazados-en-democracia\\\/#breadcrumb\",\"itemListElement\":[{\"@type\":\"ListItem\",\"position\":1,\"name\":\"Portada\",\"item\":\"https:\\\/\\\/www.eldiario.net\\\/portal\\\/\"},{\"@type\":\"ListItem\",\"position\":2,\"name\":\"Aplazados en democracia\"}]},{\"@type\":\"WebSite\",\"@id\":\"https:\\\/\\\/www.eldiario.net\\\/portal\\\/#website\",\"url\":\"https:\\\/\\\/www.eldiario.net\\\/portal\\\/\",\"name\":\"El Diario - Decano de la prensa nacional\",\"description\":\"El Diario - Decano de la prensa nacional\",\"publisher\":{\"@id\":\"https:\\\/\\\/www.eldiario.net\\\/portal\\\/#organization\"},\"potentialAction\":[{\"@type\":\"SearchAction\",\"target\":{\"@type\":\"EntryPoint\",\"urlTemplate\":\"https:\\\/\\\/www.eldiario.net\\\/portal\\\/?s={search_term_string}\"},\"query-input\":{\"@type\":\"PropertyValueSpecification\",\"valueRequired\":true,\"valueName\":\"search_term_string\"}}],\"inLanguage\":\"es\"},{\"@type\":\"Organization\",\"@id\":\"https:\\\/\\\/www.eldiario.net\\\/portal\\\/#organization\",\"name\":\"El Diario - Decano de la prensa nacional\",\"url\":\"https:\\\/\\\/www.eldiario.net\\\/portal\\\/\",\"logo\":{\"@type\":\"ImageObject\",\"inLanguage\":\"es\",\"@id\":\"https:\\\/\\\/www.eldiario.net\\\/portal\\\/#\\\/schema\\\/logo\\\/image\\\/\",\"url\":\"https:\\\/\\\/www.eldiario.net\\\/portal\\\/wp-content\\\/uploads\\\/2023\\\/07\\\/logo_ED.jpg\",\"contentUrl\":\"https:\\\/\\\/www.eldiario.net\\\/portal\\\/wp-content\\\/uploads\\\/2023\\\/07\\\/logo_ED.jpg\",\"width\":272,\"height\":52,\"caption\":\"El Diario - Decano de la prensa nacional\"},\"image\":{\"@id\":\"https:\\\/\\\/www.eldiario.net\\\/portal\\\/#\\\/schema\\\/logo\\\/image\\\/\"},\"sameAs\":[\"https:\\\/\\\/www.facebook.com\\\/eldiario.bolivia\\\/\",\"https:\\\/\\\/x.com\\\/eldiario_net\"]},{\"@type\":\"Person\",\"@id\":\"https:\\\/\\\/www.eldiario.net\\\/portal\\\/#\\\/schema\\\/person\\\/f46445640444750d7d753ccd04ae01b7\",\"name\":\"Jeanette\",\"image\":{\"@type\":\"ImageObject\",\"inLanguage\":\"es\",\"@id\":\"https:\\\/\\\/secure.gravatar.com\\\/avatar\\\/3ea2118a5f7dad2b7138b1187a6b7ee55f160b9968b66013c3a3ef39dd7e5798?s=96&d=mm&r=g\",\"url\":\"https:\\\/\\\/secure.gravatar.com\\\/avatar\\\/3ea2118a5f7dad2b7138b1187a6b7ee55f160b9968b66013c3a3ef39dd7e5798?s=96&d=mm&r=g\",\"contentUrl\":\"https:\\\/\\\/secure.gravatar.com\\\/avatar\\\/3ea2118a5f7dad2b7138b1187a6b7ee55f160b9968b66013c3a3ef39dd7e5798?s=96&d=mm&r=g\",\"caption\":\"Jeanette\"},\"sameAs\":[\"https:\\\/\\\/www.eldiario.net\\\/portal\"],\"url\":\"https:\\\/\\\/www.eldiario.net\\\/portal\\\/author\\\/jeanette\\\/\"}]}<\/script>\n<!-- \/ Yoast SEO plugin. -->","yoast_head_json":{"title":"Aplazados en democracia - El Diario - Bolivia","robots":{"index":"index","follow":"follow","max-snippet":"max-snippet:-1","max-image-preview":"max-image-preview:large","max-video-preview":"max-video-preview:-1"},"canonical":"https:\/\/www.eldiario.net\/portal\/2024\/02\/02\/aplazados-en-democracia\/","og_locale":"es_ES","og_type":"article","og_title":"Aplazados en democracia - El Diario - Bolivia","og_description":"Hace ya varios meses, la prestigiosa revista brit\u00e1nica The Economist public\u00f3 su \u00faltimo \u00edndice de democracia, y adivinen los resultados\u2026: Bolivia est\u00e1 en los \u00faltimos lugares en calidad de democracia vigente en Am\u00e9rica, superando \u00fanicamente a Venezuela, Cuba, Nicaragua y Hait\u00ed, lo que no es para sentir orgullo, porque en esos pa\u00edses se ha retrocedido [&hellip;]","og_url":"https:\/\/www.eldiario.net\/portal\/2024\/02\/02\/aplazados-en-democracia\/","og_site_name":"El Diario - Bolivia","article_publisher":"https:\/\/www.facebook.com\/eldiario.bolivia\/","article_published_time":"2024-02-02T10:47:40+00:00","og_image":[{"width":1200,"height":628,"url":"https:\/\/www.eldiario.net\/portal\/wp-content\/uploads\/2023\/06\/Augusto-Vera-Riveros.jpg","type":"image\/jpeg"}],"author":"Jeanette","twitter_card":"summary_large_image","twitter_creator":"@eldiario_net","twitter_site":"@eldiario_net","twitter_misc":{"Escrito por":"Jeanette","Tiempo de lectura":"4 minutos"},"schema":{"@context":"https:\/\/schema.org","@graph":[{"@type":"Article","@id":"https:\/\/www.eldiario.net\/portal\/2024\/02\/02\/aplazados-en-democracia\/#article","isPartOf":{"@id":"https:\/\/www.eldiario.net\/portal\/2024\/02\/02\/aplazados-en-democracia\/"},"author":{"name":"Jeanette","@id":"https:\/\/www.eldiario.net\/portal\/#\/schema\/person\/f46445640444750d7d753ccd04ae01b7"},"headline":"Aplazados en democracia","datePublished":"2024-02-02T10:47:40+00:00","mainEntityOfPage":{"@id":"https:\/\/www.eldiario.net\/portal\/2024\/02\/02\/aplazados-en-democracia\/"},"wordCount":743,"commentCount":0,"publisher":{"@id":"https:\/\/www.eldiario.net\/portal\/#organization"},"image":{"@id":"https:\/\/www.eldiario.net\/portal\/2024\/02\/02\/aplazados-en-democracia\/#primaryimage"},"thumbnailUrl":"https:\/\/www.eldiario.net\/portal\/wp-content\/uploads\/2023\/06\/Augusto-Vera-Riveros.jpg","articleSection":["Opini\u00f3n"],"inLanguage":"es","potentialAction":[{"@type":"CommentAction","name":"Comment","target":["https:\/\/www.eldiario.net\/portal\/2024\/02\/02\/aplazados-en-democracia\/#respond"]}]},{"@type":"WebPage","@id":"https:\/\/www.eldiario.net\/portal\/2024\/02\/02\/aplazados-en-democracia\/","url":"https:\/\/www.eldiario.net\/portal\/2024\/02\/02\/aplazados-en-democracia\/","name":"Aplazados en democracia - El Diario - Bolivia","isPartOf":{"@id":"https:\/\/www.eldiario.net\/portal\/#website"},"primaryImageOfPage":{"@id":"https:\/\/www.eldiario.net\/portal\/2024\/02\/02\/aplazados-en-democracia\/#primaryimage"},"image":{"@id":"https:\/\/www.eldiario.net\/portal\/2024\/02\/02\/aplazados-en-democracia\/#primaryimage"},"thumbnailUrl":"https:\/\/www.eldiario.net\/portal\/wp-content\/uploads\/2023\/06\/Augusto-Vera-Riveros.jpg","datePublished":"2024-02-02T10:47:40+00:00","breadcrumb":{"@id":"https:\/\/www.eldiario.net\/portal\/2024\/02\/02\/aplazados-en-democracia\/#breadcrumb"},"inLanguage":"es","potentialAction":[{"@type":"ReadAction","target":["https:\/\/www.eldiario.net\/portal\/2024\/02\/02\/aplazados-en-democracia\/"]}]},{"@type":"ImageObject","inLanguage":"es","@id":"https:\/\/www.eldiario.net\/portal\/2024\/02\/02\/aplazados-en-democracia\/#primaryimage","url":"https:\/\/www.eldiario.net\/portal\/wp-content\/uploads\/2023\/06\/Augusto-Vera-Riveros.jpg","contentUrl":"https:\/\/www.eldiario.net\/portal\/wp-content\/uploads\/2023\/06\/Augusto-Vera-Riveros.jpg","width":1200,"height":628},{"@type":"BreadcrumbList","@id":"https:\/\/www.eldiario.net\/portal\/2024\/02\/02\/aplazados-en-democracia\/#breadcrumb","itemListElement":[{"@type":"ListItem","position":1,"name":"Portada","item":"https:\/\/www.eldiario.net\/portal\/"},{"@type":"ListItem","position":2,"name":"Aplazados en democracia"}]},{"@type":"WebSite","@id":"https:\/\/www.eldiario.net\/portal\/#website","url":"https:\/\/www.eldiario.net\/portal\/","name":"El Diario - Decano de la prensa nacional","description":"El Diario - Decano de la prensa nacional","publisher":{"@id":"https:\/\/www.eldiario.net\/portal\/#organization"},"potentialAction":[{"@type":"SearchAction","target":{"@type":"EntryPoint","urlTemplate":"https:\/\/www.eldiario.net\/portal\/?s={search_term_string}"},"query-input":{"@type":"PropertyValueSpecification","valueRequired":true,"valueName":"search_term_string"}}],"inLanguage":"es"},{"@type":"Organization","@id":"https:\/\/www.eldiario.net\/portal\/#organization","name":"El Diario - Decano de la prensa nacional","url":"https:\/\/www.eldiario.net\/portal\/","logo":{"@type":"ImageObject","inLanguage":"es","@id":"https:\/\/www.eldiario.net\/portal\/#\/schema\/logo\/image\/","url":"https:\/\/www.eldiario.net\/portal\/wp-content\/uploads\/2023\/07\/logo_ED.jpg","contentUrl":"https:\/\/www.eldiario.net\/portal\/wp-content\/uploads\/2023\/07\/logo_ED.jpg","width":272,"height":52,"caption":"El Diario - Decano de la prensa nacional"},"image":{"@id":"https:\/\/www.eldiario.net\/portal\/#\/schema\/logo\/image\/"},"sameAs":["https:\/\/www.facebook.com\/eldiario.bolivia\/","https:\/\/x.com\/eldiario_net"]},{"@type":"Person","@id":"https:\/\/www.eldiario.net\/portal\/#\/schema\/person\/f46445640444750d7d753ccd04ae01b7","name":"Jeanette","image":{"@type":"ImageObject","inLanguage":"es","@id":"https:\/\/secure.gravatar.com\/avatar\/3ea2118a5f7dad2b7138b1187a6b7ee55f160b9968b66013c3a3ef39dd7e5798?s=96&d=mm&r=g","url":"https:\/\/secure.gravatar.com\/avatar\/3ea2118a5f7dad2b7138b1187a6b7ee55f160b9968b66013c3a3ef39dd7e5798?s=96&d=mm&r=g","contentUrl":"https:\/\/secure.gravatar.com\/avatar\/3ea2118a5f7dad2b7138b1187a6b7ee55f160b9968b66013c3a3ef39dd7e5798?s=96&d=mm&r=g","caption":"Jeanette"},"sameAs":["https:\/\/www.eldiario.net\/portal"],"url":"https:\/\/www.eldiario.net\/portal\/author\/jeanette\/"}]}},"_links":{"self":[{"href":"https:\/\/www.eldiario.net\/portal\/wp-json\/wp\/v2\/posts\/200848","targetHints":{"allow":["GET"]}}],"collection":[{"href":"https:\/\/www.eldiario.net\/portal\/wp-json\/wp\/v2\/posts"}],"about":[{"href":"https:\/\/www.eldiario.net\/portal\/wp-json\/wp\/v2\/types\/post"}],"author":[{"embeddable":true,"href":"https:\/\/www.eldiario.net\/portal\/wp-json\/wp\/v2\/users\/1"}],"replies":[{"embeddable":true,"href":"https:\/\/www.eldiario.net\/portal\/wp-json\/wp\/v2\/comments?post=200848"}],"version-history":[{"count":1,"href":"https:\/\/www.eldiario.net\/portal\/wp-json\/wp\/v2\/posts\/200848\/revisions"}],"predecessor-version":[{"id":200849,"href":"https:\/\/www.eldiario.net\/portal\/wp-json\/wp\/v2\/posts\/200848\/revisions\/200849"}],"wp:featuredmedia":[{"embeddable":true,"href":"https:\/\/www.eldiario.net\/portal\/wp-json\/wp\/v2\/media\/158120"}],"wp:attachment":[{"href":"https:\/\/www.eldiario.net\/portal\/wp-json\/wp\/v2\/media?parent=200848"}],"wp:term":[{"taxonomy":"category","embeddable":true,"href":"https:\/\/www.eldiario.net\/portal\/wp-json\/wp\/v2\/categories?post=200848"},{"taxonomy":"post_tag","embeddable":true,"href":"https:\/\/www.eldiario.net\/portal\/wp-json\/wp\/v2\/tags?post=200848"}],"curies":[{"name":"wp","href":"https:\/\/api.w.org\/{rel}","templated":true}]}}