{"id":200846,"date":"2024-02-02T06:47:03","date_gmt":"2024-02-02T10:47:03","guid":{"rendered":"https:\/\/www.eldiario.net\/portal\/?p=200846"},"modified":"2024-02-02T06:47:03","modified_gmt":"2024-02-02T10:47:03","slug":"desafios-que-bolivia-enfrenta-en-su-sistema-educativo","status":"publish","type":"post","link":"https:\/\/www.eldiario.net\/portal\/2024\/02\/02\/desafios-que-bolivia-enfrenta-en-su-sistema-educativo\/","title":{"rendered":"Desaf\u00edos que Bolivia enfrenta en su sistema educativo"},"content":{"rendered":"<p>Bolivia, a m\u00e1s de una d\u00e9cada de la nueva ley educativa, se encuentra atrapada en un sistema marcado por la ineficiencia y obst\u00e1culos que amenazan con socavar sus aspiraciones cient\u00edficas. En el intento de llevar la igualdad a las aulas, el sistema educativo boliviano ha enfrentado cr\u00edticas constantes por su incapacidad para garantizar una educaci\u00f3n de calidad. Los problemas estructurales, la falta de recursos y la burocracia han debilitado los cimientos del sistema.<br \/>\nLas estad\u00edsticas reflejan un panorama sombr\u00edo: deficiencia en el aprendizaje, instalaciones precarias y una brecha en la calidad educativa que persiste. La realidad en las aulas bolivianas dista mucho de la visi\u00f3n de un sistema educativo robusto. En el \u00e1mbito cient\u00edfico, aunque se han realizado limitadas inversiones, los resultados son tenues. La falta de laboratorios equipados, curr\u00edculo improvisado, falta de capacitaci\u00f3n y un enfoque difuso en la investigaci\u00f3n limitan el potencial cient\u00edfico del pa\u00eds.<br \/>\nLas cr\u00edticas no solo provienen de expertos, sino tambi\u00e9n de la poblaci\u00f3n que ve c\u00f3mo las promesas de mejoras educativas se quedan en palabras. La falta de transparencia, auditorias y evaluaciones por terceros al sistema educativo agrava la percepci\u00f3n de un sistema que lucha por cumplir con sus metas.<br \/>\nEste panorama plantea un dilema crucial: \u00bfC\u00f3mo puede Bolivia aspirar a la excelencia cient\u00edfica cuando sus cimientos educativos son fr\u00e1giles? La respuesta a esta pregunta se presenta como el desaf\u00edo m\u00e1s apremiante para las autoridades y la sociedad en su conjunto. Mientras Bolivia busca destacar en el \u00e1mbito cient\u00edfico, la realidad educativa enfrenta obst\u00e1culos significativos. La ineficiencia en el sistema pone a prueba la capacidad del pa\u00eds para elevarse en el escenario internacional y comprometerse verdaderamente con la excelencia educativa.<br \/>\nA medida que Bolivia enfrenta los desaf\u00edos en su sistema educativo, es crucial mirar hacia adelante con una perspectiva que trascienda las fronteras pol\u00edticas. La calidad de la educaci\u00f3n no puede ser un campo de batalla ideol\u00f3gico, sino un terreno f\u00e9rtil donde sean siembradas las semillas del conocimiento.<br \/>\nLa participaci\u00f3n de la sociedad civil, expertos educativos y la comunidad internacional puede ser clave para garantizar que las reformas necesarias se realicen de manera transparente y efectiva. La educaci\u00f3n debe convertirse en un espacio donde todos los bolivianos se sientan parte de una empresa com\u00fan: el desarrollo de las futuras generaciones.<br \/>\nLa superaci\u00f3n de la realidad educativa en Bolivia no solo depender\u00e1 de decisiones gubernamentales, sino tambi\u00e9n del compromiso y la colaboraci\u00f3n de todos los sectores de la sociedad. Al abordar las deficiencias actuales con soluciones pragm\u00e1ticas y apol\u00edticas, podemos allanar el camino hacia un sistema educativo m\u00e1s robusto y equitativo para el beneficio de todos los bolivianos.<\/p>\n","protected":false},"excerpt":{"rendered":"<p>Bolivia, a m\u00e1s de una d\u00e9cada de la nueva ley educativa, se encuentra atrapada en un sistema marcado por la ineficiencia y obst\u00e1culos que amenazan con socavar sus aspiraciones cient\u00edficas. En el intento de llevar la igualdad a las aulas, el sistema educativo boliviano ha enfrentado cr\u00edticas constantes por su incapacidad para garantizar una educaci\u00f3n [&hellip;]<\/p>\n","protected":false},"author":1,"featured_media":194790,"comment_status":"open","ping_status":"open","sticky":false,"template":"","format":"standard","meta":{"_acf_changed":false,"footnotes":""},"categories":[9],"tags":[],"class_list":["post-200846","post","type-post","status-publish","format-standard","has-post-thumbnail","category-opinion"],"acf":{"antetitulo":""},"yoast_head":"<!-- This site is optimized with the Yoast SEO plugin v28.3 - https:\/\/yoast.com\/product\/yoast-seo-wordpress\/ -->\n<title>Desaf\u00edos que Bolivia enfrenta en su sistema educativo - El Diario - Bolivia<\/title>\n<meta name=\"robots\" content=\"index, follow, max-snippet:-1, max-image-preview:large, max-video-preview:-1\" \/>\n<link rel=\"canonical\" href=\"https:\/\/www.eldiario.net\/portal\/2024\/02\/02\/desafios-que-bolivia-enfrenta-en-su-sistema-educativo\/\" \/>\n<meta property=\"og:locale\" content=\"es_ES\" \/>\n<meta property=\"og:type\" content=\"article\" \/>\n<meta property=\"og:title\" content=\"Desaf\u00edos que Bolivia enfrenta en su sistema educativo - El Diario - Bolivia\" \/>\n<meta property=\"og:description\" content=\"Bolivia, a m\u00e1s de una d\u00e9cada de la nueva ley educativa, se encuentra atrapada en un sistema marcado por la ineficiencia y obst\u00e1culos que amenazan con socavar sus aspiraciones cient\u00edficas. En el intento de llevar la igualdad a las aulas, el sistema educativo boliviano ha enfrentado cr\u00edticas constantes por su incapacidad para garantizar una educaci\u00f3n [&hellip;]\" \/>\n<meta property=\"og:url\" content=\"https:\/\/www.eldiario.net\/portal\/2024\/02\/02\/desafios-que-bolivia-enfrenta-en-su-sistema-educativo\/\" \/>\n<meta property=\"og:site_name\" content=\"El Diario - Bolivia\" \/>\n<meta property=\"article:publisher\" content=\"https:\/\/www.facebook.com\/eldiario.bolivia\/\" \/>\n<meta property=\"article:published_time\" content=\"2024-02-02T10:47:03+00:00\" \/>\n<meta property=\"og:image\" content=\"https:\/\/www.eldiario.net\/portal\/wp-content\/uploads\/2023\/12\/Opinion.jpg\" \/>\n\t<meta property=\"og:image:width\" content=\"800\" \/>\n\t<meta property=\"og:image:height\" content=\"500\" \/>\n\t<meta property=\"og:image:type\" content=\"image\/jpeg\" \/>\n<meta name=\"author\" content=\"Jeanette\" \/>\n<meta name=\"twitter:card\" content=\"summary_large_image\" \/>\n<meta name=\"twitter:creator\" content=\"@eldiario_net\" \/>\n<meta name=\"twitter:site\" content=\"@eldiario_net\" \/>\n<meta name=\"twitter:label1\" content=\"Escrito por\" \/>\n\t<meta name=\"twitter:data1\" content=\"Jeanette\" \/>\n\t<meta name=\"twitter:label2\" content=\"Tiempo de lectura\" \/>\n\t<meta name=\"twitter:data2\" content=\"3 minutos\" \/>\n<script type=\"application\/ld+json\" class=\"yoast-schema-graph\">{\"@context\":\"https:\\\/\\\/schema.org\",\"@graph\":[{\"@type\":\"Article\",\"@id\":\"https:\\\/\\\/www.eldiario.net\\\/portal\\\/2024\\\/02\\\/02\\\/desafios-que-bolivia-enfrenta-en-su-sistema-educativo\\\/#article\",\"isPartOf\":{\"@id\":\"https:\\\/\\\/www.eldiario.net\\\/portal\\\/2024\\\/02\\\/02\\\/desafios-que-bolivia-enfrenta-en-su-sistema-educativo\\\/\"},\"author\":{\"name\":\"Jeanette\",\"@id\":\"https:\\\/\\\/www.eldiario.net\\\/portal\\\/#\\\/schema\\\/person\\\/f46445640444750d7d753ccd04ae01b7\"},\"headline\":\"Desaf\u00edos que Bolivia enfrenta en su sistema educativo\",\"datePublished\":\"2024-02-02T10:47:03+00:00\",\"mainEntityOfPage\":{\"@id\":\"https:\\\/\\\/www.eldiario.net\\\/portal\\\/2024\\\/02\\\/02\\\/desafios-que-bolivia-enfrenta-en-su-sistema-educativo\\\/\"},\"wordCount\":484,\"commentCount\":0,\"publisher\":{\"@id\":\"https:\\\/\\\/www.eldiario.net\\\/portal\\\/#organization\"},\"image\":{\"@id\":\"https:\\\/\\\/www.eldiario.net\\\/portal\\\/2024\\\/02\\\/02\\\/desafios-que-bolivia-enfrenta-en-su-sistema-educativo\\\/#primaryimage\"},\"thumbnailUrl\":\"https:\\\/\\\/www.eldiario.net\\\/portal\\\/wp-content\\\/uploads\\\/2023\\\/12\\\/Opinion.jpg\",\"articleSection\":[\"Opini\u00f3n\"],\"inLanguage\":\"es\",\"potentialAction\":[{\"@type\":\"CommentAction\",\"name\":\"Comment\",\"target\":[\"https:\\\/\\\/www.eldiario.net\\\/portal\\\/2024\\\/02\\\/02\\\/desafios-que-bolivia-enfrenta-en-su-sistema-educativo\\\/#respond\"]}]},{\"@type\":\"WebPage\",\"@id\":\"https:\\\/\\\/www.eldiario.net\\\/portal\\\/2024\\\/02\\\/02\\\/desafios-que-bolivia-enfrenta-en-su-sistema-educativo\\\/\",\"url\":\"https:\\\/\\\/www.eldiario.net\\\/portal\\\/2024\\\/02\\\/02\\\/desafios-que-bolivia-enfrenta-en-su-sistema-educativo\\\/\",\"name\":\"Desaf\u00edos que Bolivia enfrenta en su sistema educativo - El Diario - Bolivia\",\"isPartOf\":{\"@id\":\"https:\\\/\\\/www.eldiario.net\\\/portal\\\/#website\"},\"primaryImageOfPage\":{\"@id\":\"https:\\\/\\\/www.eldiario.net\\\/portal\\\/2024\\\/02\\\/02\\\/desafios-que-bolivia-enfrenta-en-su-sistema-educativo\\\/#primaryimage\"},\"image\":{\"@id\":\"https:\\\/\\\/www.eldiario.net\\\/portal\\\/2024\\\/02\\\/02\\\/desafios-que-bolivia-enfrenta-en-su-sistema-educativo\\\/#primaryimage\"},\"thumbnailUrl\":\"https:\\\/\\\/www.eldiario.net\\\/portal\\\/wp-content\\\/uploads\\\/2023\\\/12\\\/Opinion.jpg\",\"datePublished\":\"2024-02-02T10:47:03+00:00\",\"breadcrumb\":{\"@id\":\"https:\\\/\\\/www.eldiario.net\\\/portal\\\/2024\\\/02\\\/02\\\/desafios-que-bolivia-enfrenta-en-su-sistema-educativo\\\/#breadcrumb\"},\"inLanguage\":\"es\",\"potentialAction\":[{\"@type\":\"ReadAction\",\"target\":[\"https:\\\/\\\/www.eldiario.net\\\/portal\\\/2024\\\/02\\\/02\\\/desafios-que-bolivia-enfrenta-en-su-sistema-educativo\\\/\"]}]},{\"@type\":\"ImageObject\",\"inLanguage\":\"es\",\"@id\":\"https:\\\/\\\/www.eldiario.net\\\/portal\\\/2024\\\/02\\\/02\\\/desafios-que-bolivia-enfrenta-en-su-sistema-educativo\\\/#primaryimage\",\"url\":\"https:\\\/\\\/www.eldiario.net\\\/portal\\\/wp-content\\\/uploads\\\/2023\\\/12\\\/Opinion.jpg\",\"contentUrl\":\"https:\\\/\\\/www.eldiario.net\\\/portal\\\/wp-content\\\/uploads\\\/2023\\\/12\\\/Opinion.jpg\",\"width\":800,\"height\":500},{\"@type\":\"BreadcrumbList\",\"@id\":\"https:\\\/\\\/www.eldiario.net\\\/portal\\\/2024\\\/02\\\/02\\\/desafios-que-bolivia-enfrenta-en-su-sistema-educativo\\\/#breadcrumb\",\"itemListElement\":[{\"@type\":\"ListItem\",\"position\":1,\"name\":\"Portada\",\"item\":\"https:\\\/\\\/www.eldiario.net\\\/portal\\\/\"},{\"@type\":\"ListItem\",\"position\":2,\"name\":\"Desaf\u00edos que Bolivia enfrenta en su sistema educativo\"}]},{\"@type\":\"WebSite\",\"@id\":\"https:\\\/\\\/www.eldiario.net\\\/portal\\\/#website\",\"url\":\"https:\\\/\\\/www.eldiario.net\\\/portal\\\/\",\"name\":\"El Diario - Decano de la prensa nacional\",\"description\":\"El Diario - Decano de la prensa nacional\",\"publisher\":{\"@id\":\"https:\\\/\\\/www.eldiario.net\\\/portal\\\/#organization\"},\"potentialAction\":[{\"@type\":\"SearchAction\",\"target\":{\"@type\":\"EntryPoint\",\"urlTemplate\":\"https:\\\/\\\/www.eldiario.net\\\/portal\\\/?s={search_term_string}\"},\"query-input\":{\"@type\":\"PropertyValueSpecification\",\"valueRequired\":true,\"valueName\":\"search_term_string\"}}],\"inLanguage\":\"es\"},{\"@type\":\"Organization\",\"@id\":\"https:\\\/\\\/www.eldiario.net\\\/portal\\\/#organization\",\"name\":\"El Diario - Decano de la prensa nacional\",\"url\":\"https:\\\/\\\/www.eldiario.net\\\/portal\\\/\",\"logo\":{\"@type\":\"ImageObject\",\"inLanguage\":\"es\",\"@id\":\"https:\\\/\\\/www.eldiario.net\\\/portal\\\/#\\\/schema\\\/logo\\\/image\\\/\",\"url\":\"https:\\\/\\\/www.eldiario.net\\\/portal\\\/wp-content\\\/uploads\\\/2023\\\/07\\\/logo_ED.jpg\",\"contentUrl\":\"https:\\\/\\\/www.eldiario.net\\\/portal\\\/wp-content\\\/uploads\\\/2023\\\/07\\\/logo_ED.jpg\",\"width\":272,\"height\":52,\"caption\":\"El Diario - Decano de la prensa nacional\"},\"image\":{\"@id\":\"https:\\\/\\\/www.eldiario.net\\\/portal\\\/#\\\/schema\\\/logo\\\/image\\\/\"},\"sameAs\":[\"https:\\\/\\\/www.facebook.com\\\/eldiario.bolivia\\\/\",\"https:\\\/\\\/x.com\\\/eldiario_net\"]},{\"@type\":\"Person\",\"@id\":\"https:\\\/\\\/www.eldiario.net\\\/portal\\\/#\\\/schema\\\/person\\\/f46445640444750d7d753ccd04ae01b7\",\"name\":\"Jeanette\",\"image\":{\"@type\":\"ImageObject\",\"inLanguage\":\"es\",\"@id\":\"https:\\\/\\\/secure.gravatar.com\\\/avatar\\\/3ea2118a5f7dad2b7138b1187a6b7ee55f160b9968b66013c3a3ef39dd7e5798?s=96&d=mm&r=g\",\"url\":\"https:\\\/\\\/secure.gravatar.com\\\/avatar\\\/3ea2118a5f7dad2b7138b1187a6b7ee55f160b9968b66013c3a3ef39dd7e5798?s=96&d=mm&r=g\",\"contentUrl\":\"https:\\\/\\\/secure.gravatar.com\\\/avatar\\\/3ea2118a5f7dad2b7138b1187a6b7ee55f160b9968b66013c3a3ef39dd7e5798?s=96&d=mm&r=g\",\"caption\":\"Jeanette\"},\"sameAs\":[\"https:\\\/\\\/www.eldiario.net\\\/portal\"],\"url\":\"https:\\\/\\\/www.eldiario.net\\\/portal\\\/author\\\/jeanette\\\/\"}]}<\/script>\n<!-- \/ Yoast SEO plugin. -->","yoast_head_json":{"title":"Desaf\u00edos que Bolivia enfrenta en su sistema educativo - El Diario - Bolivia","robots":{"index":"index","follow":"follow","max-snippet":"max-snippet:-1","max-image-preview":"max-image-preview:large","max-video-preview":"max-video-preview:-1"},"canonical":"https:\/\/www.eldiario.net\/portal\/2024\/02\/02\/desafios-que-bolivia-enfrenta-en-su-sistema-educativo\/","og_locale":"es_ES","og_type":"article","og_title":"Desaf\u00edos que Bolivia enfrenta en su sistema educativo - El Diario - Bolivia","og_description":"Bolivia, a m\u00e1s de una d\u00e9cada de la nueva ley educativa, se encuentra atrapada en un sistema marcado por la ineficiencia y obst\u00e1culos que amenazan con socavar sus aspiraciones cient\u00edficas. En el intento de llevar la igualdad a las aulas, el sistema educativo boliviano ha enfrentado cr\u00edticas constantes por su incapacidad para garantizar una educaci\u00f3n [&hellip;]","og_url":"https:\/\/www.eldiario.net\/portal\/2024\/02\/02\/desafios-que-bolivia-enfrenta-en-su-sistema-educativo\/","og_site_name":"El Diario - Bolivia","article_publisher":"https:\/\/www.facebook.com\/eldiario.bolivia\/","article_published_time":"2024-02-02T10:47:03+00:00","og_image":[{"width":800,"height":500,"url":"https:\/\/www.eldiario.net\/portal\/wp-content\/uploads\/2023\/12\/Opinion.jpg","type":"image\/jpeg"}],"author":"Jeanette","twitter_card":"summary_large_image","twitter_creator":"@eldiario_net","twitter_site":"@eldiario_net","twitter_misc":{"Escrito por":"Jeanette","Tiempo de lectura":"3 minutos"},"schema":{"@context":"https:\/\/schema.org","@graph":[{"@type":"Article","@id":"https:\/\/www.eldiario.net\/portal\/2024\/02\/02\/desafios-que-bolivia-enfrenta-en-su-sistema-educativo\/#article","isPartOf":{"@id":"https:\/\/www.eldiario.net\/portal\/2024\/02\/02\/desafios-que-bolivia-enfrenta-en-su-sistema-educativo\/"},"author":{"name":"Jeanette","@id":"https:\/\/www.eldiario.net\/portal\/#\/schema\/person\/f46445640444750d7d753ccd04ae01b7"},"headline":"Desaf\u00edos que Bolivia enfrenta en su sistema educativo","datePublished":"2024-02-02T10:47:03+00:00","mainEntityOfPage":{"@id":"https:\/\/www.eldiario.net\/portal\/2024\/02\/02\/desafios-que-bolivia-enfrenta-en-su-sistema-educativo\/"},"wordCount":484,"commentCount":0,"publisher":{"@id":"https:\/\/www.eldiario.net\/portal\/#organization"},"image":{"@id":"https:\/\/www.eldiario.net\/portal\/2024\/02\/02\/desafios-que-bolivia-enfrenta-en-su-sistema-educativo\/#primaryimage"},"thumbnailUrl":"https:\/\/www.eldiario.net\/portal\/wp-content\/uploads\/2023\/12\/Opinion.jpg","articleSection":["Opini\u00f3n"],"inLanguage":"es","potentialAction":[{"@type":"CommentAction","name":"Comment","target":["https:\/\/www.eldiario.net\/portal\/2024\/02\/02\/desafios-que-bolivia-enfrenta-en-su-sistema-educativo\/#respond"]}]},{"@type":"WebPage","@id":"https:\/\/www.eldiario.net\/portal\/2024\/02\/02\/desafios-que-bolivia-enfrenta-en-su-sistema-educativo\/","url":"https:\/\/www.eldiario.net\/portal\/2024\/02\/02\/desafios-que-bolivia-enfrenta-en-su-sistema-educativo\/","name":"Desaf\u00edos que Bolivia enfrenta en su sistema educativo - El Diario - Bolivia","isPartOf":{"@id":"https:\/\/www.eldiario.net\/portal\/#website"},"primaryImageOfPage":{"@id":"https:\/\/www.eldiario.net\/portal\/2024\/02\/02\/desafios-que-bolivia-enfrenta-en-su-sistema-educativo\/#primaryimage"},"image":{"@id":"https:\/\/www.eldiario.net\/portal\/2024\/02\/02\/desafios-que-bolivia-enfrenta-en-su-sistema-educativo\/#primaryimage"},"thumbnailUrl":"https:\/\/www.eldiario.net\/portal\/wp-content\/uploads\/2023\/12\/Opinion.jpg","datePublished":"2024-02-02T10:47:03+00:00","breadcrumb":{"@id":"https:\/\/www.eldiario.net\/portal\/2024\/02\/02\/desafios-que-bolivia-enfrenta-en-su-sistema-educativo\/#breadcrumb"},"inLanguage":"es","potentialAction":[{"@type":"ReadAction","target":["https:\/\/www.eldiario.net\/portal\/2024\/02\/02\/desafios-que-bolivia-enfrenta-en-su-sistema-educativo\/"]}]},{"@type":"ImageObject","inLanguage":"es","@id":"https:\/\/www.eldiario.net\/portal\/2024\/02\/02\/desafios-que-bolivia-enfrenta-en-su-sistema-educativo\/#primaryimage","url":"https:\/\/www.eldiario.net\/portal\/wp-content\/uploads\/2023\/12\/Opinion.jpg","contentUrl":"https:\/\/www.eldiario.net\/portal\/wp-content\/uploads\/2023\/12\/Opinion.jpg","width":800,"height":500},{"@type":"BreadcrumbList","@id":"https:\/\/www.eldiario.net\/portal\/2024\/02\/02\/desafios-que-bolivia-enfrenta-en-su-sistema-educativo\/#breadcrumb","itemListElement":[{"@type":"ListItem","position":1,"name":"Portada","item":"https:\/\/www.eldiario.net\/portal\/"},{"@type":"ListItem","position":2,"name":"Desaf\u00edos que Bolivia enfrenta en su sistema educativo"}]},{"@type":"WebSite","@id":"https:\/\/www.eldiario.net\/portal\/#website","url":"https:\/\/www.eldiario.net\/portal\/","name":"El Diario - Decano de la prensa nacional","description":"El Diario - Decano de la prensa nacional","publisher":{"@id":"https:\/\/www.eldiario.net\/portal\/#organization"},"potentialAction":[{"@type":"SearchAction","target":{"@type":"EntryPoint","urlTemplate":"https:\/\/www.eldiario.net\/portal\/?s={search_term_string}"},"query-input":{"@type":"PropertyValueSpecification","valueRequired":true,"valueName":"search_term_string"}}],"inLanguage":"es"},{"@type":"Organization","@id":"https:\/\/www.eldiario.net\/portal\/#organization","name":"El Diario - Decano de la prensa nacional","url":"https:\/\/www.eldiario.net\/portal\/","logo":{"@type":"ImageObject","inLanguage":"es","@id":"https:\/\/www.eldiario.net\/portal\/#\/schema\/logo\/image\/","url":"https:\/\/www.eldiario.net\/portal\/wp-content\/uploads\/2023\/07\/logo_ED.jpg","contentUrl":"https:\/\/www.eldiario.net\/portal\/wp-content\/uploads\/2023\/07\/logo_ED.jpg","width":272,"height":52,"caption":"El Diario - Decano de la prensa nacional"},"image":{"@id":"https:\/\/www.eldiario.net\/portal\/#\/schema\/logo\/image\/"},"sameAs":["https:\/\/www.facebook.com\/eldiario.bolivia\/","https:\/\/x.com\/eldiario_net"]},{"@type":"Person","@id":"https:\/\/www.eldiario.net\/portal\/#\/schema\/person\/f46445640444750d7d753ccd04ae01b7","name":"Jeanette","image":{"@type":"ImageObject","inLanguage":"es","@id":"https:\/\/secure.gravatar.com\/avatar\/3ea2118a5f7dad2b7138b1187a6b7ee55f160b9968b66013c3a3ef39dd7e5798?s=96&d=mm&r=g","url":"https:\/\/secure.gravatar.com\/avatar\/3ea2118a5f7dad2b7138b1187a6b7ee55f160b9968b66013c3a3ef39dd7e5798?s=96&d=mm&r=g","contentUrl":"https:\/\/secure.gravatar.com\/avatar\/3ea2118a5f7dad2b7138b1187a6b7ee55f160b9968b66013c3a3ef39dd7e5798?s=96&d=mm&r=g","caption":"Jeanette"},"sameAs":["https:\/\/www.eldiario.net\/portal"],"url":"https:\/\/www.eldiario.net\/portal\/author\/jeanette\/"}]}},"_links":{"self":[{"href":"https:\/\/www.eldiario.net\/portal\/wp-json\/wp\/v2\/posts\/200846","targetHints":{"allow":["GET"]}}],"collection":[{"href":"https:\/\/www.eldiario.net\/portal\/wp-json\/wp\/v2\/posts"}],"about":[{"href":"https:\/\/www.eldiario.net\/portal\/wp-json\/wp\/v2\/types\/post"}],"author":[{"embeddable":true,"href":"https:\/\/www.eldiario.net\/portal\/wp-json\/wp\/v2\/users\/1"}],"replies":[{"embeddable":true,"href":"https:\/\/www.eldiario.net\/portal\/wp-json\/wp\/v2\/comments?post=200846"}],"version-history":[{"count":1,"href":"https:\/\/www.eldiario.net\/portal\/wp-json\/wp\/v2\/posts\/200846\/revisions"}],"predecessor-version":[{"id":200847,"href":"https:\/\/www.eldiario.net\/portal\/wp-json\/wp\/v2\/posts\/200846\/revisions\/200847"}],"wp:featuredmedia":[{"embeddable":true,"href":"https:\/\/www.eldiario.net\/portal\/wp-json\/wp\/v2\/media\/194790"}],"wp:attachment":[{"href":"https:\/\/www.eldiario.net\/portal\/wp-json\/wp\/v2\/media?parent=200846"}],"wp:term":[{"taxonomy":"category","embeddable":true,"href":"https:\/\/www.eldiario.net\/portal\/wp-json\/wp\/v2\/categories?post=200846"},{"taxonomy":"post_tag","embeddable":true,"href":"https:\/\/www.eldiario.net\/portal\/wp-json\/wp\/v2\/tags?post=200846"}],"curies":[{"name":"wp","href":"https:\/\/api.w.org\/{rel}","templated":true}]}}