{"id":200844,"date":"2024-02-02T06:46:25","date_gmt":"2024-02-02T10:46:25","guid":{"rendered":"https:\/\/www.eldiario.net\/portal\/?p=200844"},"modified":"2024-02-02T06:46:25","modified_gmt":"2024-02-02T10:46:25","slug":"las-mentiras-del-comunismo","status":"publish","type":"post","link":"https:\/\/www.eldiario.net\/portal\/2024\/02\/02\/las-mentiras-del-comunismo\/","title":{"rendered":"Las mentiras del comunismo"},"content":{"rendered":"<p>Los jerarcas sovi\u00e9ticos sosten\u00edan que el \u201ccomunismo, entroniza en la tierra la paz, el trabajo, la libertad, la igualdad, la fraternidad y la dicha para todos los pueblos\u201d, en la Sesi\u00f3n Plenaria del Comit\u00e9 Central, del 21 de junio de 1963.<br \/>\nVeamos. Los corifeos de ese sector, ahora bolivarianos, populistas o pros\u00e9litos del socialismo del Siglo XXI, han desvirtuado aquellos enunciados, con hechos como el quebrantamiento de la paz, la vulneraci\u00f3n de la libertad y destrucci\u00f3n de la dicha. Ratificaron, con tales actitudes, que todo aquello fue demagogia. Que solo se habr\u00eda tratado de una propaganda para atraer a incautos. El prop\u00f3sito fue propagar los objetivos partidarios, a fin de ideologizar a gente joven y adulta.<br \/>\nEn consecuencia, aquellos asumieron, en nuestro medio, medidas pol\u00edticas dirigidas a violentar la paz social, en desmedro de la tranquilidad, del entendimiento y bienestar. El bloqueo de caminos, por ejemplo, iniciado por \u201cradicales\u201d, no contribuye a preservar la paz social, sino que genera caos. Al mismo tiempo, \u201cp\u00e9rdidas de 1,5 millones de d\u00f3lares por d\u00eda en el sector avicultor\u201d, denunci\u00f3 el presidente de la Asociaci\u00f3n Nacional de Avicultores de Bolivia (ANAB), Omar Castro (1). Como tambi\u00e9n \u201cm\u00e1s de un mill\u00f3n de d\u00f3lares diarios\u201d, en la comercializaci\u00f3n de urea, seg\u00fan la gerente de Productos Derivados e industrializaci\u00f3n de Yacimientos Petrol\u00edferos Fiscales Bolivianos (YPFB), Gabriela Delgadillo (2). En la decisi\u00f3n de bloquear solo se observa la angurria por el Poder.<br \/>\nLos bellos enunciados solo eran cortinas de distracci\u00f3n. Que encubr\u00edan las verdaderas intenciones, de imponer gobiernos de car\u00e1cter dictatorial. En ese marco la libertad fue cercenada, en gobiernos afines al socialismo, para controlar a quienes pensaban diferente. Y se ha encarcelado a ex dignatarios de Estado, ex gobernadores, candidatos a la presidencia, l\u00edderes pol\u00edticos, sindicales, c\u00edvicos y sacerdotes, con argumentos infundados. Recientemente se produjo la detenci\u00f3n de los jefes regionales, del partido opositor de Mar\u00eda Corina Machado, en Venezuela. Los detenidos, Luis Camacaro y Juan Freites, \u201cfueron presentados ante un tribunal sin permitir la presencia de sus abogados privados ni el contacto con sus familiares. Las audiencias, que prosiguieron, se llevaron a cabo con defensores p\u00fablicos impuestos (3). \u00bfDe qu\u00e9 libertad se podr\u00eda hablar, en un sistema socialista?<br \/>\nC\u00f3mo podr\u00edamos afirmar que existe dicha, cuando hay gente que huye del socialismo, en busca de mejores oportunidades. Cuando hambre, miseria y enfermedades pretenden destruir a vastos sectores. Y cuando algunos que se creen \u201cenviados\u201d hacen ostentaci\u00f3n de su fortuna, amasada bajo el Poder omn\u00edmodo. \u00bfEsa es igualdad social?<br \/>\nEn suma: he ah\u00ed la verdad sobre bolivarianos, populistas y activistas del socialismo del Siglo XXI.<\/p>\n<p>NOTAS<br \/>\n(1) \u201cBloqueos generan p\u00e9rdidas de $us 1,5 millones d\u00eda a avicultores\u201d. EL DIARIO, 27\/1\/2024.<br \/>\n(2) \u201cBloqueos perjudican comercializaci\u00f3n de urea\u201d. EL DIARIO, 28\/1\/2024.<br \/>\n(3) \u201cJefes de campa\u00f1a de Vente Venezuela detenidos por el r\u00e9gimen de Maduro\u201d. EL DIARIO, 27\/1\/2024.<\/p>\n","protected":false},"excerpt":{"rendered":"<p>Los jerarcas sovi\u00e9ticos sosten\u00edan que el \u201ccomunismo, entroniza en la tierra la paz, el trabajo, la libertad, la igualdad, la fraternidad y la dicha para todos los pueblos\u201d, en la Sesi\u00f3n Plenaria del Comit\u00e9 Central, del 21 de junio de 1963. Veamos. Los corifeos de ese sector, ahora bolivarianos, populistas o pros\u00e9litos del socialismo del [&hellip;]<\/p>\n","protected":false},"author":1,"featured_media":158618,"comment_status":"open","ping_status":"open","sticky":false,"template":"","format":"standard","meta":{"_acf_changed":false,"footnotes":""},"categories":[9],"tags":[],"class_list":["post-200844","post","type-post","status-publish","format-standard","has-post-thumbnail","category-opinion"],"acf":{"antetitulo":""},"yoast_head":"<!-- This site is optimized with the Yoast SEO plugin v28.3 - https:\/\/yoast.com\/product\/yoast-seo-wordpress\/ -->\n<title>Las mentiras del comunismo - El Diario - Bolivia<\/title>\n<meta name=\"robots\" content=\"index, follow, max-snippet:-1, max-image-preview:large, max-video-preview:-1\" \/>\n<link rel=\"canonical\" href=\"https:\/\/www.eldiario.net\/portal\/2024\/02\/02\/las-mentiras-del-comunismo\/\" \/>\n<meta property=\"og:locale\" content=\"es_ES\" \/>\n<meta property=\"og:type\" content=\"article\" \/>\n<meta property=\"og:title\" content=\"Las mentiras del comunismo - El Diario - Bolivia\" \/>\n<meta property=\"og:description\" content=\"Los jerarcas sovi\u00e9ticos sosten\u00edan que el \u201ccomunismo, entroniza en la tierra la paz, el trabajo, la libertad, la igualdad, la fraternidad y la dicha para todos los pueblos\u201d, en la Sesi\u00f3n Plenaria del Comit\u00e9 Central, del 21 de junio de 1963. Veamos. Los corifeos de ese sector, ahora bolivarianos, populistas o pros\u00e9litos del socialismo del [&hellip;]\" \/>\n<meta property=\"og:url\" content=\"https:\/\/www.eldiario.net\/portal\/2024\/02\/02\/las-mentiras-del-comunismo\/\" \/>\n<meta property=\"og:site_name\" content=\"El Diario - Bolivia\" \/>\n<meta property=\"article:publisher\" content=\"https:\/\/www.facebook.com\/eldiario.bolivia\/\" \/>\n<meta property=\"article:published_time\" content=\"2024-02-02T10:46:25+00:00\" \/>\n<meta property=\"og:image\" content=\"https:\/\/www.eldiario.net\/portal\/wp-content\/uploads\/2023\/06\/Severo-Cruz-1.jpg\" \/>\n\t<meta property=\"og:image:width\" content=\"1200\" \/>\n\t<meta property=\"og:image:height\" content=\"628\" \/>\n\t<meta property=\"og:image:type\" content=\"image\/jpeg\" \/>\n<meta name=\"author\" content=\"Jeanette\" \/>\n<meta name=\"twitter:card\" content=\"summary_large_image\" \/>\n<meta name=\"twitter:creator\" content=\"@eldiario_net\" \/>\n<meta name=\"twitter:site\" content=\"@eldiario_net\" \/>\n<meta name=\"twitter:label1\" content=\"Escrito por\" \/>\n\t<meta name=\"twitter:data1\" content=\"Jeanette\" \/>\n\t<meta name=\"twitter:label2\" content=\"Tiempo de lectura\" \/>\n\t<meta name=\"twitter:data2\" content=\"3 minutos\" \/>\n<script type=\"application\/ld+json\" class=\"yoast-schema-graph\">{\"@context\":\"https:\\\/\\\/schema.org\",\"@graph\":[{\"@type\":\"Article\",\"@id\":\"https:\\\/\\\/www.eldiario.net\\\/portal\\\/2024\\\/02\\\/02\\\/las-mentiras-del-comunismo\\\/#article\",\"isPartOf\":{\"@id\":\"https:\\\/\\\/www.eldiario.net\\\/portal\\\/2024\\\/02\\\/02\\\/las-mentiras-del-comunismo\\\/\"},\"author\":{\"name\":\"Jeanette\",\"@id\":\"https:\\\/\\\/www.eldiario.net\\\/portal\\\/#\\\/schema\\\/person\\\/f46445640444750d7d753ccd04ae01b7\"},\"headline\":\"Las mentiras del comunismo\",\"datePublished\":\"2024-02-02T10:46:25+00:00\",\"mainEntityOfPage\":{\"@id\":\"https:\\\/\\\/www.eldiario.net\\\/portal\\\/2024\\\/02\\\/02\\\/las-mentiras-del-comunismo\\\/\"},\"wordCount\":499,\"commentCount\":0,\"publisher\":{\"@id\":\"https:\\\/\\\/www.eldiario.net\\\/portal\\\/#organization\"},\"image\":{\"@id\":\"https:\\\/\\\/www.eldiario.net\\\/portal\\\/2024\\\/02\\\/02\\\/las-mentiras-del-comunismo\\\/#primaryimage\"},\"thumbnailUrl\":\"https:\\\/\\\/www.eldiario.net\\\/portal\\\/wp-content\\\/uploads\\\/2023\\\/06\\\/Severo-Cruz-1.jpg\",\"articleSection\":[\"Opini\u00f3n\"],\"inLanguage\":\"es\",\"potentialAction\":[{\"@type\":\"CommentAction\",\"name\":\"Comment\",\"target\":[\"https:\\\/\\\/www.eldiario.net\\\/portal\\\/2024\\\/02\\\/02\\\/las-mentiras-del-comunismo\\\/#respond\"]}]},{\"@type\":\"WebPage\",\"@id\":\"https:\\\/\\\/www.eldiario.net\\\/portal\\\/2024\\\/02\\\/02\\\/las-mentiras-del-comunismo\\\/\",\"url\":\"https:\\\/\\\/www.eldiario.net\\\/portal\\\/2024\\\/02\\\/02\\\/las-mentiras-del-comunismo\\\/\",\"name\":\"Las mentiras del comunismo - El Diario - Bolivia\",\"isPartOf\":{\"@id\":\"https:\\\/\\\/www.eldiario.net\\\/portal\\\/#website\"},\"primaryImageOfPage\":{\"@id\":\"https:\\\/\\\/www.eldiario.net\\\/portal\\\/2024\\\/02\\\/02\\\/las-mentiras-del-comunismo\\\/#primaryimage\"},\"image\":{\"@id\":\"https:\\\/\\\/www.eldiario.net\\\/portal\\\/2024\\\/02\\\/02\\\/las-mentiras-del-comunismo\\\/#primaryimage\"},\"thumbnailUrl\":\"https:\\\/\\\/www.eldiario.net\\\/portal\\\/wp-content\\\/uploads\\\/2023\\\/06\\\/Severo-Cruz-1.jpg\",\"datePublished\":\"2024-02-02T10:46:25+00:00\",\"breadcrumb\":{\"@id\":\"https:\\\/\\\/www.eldiario.net\\\/portal\\\/2024\\\/02\\\/02\\\/las-mentiras-del-comunismo\\\/#breadcrumb\"},\"inLanguage\":\"es\",\"potentialAction\":[{\"@type\":\"ReadAction\",\"target\":[\"https:\\\/\\\/www.eldiario.net\\\/portal\\\/2024\\\/02\\\/02\\\/las-mentiras-del-comunismo\\\/\"]}]},{\"@type\":\"ImageObject\",\"inLanguage\":\"es\",\"@id\":\"https:\\\/\\\/www.eldiario.net\\\/portal\\\/2024\\\/02\\\/02\\\/las-mentiras-del-comunismo\\\/#primaryimage\",\"url\":\"https:\\\/\\\/www.eldiario.net\\\/portal\\\/wp-content\\\/uploads\\\/2023\\\/06\\\/Severo-Cruz-1.jpg\",\"contentUrl\":\"https:\\\/\\\/www.eldiario.net\\\/portal\\\/wp-content\\\/uploads\\\/2023\\\/06\\\/Severo-Cruz-1.jpg\",\"width\":1200,\"height\":628,\"caption\":\"Severo Cruz Selaez\"},{\"@type\":\"BreadcrumbList\",\"@id\":\"https:\\\/\\\/www.eldiario.net\\\/portal\\\/2024\\\/02\\\/02\\\/las-mentiras-del-comunismo\\\/#breadcrumb\",\"itemListElement\":[{\"@type\":\"ListItem\",\"position\":1,\"name\":\"Portada\",\"item\":\"https:\\\/\\\/www.eldiario.net\\\/portal\\\/\"},{\"@type\":\"ListItem\",\"position\":2,\"name\":\"Las mentiras del comunismo\"}]},{\"@type\":\"WebSite\",\"@id\":\"https:\\\/\\\/www.eldiario.net\\\/portal\\\/#website\",\"url\":\"https:\\\/\\\/www.eldiario.net\\\/portal\\\/\",\"name\":\"El Diario - Decano de la prensa nacional\",\"description\":\"El Diario - Decano de la prensa nacional\",\"publisher\":{\"@id\":\"https:\\\/\\\/www.eldiario.net\\\/portal\\\/#organization\"},\"potentialAction\":[{\"@type\":\"SearchAction\",\"target\":{\"@type\":\"EntryPoint\",\"urlTemplate\":\"https:\\\/\\\/www.eldiario.net\\\/portal\\\/?s={search_term_string}\"},\"query-input\":{\"@type\":\"PropertyValueSpecification\",\"valueRequired\":true,\"valueName\":\"search_term_string\"}}],\"inLanguage\":\"es\"},{\"@type\":\"Organization\",\"@id\":\"https:\\\/\\\/www.eldiario.net\\\/portal\\\/#organization\",\"name\":\"El Diario - Decano de la prensa nacional\",\"url\":\"https:\\\/\\\/www.eldiario.net\\\/portal\\\/\",\"logo\":{\"@type\":\"ImageObject\",\"inLanguage\":\"es\",\"@id\":\"https:\\\/\\\/www.eldiario.net\\\/portal\\\/#\\\/schema\\\/logo\\\/image\\\/\",\"url\":\"https:\\\/\\\/www.eldiario.net\\\/portal\\\/wp-content\\\/uploads\\\/2023\\\/07\\\/logo_ED.jpg\",\"contentUrl\":\"https:\\\/\\\/www.eldiario.net\\\/portal\\\/wp-content\\\/uploads\\\/2023\\\/07\\\/logo_ED.jpg\",\"width\":272,\"height\":52,\"caption\":\"El Diario - Decano de la prensa nacional\"},\"image\":{\"@id\":\"https:\\\/\\\/www.eldiario.net\\\/portal\\\/#\\\/schema\\\/logo\\\/image\\\/\"},\"sameAs\":[\"https:\\\/\\\/www.facebook.com\\\/eldiario.bolivia\\\/\",\"https:\\\/\\\/x.com\\\/eldiario_net\"]},{\"@type\":\"Person\",\"@id\":\"https:\\\/\\\/www.eldiario.net\\\/portal\\\/#\\\/schema\\\/person\\\/f46445640444750d7d753ccd04ae01b7\",\"name\":\"Jeanette\",\"image\":{\"@type\":\"ImageObject\",\"inLanguage\":\"es\",\"@id\":\"https:\\\/\\\/secure.gravatar.com\\\/avatar\\\/3ea2118a5f7dad2b7138b1187a6b7ee55f160b9968b66013c3a3ef39dd7e5798?s=96&d=mm&r=g\",\"url\":\"https:\\\/\\\/secure.gravatar.com\\\/avatar\\\/3ea2118a5f7dad2b7138b1187a6b7ee55f160b9968b66013c3a3ef39dd7e5798?s=96&d=mm&r=g\",\"contentUrl\":\"https:\\\/\\\/secure.gravatar.com\\\/avatar\\\/3ea2118a5f7dad2b7138b1187a6b7ee55f160b9968b66013c3a3ef39dd7e5798?s=96&d=mm&r=g\",\"caption\":\"Jeanette\"},\"sameAs\":[\"https:\\\/\\\/www.eldiario.net\\\/portal\"],\"url\":\"https:\\\/\\\/www.eldiario.net\\\/portal\\\/author\\\/jeanette\\\/\"}]}<\/script>\n<!-- \/ Yoast SEO plugin. -->","yoast_head_json":{"title":"Las mentiras del comunismo - El Diario - Bolivia","robots":{"index":"index","follow":"follow","max-snippet":"max-snippet:-1","max-image-preview":"max-image-preview:large","max-video-preview":"max-video-preview:-1"},"canonical":"https:\/\/www.eldiario.net\/portal\/2024\/02\/02\/las-mentiras-del-comunismo\/","og_locale":"es_ES","og_type":"article","og_title":"Las mentiras del comunismo - El Diario - Bolivia","og_description":"Los jerarcas sovi\u00e9ticos sosten\u00edan que el \u201ccomunismo, entroniza en la tierra la paz, el trabajo, la libertad, la igualdad, la fraternidad y la dicha para todos los pueblos\u201d, en la Sesi\u00f3n Plenaria del Comit\u00e9 Central, del 21 de junio de 1963. Veamos. Los corifeos de ese sector, ahora bolivarianos, populistas o pros\u00e9litos del socialismo del [&hellip;]","og_url":"https:\/\/www.eldiario.net\/portal\/2024\/02\/02\/las-mentiras-del-comunismo\/","og_site_name":"El Diario - Bolivia","article_publisher":"https:\/\/www.facebook.com\/eldiario.bolivia\/","article_published_time":"2024-02-02T10:46:25+00:00","og_image":[{"width":1200,"height":628,"url":"https:\/\/www.eldiario.net\/portal\/wp-content\/uploads\/2023\/06\/Severo-Cruz-1.jpg","type":"image\/jpeg"}],"author":"Jeanette","twitter_card":"summary_large_image","twitter_creator":"@eldiario_net","twitter_site":"@eldiario_net","twitter_misc":{"Escrito por":"Jeanette","Tiempo de lectura":"3 minutos"},"schema":{"@context":"https:\/\/schema.org","@graph":[{"@type":"Article","@id":"https:\/\/www.eldiario.net\/portal\/2024\/02\/02\/las-mentiras-del-comunismo\/#article","isPartOf":{"@id":"https:\/\/www.eldiario.net\/portal\/2024\/02\/02\/las-mentiras-del-comunismo\/"},"author":{"name":"Jeanette","@id":"https:\/\/www.eldiario.net\/portal\/#\/schema\/person\/f46445640444750d7d753ccd04ae01b7"},"headline":"Las mentiras del comunismo","datePublished":"2024-02-02T10:46:25+00:00","mainEntityOfPage":{"@id":"https:\/\/www.eldiario.net\/portal\/2024\/02\/02\/las-mentiras-del-comunismo\/"},"wordCount":499,"commentCount":0,"publisher":{"@id":"https:\/\/www.eldiario.net\/portal\/#organization"},"image":{"@id":"https:\/\/www.eldiario.net\/portal\/2024\/02\/02\/las-mentiras-del-comunismo\/#primaryimage"},"thumbnailUrl":"https:\/\/www.eldiario.net\/portal\/wp-content\/uploads\/2023\/06\/Severo-Cruz-1.jpg","articleSection":["Opini\u00f3n"],"inLanguage":"es","potentialAction":[{"@type":"CommentAction","name":"Comment","target":["https:\/\/www.eldiario.net\/portal\/2024\/02\/02\/las-mentiras-del-comunismo\/#respond"]}]},{"@type":"WebPage","@id":"https:\/\/www.eldiario.net\/portal\/2024\/02\/02\/las-mentiras-del-comunismo\/","url":"https:\/\/www.eldiario.net\/portal\/2024\/02\/02\/las-mentiras-del-comunismo\/","name":"Las mentiras del comunismo - El Diario - Bolivia","isPartOf":{"@id":"https:\/\/www.eldiario.net\/portal\/#website"},"primaryImageOfPage":{"@id":"https:\/\/www.eldiario.net\/portal\/2024\/02\/02\/las-mentiras-del-comunismo\/#primaryimage"},"image":{"@id":"https:\/\/www.eldiario.net\/portal\/2024\/02\/02\/las-mentiras-del-comunismo\/#primaryimage"},"thumbnailUrl":"https:\/\/www.eldiario.net\/portal\/wp-content\/uploads\/2023\/06\/Severo-Cruz-1.jpg","datePublished":"2024-02-02T10:46:25+00:00","breadcrumb":{"@id":"https:\/\/www.eldiario.net\/portal\/2024\/02\/02\/las-mentiras-del-comunismo\/#breadcrumb"},"inLanguage":"es","potentialAction":[{"@type":"ReadAction","target":["https:\/\/www.eldiario.net\/portal\/2024\/02\/02\/las-mentiras-del-comunismo\/"]}]},{"@type":"ImageObject","inLanguage":"es","@id":"https:\/\/www.eldiario.net\/portal\/2024\/02\/02\/las-mentiras-del-comunismo\/#primaryimage","url":"https:\/\/www.eldiario.net\/portal\/wp-content\/uploads\/2023\/06\/Severo-Cruz-1.jpg","contentUrl":"https:\/\/www.eldiario.net\/portal\/wp-content\/uploads\/2023\/06\/Severo-Cruz-1.jpg","width":1200,"height":628,"caption":"Severo Cruz Selaez"},{"@type":"BreadcrumbList","@id":"https:\/\/www.eldiario.net\/portal\/2024\/02\/02\/las-mentiras-del-comunismo\/#breadcrumb","itemListElement":[{"@type":"ListItem","position":1,"name":"Portada","item":"https:\/\/www.eldiario.net\/portal\/"},{"@type":"ListItem","position":2,"name":"Las mentiras del comunismo"}]},{"@type":"WebSite","@id":"https:\/\/www.eldiario.net\/portal\/#website","url":"https:\/\/www.eldiario.net\/portal\/","name":"El Diario - Decano de la prensa nacional","description":"El Diario - Decano de la prensa nacional","publisher":{"@id":"https:\/\/www.eldiario.net\/portal\/#organization"},"potentialAction":[{"@type":"SearchAction","target":{"@type":"EntryPoint","urlTemplate":"https:\/\/www.eldiario.net\/portal\/?s={search_term_string}"},"query-input":{"@type":"PropertyValueSpecification","valueRequired":true,"valueName":"search_term_string"}}],"inLanguage":"es"},{"@type":"Organization","@id":"https:\/\/www.eldiario.net\/portal\/#organization","name":"El Diario - Decano de la prensa nacional","url":"https:\/\/www.eldiario.net\/portal\/","logo":{"@type":"ImageObject","inLanguage":"es","@id":"https:\/\/www.eldiario.net\/portal\/#\/schema\/logo\/image\/","url":"https:\/\/www.eldiario.net\/portal\/wp-content\/uploads\/2023\/07\/logo_ED.jpg","contentUrl":"https:\/\/www.eldiario.net\/portal\/wp-content\/uploads\/2023\/07\/logo_ED.jpg","width":272,"height":52,"caption":"El Diario - Decano de la prensa nacional"},"image":{"@id":"https:\/\/www.eldiario.net\/portal\/#\/schema\/logo\/image\/"},"sameAs":["https:\/\/www.facebook.com\/eldiario.bolivia\/","https:\/\/x.com\/eldiario_net"]},{"@type":"Person","@id":"https:\/\/www.eldiario.net\/portal\/#\/schema\/person\/f46445640444750d7d753ccd04ae01b7","name":"Jeanette","image":{"@type":"ImageObject","inLanguage":"es","@id":"https:\/\/secure.gravatar.com\/avatar\/3ea2118a5f7dad2b7138b1187a6b7ee55f160b9968b66013c3a3ef39dd7e5798?s=96&d=mm&r=g","url":"https:\/\/secure.gravatar.com\/avatar\/3ea2118a5f7dad2b7138b1187a6b7ee55f160b9968b66013c3a3ef39dd7e5798?s=96&d=mm&r=g","contentUrl":"https:\/\/secure.gravatar.com\/avatar\/3ea2118a5f7dad2b7138b1187a6b7ee55f160b9968b66013c3a3ef39dd7e5798?s=96&d=mm&r=g","caption":"Jeanette"},"sameAs":["https:\/\/www.eldiario.net\/portal"],"url":"https:\/\/www.eldiario.net\/portal\/author\/jeanette\/"}]}},"_links":{"self":[{"href":"https:\/\/www.eldiario.net\/portal\/wp-json\/wp\/v2\/posts\/200844","targetHints":{"allow":["GET"]}}],"collection":[{"href":"https:\/\/www.eldiario.net\/portal\/wp-json\/wp\/v2\/posts"}],"about":[{"href":"https:\/\/www.eldiario.net\/portal\/wp-json\/wp\/v2\/types\/post"}],"author":[{"embeddable":true,"href":"https:\/\/www.eldiario.net\/portal\/wp-json\/wp\/v2\/users\/1"}],"replies":[{"embeddable":true,"href":"https:\/\/www.eldiario.net\/portal\/wp-json\/wp\/v2\/comments?post=200844"}],"version-history":[{"count":1,"href":"https:\/\/www.eldiario.net\/portal\/wp-json\/wp\/v2\/posts\/200844\/revisions"}],"predecessor-version":[{"id":200845,"href":"https:\/\/www.eldiario.net\/portal\/wp-json\/wp\/v2\/posts\/200844\/revisions\/200845"}],"wp:featuredmedia":[{"embeddable":true,"href":"https:\/\/www.eldiario.net\/portal\/wp-json\/wp\/v2\/media\/158618"}],"wp:attachment":[{"href":"https:\/\/www.eldiario.net\/portal\/wp-json\/wp\/v2\/media?parent=200844"}],"wp:term":[{"taxonomy":"category","embeddable":true,"href":"https:\/\/www.eldiario.net\/portal\/wp-json\/wp\/v2\/categories?post=200844"},{"taxonomy":"post_tag","embeddable":true,"href":"https:\/\/www.eldiario.net\/portal\/wp-json\/wp\/v2\/tags?post=200844"}],"curies":[{"name":"wp","href":"https:\/\/api.w.org\/{rel}","templated":true}]}}