{"id":200839,"date":"2024-02-02T06:44:33","date_gmt":"2024-02-02T10:44:33","guid":{"rendered":"https:\/\/www.eldiario.net\/portal\/?p=200839"},"modified":"2024-02-02T06:44:33","modified_gmt":"2024-02-02T10:44:33","slug":"abandono-a-campesinos-bolivianos-en-argentina","status":"publish","type":"post","link":"https:\/\/www.eldiario.net\/portal\/2024\/02\/02\/abandono-a-campesinos-bolivianos-en-argentina\/","title":{"rendered":"Abandono a campesinos  bolivianos en Argentina"},"content":{"rendered":"<p>Un problema de gran magnitud enfrenta el Estado Plurinacional boliviano con motivo de la denuncia de una economista argentina, conocida mediante un diario de Buenos Aires, en sentido de que, desde hace alrededor de veinte a\u00f1os, miles de campesinos bolivianos, en especial aymaras del altiplano, han migrado en caudalosa cantidad (y lo siguen haciendo) a ciudades del vecino pa\u00eds. Es decir, desde la frontera con La Quiaca, Salta, Tucum\u00e1n y C\u00f3rdoba, hasta llegar a Buenos aires, donde se han convertido en una poblaci\u00f3n laboriosa que podr\u00e1 tener \u201cgran importancia\u201d en el futuro argentino.<br \/>\nEn particular, un anillo de gran extensi\u00f3n, que comprende grandes zonas de Buenos Aires, como ser Mor\u00f3n, Esc\u00f3bar, Pilar y Plata, ha sido ocupado por agricultores ind\u00edgenas bolivianos que abandonaron sus tierras y se han dedicado a la producci\u00f3n de verduras, frutas y hortalizas. Ellos abastecen con alrededor del 30 por ciento de los alimentos de esa naturaleza que requiere la poblaci\u00f3n bonaerense.<br \/>\nEsos agricultores han construido grandes centros comerciales de distribuci\u00f3n de alimentos y cultivan la tierra denodadamente, gozando, en muchos casos, de la propiedad privada y de todos los derechos que concede la legislaci\u00f3n agraria. En nuestro medio, esos derechos han sido desconocidos por el Estado Plurinacional de Bolivia mediante la Constituci\u00f3n Pol\u00edtica del a\u00f1o 2009.<br \/>\nSin embargo, esa informaci\u00f3n que principalmente se\u00f1ala que alrededor de un mill\u00f3n de ind\u00edgenas ha \u201cinvadido\u201d los alrededores de grandes ciudades argentinas, revela que las condiciones de trabajo basadas en el trabajo asalariado que practican los campesinos bolivianos con sus compatriotas bolivianos, ha llegado a un alto grado de explotaci\u00f3n, que inclusive no tiene la atenci\u00f3n del Estado argentino. Adem\u00e1s, la explotaci\u00f3n laboral en el pa\u00eds vecino ha llegado al extremo de alcanzar el nivel de esclavismo, en especial en talleres textiles, que es otro de los rubros que han organizado estos pobladores bolivianos que abandonaron nuestro pa\u00eds.<br \/>\nPor otra parte, la prensa argentina reitera que all\u00ed el Estado no presta atenci\u00f3n a esa realidad que se desarrolla dentro de su propia sociedad y que tiene tanta importancia. No obstante, el nuevo gobierno del pa\u00eds vecino ha anunciado que adoptar\u00e1 algunas medidas para enfrentar este asunto, cuya causa inicial se encuentra en Bolivia. En ese sentido, lo m\u00e1s notable de esta tragedia que vive el campesinado boliviano en Argentina, es que el gobierno de nuestro pa\u00eds no presta ni la menor atenci\u00f3n al asunto mencionado y, m\u00e1s a\u00fan, es el que ha originado este estado de cosas, al no considerar en profundidad el problema de la tierra.<\/p>\n","protected":false},"excerpt":{"rendered":"<p>Un problema de gran magnitud enfrenta el Estado Plurinacional boliviano con motivo de la denuncia de una economista argentina, conocida mediante un diario de Buenos Aires, en sentido de que, desde hace alrededor de veinte a\u00f1os, miles de campesinos bolivianos, en especial aymaras del altiplano, han migrado en caudalosa cantidad (y lo siguen haciendo) a [&hellip;]<\/p>\n","protected":false},"author":1,"featured_media":194776,"comment_status":"open","ping_status":"open","sticky":false,"template":"","format":"standard","meta":{"_acf_changed":false,"footnotes":""},"categories":[4],"tags":[],"class_list":["post-200839","post","type-post","status-publish","format-standard","has-post-thumbnail","category-editorial"],"acf":{"antetitulo":""},"yoast_head":"<!-- This site is optimized with the Yoast SEO plugin v28.3 - https:\/\/yoast.com\/product\/yoast-seo-wordpress\/ -->\n<title>Abandono a campesinos bolivianos en Argentina - El Diario - Bolivia<\/title>\n<meta name=\"robots\" content=\"index, follow, max-snippet:-1, max-image-preview:large, max-video-preview:-1\" \/>\n<link rel=\"canonical\" href=\"https:\/\/www.eldiario.net\/portal\/2024\/02\/02\/abandono-a-campesinos-bolivianos-en-argentina\/\" \/>\n<meta property=\"og:locale\" content=\"es_ES\" \/>\n<meta property=\"og:type\" content=\"article\" \/>\n<meta property=\"og:title\" content=\"Abandono a campesinos bolivianos en Argentina - El Diario - Bolivia\" \/>\n<meta property=\"og:description\" content=\"Un problema de gran magnitud enfrenta el Estado Plurinacional boliviano con motivo de la denuncia de una economista argentina, conocida mediante un diario de Buenos Aires, en sentido de que, desde hace alrededor de veinte a\u00f1os, miles de campesinos bolivianos, en especial aymaras del altiplano, han migrado en caudalosa cantidad (y lo siguen haciendo) a [&hellip;]\" \/>\n<meta property=\"og:url\" content=\"https:\/\/www.eldiario.net\/portal\/2024\/02\/02\/abandono-a-campesinos-bolivianos-en-argentina\/\" \/>\n<meta property=\"og:site_name\" content=\"El Diario - Bolivia\" \/>\n<meta property=\"article:publisher\" content=\"https:\/\/www.facebook.com\/eldiario.bolivia\/\" \/>\n<meta property=\"article:published_time\" content=\"2024-02-02T10:44:33+00:00\" \/>\n<meta property=\"og:image\" content=\"https:\/\/www.eldiario.net\/portal\/wp-content\/uploads\/2023\/12\/Editorial.jpg\" \/>\n\t<meta property=\"og:image:width\" content=\"800\" \/>\n\t<meta property=\"og:image:height\" content=\"500\" \/>\n\t<meta property=\"og:image:type\" content=\"image\/jpeg\" \/>\n<meta name=\"author\" content=\"Jeanette\" \/>\n<meta name=\"twitter:card\" content=\"summary_large_image\" \/>\n<meta name=\"twitter:creator\" content=\"@eldiario_net\" \/>\n<meta name=\"twitter:site\" content=\"@eldiario_net\" \/>\n<meta name=\"twitter:label1\" content=\"Escrito por\" \/>\n\t<meta name=\"twitter:data1\" content=\"Jeanette\" \/>\n\t<meta name=\"twitter:label2\" content=\"Tiempo de lectura\" \/>\n\t<meta name=\"twitter:data2\" content=\"3 minutos\" \/>\n<script type=\"application\/ld+json\" class=\"yoast-schema-graph\">{\"@context\":\"https:\\\/\\\/schema.org\",\"@graph\":[{\"@type\":\"Article\",\"@id\":\"https:\\\/\\\/www.eldiario.net\\\/portal\\\/2024\\\/02\\\/02\\\/abandono-a-campesinos-bolivianos-en-argentina\\\/#article\",\"isPartOf\":{\"@id\":\"https:\\\/\\\/www.eldiario.net\\\/portal\\\/2024\\\/02\\\/02\\\/abandono-a-campesinos-bolivianos-en-argentina\\\/\"},\"author\":{\"name\":\"Jeanette\",\"@id\":\"https:\\\/\\\/www.eldiario.net\\\/portal\\\/#\\\/schema\\\/person\\\/f46445640444750d7d753ccd04ae01b7\"},\"headline\":\"Abandono a campesinos bolivianos en Argentina\",\"datePublished\":\"2024-02-02T10:44:33+00:00\",\"mainEntityOfPage\":{\"@id\":\"https:\\\/\\\/www.eldiario.net\\\/portal\\\/2024\\\/02\\\/02\\\/abandono-a-campesinos-bolivianos-en-argentina\\\/\"},\"wordCount\":455,\"commentCount\":0,\"publisher\":{\"@id\":\"https:\\\/\\\/www.eldiario.net\\\/portal\\\/#organization\"},\"image\":{\"@id\":\"https:\\\/\\\/www.eldiario.net\\\/portal\\\/2024\\\/02\\\/02\\\/abandono-a-campesinos-bolivianos-en-argentina\\\/#primaryimage\"},\"thumbnailUrl\":\"https:\\\/\\\/www.eldiario.net\\\/portal\\\/wp-content\\\/uploads\\\/2023\\\/12\\\/Editorial.jpg\",\"articleSection\":[\"Editorial\"],\"inLanguage\":\"es\",\"potentialAction\":[{\"@type\":\"CommentAction\",\"name\":\"Comment\",\"target\":[\"https:\\\/\\\/www.eldiario.net\\\/portal\\\/2024\\\/02\\\/02\\\/abandono-a-campesinos-bolivianos-en-argentina\\\/#respond\"]}]},{\"@type\":\"WebPage\",\"@id\":\"https:\\\/\\\/www.eldiario.net\\\/portal\\\/2024\\\/02\\\/02\\\/abandono-a-campesinos-bolivianos-en-argentina\\\/\",\"url\":\"https:\\\/\\\/www.eldiario.net\\\/portal\\\/2024\\\/02\\\/02\\\/abandono-a-campesinos-bolivianos-en-argentina\\\/\",\"name\":\"Abandono a campesinos bolivianos en Argentina - El Diario - Bolivia\",\"isPartOf\":{\"@id\":\"https:\\\/\\\/www.eldiario.net\\\/portal\\\/#website\"},\"primaryImageOfPage\":{\"@id\":\"https:\\\/\\\/www.eldiario.net\\\/portal\\\/2024\\\/02\\\/02\\\/abandono-a-campesinos-bolivianos-en-argentina\\\/#primaryimage\"},\"image\":{\"@id\":\"https:\\\/\\\/www.eldiario.net\\\/portal\\\/2024\\\/02\\\/02\\\/abandono-a-campesinos-bolivianos-en-argentina\\\/#primaryimage\"},\"thumbnailUrl\":\"https:\\\/\\\/www.eldiario.net\\\/portal\\\/wp-content\\\/uploads\\\/2023\\\/12\\\/Editorial.jpg\",\"datePublished\":\"2024-02-02T10:44:33+00:00\",\"breadcrumb\":{\"@id\":\"https:\\\/\\\/www.eldiario.net\\\/portal\\\/2024\\\/02\\\/02\\\/abandono-a-campesinos-bolivianos-en-argentina\\\/#breadcrumb\"},\"inLanguage\":\"es\",\"potentialAction\":[{\"@type\":\"ReadAction\",\"target\":[\"https:\\\/\\\/www.eldiario.net\\\/portal\\\/2024\\\/02\\\/02\\\/abandono-a-campesinos-bolivianos-en-argentina\\\/\"]}]},{\"@type\":\"ImageObject\",\"inLanguage\":\"es\",\"@id\":\"https:\\\/\\\/www.eldiario.net\\\/portal\\\/2024\\\/02\\\/02\\\/abandono-a-campesinos-bolivianos-en-argentina\\\/#primaryimage\",\"url\":\"https:\\\/\\\/www.eldiario.net\\\/portal\\\/wp-content\\\/uploads\\\/2023\\\/12\\\/Editorial.jpg\",\"contentUrl\":\"https:\\\/\\\/www.eldiario.net\\\/portal\\\/wp-content\\\/uploads\\\/2023\\\/12\\\/Editorial.jpg\",\"width\":800,\"height\":500},{\"@type\":\"BreadcrumbList\",\"@id\":\"https:\\\/\\\/www.eldiario.net\\\/portal\\\/2024\\\/02\\\/02\\\/abandono-a-campesinos-bolivianos-en-argentina\\\/#breadcrumb\",\"itemListElement\":[{\"@type\":\"ListItem\",\"position\":1,\"name\":\"Portada\",\"item\":\"https:\\\/\\\/www.eldiario.net\\\/portal\\\/\"},{\"@type\":\"ListItem\",\"position\":2,\"name\":\"Abandono a campesinos bolivianos en Argentina\"}]},{\"@type\":\"WebSite\",\"@id\":\"https:\\\/\\\/www.eldiario.net\\\/portal\\\/#website\",\"url\":\"https:\\\/\\\/www.eldiario.net\\\/portal\\\/\",\"name\":\"El Diario - Decano de la prensa nacional\",\"description\":\"El Diario - Decano de la prensa nacional\",\"publisher\":{\"@id\":\"https:\\\/\\\/www.eldiario.net\\\/portal\\\/#organization\"},\"potentialAction\":[{\"@type\":\"SearchAction\",\"target\":{\"@type\":\"EntryPoint\",\"urlTemplate\":\"https:\\\/\\\/www.eldiario.net\\\/portal\\\/?s={search_term_string}\"},\"query-input\":{\"@type\":\"PropertyValueSpecification\",\"valueRequired\":true,\"valueName\":\"search_term_string\"}}],\"inLanguage\":\"es\"},{\"@type\":\"Organization\",\"@id\":\"https:\\\/\\\/www.eldiario.net\\\/portal\\\/#organization\",\"name\":\"El Diario - Decano de la prensa nacional\",\"url\":\"https:\\\/\\\/www.eldiario.net\\\/portal\\\/\",\"logo\":{\"@type\":\"ImageObject\",\"inLanguage\":\"es\",\"@id\":\"https:\\\/\\\/www.eldiario.net\\\/portal\\\/#\\\/schema\\\/logo\\\/image\\\/\",\"url\":\"https:\\\/\\\/www.eldiario.net\\\/portal\\\/wp-content\\\/uploads\\\/2023\\\/07\\\/logo_ED.jpg\",\"contentUrl\":\"https:\\\/\\\/www.eldiario.net\\\/portal\\\/wp-content\\\/uploads\\\/2023\\\/07\\\/logo_ED.jpg\",\"width\":272,\"height\":52,\"caption\":\"El Diario - Decano de la prensa nacional\"},\"image\":{\"@id\":\"https:\\\/\\\/www.eldiario.net\\\/portal\\\/#\\\/schema\\\/logo\\\/image\\\/\"},\"sameAs\":[\"https:\\\/\\\/www.facebook.com\\\/eldiario.bolivia\\\/\",\"https:\\\/\\\/x.com\\\/eldiario_net\"]},{\"@type\":\"Person\",\"@id\":\"https:\\\/\\\/www.eldiario.net\\\/portal\\\/#\\\/schema\\\/person\\\/f46445640444750d7d753ccd04ae01b7\",\"name\":\"Jeanette\",\"image\":{\"@type\":\"ImageObject\",\"inLanguage\":\"es\",\"@id\":\"https:\\\/\\\/secure.gravatar.com\\\/avatar\\\/3ea2118a5f7dad2b7138b1187a6b7ee55f160b9968b66013c3a3ef39dd7e5798?s=96&d=mm&r=g\",\"url\":\"https:\\\/\\\/secure.gravatar.com\\\/avatar\\\/3ea2118a5f7dad2b7138b1187a6b7ee55f160b9968b66013c3a3ef39dd7e5798?s=96&d=mm&r=g\",\"contentUrl\":\"https:\\\/\\\/secure.gravatar.com\\\/avatar\\\/3ea2118a5f7dad2b7138b1187a6b7ee55f160b9968b66013c3a3ef39dd7e5798?s=96&d=mm&r=g\",\"caption\":\"Jeanette\"},\"sameAs\":[\"https:\\\/\\\/www.eldiario.net\\\/portal\"],\"url\":\"https:\\\/\\\/www.eldiario.net\\\/portal\\\/author\\\/jeanette\\\/\"}]}<\/script>\n<!-- \/ Yoast SEO plugin. -->","yoast_head_json":{"title":"Abandono a campesinos bolivianos en Argentina - El Diario - Bolivia","robots":{"index":"index","follow":"follow","max-snippet":"max-snippet:-1","max-image-preview":"max-image-preview:large","max-video-preview":"max-video-preview:-1"},"canonical":"https:\/\/www.eldiario.net\/portal\/2024\/02\/02\/abandono-a-campesinos-bolivianos-en-argentina\/","og_locale":"es_ES","og_type":"article","og_title":"Abandono a campesinos bolivianos en Argentina - El Diario - Bolivia","og_description":"Un problema de gran magnitud enfrenta el Estado Plurinacional boliviano con motivo de la denuncia de una economista argentina, conocida mediante un diario de Buenos Aires, en sentido de que, desde hace alrededor de veinte a\u00f1os, miles de campesinos bolivianos, en especial aymaras del altiplano, han migrado en caudalosa cantidad (y lo siguen haciendo) a [&hellip;]","og_url":"https:\/\/www.eldiario.net\/portal\/2024\/02\/02\/abandono-a-campesinos-bolivianos-en-argentina\/","og_site_name":"El Diario - Bolivia","article_publisher":"https:\/\/www.facebook.com\/eldiario.bolivia\/","article_published_time":"2024-02-02T10:44:33+00:00","og_image":[{"width":800,"height":500,"url":"https:\/\/www.eldiario.net\/portal\/wp-content\/uploads\/2023\/12\/Editorial.jpg","type":"image\/jpeg"}],"author":"Jeanette","twitter_card":"summary_large_image","twitter_creator":"@eldiario_net","twitter_site":"@eldiario_net","twitter_misc":{"Escrito por":"Jeanette","Tiempo de lectura":"3 minutos"},"schema":{"@context":"https:\/\/schema.org","@graph":[{"@type":"Article","@id":"https:\/\/www.eldiario.net\/portal\/2024\/02\/02\/abandono-a-campesinos-bolivianos-en-argentina\/#article","isPartOf":{"@id":"https:\/\/www.eldiario.net\/portal\/2024\/02\/02\/abandono-a-campesinos-bolivianos-en-argentina\/"},"author":{"name":"Jeanette","@id":"https:\/\/www.eldiario.net\/portal\/#\/schema\/person\/f46445640444750d7d753ccd04ae01b7"},"headline":"Abandono a campesinos bolivianos en Argentina","datePublished":"2024-02-02T10:44:33+00:00","mainEntityOfPage":{"@id":"https:\/\/www.eldiario.net\/portal\/2024\/02\/02\/abandono-a-campesinos-bolivianos-en-argentina\/"},"wordCount":455,"commentCount":0,"publisher":{"@id":"https:\/\/www.eldiario.net\/portal\/#organization"},"image":{"@id":"https:\/\/www.eldiario.net\/portal\/2024\/02\/02\/abandono-a-campesinos-bolivianos-en-argentina\/#primaryimage"},"thumbnailUrl":"https:\/\/www.eldiario.net\/portal\/wp-content\/uploads\/2023\/12\/Editorial.jpg","articleSection":["Editorial"],"inLanguage":"es","potentialAction":[{"@type":"CommentAction","name":"Comment","target":["https:\/\/www.eldiario.net\/portal\/2024\/02\/02\/abandono-a-campesinos-bolivianos-en-argentina\/#respond"]}]},{"@type":"WebPage","@id":"https:\/\/www.eldiario.net\/portal\/2024\/02\/02\/abandono-a-campesinos-bolivianos-en-argentina\/","url":"https:\/\/www.eldiario.net\/portal\/2024\/02\/02\/abandono-a-campesinos-bolivianos-en-argentina\/","name":"Abandono a campesinos bolivianos en Argentina - El Diario - Bolivia","isPartOf":{"@id":"https:\/\/www.eldiario.net\/portal\/#website"},"primaryImageOfPage":{"@id":"https:\/\/www.eldiario.net\/portal\/2024\/02\/02\/abandono-a-campesinos-bolivianos-en-argentina\/#primaryimage"},"image":{"@id":"https:\/\/www.eldiario.net\/portal\/2024\/02\/02\/abandono-a-campesinos-bolivianos-en-argentina\/#primaryimage"},"thumbnailUrl":"https:\/\/www.eldiario.net\/portal\/wp-content\/uploads\/2023\/12\/Editorial.jpg","datePublished":"2024-02-02T10:44:33+00:00","breadcrumb":{"@id":"https:\/\/www.eldiario.net\/portal\/2024\/02\/02\/abandono-a-campesinos-bolivianos-en-argentina\/#breadcrumb"},"inLanguage":"es","potentialAction":[{"@type":"ReadAction","target":["https:\/\/www.eldiario.net\/portal\/2024\/02\/02\/abandono-a-campesinos-bolivianos-en-argentina\/"]}]},{"@type":"ImageObject","inLanguage":"es","@id":"https:\/\/www.eldiario.net\/portal\/2024\/02\/02\/abandono-a-campesinos-bolivianos-en-argentina\/#primaryimage","url":"https:\/\/www.eldiario.net\/portal\/wp-content\/uploads\/2023\/12\/Editorial.jpg","contentUrl":"https:\/\/www.eldiario.net\/portal\/wp-content\/uploads\/2023\/12\/Editorial.jpg","width":800,"height":500},{"@type":"BreadcrumbList","@id":"https:\/\/www.eldiario.net\/portal\/2024\/02\/02\/abandono-a-campesinos-bolivianos-en-argentina\/#breadcrumb","itemListElement":[{"@type":"ListItem","position":1,"name":"Portada","item":"https:\/\/www.eldiario.net\/portal\/"},{"@type":"ListItem","position":2,"name":"Abandono a campesinos bolivianos en Argentina"}]},{"@type":"WebSite","@id":"https:\/\/www.eldiario.net\/portal\/#website","url":"https:\/\/www.eldiario.net\/portal\/","name":"El Diario - Decano de la prensa nacional","description":"El Diario - Decano de la prensa nacional","publisher":{"@id":"https:\/\/www.eldiario.net\/portal\/#organization"},"potentialAction":[{"@type":"SearchAction","target":{"@type":"EntryPoint","urlTemplate":"https:\/\/www.eldiario.net\/portal\/?s={search_term_string}"},"query-input":{"@type":"PropertyValueSpecification","valueRequired":true,"valueName":"search_term_string"}}],"inLanguage":"es"},{"@type":"Organization","@id":"https:\/\/www.eldiario.net\/portal\/#organization","name":"El Diario - Decano de la prensa nacional","url":"https:\/\/www.eldiario.net\/portal\/","logo":{"@type":"ImageObject","inLanguage":"es","@id":"https:\/\/www.eldiario.net\/portal\/#\/schema\/logo\/image\/","url":"https:\/\/www.eldiario.net\/portal\/wp-content\/uploads\/2023\/07\/logo_ED.jpg","contentUrl":"https:\/\/www.eldiario.net\/portal\/wp-content\/uploads\/2023\/07\/logo_ED.jpg","width":272,"height":52,"caption":"El Diario - Decano de la prensa nacional"},"image":{"@id":"https:\/\/www.eldiario.net\/portal\/#\/schema\/logo\/image\/"},"sameAs":["https:\/\/www.facebook.com\/eldiario.bolivia\/","https:\/\/x.com\/eldiario_net"]},{"@type":"Person","@id":"https:\/\/www.eldiario.net\/portal\/#\/schema\/person\/f46445640444750d7d753ccd04ae01b7","name":"Jeanette","image":{"@type":"ImageObject","inLanguage":"es","@id":"https:\/\/secure.gravatar.com\/avatar\/3ea2118a5f7dad2b7138b1187a6b7ee55f160b9968b66013c3a3ef39dd7e5798?s=96&d=mm&r=g","url":"https:\/\/secure.gravatar.com\/avatar\/3ea2118a5f7dad2b7138b1187a6b7ee55f160b9968b66013c3a3ef39dd7e5798?s=96&d=mm&r=g","contentUrl":"https:\/\/secure.gravatar.com\/avatar\/3ea2118a5f7dad2b7138b1187a6b7ee55f160b9968b66013c3a3ef39dd7e5798?s=96&d=mm&r=g","caption":"Jeanette"},"sameAs":["https:\/\/www.eldiario.net\/portal"],"url":"https:\/\/www.eldiario.net\/portal\/author\/jeanette\/"}]}},"_links":{"self":[{"href":"https:\/\/www.eldiario.net\/portal\/wp-json\/wp\/v2\/posts\/200839","targetHints":{"allow":["GET"]}}],"collection":[{"href":"https:\/\/www.eldiario.net\/portal\/wp-json\/wp\/v2\/posts"}],"about":[{"href":"https:\/\/www.eldiario.net\/portal\/wp-json\/wp\/v2\/types\/post"}],"author":[{"embeddable":true,"href":"https:\/\/www.eldiario.net\/portal\/wp-json\/wp\/v2\/users\/1"}],"replies":[{"embeddable":true,"href":"https:\/\/www.eldiario.net\/portal\/wp-json\/wp\/v2\/comments?post=200839"}],"version-history":[{"count":1,"href":"https:\/\/www.eldiario.net\/portal\/wp-json\/wp\/v2\/posts\/200839\/revisions"}],"predecessor-version":[{"id":200840,"href":"https:\/\/www.eldiario.net\/portal\/wp-json\/wp\/v2\/posts\/200839\/revisions\/200840"}],"wp:featuredmedia":[{"embeddable":true,"href":"https:\/\/www.eldiario.net\/portal\/wp-json\/wp\/v2\/media\/194776"}],"wp:attachment":[{"href":"https:\/\/www.eldiario.net\/portal\/wp-json\/wp\/v2\/media?parent=200839"}],"wp:term":[{"taxonomy":"category","embeddable":true,"href":"https:\/\/www.eldiario.net\/portal\/wp-json\/wp\/v2\/categories?post=200839"},{"taxonomy":"post_tag","embeddable":true,"href":"https:\/\/www.eldiario.net\/portal\/wp-json\/wp\/v2\/tags?post=200839"}],"curies":[{"name":"wp","href":"https:\/\/api.w.org\/{rel}","templated":true}]}}