{"id":200836,"date":"2024-02-02T06:42:57","date_gmt":"2024-02-02T10:42:57","guid":{"rendered":"https:\/\/www.eldiario.net\/portal\/?p=200836"},"modified":"2024-02-02T06:42:57","modified_gmt":"2024-02-02T10:42:57","slug":"jorge-davalos-presenta-su-nuevo-trabajo-titulado-intestinos-emociones-viscerales","status":"publish","type":"post","link":"https:\/\/www.eldiario.net\/portal\/2024\/02\/02\/jorge-davalos-presenta-su-nuevo-trabajo-titulado-intestinos-emociones-viscerales\/","title":{"rendered":"Jorge D\u00e1valos presenta su nuevo trabajo titulado \u201cIntestinos, emociones viscerales\u201d"},"content":{"rendered":"<p>Intestinos, emociones viscerales, agrupa el reciente trabajo del artista pace\u00f1o Jorge D\u00e1valos, el cual nos confronta con las fases m\u00e1s \u00edntimas y crudas dentro de lo complejo de los sentimientos y de la realidad circundante.<br \/>\nLa inauguraci\u00f3n de la muestra ser\u00e1 hoy, 2 de febrero, a horas 19:00, y permanecer\u00e1 abierta al p\u00fablico hasta el 9 de marzo, en el espacio Taypi Qhatu, del Museo Nacional de Arte.<br \/>\nA trav\u00e9s de 90 obras en diferentes formatos y una pieza audiovisual, D\u00e1valos hace un recorrido org\u00e1nico y poderoso para exponer el interior de los cuerpos como si tuvieran incisiones quir\u00fargicas que dejan expuestos, no s\u00f3lo los sistemas vitales, sino la angustia, el erotismo, el miedo, la muerte, la fiesta, la ansiedad, la melancol\u00eda y el placer.<br \/>\nLa propuesta pict\u00f3rica captura lo que est\u00e1 velado en este plano, despoja de materia a los cuerpos para traslucir que somos fluidos, manchas de agua, sedimentos \u00f3seos, cenizas, minerales, prote\u00ednas, hedores y alientos vitales que nos construyen una arquitectura blanda que es visitada y habitada por m\u00faltiples seres, como un tejido jalq\u2019a; es por ello que el artista nos confronta con personajes antropomorfos con varios ojos, extremidades, cabezas o fusionados con partes de animales. El total de las piezas nos llaman a la reflexi\u00f3n corp\u00f3rea, en donde se puede ver la clara intenci\u00f3n por replicar finamente una radiograf\u00eda gestual de nuestra condici\u00f3n humana.<\/p>\n<p>Sobre la exposici\u00f3n<br \/>\nLa artista multidisciplinaria Georgina Santos se refiere a la muestra como la construcci\u00f3n de la forma y su gran diversidad de recursos, es fundamental el acercamiento y la reflexi\u00f3n sobre la emoci\u00f3n humana, la verdad en ella y el sentir del individuo para saborear su representaci\u00f3n est\u00e9tica.<\/p>\n<p>Sobre el artista<br \/>\nEl boliviano, Jorge D\u00e1valos, realiz\u00f3 sus estudios en la Escuela de Bellas Artes en Sao Paulo, Brasil, licenciatura en la especialidad en pintura por la Carrera de Artes Pl\u00e1sticas, en la Universidad Mayor de San Andr\u00e9s de La Paz Bolivia, se dedica de lleno a trabajar como Artista pl\u00e1stico, ilustrador y docencia en la Universidad privada y p\u00fablica.<\/p>\n<p>Exposiciones<br \/>\nParticip\u00f3 en exposiciones colectivas e individuales a nivel nacional e internacional, en su trayectoria recibi\u00f3 varias distinciones, premios y reconocimientos por su trabajo. Sus obras pertenecen en colecciones particulares en Bolivia, EUA, Francia, Brasil, Grecia, Ucrania, M\u00e9xico, Jap\u00f3n, Per\u00fa, Colombia, Italia, Costa Rica, China, Ecuador y Turqu\u00eda.<\/p>\n","protected":false},"excerpt":{"rendered":"<p>Intestinos, emociones viscerales, agrupa el reciente trabajo del artista pace\u00f1o Jorge D\u00e1valos, el cual nos confronta con las fases m\u00e1s \u00edntimas y crudas dentro de lo complejo de los sentimientos y de la realidad circundante. La inauguraci\u00f3n de la muestra ser\u00e1 hoy, 2 de febrero, a horas 19:00, y permanecer\u00e1 abierta al p\u00fablico hasta el [&hellip;]<\/p>\n","protected":false},"author":1,"featured_media":200837,"comment_status":"open","ping_status":"open","sticky":false,"template":"","format":"standard","meta":{"_acf_changed":false,"footnotes":""},"categories":[8],"tags":[],"class_list":["post-200836","post","type-post","status-publish","format-standard","has-post-thumbnail","category-cultural"],"acf":{"antetitulo":"Exposici\u00f3n"},"yoast_head":"<!-- This site is optimized with the Yoast SEO plugin v28.4 - https:\/\/yoast.com\/product\/yoast-seo-wordpress\/ -->\n<title>Jorge D\u00e1valos presenta su nuevo trabajo titulado \u201cIntestinos, emociones viscerales\u201d - El Diario - Bolivia<\/title>\n<meta name=\"robots\" content=\"index, follow, max-snippet:-1, max-image-preview:large, max-video-preview:-1\" \/>\n<link rel=\"canonical\" href=\"https:\/\/www.eldiario.net\/portal\/2024\/02\/02\/jorge-davalos-presenta-su-nuevo-trabajo-titulado-intestinos-emociones-viscerales\/\" \/>\n<meta property=\"og:locale\" content=\"es_ES\" \/>\n<meta property=\"og:type\" content=\"article\" \/>\n<meta property=\"og:title\" content=\"Jorge D\u00e1valos presenta su nuevo trabajo titulado \u201cIntestinos, emociones viscerales\u201d - El Diario - Bolivia\" \/>\n<meta property=\"og:description\" content=\"Intestinos, emociones viscerales, agrupa el reciente trabajo del artista pace\u00f1o Jorge D\u00e1valos, el cual nos confronta con las fases m\u00e1s \u00edntimas y crudas dentro de lo complejo de los sentimientos y de la realidad circundante. La inauguraci\u00f3n de la muestra ser\u00e1 hoy, 2 de febrero, a horas 19:00, y permanecer\u00e1 abierta al p\u00fablico hasta el [&hellip;]\" \/>\n<meta property=\"og:url\" content=\"https:\/\/www.eldiario.net\/portal\/2024\/02\/02\/jorge-davalos-presenta-su-nuevo-trabajo-titulado-intestinos-emociones-viscerales\/\" \/>\n<meta property=\"og:site_name\" content=\"El Diario - Bolivia\" \/>\n<meta property=\"article:publisher\" content=\"https:\/\/www.facebook.com\/eldiario.bolivia\/\" \/>\n<meta property=\"article:published_time\" content=\"2024-02-02T10:42:57+00:00\" \/>\n<meta property=\"og:image\" content=\"https:\/\/www.eldiario.net\/portal\/wp-content\/uploads\/2024\/02\/EXPO.jpg\" \/>\n\t<meta property=\"og:image:width\" content=\"924\" \/>\n\t<meta property=\"og:image:height\" content=\"1280\" \/>\n\t<meta property=\"og:image:type\" content=\"image\/jpeg\" \/>\n<meta name=\"author\" content=\"Jeanette\" \/>\n<meta name=\"twitter:card\" content=\"summary_large_image\" \/>\n<meta name=\"twitter:creator\" content=\"@eldiario_net\" \/>\n<meta name=\"twitter:site\" content=\"@eldiario_net\" \/>\n<meta name=\"twitter:label1\" content=\"Escrito por\" \/>\n\t<meta name=\"twitter:data1\" content=\"Jeanette\" \/>\n\t<meta name=\"twitter:label2\" content=\"Tiempo de lectura\" \/>\n\t<meta name=\"twitter:data2\" content=\"2 minutos\" \/>\n<script type=\"application\/ld+json\" class=\"yoast-schema-graph\">{\"@context\":\"https:\\\/\\\/schema.org\",\"@graph\":[{\"@type\":\"Article\",\"@id\":\"https:\\\/\\\/www.eldiario.net\\\/portal\\\/2024\\\/02\\\/02\\\/jorge-davalos-presenta-su-nuevo-trabajo-titulado-intestinos-emociones-viscerales\\\/#article\",\"isPartOf\":{\"@id\":\"https:\\\/\\\/www.eldiario.net\\\/portal\\\/2024\\\/02\\\/02\\\/jorge-davalos-presenta-su-nuevo-trabajo-titulado-intestinos-emociones-viscerales\\\/\"},\"author\":{\"name\":\"Jeanette\",\"@id\":\"https:\\\/\\\/www.eldiario.net\\\/portal\\\/#\\\/schema\\\/person\\\/f46445640444750d7d753ccd04ae01b7\"},\"headline\":\"Jorge D\u00e1valos presenta su nuevo trabajo titulado \u201cIntestinos, emociones viscerales\u201d\",\"datePublished\":\"2024-02-02T10:42:57+00:00\",\"mainEntityOfPage\":{\"@id\":\"https:\\\/\\\/www.eldiario.net\\\/portal\\\/2024\\\/02\\\/02\\\/jorge-davalos-presenta-su-nuevo-trabajo-titulado-intestinos-emociones-viscerales\\\/\"},\"wordCount\":428,\"commentCount\":0,\"publisher\":{\"@id\":\"https:\\\/\\\/www.eldiario.net\\\/portal\\\/#organization\"},\"image\":{\"@id\":\"https:\\\/\\\/www.eldiario.net\\\/portal\\\/2024\\\/02\\\/02\\\/jorge-davalos-presenta-su-nuevo-trabajo-titulado-intestinos-emociones-viscerales\\\/#primaryimage\"},\"thumbnailUrl\":\"https:\\\/\\\/www.eldiario.net\\\/portal\\\/wp-content\\\/uploads\\\/2024\\\/02\\\/EXPO.jpg\",\"articleSection\":[\"Cultural\"],\"inLanguage\":\"es\",\"potentialAction\":[{\"@type\":\"CommentAction\",\"name\":\"Comment\",\"target\":[\"https:\\\/\\\/www.eldiario.net\\\/portal\\\/2024\\\/02\\\/02\\\/jorge-davalos-presenta-su-nuevo-trabajo-titulado-intestinos-emociones-viscerales\\\/#respond\"]}]},{\"@type\":\"WebPage\",\"@id\":\"https:\\\/\\\/www.eldiario.net\\\/portal\\\/2024\\\/02\\\/02\\\/jorge-davalos-presenta-su-nuevo-trabajo-titulado-intestinos-emociones-viscerales\\\/\",\"url\":\"https:\\\/\\\/www.eldiario.net\\\/portal\\\/2024\\\/02\\\/02\\\/jorge-davalos-presenta-su-nuevo-trabajo-titulado-intestinos-emociones-viscerales\\\/\",\"name\":\"Jorge D\u00e1valos presenta su nuevo trabajo titulado \u201cIntestinos, emociones viscerales\u201d - El Diario - Bolivia\",\"isPartOf\":{\"@id\":\"https:\\\/\\\/www.eldiario.net\\\/portal\\\/#website\"},\"primaryImageOfPage\":{\"@id\":\"https:\\\/\\\/www.eldiario.net\\\/portal\\\/2024\\\/02\\\/02\\\/jorge-davalos-presenta-su-nuevo-trabajo-titulado-intestinos-emociones-viscerales\\\/#primaryimage\"},\"image\":{\"@id\":\"https:\\\/\\\/www.eldiario.net\\\/portal\\\/2024\\\/02\\\/02\\\/jorge-davalos-presenta-su-nuevo-trabajo-titulado-intestinos-emociones-viscerales\\\/#primaryimage\"},\"thumbnailUrl\":\"https:\\\/\\\/www.eldiario.net\\\/portal\\\/wp-content\\\/uploads\\\/2024\\\/02\\\/EXPO.jpg\",\"datePublished\":\"2024-02-02T10:42:57+00:00\",\"breadcrumb\":{\"@id\":\"https:\\\/\\\/www.eldiario.net\\\/portal\\\/2024\\\/02\\\/02\\\/jorge-davalos-presenta-su-nuevo-trabajo-titulado-intestinos-emociones-viscerales\\\/#breadcrumb\"},\"inLanguage\":\"es\",\"potentialAction\":[{\"@type\":\"ReadAction\",\"target\":[\"https:\\\/\\\/www.eldiario.net\\\/portal\\\/2024\\\/02\\\/02\\\/jorge-davalos-presenta-su-nuevo-trabajo-titulado-intestinos-emociones-viscerales\\\/\"]}]},{\"@type\":\"ImageObject\",\"inLanguage\":\"es\",\"@id\":\"https:\\\/\\\/www.eldiario.net\\\/portal\\\/2024\\\/02\\\/02\\\/jorge-davalos-presenta-su-nuevo-trabajo-titulado-intestinos-emociones-viscerales\\\/#primaryimage\",\"url\":\"https:\\\/\\\/www.eldiario.net\\\/portal\\\/wp-content\\\/uploads\\\/2024\\\/02\\\/EXPO.jpg\",\"contentUrl\":\"https:\\\/\\\/www.eldiario.net\\\/portal\\\/wp-content\\\/uploads\\\/2024\\\/02\\\/EXPO.jpg\",\"width\":924,\"height\":1280,\"caption\":\"UNA DE LAS OBRAS DEL ARTISTA JORGE D\u00c1VALOS.\"},{\"@type\":\"BreadcrumbList\",\"@id\":\"https:\\\/\\\/www.eldiario.net\\\/portal\\\/2024\\\/02\\\/02\\\/jorge-davalos-presenta-su-nuevo-trabajo-titulado-intestinos-emociones-viscerales\\\/#breadcrumb\",\"itemListElement\":[{\"@type\":\"ListItem\",\"position\":1,\"name\":\"Portada\",\"item\":\"https:\\\/\\\/www.eldiario.net\\\/portal\\\/\"},{\"@type\":\"ListItem\",\"position\":2,\"name\":\"Jorge D\u00e1valos presenta su nuevo trabajo titulado \u201cIntestinos, emociones viscerales\u201d\"}]},{\"@type\":\"WebSite\",\"@id\":\"https:\\\/\\\/www.eldiario.net\\\/portal\\\/#website\",\"url\":\"https:\\\/\\\/www.eldiario.net\\\/portal\\\/\",\"name\":\"El Diario - Decano de la prensa nacional\",\"description\":\"El Diario - Decano de la prensa nacional\",\"publisher\":{\"@id\":\"https:\\\/\\\/www.eldiario.net\\\/portal\\\/#organization\"},\"potentialAction\":[{\"@type\":\"SearchAction\",\"target\":{\"@type\":\"EntryPoint\",\"urlTemplate\":\"https:\\\/\\\/www.eldiario.net\\\/portal\\\/?s={search_term_string}\"},\"query-input\":{\"@type\":\"PropertyValueSpecification\",\"valueRequired\":true,\"valueName\":\"search_term_string\"}}],\"inLanguage\":\"es\"},{\"@type\":\"Organization\",\"@id\":\"https:\\\/\\\/www.eldiario.net\\\/portal\\\/#organization\",\"name\":\"El Diario - Decano de la prensa nacional\",\"url\":\"https:\\\/\\\/www.eldiario.net\\\/portal\\\/\",\"logo\":{\"@type\":\"ImageObject\",\"inLanguage\":\"es\",\"@id\":\"https:\\\/\\\/www.eldiario.net\\\/portal\\\/#\\\/schema\\\/logo\\\/image\\\/\",\"url\":\"https:\\\/\\\/www.eldiario.net\\\/portal\\\/wp-content\\\/uploads\\\/2023\\\/07\\\/logo_ED.jpg\",\"contentUrl\":\"https:\\\/\\\/www.eldiario.net\\\/portal\\\/wp-content\\\/uploads\\\/2023\\\/07\\\/logo_ED.jpg\",\"width\":272,\"height\":52,\"caption\":\"El Diario - Decano de la prensa nacional\"},\"image\":{\"@id\":\"https:\\\/\\\/www.eldiario.net\\\/portal\\\/#\\\/schema\\\/logo\\\/image\\\/\"},\"sameAs\":[\"https:\\\/\\\/www.facebook.com\\\/eldiario.bolivia\\\/\",\"https:\\\/\\\/x.com\\\/eldiario_net\"]},{\"@type\":\"Person\",\"@id\":\"https:\\\/\\\/www.eldiario.net\\\/portal\\\/#\\\/schema\\\/person\\\/f46445640444750d7d753ccd04ae01b7\",\"name\":\"Jeanette\",\"image\":{\"@type\":\"ImageObject\",\"inLanguage\":\"es\",\"@id\":\"https:\\\/\\\/secure.gravatar.com\\\/avatar\\\/3ea2118a5f7dad2b7138b1187a6b7ee55f160b9968b66013c3a3ef39dd7e5798?s=96&d=mm&r=g\",\"url\":\"https:\\\/\\\/secure.gravatar.com\\\/avatar\\\/3ea2118a5f7dad2b7138b1187a6b7ee55f160b9968b66013c3a3ef39dd7e5798?s=96&d=mm&r=g\",\"contentUrl\":\"https:\\\/\\\/secure.gravatar.com\\\/avatar\\\/3ea2118a5f7dad2b7138b1187a6b7ee55f160b9968b66013c3a3ef39dd7e5798?s=96&d=mm&r=g\",\"caption\":\"Jeanette\"},\"sameAs\":[\"https:\\\/\\\/www.eldiario.net\\\/portal\"],\"url\":\"https:\\\/\\\/www.eldiario.net\\\/portal\\\/author\\\/jeanette\\\/\"}]}<\/script>\n<!-- \/ Yoast SEO plugin. -->","yoast_head_json":{"title":"Jorge D\u00e1valos presenta su nuevo trabajo titulado \u201cIntestinos, emociones viscerales\u201d - El Diario - Bolivia","robots":{"index":"index","follow":"follow","max-snippet":"max-snippet:-1","max-image-preview":"max-image-preview:large","max-video-preview":"max-video-preview:-1"},"canonical":"https:\/\/www.eldiario.net\/portal\/2024\/02\/02\/jorge-davalos-presenta-su-nuevo-trabajo-titulado-intestinos-emociones-viscerales\/","og_locale":"es_ES","og_type":"article","og_title":"Jorge D\u00e1valos presenta su nuevo trabajo titulado \u201cIntestinos, emociones viscerales\u201d - El Diario - Bolivia","og_description":"Intestinos, emociones viscerales, agrupa el reciente trabajo del artista pace\u00f1o Jorge D\u00e1valos, el cual nos confronta con las fases m\u00e1s \u00edntimas y crudas dentro de lo complejo de los sentimientos y de la realidad circundante. La inauguraci\u00f3n de la muestra ser\u00e1 hoy, 2 de febrero, a horas 19:00, y permanecer\u00e1 abierta al p\u00fablico hasta el [&hellip;]","og_url":"https:\/\/www.eldiario.net\/portal\/2024\/02\/02\/jorge-davalos-presenta-su-nuevo-trabajo-titulado-intestinos-emociones-viscerales\/","og_site_name":"El Diario - Bolivia","article_publisher":"https:\/\/www.facebook.com\/eldiario.bolivia\/","article_published_time":"2024-02-02T10:42:57+00:00","og_image":[{"width":924,"height":1280,"url":"https:\/\/www.eldiario.net\/portal\/wp-content\/uploads\/2024\/02\/EXPO.jpg","type":"image\/jpeg"}],"author":"Jeanette","twitter_card":"summary_large_image","twitter_creator":"@eldiario_net","twitter_site":"@eldiario_net","twitter_misc":{"Escrito por":"Jeanette","Tiempo de lectura":"2 minutos"},"schema":{"@context":"https:\/\/schema.org","@graph":[{"@type":"Article","@id":"https:\/\/www.eldiario.net\/portal\/2024\/02\/02\/jorge-davalos-presenta-su-nuevo-trabajo-titulado-intestinos-emociones-viscerales\/#article","isPartOf":{"@id":"https:\/\/www.eldiario.net\/portal\/2024\/02\/02\/jorge-davalos-presenta-su-nuevo-trabajo-titulado-intestinos-emociones-viscerales\/"},"author":{"name":"Jeanette","@id":"https:\/\/www.eldiario.net\/portal\/#\/schema\/person\/f46445640444750d7d753ccd04ae01b7"},"headline":"Jorge D\u00e1valos presenta su nuevo trabajo titulado \u201cIntestinos, emociones viscerales\u201d","datePublished":"2024-02-02T10:42:57+00:00","mainEntityOfPage":{"@id":"https:\/\/www.eldiario.net\/portal\/2024\/02\/02\/jorge-davalos-presenta-su-nuevo-trabajo-titulado-intestinos-emociones-viscerales\/"},"wordCount":428,"commentCount":0,"publisher":{"@id":"https:\/\/www.eldiario.net\/portal\/#organization"},"image":{"@id":"https:\/\/www.eldiario.net\/portal\/2024\/02\/02\/jorge-davalos-presenta-su-nuevo-trabajo-titulado-intestinos-emociones-viscerales\/#primaryimage"},"thumbnailUrl":"https:\/\/www.eldiario.net\/portal\/wp-content\/uploads\/2024\/02\/EXPO.jpg","articleSection":["Cultural"],"inLanguage":"es","potentialAction":[{"@type":"CommentAction","name":"Comment","target":["https:\/\/www.eldiario.net\/portal\/2024\/02\/02\/jorge-davalos-presenta-su-nuevo-trabajo-titulado-intestinos-emociones-viscerales\/#respond"]}]},{"@type":"WebPage","@id":"https:\/\/www.eldiario.net\/portal\/2024\/02\/02\/jorge-davalos-presenta-su-nuevo-trabajo-titulado-intestinos-emociones-viscerales\/","url":"https:\/\/www.eldiario.net\/portal\/2024\/02\/02\/jorge-davalos-presenta-su-nuevo-trabajo-titulado-intestinos-emociones-viscerales\/","name":"Jorge D\u00e1valos presenta su nuevo trabajo titulado \u201cIntestinos, emociones viscerales\u201d - El Diario - Bolivia","isPartOf":{"@id":"https:\/\/www.eldiario.net\/portal\/#website"},"primaryImageOfPage":{"@id":"https:\/\/www.eldiario.net\/portal\/2024\/02\/02\/jorge-davalos-presenta-su-nuevo-trabajo-titulado-intestinos-emociones-viscerales\/#primaryimage"},"image":{"@id":"https:\/\/www.eldiario.net\/portal\/2024\/02\/02\/jorge-davalos-presenta-su-nuevo-trabajo-titulado-intestinos-emociones-viscerales\/#primaryimage"},"thumbnailUrl":"https:\/\/www.eldiario.net\/portal\/wp-content\/uploads\/2024\/02\/EXPO.jpg","datePublished":"2024-02-02T10:42:57+00:00","breadcrumb":{"@id":"https:\/\/www.eldiario.net\/portal\/2024\/02\/02\/jorge-davalos-presenta-su-nuevo-trabajo-titulado-intestinos-emociones-viscerales\/#breadcrumb"},"inLanguage":"es","potentialAction":[{"@type":"ReadAction","target":["https:\/\/www.eldiario.net\/portal\/2024\/02\/02\/jorge-davalos-presenta-su-nuevo-trabajo-titulado-intestinos-emociones-viscerales\/"]}]},{"@type":"ImageObject","inLanguage":"es","@id":"https:\/\/www.eldiario.net\/portal\/2024\/02\/02\/jorge-davalos-presenta-su-nuevo-trabajo-titulado-intestinos-emociones-viscerales\/#primaryimage","url":"https:\/\/www.eldiario.net\/portal\/wp-content\/uploads\/2024\/02\/EXPO.jpg","contentUrl":"https:\/\/www.eldiario.net\/portal\/wp-content\/uploads\/2024\/02\/EXPO.jpg","width":924,"height":1280,"caption":"UNA DE LAS OBRAS DEL ARTISTA JORGE D\u00c1VALOS."},{"@type":"BreadcrumbList","@id":"https:\/\/www.eldiario.net\/portal\/2024\/02\/02\/jorge-davalos-presenta-su-nuevo-trabajo-titulado-intestinos-emociones-viscerales\/#breadcrumb","itemListElement":[{"@type":"ListItem","position":1,"name":"Portada","item":"https:\/\/www.eldiario.net\/portal\/"},{"@type":"ListItem","position":2,"name":"Jorge D\u00e1valos presenta su nuevo trabajo titulado \u201cIntestinos, emociones viscerales\u201d"}]},{"@type":"WebSite","@id":"https:\/\/www.eldiario.net\/portal\/#website","url":"https:\/\/www.eldiario.net\/portal\/","name":"El Diario - Decano de la prensa nacional","description":"El Diario - Decano de la prensa nacional","publisher":{"@id":"https:\/\/www.eldiario.net\/portal\/#organization"},"potentialAction":[{"@type":"SearchAction","target":{"@type":"EntryPoint","urlTemplate":"https:\/\/www.eldiario.net\/portal\/?s={search_term_string}"},"query-input":{"@type":"PropertyValueSpecification","valueRequired":true,"valueName":"search_term_string"}}],"inLanguage":"es"},{"@type":"Organization","@id":"https:\/\/www.eldiario.net\/portal\/#organization","name":"El Diario - Decano de la prensa nacional","url":"https:\/\/www.eldiario.net\/portal\/","logo":{"@type":"ImageObject","inLanguage":"es","@id":"https:\/\/www.eldiario.net\/portal\/#\/schema\/logo\/image\/","url":"https:\/\/www.eldiario.net\/portal\/wp-content\/uploads\/2023\/07\/logo_ED.jpg","contentUrl":"https:\/\/www.eldiario.net\/portal\/wp-content\/uploads\/2023\/07\/logo_ED.jpg","width":272,"height":52,"caption":"El Diario - Decano de la prensa nacional"},"image":{"@id":"https:\/\/www.eldiario.net\/portal\/#\/schema\/logo\/image\/"},"sameAs":["https:\/\/www.facebook.com\/eldiario.bolivia\/","https:\/\/x.com\/eldiario_net"]},{"@type":"Person","@id":"https:\/\/www.eldiario.net\/portal\/#\/schema\/person\/f46445640444750d7d753ccd04ae01b7","name":"Jeanette","image":{"@type":"ImageObject","inLanguage":"es","@id":"https:\/\/secure.gravatar.com\/avatar\/3ea2118a5f7dad2b7138b1187a6b7ee55f160b9968b66013c3a3ef39dd7e5798?s=96&d=mm&r=g","url":"https:\/\/secure.gravatar.com\/avatar\/3ea2118a5f7dad2b7138b1187a6b7ee55f160b9968b66013c3a3ef39dd7e5798?s=96&d=mm&r=g","contentUrl":"https:\/\/secure.gravatar.com\/avatar\/3ea2118a5f7dad2b7138b1187a6b7ee55f160b9968b66013c3a3ef39dd7e5798?s=96&d=mm&r=g","caption":"Jeanette"},"sameAs":["https:\/\/www.eldiario.net\/portal"],"url":"https:\/\/www.eldiario.net\/portal\/author\/jeanette\/"}]}},"_links":{"self":[{"href":"https:\/\/www.eldiario.net\/portal\/wp-json\/wp\/v2\/posts\/200836","targetHints":{"allow":["GET"]}}],"collection":[{"href":"https:\/\/www.eldiario.net\/portal\/wp-json\/wp\/v2\/posts"}],"about":[{"href":"https:\/\/www.eldiario.net\/portal\/wp-json\/wp\/v2\/types\/post"}],"author":[{"embeddable":true,"href":"https:\/\/www.eldiario.net\/portal\/wp-json\/wp\/v2\/users\/1"}],"replies":[{"embeddable":true,"href":"https:\/\/www.eldiario.net\/portal\/wp-json\/wp\/v2\/comments?post=200836"}],"version-history":[{"count":1,"href":"https:\/\/www.eldiario.net\/portal\/wp-json\/wp\/v2\/posts\/200836\/revisions"}],"predecessor-version":[{"id":200838,"href":"https:\/\/www.eldiario.net\/portal\/wp-json\/wp\/v2\/posts\/200836\/revisions\/200838"}],"wp:featuredmedia":[{"embeddable":true,"href":"https:\/\/www.eldiario.net\/portal\/wp-json\/wp\/v2\/media\/200837"}],"wp:attachment":[{"href":"https:\/\/www.eldiario.net\/portal\/wp-json\/wp\/v2\/media?parent=200836"}],"wp:term":[{"taxonomy":"category","embeddable":true,"href":"https:\/\/www.eldiario.net\/portal\/wp-json\/wp\/v2\/categories?post=200836"},{"taxonomy":"post_tag","embeddable":true,"href":"https:\/\/www.eldiario.net\/portal\/wp-json\/wp\/v2\/tags?post=200836"}],"curies":[{"name":"wp","href":"https:\/\/api.w.org\/{rel}","templated":true}]}}