{"id":200831,"date":"2024-02-02T06:41:37","date_gmt":"2024-02-02T10:41:37","guid":{"rendered":"https:\/\/www.eldiario.net\/portal\/?p=200831"},"modified":"2024-02-02T06:41:37","modified_gmt":"2024-02-02T10:41:37","slug":"actos-de-magistrados-responden-a-un-temor-por-posibles-procesos","status":"publish","type":"post","link":"https:\/\/www.eldiario.net\/portal\/2024\/02\/02\/actos-de-magistrados-responden-a-un-temor-por-posibles-procesos\/","title":{"rendered":"Actos de magistrados responden  a un temor por posibles procesos"},"content":{"rendered":"<p>Tras la emisi\u00f3n del Auto Constitucional con el que magistrados del Tribunal Constitucional Plurinacional (TCP) ordenan a la Asamblea Legislativa Plurinacional (ALP) a reconocer la pr\u00f3rroga en sus mandatos, el diputado por Comunidad Ciudadana, Jos\u00e9 Luis Porcel, sostuvo que el actuar de las actuales cabezas del \u00d3rgano Judicial responde a un temor de ser procesados en cuanto dejen sus cargos.<br \/>\nEn declaraciones a medios de prensa, Porcel reiter\u00f3 que la ALP no debe ceder ante posiciones ilegales de autoridades judiciales que permanecen en cargos que ya no les corresponden.<br \/>\nExplic\u00f3 que toda resoluci\u00f3n emitida fuera de tiempo por tribunales de justicia, carece de valor legal, lo que anula su car\u00e1cter de cumplimiento obligatorio.<br \/>\n\u201cLa Asamblea Legislativa no debe acatar porque no corresponde, los Magistrados que han emitido ese fallo, lo est\u00e1n haciendo fuera del espacio de tiempo que ellos ten\u00edan, su mandato feneci\u00f3 el 31 de diciembre. Esta determinaci\u00f3n carece de valor jur\u00eddico y legal, eso nos preocupa\u201d, indic\u00f3 el legislador de oposici\u00f3n.<br \/>\nEn ese sentido, cuestion\u00f3 la forma en que exautoridades del \u00d3rgano Judicial intentar legalizar su situaci\u00f3n, obligando al Legislativo a reconocer como v\u00e1lida una decisi\u00f3n inconstitucional como la pr\u00f3rroga a un mandato cuyo tiempo de funciones est\u00e1 definido por la normativa vigente.<br \/>\n\u201cLos miembros del Tribunal Constitucional tienen que renunciar pues no pueden estar por encima del primer \u00d3rgano del Estado que es la Asamblea Legislativa. Si persisten en su posici\u00f3n es muy peligroso porque el d\u00eda de ma\u00f1ana ellos se tendr\u00e1n que someter a procesos\u201d, dijo.<br \/>\nAgreg\u00f3 que varios exmagistrados comprendieron esa situaci\u00f3n y evitaron problemas presentando sus notas de renuncia, alej\u00e1ndose de intentos de pr\u00f3rroga que en el futuro pueden derivar en procesos por usurpaci\u00f3n de funciones y emisi\u00f3n de fallos fuera de tiempo. \u201cLos que contin\u00faan en esta posici\u00f3n creen que la ley va estar eternamente en favor de ellos\u201d, indic\u00f3 Porcel.<br \/>\nAnte una complicada coyuntura debido a la crisis en el \u00d3rgano Judicial, sumado a las medidas de presi\u00f3n de sectores radicales en el MAS que exigen la renuncia de Magistrados y una ley que garantice la realizaci\u00f3n de las Elecciones judiciales, Porcel se\u00f1ala que la \u00fanica salida viable pasa por la renuncia de las actuales cabezas de la justicia.<br \/>\n\u201cEs sencillo, lo que tienen que hacer los Magistrados que se est\u00e1n aferrando a sus cargos, que no les corresponden, es renunciar y listo, se zanja todo\u201d, concluy\u00f3<br \/>\nDesde la agrupaci\u00f3n Creemos, el diputado Leonardo Ayala afirm\u00f3 que como \u00d3rgano independiente, los legisladores no est\u00e1n en condiciones de legalizar nada y menos una \u201cautopr\u00f3rroga\u201d dictada por el \u00d3rgano Judicial que tiene efectos sobre esta misma instancia.<br \/>\n\u201cNo tenemos la potestad para prorrogar a nadie, su mandato de los magistrados ya feneci\u00f3 y esa es la postura. Se tienen que ir y los comicios judiciales se tienen que dar lo antes posible\u201d, dijo Ayala, afirmando que los parlamentarios no entrar\u00e1n en el juego de reconocer una pr\u00f3rroga.<br \/>\nExplic\u00f3 adem\u00e1s que el trabajo de la \u201cComisi\u00f3n Bicameral y Multipartidaria\u201d tendr\u00e1 los frutos esperados, lo que permitir\u00e1 levantar la medida del bloqueo de carreteras.<br \/>\nPor su parte, el diputado Walthy Eg\u00fcez, apunt\u00f3 al Gobierno por pretender obligar a la ALP, mediante chicanas jur\u00eddicas, legitimar la pr\u00f3rroga pol\u00edtica de Magistrados.<br \/>\n\u201cEst\u00e1 m\u00e1s que claro. Lo reiteramos, el gobierno del MAS est\u00e1 tomando por asalto el sistema judicial de la manera m\u00e1s c\u00ednica y cruel con el pa\u00eds. Mediante este auto constitucional se busca hacer fracasar el di\u00e1logo por las elecciones judiciales. Se trata de otro recurso destinado a anular todo intento de cambiar a los magistrados que ya est\u00e1n absorbidos por la corrupci\u00f3n\u201d, afirm\u00f3.<br \/>\nEn este sentido, advirti\u00f3 que el pa\u00eds est\u00e1 ante un grave riesgo de ruptura de la democracia debido al abuso de poder del MAS, que busca de todas las formas anular la Asamblea Legislativa, por ende, a la democracia.<\/p>\n","protected":false},"excerpt":{"rendered":"<p>Tras la emisi\u00f3n del Auto Constitucional con el que magistrados del Tribunal Constitucional Plurinacional (TCP) ordenan a la Asamblea Legislativa Plurinacional (ALP) a reconocer la pr\u00f3rroga en sus mandatos, el diputado por Comunidad Ciudadana, Jos\u00e9 Luis Porcel, sostuvo que el actuar de las actuales cabezas del \u00d3rgano Judicial responde a un temor de ser procesados [&hellip;]<\/p>\n","protected":false},"author":1,"featured_media":200832,"comment_status":"open","ping_status":"open","sticky":false,"template":"","format":"standard","meta":{"_acf_changed":false,"footnotes":""},"categories":[14],"tags":[],"class_list":["post-200831","post","type-post","status-publish","format-standard","has-post-thumbnail","category-politica"],"acf":{"antetitulo":"Al dejar sus cargos"},"yoast_head":"<!-- This site is optimized with the Yoast SEO plugin v28.4 - https:\/\/yoast.com\/product\/yoast-seo-wordpress\/ -->\n<title>Actos de magistrados responden a un temor por posibles procesos - El Diario - Bolivia<\/title>\n<meta name=\"robots\" content=\"index, follow, max-snippet:-1, max-image-preview:large, max-video-preview:-1\" \/>\n<link rel=\"canonical\" href=\"https:\/\/www.eldiario.net\/portal\/2024\/02\/02\/actos-de-magistrados-responden-a-un-temor-por-posibles-procesos\/\" \/>\n<meta property=\"og:locale\" content=\"es_ES\" \/>\n<meta property=\"og:type\" content=\"article\" \/>\n<meta property=\"og:title\" content=\"Actos de magistrados responden a un temor por posibles procesos - El Diario - Bolivia\" \/>\n<meta property=\"og:description\" content=\"Tras la emisi\u00f3n del Auto Constitucional con el que magistrados del Tribunal Constitucional Plurinacional (TCP) ordenan a la Asamblea Legislativa Plurinacional (ALP) a reconocer la pr\u00f3rroga en sus mandatos, el diputado por Comunidad Ciudadana, Jos\u00e9 Luis Porcel, sostuvo que el actuar de las actuales cabezas del \u00d3rgano Judicial responde a un temor de ser procesados [&hellip;]\" \/>\n<meta property=\"og:url\" content=\"https:\/\/www.eldiario.net\/portal\/2024\/02\/02\/actos-de-magistrados-responden-a-un-temor-por-posibles-procesos\/\" \/>\n<meta property=\"og:site_name\" content=\"El Diario - Bolivia\" \/>\n<meta property=\"article:publisher\" content=\"https:\/\/www.facebook.com\/eldiario.bolivia\/\" \/>\n<meta property=\"article:published_time\" content=\"2024-02-02T10:41:37+00:00\" \/>\n<meta property=\"og:image\" content=\"https:\/\/www.eldiario.net\/portal\/wp-content\/uploads\/2024\/02\/TEMOR-MAGISTRADOS-TCP.jpg\" \/>\n\t<meta property=\"og:image:width\" content=\"600\" \/>\n\t<meta property=\"og:image:height\" content=\"338\" \/>\n\t<meta property=\"og:image:type\" content=\"image\/jpeg\" \/>\n<meta name=\"author\" content=\"Jeanette\" \/>\n<meta name=\"twitter:card\" content=\"summary_large_image\" \/>\n<meta name=\"twitter:creator\" content=\"@eldiario_net\" \/>\n<meta name=\"twitter:site\" content=\"@eldiario_net\" \/>\n<meta name=\"twitter:label1\" content=\"Escrito por\" \/>\n\t<meta name=\"twitter:data1\" content=\"Jeanette\" \/>\n\t<meta name=\"twitter:label2\" content=\"Tiempo de lectura\" \/>\n\t<meta name=\"twitter:data2\" content=\"4 minutos\" \/>\n<script type=\"application\/ld+json\" class=\"yoast-schema-graph\">{\"@context\":\"https:\\\/\\\/schema.org\",\"@graph\":[{\"@type\":\"Article\",\"@id\":\"https:\\\/\\\/www.eldiario.net\\\/portal\\\/2024\\\/02\\\/02\\\/actos-de-magistrados-responden-a-un-temor-por-posibles-procesos\\\/#article\",\"isPartOf\":{\"@id\":\"https:\\\/\\\/www.eldiario.net\\\/portal\\\/2024\\\/02\\\/02\\\/actos-de-magistrados-responden-a-un-temor-por-posibles-procesos\\\/\"},\"author\":{\"name\":\"Jeanette\",\"@id\":\"https:\\\/\\\/www.eldiario.net\\\/portal\\\/#\\\/schema\\\/person\\\/2c57cf2b7a7ae032e449e4c9b1019eac\"},\"headline\":\"Actos de magistrados responden a un temor por posibles procesos\",\"datePublished\":\"2024-02-02T10:41:37+00:00\",\"mainEntityOfPage\":{\"@id\":\"https:\\\/\\\/www.eldiario.net\\\/portal\\\/2024\\\/02\\\/02\\\/actos-de-magistrados-responden-a-un-temor-por-posibles-procesos\\\/\"},\"wordCount\":692,\"commentCount\":0,\"publisher\":{\"@id\":\"https:\\\/\\\/www.eldiario.net\\\/portal\\\/#organization\"},\"image\":{\"@id\":\"https:\\\/\\\/www.eldiario.net\\\/portal\\\/2024\\\/02\\\/02\\\/actos-de-magistrados-responden-a-un-temor-por-posibles-procesos\\\/#primaryimage\"},\"thumbnailUrl\":\"https:\\\/\\\/www.eldiario.net\\\/portal\\\/wp-content\\\/uploads\\\/2024\\\/02\\\/TEMOR-MAGISTRADOS-TCP.jpg\",\"articleSection\":[\"Pol\u00edtica\"],\"inLanguage\":\"es\",\"potentialAction\":[{\"@type\":\"CommentAction\",\"name\":\"Comment\",\"target\":[\"https:\\\/\\\/www.eldiario.net\\\/portal\\\/2024\\\/02\\\/02\\\/actos-de-magistrados-responden-a-un-temor-por-posibles-procesos\\\/#respond\"]}]},{\"@type\":\"WebPage\",\"@id\":\"https:\\\/\\\/www.eldiario.net\\\/portal\\\/2024\\\/02\\\/02\\\/actos-de-magistrados-responden-a-un-temor-por-posibles-procesos\\\/\",\"url\":\"https:\\\/\\\/www.eldiario.net\\\/portal\\\/2024\\\/02\\\/02\\\/actos-de-magistrados-responden-a-un-temor-por-posibles-procesos\\\/\",\"name\":\"Actos de magistrados responden a un temor por posibles procesos - El Diario - Bolivia\",\"isPartOf\":{\"@id\":\"https:\\\/\\\/www.eldiario.net\\\/portal\\\/#website\"},\"primaryImageOfPage\":{\"@id\":\"https:\\\/\\\/www.eldiario.net\\\/portal\\\/2024\\\/02\\\/02\\\/actos-de-magistrados-responden-a-un-temor-por-posibles-procesos\\\/#primaryimage\"},\"image\":{\"@id\":\"https:\\\/\\\/www.eldiario.net\\\/portal\\\/2024\\\/02\\\/02\\\/actos-de-magistrados-responden-a-un-temor-por-posibles-procesos\\\/#primaryimage\"},\"thumbnailUrl\":\"https:\\\/\\\/www.eldiario.net\\\/portal\\\/wp-content\\\/uploads\\\/2024\\\/02\\\/TEMOR-MAGISTRADOS-TCP.jpg\",\"datePublished\":\"2024-02-02T10:41:37+00:00\",\"breadcrumb\":{\"@id\":\"https:\\\/\\\/www.eldiario.net\\\/portal\\\/2024\\\/02\\\/02\\\/actos-de-magistrados-responden-a-un-temor-por-posibles-procesos\\\/#breadcrumb\"},\"inLanguage\":\"es\",\"potentialAction\":[{\"@type\":\"ReadAction\",\"target\":[\"https:\\\/\\\/www.eldiario.net\\\/portal\\\/2024\\\/02\\\/02\\\/actos-de-magistrados-responden-a-un-temor-por-posibles-procesos\\\/\"]}]},{\"@type\":\"ImageObject\",\"inLanguage\":\"es\",\"@id\":\"https:\\\/\\\/www.eldiario.net\\\/portal\\\/2024\\\/02\\\/02\\\/actos-de-magistrados-responden-a-un-temor-por-posibles-procesos\\\/#primaryimage\",\"url\":\"https:\\\/\\\/www.eldiario.net\\\/portal\\\/wp-content\\\/uploads\\\/2024\\\/02\\\/TEMOR-MAGISTRADOS-TCP.jpg\",\"contentUrl\":\"https:\\\/\\\/www.eldiario.net\\\/portal\\\/wp-content\\\/uploads\\\/2024\\\/02\\\/TEMOR-MAGISTRADOS-TCP.jpg\",\"width\":600,\"height\":338,\"caption\":\"Magistrados del TCP.\"},{\"@type\":\"BreadcrumbList\",\"@id\":\"https:\\\/\\\/www.eldiario.net\\\/portal\\\/2024\\\/02\\\/02\\\/actos-de-magistrados-responden-a-un-temor-por-posibles-procesos\\\/#breadcrumb\",\"itemListElement\":[{\"@type\":\"ListItem\",\"position\":1,\"name\":\"Portada\",\"item\":\"https:\\\/\\\/www.eldiario.net\\\/portal\\\/\"},{\"@type\":\"ListItem\",\"position\":2,\"name\":\"Actos de magistrados responden a un temor por posibles procesos\"}]},{\"@type\":\"WebSite\",\"@id\":\"https:\\\/\\\/www.eldiario.net\\\/portal\\\/#website\",\"url\":\"https:\\\/\\\/www.eldiario.net\\\/portal\\\/\",\"name\":\"El Diario - Decano de la prensa nacional\",\"description\":\"El Diario - Decano de la prensa nacional\",\"publisher\":{\"@id\":\"https:\\\/\\\/www.eldiario.net\\\/portal\\\/#organization\"},\"potentialAction\":[{\"@type\":\"SearchAction\",\"target\":{\"@type\":\"EntryPoint\",\"urlTemplate\":\"https:\\\/\\\/www.eldiario.net\\\/portal\\\/?s={search_term_string}\"},\"query-input\":{\"@type\":\"PropertyValueSpecification\",\"valueRequired\":true,\"valueName\":\"search_term_string\"}}],\"inLanguage\":\"es\"},{\"@type\":\"Organization\",\"@id\":\"https:\\\/\\\/www.eldiario.net\\\/portal\\\/#organization\",\"name\":\"El Diario - Decano de la prensa nacional\",\"url\":\"https:\\\/\\\/www.eldiario.net\\\/portal\\\/\",\"logo\":{\"@type\":\"ImageObject\",\"inLanguage\":\"es\",\"@id\":\"https:\\\/\\\/www.eldiario.net\\\/portal\\\/#\\\/schema\\\/logo\\\/image\\\/\",\"url\":\"https:\\\/\\\/www.eldiario.net\\\/portal\\\/wp-content\\\/uploads\\\/2023\\\/07\\\/logo_ED.jpg\",\"contentUrl\":\"https:\\\/\\\/www.eldiario.net\\\/portal\\\/wp-content\\\/uploads\\\/2023\\\/07\\\/logo_ED.jpg\",\"width\":272,\"height\":52,\"caption\":\"El Diario - Decano de la prensa nacional\"},\"image\":{\"@id\":\"https:\\\/\\\/www.eldiario.net\\\/portal\\\/#\\\/schema\\\/logo\\\/image\\\/\"},\"sameAs\":[\"https:\\\/\\\/www.facebook.com\\\/eldiario.bolivia\\\/\",\"https:\\\/\\\/x.com\\\/eldiario_net\"]},{\"@type\":\"Person\",\"@id\":\"https:\\\/\\\/www.eldiario.net\\\/portal\\\/#\\\/schema\\\/person\\\/2c57cf2b7a7ae032e449e4c9b1019eac\",\"name\":\"Jeanette\",\"image\":{\"@type\":\"ImageObject\",\"inLanguage\":\"es\",\"@id\":\"https:\\\/\\\/secure.gravatar.com\\\/avatar\\\/3ea2118a5f7dad2b7138b1187a6b7ee55f160b9968b66013c3a3ef39dd7e5798?s=96&d=mm&r=g\",\"url\":\"https:\\\/\\\/secure.gravatar.com\\\/avatar\\\/3ea2118a5f7dad2b7138b1187a6b7ee55f160b9968b66013c3a3ef39dd7e5798?s=96&d=mm&r=g\",\"contentUrl\":\"https:\\\/\\\/secure.gravatar.com\\\/avatar\\\/3ea2118a5f7dad2b7138b1187a6b7ee55f160b9968b66013c3a3ef39dd7e5798?s=96&d=mm&r=g\",\"caption\":\"Jeanette\"},\"sameAs\":[\"https:\\\/\\\/www.eldiario.net\\\/portal\"],\"url\":\"https:\\\/\\\/www.eldiario.net\\\/portal\\\/author\\\/jeanette\\\/\"}]}<\/script>\n<!-- \/ Yoast SEO plugin. -->","yoast_head_json":{"title":"Actos de magistrados responden a un temor por posibles procesos - El Diario - Bolivia","robots":{"index":"index","follow":"follow","max-snippet":"max-snippet:-1","max-image-preview":"max-image-preview:large","max-video-preview":"max-video-preview:-1"},"canonical":"https:\/\/www.eldiario.net\/portal\/2024\/02\/02\/actos-de-magistrados-responden-a-un-temor-por-posibles-procesos\/","og_locale":"es_ES","og_type":"article","og_title":"Actos de magistrados responden a un temor por posibles procesos - El Diario - Bolivia","og_description":"Tras la emisi\u00f3n del Auto Constitucional con el que magistrados del Tribunal Constitucional Plurinacional (TCP) ordenan a la Asamblea Legislativa Plurinacional (ALP) a reconocer la pr\u00f3rroga en sus mandatos, el diputado por Comunidad Ciudadana, Jos\u00e9 Luis Porcel, sostuvo que el actuar de las actuales cabezas del \u00d3rgano Judicial responde a un temor de ser procesados [&hellip;]","og_url":"https:\/\/www.eldiario.net\/portal\/2024\/02\/02\/actos-de-magistrados-responden-a-un-temor-por-posibles-procesos\/","og_site_name":"El Diario - Bolivia","article_publisher":"https:\/\/www.facebook.com\/eldiario.bolivia\/","article_published_time":"2024-02-02T10:41:37+00:00","og_image":[{"width":600,"height":338,"url":"https:\/\/www.eldiario.net\/portal\/wp-content\/uploads\/2024\/02\/TEMOR-MAGISTRADOS-TCP.jpg","type":"image\/jpeg"}],"author":"Jeanette","twitter_card":"summary_large_image","twitter_creator":"@eldiario_net","twitter_site":"@eldiario_net","twitter_misc":{"Escrito por":"Jeanette","Tiempo de lectura":"4 minutos"},"schema":{"@context":"https:\/\/schema.org","@graph":[{"@type":"Article","@id":"https:\/\/www.eldiario.net\/portal\/2024\/02\/02\/actos-de-magistrados-responden-a-un-temor-por-posibles-procesos\/#article","isPartOf":{"@id":"https:\/\/www.eldiario.net\/portal\/2024\/02\/02\/actos-de-magistrados-responden-a-un-temor-por-posibles-procesos\/"},"author":{"name":"Jeanette","@id":"https:\/\/www.eldiario.net\/portal\/#\/schema\/person\/2c57cf2b7a7ae032e449e4c9b1019eac"},"headline":"Actos de magistrados responden a un temor por posibles procesos","datePublished":"2024-02-02T10:41:37+00:00","mainEntityOfPage":{"@id":"https:\/\/www.eldiario.net\/portal\/2024\/02\/02\/actos-de-magistrados-responden-a-un-temor-por-posibles-procesos\/"},"wordCount":692,"commentCount":0,"publisher":{"@id":"https:\/\/www.eldiario.net\/portal\/#organization"},"image":{"@id":"https:\/\/www.eldiario.net\/portal\/2024\/02\/02\/actos-de-magistrados-responden-a-un-temor-por-posibles-procesos\/#primaryimage"},"thumbnailUrl":"https:\/\/www.eldiario.net\/portal\/wp-content\/uploads\/2024\/02\/TEMOR-MAGISTRADOS-TCP.jpg","articleSection":["Pol\u00edtica"],"inLanguage":"es","potentialAction":[{"@type":"CommentAction","name":"Comment","target":["https:\/\/www.eldiario.net\/portal\/2024\/02\/02\/actos-de-magistrados-responden-a-un-temor-por-posibles-procesos\/#respond"]}]},{"@type":"WebPage","@id":"https:\/\/www.eldiario.net\/portal\/2024\/02\/02\/actos-de-magistrados-responden-a-un-temor-por-posibles-procesos\/","url":"https:\/\/www.eldiario.net\/portal\/2024\/02\/02\/actos-de-magistrados-responden-a-un-temor-por-posibles-procesos\/","name":"Actos de magistrados responden a un temor por posibles procesos - El Diario - Bolivia","isPartOf":{"@id":"https:\/\/www.eldiario.net\/portal\/#website"},"primaryImageOfPage":{"@id":"https:\/\/www.eldiario.net\/portal\/2024\/02\/02\/actos-de-magistrados-responden-a-un-temor-por-posibles-procesos\/#primaryimage"},"image":{"@id":"https:\/\/www.eldiario.net\/portal\/2024\/02\/02\/actos-de-magistrados-responden-a-un-temor-por-posibles-procesos\/#primaryimage"},"thumbnailUrl":"https:\/\/www.eldiario.net\/portal\/wp-content\/uploads\/2024\/02\/TEMOR-MAGISTRADOS-TCP.jpg","datePublished":"2024-02-02T10:41:37+00:00","breadcrumb":{"@id":"https:\/\/www.eldiario.net\/portal\/2024\/02\/02\/actos-de-magistrados-responden-a-un-temor-por-posibles-procesos\/#breadcrumb"},"inLanguage":"es","potentialAction":[{"@type":"ReadAction","target":["https:\/\/www.eldiario.net\/portal\/2024\/02\/02\/actos-de-magistrados-responden-a-un-temor-por-posibles-procesos\/"]}]},{"@type":"ImageObject","inLanguage":"es","@id":"https:\/\/www.eldiario.net\/portal\/2024\/02\/02\/actos-de-magistrados-responden-a-un-temor-por-posibles-procesos\/#primaryimage","url":"https:\/\/www.eldiario.net\/portal\/wp-content\/uploads\/2024\/02\/TEMOR-MAGISTRADOS-TCP.jpg","contentUrl":"https:\/\/www.eldiario.net\/portal\/wp-content\/uploads\/2024\/02\/TEMOR-MAGISTRADOS-TCP.jpg","width":600,"height":338,"caption":"Magistrados del TCP."},{"@type":"BreadcrumbList","@id":"https:\/\/www.eldiario.net\/portal\/2024\/02\/02\/actos-de-magistrados-responden-a-un-temor-por-posibles-procesos\/#breadcrumb","itemListElement":[{"@type":"ListItem","position":1,"name":"Portada","item":"https:\/\/www.eldiario.net\/portal\/"},{"@type":"ListItem","position":2,"name":"Actos de magistrados responden a un temor por posibles procesos"}]},{"@type":"WebSite","@id":"https:\/\/www.eldiario.net\/portal\/#website","url":"https:\/\/www.eldiario.net\/portal\/","name":"El Diario - Decano de la prensa nacional","description":"El Diario - Decano de la prensa nacional","publisher":{"@id":"https:\/\/www.eldiario.net\/portal\/#organization"},"potentialAction":[{"@type":"SearchAction","target":{"@type":"EntryPoint","urlTemplate":"https:\/\/www.eldiario.net\/portal\/?s={search_term_string}"},"query-input":{"@type":"PropertyValueSpecification","valueRequired":true,"valueName":"search_term_string"}}],"inLanguage":"es"},{"@type":"Organization","@id":"https:\/\/www.eldiario.net\/portal\/#organization","name":"El Diario - Decano de la prensa nacional","url":"https:\/\/www.eldiario.net\/portal\/","logo":{"@type":"ImageObject","inLanguage":"es","@id":"https:\/\/www.eldiario.net\/portal\/#\/schema\/logo\/image\/","url":"https:\/\/www.eldiario.net\/portal\/wp-content\/uploads\/2023\/07\/logo_ED.jpg","contentUrl":"https:\/\/www.eldiario.net\/portal\/wp-content\/uploads\/2023\/07\/logo_ED.jpg","width":272,"height":52,"caption":"El Diario - Decano de la prensa nacional"},"image":{"@id":"https:\/\/www.eldiario.net\/portal\/#\/schema\/logo\/image\/"},"sameAs":["https:\/\/www.facebook.com\/eldiario.bolivia\/","https:\/\/x.com\/eldiario_net"]},{"@type":"Person","@id":"https:\/\/www.eldiario.net\/portal\/#\/schema\/person\/2c57cf2b7a7ae032e449e4c9b1019eac","name":"Jeanette","image":{"@type":"ImageObject","inLanguage":"es","@id":"https:\/\/secure.gravatar.com\/avatar\/3ea2118a5f7dad2b7138b1187a6b7ee55f160b9968b66013c3a3ef39dd7e5798?s=96&d=mm&r=g","url":"https:\/\/secure.gravatar.com\/avatar\/3ea2118a5f7dad2b7138b1187a6b7ee55f160b9968b66013c3a3ef39dd7e5798?s=96&d=mm&r=g","contentUrl":"https:\/\/secure.gravatar.com\/avatar\/3ea2118a5f7dad2b7138b1187a6b7ee55f160b9968b66013c3a3ef39dd7e5798?s=96&d=mm&r=g","caption":"Jeanette"},"sameAs":["https:\/\/www.eldiario.net\/portal"],"url":"https:\/\/www.eldiario.net\/portal\/author\/jeanette\/"}]}},"_links":{"self":[{"href":"https:\/\/www.eldiario.net\/portal\/wp-json\/wp\/v2\/posts\/200831","targetHints":{"allow":["GET"]}}],"collection":[{"href":"https:\/\/www.eldiario.net\/portal\/wp-json\/wp\/v2\/posts"}],"about":[{"href":"https:\/\/www.eldiario.net\/portal\/wp-json\/wp\/v2\/types\/post"}],"author":[{"embeddable":true,"href":"https:\/\/www.eldiario.net\/portal\/wp-json\/wp\/v2\/users\/1"}],"replies":[{"embeddable":true,"href":"https:\/\/www.eldiario.net\/portal\/wp-json\/wp\/v2\/comments?post=200831"}],"version-history":[{"count":1,"href":"https:\/\/www.eldiario.net\/portal\/wp-json\/wp\/v2\/posts\/200831\/revisions"}],"predecessor-version":[{"id":200833,"href":"https:\/\/www.eldiario.net\/portal\/wp-json\/wp\/v2\/posts\/200831\/revisions\/200833"}],"wp:featuredmedia":[{"embeddable":true,"href":"https:\/\/www.eldiario.net\/portal\/wp-json\/wp\/v2\/media\/200832"}],"wp:attachment":[{"href":"https:\/\/www.eldiario.net\/portal\/wp-json\/wp\/v2\/media?parent=200831"}],"wp:term":[{"taxonomy":"category","embeddable":true,"href":"https:\/\/www.eldiario.net\/portal\/wp-json\/wp\/v2\/categories?post=200831"},{"taxonomy":"post_tag","embeddable":true,"href":"https:\/\/www.eldiario.net\/portal\/wp-json\/wp\/v2\/tags?post=200831"}],"curies":[{"name":"wp","href":"https:\/\/api.w.org\/{rel}","templated":true}]}}