{"id":200828,"date":"2024-02-02T06:40:54","date_gmt":"2024-02-02T10:40:54","guid":{"rendered":"https:\/\/www.eldiario.net\/portal\/?p=200828"},"modified":"2024-02-02T06:40:54","modified_gmt":"2024-02-02T10:40:54","slug":"senalan-que-el-mas-ha-dejado-de-representar-a-las-grandes-mayorias","status":"publish","type":"post","link":"https:\/\/www.eldiario.net\/portal\/2024\/02\/02\/senalan-que-el-mas-ha-dejado-de-representar-a-las-grandes-mayorias\/","title":{"rendered":"Se\u00f1alan que el MAS ha dejado de  representar a las grandes mayor\u00edas"},"content":{"rendered":"<p>Precisando que la lucha interna entre las dos facciones del masismo para mantenerse en el poder, o recuperarlo, el senador por Comunidad Ciudadana (CC), Rodrigo Paz Pereira, asegur\u00f3 que el Movimiento al Socialismo (MAS) ha muerto como representante de las organizaciones sociales del pa\u00eds, ya que dej\u00f3 de luchar por las necesidades de la gente.<br \/>\nEn declaraciones a medios de prensa en la Sede de Gobierno, Paz sostuvo que los bloques enfrentados al interior del partido en funci\u00f3n de Gobierno han conseguido que esta organizaci\u00f3n pol\u00edtica deje de representar los intereses de la poblaci\u00f3n, sobre todo de los sectores m\u00e1s humildes.<br \/>\n\u201cDej\u00f3 de representar y luchar por la comida en la mesa, por el techo y por el empleo de los bolivianos. Este pleito de los dos bloques de poder en el partido azul hizo que se olviden de la poblaci\u00f3n, y por ende, el MAS ha muerto como organizaci\u00f3n y solo significa la representaci\u00f3n en la lucha por el poder, los recursos y la justicia\u201d, manifest\u00f3 el asamble\u00edsta.<br \/>\nEn esa l\u00ednea, se\u00f1al\u00f3 que en la actualidad, el pa\u00eds es testigo de un pleito entre dos poderes que se han olvidado de la poblaci\u00f3n, para priorizar intereses pol\u00edtico-electorales de facciones enfrentadas por mantenerse en la administraci\u00f3n del Estado.<br \/>\nPor lo expuesto, Paz apunt\u00f3 a la Asamblea Legislativa como la instancia llamada a defender los intereses de la ciudadan\u00eda, evitando que la justicia contin\u00fae en manos de quienes la usan para la persecuci\u00f3n y la violaci\u00f3n de derechos.<br \/>\n\u201cHoy en d\u00eda, el Parlamento debe ser la instancia que represente a la poblaci\u00f3n y pelear por una justicia para todos los bolivianos, y no solo para intereses de Evo Morales y Luis Arce\u201d, expres\u00f3.<br \/>\nEn esa l\u00ednea el Legislativo est\u00e1 en la potestad de darle certeza a la ciudadan\u00eda, particularmente a las personas que tienen juicios en los altos tribunales de justicia del Estado, para que el 2024 se garantice la continuidad de los servicios, atribuciones y funciones que cumple este poder estatal, en el marco de las leyes, la Constituci\u00f3n y el encargo del soberano.<\/p>\n","protected":false},"excerpt":{"rendered":"<p>Precisando que la lucha interna entre las dos facciones del masismo para mantenerse en el poder, o recuperarlo, el senador por Comunidad Ciudadana (CC), Rodrigo Paz Pereira, asegur\u00f3 que el Movimiento al Socialismo (MAS) ha muerto como representante de las organizaciones sociales del pa\u00eds, ya que dej\u00f3 de luchar por las necesidades de la gente. [&hellip;]<\/p>\n","protected":false},"author":1,"featured_media":200829,"comment_status":"open","ping_status":"open","sticky":false,"template":"","format":"standard","meta":{"_acf_changed":false,"footnotes":""},"categories":[14],"tags":[],"class_list":["post-200828","post","type-post","status-publish","format-standard","has-post-thumbnail","category-politica"],"acf":{"antetitulo":"Ha muerto como organizaci\u00f3n"},"yoast_head":"<!-- This site is optimized with the Yoast SEO plugin v28.4 - https:\/\/yoast.com\/product\/yoast-seo-wordpress\/ -->\n<title>Se\u00f1alan que el MAS ha dejado de representar a las grandes mayor\u00edas - El Diario - Bolivia<\/title>\n<meta name=\"robots\" content=\"index, follow, max-snippet:-1, max-image-preview:large, max-video-preview:-1\" \/>\n<link rel=\"canonical\" href=\"https:\/\/www.eldiario.net\/portal\/2024\/02\/02\/senalan-que-el-mas-ha-dejado-de-representar-a-las-grandes-mayorias\/\" \/>\n<meta property=\"og:locale\" content=\"es_ES\" \/>\n<meta property=\"og:type\" content=\"article\" \/>\n<meta property=\"og:title\" content=\"Se\u00f1alan que el MAS ha dejado de representar a las grandes mayor\u00edas - El Diario - Bolivia\" \/>\n<meta property=\"og:description\" content=\"Precisando que la lucha interna entre las dos facciones del masismo para mantenerse en el poder, o recuperarlo, el senador por Comunidad Ciudadana (CC), Rodrigo Paz Pereira, asegur\u00f3 que el Movimiento al Socialismo (MAS) ha muerto como representante de las organizaciones sociales del pa\u00eds, ya que dej\u00f3 de luchar por las necesidades de la gente. [&hellip;]\" \/>\n<meta property=\"og:url\" content=\"https:\/\/www.eldiario.net\/portal\/2024\/02\/02\/senalan-que-el-mas-ha-dejado-de-representar-a-las-grandes-mayorias\/\" \/>\n<meta property=\"og:site_name\" content=\"El Diario - Bolivia\" \/>\n<meta property=\"article:publisher\" content=\"https:\/\/www.facebook.com\/eldiario.bolivia\/\" \/>\n<meta property=\"article:published_time\" content=\"2024-02-02T10:40:54+00:00\" \/>\n<meta property=\"og:image\" content=\"https:\/\/www.eldiario.net\/portal\/wp-content\/uploads\/2024\/02\/DEJADO-PAZ.jpg\" \/>\n\t<meta property=\"og:image:width\" content=\"1280\" \/>\n\t<meta property=\"og:image:height\" content=\"1235\" \/>\n\t<meta property=\"og:image:type\" content=\"image\/jpeg\" \/>\n<meta name=\"author\" content=\"Jeanette\" \/>\n<meta name=\"twitter:card\" content=\"summary_large_image\" \/>\n<meta name=\"twitter:creator\" content=\"@eldiario_net\" \/>\n<meta name=\"twitter:site\" content=\"@eldiario_net\" \/>\n<meta name=\"twitter:label1\" content=\"Escrito por\" \/>\n\t<meta name=\"twitter:data1\" content=\"Jeanette\" \/>\n\t<meta name=\"twitter:label2\" content=\"Tiempo de lectura\" \/>\n\t<meta name=\"twitter:data2\" content=\"2 minutos\" \/>\n<script type=\"application\/ld+json\" class=\"yoast-schema-graph\">{\"@context\":\"https:\\\/\\\/schema.org\",\"@graph\":[{\"@type\":\"Article\",\"@id\":\"https:\\\/\\\/www.eldiario.net\\\/portal\\\/2024\\\/02\\\/02\\\/senalan-que-el-mas-ha-dejado-de-representar-a-las-grandes-mayorias\\\/#article\",\"isPartOf\":{\"@id\":\"https:\\\/\\\/www.eldiario.net\\\/portal\\\/2024\\\/02\\\/02\\\/senalan-que-el-mas-ha-dejado-de-representar-a-las-grandes-mayorias\\\/\"},\"author\":{\"name\":\"Jeanette\",\"@id\":\"https:\\\/\\\/www.eldiario.net\\\/portal\\\/#\\\/schema\\\/person\\\/2c57cf2b7a7ae032e449e4c9b1019eac\"},\"headline\":\"Se\u00f1alan que el MAS ha dejado de representar a las grandes mayor\u00edas\",\"datePublished\":\"2024-02-02T10:40:54+00:00\",\"mainEntityOfPage\":{\"@id\":\"https:\\\/\\\/www.eldiario.net\\\/portal\\\/2024\\\/02\\\/02\\\/senalan-que-el-mas-ha-dejado-de-representar-a-las-grandes-mayorias\\\/\"},\"wordCount\":382,\"commentCount\":0,\"publisher\":{\"@id\":\"https:\\\/\\\/www.eldiario.net\\\/portal\\\/#organization\"},\"image\":{\"@id\":\"https:\\\/\\\/www.eldiario.net\\\/portal\\\/2024\\\/02\\\/02\\\/senalan-que-el-mas-ha-dejado-de-representar-a-las-grandes-mayorias\\\/#primaryimage\"},\"thumbnailUrl\":\"https:\\\/\\\/www.eldiario.net\\\/portal\\\/wp-content\\\/uploads\\\/2024\\\/02\\\/DEJADO-PAZ.jpg\",\"articleSection\":[\"Pol\u00edtica\"],\"inLanguage\":\"es\",\"potentialAction\":[{\"@type\":\"CommentAction\",\"name\":\"Comment\",\"target\":[\"https:\\\/\\\/www.eldiario.net\\\/portal\\\/2024\\\/02\\\/02\\\/senalan-que-el-mas-ha-dejado-de-representar-a-las-grandes-mayorias\\\/#respond\"]}]},{\"@type\":\"WebPage\",\"@id\":\"https:\\\/\\\/www.eldiario.net\\\/portal\\\/2024\\\/02\\\/02\\\/senalan-que-el-mas-ha-dejado-de-representar-a-las-grandes-mayorias\\\/\",\"url\":\"https:\\\/\\\/www.eldiario.net\\\/portal\\\/2024\\\/02\\\/02\\\/senalan-que-el-mas-ha-dejado-de-representar-a-las-grandes-mayorias\\\/\",\"name\":\"Se\u00f1alan que el MAS ha dejado de representar a las grandes mayor\u00edas - El Diario - Bolivia\",\"isPartOf\":{\"@id\":\"https:\\\/\\\/www.eldiario.net\\\/portal\\\/#website\"},\"primaryImageOfPage\":{\"@id\":\"https:\\\/\\\/www.eldiario.net\\\/portal\\\/2024\\\/02\\\/02\\\/senalan-que-el-mas-ha-dejado-de-representar-a-las-grandes-mayorias\\\/#primaryimage\"},\"image\":{\"@id\":\"https:\\\/\\\/www.eldiario.net\\\/portal\\\/2024\\\/02\\\/02\\\/senalan-que-el-mas-ha-dejado-de-representar-a-las-grandes-mayorias\\\/#primaryimage\"},\"thumbnailUrl\":\"https:\\\/\\\/www.eldiario.net\\\/portal\\\/wp-content\\\/uploads\\\/2024\\\/02\\\/DEJADO-PAZ.jpg\",\"datePublished\":\"2024-02-02T10:40:54+00:00\",\"breadcrumb\":{\"@id\":\"https:\\\/\\\/www.eldiario.net\\\/portal\\\/2024\\\/02\\\/02\\\/senalan-que-el-mas-ha-dejado-de-representar-a-las-grandes-mayorias\\\/#breadcrumb\"},\"inLanguage\":\"es\",\"potentialAction\":[{\"@type\":\"ReadAction\",\"target\":[\"https:\\\/\\\/www.eldiario.net\\\/portal\\\/2024\\\/02\\\/02\\\/senalan-que-el-mas-ha-dejado-de-representar-a-las-grandes-mayorias\\\/\"]}]},{\"@type\":\"ImageObject\",\"inLanguage\":\"es\",\"@id\":\"https:\\\/\\\/www.eldiario.net\\\/portal\\\/2024\\\/02\\\/02\\\/senalan-que-el-mas-ha-dejado-de-representar-a-las-grandes-mayorias\\\/#primaryimage\",\"url\":\"https:\\\/\\\/www.eldiario.net\\\/portal\\\/wp-content\\\/uploads\\\/2024\\\/02\\\/DEJADO-PAZ.jpg\",\"contentUrl\":\"https:\\\/\\\/www.eldiario.net\\\/portal\\\/wp-content\\\/uploads\\\/2024\\\/02\\\/DEJADO-PAZ.jpg\",\"width\":1280,\"height\":1235,\"caption\":\"Senador, Rodrigo Paz Pereira (CC).\"},{\"@type\":\"BreadcrumbList\",\"@id\":\"https:\\\/\\\/www.eldiario.net\\\/portal\\\/2024\\\/02\\\/02\\\/senalan-que-el-mas-ha-dejado-de-representar-a-las-grandes-mayorias\\\/#breadcrumb\",\"itemListElement\":[{\"@type\":\"ListItem\",\"position\":1,\"name\":\"Portada\",\"item\":\"https:\\\/\\\/www.eldiario.net\\\/portal\\\/\"},{\"@type\":\"ListItem\",\"position\":2,\"name\":\"Se\u00f1alan que el MAS ha dejado de representar a las grandes mayor\u00edas\"}]},{\"@type\":\"WebSite\",\"@id\":\"https:\\\/\\\/www.eldiario.net\\\/portal\\\/#website\",\"url\":\"https:\\\/\\\/www.eldiario.net\\\/portal\\\/\",\"name\":\"El Diario - Decano de la prensa nacional\",\"description\":\"El Diario - Decano de la prensa nacional\",\"publisher\":{\"@id\":\"https:\\\/\\\/www.eldiario.net\\\/portal\\\/#organization\"},\"potentialAction\":[{\"@type\":\"SearchAction\",\"target\":{\"@type\":\"EntryPoint\",\"urlTemplate\":\"https:\\\/\\\/www.eldiario.net\\\/portal\\\/?s={search_term_string}\"},\"query-input\":{\"@type\":\"PropertyValueSpecification\",\"valueRequired\":true,\"valueName\":\"search_term_string\"}}],\"inLanguage\":\"es\"},{\"@type\":\"Organization\",\"@id\":\"https:\\\/\\\/www.eldiario.net\\\/portal\\\/#organization\",\"name\":\"El Diario - Decano de la prensa nacional\",\"url\":\"https:\\\/\\\/www.eldiario.net\\\/portal\\\/\",\"logo\":{\"@type\":\"ImageObject\",\"inLanguage\":\"es\",\"@id\":\"https:\\\/\\\/www.eldiario.net\\\/portal\\\/#\\\/schema\\\/logo\\\/image\\\/\",\"url\":\"https:\\\/\\\/www.eldiario.net\\\/portal\\\/wp-content\\\/uploads\\\/2023\\\/07\\\/logo_ED.jpg\",\"contentUrl\":\"https:\\\/\\\/www.eldiario.net\\\/portal\\\/wp-content\\\/uploads\\\/2023\\\/07\\\/logo_ED.jpg\",\"width\":272,\"height\":52,\"caption\":\"El Diario - Decano de la prensa nacional\"},\"image\":{\"@id\":\"https:\\\/\\\/www.eldiario.net\\\/portal\\\/#\\\/schema\\\/logo\\\/image\\\/\"},\"sameAs\":[\"https:\\\/\\\/www.facebook.com\\\/eldiario.bolivia\\\/\",\"https:\\\/\\\/x.com\\\/eldiario_net\"]},{\"@type\":\"Person\",\"@id\":\"https:\\\/\\\/www.eldiario.net\\\/portal\\\/#\\\/schema\\\/person\\\/2c57cf2b7a7ae032e449e4c9b1019eac\",\"name\":\"Jeanette\",\"image\":{\"@type\":\"ImageObject\",\"inLanguage\":\"es\",\"@id\":\"https:\\\/\\\/secure.gravatar.com\\\/avatar\\\/3ea2118a5f7dad2b7138b1187a6b7ee55f160b9968b66013c3a3ef39dd7e5798?s=96&d=mm&r=g\",\"url\":\"https:\\\/\\\/secure.gravatar.com\\\/avatar\\\/3ea2118a5f7dad2b7138b1187a6b7ee55f160b9968b66013c3a3ef39dd7e5798?s=96&d=mm&r=g\",\"contentUrl\":\"https:\\\/\\\/secure.gravatar.com\\\/avatar\\\/3ea2118a5f7dad2b7138b1187a6b7ee55f160b9968b66013c3a3ef39dd7e5798?s=96&d=mm&r=g\",\"caption\":\"Jeanette\"},\"sameAs\":[\"https:\\\/\\\/www.eldiario.net\\\/portal\"],\"url\":\"https:\\\/\\\/www.eldiario.net\\\/portal\\\/author\\\/jeanette\\\/\"}]}<\/script>\n<!-- \/ Yoast SEO plugin. -->","yoast_head_json":{"title":"Se\u00f1alan que el MAS ha dejado de representar a las grandes mayor\u00edas - El Diario - Bolivia","robots":{"index":"index","follow":"follow","max-snippet":"max-snippet:-1","max-image-preview":"max-image-preview:large","max-video-preview":"max-video-preview:-1"},"canonical":"https:\/\/www.eldiario.net\/portal\/2024\/02\/02\/senalan-que-el-mas-ha-dejado-de-representar-a-las-grandes-mayorias\/","og_locale":"es_ES","og_type":"article","og_title":"Se\u00f1alan que el MAS ha dejado de representar a las grandes mayor\u00edas - El Diario - Bolivia","og_description":"Precisando que la lucha interna entre las dos facciones del masismo para mantenerse en el poder, o recuperarlo, el senador por Comunidad Ciudadana (CC), Rodrigo Paz Pereira, asegur\u00f3 que el Movimiento al Socialismo (MAS) ha muerto como representante de las organizaciones sociales del pa\u00eds, ya que dej\u00f3 de luchar por las necesidades de la gente. [&hellip;]","og_url":"https:\/\/www.eldiario.net\/portal\/2024\/02\/02\/senalan-que-el-mas-ha-dejado-de-representar-a-las-grandes-mayorias\/","og_site_name":"El Diario - Bolivia","article_publisher":"https:\/\/www.facebook.com\/eldiario.bolivia\/","article_published_time":"2024-02-02T10:40:54+00:00","og_image":[{"width":1280,"height":1235,"url":"https:\/\/www.eldiario.net\/portal\/wp-content\/uploads\/2024\/02\/DEJADO-PAZ.jpg","type":"image\/jpeg"}],"author":"Jeanette","twitter_card":"summary_large_image","twitter_creator":"@eldiario_net","twitter_site":"@eldiario_net","twitter_misc":{"Escrito por":"Jeanette","Tiempo de lectura":"2 minutos"},"schema":{"@context":"https:\/\/schema.org","@graph":[{"@type":"Article","@id":"https:\/\/www.eldiario.net\/portal\/2024\/02\/02\/senalan-que-el-mas-ha-dejado-de-representar-a-las-grandes-mayorias\/#article","isPartOf":{"@id":"https:\/\/www.eldiario.net\/portal\/2024\/02\/02\/senalan-que-el-mas-ha-dejado-de-representar-a-las-grandes-mayorias\/"},"author":{"name":"Jeanette","@id":"https:\/\/www.eldiario.net\/portal\/#\/schema\/person\/2c57cf2b7a7ae032e449e4c9b1019eac"},"headline":"Se\u00f1alan que el MAS ha dejado de representar a las grandes mayor\u00edas","datePublished":"2024-02-02T10:40:54+00:00","mainEntityOfPage":{"@id":"https:\/\/www.eldiario.net\/portal\/2024\/02\/02\/senalan-que-el-mas-ha-dejado-de-representar-a-las-grandes-mayorias\/"},"wordCount":382,"commentCount":0,"publisher":{"@id":"https:\/\/www.eldiario.net\/portal\/#organization"},"image":{"@id":"https:\/\/www.eldiario.net\/portal\/2024\/02\/02\/senalan-que-el-mas-ha-dejado-de-representar-a-las-grandes-mayorias\/#primaryimage"},"thumbnailUrl":"https:\/\/www.eldiario.net\/portal\/wp-content\/uploads\/2024\/02\/DEJADO-PAZ.jpg","articleSection":["Pol\u00edtica"],"inLanguage":"es","potentialAction":[{"@type":"CommentAction","name":"Comment","target":["https:\/\/www.eldiario.net\/portal\/2024\/02\/02\/senalan-que-el-mas-ha-dejado-de-representar-a-las-grandes-mayorias\/#respond"]}]},{"@type":"WebPage","@id":"https:\/\/www.eldiario.net\/portal\/2024\/02\/02\/senalan-que-el-mas-ha-dejado-de-representar-a-las-grandes-mayorias\/","url":"https:\/\/www.eldiario.net\/portal\/2024\/02\/02\/senalan-que-el-mas-ha-dejado-de-representar-a-las-grandes-mayorias\/","name":"Se\u00f1alan que el MAS ha dejado de representar a las grandes mayor\u00edas - El Diario - Bolivia","isPartOf":{"@id":"https:\/\/www.eldiario.net\/portal\/#website"},"primaryImageOfPage":{"@id":"https:\/\/www.eldiario.net\/portal\/2024\/02\/02\/senalan-que-el-mas-ha-dejado-de-representar-a-las-grandes-mayorias\/#primaryimage"},"image":{"@id":"https:\/\/www.eldiario.net\/portal\/2024\/02\/02\/senalan-que-el-mas-ha-dejado-de-representar-a-las-grandes-mayorias\/#primaryimage"},"thumbnailUrl":"https:\/\/www.eldiario.net\/portal\/wp-content\/uploads\/2024\/02\/DEJADO-PAZ.jpg","datePublished":"2024-02-02T10:40:54+00:00","breadcrumb":{"@id":"https:\/\/www.eldiario.net\/portal\/2024\/02\/02\/senalan-que-el-mas-ha-dejado-de-representar-a-las-grandes-mayorias\/#breadcrumb"},"inLanguage":"es","potentialAction":[{"@type":"ReadAction","target":["https:\/\/www.eldiario.net\/portal\/2024\/02\/02\/senalan-que-el-mas-ha-dejado-de-representar-a-las-grandes-mayorias\/"]}]},{"@type":"ImageObject","inLanguage":"es","@id":"https:\/\/www.eldiario.net\/portal\/2024\/02\/02\/senalan-que-el-mas-ha-dejado-de-representar-a-las-grandes-mayorias\/#primaryimage","url":"https:\/\/www.eldiario.net\/portal\/wp-content\/uploads\/2024\/02\/DEJADO-PAZ.jpg","contentUrl":"https:\/\/www.eldiario.net\/portal\/wp-content\/uploads\/2024\/02\/DEJADO-PAZ.jpg","width":1280,"height":1235,"caption":"Senador, Rodrigo Paz Pereira (CC)."},{"@type":"BreadcrumbList","@id":"https:\/\/www.eldiario.net\/portal\/2024\/02\/02\/senalan-que-el-mas-ha-dejado-de-representar-a-las-grandes-mayorias\/#breadcrumb","itemListElement":[{"@type":"ListItem","position":1,"name":"Portada","item":"https:\/\/www.eldiario.net\/portal\/"},{"@type":"ListItem","position":2,"name":"Se\u00f1alan que el MAS ha dejado de representar a las grandes mayor\u00edas"}]},{"@type":"WebSite","@id":"https:\/\/www.eldiario.net\/portal\/#website","url":"https:\/\/www.eldiario.net\/portal\/","name":"El Diario - Decano de la prensa nacional","description":"El Diario - Decano de la prensa nacional","publisher":{"@id":"https:\/\/www.eldiario.net\/portal\/#organization"},"potentialAction":[{"@type":"SearchAction","target":{"@type":"EntryPoint","urlTemplate":"https:\/\/www.eldiario.net\/portal\/?s={search_term_string}"},"query-input":{"@type":"PropertyValueSpecification","valueRequired":true,"valueName":"search_term_string"}}],"inLanguage":"es"},{"@type":"Organization","@id":"https:\/\/www.eldiario.net\/portal\/#organization","name":"El Diario - Decano de la prensa nacional","url":"https:\/\/www.eldiario.net\/portal\/","logo":{"@type":"ImageObject","inLanguage":"es","@id":"https:\/\/www.eldiario.net\/portal\/#\/schema\/logo\/image\/","url":"https:\/\/www.eldiario.net\/portal\/wp-content\/uploads\/2023\/07\/logo_ED.jpg","contentUrl":"https:\/\/www.eldiario.net\/portal\/wp-content\/uploads\/2023\/07\/logo_ED.jpg","width":272,"height":52,"caption":"El Diario - Decano de la prensa nacional"},"image":{"@id":"https:\/\/www.eldiario.net\/portal\/#\/schema\/logo\/image\/"},"sameAs":["https:\/\/www.facebook.com\/eldiario.bolivia\/","https:\/\/x.com\/eldiario_net"]},{"@type":"Person","@id":"https:\/\/www.eldiario.net\/portal\/#\/schema\/person\/2c57cf2b7a7ae032e449e4c9b1019eac","name":"Jeanette","image":{"@type":"ImageObject","inLanguage":"es","@id":"https:\/\/secure.gravatar.com\/avatar\/3ea2118a5f7dad2b7138b1187a6b7ee55f160b9968b66013c3a3ef39dd7e5798?s=96&d=mm&r=g","url":"https:\/\/secure.gravatar.com\/avatar\/3ea2118a5f7dad2b7138b1187a6b7ee55f160b9968b66013c3a3ef39dd7e5798?s=96&d=mm&r=g","contentUrl":"https:\/\/secure.gravatar.com\/avatar\/3ea2118a5f7dad2b7138b1187a6b7ee55f160b9968b66013c3a3ef39dd7e5798?s=96&d=mm&r=g","caption":"Jeanette"},"sameAs":["https:\/\/www.eldiario.net\/portal"],"url":"https:\/\/www.eldiario.net\/portal\/author\/jeanette\/"}]}},"_links":{"self":[{"href":"https:\/\/www.eldiario.net\/portal\/wp-json\/wp\/v2\/posts\/200828","targetHints":{"allow":["GET"]}}],"collection":[{"href":"https:\/\/www.eldiario.net\/portal\/wp-json\/wp\/v2\/posts"}],"about":[{"href":"https:\/\/www.eldiario.net\/portal\/wp-json\/wp\/v2\/types\/post"}],"author":[{"embeddable":true,"href":"https:\/\/www.eldiario.net\/portal\/wp-json\/wp\/v2\/users\/1"}],"replies":[{"embeddable":true,"href":"https:\/\/www.eldiario.net\/portal\/wp-json\/wp\/v2\/comments?post=200828"}],"version-history":[{"count":1,"href":"https:\/\/www.eldiario.net\/portal\/wp-json\/wp\/v2\/posts\/200828\/revisions"}],"predecessor-version":[{"id":200830,"href":"https:\/\/www.eldiario.net\/portal\/wp-json\/wp\/v2\/posts\/200828\/revisions\/200830"}],"wp:featuredmedia":[{"embeddable":true,"href":"https:\/\/www.eldiario.net\/portal\/wp-json\/wp\/v2\/media\/200829"}],"wp:attachment":[{"href":"https:\/\/www.eldiario.net\/portal\/wp-json\/wp\/v2\/media?parent=200828"}],"wp:term":[{"taxonomy":"category","embeddable":true,"href":"https:\/\/www.eldiario.net\/portal\/wp-json\/wp\/v2\/categories?post=200828"},{"taxonomy":"post_tag","embeddable":true,"href":"https:\/\/www.eldiario.net\/portal\/wp-json\/wp\/v2\/tags?post=200828"}],"curies":[{"name":"wp","href":"https:\/\/api.w.org\/{rel}","templated":true}]}}