{"id":200632,"date":"2024-02-01T06:20:38","date_gmt":"2024-02-01T10:20:38","guid":{"rendered":"https:\/\/www.eldiario.net\/portal\/?p=200632"},"modified":"2024-02-01T06:20:38","modified_gmt":"2024-02-01T10:20:38","slug":"cuatro-expresidentes-acusan-al-tribunal-constitucional-de-arriesgar-la-democracia","status":"publish","type":"post","link":"https:\/\/www.eldiario.net\/portal\/2024\/02\/01\/cuatro-expresidentes-acusan-al-tribunal-constitucional-de-arriesgar-la-democracia\/","title":{"rendered":"Cuatro expresidentes acusan al Tribunal Constitucional de arriesgar la democracia"},"content":{"rendered":"<p>Despu\u00e9s de que el Tribunal Constitucional Plurinacional (TCP) orden\u00f3 que la Asamblea acate la pr\u00f3rroga de magistrados antes de convocar a elecciones judiciales, los expresidentes Evo Morales, Carlos Mesa, Jorge Quiroga y Eduardo Rodriguez Veltz\u00e9 se pronunciaron mediante redes sociales y condenaron la actitud de los magistrados. Coincidieron en que se constituye en una amenaza para la democracia.<\/p>\n<p>La decisi\u00f3n del TCP se dio mientras las bancadas pol\u00edticas de la Asamblea discuten si los magistrados prorrogados deben seguir en el cargo hasta la realizaci\u00f3n de elecciones judiciales.<\/p>\n<p>Evo Morales denunci\u00f3 que los miembros autoprorrogados del TCP pretenden dar \u00f3rdenes al primer \u00f3rgano del Estado, con esta decisi\u00f3n que calific\u00f3 como \u201cafrenta al Pueblo y una provocaci\u00f3n a quienes defiende la Democracia y la Constituci\u00f3n\u201d.<\/p>\n<p>Consider\u00f3 que los magistrados prorrogados \u201ccometen el delito de usurpaci\u00f3n de funciones y son una amenaza para la democracia\u201d.<\/p>\n<p>El expresidente Carlos Mesa consider\u00f3 que \u201clos vocales y magistrados del TSJ y del TCP han sobrepasado todo l\u00edmite de legalidad, \u00e9tica y racionalidad\u201d.<\/p>\n<p>Mesa denunci\u00f3 que, por mantener sus cargos, los magistrados \u201cpretenden anular la facultad legislativa de la Asamblea\u201d y llam\u00f3 a no permitir esta \u201caberraci\u00f3n in\u00e9dita en la historia, que pone en serio riesgo al sistema democr\u00e1tico\u201d.<\/p>\n<p>A su turno, Jorge Quiroga asever\u00f3 que \u201cla judeocracia oficialista prorrogada ahora pretende castrar al Legislativo, destrozando la separaci\u00f3n de poderes\u201d.<\/p>\n<p>Se\u00f1al\u00f3 que se pretende herir de muerte a la democracia, como considera que intent\u00f3 hacer Evo Morales en noviembre de 2019 con \u201cvaciar el Congreso\u201d. Afirm\u00f3 que es hora de un juicio de responsabilidades contra los magistrados.<\/p>\n<p>Otro expresidente, Eduardo Rodr\u00edguez Veltz\u00e9 tambi\u00e9n critic\u00f3 al TCP y manifest\u00f3 que ha incurrido en \u00abotro acto nulo que no puede restar ni dirigir las atribuciones del \u00d3rgano Legislativo\u00bb. Ratific\u00f3 que el mandato de los magistrados noes\u00a0 \u201cauto\u201d prorrogable. (Erbol)<\/p>\n","protected":false},"excerpt":{"rendered":"<p>Despu\u00e9s de que el Tribunal Constitucional Plurinacional (TCP) orden\u00f3 que la Asamblea acate la pr\u00f3rroga de magistrados antes de convocar a elecciones judiciales, los expresidentes Evo Morales, Carlos Mesa, Jorge Quiroga y Eduardo Rodriguez Veltz\u00e9 se pronunciaron mediante redes sociales y condenaron la actitud de los magistrados. Coincidieron en que se constituye en una amenaza [&hellip;]<\/p>\n","protected":false},"author":1,"featured_media":200633,"comment_status":"open","ping_status":"open","sticky":false,"template":"","format":"standard","meta":{"_acf_changed":false,"footnotes":""},"categories":[15],"tags":[],"class_list":["post-200632","post","type-post","status-publish","format-standard","has-post-thumbnail","category-portada"],"acf":{"antetitulo":""},"yoast_head":"<!-- This site is optimized with the Yoast SEO plugin v28.4 - https:\/\/yoast.com\/product\/yoast-seo-wordpress\/ -->\n<title>Cuatro expresidentes acusan al Tribunal Constitucional de arriesgar la democracia - El Diario - Bolivia<\/title>\n<meta name=\"robots\" content=\"index, follow, max-snippet:-1, max-image-preview:large, max-video-preview:-1\" \/>\n<link rel=\"canonical\" href=\"https:\/\/www.eldiario.net\/portal\/2024\/02\/01\/cuatro-expresidentes-acusan-al-tribunal-constitucional-de-arriesgar-la-democracia\/\" \/>\n<meta property=\"og:locale\" content=\"es_ES\" \/>\n<meta property=\"og:type\" content=\"article\" \/>\n<meta property=\"og:title\" content=\"Cuatro expresidentes acusan al Tribunal Constitucional de arriesgar la democracia - El Diario - Bolivia\" \/>\n<meta property=\"og:description\" content=\"Despu\u00e9s de que el Tribunal Constitucional Plurinacional (TCP) orden\u00f3 que la Asamblea acate la pr\u00f3rroga de magistrados antes de convocar a elecciones judiciales, los expresidentes Evo Morales, Carlos Mesa, Jorge Quiroga y Eduardo Rodriguez Veltz\u00e9 se pronunciaron mediante redes sociales y condenaron la actitud de los magistrados. Coincidieron en que se constituye en una amenaza [&hellip;]\" \/>\n<meta property=\"og:url\" content=\"https:\/\/www.eldiario.net\/portal\/2024\/02\/01\/cuatro-expresidentes-acusan-al-tribunal-constitucional-de-arriesgar-la-democracia\/\" \/>\n<meta property=\"og:site_name\" content=\"El Diario - Bolivia\" \/>\n<meta property=\"article:publisher\" content=\"https:\/\/www.facebook.com\/eldiario.bolivia\/\" \/>\n<meta property=\"article:published_time\" content=\"2024-02-01T10:20:38+00:00\" \/>\n<meta property=\"og:image\" content=\"https:\/\/www.eldiario.net\/portal\/wp-content\/uploads\/2024\/02\/ACUSAN-FOTO.jpg\" \/>\n\t<meta property=\"og:image:width\" content=\"566\" \/>\n\t<meta property=\"og:image:height\" content=\"363\" \/>\n\t<meta property=\"og:image:type\" content=\"image\/jpeg\" \/>\n<meta name=\"author\" content=\"Jeanette\" \/>\n<meta name=\"twitter:card\" content=\"summary_large_image\" \/>\n<meta name=\"twitter:creator\" content=\"@eldiario_net\" \/>\n<meta name=\"twitter:site\" content=\"@eldiario_net\" \/>\n<meta name=\"twitter:label1\" content=\"Escrito por\" \/>\n\t<meta name=\"twitter:data1\" content=\"Jeanette\" \/>\n\t<meta name=\"twitter:label2\" content=\"Tiempo de lectura\" \/>\n\t<meta name=\"twitter:data2\" content=\"2 minutos\" \/>\n<script type=\"application\/ld+json\" class=\"yoast-schema-graph\">{\"@context\":\"https:\\\/\\\/schema.org\",\"@graph\":[{\"@type\":\"Article\",\"@id\":\"https:\\\/\\\/www.eldiario.net\\\/portal\\\/2024\\\/02\\\/01\\\/cuatro-expresidentes-acusan-al-tribunal-constitucional-de-arriesgar-la-democracia\\\/#article\",\"isPartOf\":{\"@id\":\"https:\\\/\\\/www.eldiario.net\\\/portal\\\/2024\\\/02\\\/01\\\/cuatro-expresidentes-acusan-al-tribunal-constitucional-de-arriesgar-la-democracia\\\/\"},\"author\":{\"name\":\"Jeanette\",\"@id\":\"https:\\\/\\\/www.eldiario.net\\\/portal\\\/#\\\/schema\\\/person\\\/2c57cf2b7a7ae032e449e4c9b1019eac\"},\"headline\":\"Cuatro expresidentes acusan al Tribunal Constitucional de arriesgar la democracia\",\"datePublished\":\"2024-02-01T10:20:38+00:00\",\"mainEntityOfPage\":{\"@id\":\"https:\\\/\\\/www.eldiario.net\\\/portal\\\/2024\\\/02\\\/01\\\/cuatro-expresidentes-acusan-al-tribunal-constitucional-de-arriesgar-la-democracia\\\/\"},\"wordCount\":327,\"commentCount\":0,\"publisher\":{\"@id\":\"https:\\\/\\\/www.eldiario.net\\\/portal\\\/#organization\"},\"image\":{\"@id\":\"https:\\\/\\\/www.eldiario.net\\\/portal\\\/2024\\\/02\\\/01\\\/cuatro-expresidentes-acusan-al-tribunal-constitucional-de-arriesgar-la-democracia\\\/#primaryimage\"},\"thumbnailUrl\":\"https:\\\/\\\/www.eldiario.net\\\/portal\\\/wp-content\\\/uploads\\\/2024\\\/02\\\/ACUSAN-FOTO.jpg\",\"articleSection\":[\"Portada\"],\"inLanguage\":\"es\",\"potentialAction\":[{\"@type\":\"CommentAction\",\"name\":\"Comment\",\"target\":[\"https:\\\/\\\/www.eldiario.net\\\/portal\\\/2024\\\/02\\\/01\\\/cuatro-expresidentes-acusan-al-tribunal-constitucional-de-arriesgar-la-democracia\\\/#respond\"]}]},{\"@type\":\"WebPage\",\"@id\":\"https:\\\/\\\/www.eldiario.net\\\/portal\\\/2024\\\/02\\\/01\\\/cuatro-expresidentes-acusan-al-tribunal-constitucional-de-arriesgar-la-democracia\\\/\",\"url\":\"https:\\\/\\\/www.eldiario.net\\\/portal\\\/2024\\\/02\\\/01\\\/cuatro-expresidentes-acusan-al-tribunal-constitucional-de-arriesgar-la-democracia\\\/\",\"name\":\"Cuatro expresidentes acusan al Tribunal Constitucional de arriesgar la democracia - El Diario - Bolivia\",\"isPartOf\":{\"@id\":\"https:\\\/\\\/www.eldiario.net\\\/portal\\\/#website\"},\"primaryImageOfPage\":{\"@id\":\"https:\\\/\\\/www.eldiario.net\\\/portal\\\/2024\\\/02\\\/01\\\/cuatro-expresidentes-acusan-al-tribunal-constitucional-de-arriesgar-la-democracia\\\/#primaryimage\"},\"image\":{\"@id\":\"https:\\\/\\\/www.eldiario.net\\\/portal\\\/2024\\\/02\\\/01\\\/cuatro-expresidentes-acusan-al-tribunal-constitucional-de-arriesgar-la-democracia\\\/#primaryimage\"},\"thumbnailUrl\":\"https:\\\/\\\/www.eldiario.net\\\/portal\\\/wp-content\\\/uploads\\\/2024\\\/02\\\/ACUSAN-FOTO.jpg\",\"datePublished\":\"2024-02-01T10:20:38+00:00\",\"breadcrumb\":{\"@id\":\"https:\\\/\\\/www.eldiario.net\\\/portal\\\/2024\\\/02\\\/01\\\/cuatro-expresidentes-acusan-al-tribunal-constitucional-de-arriesgar-la-democracia\\\/#breadcrumb\"},\"inLanguage\":\"es\",\"potentialAction\":[{\"@type\":\"ReadAction\",\"target\":[\"https:\\\/\\\/www.eldiario.net\\\/portal\\\/2024\\\/02\\\/01\\\/cuatro-expresidentes-acusan-al-tribunal-constitucional-de-arriesgar-la-democracia\\\/\"]}]},{\"@type\":\"ImageObject\",\"inLanguage\":\"es\",\"@id\":\"https:\\\/\\\/www.eldiario.net\\\/portal\\\/2024\\\/02\\\/01\\\/cuatro-expresidentes-acusan-al-tribunal-constitucional-de-arriesgar-la-democracia\\\/#primaryimage\",\"url\":\"https:\\\/\\\/www.eldiario.net\\\/portal\\\/wp-content\\\/uploads\\\/2024\\\/02\\\/ACUSAN-FOTO.jpg\",\"contentUrl\":\"https:\\\/\\\/www.eldiario.net\\\/portal\\\/wp-content\\\/uploads\\\/2024\\\/02\\\/ACUSAN-FOTO.jpg\",\"width\":566,\"height\":363,\"caption\":\"Quiroga, Mesa y Morales juntos cuando se impulsaba el juicio en La Haya. FOTO: RRSS\"},{\"@type\":\"BreadcrumbList\",\"@id\":\"https:\\\/\\\/www.eldiario.net\\\/portal\\\/2024\\\/02\\\/01\\\/cuatro-expresidentes-acusan-al-tribunal-constitucional-de-arriesgar-la-democracia\\\/#breadcrumb\",\"itemListElement\":[{\"@type\":\"ListItem\",\"position\":1,\"name\":\"Portada\",\"item\":\"https:\\\/\\\/www.eldiario.net\\\/portal\\\/\"},{\"@type\":\"ListItem\",\"position\":2,\"name\":\"Cuatro expresidentes acusan al Tribunal Constitucional de arriesgar la democracia\"}]},{\"@type\":\"WebSite\",\"@id\":\"https:\\\/\\\/www.eldiario.net\\\/portal\\\/#website\",\"url\":\"https:\\\/\\\/www.eldiario.net\\\/portal\\\/\",\"name\":\"El Diario - Decano de la prensa nacional\",\"description\":\"El Diario - Decano de la prensa nacional\",\"publisher\":{\"@id\":\"https:\\\/\\\/www.eldiario.net\\\/portal\\\/#organization\"},\"potentialAction\":[{\"@type\":\"SearchAction\",\"target\":{\"@type\":\"EntryPoint\",\"urlTemplate\":\"https:\\\/\\\/www.eldiario.net\\\/portal\\\/?s={search_term_string}\"},\"query-input\":{\"@type\":\"PropertyValueSpecification\",\"valueRequired\":true,\"valueName\":\"search_term_string\"}}],\"inLanguage\":\"es\"},{\"@type\":\"Organization\",\"@id\":\"https:\\\/\\\/www.eldiario.net\\\/portal\\\/#organization\",\"name\":\"El Diario - Decano de la prensa nacional\",\"url\":\"https:\\\/\\\/www.eldiario.net\\\/portal\\\/\",\"logo\":{\"@type\":\"ImageObject\",\"inLanguage\":\"es\",\"@id\":\"https:\\\/\\\/www.eldiario.net\\\/portal\\\/#\\\/schema\\\/logo\\\/image\\\/\",\"url\":\"https:\\\/\\\/www.eldiario.net\\\/portal\\\/wp-content\\\/uploads\\\/2023\\\/07\\\/logo_ED.jpg\",\"contentUrl\":\"https:\\\/\\\/www.eldiario.net\\\/portal\\\/wp-content\\\/uploads\\\/2023\\\/07\\\/logo_ED.jpg\",\"width\":272,\"height\":52,\"caption\":\"El Diario - Decano de la prensa nacional\"},\"image\":{\"@id\":\"https:\\\/\\\/www.eldiario.net\\\/portal\\\/#\\\/schema\\\/logo\\\/image\\\/\"},\"sameAs\":[\"https:\\\/\\\/www.facebook.com\\\/eldiario.bolivia\\\/\",\"https:\\\/\\\/x.com\\\/eldiario_net\"]},{\"@type\":\"Person\",\"@id\":\"https:\\\/\\\/www.eldiario.net\\\/portal\\\/#\\\/schema\\\/person\\\/2c57cf2b7a7ae032e449e4c9b1019eac\",\"name\":\"Jeanette\",\"image\":{\"@type\":\"ImageObject\",\"inLanguage\":\"es\",\"@id\":\"https:\\\/\\\/secure.gravatar.com\\\/avatar\\\/3ea2118a5f7dad2b7138b1187a6b7ee55f160b9968b66013c3a3ef39dd7e5798?s=96&d=mm&r=g\",\"url\":\"https:\\\/\\\/secure.gravatar.com\\\/avatar\\\/3ea2118a5f7dad2b7138b1187a6b7ee55f160b9968b66013c3a3ef39dd7e5798?s=96&d=mm&r=g\",\"contentUrl\":\"https:\\\/\\\/secure.gravatar.com\\\/avatar\\\/3ea2118a5f7dad2b7138b1187a6b7ee55f160b9968b66013c3a3ef39dd7e5798?s=96&d=mm&r=g\",\"caption\":\"Jeanette\"},\"sameAs\":[\"https:\\\/\\\/www.eldiario.net\\\/portal\"],\"url\":\"https:\\\/\\\/www.eldiario.net\\\/portal\\\/author\\\/jeanette\\\/\"}]}<\/script>\n<!-- \/ Yoast SEO plugin. -->","yoast_head_json":{"title":"Cuatro expresidentes acusan al Tribunal Constitucional de arriesgar la democracia - El Diario - Bolivia","robots":{"index":"index","follow":"follow","max-snippet":"max-snippet:-1","max-image-preview":"max-image-preview:large","max-video-preview":"max-video-preview:-1"},"canonical":"https:\/\/www.eldiario.net\/portal\/2024\/02\/01\/cuatro-expresidentes-acusan-al-tribunal-constitucional-de-arriesgar-la-democracia\/","og_locale":"es_ES","og_type":"article","og_title":"Cuatro expresidentes acusan al Tribunal Constitucional de arriesgar la democracia - El Diario - Bolivia","og_description":"Despu\u00e9s de que el Tribunal Constitucional Plurinacional (TCP) orden\u00f3 que la Asamblea acate la pr\u00f3rroga de magistrados antes de convocar a elecciones judiciales, los expresidentes Evo Morales, Carlos Mesa, Jorge Quiroga y Eduardo Rodriguez Veltz\u00e9 se pronunciaron mediante redes sociales y condenaron la actitud de los magistrados. Coincidieron en que se constituye en una amenaza [&hellip;]","og_url":"https:\/\/www.eldiario.net\/portal\/2024\/02\/01\/cuatro-expresidentes-acusan-al-tribunal-constitucional-de-arriesgar-la-democracia\/","og_site_name":"El Diario - Bolivia","article_publisher":"https:\/\/www.facebook.com\/eldiario.bolivia\/","article_published_time":"2024-02-01T10:20:38+00:00","og_image":[{"width":566,"height":363,"url":"https:\/\/www.eldiario.net\/portal\/wp-content\/uploads\/2024\/02\/ACUSAN-FOTO.jpg","type":"image\/jpeg"}],"author":"Jeanette","twitter_card":"summary_large_image","twitter_creator":"@eldiario_net","twitter_site":"@eldiario_net","twitter_misc":{"Escrito por":"Jeanette","Tiempo de lectura":"2 minutos"},"schema":{"@context":"https:\/\/schema.org","@graph":[{"@type":"Article","@id":"https:\/\/www.eldiario.net\/portal\/2024\/02\/01\/cuatro-expresidentes-acusan-al-tribunal-constitucional-de-arriesgar-la-democracia\/#article","isPartOf":{"@id":"https:\/\/www.eldiario.net\/portal\/2024\/02\/01\/cuatro-expresidentes-acusan-al-tribunal-constitucional-de-arriesgar-la-democracia\/"},"author":{"name":"Jeanette","@id":"https:\/\/www.eldiario.net\/portal\/#\/schema\/person\/2c57cf2b7a7ae032e449e4c9b1019eac"},"headline":"Cuatro expresidentes acusan al Tribunal Constitucional de arriesgar la democracia","datePublished":"2024-02-01T10:20:38+00:00","mainEntityOfPage":{"@id":"https:\/\/www.eldiario.net\/portal\/2024\/02\/01\/cuatro-expresidentes-acusan-al-tribunal-constitucional-de-arriesgar-la-democracia\/"},"wordCount":327,"commentCount":0,"publisher":{"@id":"https:\/\/www.eldiario.net\/portal\/#organization"},"image":{"@id":"https:\/\/www.eldiario.net\/portal\/2024\/02\/01\/cuatro-expresidentes-acusan-al-tribunal-constitucional-de-arriesgar-la-democracia\/#primaryimage"},"thumbnailUrl":"https:\/\/www.eldiario.net\/portal\/wp-content\/uploads\/2024\/02\/ACUSAN-FOTO.jpg","articleSection":["Portada"],"inLanguage":"es","potentialAction":[{"@type":"CommentAction","name":"Comment","target":["https:\/\/www.eldiario.net\/portal\/2024\/02\/01\/cuatro-expresidentes-acusan-al-tribunal-constitucional-de-arriesgar-la-democracia\/#respond"]}]},{"@type":"WebPage","@id":"https:\/\/www.eldiario.net\/portal\/2024\/02\/01\/cuatro-expresidentes-acusan-al-tribunal-constitucional-de-arriesgar-la-democracia\/","url":"https:\/\/www.eldiario.net\/portal\/2024\/02\/01\/cuatro-expresidentes-acusan-al-tribunal-constitucional-de-arriesgar-la-democracia\/","name":"Cuatro expresidentes acusan al Tribunal Constitucional de arriesgar la democracia - El Diario - Bolivia","isPartOf":{"@id":"https:\/\/www.eldiario.net\/portal\/#website"},"primaryImageOfPage":{"@id":"https:\/\/www.eldiario.net\/portal\/2024\/02\/01\/cuatro-expresidentes-acusan-al-tribunal-constitucional-de-arriesgar-la-democracia\/#primaryimage"},"image":{"@id":"https:\/\/www.eldiario.net\/portal\/2024\/02\/01\/cuatro-expresidentes-acusan-al-tribunal-constitucional-de-arriesgar-la-democracia\/#primaryimage"},"thumbnailUrl":"https:\/\/www.eldiario.net\/portal\/wp-content\/uploads\/2024\/02\/ACUSAN-FOTO.jpg","datePublished":"2024-02-01T10:20:38+00:00","breadcrumb":{"@id":"https:\/\/www.eldiario.net\/portal\/2024\/02\/01\/cuatro-expresidentes-acusan-al-tribunal-constitucional-de-arriesgar-la-democracia\/#breadcrumb"},"inLanguage":"es","potentialAction":[{"@type":"ReadAction","target":["https:\/\/www.eldiario.net\/portal\/2024\/02\/01\/cuatro-expresidentes-acusan-al-tribunal-constitucional-de-arriesgar-la-democracia\/"]}]},{"@type":"ImageObject","inLanguage":"es","@id":"https:\/\/www.eldiario.net\/portal\/2024\/02\/01\/cuatro-expresidentes-acusan-al-tribunal-constitucional-de-arriesgar-la-democracia\/#primaryimage","url":"https:\/\/www.eldiario.net\/portal\/wp-content\/uploads\/2024\/02\/ACUSAN-FOTO.jpg","contentUrl":"https:\/\/www.eldiario.net\/portal\/wp-content\/uploads\/2024\/02\/ACUSAN-FOTO.jpg","width":566,"height":363,"caption":"Quiroga, Mesa y Morales juntos cuando se impulsaba el juicio en La Haya. FOTO: RRSS"},{"@type":"BreadcrumbList","@id":"https:\/\/www.eldiario.net\/portal\/2024\/02\/01\/cuatro-expresidentes-acusan-al-tribunal-constitucional-de-arriesgar-la-democracia\/#breadcrumb","itemListElement":[{"@type":"ListItem","position":1,"name":"Portada","item":"https:\/\/www.eldiario.net\/portal\/"},{"@type":"ListItem","position":2,"name":"Cuatro expresidentes acusan al Tribunal Constitucional de arriesgar la democracia"}]},{"@type":"WebSite","@id":"https:\/\/www.eldiario.net\/portal\/#website","url":"https:\/\/www.eldiario.net\/portal\/","name":"El Diario - Decano de la prensa nacional","description":"El Diario - Decano de la prensa nacional","publisher":{"@id":"https:\/\/www.eldiario.net\/portal\/#organization"},"potentialAction":[{"@type":"SearchAction","target":{"@type":"EntryPoint","urlTemplate":"https:\/\/www.eldiario.net\/portal\/?s={search_term_string}"},"query-input":{"@type":"PropertyValueSpecification","valueRequired":true,"valueName":"search_term_string"}}],"inLanguage":"es"},{"@type":"Organization","@id":"https:\/\/www.eldiario.net\/portal\/#organization","name":"El Diario - Decano de la prensa nacional","url":"https:\/\/www.eldiario.net\/portal\/","logo":{"@type":"ImageObject","inLanguage":"es","@id":"https:\/\/www.eldiario.net\/portal\/#\/schema\/logo\/image\/","url":"https:\/\/www.eldiario.net\/portal\/wp-content\/uploads\/2023\/07\/logo_ED.jpg","contentUrl":"https:\/\/www.eldiario.net\/portal\/wp-content\/uploads\/2023\/07\/logo_ED.jpg","width":272,"height":52,"caption":"El Diario - Decano de la prensa nacional"},"image":{"@id":"https:\/\/www.eldiario.net\/portal\/#\/schema\/logo\/image\/"},"sameAs":["https:\/\/www.facebook.com\/eldiario.bolivia\/","https:\/\/x.com\/eldiario_net"]},{"@type":"Person","@id":"https:\/\/www.eldiario.net\/portal\/#\/schema\/person\/2c57cf2b7a7ae032e449e4c9b1019eac","name":"Jeanette","image":{"@type":"ImageObject","inLanguage":"es","@id":"https:\/\/secure.gravatar.com\/avatar\/3ea2118a5f7dad2b7138b1187a6b7ee55f160b9968b66013c3a3ef39dd7e5798?s=96&d=mm&r=g","url":"https:\/\/secure.gravatar.com\/avatar\/3ea2118a5f7dad2b7138b1187a6b7ee55f160b9968b66013c3a3ef39dd7e5798?s=96&d=mm&r=g","contentUrl":"https:\/\/secure.gravatar.com\/avatar\/3ea2118a5f7dad2b7138b1187a6b7ee55f160b9968b66013c3a3ef39dd7e5798?s=96&d=mm&r=g","caption":"Jeanette"},"sameAs":["https:\/\/www.eldiario.net\/portal"],"url":"https:\/\/www.eldiario.net\/portal\/author\/jeanette\/"}]}},"_links":{"self":[{"href":"https:\/\/www.eldiario.net\/portal\/wp-json\/wp\/v2\/posts\/200632","targetHints":{"allow":["GET"]}}],"collection":[{"href":"https:\/\/www.eldiario.net\/portal\/wp-json\/wp\/v2\/posts"}],"about":[{"href":"https:\/\/www.eldiario.net\/portal\/wp-json\/wp\/v2\/types\/post"}],"author":[{"embeddable":true,"href":"https:\/\/www.eldiario.net\/portal\/wp-json\/wp\/v2\/users\/1"}],"replies":[{"embeddable":true,"href":"https:\/\/www.eldiario.net\/portal\/wp-json\/wp\/v2\/comments?post=200632"}],"version-history":[{"count":1,"href":"https:\/\/www.eldiario.net\/portal\/wp-json\/wp\/v2\/posts\/200632\/revisions"}],"predecessor-version":[{"id":200634,"href":"https:\/\/www.eldiario.net\/portal\/wp-json\/wp\/v2\/posts\/200632\/revisions\/200634"}],"wp:featuredmedia":[{"embeddable":true,"href":"https:\/\/www.eldiario.net\/portal\/wp-json\/wp\/v2\/media\/200633"}],"wp:attachment":[{"href":"https:\/\/www.eldiario.net\/portal\/wp-json\/wp\/v2\/media?parent=200632"}],"wp:term":[{"taxonomy":"category","embeddable":true,"href":"https:\/\/www.eldiario.net\/portal\/wp-json\/wp\/v2\/categories?post=200632"},{"taxonomy":"post_tag","embeddable":true,"href":"https:\/\/www.eldiario.net\/portal\/wp-json\/wp\/v2\/tags?post=200632"}],"curies":[{"name":"wp","href":"https:\/\/api.w.org\/{rel}","templated":true}]}}