{"id":200629,"date":"2024-02-01T06:20:00","date_gmt":"2024-02-01T10:20:00","guid":{"rendered":"https:\/\/www.eldiario.net\/portal\/?p=200629"},"modified":"2024-02-01T06:20:00","modified_gmt":"2024-02-01T10:20:00","slug":"niveles-de-corrupcion-en-el-pais-son-el-legado-de-18-anos-del-mas-en-el-poder","status":"publish","type":"post","link":"https:\/\/www.eldiario.net\/portal\/2024\/02\/01\/niveles-de-corrupcion-en-el-pais-son-el-legado-de-18-anos-del-mas-en-el-poder\/","title":{"rendered":"Niveles de corrupci\u00f3n en el pa\u00eds son el legado de 18 a\u00f1os del MAS en el poder"},"content":{"rendered":"<p>Tras conocerse de estudios internacionales que posicionan a Bolivia como el tercer pa\u00eds m\u00e1s corrupto en la regi\u00f3n, el expresidente Carlos Mesa Gisbert, se\u00f1al\u00f3 que esa calificaci\u00f3n es el legado de los 18 a\u00f1os del Movimiento al Socialismo (MAS) en el poder, donde el envilecimiento del proceso pol\u00edtico iniciado en 2006 deriv\u00f3 en una corrupci\u00f3n sistem\u00e1tica, situaci\u00f3n que debe revertirse en el futuro.<\/p>\n<p>En declaraciones a medios de prensa, el exmandatario y l\u00edder de la principal fuerza de oposici\u00f3n en el Parlamento, sostuvo que los informes sobre niveles de corrupci\u00f3n en el pa\u00eds son solo la constataci\u00f3n de un hecho que todos los bolivianos conocen y viven a diario.<\/p>\n<p>Mesa indic\u00f3 que, se trata de los resultados tras 18 a\u00f1os de prebendas, toma de la propiedad p\u00fablica y decenas de casos por corrupci\u00f3n que quedaron en la impunidad.<\/p>\n<p>\u201cEl proceso pol\u00edtico iniciado el 2006 se ha envilecido, se ha degradado, se ha llevado adelante a trav\u00e9s de la prebenda, los favores y la corrupci\u00f3n sistem\u00e1tica. Ese informe exige un cambio radical de 180 grados en la actitud de control feudal del pa\u00eds y del Estado como si fuera una hacienda\u201d, dijo.<\/p>\n<p>Reiterando que se trata del legado de Evo Morales y Luis Arce, que el pa\u00eds deber\u00e1 revertir en el futuro, Mesa sostuvo que esta calificaci\u00f3n es una verg\u00fcenza para Bolivia, sin embargo, \u201cno es otra cosa que la constataci\u00f3n de la realidad\u201d<\/p>\n<p>El martes, un estudio sobre el \u201c\u00cdndice de Percepci\u00f3n de la Corrupci\u00f3n\u201d, presentado por Transparencia Internacional, posicion\u00f3 a Bolivia como el tercer pa\u00eds m\u00e1s corrupto de Sudam\u00e9rica, detr\u00e1s de Venezuela y Paraguay.<\/p>\n","protected":false},"excerpt":{"rendered":"<p>Tras conocerse de estudios internacionales que posicionan a Bolivia como el tercer pa\u00eds m\u00e1s corrupto en la regi\u00f3n, el expresidente Carlos Mesa Gisbert, se\u00f1al\u00f3 que esa calificaci\u00f3n es el legado de los 18 a\u00f1os del Movimiento al Socialismo (MAS) en el poder, donde el envilecimiento del proceso pol\u00edtico iniciado en 2006 deriv\u00f3 en una corrupci\u00f3n [&hellip;]<\/p>\n","protected":false},"author":1,"featured_media":200630,"comment_status":"open","ping_status":"open","sticky":false,"template":"","format":"standard","meta":{"_acf_changed":false,"footnotes":""},"categories":[15],"tags":[],"class_list":["post-200629","post","type-post","status-publish","format-standard","has-post-thumbnail","category-portada"],"acf":{"antetitulo":"Carlos Mesa"},"yoast_head":"<!-- This site is optimized with the Yoast SEO plugin v28.4 - https:\/\/yoast.com\/product\/yoast-seo-wordpress\/ -->\n<title>Niveles de corrupci\u00f3n en el pa\u00eds son el legado de 18 a\u00f1os del MAS en el poder - El Diario - Bolivia<\/title>\n<meta name=\"robots\" content=\"index, follow, max-snippet:-1, max-image-preview:large, max-video-preview:-1\" \/>\n<link rel=\"canonical\" href=\"https:\/\/www.eldiario.net\/portal\/2024\/02\/01\/niveles-de-corrupcion-en-el-pais-son-el-legado-de-18-anos-del-mas-en-el-poder\/\" \/>\n<meta property=\"og:locale\" content=\"es_ES\" \/>\n<meta property=\"og:type\" content=\"article\" \/>\n<meta property=\"og:title\" content=\"Niveles de corrupci\u00f3n en el pa\u00eds son el legado de 18 a\u00f1os del MAS en el poder - El Diario - Bolivia\" \/>\n<meta property=\"og:description\" content=\"Tras conocerse de estudios internacionales que posicionan a Bolivia como el tercer pa\u00eds m\u00e1s corrupto en la regi\u00f3n, el expresidente Carlos Mesa Gisbert, se\u00f1al\u00f3 que esa calificaci\u00f3n es el legado de los 18 a\u00f1os del Movimiento al Socialismo (MAS) en el poder, donde el envilecimiento del proceso pol\u00edtico iniciado en 2006 deriv\u00f3 en una corrupci\u00f3n [&hellip;]\" \/>\n<meta property=\"og:url\" content=\"https:\/\/www.eldiario.net\/portal\/2024\/02\/01\/niveles-de-corrupcion-en-el-pais-son-el-legado-de-18-anos-del-mas-en-el-poder\/\" \/>\n<meta property=\"og:site_name\" content=\"El Diario - Bolivia\" \/>\n<meta property=\"article:publisher\" content=\"https:\/\/www.facebook.com\/eldiario.bolivia\/\" \/>\n<meta property=\"article:published_time\" content=\"2024-02-01T10:20:00+00:00\" \/>\n<meta property=\"og:image\" content=\"https:\/\/www.eldiario.net\/portal\/wp-content\/uploads\/2024\/02\/LEGADO-FOTO.jpg\" \/>\n\t<meta property=\"og:image:width\" content=\"1280\" \/>\n\t<meta property=\"og:image:height\" content=\"852\" \/>\n\t<meta property=\"og:image:type\" content=\"image\/jpeg\" \/>\n<meta name=\"author\" content=\"Jeanette\" \/>\n<meta name=\"twitter:card\" content=\"summary_large_image\" \/>\n<meta name=\"twitter:creator\" content=\"@eldiario_net\" \/>\n<meta name=\"twitter:site\" content=\"@eldiario_net\" \/>\n<meta name=\"twitter:label1\" content=\"Escrito por\" \/>\n\t<meta name=\"twitter:data1\" content=\"Jeanette\" \/>\n\t<meta name=\"twitter:label2\" content=\"Tiempo de lectura\" \/>\n\t<meta name=\"twitter:data2\" content=\"2 minutos\" \/>\n<script type=\"application\/ld+json\" class=\"yoast-schema-graph\">{\"@context\":\"https:\\\/\\\/schema.org\",\"@graph\":[{\"@type\":\"Article\",\"@id\":\"https:\\\/\\\/www.eldiario.net\\\/portal\\\/2024\\\/02\\\/01\\\/niveles-de-corrupcion-en-el-pais-son-el-legado-de-18-anos-del-mas-en-el-poder\\\/#article\",\"isPartOf\":{\"@id\":\"https:\\\/\\\/www.eldiario.net\\\/portal\\\/2024\\\/02\\\/01\\\/niveles-de-corrupcion-en-el-pais-son-el-legado-de-18-anos-del-mas-en-el-poder\\\/\"},\"author\":{\"name\":\"Jeanette\",\"@id\":\"https:\\\/\\\/www.eldiario.net\\\/portal\\\/#\\\/schema\\\/person\\\/2c57cf2b7a7ae032e449e4c9b1019eac\"},\"headline\":\"Niveles de corrupci\u00f3n en el pa\u00eds son el legado de 18 a\u00f1os del MAS en el poder\",\"datePublished\":\"2024-02-01T10:20:00+00:00\",\"mainEntityOfPage\":{\"@id\":\"https:\\\/\\\/www.eldiario.net\\\/portal\\\/2024\\\/02\\\/01\\\/niveles-de-corrupcion-en-el-pais-son-el-legado-de-18-anos-del-mas-en-el-poder\\\/\"},\"wordCount\":312,\"commentCount\":0,\"publisher\":{\"@id\":\"https:\\\/\\\/www.eldiario.net\\\/portal\\\/#organization\"},\"image\":{\"@id\":\"https:\\\/\\\/www.eldiario.net\\\/portal\\\/2024\\\/02\\\/01\\\/niveles-de-corrupcion-en-el-pais-son-el-legado-de-18-anos-del-mas-en-el-poder\\\/#primaryimage\"},\"thumbnailUrl\":\"https:\\\/\\\/www.eldiario.net\\\/portal\\\/wp-content\\\/uploads\\\/2024\\\/02\\\/LEGADO-FOTO.jpg\",\"articleSection\":[\"Portada\"],\"inLanguage\":\"es\",\"potentialAction\":[{\"@type\":\"CommentAction\",\"name\":\"Comment\",\"target\":[\"https:\\\/\\\/www.eldiario.net\\\/portal\\\/2024\\\/02\\\/01\\\/niveles-de-corrupcion-en-el-pais-son-el-legado-de-18-anos-del-mas-en-el-poder\\\/#respond\"]}]},{\"@type\":\"WebPage\",\"@id\":\"https:\\\/\\\/www.eldiario.net\\\/portal\\\/2024\\\/02\\\/01\\\/niveles-de-corrupcion-en-el-pais-son-el-legado-de-18-anos-del-mas-en-el-poder\\\/\",\"url\":\"https:\\\/\\\/www.eldiario.net\\\/portal\\\/2024\\\/02\\\/01\\\/niveles-de-corrupcion-en-el-pais-son-el-legado-de-18-anos-del-mas-en-el-poder\\\/\",\"name\":\"Niveles de corrupci\u00f3n en el pa\u00eds son el legado de 18 a\u00f1os del MAS en el poder - El Diario - Bolivia\",\"isPartOf\":{\"@id\":\"https:\\\/\\\/www.eldiario.net\\\/portal\\\/#website\"},\"primaryImageOfPage\":{\"@id\":\"https:\\\/\\\/www.eldiario.net\\\/portal\\\/2024\\\/02\\\/01\\\/niveles-de-corrupcion-en-el-pais-son-el-legado-de-18-anos-del-mas-en-el-poder\\\/#primaryimage\"},\"image\":{\"@id\":\"https:\\\/\\\/www.eldiario.net\\\/portal\\\/2024\\\/02\\\/01\\\/niveles-de-corrupcion-en-el-pais-son-el-legado-de-18-anos-del-mas-en-el-poder\\\/#primaryimage\"},\"thumbnailUrl\":\"https:\\\/\\\/www.eldiario.net\\\/portal\\\/wp-content\\\/uploads\\\/2024\\\/02\\\/LEGADO-FOTO.jpg\",\"datePublished\":\"2024-02-01T10:20:00+00:00\",\"breadcrumb\":{\"@id\":\"https:\\\/\\\/www.eldiario.net\\\/portal\\\/2024\\\/02\\\/01\\\/niveles-de-corrupcion-en-el-pais-son-el-legado-de-18-anos-del-mas-en-el-poder\\\/#breadcrumb\"},\"inLanguage\":\"es\",\"potentialAction\":[{\"@type\":\"ReadAction\",\"target\":[\"https:\\\/\\\/www.eldiario.net\\\/portal\\\/2024\\\/02\\\/01\\\/niveles-de-corrupcion-en-el-pais-son-el-legado-de-18-anos-del-mas-en-el-poder\\\/\"]}]},{\"@type\":\"ImageObject\",\"inLanguage\":\"es\",\"@id\":\"https:\\\/\\\/www.eldiario.net\\\/portal\\\/2024\\\/02\\\/01\\\/niveles-de-corrupcion-en-el-pais-son-el-legado-de-18-anos-del-mas-en-el-poder\\\/#primaryimage\",\"url\":\"https:\\\/\\\/www.eldiario.net\\\/portal\\\/wp-content\\\/uploads\\\/2024\\\/02\\\/LEGADO-FOTO.jpg\",\"contentUrl\":\"https:\\\/\\\/www.eldiario.net\\\/portal\\\/wp-content\\\/uploads\\\/2024\\\/02\\\/LEGADO-FOTO.jpg\",\"width\":1280,\"height\":852,\"caption\":\"Expresidente Carlos Mesa Gisbert. CREDITOS \\\/ RRSS\"},{\"@type\":\"BreadcrumbList\",\"@id\":\"https:\\\/\\\/www.eldiario.net\\\/portal\\\/2024\\\/02\\\/01\\\/niveles-de-corrupcion-en-el-pais-son-el-legado-de-18-anos-del-mas-en-el-poder\\\/#breadcrumb\",\"itemListElement\":[{\"@type\":\"ListItem\",\"position\":1,\"name\":\"Portada\",\"item\":\"https:\\\/\\\/www.eldiario.net\\\/portal\\\/\"},{\"@type\":\"ListItem\",\"position\":2,\"name\":\"Niveles de corrupci\u00f3n en el pa\u00eds son el legado de 18 a\u00f1os del MAS en el poder\"}]},{\"@type\":\"WebSite\",\"@id\":\"https:\\\/\\\/www.eldiario.net\\\/portal\\\/#website\",\"url\":\"https:\\\/\\\/www.eldiario.net\\\/portal\\\/\",\"name\":\"El Diario - Decano de la prensa nacional\",\"description\":\"El Diario - Decano de la prensa nacional\",\"publisher\":{\"@id\":\"https:\\\/\\\/www.eldiario.net\\\/portal\\\/#organization\"},\"potentialAction\":[{\"@type\":\"SearchAction\",\"target\":{\"@type\":\"EntryPoint\",\"urlTemplate\":\"https:\\\/\\\/www.eldiario.net\\\/portal\\\/?s={search_term_string}\"},\"query-input\":{\"@type\":\"PropertyValueSpecification\",\"valueRequired\":true,\"valueName\":\"search_term_string\"}}],\"inLanguage\":\"es\"},{\"@type\":\"Organization\",\"@id\":\"https:\\\/\\\/www.eldiario.net\\\/portal\\\/#organization\",\"name\":\"El Diario - Decano de la prensa nacional\",\"url\":\"https:\\\/\\\/www.eldiario.net\\\/portal\\\/\",\"logo\":{\"@type\":\"ImageObject\",\"inLanguage\":\"es\",\"@id\":\"https:\\\/\\\/www.eldiario.net\\\/portal\\\/#\\\/schema\\\/logo\\\/image\\\/\",\"url\":\"https:\\\/\\\/www.eldiario.net\\\/portal\\\/wp-content\\\/uploads\\\/2023\\\/07\\\/logo_ED.jpg\",\"contentUrl\":\"https:\\\/\\\/www.eldiario.net\\\/portal\\\/wp-content\\\/uploads\\\/2023\\\/07\\\/logo_ED.jpg\",\"width\":272,\"height\":52,\"caption\":\"El Diario - Decano de la prensa nacional\"},\"image\":{\"@id\":\"https:\\\/\\\/www.eldiario.net\\\/portal\\\/#\\\/schema\\\/logo\\\/image\\\/\"},\"sameAs\":[\"https:\\\/\\\/www.facebook.com\\\/eldiario.bolivia\\\/\",\"https:\\\/\\\/x.com\\\/eldiario_net\"]},{\"@type\":\"Person\",\"@id\":\"https:\\\/\\\/www.eldiario.net\\\/portal\\\/#\\\/schema\\\/person\\\/2c57cf2b7a7ae032e449e4c9b1019eac\",\"name\":\"Jeanette\",\"image\":{\"@type\":\"ImageObject\",\"inLanguage\":\"es\",\"@id\":\"https:\\\/\\\/secure.gravatar.com\\\/avatar\\\/3ea2118a5f7dad2b7138b1187a6b7ee55f160b9968b66013c3a3ef39dd7e5798?s=96&d=mm&r=g\",\"url\":\"https:\\\/\\\/secure.gravatar.com\\\/avatar\\\/3ea2118a5f7dad2b7138b1187a6b7ee55f160b9968b66013c3a3ef39dd7e5798?s=96&d=mm&r=g\",\"contentUrl\":\"https:\\\/\\\/secure.gravatar.com\\\/avatar\\\/3ea2118a5f7dad2b7138b1187a6b7ee55f160b9968b66013c3a3ef39dd7e5798?s=96&d=mm&r=g\",\"caption\":\"Jeanette\"},\"sameAs\":[\"https:\\\/\\\/www.eldiario.net\\\/portal\"],\"url\":\"https:\\\/\\\/www.eldiario.net\\\/portal\\\/author\\\/jeanette\\\/\"}]}<\/script>\n<!-- \/ Yoast SEO plugin. -->","yoast_head_json":{"title":"Niveles de corrupci\u00f3n en el pa\u00eds son el legado de 18 a\u00f1os del MAS en el poder - El Diario - Bolivia","robots":{"index":"index","follow":"follow","max-snippet":"max-snippet:-1","max-image-preview":"max-image-preview:large","max-video-preview":"max-video-preview:-1"},"canonical":"https:\/\/www.eldiario.net\/portal\/2024\/02\/01\/niveles-de-corrupcion-en-el-pais-son-el-legado-de-18-anos-del-mas-en-el-poder\/","og_locale":"es_ES","og_type":"article","og_title":"Niveles de corrupci\u00f3n en el pa\u00eds son el legado de 18 a\u00f1os del MAS en el poder - El Diario - Bolivia","og_description":"Tras conocerse de estudios internacionales que posicionan a Bolivia como el tercer pa\u00eds m\u00e1s corrupto en la regi\u00f3n, el expresidente Carlos Mesa Gisbert, se\u00f1al\u00f3 que esa calificaci\u00f3n es el legado de los 18 a\u00f1os del Movimiento al Socialismo (MAS) en el poder, donde el envilecimiento del proceso pol\u00edtico iniciado en 2006 deriv\u00f3 en una corrupci\u00f3n [&hellip;]","og_url":"https:\/\/www.eldiario.net\/portal\/2024\/02\/01\/niveles-de-corrupcion-en-el-pais-son-el-legado-de-18-anos-del-mas-en-el-poder\/","og_site_name":"El Diario - Bolivia","article_publisher":"https:\/\/www.facebook.com\/eldiario.bolivia\/","article_published_time":"2024-02-01T10:20:00+00:00","og_image":[{"width":1280,"height":852,"url":"https:\/\/www.eldiario.net\/portal\/wp-content\/uploads\/2024\/02\/LEGADO-FOTO.jpg","type":"image\/jpeg"}],"author":"Jeanette","twitter_card":"summary_large_image","twitter_creator":"@eldiario_net","twitter_site":"@eldiario_net","twitter_misc":{"Escrito por":"Jeanette","Tiempo de lectura":"2 minutos"},"schema":{"@context":"https:\/\/schema.org","@graph":[{"@type":"Article","@id":"https:\/\/www.eldiario.net\/portal\/2024\/02\/01\/niveles-de-corrupcion-en-el-pais-son-el-legado-de-18-anos-del-mas-en-el-poder\/#article","isPartOf":{"@id":"https:\/\/www.eldiario.net\/portal\/2024\/02\/01\/niveles-de-corrupcion-en-el-pais-son-el-legado-de-18-anos-del-mas-en-el-poder\/"},"author":{"name":"Jeanette","@id":"https:\/\/www.eldiario.net\/portal\/#\/schema\/person\/2c57cf2b7a7ae032e449e4c9b1019eac"},"headline":"Niveles de corrupci\u00f3n en el pa\u00eds son el legado de 18 a\u00f1os del MAS en el poder","datePublished":"2024-02-01T10:20:00+00:00","mainEntityOfPage":{"@id":"https:\/\/www.eldiario.net\/portal\/2024\/02\/01\/niveles-de-corrupcion-en-el-pais-son-el-legado-de-18-anos-del-mas-en-el-poder\/"},"wordCount":312,"commentCount":0,"publisher":{"@id":"https:\/\/www.eldiario.net\/portal\/#organization"},"image":{"@id":"https:\/\/www.eldiario.net\/portal\/2024\/02\/01\/niveles-de-corrupcion-en-el-pais-son-el-legado-de-18-anos-del-mas-en-el-poder\/#primaryimage"},"thumbnailUrl":"https:\/\/www.eldiario.net\/portal\/wp-content\/uploads\/2024\/02\/LEGADO-FOTO.jpg","articleSection":["Portada"],"inLanguage":"es","potentialAction":[{"@type":"CommentAction","name":"Comment","target":["https:\/\/www.eldiario.net\/portal\/2024\/02\/01\/niveles-de-corrupcion-en-el-pais-son-el-legado-de-18-anos-del-mas-en-el-poder\/#respond"]}]},{"@type":"WebPage","@id":"https:\/\/www.eldiario.net\/portal\/2024\/02\/01\/niveles-de-corrupcion-en-el-pais-son-el-legado-de-18-anos-del-mas-en-el-poder\/","url":"https:\/\/www.eldiario.net\/portal\/2024\/02\/01\/niveles-de-corrupcion-en-el-pais-son-el-legado-de-18-anos-del-mas-en-el-poder\/","name":"Niveles de corrupci\u00f3n en el pa\u00eds son el legado de 18 a\u00f1os del MAS en el poder - El Diario - Bolivia","isPartOf":{"@id":"https:\/\/www.eldiario.net\/portal\/#website"},"primaryImageOfPage":{"@id":"https:\/\/www.eldiario.net\/portal\/2024\/02\/01\/niveles-de-corrupcion-en-el-pais-son-el-legado-de-18-anos-del-mas-en-el-poder\/#primaryimage"},"image":{"@id":"https:\/\/www.eldiario.net\/portal\/2024\/02\/01\/niveles-de-corrupcion-en-el-pais-son-el-legado-de-18-anos-del-mas-en-el-poder\/#primaryimage"},"thumbnailUrl":"https:\/\/www.eldiario.net\/portal\/wp-content\/uploads\/2024\/02\/LEGADO-FOTO.jpg","datePublished":"2024-02-01T10:20:00+00:00","breadcrumb":{"@id":"https:\/\/www.eldiario.net\/portal\/2024\/02\/01\/niveles-de-corrupcion-en-el-pais-son-el-legado-de-18-anos-del-mas-en-el-poder\/#breadcrumb"},"inLanguage":"es","potentialAction":[{"@type":"ReadAction","target":["https:\/\/www.eldiario.net\/portal\/2024\/02\/01\/niveles-de-corrupcion-en-el-pais-son-el-legado-de-18-anos-del-mas-en-el-poder\/"]}]},{"@type":"ImageObject","inLanguage":"es","@id":"https:\/\/www.eldiario.net\/portal\/2024\/02\/01\/niveles-de-corrupcion-en-el-pais-son-el-legado-de-18-anos-del-mas-en-el-poder\/#primaryimage","url":"https:\/\/www.eldiario.net\/portal\/wp-content\/uploads\/2024\/02\/LEGADO-FOTO.jpg","contentUrl":"https:\/\/www.eldiario.net\/portal\/wp-content\/uploads\/2024\/02\/LEGADO-FOTO.jpg","width":1280,"height":852,"caption":"Expresidente Carlos Mesa Gisbert. CREDITOS \/ RRSS"},{"@type":"BreadcrumbList","@id":"https:\/\/www.eldiario.net\/portal\/2024\/02\/01\/niveles-de-corrupcion-en-el-pais-son-el-legado-de-18-anos-del-mas-en-el-poder\/#breadcrumb","itemListElement":[{"@type":"ListItem","position":1,"name":"Portada","item":"https:\/\/www.eldiario.net\/portal\/"},{"@type":"ListItem","position":2,"name":"Niveles de corrupci\u00f3n en el pa\u00eds son el legado de 18 a\u00f1os del MAS en el poder"}]},{"@type":"WebSite","@id":"https:\/\/www.eldiario.net\/portal\/#website","url":"https:\/\/www.eldiario.net\/portal\/","name":"El Diario - Decano de la prensa nacional","description":"El Diario - Decano de la prensa nacional","publisher":{"@id":"https:\/\/www.eldiario.net\/portal\/#organization"},"potentialAction":[{"@type":"SearchAction","target":{"@type":"EntryPoint","urlTemplate":"https:\/\/www.eldiario.net\/portal\/?s={search_term_string}"},"query-input":{"@type":"PropertyValueSpecification","valueRequired":true,"valueName":"search_term_string"}}],"inLanguage":"es"},{"@type":"Organization","@id":"https:\/\/www.eldiario.net\/portal\/#organization","name":"El Diario - Decano de la prensa nacional","url":"https:\/\/www.eldiario.net\/portal\/","logo":{"@type":"ImageObject","inLanguage":"es","@id":"https:\/\/www.eldiario.net\/portal\/#\/schema\/logo\/image\/","url":"https:\/\/www.eldiario.net\/portal\/wp-content\/uploads\/2023\/07\/logo_ED.jpg","contentUrl":"https:\/\/www.eldiario.net\/portal\/wp-content\/uploads\/2023\/07\/logo_ED.jpg","width":272,"height":52,"caption":"El Diario - Decano de la prensa nacional"},"image":{"@id":"https:\/\/www.eldiario.net\/portal\/#\/schema\/logo\/image\/"},"sameAs":["https:\/\/www.facebook.com\/eldiario.bolivia\/","https:\/\/x.com\/eldiario_net"]},{"@type":"Person","@id":"https:\/\/www.eldiario.net\/portal\/#\/schema\/person\/2c57cf2b7a7ae032e449e4c9b1019eac","name":"Jeanette","image":{"@type":"ImageObject","inLanguage":"es","@id":"https:\/\/secure.gravatar.com\/avatar\/3ea2118a5f7dad2b7138b1187a6b7ee55f160b9968b66013c3a3ef39dd7e5798?s=96&d=mm&r=g","url":"https:\/\/secure.gravatar.com\/avatar\/3ea2118a5f7dad2b7138b1187a6b7ee55f160b9968b66013c3a3ef39dd7e5798?s=96&d=mm&r=g","contentUrl":"https:\/\/secure.gravatar.com\/avatar\/3ea2118a5f7dad2b7138b1187a6b7ee55f160b9968b66013c3a3ef39dd7e5798?s=96&d=mm&r=g","caption":"Jeanette"},"sameAs":["https:\/\/www.eldiario.net\/portal"],"url":"https:\/\/www.eldiario.net\/portal\/author\/jeanette\/"}]}},"_links":{"self":[{"href":"https:\/\/www.eldiario.net\/portal\/wp-json\/wp\/v2\/posts\/200629","targetHints":{"allow":["GET"]}}],"collection":[{"href":"https:\/\/www.eldiario.net\/portal\/wp-json\/wp\/v2\/posts"}],"about":[{"href":"https:\/\/www.eldiario.net\/portal\/wp-json\/wp\/v2\/types\/post"}],"author":[{"embeddable":true,"href":"https:\/\/www.eldiario.net\/portal\/wp-json\/wp\/v2\/users\/1"}],"replies":[{"embeddable":true,"href":"https:\/\/www.eldiario.net\/portal\/wp-json\/wp\/v2\/comments?post=200629"}],"version-history":[{"count":1,"href":"https:\/\/www.eldiario.net\/portal\/wp-json\/wp\/v2\/posts\/200629\/revisions"}],"predecessor-version":[{"id":200631,"href":"https:\/\/www.eldiario.net\/portal\/wp-json\/wp\/v2\/posts\/200629\/revisions\/200631"}],"wp:featuredmedia":[{"embeddable":true,"href":"https:\/\/www.eldiario.net\/portal\/wp-json\/wp\/v2\/media\/200630"}],"wp:attachment":[{"href":"https:\/\/www.eldiario.net\/portal\/wp-json\/wp\/v2\/media?parent=200629"}],"wp:term":[{"taxonomy":"category","embeddable":true,"href":"https:\/\/www.eldiario.net\/portal\/wp-json\/wp\/v2\/categories?post=200629"},{"taxonomy":"post_tag","embeddable":true,"href":"https:\/\/www.eldiario.net\/portal\/wp-json\/wp\/v2\/tags?post=200629"}],"curies":[{"name":"wp","href":"https:\/\/api.w.org\/{rel}","templated":true}]}}