{"id":200142,"date":"2024-01-29T07:06:52","date_gmt":"2024-01-29T11:06:52","guid":{"rendered":"https:\/\/www.eldiario.net\/portal\/?p=200142"},"modified":"2024-01-29T07:06:52","modified_gmt":"2024-01-29T11:06:52","slug":"escasez-de-combustibles-en-estaciones-provoca-largas-filas","status":"publish","type":"post","link":"https:\/\/www.eldiario.net\/portal\/2024\/01\/29\/escasez-de-combustibles-en-estaciones-provoca-largas-filas\/","title":{"rendered":"Escasez de combustibles en estaciones provoca largas filas"},"content":{"rendered":"<p>A pesar de que la Agencia Nacional de Hidrocarburos (ANH) asegura control en el abastecimiento de combustibles, la realidad es otra, pues algunas estaciones cerraron por falta de combustible y en otros se registran largas filas.<br \/>\n\u201cEl abastecimiento (de combustibles) est\u00e1 garantizado y controlado en todo el territorio nacional, si bien se han evidenciado algunos rumores de filas en la ciudad de La Paz, los mismos a trav\u00e9s de los operativos que estamos llevando por parte de la instituci\u00f3n, estamos controlando\u201d, inform\u00f3 el s\u00e1bado el director ejecutivo de la ANH, Germ\u00e1n Jim\u00e9nez, a los periodistas.<br \/>\nDesde la estaci\u00f3n de servicio Volc\u00e1n, ubicado en la ciudad de La Paz, alert\u00f3 que en las redes sociales circulan rumores respecto al abastecimiento de combustibles ante el bloqueo y pidi\u00f3 a la poblaci\u00f3n no caer en los mismos, pues s\u00f3lo ocasionan especulaci\u00f3n.<br \/>\nPese a las declaraciones de la autoridad en la ciudad de El Alto, algunas estaciones cerraron temprano, y en otras, se observ\u00f3 largas filas de movilidades con el objetivo de llenar sus tanques de gasolina.<br \/>\nAyer, por la ma\u00f1ana, la situaci\u00f3n no fue diferente, pues algunas estaciones no ten\u00edan gasolina para vender y en las que hab\u00eda el producto, las filas eran largas.<br \/>\nTambi\u00e9n, el s\u00e1bado, inform\u00f3 que en los puntos de bloqueo est\u00e1n varadas m\u00e1s de 130 cisternas con alrededor de 4 millones de litros de combustibles, los cuales tienen que llegar a los puntos de almacenaje para su respectiva distribuci\u00f3n.<br \/>\nMientras tanto, ayer el presidente de Yacimientos Petrol\u00edferos Fiscales Bolivianos (YPFB), Armin Dorgathen, dijo a medios estatales que la estatal petrolera asume costos adicionales de log\u00edstica para garantizar el abastecimiento de di\u00e9sel y gasolina ante los bloqueos que se realizan en el pa\u00eds hace una semana.<br \/>\n\u201cEstamos realizando esfuerzos para llevar gasolina y di\u00e9sel a su destino final, puesto que corremos con gastos adicionales de log\u00edstica para suministrarla a la poblaci\u00f3n. Pedimos que se levanten las medidas de presi\u00f3n para el normal funcionamiento y para que la log\u00edstica se lleve con normalidad\u201d, indic\u00f3.<br \/>\nLa autoridad agreg\u00f3 que se garantiza el combustible y se redoblan esfuerzos para el normal funcionamiento productivo del pa\u00eds. \u201cTenemos costos adicionales porque usamos una log\u00edstica m\u00e1s cara con rutas en las que transportistas viajan m\u00e1s horas para que llegue el di\u00e9sel y se eviten los bloqueos o puntos de conflicto\u201d, apunt\u00f3.<\/p>\n","protected":false},"excerpt":{"rendered":"<p>A pesar de que la Agencia Nacional de Hidrocarburos (ANH) asegura control en el abastecimiento de combustibles, la realidad es otra, pues algunas estaciones cerraron por falta de combustible y en otros se registran largas filas. \u201cEl abastecimiento (de combustibles) est\u00e1 garantizado y controlado en todo el territorio nacional, si bien se han evidenciado algunos [&hellip;]<\/p>\n","protected":false},"author":1,"featured_media":200143,"comment_status":"open","ping_status":"open","sticky":false,"template":"","format":"standard","meta":{"_acf_changed":false,"footnotes":""},"categories":[7],"tags":[],"class_list":["post-200142","post","type-post","status-publish","format-standard","has-post-thumbnail","category-economia"],"acf":{"antetitulo":""},"yoast_head":"<!-- This site is optimized with the Yoast SEO plugin v28.4 - https:\/\/yoast.com\/product\/yoast-seo-wordpress\/ -->\n<title>Escasez de combustibles en estaciones provoca largas filas - El Diario - Bolivia<\/title>\n<meta name=\"robots\" content=\"index, follow, max-snippet:-1, max-image-preview:large, max-video-preview:-1\" \/>\n<link rel=\"canonical\" href=\"https:\/\/www.eldiario.net\/portal\/2024\/01\/29\/escasez-de-combustibles-en-estaciones-provoca-largas-filas\/\" \/>\n<meta property=\"og:locale\" content=\"es_ES\" \/>\n<meta property=\"og:type\" content=\"article\" \/>\n<meta property=\"og:title\" content=\"Escasez de combustibles en estaciones provoca largas filas - El Diario - Bolivia\" \/>\n<meta property=\"og:description\" content=\"A pesar de que la Agencia Nacional de Hidrocarburos (ANH) asegura control en el abastecimiento de combustibles, la realidad es otra, pues algunas estaciones cerraron por falta de combustible y en otros se registran largas filas. \u201cEl abastecimiento (de combustibles) est\u00e1 garantizado y controlado en todo el territorio nacional, si bien se han evidenciado algunos [&hellip;]\" \/>\n<meta property=\"og:url\" content=\"https:\/\/www.eldiario.net\/portal\/2024\/01\/29\/escasez-de-combustibles-en-estaciones-provoca-largas-filas\/\" \/>\n<meta property=\"og:site_name\" content=\"El Diario - Bolivia\" \/>\n<meta property=\"article:publisher\" content=\"https:\/\/www.facebook.com\/eldiario.bolivia\/\" \/>\n<meta property=\"article:published_time\" content=\"2024-01-29T11:06:52+00:00\" \/>\n<meta property=\"og:image\" content=\"https:\/\/www.eldiario.net\/portal\/wp-content\/uploads\/2024\/01\/falta.jpg\" \/>\n\t<meta property=\"og:image:width\" content=\"240\" \/>\n\t<meta property=\"og:image:height\" content=\"117\" \/>\n\t<meta property=\"og:image:type\" content=\"image\/jpeg\" \/>\n<meta name=\"author\" content=\"Jeanette\" \/>\n<meta name=\"twitter:card\" content=\"summary_large_image\" \/>\n<meta name=\"twitter:creator\" content=\"@eldiario_net\" \/>\n<meta name=\"twitter:site\" content=\"@eldiario_net\" \/>\n<meta name=\"twitter:label1\" content=\"Escrito por\" \/>\n\t<meta name=\"twitter:data1\" content=\"Jeanette\" \/>\n\t<meta name=\"twitter:label2\" content=\"Tiempo de lectura\" \/>\n\t<meta name=\"twitter:data2\" content=\"2 minutos\" \/>\n<script type=\"application\/ld+json\" class=\"yoast-schema-graph\">{\"@context\":\"https:\\\/\\\/schema.org\",\"@graph\":[{\"@type\":\"Article\",\"@id\":\"https:\\\/\\\/www.eldiario.net\\\/portal\\\/2024\\\/01\\\/29\\\/escasez-de-combustibles-en-estaciones-provoca-largas-filas\\\/#article\",\"isPartOf\":{\"@id\":\"https:\\\/\\\/www.eldiario.net\\\/portal\\\/2024\\\/01\\\/29\\\/escasez-de-combustibles-en-estaciones-provoca-largas-filas\\\/\"},\"author\":{\"name\":\"Jeanette\",\"@id\":\"https:\\\/\\\/www.eldiario.net\\\/portal\\\/#\\\/schema\\\/person\\\/f46445640444750d7d753ccd04ae01b7\"},\"headline\":\"Escasez de combustibles en estaciones provoca largas filas\",\"datePublished\":\"2024-01-29T11:06:52+00:00\",\"mainEntityOfPage\":{\"@id\":\"https:\\\/\\\/www.eldiario.net\\\/portal\\\/2024\\\/01\\\/29\\\/escasez-de-combustibles-en-estaciones-provoca-largas-filas\\\/\"},\"wordCount\":424,\"commentCount\":0,\"publisher\":{\"@id\":\"https:\\\/\\\/www.eldiario.net\\\/portal\\\/#organization\"},\"image\":{\"@id\":\"https:\\\/\\\/www.eldiario.net\\\/portal\\\/2024\\\/01\\\/29\\\/escasez-de-combustibles-en-estaciones-provoca-largas-filas\\\/#primaryimage\"},\"thumbnailUrl\":\"https:\\\/\\\/www.eldiario.net\\\/portal\\\/wp-content\\\/uploads\\\/2024\\\/01\\\/falta.jpg\",\"articleSection\":[\"Econom\u00eda\"],\"inLanguage\":\"es\",\"potentialAction\":[{\"@type\":\"CommentAction\",\"name\":\"Comment\",\"target\":[\"https:\\\/\\\/www.eldiario.net\\\/portal\\\/2024\\\/01\\\/29\\\/escasez-de-combustibles-en-estaciones-provoca-largas-filas\\\/#respond\"]}]},{\"@type\":\"WebPage\",\"@id\":\"https:\\\/\\\/www.eldiario.net\\\/portal\\\/2024\\\/01\\\/29\\\/escasez-de-combustibles-en-estaciones-provoca-largas-filas\\\/\",\"url\":\"https:\\\/\\\/www.eldiario.net\\\/portal\\\/2024\\\/01\\\/29\\\/escasez-de-combustibles-en-estaciones-provoca-largas-filas\\\/\",\"name\":\"Escasez de combustibles en estaciones provoca largas filas - El Diario - Bolivia\",\"isPartOf\":{\"@id\":\"https:\\\/\\\/www.eldiario.net\\\/portal\\\/#website\"},\"primaryImageOfPage\":{\"@id\":\"https:\\\/\\\/www.eldiario.net\\\/portal\\\/2024\\\/01\\\/29\\\/escasez-de-combustibles-en-estaciones-provoca-largas-filas\\\/#primaryimage\"},\"image\":{\"@id\":\"https:\\\/\\\/www.eldiario.net\\\/portal\\\/2024\\\/01\\\/29\\\/escasez-de-combustibles-en-estaciones-provoca-largas-filas\\\/#primaryimage\"},\"thumbnailUrl\":\"https:\\\/\\\/www.eldiario.net\\\/portal\\\/wp-content\\\/uploads\\\/2024\\\/01\\\/falta.jpg\",\"datePublished\":\"2024-01-29T11:06:52+00:00\",\"breadcrumb\":{\"@id\":\"https:\\\/\\\/www.eldiario.net\\\/portal\\\/2024\\\/01\\\/29\\\/escasez-de-combustibles-en-estaciones-provoca-largas-filas\\\/#breadcrumb\"},\"inLanguage\":\"es\",\"potentialAction\":[{\"@type\":\"ReadAction\",\"target\":[\"https:\\\/\\\/www.eldiario.net\\\/portal\\\/2024\\\/01\\\/29\\\/escasez-de-combustibles-en-estaciones-provoca-largas-filas\\\/\"]}]},{\"@type\":\"ImageObject\",\"inLanguage\":\"es\",\"@id\":\"https:\\\/\\\/www.eldiario.net\\\/portal\\\/2024\\\/01\\\/29\\\/escasez-de-combustibles-en-estaciones-provoca-largas-filas\\\/#primaryimage\",\"url\":\"https:\\\/\\\/www.eldiario.net\\\/portal\\\/wp-content\\\/uploads\\\/2024\\\/01\\\/falta.jpg\",\"contentUrl\":\"https:\\\/\\\/www.eldiario.net\\\/portal\\\/wp-content\\\/uploads\\\/2024\\\/01\\\/falta.jpg\",\"width\":240,\"height\":117,\"caption\":\"Fila de autos esperan su turno para cargar gasolina.\"},{\"@type\":\"BreadcrumbList\",\"@id\":\"https:\\\/\\\/www.eldiario.net\\\/portal\\\/2024\\\/01\\\/29\\\/escasez-de-combustibles-en-estaciones-provoca-largas-filas\\\/#breadcrumb\",\"itemListElement\":[{\"@type\":\"ListItem\",\"position\":1,\"name\":\"Portada\",\"item\":\"https:\\\/\\\/www.eldiario.net\\\/portal\\\/\"},{\"@type\":\"ListItem\",\"position\":2,\"name\":\"Escasez de combustibles en estaciones provoca largas filas\"}]},{\"@type\":\"WebSite\",\"@id\":\"https:\\\/\\\/www.eldiario.net\\\/portal\\\/#website\",\"url\":\"https:\\\/\\\/www.eldiario.net\\\/portal\\\/\",\"name\":\"El Diario - Decano de la prensa nacional\",\"description\":\"El Diario - Decano de la prensa nacional\",\"publisher\":{\"@id\":\"https:\\\/\\\/www.eldiario.net\\\/portal\\\/#organization\"},\"potentialAction\":[{\"@type\":\"SearchAction\",\"target\":{\"@type\":\"EntryPoint\",\"urlTemplate\":\"https:\\\/\\\/www.eldiario.net\\\/portal\\\/?s={search_term_string}\"},\"query-input\":{\"@type\":\"PropertyValueSpecification\",\"valueRequired\":true,\"valueName\":\"search_term_string\"}}],\"inLanguage\":\"es\"},{\"@type\":\"Organization\",\"@id\":\"https:\\\/\\\/www.eldiario.net\\\/portal\\\/#organization\",\"name\":\"El Diario - Decano de la prensa nacional\",\"url\":\"https:\\\/\\\/www.eldiario.net\\\/portal\\\/\",\"logo\":{\"@type\":\"ImageObject\",\"inLanguage\":\"es\",\"@id\":\"https:\\\/\\\/www.eldiario.net\\\/portal\\\/#\\\/schema\\\/logo\\\/image\\\/\",\"url\":\"https:\\\/\\\/www.eldiario.net\\\/portal\\\/wp-content\\\/uploads\\\/2023\\\/07\\\/logo_ED.jpg\",\"contentUrl\":\"https:\\\/\\\/www.eldiario.net\\\/portal\\\/wp-content\\\/uploads\\\/2023\\\/07\\\/logo_ED.jpg\",\"width\":272,\"height\":52,\"caption\":\"El Diario - Decano de la prensa nacional\"},\"image\":{\"@id\":\"https:\\\/\\\/www.eldiario.net\\\/portal\\\/#\\\/schema\\\/logo\\\/image\\\/\"},\"sameAs\":[\"https:\\\/\\\/www.facebook.com\\\/eldiario.bolivia\\\/\",\"https:\\\/\\\/x.com\\\/eldiario_net\"]},{\"@type\":\"Person\",\"@id\":\"https:\\\/\\\/www.eldiario.net\\\/portal\\\/#\\\/schema\\\/person\\\/f46445640444750d7d753ccd04ae01b7\",\"name\":\"Jeanette\",\"image\":{\"@type\":\"ImageObject\",\"inLanguage\":\"es\",\"@id\":\"https:\\\/\\\/secure.gravatar.com\\\/avatar\\\/3ea2118a5f7dad2b7138b1187a6b7ee55f160b9968b66013c3a3ef39dd7e5798?s=96&d=mm&r=g\",\"url\":\"https:\\\/\\\/secure.gravatar.com\\\/avatar\\\/3ea2118a5f7dad2b7138b1187a6b7ee55f160b9968b66013c3a3ef39dd7e5798?s=96&d=mm&r=g\",\"contentUrl\":\"https:\\\/\\\/secure.gravatar.com\\\/avatar\\\/3ea2118a5f7dad2b7138b1187a6b7ee55f160b9968b66013c3a3ef39dd7e5798?s=96&d=mm&r=g\",\"caption\":\"Jeanette\"},\"sameAs\":[\"https:\\\/\\\/www.eldiario.net\\\/portal\"],\"url\":\"https:\\\/\\\/www.eldiario.net\\\/portal\\\/author\\\/jeanette\\\/\"}]}<\/script>\n<!-- \/ Yoast SEO plugin. -->","yoast_head_json":{"title":"Escasez de combustibles en estaciones provoca largas filas - El Diario - Bolivia","robots":{"index":"index","follow":"follow","max-snippet":"max-snippet:-1","max-image-preview":"max-image-preview:large","max-video-preview":"max-video-preview:-1"},"canonical":"https:\/\/www.eldiario.net\/portal\/2024\/01\/29\/escasez-de-combustibles-en-estaciones-provoca-largas-filas\/","og_locale":"es_ES","og_type":"article","og_title":"Escasez de combustibles en estaciones provoca largas filas - El Diario - Bolivia","og_description":"A pesar de que la Agencia Nacional de Hidrocarburos (ANH) asegura control en el abastecimiento de combustibles, la realidad es otra, pues algunas estaciones cerraron por falta de combustible y en otros se registran largas filas. \u201cEl abastecimiento (de combustibles) est\u00e1 garantizado y controlado en todo el territorio nacional, si bien se han evidenciado algunos [&hellip;]","og_url":"https:\/\/www.eldiario.net\/portal\/2024\/01\/29\/escasez-de-combustibles-en-estaciones-provoca-largas-filas\/","og_site_name":"El Diario - Bolivia","article_publisher":"https:\/\/www.facebook.com\/eldiario.bolivia\/","article_published_time":"2024-01-29T11:06:52+00:00","og_image":[{"width":240,"height":117,"url":"https:\/\/www.eldiario.net\/portal\/wp-content\/uploads\/2024\/01\/falta.jpg","type":"image\/jpeg"}],"author":"Jeanette","twitter_card":"summary_large_image","twitter_creator":"@eldiario_net","twitter_site":"@eldiario_net","twitter_misc":{"Escrito por":"Jeanette","Tiempo de lectura":"2 minutos"},"schema":{"@context":"https:\/\/schema.org","@graph":[{"@type":"Article","@id":"https:\/\/www.eldiario.net\/portal\/2024\/01\/29\/escasez-de-combustibles-en-estaciones-provoca-largas-filas\/#article","isPartOf":{"@id":"https:\/\/www.eldiario.net\/portal\/2024\/01\/29\/escasez-de-combustibles-en-estaciones-provoca-largas-filas\/"},"author":{"name":"Jeanette","@id":"https:\/\/www.eldiario.net\/portal\/#\/schema\/person\/f46445640444750d7d753ccd04ae01b7"},"headline":"Escasez de combustibles en estaciones provoca largas filas","datePublished":"2024-01-29T11:06:52+00:00","mainEntityOfPage":{"@id":"https:\/\/www.eldiario.net\/portal\/2024\/01\/29\/escasez-de-combustibles-en-estaciones-provoca-largas-filas\/"},"wordCount":424,"commentCount":0,"publisher":{"@id":"https:\/\/www.eldiario.net\/portal\/#organization"},"image":{"@id":"https:\/\/www.eldiario.net\/portal\/2024\/01\/29\/escasez-de-combustibles-en-estaciones-provoca-largas-filas\/#primaryimage"},"thumbnailUrl":"https:\/\/www.eldiario.net\/portal\/wp-content\/uploads\/2024\/01\/falta.jpg","articleSection":["Econom\u00eda"],"inLanguage":"es","potentialAction":[{"@type":"CommentAction","name":"Comment","target":["https:\/\/www.eldiario.net\/portal\/2024\/01\/29\/escasez-de-combustibles-en-estaciones-provoca-largas-filas\/#respond"]}]},{"@type":"WebPage","@id":"https:\/\/www.eldiario.net\/portal\/2024\/01\/29\/escasez-de-combustibles-en-estaciones-provoca-largas-filas\/","url":"https:\/\/www.eldiario.net\/portal\/2024\/01\/29\/escasez-de-combustibles-en-estaciones-provoca-largas-filas\/","name":"Escasez de combustibles en estaciones provoca largas filas - El Diario - Bolivia","isPartOf":{"@id":"https:\/\/www.eldiario.net\/portal\/#website"},"primaryImageOfPage":{"@id":"https:\/\/www.eldiario.net\/portal\/2024\/01\/29\/escasez-de-combustibles-en-estaciones-provoca-largas-filas\/#primaryimage"},"image":{"@id":"https:\/\/www.eldiario.net\/portal\/2024\/01\/29\/escasez-de-combustibles-en-estaciones-provoca-largas-filas\/#primaryimage"},"thumbnailUrl":"https:\/\/www.eldiario.net\/portal\/wp-content\/uploads\/2024\/01\/falta.jpg","datePublished":"2024-01-29T11:06:52+00:00","breadcrumb":{"@id":"https:\/\/www.eldiario.net\/portal\/2024\/01\/29\/escasez-de-combustibles-en-estaciones-provoca-largas-filas\/#breadcrumb"},"inLanguage":"es","potentialAction":[{"@type":"ReadAction","target":["https:\/\/www.eldiario.net\/portal\/2024\/01\/29\/escasez-de-combustibles-en-estaciones-provoca-largas-filas\/"]}]},{"@type":"ImageObject","inLanguage":"es","@id":"https:\/\/www.eldiario.net\/portal\/2024\/01\/29\/escasez-de-combustibles-en-estaciones-provoca-largas-filas\/#primaryimage","url":"https:\/\/www.eldiario.net\/portal\/wp-content\/uploads\/2024\/01\/falta.jpg","contentUrl":"https:\/\/www.eldiario.net\/portal\/wp-content\/uploads\/2024\/01\/falta.jpg","width":240,"height":117,"caption":"Fila de autos esperan su turno para cargar gasolina."},{"@type":"BreadcrumbList","@id":"https:\/\/www.eldiario.net\/portal\/2024\/01\/29\/escasez-de-combustibles-en-estaciones-provoca-largas-filas\/#breadcrumb","itemListElement":[{"@type":"ListItem","position":1,"name":"Portada","item":"https:\/\/www.eldiario.net\/portal\/"},{"@type":"ListItem","position":2,"name":"Escasez de combustibles en estaciones provoca largas filas"}]},{"@type":"WebSite","@id":"https:\/\/www.eldiario.net\/portal\/#website","url":"https:\/\/www.eldiario.net\/portal\/","name":"El Diario - Decano de la prensa nacional","description":"El Diario - Decano de la prensa nacional","publisher":{"@id":"https:\/\/www.eldiario.net\/portal\/#organization"},"potentialAction":[{"@type":"SearchAction","target":{"@type":"EntryPoint","urlTemplate":"https:\/\/www.eldiario.net\/portal\/?s={search_term_string}"},"query-input":{"@type":"PropertyValueSpecification","valueRequired":true,"valueName":"search_term_string"}}],"inLanguage":"es"},{"@type":"Organization","@id":"https:\/\/www.eldiario.net\/portal\/#organization","name":"El Diario - Decano de la prensa nacional","url":"https:\/\/www.eldiario.net\/portal\/","logo":{"@type":"ImageObject","inLanguage":"es","@id":"https:\/\/www.eldiario.net\/portal\/#\/schema\/logo\/image\/","url":"https:\/\/www.eldiario.net\/portal\/wp-content\/uploads\/2023\/07\/logo_ED.jpg","contentUrl":"https:\/\/www.eldiario.net\/portal\/wp-content\/uploads\/2023\/07\/logo_ED.jpg","width":272,"height":52,"caption":"El Diario - Decano de la prensa nacional"},"image":{"@id":"https:\/\/www.eldiario.net\/portal\/#\/schema\/logo\/image\/"},"sameAs":["https:\/\/www.facebook.com\/eldiario.bolivia\/","https:\/\/x.com\/eldiario_net"]},{"@type":"Person","@id":"https:\/\/www.eldiario.net\/portal\/#\/schema\/person\/f46445640444750d7d753ccd04ae01b7","name":"Jeanette","image":{"@type":"ImageObject","inLanguage":"es","@id":"https:\/\/secure.gravatar.com\/avatar\/3ea2118a5f7dad2b7138b1187a6b7ee55f160b9968b66013c3a3ef39dd7e5798?s=96&d=mm&r=g","url":"https:\/\/secure.gravatar.com\/avatar\/3ea2118a5f7dad2b7138b1187a6b7ee55f160b9968b66013c3a3ef39dd7e5798?s=96&d=mm&r=g","contentUrl":"https:\/\/secure.gravatar.com\/avatar\/3ea2118a5f7dad2b7138b1187a6b7ee55f160b9968b66013c3a3ef39dd7e5798?s=96&d=mm&r=g","caption":"Jeanette"},"sameAs":["https:\/\/www.eldiario.net\/portal"],"url":"https:\/\/www.eldiario.net\/portal\/author\/jeanette\/"}]}},"_links":{"self":[{"href":"https:\/\/www.eldiario.net\/portal\/wp-json\/wp\/v2\/posts\/200142","targetHints":{"allow":["GET"]}}],"collection":[{"href":"https:\/\/www.eldiario.net\/portal\/wp-json\/wp\/v2\/posts"}],"about":[{"href":"https:\/\/www.eldiario.net\/portal\/wp-json\/wp\/v2\/types\/post"}],"author":[{"embeddable":true,"href":"https:\/\/www.eldiario.net\/portal\/wp-json\/wp\/v2\/users\/1"}],"replies":[{"embeddable":true,"href":"https:\/\/www.eldiario.net\/portal\/wp-json\/wp\/v2\/comments?post=200142"}],"version-history":[{"count":1,"href":"https:\/\/www.eldiario.net\/portal\/wp-json\/wp\/v2\/posts\/200142\/revisions"}],"predecessor-version":[{"id":200144,"href":"https:\/\/www.eldiario.net\/portal\/wp-json\/wp\/v2\/posts\/200142\/revisions\/200144"}],"wp:featuredmedia":[{"embeddable":true,"href":"https:\/\/www.eldiario.net\/portal\/wp-json\/wp\/v2\/media\/200143"}],"wp:attachment":[{"href":"https:\/\/www.eldiario.net\/portal\/wp-json\/wp\/v2\/media?parent=200142"}],"wp:term":[{"taxonomy":"category","embeddable":true,"href":"https:\/\/www.eldiario.net\/portal\/wp-json\/wp\/v2\/categories?post=200142"},{"taxonomy":"post_tag","embeddable":true,"href":"https:\/\/www.eldiario.net\/portal\/wp-json\/wp\/v2\/tags?post=200142"}],"curies":[{"name":"wp","href":"https:\/\/api.w.org\/{rel}","templated":true}]}}