{"id":200139,"date":"2024-01-29T07:05:53","date_gmt":"2024-01-29T11:05:53","guid":{"rendered":"https:\/\/www.eldiario.net\/portal\/?p=200139"},"modified":"2024-01-29T07:05:53","modified_gmt":"2024-01-29T11:05:53","slug":"paraguay-lidera-crecimiento-y-bolivia-van-en-direccion-contraria","status":"publish","type":"post","link":"https:\/\/www.eldiario.net\/portal\/2024\/01\/29\/paraguay-lidera-crecimiento-y-bolivia-van-en-direccion-contraria\/","title":{"rendered":"Paraguay lidera crecimiento y  Bolivia van en direcci\u00f3n contrar\u00eda"},"content":{"rendered":"<p>Mientras Paraguay va a un crecimiento sostenido, y lider\u00f3 el mismo la pasada gesti\u00f3n, Bolivia va en sentido contrario por la falta de cambios en la pol\u00edtica econ\u00f3mica. La desaceleraci\u00f3n de la econom\u00eda viene desde el 2022 y el baj\u00f3n contin\u00faa.<br \/>\nBolivia de alcanzar un crecimiento por el rebote estad\u00edstico en 2021 de 6,1%, un a\u00f1o despu\u00e9s cay\u00f3 a 3,5% y el 2023 se estima que llegar\u00e1 a 2%, mientras que los organismos internacionales proyectan 1,5% para la presente gesti\u00f3n.<br \/>\nParaguay se consolida como el pa\u00eds para atraer la inversi\u00f3n privada y continuar con su crecimiento, tras la aprobaci\u00f3n de leyes que bajan los impuestos, incentivan el capital privado y dan las condiciones para que las empresas que se instalen se desarrollen.<br \/>\nParaguay tuvo unos de los mayores crecimientos econ\u00f3micos de la regi\u00f3n el 2023, con muy buenas perspectivas para el 2024 y 2025. Peque\u00f1o en territorio geogr\u00e1fico, rico en recursos naturales y sobre todo con una mente innovadora en la manera de hacer gesti\u00f3n p\u00fablica, destaca el presidente del Colegio de Economistas de Tarija, Fernando Romero.<br \/>\n\u201cNo es cuesti\u00f3n de ideolog\u00eda, sino de pragmatismo. Se puede pensar diferente pero trabajar juntos. El sector privado es un aliado clave, se le debe dar las condiciones para su mayor desarrollo. Atraer la inversi\u00f3n extranjera es vital, se le debe dar seguridad jur\u00eddica y econ\u00f3mica a sus capitales, junto con pol\u00edticas fiscales pro mercado, eso hizo la naci\u00f3n guaran\u00ed\u201d, destac\u00f3.<br \/>\nMientras tanto, el analista financiero Jaime Dunn, indic\u00f3 que \u201cChile, Per\u00fa y Paraguay har\u00e1n un excelente trabajo en la contenci\u00f3n de la inflaci\u00f3n, lo que se ver\u00e1 recompensado con la atracci\u00f3n de inversi\u00f3n extranjera. Ser\u00e1 un \u2018c\u00edrculo virtuoso\u2019 que les ayudar\u00e1 a mantener una inflaci\u00f3n baja al lograr mayor producci\u00f3n, mayor inversi\u00f3n y mayor flujo de divisas\u201d, que fue publicado en su Twitter de una entrevista con News es euro-infobae-efe.<\/p>\n","protected":false},"excerpt":{"rendered":"<p>Mientras Paraguay va a un crecimiento sostenido, y lider\u00f3 el mismo la pasada gesti\u00f3n, Bolivia va en sentido contrario por la falta de cambios en la pol\u00edtica econ\u00f3mica. La desaceleraci\u00f3n de la econom\u00eda viene desde el 2022 y el baj\u00f3n contin\u00faa. Bolivia de alcanzar un crecimiento por el rebote estad\u00edstico en 2021 de 6,1%, un [&hellip;]<\/p>\n","protected":false},"author":1,"featured_media":200140,"comment_status":"open","ping_status":"open","sticky":false,"template":"","format":"standard","meta":{"_acf_changed":false,"footnotes":""},"categories":[7],"tags":[],"class_list":["post-200139","post","type-post","status-publish","format-standard","has-post-thumbnail","category-economia"],"acf":{"antetitulo":""},"yoast_head":"<!-- This site is optimized with the Yoast SEO plugin v28.3 - https:\/\/yoast.com\/product\/yoast-seo-wordpress\/ -->\n<title>Paraguay lidera crecimiento y Bolivia van en direcci\u00f3n contrar\u00eda - El Diario - Bolivia<\/title>\n<meta name=\"robots\" content=\"index, follow, max-snippet:-1, max-image-preview:large, max-video-preview:-1\" \/>\n<link rel=\"canonical\" href=\"https:\/\/www.eldiario.net\/portal\/2024\/01\/29\/paraguay-lidera-crecimiento-y-bolivia-van-en-direccion-contraria\/\" \/>\n<meta property=\"og:locale\" content=\"es_ES\" \/>\n<meta property=\"og:type\" content=\"article\" \/>\n<meta property=\"og:title\" content=\"Paraguay lidera crecimiento y Bolivia van en direcci\u00f3n contrar\u00eda - El Diario - Bolivia\" \/>\n<meta property=\"og:description\" content=\"Mientras Paraguay va a un crecimiento sostenido, y lider\u00f3 el mismo la pasada gesti\u00f3n, Bolivia va en sentido contrario por la falta de cambios en la pol\u00edtica econ\u00f3mica. La desaceleraci\u00f3n de la econom\u00eda viene desde el 2022 y el baj\u00f3n contin\u00faa. Bolivia de alcanzar un crecimiento por el rebote estad\u00edstico en 2021 de 6,1%, un [&hellip;]\" \/>\n<meta property=\"og:url\" content=\"https:\/\/www.eldiario.net\/portal\/2024\/01\/29\/paraguay-lidera-crecimiento-y-bolivia-van-en-direccion-contraria\/\" \/>\n<meta property=\"og:site_name\" content=\"El Diario - Bolivia\" \/>\n<meta property=\"article:publisher\" content=\"https:\/\/www.facebook.com\/eldiario.bolivia\/\" \/>\n<meta property=\"article:published_time\" content=\"2024-01-29T11:05:53+00:00\" \/>\n<meta property=\"og:image\" content=\"https:\/\/www.eldiario.net\/portal\/wp-content\/uploads\/2024\/01\/lider.jpg\" \/>\n\t<meta property=\"og:image:width\" content=\"1366\" \/>\n\t<meta property=\"og:image:height\" content=\"768\" \/>\n\t<meta property=\"og:image:type\" content=\"image\/jpeg\" \/>\n<meta name=\"author\" content=\"Jeanette\" \/>\n<meta name=\"twitter:card\" content=\"summary_large_image\" \/>\n<meta name=\"twitter:creator\" content=\"@eldiario_net\" \/>\n<meta name=\"twitter:site\" content=\"@eldiario_net\" \/>\n<meta name=\"twitter:label1\" content=\"Escrito por\" \/>\n\t<meta name=\"twitter:data1\" content=\"Jeanette\" \/>\n\t<meta name=\"twitter:label2\" content=\"Tiempo de lectura\" \/>\n\t<meta name=\"twitter:data2\" content=\"2 minutos\" \/>\n<script type=\"application\/ld+json\" class=\"yoast-schema-graph\">{\"@context\":\"https:\\\/\\\/schema.org\",\"@graph\":[{\"@type\":\"Article\",\"@id\":\"https:\\\/\\\/www.eldiario.net\\\/portal\\\/2024\\\/01\\\/29\\\/paraguay-lidera-crecimiento-y-bolivia-van-en-direccion-contraria\\\/#article\",\"isPartOf\":{\"@id\":\"https:\\\/\\\/www.eldiario.net\\\/portal\\\/2024\\\/01\\\/29\\\/paraguay-lidera-crecimiento-y-bolivia-van-en-direccion-contraria\\\/\"},\"author\":{\"name\":\"Jeanette\",\"@id\":\"https:\\\/\\\/www.eldiario.net\\\/portal\\\/#\\\/schema\\\/person\\\/f46445640444750d7d753ccd04ae01b7\"},\"headline\":\"Paraguay lidera crecimiento y Bolivia van en direcci\u00f3n contrar\u00eda\",\"datePublished\":\"2024-01-29T11:05:53+00:00\",\"mainEntityOfPage\":{\"@id\":\"https:\\\/\\\/www.eldiario.net\\\/portal\\\/2024\\\/01\\\/29\\\/paraguay-lidera-crecimiento-y-bolivia-van-en-direccion-contraria\\\/\"},\"wordCount\":345,\"commentCount\":0,\"publisher\":{\"@id\":\"https:\\\/\\\/www.eldiario.net\\\/portal\\\/#organization\"},\"image\":{\"@id\":\"https:\\\/\\\/www.eldiario.net\\\/portal\\\/2024\\\/01\\\/29\\\/paraguay-lidera-crecimiento-y-bolivia-van-en-direccion-contraria\\\/#primaryimage\"},\"thumbnailUrl\":\"https:\\\/\\\/www.eldiario.net\\\/portal\\\/wp-content\\\/uploads\\\/2024\\\/01\\\/lider.jpg\",\"articleSection\":[\"Econom\u00eda\"],\"inLanguage\":\"es\",\"potentialAction\":[{\"@type\":\"CommentAction\",\"name\":\"Comment\",\"target\":[\"https:\\\/\\\/www.eldiario.net\\\/portal\\\/2024\\\/01\\\/29\\\/paraguay-lidera-crecimiento-y-bolivia-van-en-direccion-contraria\\\/#respond\"]}]},{\"@type\":\"WebPage\",\"@id\":\"https:\\\/\\\/www.eldiario.net\\\/portal\\\/2024\\\/01\\\/29\\\/paraguay-lidera-crecimiento-y-bolivia-van-en-direccion-contraria\\\/\",\"url\":\"https:\\\/\\\/www.eldiario.net\\\/portal\\\/2024\\\/01\\\/29\\\/paraguay-lidera-crecimiento-y-bolivia-van-en-direccion-contraria\\\/\",\"name\":\"Paraguay lidera crecimiento y Bolivia van en direcci\u00f3n contrar\u00eda - El Diario - Bolivia\",\"isPartOf\":{\"@id\":\"https:\\\/\\\/www.eldiario.net\\\/portal\\\/#website\"},\"primaryImageOfPage\":{\"@id\":\"https:\\\/\\\/www.eldiario.net\\\/portal\\\/2024\\\/01\\\/29\\\/paraguay-lidera-crecimiento-y-bolivia-van-en-direccion-contraria\\\/#primaryimage\"},\"image\":{\"@id\":\"https:\\\/\\\/www.eldiario.net\\\/portal\\\/2024\\\/01\\\/29\\\/paraguay-lidera-crecimiento-y-bolivia-van-en-direccion-contraria\\\/#primaryimage\"},\"thumbnailUrl\":\"https:\\\/\\\/www.eldiario.net\\\/portal\\\/wp-content\\\/uploads\\\/2024\\\/01\\\/lider.jpg\",\"datePublished\":\"2024-01-29T11:05:53+00:00\",\"breadcrumb\":{\"@id\":\"https:\\\/\\\/www.eldiario.net\\\/portal\\\/2024\\\/01\\\/29\\\/paraguay-lidera-crecimiento-y-bolivia-van-en-direccion-contraria\\\/#breadcrumb\"},\"inLanguage\":\"es\",\"potentialAction\":[{\"@type\":\"ReadAction\",\"target\":[\"https:\\\/\\\/www.eldiario.net\\\/portal\\\/2024\\\/01\\\/29\\\/paraguay-lidera-crecimiento-y-bolivia-van-en-direccion-contraria\\\/\"]}]},{\"@type\":\"ImageObject\",\"inLanguage\":\"es\",\"@id\":\"https:\\\/\\\/www.eldiario.net\\\/portal\\\/2024\\\/01\\\/29\\\/paraguay-lidera-crecimiento-y-bolivia-van-en-direccion-contraria\\\/#primaryimage\",\"url\":\"https:\\\/\\\/www.eldiario.net\\\/portal\\\/wp-content\\\/uploads\\\/2024\\\/01\\\/lider.jpg\",\"contentUrl\":\"https:\\\/\\\/www.eldiario.net\\\/portal\\\/wp-content\\\/uploads\\\/2024\\\/01\\\/lider.jpg\",\"width\":1366,\"height\":768,\"caption\":\"Una de las ciudades de Paraguay, que muestra el progreso y el dinamismo de su econom\u00eda.\"},{\"@type\":\"BreadcrumbList\",\"@id\":\"https:\\\/\\\/www.eldiario.net\\\/portal\\\/2024\\\/01\\\/29\\\/paraguay-lidera-crecimiento-y-bolivia-van-en-direccion-contraria\\\/#breadcrumb\",\"itemListElement\":[{\"@type\":\"ListItem\",\"position\":1,\"name\":\"Portada\",\"item\":\"https:\\\/\\\/www.eldiario.net\\\/portal\\\/\"},{\"@type\":\"ListItem\",\"position\":2,\"name\":\"Paraguay lidera crecimiento y Bolivia van en direcci\u00f3n contrar\u00eda\"}]},{\"@type\":\"WebSite\",\"@id\":\"https:\\\/\\\/www.eldiario.net\\\/portal\\\/#website\",\"url\":\"https:\\\/\\\/www.eldiario.net\\\/portal\\\/\",\"name\":\"El Diario - Decano de la prensa nacional\",\"description\":\"El Diario - Decano de la prensa nacional\",\"publisher\":{\"@id\":\"https:\\\/\\\/www.eldiario.net\\\/portal\\\/#organization\"},\"potentialAction\":[{\"@type\":\"SearchAction\",\"target\":{\"@type\":\"EntryPoint\",\"urlTemplate\":\"https:\\\/\\\/www.eldiario.net\\\/portal\\\/?s={search_term_string}\"},\"query-input\":{\"@type\":\"PropertyValueSpecification\",\"valueRequired\":true,\"valueName\":\"search_term_string\"}}],\"inLanguage\":\"es\"},{\"@type\":\"Organization\",\"@id\":\"https:\\\/\\\/www.eldiario.net\\\/portal\\\/#organization\",\"name\":\"El Diario - Decano de la prensa nacional\",\"url\":\"https:\\\/\\\/www.eldiario.net\\\/portal\\\/\",\"logo\":{\"@type\":\"ImageObject\",\"inLanguage\":\"es\",\"@id\":\"https:\\\/\\\/www.eldiario.net\\\/portal\\\/#\\\/schema\\\/logo\\\/image\\\/\",\"url\":\"https:\\\/\\\/www.eldiario.net\\\/portal\\\/wp-content\\\/uploads\\\/2023\\\/07\\\/logo_ED.jpg\",\"contentUrl\":\"https:\\\/\\\/www.eldiario.net\\\/portal\\\/wp-content\\\/uploads\\\/2023\\\/07\\\/logo_ED.jpg\",\"width\":272,\"height\":52,\"caption\":\"El Diario - Decano de la prensa nacional\"},\"image\":{\"@id\":\"https:\\\/\\\/www.eldiario.net\\\/portal\\\/#\\\/schema\\\/logo\\\/image\\\/\"},\"sameAs\":[\"https:\\\/\\\/www.facebook.com\\\/eldiario.bolivia\\\/\",\"https:\\\/\\\/x.com\\\/eldiario_net\"]},{\"@type\":\"Person\",\"@id\":\"https:\\\/\\\/www.eldiario.net\\\/portal\\\/#\\\/schema\\\/person\\\/f46445640444750d7d753ccd04ae01b7\",\"name\":\"Jeanette\",\"image\":{\"@type\":\"ImageObject\",\"inLanguage\":\"es\",\"@id\":\"https:\\\/\\\/secure.gravatar.com\\\/avatar\\\/3ea2118a5f7dad2b7138b1187a6b7ee55f160b9968b66013c3a3ef39dd7e5798?s=96&d=mm&r=g\",\"url\":\"https:\\\/\\\/secure.gravatar.com\\\/avatar\\\/3ea2118a5f7dad2b7138b1187a6b7ee55f160b9968b66013c3a3ef39dd7e5798?s=96&d=mm&r=g\",\"contentUrl\":\"https:\\\/\\\/secure.gravatar.com\\\/avatar\\\/3ea2118a5f7dad2b7138b1187a6b7ee55f160b9968b66013c3a3ef39dd7e5798?s=96&d=mm&r=g\",\"caption\":\"Jeanette\"},\"sameAs\":[\"https:\\\/\\\/www.eldiario.net\\\/portal\"],\"url\":\"https:\\\/\\\/www.eldiario.net\\\/portal\\\/author\\\/jeanette\\\/\"}]}<\/script>\n<!-- \/ Yoast SEO plugin. -->","yoast_head_json":{"title":"Paraguay lidera crecimiento y Bolivia van en direcci\u00f3n contrar\u00eda - El Diario - Bolivia","robots":{"index":"index","follow":"follow","max-snippet":"max-snippet:-1","max-image-preview":"max-image-preview:large","max-video-preview":"max-video-preview:-1"},"canonical":"https:\/\/www.eldiario.net\/portal\/2024\/01\/29\/paraguay-lidera-crecimiento-y-bolivia-van-en-direccion-contraria\/","og_locale":"es_ES","og_type":"article","og_title":"Paraguay lidera crecimiento y Bolivia van en direcci\u00f3n contrar\u00eda - El Diario - Bolivia","og_description":"Mientras Paraguay va a un crecimiento sostenido, y lider\u00f3 el mismo la pasada gesti\u00f3n, Bolivia va en sentido contrario por la falta de cambios en la pol\u00edtica econ\u00f3mica. La desaceleraci\u00f3n de la econom\u00eda viene desde el 2022 y el baj\u00f3n contin\u00faa. Bolivia de alcanzar un crecimiento por el rebote estad\u00edstico en 2021 de 6,1%, un [&hellip;]","og_url":"https:\/\/www.eldiario.net\/portal\/2024\/01\/29\/paraguay-lidera-crecimiento-y-bolivia-van-en-direccion-contraria\/","og_site_name":"El Diario - Bolivia","article_publisher":"https:\/\/www.facebook.com\/eldiario.bolivia\/","article_published_time":"2024-01-29T11:05:53+00:00","og_image":[{"width":1366,"height":768,"url":"https:\/\/www.eldiario.net\/portal\/wp-content\/uploads\/2024\/01\/lider.jpg","type":"image\/jpeg"}],"author":"Jeanette","twitter_card":"summary_large_image","twitter_creator":"@eldiario_net","twitter_site":"@eldiario_net","twitter_misc":{"Escrito por":"Jeanette","Tiempo de lectura":"2 minutos"},"schema":{"@context":"https:\/\/schema.org","@graph":[{"@type":"Article","@id":"https:\/\/www.eldiario.net\/portal\/2024\/01\/29\/paraguay-lidera-crecimiento-y-bolivia-van-en-direccion-contraria\/#article","isPartOf":{"@id":"https:\/\/www.eldiario.net\/portal\/2024\/01\/29\/paraguay-lidera-crecimiento-y-bolivia-van-en-direccion-contraria\/"},"author":{"name":"Jeanette","@id":"https:\/\/www.eldiario.net\/portal\/#\/schema\/person\/f46445640444750d7d753ccd04ae01b7"},"headline":"Paraguay lidera crecimiento y Bolivia van en direcci\u00f3n contrar\u00eda","datePublished":"2024-01-29T11:05:53+00:00","mainEntityOfPage":{"@id":"https:\/\/www.eldiario.net\/portal\/2024\/01\/29\/paraguay-lidera-crecimiento-y-bolivia-van-en-direccion-contraria\/"},"wordCount":345,"commentCount":0,"publisher":{"@id":"https:\/\/www.eldiario.net\/portal\/#organization"},"image":{"@id":"https:\/\/www.eldiario.net\/portal\/2024\/01\/29\/paraguay-lidera-crecimiento-y-bolivia-van-en-direccion-contraria\/#primaryimage"},"thumbnailUrl":"https:\/\/www.eldiario.net\/portal\/wp-content\/uploads\/2024\/01\/lider.jpg","articleSection":["Econom\u00eda"],"inLanguage":"es","potentialAction":[{"@type":"CommentAction","name":"Comment","target":["https:\/\/www.eldiario.net\/portal\/2024\/01\/29\/paraguay-lidera-crecimiento-y-bolivia-van-en-direccion-contraria\/#respond"]}]},{"@type":"WebPage","@id":"https:\/\/www.eldiario.net\/portal\/2024\/01\/29\/paraguay-lidera-crecimiento-y-bolivia-van-en-direccion-contraria\/","url":"https:\/\/www.eldiario.net\/portal\/2024\/01\/29\/paraguay-lidera-crecimiento-y-bolivia-van-en-direccion-contraria\/","name":"Paraguay lidera crecimiento y Bolivia van en direcci\u00f3n contrar\u00eda - El Diario - Bolivia","isPartOf":{"@id":"https:\/\/www.eldiario.net\/portal\/#website"},"primaryImageOfPage":{"@id":"https:\/\/www.eldiario.net\/portal\/2024\/01\/29\/paraguay-lidera-crecimiento-y-bolivia-van-en-direccion-contraria\/#primaryimage"},"image":{"@id":"https:\/\/www.eldiario.net\/portal\/2024\/01\/29\/paraguay-lidera-crecimiento-y-bolivia-van-en-direccion-contraria\/#primaryimage"},"thumbnailUrl":"https:\/\/www.eldiario.net\/portal\/wp-content\/uploads\/2024\/01\/lider.jpg","datePublished":"2024-01-29T11:05:53+00:00","breadcrumb":{"@id":"https:\/\/www.eldiario.net\/portal\/2024\/01\/29\/paraguay-lidera-crecimiento-y-bolivia-van-en-direccion-contraria\/#breadcrumb"},"inLanguage":"es","potentialAction":[{"@type":"ReadAction","target":["https:\/\/www.eldiario.net\/portal\/2024\/01\/29\/paraguay-lidera-crecimiento-y-bolivia-van-en-direccion-contraria\/"]}]},{"@type":"ImageObject","inLanguage":"es","@id":"https:\/\/www.eldiario.net\/portal\/2024\/01\/29\/paraguay-lidera-crecimiento-y-bolivia-van-en-direccion-contraria\/#primaryimage","url":"https:\/\/www.eldiario.net\/portal\/wp-content\/uploads\/2024\/01\/lider.jpg","contentUrl":"https:\/\/www.eldiario.net\/portal\/wp-content\/uploads\/2024\/01\/lider.jpg","width":1366,"height":768,"caption":"Una de las ciudades de Paraguay, que muestra el progreso y el dinamismo de su econom\u00eda."},{"@type":"BreadcrumbList","@id":"https:\/\/www.eldiario.net\/portal\/2024\/01\/29\/paraguay-lidera-crecimiento-y-bolivia-van-en-direccion-contraria\/#breadcrumb","itemListElement":[{"@type":"ListItem","position":1,"name":"Portada","item":"https:\/\/www.eldiario.net\/portal\/"},{"@type":"ListItem","position":2,"name":"Paraguay lidera crecimiento y Bolivia van en direcci\u00f3n contrar\u00eda"}]},{"@type":"WebSite","@id":"https:\/\/www.eldiario.net\/portal\/#website","url":"https:\/\/www.eldiario.net\/portal\/","name":"El Diario - Decano de la prensa nacional","description":"El Diario - Decano de la prensa nacional","publisher":{"@id":"https:\/\/www.eldiario.net\/portal\/#organization"},"potentialAction":[{"@type":"SearchAction","target":{"@type":"EntryPoint","urlTemplate":"https:\/\/www.eldiario.net\/portal\/?s={search_term_string}"},"query-input":{"@type":"PropertyValueSpecification","valueRequired":true,"valueName":"search_term_string"}}],"inLanguage":"es"},{"@type":"Organization","@id":"https:\/\/www.eldiario.net\/portal\/#organization","name":"El Diario - Decano de la prensa nacional","url":"https:\/\/www.eldiario.net\/portal\/","logo":{"@type":"ImageObject","inLanguage":"es","@id":"https:\/\/www.eldiario.net\/portal\/#\/schema\/logo\/image\/","url":"https:\/\/www.eldiario.net\/portal\/wp-content\/uploads\/2023\/07\/logo_ED.jpg","contentUrl":"https:\/\/www.eldiario.net\/portal\/wp-content\/uploads\/2023\/07\/logo_ED.jpg","width":272,"height":52,"caption":"El Diario - Decano de la prensa nacional"},"image":{"@id":"https:\/\/www.eldiario.net\/portal\/#\/schema\/logo\/image\/"},"sameAs":["https:\/\/www.facebook.com\/eldiario.bolivia\/","https:\/\/x.com\/eldiario_net"]},{"@type":"Person","@id":"https:\/\/www.eldiario.net\/portal\/#\/schema\/person\/f46445640444750d7d753ccd04ae01b7","name":"Jeanette","image":{"@type":"ImageObject","inLanguage":"es","@id":"https:\/\/secure.gravatar.com\/avatar\/3ea2118a5f7dad2b7138b1187a6b7ee55f160b9968b66013c3a3ef39dd7e5798?s=96&d=mm&r=g","url":"https:\/\/secure.gravatar.com\/avatar\/3ea2118a5f7dad2b7138b1187a6b7ee55f160b9968b66013c3a3ef39dd7e5798?s=96&d=mm&r=g","contentUrl":"https:\/\/secure.gravatar.com\/avatar\/3ea2118a5f7dad2b7138b1187a6b7ee55f160b9968b66013c3a3ef39dd7e5798?s=96&d=mm&r=g","caption":"Jeanette"},"sameAs":["https:\/\/www.eldiario.net\/portal"],"url":"https:\/\/www.eldiario.net\/portal\/author\/jeanette\/"}]}},"_links":{"self":[{"href":"https:\/\/www.eldiario.net\/portal\/wp-json\/wp\/v2\/posts\/200139","targetHints":{"allow":["GET"]}}],"collection":[{"href":"https:\/\/www.eldiario.net\/portal\/wp-json\/wp\/v2\/posts"}],"about":[{"href":"https:\/\/www.eldiario.net\/portal\/wp-json\/wp\/v2\/types\/post"}],"author":[{"embeddable":true,"href":"https:\/\/www.eldiario.net\/portal\/wp-json\/wp\/v2\/users\/1"}],"replies":[{"embeddable":true,"href":"https:\/\/www.eldiario.net\/portal\/wp-json\/wp\/v2\/comments?post=200139"}],"version-history":[{"count":1,"href":"https:\/\/www.eldiario.net\/portal\/wp-json\/wp\/v2\/posts\/200139\/revisions"}],"predecessor-version":[{"id":200141,"href":"https:\/\/www.eldiario.net\/portal\/wp-json\/wp\/v2\/posts\/200139\/revisions\/200141"}],"wp:featuredmedia":[{"embeddable":true,"href":"https:\/\/www.eldiario.net\/portal\/wp-json\/wp\/v2\/media\/200140"}],"wp:attachment":[{"href":"https:\/\/www.eldiario.net\/portal\/wp-json\/wp\/v2\/media?parent=200139"}],"wp:term":[{"taxonomy":"category","embeddable":true,"href":"https:\/\/www.eldiario.net\/portal\/wp-json\/wp\/v2\/categories?post=200139"},{"taxonomy":"post_tag","embeddable":true,"href":"https:\/\/www.eldiario.net\/portal\/wp-json\/wp\/v2\/tags?post=200139"}],"curies":[{"name":"wp","href":"https:\/\/api.w.org\/{rel}","templated":true}]}}