{"id":199888,"date":"2024-01-28T06:29:27","date_gmt":"2024-01-28T10:29:27","guid":{"rendered":"https:\/\/www.eldiario.net\/portal\/?p=199888"},"modified":"2024-01-28T06:29:27","modified_gmt":"2024-01-28T10:29:27","slug":"bolivar-visita-a-gv-san-jose-en-cotejo-amistoso","status":"publish","type":"post","link":"https:\/\/www.eldiario.net\/portal\/2024\/01\/28\/bolivar-visita-a-gv-san-jose-en-cotejo-amistoso\/","title":{"rendered":"BOL\u00cdVAR VISITA A GV SAN JOS\u00c9 EN COTEJO AMISTOSO"},"content":{"rendered":"<p>En partido amistoso de pretemporada, esta tarde se enfrentan en el estadio \u00abJes\u00fas Berm\u00fadez\u00bb de Oruro, GV San Jos\u00e9 y Bol\u00edvar.<br \/>\nEl esperado choque, ser\u00e1 un adelanto de la calidad futbol\u00edstica que se apreciar\u00e1 en el grupo \u00abD\u00bb del torneo Apertura, que tiene a ambos representativos incluidos, junto a Wilstermann y Oriente Petrolero.<br \/>\nPara esta oportunidad, el elenco dirigido por Eduardo Villegas se presentar\u00e1 ante su masiva hinchada, que este 2024 disfrutar\u00e1 de un club orure\u00f1o en la Divisi\u00f3n Profesional.<br \/>\nPara la Academia celeste, este encuentro ser\u00e1 su segunda presentaci\u00f3n de pretemporada porque la anterior semana consigui\u00f3 un empate 1 a 1 frente a Melgar de Arequipa en Per\u00fa, en el marco de su preparaci\u00f3n antes de los campeonatos.<br \/>\nEl equipo que est\u00e1 dirigido por Flavio Robatto, efectu\u00f3 la segunda semana de entrenamientos en su centro de alto rendimiento \u00abGuido Loayza Mariaca\u00bb de Ananta y por el momento, la \u00fanica baja que tiene es la de Leonel Justiniano, su capit\u00e1n, quien ha sido operado de la vista, pero que est\u00e1 en franca recuperaci\u00f3n. Para hoy, las nuevas contrataciones, Andr\u00e9s Desabato y Renzo Orihuela podr\u00edan alternar en la titularidad.<\/p>\n","protected":false},"excerpt":{"rendered":"<p>En partido amistoso de pretemporada, esta tarde se enfrentan en el estadio \u00abJes\u00fas Berm\u00fadez\u00bb de Oruro, GV San Jos\u00e9 y Bol\u00edvar. El esperado choque, ser\u00e1 un adelanto de la calidad futbol\u00edstica que se apreciar\u00e1 en el grupo \u00abD\u00bb del torneo Apertura, que tiene a ambos representativos incluidos, junto a Wilstermann y Oriente Petrolero. Para esta [&hellip;]<\/p>\n","protected":false},"author":1,"featured_media":199889,"comment_status":"open","ping_status":"open","sticky":false,"template":"","format":"standard","meta":{"_acf_changed":false,"footnotes":""},"categories":[6],"tags":[],"class_list":["post-199888","post","type-post","status-publish","format-standard","has-post-thumbnail","category-deportes"],"acf":{"antetitulo":""},"yoast_head":"<!-- This site is optimized with the Yoast SEO plugin v28.3 - https:\/\/yoast.com\/product\/yoast-seo-wordpress\/ -->\n<title>BOL\u00cdVAR VISITA A GV SAN JOS\u00c9 EN COTEJO AMISTOSO - El Diario - Bolivia<\/title>\n<meta name=\"robots\" content=\"index, follow, max-snippet:-1, max-image-preview:large, max-video-preview:-1\" \/>\n<link rel=\"canonical\" href=\"https:\/\/www.eldiario.net\/portal\/2024\/01\/28\/bolivar-visita-a-gv-san-jose-en-cotejo-amistoso\/\" \/>\n<meta property=\"og:locale\" content=\"es_ES\" \/>\n<meta property=\"og:type\" content=\"article\" \/>\n<meta property=\"og:title\" content=\"BOL\u00cdVAR VISITA A GV SAN JOS\u00c9 EN COTEJO AMISTOSO - El Diario - Bolivia\" \/>\n<meta property=\"og:description\" content=\"En partido amistoso de pretemporada, esta tarde se enfrentan en el estadio \u00abJes\u00fas Berm\u00fadez\u00bb de Oruro, GV San Jos\u00e9 y Bol\u00edvar. El esperado choque, ser\u00e1 un adelanto de la calidad futbol\u00edstica que se apreciar\u00e1 en el grupo \u00abD\u00bb del torneo Apertura, que tiene a ambos representativos incluidos, junto a Wilstermann y Oriente Petrolero. Para esta [&hellip;]\" \/>\n<meta property=\"og:url\" content=\"https:\/\/www.eldiario.net\/portal\/2024\/01\/28\/bolivar-visita-a-gv-san-jose-en-cotejo-amistoso\/\" \/>\n<meta property=\"og:site_name\" content=\"El Diario - Bolivia\" \/>\n<meta property=\"article:publisher\" content=\"https:\/\/www.facebook.com\/eldiario.bolivia\/\" \/>\n<meta property=\"article:published_time\" content=\"2024-01-28T10:29:27+00:00\" \/>\n<meta property=\"og:image\" content=\"https:\/\/www.eldiario.net\/portal\/wp-content\/uploads\/2024\/01\/FOTO-73-6.jpg\" \/>\n\t<meta property=\"og:image:width\" content=\"573\" \/>\n\t<meta property=\"og:image:height\" content=\"471\" \/>\n\t<meta property=\"og:image:type\" content=\"image\/jpeg\" \/>\n<meta name=\"author\" content=\"Jeanette\" \/>\n<meta name=\"twitter:card\" content=\"summary_large_image\" \/>\n<meta name=\"twitter:creator\" content=\"@eldiario_net\" \/>\n<meta name=\"twitter:site\" content=\"@eldiario_net\" \/>\n<meta name=\"twitter:label1\" content=\"Escrito por\" \/>\n\t<meta name=\"twitter:data1\" content=\"Jeanette\" \/>\n\t<meta name=\"twitter:label2\" content=\"Tiempo de lectura\" \/>\n\t<meta name=\"twitter:data2\" content=\"2 minutos\" \/>\n<script type=\"application\/ld+json\" class=\"yoast-schema-graph\">{\"@context\":\"https:\\\/\\\/schema.org\",\"@graph\":[{\"@type\":\"Article\",\"@id\":\"https:\\\/\\\/www.eldiario.net\\\/portal\\\/2024\\\/01\\\/28\\\/bolivar-visita-a-gv-san-jose-en-cotejo-amistoso\\\/#article\",\"isPartOf\":{\"@id\":\"https:\\\/\\\/www.eldiario.net\\\/portal\\\/2024\\\/01\\\/28\\\/bolivar-visita-a-gv-san-jose-en-cotejo-amistoso\\\/\"},\"author\":{\"name\":\"Jeanette\",\"@id\":\"https:\\\/\\\/www.eldiario.net\\\/portal\\\/#\\\/schema\\\/person\\\/f46445640444750d7d753ccd04ae01b7\"},\"headline\":\"BOL\u00cdVAR VISITA A GV SAN JOS\u00c9 EN COTEJO AMISTOSO\",\"datePublished\":\"2024-01-28T10:29:27+00:00\",\"mainEntityOfPage\":{\"@id\":\"https:\\\/\\\/www.eldiario.net\\\/portal\\\/2024\\\/01\\\/28\\\/bolivar-visita-a-gv-san-jose-en-cotejo-amistoso\\\/\"},\"wordCount\":207,\"commentCount\":0,\"publisher\":{\"@id\":\"https:\\\/\\\/www.eldiario.net\\\/portal\\\/#organization\"},\"image\":{\"@id\":\"https:\\\/\\\/www.eldiario.net\\\/portal\\\/2024\\\/01\\\/28\\\/bolivar-visita-a-gv-san-jose-en-cotejo-amistoso\\\/#primaryimage\"},\"thumbnailUrl\":\"https:\\\/\\\/www.eldiario.net\\\/portal\\\/wp-content\\\/uploads\\\/2024\\\/01\\\/FOTO-73-6.jpg\",\"articleSection\":[\"Deportes\"],\"inLanguage\":\"es\",\"potentialAction\":[{\"@type\":\"CommentAction\",\"name\":\"Comment\",\"target\":[\"https:\\\/\\\/www.eldiario.net\\\/portal\\\/2024\\\/01\\\/28\\\/bolivar-visita-a-gv-san-jose-en-cotejo-amistoso\\\/#respond\"]}]},{\"@type\":\"WebPage\",\"@id\":\"https:\\\/\\\/www.eldiario.net\\\/portal\\\/2024\\\/01\\\/28\\\/bolivar-visita-a-gv-san-jose-en-cotejo-amistoso\\\/\",\"url\":\"https:\\\/\\\/www.eldiario.net\\\/portal\\\/2024\\\/01\\\/28\\\/bolivar-visita-a-gv-san-jose-en-cotejo-amistoso\\\/\",\"name\":\"BOL\u00cdVAR VISITA A GV SAN JOS\u00c9 EN COTEJO AMISTOSO - El Diario - Bolivia\",\"isPartOf\":{\"@id\":\"https:\\\/\\\/www.eldiario.net\\\/portal\\\/#website\"},\"primaryImageOfPage\":{\"@id\":\"https:\\\/\\\/www.eldiario.net\\\/portal\\\/2024\\\/01\\\/28\\\/bolivar-visita-a-gv-san-jose-en-cotejo-amistoso\\\/#primaryimage\"},\"image\":{\"@id\":\"https:\\\/\\\/www.eldiario.net\\\/portal\\\/2024\\\/01\\\/28\\\/bolivar-visita-a-gv-san-jose-en-cotejo-amistoso\\\/#primaryimage\"},\"thumbnailUrl\":\"https:\\\/\\\/www.eldiario.net\\\/portal\\\/wp-content\\\/uploads\\\/2024\\\/01\\\/FOTO-73-6.jpg\",\"datePublished\":\"2024-01-28T10:29:27+00:00\",\"breadcrumb\":{\"@id\":\"https:\\\/\\\/www.eldiario.net\\\/portal\\\/2024\\\/01\\\/28\\\/bolivar-visita-a-gv-san-jose-en-cotejo-amistoso\\\/#breadcrumb\"},\"inLanguage\":\"es\",\"potentialAction\":[{\"@type\":\"ReadAction\",\"target\":[\"https:\\\/\\\/www.eldiario.net\\\/portal\\\/2024\\\/01\\\/28\\\/bolivar-visita-a-gv-san-jose-en-cotejo-amistoso\\\/\"]}]},{\"@type\":\"ImageObject\",\"inLanguage\":\"es\",\"@id\":\"https:\\\/\\\/www.eldiario.net\\\/portal\\\/2024\\\/01\\\/28\\\/bolivar-visita-a-gv-san-jose-en-cotejo-amistoso\\\/#primaryimage\",\"url\":\"https:\\\/\\\/www.eldiario.net\\\/portal\\\/wp-content\\\/uploads\\\/2024\\\/01\\\/FOTO-73-6.jpg\",\"contentUrl\":\"https:\\\/\\\/www.eldiario.net\\\/portal\\\/wp-content\\\/uploads\\\/2024\\\/01\\\/FOTO-73-6.jpg\",\"width\":573,\"height\":471},{\"@type\":\"BreadcrumbList\",\"@id\":\"https:\\\/\\\/www.eldiario.net\\\/portal\\\/2024\\\/01\\\/28\\\/bolivar-visita-a-gv-san-jose-en-cotejo-amistoso\\\/#breadcrumb\",\"itemListElement\":[{\"@type\":\"ListItem\",\"position\":1,\"name\":\"Portada\",\"item\":\"https:\\\/\\\/www.eldiario.net\\\/portal\\\/\"},{\"@type\":\"ListItem\",\"position\":2,\"name\":\"BOL\u00cdVAR VISITA A GV SAN JOS\u00c9 EN COTEJO AMISTOSO\"}]},{\"@type\":\"WebSite\",\"@id\":\"https:\\\/\\\/www.eldiario.net\\\/portal\\\/#website\",\"url\":\"https:\\\/\\\/www.eldiario.net\\\/portal\\\/\",\"name\":\"El Diario - Decano de la prensa nacional\",\"description\":\"El Diario - Decano de la prensa nacional\",\"publisher\":{\"@id\":\"https:\\\/\\\/www.eldiario.net\\\/portal\\\/#organization\"},\"potentialAction\":[{\"@type\":\"SearchAction\",\"target\":{\"@type\":\"EntryPoint\",\"urlTemplate\":\"https:\\\/\\\/www.eldiario.net\\\/portal\\\/?s={search_term_string}\"},\"query-input\":{\"@type\":\"PropertyValueSpecification\",\"valueRequired\":true,\"valueName\":\"search_term_string\"}}],\"inLanguage\":\"es\"},{\"@type\":\"Organization\",\"@id\":\"https:\\\/\\\/www.eldiario.net\\\/portal\\\/#organization\",\"name\":\"El Diario - Decano de la prensa nacional\",\"url\":\"https:\\\/\\\/www.eldiario.net\\\/portal\\\/\",\"logo\":{\"@type\":\"ImageObject\",\"inLanguage\":\"es\",\"@id\":\"https:\\\/\\\/www.eldiario.net\\\/portal\\\/#\\\/schema\\\/logo\\\/image\\\/\",\"url\":\"https:\\\/\\\/www.eldiario.net\\\/portal\\\/wp-content\\\/uploads\\\/2023\\\/07\\\/logo_ED.jpg\",\"contentUrl\":\"https:\\\/\\\/www.eldiario.net\\\/portal\\\/wp-content\\\/uploads\\\/2023\\\/07\\\/logo_ED.jpg\",\"width\":272,\"height\":52,\"caption\":\"El Diario - Decano de la prensa nacional\"},\"image\":{\"@id\":\"https:\\\/\\\/www.eldiario.net\\\/portal\\\/#\\\/schema\\\/logo\\\/image\\\/\"},\"sameAs\":[\"https:\\\/\\\/www.facebook.com\\\/eldiario.bolivia\\\/\",\"https:\\\/\\\/x.com\\\/eldiario_net\"]},{\"@type\":\"Person\",\"@id\":\"https:\\\/\\\/www.eldiario.net\\\/portal\\\/#\\\/schema\\\/person\\\/f46445640444750d7d753ccd04ae01b7\",\"name\":\"Jeanette\",\"image\":{\"@type\":\"ImageObject\",\"inLanguage\":\"es\",\"@id\":\"https:\\\/\\\/secure.gravatar.com\\\/avatar\\\/3ea2118a5f7dad2b7138b1187a6b7ee55f160b9968b66013c3a3ef39dd7e5798?s=96&d=mm&r=g\",\"url\":\"https:\\\/\\\/secure.gravatar.com\\\/avatar\\\/3ea2118a5f7dad2b7138b1187a6b7ee55f160b9968b66013c3a3ef39dd7e5798?s=96&d=mm&r=g\",\"contentUrl\":\"https:\\\/\\\/secure.gravatar.com\\\/avatar\\\/3ea2118a5f7dad2b7138b1187a6b7ee55f160b9968b66013c3a3ef39dd7e5798?s=96&d=mm&r=g\",\"caption\":\"Jeanette\"},\"sameAs\":[\"https:\\\/\\\/www.eldiario.net\\\/portal\"],\"url\":\"https:\\\/\\\/www.eldiario.net\\\/portal\\\/author\\\/jeanette\\\/\"}]}<\/script>\n<!-- \/ Yoast SEO plugin. -->","yoast_head_json":{"title":"BOL\u00cdVAR VISITA A GV SAN JOS\u00c9 EN COTEJO AMISTOSO - El Diario - Bolivia","robots":{"index":"index","follow":"follow","max-snippet":"max-snippet:-1","max-image-preview":"max-image-preview:large","max-video-preview":"max-video-preview:-1"},"canonical":"https:\/\/www.eldiario.net\/portal\/2024\/01\/28\/bolivar-visita-a-gv-san-jose-en-cotejo-amistoso\/","og_locale":"es_ES","og_type":"article","og_title":"BOL\u00cdVAR VISITA A GV SAN JOS\u00c9 EN COTEJO AMISTOSO - El Diario - Bolivia","og_description":"En partido amistoso de pretemporada, esta tarde se enfrentan en el estadio \u00abJes\u00fas Berm\u00fadez\u00bb de Oruro, GV San Jos\u00e9 y Bol\u00edvar. El esperado choque, ser\u00e1 un adelanto de la calidad futbol\u00edstica que se apreciar\u00e1 en el grupo \u00abD\u00bb del torneo Apertura, que tiene a ambos representativos incluidos, junto a Wilstermann y Oriente Petrolero. Para esta [&hellip;]","og_url":"https:\/\/www.eldiario.net\/portal\/2024\/01\/28\/bolivar-visita-a-gv-san-jose-en-cotejo-amistoso\/","og_site_name":"El Diario - Bolivia","article_publisher":"https:\/\/www.facebook.com\/eldiario.bolivia\/","article_published_time":"2024-01-28T10:29:27+00:00","og_image":[{"width":573,"height":471,"url":"https:\/\/www.eldiario.net\/portal\/wp-content\/uploads\/2024\/01\/FOTO-73-6.jpg","type":"image\/jpeg"}],"author":"Jeanette","twitter_card":"summary_large_image","twitter_creator":"@eldiario_net","twitter_site":"@eldiario_net","twitter_misc":{"Escrito por":"Jeanette","Tiempo de lectura":"2 minutos"},"schema":{"@context":"https:\/\/schema.org","@graph":[{"@type":"Article","@id":"https:\/\/www.eldiario.net\/portal\/2024\/01\/28\/bolivar-visita-a-gv-san-jose-en-cotejo-amistoso\/#article","isPartOf":{"@id":"https:\/\/www.eldiario.net\/portal\/2024\/01\/28\/bolivar-visita-a-gv-san-jose-en-cotejo-amistoso\/"},"author":{"name":"Jeanette","@id":"https:\/\/www.eldiario.net\/portal\/#\/schema\/person\/f46445640444750d7d753ccd04ae01b7"},"headline":"BOL\u00cdVAR VISITA A GV SAN JOS\u00c9 EN COTEJO AMISTOSO","datePublished":"2024-01-28T10:29:27+00:00","mainEntityOfPage":{"@id":"https:\/\/www.eldiario.net\/portal\/2024\/01\/28\/bolivar-visita-a-gv-san-jose-en-cotejo-amistoso\/"},"wordCount":207,"commentCount":0,"publisher":{"@id":"https:\/\/www.eldiario.net\/portal\/#organization"},"image":{"@id":"https:\/\/www.eldiario.net\/portal\/2024\/01\/28\/bolivar-visita-a-gv-san-jose-en-cotejo-amistoso\/#primaryimage"},"thumbnailUrl":"https:\/\/www.eldiario.net\/portal\/wp-content\/uploads\/2024\/01\/FOTO-73-6.jpg","articleSection":["Deportes"],"inLanguage":"es","potentialAction":[{"@type":"CommentAction","name":"Comment","target":["https:\/\/www.eldiario.net\/portal\/2024\/01\/28\/bolivar-visita-a-gv-san-jose-en-cotejo-amistoso\/#respond"]}]},{"@type":"WebPage","@id":"https:\/\/www.eldiario.net\/portal\/2024\/01\/28\/bolivar-visita-a-gv-san-jose-en-cotejo-amistoso\/","url":"https:\/\/www.eldiario.net\/portal\/2024\/01\/28\/bolivar-visita-a-gv-san-jose-en-cotejo-amistoso\/","name":"BOL\u00cdVAR VISITA A GV SAN JOS\u00c9 EN COTEJO AMISTOSO - El Diario - Bolivia","isPartOf":{"@id":"https:\/\/www.eldiario.net\/portal\/#website"},"primaryImageOfPage":{"@id":"https:\/\/www.eldiario.net\/portal\/2024\/01\/28\/bolivar-visita-a-gv-san-jose-en-cotejo-amistoso\/#primaryimage"},"image":{"@id":"https:\/\/www.eldiario.net\/portal\/2024\/01\/28\/bolivar-visita-a-gv-san-jose-en-cotejo-amistoso\/#primaryimage"},"thumbnailUrl":"https:\/\/www.eldiario.net\/portal\/wp-content\/uploads\/2024\/01\/FOTO-73-6.jpg","datePublished":"2024-01-28T10:29:27+00:00","breadcrumb":{"@id":"https:\/\/www.eldiario.net\/portal\/2024\/01\/28\/bolivar-visita-a-gv-san-jose-en-cotejo-amistoso\/#breadcrumb"},"inLanguage":"es","potentialAction":[{"@type":"ReadAction","target":["https:\/\/www.eldiario.net\/portal\/2024\/01\/28\/bolivar-visita-a-gv-san-jose-en-cotejo-amistoso\/"]}]},{"@type":"ImageObject","inLanguage":"es","@id":"https:\/\/www.eldiario.net\/portal\/2024\/01\/28\/bolivar-visita-a-gv-san-jose-en-cotejo-amistoso\/#primaryimage","url":"https:\/\/www.eldiario.net\/portal\/wp-content\/uploads\/2024\/01\/FOTO-73-6.jpg","contentUrl":"https:\/\/www.eldiario.net\/portal\/wp-content\/uploads\/2024\/01\/FOTO-73-6.jpg","width":573,"height":471},{"@type":"BreadcrumbList","@id":"https:\/\/www.eldiario.net\/portal\/2024\/01\/28\/bolivar-visita-a-gv-san-jose-en-cotejo-amistoso\/#breadcrumb","itemListElement":[{"@type":"ListItem","position":1,"name":"Portada","item":"https:\/\/www.eldiario.net\/portal\/"},{"@type":"ListItem","position":2,"name":"BOL\u00cdVAR VISITA A GV SAN JOS\u00c9 EN COTEJO AMISTOSO"}]},{"@type":"WebSite","@id":"https:\/\/www.eldiario.net\/portal\/#website","url":"https:\/\/www.eldiario.net\/portal\/","name":"El Diario - Decano de la prensa nacional","description":"El Diario - Decano de la prensa nacional","publisher":{"@id":"https:\/\/www.eldiario.net\/portal\/#organization"},"potentialAction":[{"@type":"SearchAction","target":{"@type":"EntryPoint","urlTemplate":"https:\/\/www.eldiario.net\/portal\/?s={search_term_string}"},"query-input":{"@type":"PropertyValueSpecification","valueRequired":true,"valueName":"search_term_string"}}],"inLanguage":"es"},{"@type":"Organization","@id":"https:\/\/www.eldiario.net\/portal\/#organization","name":"El Diario - Decano de la prensa nacional","url":"https:\/\/www.eldiario.net\/portal\/","logo":{"@type":"ImageObject","inLanguage":"es","@id":"https:\/\/www.eldiario.net\/portal\/#\/schema\/logo\/image\/","url":"https:\/\/www.eldiario.net\/portal\/wp-content\/uploads\/2023\/07\/logo_ED.jpg","contentUrl":"https:\/\/www.eldiario.net\/portal\/wp-content\/uploads\/2023\/07\/logo_ED.jpg","width":272,"height":52,"caption":"El Diario - Decano de la prensa nacional"},"image":{"@id":"https:\/\/www.eldiario.net\/portal\/#\/schema\/logo\/image\/"},"sameAs":["https:\/\/www.facebook.com\/eldiario.bolivia\/","https:\/\/x.com\/eldiario_net"]},{"@type":"Person","@id":"https:\/\/www.eldiario.net\/portal\/#\/schema\/person\/f46445640444750d7d753ccd04ae01b7","name":"Jeanette","image":{"@type":"ImageObject","inLanguage":"es","@id":"https:\/\/secure.gravatar.com\/avatar\/3ea2118a5f7dad2b7138b1187a6b7ee55f160b9968b66013c3a3ef39dd7e5798?s=96&d=mm&r=g","url":"https:\/\/secure.gravatar.com\/avatar\/3ea2118a5f7dad2b7138b1187a6b7ee55f160b9968b66013c3a3ef39dd7e5798?s=96&d=mm&r=g","contentUrl":"https:\/\/secure.gravatar.com\/avatar\/3ea2118a5f7dad2b7138b1187a6b7ee55f160b9968b66013c3a3ef39dd7e5798?s=96&d=mm&r=g","caption":"Jeanette"},"sameAs":["https:\/\/www.eldiario.net\/portal"],"url":"https:\/\/www.eldiario.net\/portal\/author\/jeanette\/"}]}},"_links":{"self":[{"href":"https:\/\/www.eldiario.net\/portal\/wp-json\/wp\/v2\/posts\/199888","targetHints":{"allow":["GET"]}}],"collection":[{"href":"https:\/\/www.eldiario.net\/portal\/wp-json\/wp\/v2\/posts"}],"about":[{"href":"https:\/\/www.eldiario.net\/portal\/wp-json\/wp\/v2\/types\/post"}],"author":[{"embeddable":true,"href":"https:\/\/www.eldiario.net\/portal\/wp-json\/wp\/v2\/users\/1"}],"replies":[{"embeddable":true,"href":"https:\/\/www.eldiario.net\/portal\/wp-json\/wp\/v2\/comments?post=199888"}],"version-history":[{"count":1,"href":"https:\/\/www.eldiario.net\/portal\/wp-json\/wp\/v2\/posts\/199888\/revisions"}],"predecessor-version":[{"id":199890,"href":"https:\/\/www.eldiario.net\/portal\/wp-json\/wp\/v2\/posts\/199888\/revisions\/199890"}],"wp:featuredmedia":[{"embeddable":true,"href":"https:\/\/www.eldiario.net\/portal\/wp-json\/wp\/v2\/media\/199889"}],"wp:attachment":[{"href":"https:\/\/www.eldiario.net\/portal\/wp-json\/wp\/v2\/media?parent=199888"}],"wp:term":[{"taxonomy":"category","embeddable":true,"href":"https:\/\/www.eldiario.net\/portal\/wp-json\/wp\/v2\/categories?post=199888"},{"taxonomy":"post_tag","embeddable":true,"href":"https:\/\/www.eldiario.net\/portal\/wp-json\/wp\/v2\/tags?post=199888"}],"curies":[{"name":"wp","href":"https:\/\/api.w.org\/{rel}","templated":true}]}}