{"id":199880,"date":"2024-01-27T10:50:18","date_gmt":"2024-01-27T14:50:18","guid":{"rendered":"https:\/\/www.eldiario.net\/portal\/?p=199880"},"modified":"2024-01-27T10:50:18","modified_gmt":"2024-01-27T14:50:18","slug":"baldivieso-le-desea-suerte-a-martins-en-lanzamiento-de-argentinos-juniors","status":"publish","type":"post","link":"https:\/\/www.eldiario.net\/portal\/2024\/01\/27\/baldivieso-le-desea-suerte-a-martins-en-lanzamiento-de-argentinos-juniors\/","title":{"rendered":"Baldivieso le desea suerte a Martins en lanzamiento de Argentinos Juniors"},"content":{"rendered":"<p>Julio C\u00e9sar Baldivieso prefiri\u00f3 el perfil bajo ante la pregunta respecto a unas afirmaciones de Marcelo Martins en torno a \u00e9l, en un acto oficial del lanzamiento de la escuela de Argentinos Juniors en La Paz, el viernes pasado.<br \/>\nMartins, en una entrevista con la cadena Tigo, dijo-entre otras cosas- que \u201cen el f\u00fatbol tenemos muchos c\u00f3digos, por eso me imagino que en muchos lugares nadie lo quiere\u201d, refiriendose al mundialista de EEUU 1994, con el que tiene diferencias desde cuando el valluno era seleccionador nacional.<br \/>\nEl viernes a mediod\u00eda, la cancha principal del estadio Obrero fue escenario del lanzamiento de la escuela de f\u00fatbol de Argentinos Juniors en La Paz, en un emprendimiento de la prestigiosa entidad argentina junto a Luis Cristaldo.<br \/>\nAll\u00ed estaban Cristaldo, tres personeros de Argentinos Juniors, entre ellos Jos\u00e9 Luis Calder\u00f3n, ex ariete de gran trayectoria en Estudiantes, Independiente, Arsenal, entre algunos de Argentina, N\u00e1poli de Italia, Atl\u00e1s de M\u00e9xico, entre otros del exterior, quien es uno de los entrenadores de las reservas de los \u201cbichos rojos\u201d de La Paternal.<br \/>\nTanto Calder\u00f3n como los personeros del club argentino, calificado como \u201csemillero del mundo\u201d, relievaron a Baldivieso por su trayectoria, al igual que a Luis Cristaldo, otro mundialista boliviano.<br \/>\nTras la lluvia de elogios, Baldivieso, actual gerente deportivo de la FBF, resalt\u00f3 la iniciativa llevada adelante por Luis Cristaldo junto a una entidad de pergamino como es Argentinos Juniors, \u201cdonde surgi\u00f3 un tal Diego Maradona, \u00bfno?, creo que no es poca cosa, as\u00ed que como f\u00fatbol boliviano estamos contentos de que vengan al pa\u00eds\u201d, mencion\u00f3.<br \/>\nY, como corolario, al final del acto, periodistas pace\u00f1os le preguntaron en torno a las declaraciones de Marcelo Martins en torno a \u00e9l, Baldivieso dijo que \u201cde ese tema no me voy a referir, s\u00f3lo desearle suerte a \u00e9l y su familia\u201d, cerrando el tema con los medios que esperaban una declaraci\u00f3n \u201cexplosiva\u201d del mundialista boliviano que en redes sociales recibi\u00f3 apoyo multitudinario de aficionados, por la pol\u00e9mica creada por las declaraciones del \u201cMatador\u201dal programa \u201cLaboratorio F\u00fatbol\u201d de la cadena Tigo.<br \/>\nBaldivieso, a modo de comentario, mencion\u00f3 que hay cosas m\u00e1s importantes a las que se debe referir y no se prestar\u00e1 a las pol\u00e9micas medi\u00e1ticas.<br \/>\nJavier Pederzoli, Director Deportivo del Centro de Captaci\u00f3n de Argentinos Juniors, record\u00f3 al \u201cChocolat\u00edn\u201dCastillo, Oscar S\u00e1nchez, y cuando se refiri\u00f3 a Luis Cristaldo y Julio Baldivieso, mencion\u00f3 que siente un gran orgullo de tener a \u201csemejantes\u201d figuras del f\u00fatbol nacional, con reconocimiento internacional, y acot\u00f3 que se sent\u00eda halagado de estar al lado de las dos figuras del f\u00fatbol nacional.<br \/>\nJos\u00e9 Luis Calder\u00f3n, el popular \u201cCaldera\u201d, tras agradecer a Cristaldo y a la asociaci\u00f3n Obrera por ceder las instalaciones a Argentinos Juniors, resalt\u00f3 la figura de Julio Baldivieso, actual gerente deportivo de la FBF.<\/p>\n","protected":false},"excerpt":{"rendered":"<p>Julio C\u00e9sar Baldivieso prefiri\u00f3 el perfil bajo ante la pregunta respecto a unas afirmaciones de Marcelo Martins en torno a \u00e9l, en un acto oficial del lanzamiento de la escuela de Argentinos Juniors en La Paz, el viernes pasado. Martins, en una entrevista con la cadena Tigo, dijo-entre otras cosas- que \u201cen el f\u00fatbol tenemos [&hellip;]<\/p>\n","protected":false},"author":2,"featured_media":199881,"comment_status":"open","ping_status":"open","sticky":false,"template":"","format":"standard","meta":{"_acf_changed":false,"footnotes":""},"categories":[6],"tags":[],"class_list":["post-199880","post","type-post","status-publish","format-standard","has-post-thumbnail","category-deportes"],"acf":{"antetitulo":""},"yoast_head":"<!-- This site is optimized with the Yoast SEO plugin v28.3 - https:\/\/yoast.com\/product\/yoast-seo-wordpress\/ -->\n<title>Baldivieso le desea suerte a Martins en lanzamiento de Argentinos Juniors - El Diario - Bolivia<\/title>\n<meta name=\"robots\" content=\"index, follow, max-snippet:-1, max-image-preview:large, max-video-preview:-1\" \/>\n<link rel=\"canonical\" href=\"https:\/\/www.eldiario.net\/portal\/2024\/01\/27\/baldivieso-le-desea-suerte-a-martins-en-lanzamiento-de-argentinos-juniors\/\" \/>\n<meta property=\"og:locale\" content=\"es_ES\" \/>\n<meta property=\"og:type\" content=\"article\" \/>\n<meta property=\"og:title\" content=\"Baldivieso le desea suerte a Martins en lanzamiento de Argentinos Juniors - El Diario - Bolivia\" \/>\n<meta property=\"og:description\" content=\"Julio C\u00e9sar Baldivieso prefiri\u00f3 el perfil bajo ante la pregunta respecto a unas afirmaciones de Marcelo Martins en torno a \u00e9l, en un acto oficial del lanzamiento de la escuela de Argentinos Juniors en La Paz, el viernes pasado. Martins, en una entrevista con la cadena Tigo, dijo-entre otras cosas- que \u201cen el f\u00fatbol tenemos [&hellip;]\" \/>\n<meta property=\"og:url\" content=\"https:\/\/www.eldiario.net\/portal\/2024\/01\/27\/baldivieso-le-desea-suerte-a-martins-en-lanzamiento-de-argentinos-juniors\/\" \/>\n<meta property=\"og:site_name\" content=\"El Diario - Bolivia\" \/>\n<meta property=\"article:publisher\" content=\"https:\/\/www.facebook.com\/eldiario.bolivia\/\" \/>\n<meta property=\"article:published_time\" content=\"2024-01-27T14:50:18+00:00\" \/>\n<meta property=\"og:image\" content=\"https:\/\/www.eldiario.net\/portal\/wp-content\/uploads\/2024\/01\/WhatsApp-Image-2024-01-27-at-10.18.29.jpeg\" \/>\n\t<meta property=\"og:image:width\" content=\"1600\" \/>\n\t<meta property=\"og:image:height\" content=\"720\" \/>\n\t<meta property=\"og:image:type\" content=\"image\/jpeg\" \/>\n<meta name=\"author\" content=\"luis Camacho\" \/>\n<meta name=\"twitter:card\" content=\"summary_large_image\" \/>\n<meta name=\"twitter:creator\" content=\"@eldiario_net\" \/>\n<meta name=\"twitter:site\" content=\"@eldiario_net\" \/>\n<meta name=\"twitter:label1\" content=\"Escrito por\" \/>\n\t<meta name=\"twitter:data1\" content=\"luis Camacho\" \/>\n\t<meta name=\"twitter:label2\" content=\"Tiempo de lectura\" \/>\n\t<meta name=\"twitter:data2\" content=\"3 minutos\" \/>\n<script type=\"application\/ld+json\" class=\"yoast-schema-graph\">{\"@context\":\"https:\\\/\\\/schema.org\",\"@graph\":[{\"@type\":\"Article\",\"@id\":\"https:\\\/\\\/www.eldiario.net\\\/portal\\\/2024\\\/01\\\/27\\\/baldivieso-le-desea-suerte-a-martins-en-lanzamiento-de-argentinos-juniors\\\/#article\",\"isPartOf\":{\"@id\":\"https:\\\/\\\/www.eldiario.net\\\/portal\\\/2024\\\/01\\\/27\\\/baldivieso-le-desea-suerte-a-martins-en-lanzamiento-de-argentinos-juniors\\\/\"},\"author\":{\"name\":\"luis Camacho\",\"@id\":\"https:\\\/\\\/www.eldiario.net\\\/portal\\\/#\\\/schema\\\/person\\\/cab1ae4db27e5f008a62cbffb05fbfee\"},\"headline\":\"Baldivieso le desea suerte a Martins en lanzamiento de Argentinos Juniors\",\"datePublished\":\"2024-01-27T14:50:18+00:00\",\"mainEntityOfPage\":{\"@id\":\"https:\\\/\\\/www.eldiario.net\\\/portal\\\/2024\\\/01\\\/27\\\/baldivieso-le-desea-suerte-a-martins-en-lanzamiento-de-argentinos-juniors\\\/\"},\"wordCount\":499,\"commentCount\":0,\"publisher\":{\"@id\":\"https:\\\/\\\/www.eldiario.net\\\/portal\\\/#organization\"},\"image\":{\"@id\":\"https:\\\/\\\/www.eldiario.net\\\/portal\\\/2024\\\/01\\\/27\\\/baldivieso-le-desea-suerte-a-martins-en-lanzamiento-de-argentinos-juniors\\\/#primaryimage\"},\"thumbnailUrl\":\"https:\\\/\\\/www.eldiario.net\\\/portal\\\/wp-content\\\/uploads\\\/2024\\\/01\\\/WhatsApp-Image-2024-01-27-at-10.18.29.jpeg\",\"articleSection\":[\"Deportes\"],\"inLanguage\":\"es\",\"potentialAction\":[{\"@type\":\"CommentAction\",\"name\":\"Comment\",\"target\":[\"https:\\\/\\\/www.eldiario.net\\\/portal\\\/2024\\\/01\\\/27\\\/baldivieso-le-desea-suerte-a-martins-en-lanzamiento-de-argentinos-juniors\\\/#respond\"]}]},{\"@type\":\"WebPage\",\"@id\":\"https:\\\/\\\/www.eldiario.net\\\/portal\\\/2024\\\/01\\\/27\\\/baldivieso-le-desea-suerte-a-martins-en-lanzamiento-de-argentinos-juniors\\\/\",\"url\":\"https:\\\/\\\/www.eldiario.net\\\/portal\\\/2024\\\/01\\\/27\\\/baldivieso-le-desea-suerte-a-martins-en-lanzamiento-de-argentinos-juniors\\\/\",\"name\":\"Baldivieso le desea suerte a Martins en lanzamiento de Argentinos Juniors - El Diario - Bolivia\",\"isPartOf\":{\"@id\":\"https:\\\/\\\/www.eldiario.net\\\/portal\\\/#website\"},\"primaryImageOfPage\":{\"@id\":\"https:\\\/\\\/www.eldiario.net\\\/portal\\\/2024\\\/01\\\/27\\\/baldivieso-le-desea-suerte-a-martins-en-lanzamiento-de-argentinos-juniors\\\/#primaryimage\"},\"image\":{\"@id\":\"https:\\\/\\\/www.eldiario.net\\\/portal\\\/2024\\\/01\\\/27\\\/baldivieso-le-desea-suerte-a-martins-en-lanzamiento-de-argentinos-juniors\\\/#primaryimage\"},\"thumbnailUrl\":\"https:\\\/\\\/www.eldiario.net\\\/portal\\\/wp-content\\\/uploads\\\/2024\\\/01\\\/WhatsApp-Image-2024-01-27-at-10.18.29.jpeg\",\"datePublished\":\"2024-01-27T14:50:18+00:00\",\"breadcrumb\":{\"@id\":\"https:\\\/\\\/www.eldiario.net\\\/portal\\\/2024\\\/01\\\/27\\\/baldivieso-le-desea-suerte-a-martins-en-lanzamiento-de-argentinos-juniors\\\/#breadcrumb\"},\"inLanguage\":\"es\",\"potentialAction\":[{\"@type\":\"ReadAction\",\"target\":[\"https:\\\/\\\/www.eldiario.net\\\/portal\\\/2024\\\/01\\\/27\\\/baldivieso-le-desea-suerte-a-martins-en-lanzamiento-de-argentinos-juniors\\\/\"]}]},{\"@type\":\"ImageObject\",\"inLanguage\":\"es\",\"@id\":\"https:\\\/\\\/www.eldiario.net\\\/portal\\\/2024\\\/01\\\/27\\\/baldivieso-le-desea-suerte-a-martins-en-lanzamiento-de-argentinos-juniors\\\/#primaryimage\",\"url\":\"https:\\\/\\\/www.eldiario.net\\\/portal\\\/wp-content\\\/uploads\\\/2024\\\/01\\\/WhatsApp-Image-2024-01-27-at-10.18.29.jpeg\",\"contentUrl\":\"https:\\\/\\\/www.eldiario.net\\\/portal\\\/wp-content\\\/uploads\\\/2024\\\/01\\\/WhatsApp-Image-2024-01-27-at-10.18.29.jpeg\",\"width\":1600,\"height\":720},{\"@type\":\"BreadcrumbList\",\"@id\":\"https:\\\/\\\/www.eldiario.net\\\/portal\\\/2024\\\/01\\\/27\\\/baldivieso-le-desea-suerte-a-martins-en-lanzamiento-de-argentinos-juniors\\\/#breadcrumb\",\"itemListElement\":[{\"@type\":\"ListItem\",\"position\":1,\"name\":\"Portada\",\"item\":\"https:\\\/\\\/www.eldiario.net\\\/portal\\\/\"},{\"@type\":\"ListItem\",\"position\":2,\"name\":\"Baldivieso le desea suerte a Martins en lanzamiento de Argentinos Juniors\"}]},{\"@type\":\"WebSite\",\"@id\":\"https:\\\/\\\/www.eldiario.net\\\/portal\\\/#website\",\"url\":\"https:\\\/\\\/www.eldiario.net\\\/portal\\\/\",\"name\":\"El Diario - Decano de la prensa nacional\",\"description\":\"El Diario - Decano de la prensa nacional\",\"publisher\":{\"@id\":\"https:\\\/\\\/www.eldiario.net\\\/portal\\\/#organization\"},\"potentialAction\":[{\"@type\":\"SearchAction\",\"target\":{\"@type\":\"EntryPoint\",\"urlTemplate\":\"https:\\\/\\\/www.eldiario.net\\\/portal\\\/?s={search_term_string}\"},\"query-input\":{\"@type\":\"PropertyValueSpecification\",\"valueRequired\":true,\"valueName\":\"search_term_string\"}}],\"inLanguage\":\"es\"},{\"@type\":\"Organization\",\"@id\":\"https:\\\/\\\/www.eldiario.net\\\/portal\\\/#organization\",\"name\":\"El Diario - Decano de la prensa nacional\",\"url\":\"https:\\\/\\\/www.eldiario.net\\\/portal\\\/\",\"logo\":{\"@type\":\"ImageObject\",\"inLanguage\":\"es\",\"@id\":\"https:\\\/\\\/www.eldiario.net\\\/portal\\\/#\\\/schema\\\/logo\\\/image\\\/\",\"url\":\"https:\\\/\\\/www.eldiario.net\\\/portal\\\/wp-content\\\/uploads\\\/2023\\\/07\\\/logo_ED.jpg\",\"contentUrl\":\"https:\\\/\\\/www.eldiario.net\\\/portal\\\/wp-content\\\/uploads\\\/2023\\\/07\\\/logo_ED.jpg\",\"width\":272,\"height\":52,\"caption\":\"El Diario - Decano de la prensa nacional\"},\"image\":{\"@id\":\"https:\\\/\\\/www.eldiario.net\\\/portal\\\/#\\\/schema\\\/logo\\\/image\\\/\"},\"sameAs\":[\"https:\\\/\\\/www.facebook.com\\\/eldiario.bolivia\\\/\",\"https:\\\/\\\/x.com\\\/eldiario_net\"]},{\"@type\":\"Person\",\"@id\":\"https:\\\/\\\/www.eldiario.net\\\/portal\\\/#\\\/schema\\\/person\\\/cab1ae4db27e5f008a62cbffb05fbfee\",\"name\":\"luis Camacho\",\"image\":{\"@type\":\"ImageObject\",\"inLanguage\":\"es\",\"@id\":\"https:\\\/\\\/secure.gravatar.com\\\/avatar\\\/69ecb836b3826d5a2501bf06ab2a2f2c8ab211cc846758f395df21684cb38313?s=96&d=mm&r=g\",\"url\":\"https:\\\/\\\/secure.gravatar.com\\\/avatar\\\/69ecb836b3826d5a2501bf06ab2a2f2c8ab211cc846758f395df21684cb38313?s=96&d=mm&r=g\",\"contentUrl\":\"https:\\\/\\\/secure.gravatar.com\\\/avatar\\\/69ecb836b3826d5a2501bf06ab2a2f2c8ab211cc846758f395df21684cb38313?s=96&d=mm&r=g\",\"caption\":\"luis Camacho\"},\"url\":\"https:\\\/\\\/www.eldiario.net\\\/portal\\\/author\\\/luis\\\/\"}]}<\/script>\n<!-- \/ Yoast SEO plugin. -->","yoast_head_json":{"title":"Baldivieso le desea suerte a Martins en lanzamiento de Argentinos Juniors - El Diario - Bolivia","robots":{"index":"index","follow":"follow","max-snippet":"max-snippet:-1","max-image-preview":"max-image-preview:large","max-video-preview":"max-video-preview:-1"},"canonical":"https:\/\/www.eldiario.net\/portal\/2024\/01\/27\/baldivieso-le-desea-suerte-a-martins-en-lanzamiento-de-argentinos-juniors\/","og_locale":"es_ES","og_type":"article","og_title":"Baldivieso le desea suerte a Martins en lanzamiento de Argentinos Juniors - El Diario - Bolivia","og_description":"Julio C\u00e9sar Baldivieso prefiri\u00f3 el perfil bajo ante la pregunta respecto a unas afirmaciones de Marcelo Martins en torno a \u00e9l, en un acto oficial del lanzamiento de la escuela de Argentinos Juniors en La Paz, el viernes pasado. Martins, en una entrevista con la cadena Tigo, dijo-entre otras cosas- que \u201cen el f\u00fatbol tenemos [&hellip;]","og_url":"https:\/\/www.eldiario.net\/portal\/2024\/01\/27\/baldivieso-le-desea-suerte-a-martins-en-lanzamiento-de-argentinos-juniors\/","og_site_name":"El Diario - Bolivia","article_publisher":"https:\/\/www.facebook.com\/eldiario.bolivia\/","article_published_time":"2024-01-27T14:50:18+00:00","og_image":[{"width":1600,"height":720,"url":"https:\/\/www.eldiario.net\/portal\/wp-content\/uploads\/2024\/01\/WhatsApp-Image-2024-01-27-at-10.18.29.jpeg","type":"image\/jpeg"}],"author":"luis Camacho","twitter_card":"summary_large_image","twitter_creator":"@eldiario_net","twitter_site":"@eldiario_net","twitter_misc":{"Escrito por":"luis Camacho","Tiempo de lectura":"3 minutos"},"schema":{"@context":"https:\/\/schema.org","@graph":[{"@type":"Article","@id":"https:\/\/www.eldiario.net\/portal\/2024\/01\/27\/baldivieso-le-desea-suerte-a-martins-en-lanzamiento-de-argentinos-juniors\/#article","isPartOf":{"@id":"https:\/\/www.eldiario.net\/portal\/2024\/01\/27\/baldivieso-le-desea-suerte-a-martins-en-lanzamiento-de-argentinos-juniors\/"},"author":{"name":"luis Camacho","@id":"https:\/\/www.eldiario.net\/portal\/#\/schema\/person\/cab1ae4db27e5f008a62cbffb05fbfee"},"headline":"Baldivieso le desea suerte a Martins en lanzamiento de Argentinos Juniors","datePublished":"2024-01-27T14:50:18+00:00","mainEntityOfPage":{"@id":"https:\/\/www.eldiario.net\/portal\/2024\/01\/27\/baldivieso-le-desea-suerte-a-martins-en-lanzamiento-de-argentinos-juniors\/"},"wordCount":499,"commentCount":0,"publisher":{"@id":"https:\/\/www.eldiario.net\/portal\/#organization"},"image":{"@id":"https:\/\/www.eldiario.net\/portal\/2024\/01\/27\/baldivieso-le-desea-suerte-a-martins-en-lanzamiento-de-argentinos-juniors\/#primaryimage"},"thumbnailUrl":"https:\/\/www.eldiario.net\/portal\/wp-content\/uploads\/2024\/01\/WhatsApp-Image-2024-01-27-at-10.18.29.jpeg","articleSection":["Deportes"],"inLanguage":"es","potentialAction":[{"@type":"CommentAction","name":"Comment","target":["https:\/\/www.eldiario.net\/portal\/2024\/01\/27\/baldivieso-le-desea-suerte-a-martins-en-lanzamiento-de-argentinos-juniors\/#respond"]}]},{"@type":"WebPage","@id":"https:\/\/www.eldiario.net\/portal\/2024\/01\/27\/baldivieso-le-desea-suerte-a-martins-en-lanzamiento-de-argentinos-juniors\/","url":"https:\/\/www.eldiario.net\/portal\/2024\/01\/27\/baldivieso-le-desea-suerte-a-martins-en-lanzamiento-de-argentinos-juniors\/","name":"Baldivieso le desea suerte a Martins en lanzamiento de Argentinos Juniors - El Diario - Bolivia","isPartOf":{"@id":"https:\/\/www.eldiario.net\/portal\/#website"},"primaryImageOfPage":{"@id":"https:\/\/www.eldiario.net\/portal\/2024\/01\/27\/baldivieso-le-desea-suerte-a-martins-en-lanzamiento-de-argentinos-juniors\/#primaryimage"},"image":{"@id":"https:\/\/www.eldiario.net\/portal\/2024\/01\/27\/baldivieso-le-desea-suerte-a-martins-en-lanzamiento-de-argentinos-juniors\/#primaryimage"},"thumbnailUrl":"https:\/\/www.eldiario.net\/portal\/wp-content\/uploads\/2024\/01\/WhatsApp-Image-2024-01-27-at-10.18.29.jpeg","datePublished":"2024-01-27T14:50:18+00:00","breadcrumb":{"@id":"https:\/\/www.eldiario.net\/portal\/2024\/01\/27\/baldivieso-le-desea-suerte-a-martins-en-lanzamiento-de-argentinos-juniors\/#breadcrumb"},"inLanguage":"es","potentialAction":[{"@type":"ReadAction","target":["https:\/\/www.eldiario.net\/portal\/2024\/01\/27\/baldivieso-le-desea-suerte-a-martins-en-lanzamiento-de-argentinos-juniors\/"]}]},{"@type":"ImageObject","inLanguage":"es","@id":"https:\/\/www.eldiario.net\/portal\/2024\/01\/27\/baldivieso-le-desea-suerte-a-martins-en-lanzamiento-de-argentinos-juniors\/#primaryimage","url":"https:\/\/www.eldiario.net\/portal\/wp-content\/uploads\/2024\/01\/WhatsApp-Image-2024-01-27-at-10.18.29.jpeg","contentUrl":"https:\/\/www.eldiario.net\/portal\/wp-content\/uploads\/2024\/01\/WhatsApp-Image-2024-01-27-at-10.18.29.jpeg","width":1600,"height":720},{"@type":"BreadcrumbList","@id":"https:\/\/www.eldiario.net\/portal\/2024\/01\/27\/baldivieso-le-desea-suerte-a-martins-en-lanzamiento-de-argentinos-juniors\/#breadcrumb","itemListElement":[{"@type":"ListItem","position":1,"name":"Portada","item":"https:\/\/www.eldiario.net\/portal\/"},{"@type":"ListItem","position":2,"name":"Baldivieso le desea suerte a Martins en lanzamiento de Argentinos Juniors"}]},{"@type":"WebSite","@id":"https:\/\/www.eldiario.net\/portal\/#website","url":"https:\/\/www.eldiario.net\/portal\/","name":"El Diario - Decano de la prensa nacional","description":"El Diario - Decano de la prensa nacional","publisher":{"@id":"https:\/\/www.eldiario.net\/portal\/#organization"},"potentialAction":[{"@type":"SearchAction","target":{"@type":"EntryPoint","urlTemplate":"https:\/\/www.eldiario.net\/portal\/?s={search_term_string}"},"query-input":{"@type":"PropertyValueSpecification","valueRequired":true,"valueName":"search_term_string"}}],"inLanguage":"es"},{"@type":"Organization","@id":"https:\/\/www.eldiario.net\/portal\/#organization","name":"El Diario - Decano de la prensa nacional","url":"https:\/\/www.eldiario.net\/portal\/","logo":{"@type":"ImageObject","inLanguage":"es","@id":"https:\/\/www.eldiario.net\/portal\/#\/schema\/logo\/image\/","url":"https:\/\/www.eldiario.net\/portal\/wp-content\/uploads\/2023\/07\/logo_ED.jpg","contentUrl":"https:\/\/www.eldiario.net\/portal\/wp-content\/uploads\/2023\/07\/logo_ED.jpg","width":272,"height":52,"caption":"El Diario - Decano de la prensa nacional"},"image":{"@id":"https:\/\/www.eldiario.net\/portal\/#\/schema\/logo\/image\/"},"sameAs":["https:\/\/www.facebook.com\/eldiario.bolivia\/","https:\/\/x.com\/eldiario_net"]},{"@type":"Person","@id":"https:\/\/www.eldiario.net\/portal\/#\/schema\/person\/cab1ae4db27e5f008a62cbffb05fbfee","name":"luis Camacho","image":{"@type":"ImageObject","inLanguage":"es","@id":"https:\/\/secure.gravatar.com\/avatar\/69ecb836b3826d5a2501bf06ab2a2f2c8ab211cc846758f395df21684cb38313?s=96&d=mm&r=g","url":"https:\/\/secure.gravatar.com\/avatar\/69ecb836b3826d5a2501bf06ab2a2f2c8ab211cc846758f395df21684cb38313?s=96&d=mm&r=g","contentUrl":"https:\/\/secure.gravatar.com\/avatar\/69ecb836b3826d5a2501bf06ab2a2f2c8ab211cc846758f395df21684cb38313?s=96&d=mm&r=g","caption":"luis Camacho"},"url":"https:\/\/www.eldiario.net\/portal\/author\/luis\/"}]}},"_links":{"self":[{"href":"https:\/\/www.eldiario.net\/portal\/wp-json\/wp\/v2\/posts\/199880","targetHints":{"allow":["GET"]}}],"collection":[{"href":"https:\/\/www.eldiario.net\/portal\/wp-json\/wp\/v2\/posts"}],"about":[{"href":"https:\/\/www.eldiario.net\/portal\/wp-json\/wp\/v2\/types\/post"}],"author":[{"embeddable":true,"href":"https:\/\/www.eldiario.net\/portal\/wp-json\/wp\/v2\/users\/2"}],"replies":[{"embeddable":true,"href":"https:\/\/www.eldiario.net\/portal\/wp-json\/wp\/v2\/comments?post=199880"}],"version-history":[{"count":1,"href":"https:\/\/www.eldiario.net\/portal\/wp-json\/wp\/v2\/posts\/199880\/revisions"}],"predecessor-version":[{"id":199882,"href":"https:\/\/www.eldiario.net\/portal\/wp-json\/wp\/v2\/posts\/199880\/revisions\/199882"}],"wp:featuredmedia":[{"embeddable":true,"href":"https:\/\/www.eldiario.net\/portal\/wp-json\/wp\/v2\/media\/199881"}],"wp:attachment":[{"href":"https:\/\/www.eldiario.net\/portal\/wp-json\/wp\/v2\/media?parent=199880"}],"wp:term":[{"taxonomy":"category","embeddable":true,"href":"https:\/\/www.eldiario.net\/portal\/wp-json\/wp\/v2\/categories?post=199880"},{"taxonomy":"post_tag","embeddable":true,"href":"https:\/\/www.eldiario.net\/portal\/wp-json\/wp\/v2\/tags?post=199880"}],"curies":[{"name":"wp","href":"https:\/\/api.w.org\/{rel}","templated":true}]}}