{"id":199871,"date":"2024-01-27T07:48:23","date_gmt":"2024-01-27T11:48:23","guid":{"rendered":"https:\/\/www.eldiario.net\/portal\/?p=199871"},"modified":"2024-01-27T07:48:23","modified_gmt":"2024-01-27T11:48:23","slug":"libro-en-homenaje-al-quijote-del-arte","status":"publish","type":"post","link":"https:\/\/www.eldiario.net\/portal\/2024\/01\/27\/libro-en-homenaje-al-quijote-del-arte\/","title":{"rendered":"Libro en homenaje al \u00abQuijote del arte\u00bb"},"content":{"rendered":"<p>En instalaciones del Museo Nacional de Arte se present\u00f3 la biograf\u00eda del destacado pintor y muralista boliviano Walter Sol\u00f3n Romero. El texto es un homenaje al tambi\u00e9n llamado \u201cQuijote del arte\u201d. Su obra est\u00e1 \u00edntimamente ligada a la historia del pa\u00eds, siempre desde una perspectiva social.<br \/>\nLa biograf\u00eda elaborada por el hijo del artista, Pablo Sol\u00f3n es una invitaci\u00f3n a encontrar el esp\u00edritu de Sol\u00f3n; \u201cen ese viento que, seg\u00fan sus propias palabras era el \u00fanico movimiento que anteced\u00eda a la llegada del mundo en un tren\u201d, expres\u00f3, en un video que fue proyectado en la presentaci\u00f3n del libro.<br \/>\nDurante la presentaci\u00f3n, Jos\u00e9 Carlos Sol\u00f3n resalt\u00f3 que el libro es resultado de la buena predisposici\u00f3n de la FC-BCB y el apoyo del MNA para exponer la serie titulada \u201cNeohumanismo andino\u201d, la muestra explora las diferentes maneras en las que el creador percibe la humanidad.<\/p>\n\r\n                <style type=\"text\/css\">\r\n                    \r\n                    #tdi_1  .td-doubleSlider-2 .td-item1 {\r\n                        background: url(https:\/\/www.eldiario.net\/portal\/wp-content\/uploads\/2024\/01\/FERIA-6.jpg) 0 0 no-repeat;\r\n                    }\r\n                    #tdi_1  .td-doubleSlider-2 .td-item2 {\r\n                        background: url(https:\/\/www.eldiario.net\/portal\/wp-content\/uploads\/2024\/01\/FERIA-8.jpg) 0 0 no-repeat;\r\n                    }\r\n                <\/style>\r\n\r\n                <div id=\"tdi_1\" class=\"td-gallery td-slide-on-2-columns\">\r\n                    <div class=\"post_td_gallery\">\r\n                        <div class=\"td-gallery-slide-top\">\r\n                           <div class=\"td-gallery-title\"><\/div>\r\n\r\n                            <div class=\"td-gallery-controls-wrapper\">\r\n                                <div class=\"td-gallery-slide-count\"><span class=\"td-gallery-slide-item-focus\">1<\/span> de 2<\/div>\r\n                                <div class=\"td-gallery-slide-prev-next-but\">\r\n                                    <i class = \"td-icon-left doubleSliderPrevButton\"><\/i>\r\n                                    <i class = \"td-icon-right doubleSliderNextButton\"><\/i>\r\n                                <\/div>\r\n                            <\/div>\r\n                        <\/div>\r\n\r\n                        <div class = \"td-doubleSlider-1 \">\r\n                            <div class = \"td-slider\">\r\n                                \r\n                    <div class = \"td-slide-item td-item1\">\r\n                        <figure class=\"td-slide-galery-figure td-slide-popup-gallery\">\r\n                            <a class=\"slide-gallery-image-link\" href=\"https:\/\/www.eldiario.net\/portal\/wp-content\/uploads\/2024\/01\/FERIA-6.jpg\" title=\"FERIA-6\"  data-caption=\"IV\u00c1N CASTELL\u00d3N, DIRECTOR DEL MUSEO NACIONAL DE ARTE;  ELIZABETH PEREDO, PRESIDENTA DE LA FUNDACI\u00d3N SOLON; JOS\u00c9 CARLOS SOL\u00d3N, NIETO DE SOL\u00d3N. LUIS OPORTO ORD\u00d3\u00d1EZ, PRESIDENTE DE LA FUNDACI\u00d3N CULTURAL DEL BANCO CENTRAL DE BOLIVIA.\"  data-description=\"\">\r\n                                <img decoding=\"async\" src=\"https:\/\/www.eldiario.net\/portal\/wp-content\/uploads\/2024\/01\/FERIA-6.jpg\" srcset=\"https:\/\/www.eldiario.net\/portal\/wp-content\/uploads\/2024\/01\/FERIA-6.jpg 1600w, https:\/\/www.eldiario.net\/portal\/wp-content\/uploads\/2024\/01\/FERIA-6-300x200.jpg 300w, https:\/\/www.eldiario.net\/portal\/wp-content\/uploads\/2024\/01\/FERIA-6-1024x682.jpg 1024w, https:\/\/www.eldiario.net\/portal\/wp-content\/uploads\/2024\/01\/FERIA-6-768x512.jpg 768w, https:\/\/www.eldiario.net\/portal\/wp-content\/uploads\/2024\/01\/FERIA-6-1536x1023.jpg 1536w, https:\/\/www.eldiario.net\/portal\/wp-content\/uploads\/2024\/01\/FERIA-6-696x464.jpg 696w, https:\/\/www.eldiario.net\/portal\/wp-content\/uploads\/2024\/01\/FERIA-6-1068x712.jpg 1068w\" sizes=\"(max-width: 630px) 100vw, 630px\" alt=\"\">\r\n                            <\/a>\r\n                            <figcaption class = \"td-slide-caption td-gallery-slide-content\"><div class = \"td-gallery-slide-copywrite\">IV\u00c1N CASTELL\u00d3N, DIRECTOR DEL MUSEO NACIONAL DE ARTE;  ELIZABETH PEREDO, PRESIDENTA DE LA FUNDACI\u00d3N SOLON; JOS\u00c9 CARLOS SOL\u00d3N, NIETO DE SOL\u00d3N. LUIS OPORTO ORD\u00d3\u00d1EZ, PRESIDENTE DE LA FUNDACI\u00d3N CULTURAL DEL BANCO CENTRAL DE BOLIVIA.<\/div><\/figcaption>\r\n                        <\/figure>\r\n                    <\/div>\r\n                    <div class = \"td-slide-item td-item2\">\r\n                        <figure class=\"td-slide-galery-figure td-slide-popup-gallery\">\r\n                            <a class=\"slide-gallery-image-link\" href=\"https:\/\/www.eldiario.net\/portal\/wp-content\/uploads\/2024\/01\/FERIA-8.jpg\" title=\"FERIA-8\"  data-caption=\"   EL LIBRO TIENE UN COSTO DE 70 BS.\"  data-description=\"\">\r\n                                <img decoding=\"async\" src=\"https:\/\/www.eldiario.net\/portal\/wp-content\/uploads\/2024\/01\/FERIA-8.jpg\" srcset=\"https:\/\/www.eldiario.net\/portal\/wp-content\/uploads\/2024\/01\/FERIA-8.jpg 899w, https:\/\/www.eldiario.net\/portal\/wp-content\/uploads\/2024\/01\/FERIA-8-169x300.jpg 169w, https:\/\/www.eldiario.net\/portal\/wp-content\/uploads\/2024\/01\/FERIA-8-576x1024.jpg 576w, https:\/\/www.eldiario.net\/portal\/wp-content\/uploads\/2024\/01\/FERIA-8-768x1366.jpg 768w, https:\/\/www.eldiario.net\/portal\/wp-content\/uploads\/2024\/01\/FERIA-8-864x1536.jpg 864w, https:\/\/www.eldiario.net\/portal\/wp-content\/uploads\/2024\/01\/FERIA-8-696x1238.jpg 696w\" sizes=\"(max-width: 236px) 100vw, 236px\" alt=\"\">\r\n                            <\/a>\r\n                            <figcaption class = \"td-slide-caption td-gallery-slide-content\"><div class = \"td-gallery-slide-copywrite\">   EL LIBRO TIENE UN COSTO DE 70 BS.<\/div><\/figcaption>\r\n                        <\/figure>\r\n                    <\/div>\r\n                            <\/div>\r\n                        <\/div>\r\n\r\n                        <div class = \"td-doubleSlider-2\">\r\n                            <div class = \"td-slider\">\r\n                                \r\n                    <div class = \"td-button td-item1\">\r\n                        <div class = \"td-border\"><\/div>\r\n                    <\/div>\r\n                    <div class = \"td-button td-item2\">\r\n                        <div class = \"td-border\"><\/div>\r\n                    <\/div>\r\n                            <\/div>\r\n                        <\/div>\r\n\r\n                    <\/div>\r\n\r\n                <\/div>\r\n                \n","protected":false},"excerpt":{"rendered":"<p>En instalaciones del Museo Nacional de Arte se present\u00f3 la biograf\u00eda del destacado pintor y muralista boliviano Walter Sol\u00f3n Romero. El texto es un homenaje al tambi\u00e9n llamado \u201cQuijote del arte\u201d. Su obra est\u00e1 \u00edntimamente ligada a la historia del pa\u00eds, siempre desde una perspectiva social. La biograf\u00eda elaborada por el hijo del artista, Pablo [&hellip;]<\/p>\n","protected":false},"author":1,"featured_media":199872,"comment_status":"open","ping_status":"open","sticky":false,"template":"","format":"standard","meta":{"_acf_changed":false,"footnotes":""},"categories":[40],"tags":[],"class_list":["post-199871","post","type-post","status-publish","format-standard","has-post-thumbnail","category-sociales"],"acf":{"antetitulo":""},"yoast_head":"<!-- This site is optimized with the Yoast SEO plugin v28.3 - https:\/\/yoast.com\/product\/yoast-seo-wordpress\/ -->\n<title>Libro en homenaje al &quot;Quijote del arte&quot; - El Diario - Bolivia<\/title>\n<meta name=\"robots\" content=\"index, follow, max-snippet:-1, max-image-preview:large, max-video-preview:-1\" \/>\n<link rel=\"canonical\" href=\"https:\/\/www.eldiario.net\/portal\/2024\/01\/27\/libro-en-homenaje-al-quijote-del-arte\/\" \/>\n<meta property=\"og:locale\" content=\"es_ES\" \/>\n<meta property=\"og:type\" content=\"article\" \/>\n<meta property=\"og:title\" content=\"Libro en homenaje al &quot;Quijote del arte&quot; - El Diario - Bolivia\" \/>\n<meta property=\"og:description\" content=\"En instalaciones del Museo Nacional de Arte se present\u00f3 la biograf\u00eda del destacado pintor y muralista boliviano Walter Sol\u00f3n Romero. El texto es un homenaje al tambi\u00e9n llamado \u201cQuijote del arte\u201d. Su obra est\u00e1 \u00edntimamente ligada a la historia del pa\u00eds, siempre desde una perspectiva social. La biograf\u00eda elaborada por el hijo del artista, Pablo [&hellip;]\" \/>\n<meta property=\"og:url\" content=\"https:\/\/www.eldiario.net\/portal\/2024\/01\/27\/libro-en-homenaje-al-quijote-del-arte\/\" \/>\n<meta property=\"og:site_name\" content=\"El Diario - Bolivia\" \/>\n<meta property=\"article:publisher\" content=\"https:\/\/www.facebook.com\/eldiario.bolivia\/\" \/>\n<meta property=\"article:published_time\" content=\"2024-01-27T11:48:23+00:00\" \/>\n<meta property=\"og:image\" content=\"https:\/\/www.eldiario.net\/portal\/wp-content\/uploads\/2024\/01\/FERIA-6.jpg\" \/>\n\t<meta property=\"og:image:width\" content=\"1600\" \/>\n\t<meta property=\"og:image:height\" content=\"1066\" \/>\n\t<meta property=\"og:image:type\" content=\"image\/jpeg\" \/>\n<meta name=\"author\" content=\"Jeanette\" \/>\n<meta name=\"twitter:card\" content=\"summary_large_image\" \/>\n<meta name=\"twitter:creator\" content=\"@eldiario_net\" \/>\n<meta name=\"twitter:site\" content=\"@eldiario_net\" \/>\n<meta name=\"twitter:label1\" content=\"Escrito por\" \/>\n\t<meta name=\"twitter:data1\" content=\"Jeanette\" \/>\n\t<meta name=\"twitter:label2\" content=\"Tiempo de lectura\" \/>\n\t<meta name=\"twitter:data2\" content=\"1 minuto\" \/>\n<script type=\"application\/ld+json\" class=\"yoast-schema-graph\">{\"@context\":\"https:\\\/\\\/schema.org\",\"@graph\":[{\"@type\":\"Article\",\"@id\":\"https:\\\/\\\/www.eldiario.net\\\/portal\\\/2024\\\/01\\\/27\\\/libro-en-homenaje-al-quijote-del-arte\\\/#article\",\"isPartOf\":{\"@id\":\"https:\\\/\\\/www.eldiario.net\\\/portal\\\/2024\\\/01\\\/27\\\/libro-en-homenaje-al-quijote-del-arte\\\/\"},\"author\":{\"name\":\"Jeanette\",\"@id\":\"https:\\\/\\\/www.eldiario.net\\\/portal\\\/#\\\/schema\\\/person\\\/f46445640444750d7d753ccd04ae01b7\"},\"headline\":\"Libro en homenaje al \u00abQuijote del arte\u00bb\",\"datePublished\":\"2024-01-27T11:48:23+00:00\",\"mainEntityOfPage\":{\"@id\":\"https:\\\/\\\/www.eldiario.net\\\/portal\\\/2024\\\/01\\\/27\\\/libro-en-homenaje-al-quijote-del-arte\\\/\"},\"wordCount\":175,\"commentCount\":0,\"publisher\":{\"@id\":\"https:\\\/\\\/www.eldiario.net\\\/portal\\\/#organization\"},\"image\":{\"@id\":\"https:\\\/\\\/www.eldiario.net\\\/portal\\\/2024\\\/01\\\/27\\\/libro-en-homenaje-al-quijote-del-arte\\\/#primaryimage\"},\"thumbnailUrl\":\"https:\\\/\\\/www.eldiario.net\\\/portal\\\/wp-content\\\/uploads\\\/2024\\\/01\\\/FERIA-6.jpg\",\"articleSection\":[\"Sociales\"],\"inLanguage\":\"es\",\"potentialAction\":[{\"@type\":\"CommentAction\",\"name\":\"Comment\",\"target\":[\"https:\\\/\\\/www.eldiario.net\\\/portal\\\/2024\\\/01\\\/27\\\/libro-en-homenaje-al-quijote-del-arte\\\/#respond\"]}]},{\"@type\":\"WebPage\",\"@id\":\"https:\\\/\\\/www.eldiario.net\\\/portal\\\/2024\\\/01\\\/27\\\/libro-en-homenaje-al-quijote-del-arte\\\/\",\"url\":\"https:\\\/\\\/www.eldiario.net\\\/portal\\\/2024\\\/01\\\/27\\\/libro-en-homenaje-al-quijote-del-arte\\\/\",\"name\":\"Libro en homenaje al \\\"Quijote del arte\\\" - El Diario - Bolivia\",\"isPartOf\":{\"@id\":\"https:\\\/\\\/www.eldiario.net\\\/portal\\\/#website\"},\"primaryImageOfPage\":{\"@id\":\"https:\\\/\\\/www.eldiario.net\\\/portal\\\/2024\\\/01\\\/27\\\/libro-en-homenaje-al-quijote-del-arte\\\/#primaryimage\"},\"image\":{\"@id\":\"https:\\\/\\\/www.eldiario.net\\\/portal\\\/2024\\\/01\\\/27\\\/libro-en-homenaje-al-quijote-del-arte\\\/#primaryimage\"},\"thumbnailUrl\":\"https:\\\/\\\/www.eldiario.net\\\/portal\\\/wp-content\\\/uploads\\\/2024\\\/01\\\/FERIA-6.jpg\",\"datePublished\":\"2024-01-27T11:48:23+00:00\",\"breadcrumb\":{\"@id\":\"https:\\\/\\\/www.eldiario.net\\\/portal\\\/2024\\\/01\\\/27\\\/libro-en-homenaje-al-quijote-del-arte\\\/#breadcrumb\"},\"inLanguage\":\"es\",\"potentialAction\":[{\"@type\":\"ReadAction\",\"target\":[\"https:\\\/\\\/www.eldiario.net\\\/portal\\\/2024\\\/01\\\/27\\\/libro-en-homenaje-al-quijote-del-arte\\\/\"]}]},{\"@type\":\"ImageObject\",\"inLanguage\":\"es\",\"@id\":\"https:\\\/\\\/www.eldiario.net\\\/portal\\\/2024\\\/01\\\/27\\\/libro-en-homenaje-al-quijote-del-arte\\\/#primaryimage\",\"url\":\"https:\\\/\\\/www.eldiario.net\\\/portal\\\/wp-content\\\/uploads\\\/2024\\\/01\\\/FERIA-6.jpg\",\"contentUrl\":\"https:\\\/\\\/www.eldiario.net\\\/portal\\\/wp-content\\\/uploads\\\/2024\\\/01\\\/FERIA-6.jpg\",\"width\":1600,\"height\":1066,\"caption\":\"IV\u00c1N CASTELL\u00d3N, DIRECTOR DEL MUSEO NACIONAL DE ARTE; ELIZABETH PEREDO, PRESIDENTA DE LA FUNDACI\u00d3N SOLON; JOS\u00c9 CARLOS SOL\u00d3N, NIETO DE SOL\u00d3N. LUIS OPORTO ORD\u00d3\u00d1EZ, PRESIDENTE DE LA FUNDACI\u00d3N CULTURAL DEL BANCO CENTRAL DE BOLIVIA.\"},{\"@type\":\"BreadcrumbList\",\"@id\":\"https:\\\/\\\/www.eldiario.net\\\/portal\\\/2024\\\/01\\\/27\\\/libro-en-homenaje-al-quijote-del-arte\\\/#breadcrumb\",\"itemListElement\":[{\"@type\":\"ListItem\",\"position\":1,\"name\":\"Portada\",\"item\":\"https:\\\/\\\/www.eldiario.net\\\/portal\\\/\"},{\"@type\":\"ListItem\",\"position\":2,\"name\":\"Libro en homenaje al \u00abQuijote del arte\u00bb\"}]},{\"@type\":\"WebSite\",\"@id\":\"https:\\\/\\\/www.eldiario.net\\\/portal\\\/#website\",\"url\":\"https:\\\/\\\/www.eldiario.net\\\/portal\\\/\",\"name\":\"El Diario - Decano de la prensa nacional\",\"description\":\"El Diario - Decano de la prensa nacional\",\"publisher\":{\"@id\":\"https:\\\/\\\/www.eldiario.net\\\/portal\\\/#organization\"},\"potentialAction\":[{\"@type\":\"SearchAction\",\"target\":{\"@type\":\"EntryPoint\",\"urlTemplate\":\"https:\\\/\\\/www.eldiario.net\\\/portal\\\/?s={search_term_string}\"},\"query-input\":{\"@type\":\"PropertyValueSpecification\",\"valueRequired\":true,\"valueName\":\"search_term_string\"}}],\"inLanguage\":\"es\"},{\"@type\":\"Organization\",\"@id\":\"https:\\\/\\\/www.eldiario.net\\\/portal\\\/#organization\",\"name\":\"El Diario - Decano de la prensa nacional\",\"url\":\"https:\\\/\\\/www.eldiario.net\\\/portal\\\/\",\"logo\":{\"@type\":\"ImageObject\",\"inLanguage\":\"es\",\"@id\":\"https:\\\/\\\/www.eldiario.net\\\/portal\\\/#\\\/schema\\\/logo\\\/image\\\/\",\"url\":\"https:\\\/\\\/www.eldiario.net\\\/portal\\\/wp-content\\\/uploads\\\/2023\\\/07\\\/logo_ED.jpg\",\"contentUrl\":\"https:\\\/\\\/www.eldiario.net\\\/portal\\\/wp-content\\\/uploads\\\/2023\\\/07\\\/logo_ED.jpg\",\"width\":272,\"height\":52,\"caption\":\"El Diario - Decano de la prensa nacional\"},\"image\":{\"@id\":\"https:\\\/\\\/www.eldiario.net\\\/portal\\\/#\\\/schema\\\/logo\\\/image\\\/\"},\"sameAs\":[\"https:\\\/\\\/www.facebook.com\\\/eldiario.bolivia\\\/\",\"https:\\\/\\\/x.com\\\/eldiario_net\"]},{\"@type\":\"Person\",\"@id\":\"https:\\\/\\\/www.eldiario.net\\\/portal\\\/#\\\/schema\\\/person\\\/f46445640444750d7d753ccd04ae01b7\",\"name\":\"Jeanette\",\"image\":{\"@type\":\"ImageObject\",\"inLanguage\":\"es\",\"@id\":\"https:\\\/\\\/secure.gravatar.com\\\/avatar\\\/3ea2118a5f7dad2b7138b1187a6b7ee55f160b9968b66013c3a3ef39dd7e5798?s=96&d=mm&r=g\",\"url\":\"https:\\\/\\\/secure.gravatar.com\\\/avatar\\\/3ea2118a5f7dad2b7138b1187a6b7ee55f160b9968b66013c3a3ef39dd7e5798?s=96&d=mm&r=g\",\"contentUrl\":\"https:\\\/\\\/secure.gravatar.com\\\/avatar\\\/3ea2118a5f7dad2b7138b1187a6b7ee55f160b9968b66013c3a3ef39dd7e5798?s=96&d=mm&r=g\",\"caption\":\"Jeanette\"},\"sameAs\":[\"https:\\\/\\\/www.eldiario.net\\\/portal\"],\"url\":\"https:\\\/\\\/www.eldiario.net\\\/portal\\\/author\\\/jeanette\\\/\"}]}<\/script>\n<!-- \/ Yoast SEO plugin. -->","yoast_head_json":{"title":"Libro en homenaje al \"Quijote del arte\" - El Diario - Bolivia","robots":{"index":"index","follow":"follow","max-snippet":"max-snippet:-1","max-image-preview":"max-image-preview:large","max-video-preview":"max-video-preview:-1"},"canonical":"https:\/\/www.eldiario.net\/portal\/2024\/01\/27\/libro-en-homenaje-al-quijote-del-arte\/","og_locale":"es_ES","og_type":"article","og_title":"Libro en homenaje al \"Quijote del arte\" - El Diario - Bolivia","og_description":"En instalaciones del Museo Nacional de Arte se present\u00f3 la biograf\u00eda del destacado pintor y muralista boliviano Walter Sol\u00f3n Romero. El texto es un homenaje al tambi\u00e9n llamado \u201cQuijote del arte\u201d. Su obra est\u00e1 \u00edntimamente ligada a la historia del pa\u00eds, siempre desde una perspectiva social. La biograf\u00eda elaborada por el hijo del artista, Pablo [&hellip;]","og_url":"https:\/\/www.eldiario.net\/portal\/2024\/01\/27\/libro-en-homenaje-al-quijote-del-arte\/","og_site_name":"El Diario - Bolivia","article_publisher":"https:\/\/www.facebook.com\/eldiario.bolivia\/","article_published_time":"2024-01-27T11:48:23+00:00","og_image":[{"width":1600,"height":1066,"url":"https:\/\/www.eldiario.net\/portal\/wp-content\/uploads\/2024\/01\/FERIA-6.jpg","type":"image\/jpeg"}],"author":"Jeanette","twitter_card":"summary_large_image","twitter_creator":"@eldiario_net","twitter_site":"@eldiario_net","twitter_misc":{"Escrito por":"Jeanette","Tiempo de lectura":"1 minuto"},"schema":{"@context":"https:\/\/schema.org","@graph":[{"@type":"Article","@id":"https:\/\/www.eldiario.net\/portal\/2024\/01\/27\/libro-en-homenaje-al-quijote-del-arte\/#article","isPartOf":{"@id":"https:\/\/www.eldiario.net\/portal\/2024\/01\/27\/libro-en-homenaje-al-quijote-del-arte\/"},"author":{"name":"Jeanette","@id":"https:\/\/www.eldiario.net\/portal\/#\/schema\/person\/f46445640444750d7d753ccd04ae01b7"},"headline":"Libro en homenaje al \u00abQuijote del arte\u00bb","datePublished":"2024-01-27T11:48:23+00:00","mainEntityOfPage":{"@id":"https:\/\/www.eldiario.net\/portal\/2024\/01\/27\/libro-en-homenaje-al-quijote-del-arte\/"},"wordCount":175,"commentCount":0,"publisher":{"@id":"https:\/\/www.eldiario.net\/portal\/#organization"},"image":{"@id":"https:\/\/www.eldiario.net\/portal\/2024\/01\/27\/libro-en-homenaje-al-quijote-del-arte\/#primaryimage"},"thumbnailUrl":"https:\/\/www.eldiario.net\/portal\/wp-content\/uploads\/2024\/01\/FERIA-6.jpg","articleSection":["Sociales"],"inLanguage":"es","potentialAction":[{"@type":"CommentAction","name":"Comment","target":["https:\/\/www.eldiario.net\/portal\/2024\/01\/27\/libro-en-homenaje-al-quijote-del-arte\/#respond"]}]},{"@type":"WebPage","@id":"https:\/\/www.eldiario.net\/portal\/2024\/01\/27\/libro-en-homenaje-al-quijote-del-arte\/","url":"https:\/\/www.eldiario.net\/portal\/2024\/01\/27\/libro-en-homenaje-al-quijote-del-arte\/","name":"Libro en homenaje al \"Quijote del arte\" - El Diario - Bolivia","isPartOf":{"@id":"https:\/\/www.eldiario.net\/portal\/#website"},"primaryImageOfPage":{"@id":"https:\/\/www.eldiario.net\/portal\/2024\/01\/27\/libro-en-homenaje-al-quijote-del-arte\/#primaryimage"},"image":{"@id":"https:\/\/www.eldiario.net\/portal\/2024\/01\/27\/libro-en-homenaje-al-quijote-del-arte\/#primaryimage"},"thumbnailUrl":"https:\/\/www.eldiario.net\/portal\/wp-content\/uploads\/2024\/01\/FERIA-6.jpg","datePublished":"2024-01-27T11:48:23+00:00","breadcrumb":{"@id":"https:\/\/www.eldiario.net\/portal\/2024\/01\/27\/libro-en-homenaje-al-quijote-del-arte\/#breadcrumb"},"inLanguage":"es","potentialAction":[{"@type":"ReadAction","target":["https:\/\/www.eldiario.net\/portal\/2024\/01\/27\/libro-en-homenaje-al-quijote-del-arte\/"]}]},{"@type":"ImageObject","inLanguage":"es","@id":"https:\/\/www.eldiario.net\/portal\/2024\/01\/27\/libro-en-homenaje-al-quijote-del-arte\/#primaryimage","url":"https:\/\/www.eldiario.net\/portal\/wp-content\/uploads\/2024\/01\/FERIA-6.jpg","contentUrl":"https:\/\/www.eldiario.net\/portal\/wp-content\/uploads\/2024\/01\/FERIA-6.jpg","width":1600,"height":1066,"caption":"IV\u00c1N CASTELL\u00d3N, DIRECTOR DEL MUSEO NACIONAL DE ARTE; ELIZABETH PEREDO, PRESIDENTA DE LA FUNDACI\u00d3N SOLON; JOS\u00c9 CARLOS SOL\u00d3N, NIETO DE SOL\u00d3N. LUIS OPORTO ORD\u00d3\u00d1EZ, PRESIDENTE DE LA FUNDACI\u00d3N CULTURAL DEL BANCO CENTRAL DE BOLIVIA."},{"@type":"BreadcrumbList","@id":"https:\/\/www.eldiario.net\/portal\/2024\/01\/27\/libro-en-homenaje-al-quijote-del-arte\/#breadcrumb","itemListElement":[{"@type":"ListItem","position":1,"name":"Portada","item":"https:\/\/www.eldiario.net\/portal\/"},{"@type":"ListItem","position":2,"name":"Libro en homenaje al \u00abQuijote del arte\u00bb"}]},{"@type":"WebSite","@id":"https:\/\/www.eldiario.net\/portal\/#website","url":"https:\/\/www.eldiario.net\/portal\/","name":"El Diario - Decano de la prensa nacional","description":"El Diario - Decano de la prensa nacional","publisher":{"@id":"https:\/\/www.eldiario.net\/portal\/#organization"},"potentialAction":[{"@type":"SearchAction","target":{"@type":"EntryPoint","urlTemplate":"https:\/\/www.eldiario.net\/portal\/?s={search_term_string}"},"query-input":{"@type":"PropertyValueSpecification","valueRequired":true,"valueName":"search_term_string"}}],"inLanguage":"es"},{"@type":"Organization","@id":"https:\/\/www.eldiario.net\/portal\/#organization","name":"El Diario - Decano de la prensa nacional","url":"https:\/\/www.eldiario.net\/portal\/","logo":{"@type":"ImageObject","inLanguage":"es","@id":"https:\/\/www.eldiario.net\/portal\/#\/schema\/logo\/image\/","url":"https:\/\/www.eldiario.net\/portal\/wp-content\/uploads\/2023\/07\/logo_ED.jpg","contentUrl":"https:\/\/www.eldiario.net\/portal\/wp-content\/uploads\/2023\/07\/logo_ED.jpg","width":272,"height":52,"caption":"El Diario - Decano de la prensa nacional"},"image":{"@id":"https:\/\/www.eldiario.net\/portal\/#\/schema\/logo\/image\/"},"sameAs":["https:\/\/www.facebook.com\/eldiario.bolivia\/","https:\/\/x.com\/eldiario_net"]},{"@type":"Person","@id":"https:\/\/www.eldiario.net\/portal\/#\/schema\/person\/f46445640444750d7d753ccd04ae01b7","name":"Jeanette","image":{"@type":"ImageObject","inLanguage":"es","@id":"https:\/\/secure.gravatar.com\/avatar\/3ea2118a5f7dad2b7138b1187a6b7ee55f160b9968b66013c3a3ef39dd7e5798?s=96&d=mm&r=g","url":"https:\/\/secure.gravatar.com\/avatar\/3ea2118a5f7dad2b7138b1187a6b7ee55f160b9968b66013c3a3ef39dd7e5798?s=96&d=mm&r=g","contentUrl":"https:\/\/secure.gravatar.com\/avatar\/3ea2118a5f7dad2b7138b1187a6b7ee55f160b9968b66013c3a3ef39dd7e5798?s=96&d=mm&r=g","caption":"Jeanette"},"sameAs":["https:\/\/www.eldiario.net\/portal"],"url":"https:\/\/www.eldiario.net\/portal\/author\/jeanette\/"}]}},"_links":{"self":[{"href":"https:\/\/www.eldiario.net\/portal\/wp-json\/wp\/v2\/posts\/199871","targetHints":{"allow":["GET"]}}],"collection":[{"href":"https:\/\/www.eldiario.net\/portal\/wp-json\/wp\/v2\/posts"}],"about":[{"href":"https:\/\/www.eldiario.net\/portal\/wp-json\/wp\/v2\/types\/post"}],"author":[{"embeddable":true,"href":"https:\/\/www.eldiario.net\/portal\/wp-json\/wp\/v2\/users\/1"}],"replies":[{"embeddable":true,"href":"https:\/\/www.eldiario.net\/portal\/wp-json\/wp\/v2\/comments?post=199871"}],"version-history":[{"count":1,"href":"https:\/\/www.eldiario.net\/portal\/wp-json\/wp\/v2\/posts\/199871\/revisions"}],"predecessor-version":[{"id":199874,"href":"https:\/\/www.eldiario.net\/portal\/wp-json\/wp\/v2\/posts\/199871\/revisions\/199874"}],"wp:featuredmedia":[{"embeddable":true,"href":"https:\/\/www.eldiario.net\/portal\/wp-json\/wp\/v2\/media\/199872"}],"wp:attachment":[{"href":"https:\/\/www.eldiario.net\/portal\/wp-json\/wp\/v2\/media?parent=199871"}],"wp:term":[{"taxonomy":"category","embeddable":true,"href":"https:\/\/www.eldiario.net\/portal\/wp-json\/wp\/v2\/categories?post=199871"},{"taxonomy":"post_tag","embeddable":true,"href":"https:\/\/www.eldiario.net\/portal\/wp-json\/wp\/v2\/tags?post=199871"}],"curies":[{"name":"wp","href":"https:\/\/api.w.org\/{rel}","templated":true}]}}