{"id":199839,"date":"2024-01-27T07:35:52","date_gmt":"2024-01-27T11:35:52","guid":{"rendered":"https:\/\/www.eldiario.net\/portal\/?p=199839"},"modified":"2024-01-27T07:35:52","modified_gmt":"2024-01-27T11:35:52","slug":"100-colegiados-parten-a-chile-para-profesionalizar-el-arbitraje","status":"publish","type":"post","link":"https:\/\/www.eldiario.net\/portal\/2024\/01\/27\/100-colegiados-parten-a-chile-para-profesionalizar-el-arbitraje\/","title":{"rendered":"100 colegiados parten a Chile para profesionalizar el arbitraje"},"content":{"rendered":"<p>Dentro del programa \u00c1rbitros PRO de la FBF, 50 colegiados, 26 centrales y 24 asistentes, fueron becados para recibir una capacitaci\u00f3n integral en Santiago, Chile, durante diez semanas, con el compromiso de que a su regreso al pa\u00eds se dediquen de manera exclusiva al arbitraje, como parte del proceso de profesionalizaci\u00f3n.<br \/>\n\u201cEsta es la oportunidad de sus vidas, como Federaci\u00f3n vamos a darle un espacio a su retorno al pa\u00eds para que pueden desempe\u00f1arse y mostrar las habilidades que adquirir\u00e1n en este curso en Chile\u201d, declar\u00f3 Fernando Costa, presidente de la FBF, en el acto de presentaci\u00f3n de los 50 becados, que viajar\u00e1n al vecino pa\u00eds este s\u00e1bado.<br \/>\nCon esta capacitaci\u00f3n a este primer grupo \u2013que tiene un costo de 300 mil d\u00f3lares, monto cubierto por la FBF\u2013, se busca que los estos 41 \u00e1rbitros y nueve \u00e1rbitras pueden dedicarse al arbitraje, y dejar a un lado sus actividades extra deportivos, como ocurre en la mayor\u00eda de los casos.<br \/>\nLa delegaci\u00f3n boliviana recibir\u00e1 la capacitaci\u00f3n por siete instructores, bajo el siguiente temario: t\u00e9cnica arbitral, rendimiento f\u00edsico y nutrici\u00f3n, psicolog\u00eda deportiva, \u00e9tica en el f\u00fatbol, comunicaci\u00f3n y oratoria, y redacci\u00f3n aplicada al arbitraje.<br \/>\n\u201cSe est\u00e1n haciendo esfuerzos de toda \u00edndole, est\u00e1n representando a Bolivia, por lo tanto, deben comprometerse para esforzarse al m\u00e1ximo y a su retorno queremos \u00e1rbitros que apliquen el juego limpio\u201d, agreg\u00f3 Costa, a tiempo de entrenar la indumentaria y el material did\u00e1ctico a los jueces.<br \/>\nEntre los instructores estar\u00e1n: Roberto Tovar y Julio Bascu\u00f1\u00e1n, \u00e1rbitros retirados de la actividad profesional, con una amplia carrera realizada en Chile y fuera de su pa\u00eds. Adem\u00e1s de capacitadores de la CONMEBOL.<br \/>\nEste curso se llevar\u00e1 adelante en el Instituto Nacional de F\u00fatbol, Deporte y Actividad F\u00edsica (INAF) de Santiago, donde habr\u00e1 trabajo en simuladores de partidos y situaciones complejas de juego. Asimismo, estos \u00e1rbitros dirigir\u00e1n partidos de los torneos formativos para colocar en pr\u00e1ctica la ense\u00f1anza.<br \/>\nEl viaje ser\u00e1 este s\u00e1bado, primero por v\u00eda terrestre hasta Iquique y de ah\u00ed tomar\u00e1n un vuelo hasta Santiago. El retorno ser\u00e1 el 7 de abril. El presidente de la Asociaci\u00f3n Boliviana de \u00c1rbitros de F\u00fatbol (ABAF), V\u00edctor Hugo Chambi, ser\u00e1 el jefe de la delegaci\u00f3n.<\/p>\n","protected":false},"excerpt":{"rendered":"<p>Dentro del programa \u00c1rbitros PRO de la FBF, 50 colegiados, 26 centrales y 24 asistentes, fueron becados para recibir una capacitaci\u00f3n integral en Santiago, Chile, durante diez semanas, con el compromiso de que a su regreso al pa\u00eds se dediquen de manera exclusiva al arbitraje, como parte del proceso de profesionalizaci\u00f3n. \u201cEsta es la oportunidad [&hellip;]<\/p>\n","protected":false},"author":1,"featured_media":199840,"comment_status":"open","ping_status":"open","sticky":false,"template":"","format":"standard","meta":{"_acf_changed":false,"footnotes":""},"categories":[6],"tags":[],"class_list":["post-199839","post","type-post","status-publish","format-standard","has-post-thumbnail","category-deportes"],"acf":{"antetitulo":""},"yoast_head":"<!-- This site is optimized with the Yoast SEO plugin v28.3 - https:\/\/yoast.com\/product\/yoast-seo-wordpress\/ -->\n<title>100 colegiados parten a Chile para profesionalizar el arbitraje - El Diario - Bolivia<\/title>\n<meta name=\"robots\" content=\"index, follow, max-snippet:-1, max-image-preview:large, max-video-preview:-1\" \/>\n<link rel=\"canonical\" href=\"https:\/\/www.eldiario.net\/portal\/2024\/01\/27\/100-colegiados-parten-a-chile-para-profesionalizar-el-arbitraje\/\" \/>\n<meta property=\"og:locale\" content=\"es_ES\" \/>\n<meta property=\"og:type\" content=\"article\" \/>\n<meta property=\"og:title\" content=\"100 colegiados parten a Chile para profesionalizar el arbitraje - El Diario - Bolivia\" \/>\n<meta property=\"og:description\" content=\"Dentro del programa \u00c1rbitros PRO de la FBF, 50 colegiados, 26 centrales y 24 asistentes, fueron becados para recibir una capacitaci\u00f3n integral en Santiago, Chile, durante diez semanas, con el compromiso de que a su regreso al pa\u00eds se dediquen de manera exclusiva al arbitraje, como parte del proceso de profesionalizaci\u00f3n. \u201cEsta es la oportunidad [&hellip;]\" \/>\n<meta property=\"og:url\" content=\"https:\/\/www.eldiario.net\/portal\/2024\/01\/27\/100-colegiados-parten-a-chile-para-profesionalizar-el-arbitraje\/\" \/>\n<meta property=\"og:site_name\" content=\"El Diario - Bolivia\" \/>\n<meta property=\"article:publisher\" content=\"https:\/\/www.facebook.com\/eldiario.bolivia\/\" \/>\n<meta property=\"article:published_time\" content=\"2024-01-27T11:35:52+00:00\" \/>\n<meta property=\"og:image\" content=\"https:\/\/www.eldiario.net\/portal\/wp-content\/uploads\/2024\/01\/ARBITROS-scaled.jpg\" \/>\n\t<meta property=\"og:image:width\" content=\"2560\" \/>\n\t<meta property=\"og:image:height\" content=\"1597\" \/>\n\t<meta property=\"og:image:type\" content=\"image\/jpeg\" \/>\n<meta name=\"author\" content=\"Jeanette\" \/>\n<meta name=\"twitter:card\" content=\"summary_large_image\" \/>\n<meta name=\"twitter:creator\" content=\"@eldiario_net\" \/>\n<meta name=\"twitter:site\" content=\"@eldiario_net\" \/>\n<meta name=\"twitter:label1\" content=\"Escrito por\" \/>\n\t<meta name=\"twitter:data1\" content=\"Jeanette\" \/>\n\t<meta name=\"twitter:label2\" content=\"Tiempo de lectura\" \/>\n\t<meta name=\"twitter:data2\" content=\"2 minutos\" \/>\n<script type=\"application\/ld+json\" class=\"yoast-schema-graph\">{\"@context\":\"https:\\\/\\\/schema.org\",\"@graph\":[{\"@type\":\"Article\",\"@id\":\"https:\\\/\\\/www.eldiario.net\\\/portal\\\/2024\\\/01\\\/27\\\/100-colegiados-parten-a-chile-para-profesionalizar-el-arbitraje\\\/#article\",\"isPartOf\":{\"@id\":\"https:\\\/\\\/www.eldiario.net\\\/portal\\\/2024\\\/01\\\/27\\\/100-colegiados-parten-a-chile-para-profesionalizar-el-arbitraje\\\/\"},\"author\":{\"name\":\"Jeanette\",\"@id\":\"https:\\\/\\\/www.eldiario.net\\\/portal\\\/#\\\/schema\\\/person\\\/f46445640444750d7d753ccd04ae01b7\"},\"headline\":\"100 colegiados parten a Chile para profesionalizar el arbitraje\",\"datePublished\":\"2024-01-27T11:35:52+00:00\",\"mainEntityOfPage\":{\"@id\":\"https:\\\/\\\/www.eldiario.net\\\/portal\\\/2024\\\/01\\\/27\\\/100-colegiados-parten-a-chile-para-profesionalizar-el-arbitraje\\\/\"},\"wordCount\":406,\"commentCount\":0,\"publisher\":{\"@id\":\"https:\\\/\\\/www.eldiario.net\\\/portal\\\/#organization\"},\"image\":{\"@id\":\"https:\\\/\\\/www.eldiario.net\\\/portal\\\/2024\\\/01\\\/27\\\/100-colegiados-parten-a-chile-para-profesionalizar-el-arbitraje\\\/#primaryimage\"},\"thumbnailUrl\":\"https:\\\/\\\/www.eldiario.net\\\/portal\\\/wp-content\\\/uploads\\\/2024\\\/01\\\/ARBITROS-scaled.jpg\",\"articleSection\":[\"Deportes\"],\"inLanguage\":\"es\",\"potentialAction\":[{\"@type\":\"CommentAction\",\"name\":\"Comment\",\"target\":[\"https:\\\/\\\/www.eldiario.net\\\/portal\\\/2024\\\/01\\\/27\\\/100-colegiados-parten-a-chile-para-profesionalizar-el-arbitraje\\\/#respond\"]}]},{\"@type\":\"WebPage\",\"@id\":\"https:\\\/\\\/www.eldiario.net\\\/portal\\\/2024\\\/01\\\/27\\\/100-colegiados-parten-a-chile-para-profesionalizar-el-arbitraje\\\/\",\"url\":\"https:\\\/\\\/www.eldiario.net\\\/portal\\\/2024\\\/01\\\/27\\\/100-colegiados-parten-a-chile-para-profesionalizar-el-arbitraje\\\/\",\"name\":\"100 colegiados parten a Chile para profesionalizar el arbitraje - El Diario - Bolivia\",\"isPartOf\":{\"@id\":\"https:\\\/\\\/www.eldiario.net\\\/portal\\\/#website\"},\"primaryImageOfPage\":{\"@id\":\"https:\\\/\\\/www.eldiario.net\\\/portal\\\/2024\\\/01\\\/27\\\/100-colegiados-parten-a-chile-para-profesionalizar-el-arbitraje\\\/#primaryimage\"},\"image\":{\"@id\":\"https:\\\/\\\/www.eldiario.net\\\/portal\\\/2024\\\/01\\\/27\\\/100-colegiados-parten-a-chile-para-profesionalizar-el-arbitraje\\\/#primaryimage\"},\"thumbnailUrl\":\"https:\\\/\\\/www.eldiario.net\\\/portal\\\/wp-content\\\/uploads\\\/2024\\\/01\\\/ARBITROS-scaled.jpg\",\"datePublished\":\"2024-01-27T11:35:52+00:00\",\"breadcrumb\":{\"@id\":\"https:\\\/\\\/www.eldiario.net\\\/portal\\\/2024\\\/01\\\/27\\\/100-colegiados-parten-a-chile-para-profesionalizar-el-arbitraje\\\/#breadcrumb\"},\"inLanguage\":\"es\",\"potentialAction\":[{\"@type\":\"ReadAction\",\"target\":[\"https:\\\/\\\/www.eldiario.net\\\/portal\\\/2024\\\/01\\\/27\\\/100-colegiados-parten-a-chile-para-profesionalizar-el-arbitraje\\\/\"]}]},{\"@type\":\"ImageObject\",\"inLanguage\":\"es\",\"@id\":\"https:\\\/\\\/www.eldiario.net\\\/portal\\\/2024\\\/01\\\/27\\\/100-colegiados-parten-a-chile-para-profesionalizar-el-arbitraje\\\/#primaryimage\",\"url\":\"https:\\\/\\\/www.eldiario.net\\\/portal\\\/wp-content\\\/uploads\\\/2024\\\/01\\\/ARBITROS-scaled.jpg\",\"contentUrl\":\"https:\\\/\\\/www.eldiario.net\\\/portal\\\/wp-content\\\/uploads\\\/2024\\\/01\\\/ARBITROS-scaled.jpg\",\"width\":2560,\"height\":1597},{\"@type\":\"BreadcrumbList\",\"@id\":\"https:\\\/\\\/www.eldiario.net\\\/portal\\\/2024\\\/01\\\/27\\\/100-colegiados-parten-a-chile-para-profesionalizar-el-arbitraje\\\/#breadcrumb\",\"itemListElement\":[{\"@type\":\"ListItem\",\"position\":1,\"name\":\"Portada\",\"item\":\"https:\\\/\\\/www.eldiario.net\\\/portal\\\/\"},{\"@type\":\"ListItem\",\"position\":2,\"name\":\"100 colegiados parten a Chile para profesionalizar el arbitraje\"}]},{\"@type\":\"WebSite\",\"@id\":\"https:\\\/\\\/www.eldiario.net\\\/portal\\\/#website\",\"url\":\"https:\\\/\\\/www.eldiario.net\\\/portal\\\/\",\"name\":\"El Diario - Decano de la prensa nacional\",\"description\":\"El Diario - Decano de la prensa nacional\",\"publisher\":{\"@id\":\"https:\\\/\\\/www.eldiario.net\\\/portal\\\/#organization\"},\"potentialAction\":[{\"@type\":\"SearchAction\",\"target\":{\"@type\":\"EntryPoint\",\"urlTemplate\":\"https:\\\/\\\/www.eldiario.net\\\/portal\\\/?s={search_term_string}\"},\"query-input\":{\"@type\":\"PropertyValueSpecification\",\"valueRequired\":true,\"valueName\":\"search_term_string\"}}],\"inLanguage\":\"es\"},{\"@type\":\"Organization\",\"@id\":\"https:\\\/\\\/www.eldiario.net\\\/portal\\\/#organization\",\"name\":\"El Diario - Decano de la prensa nacional\",\"url\":\"https:\\\/\\\/www.eldiario.net\\\/portal\\\/\",\"logo\":{\"@type\":\"ImageObject\",\"inLanguage\":\"es\",\"@id\":\"https:\\\/\\\/www.eldiario.net\\\/portal\\\/#\\\/schema\\\/logo\\\/image\\\/\",\"url\":\"https:\\\/\\\/www.eldiario.net\\\/portal\\\/wp-content\\\/uploads\\\/2023\\\/07\\\/logo_ED.jpg\",\"contentUrl\":\"https:\\\/\\\/www.eldiario.net\\\/portal\\\/wp-content\\\/uploads\\\/2023\\\/07\\\/logo_ED.jpg\",\"width\":272,\"height\":52,\"caption\":\"El Diario - Decano de la prensa nacional\"},\"image\":{\"@id\":\"https:\\\/\\\/www.eldiario.net\\\/portal\\\/#\\\/schema\\\/logo\\\/image\\\/\"},\"sameAs\":[\"https:\\\/\\\/www.facebook.com\\\/eldiario.bolivia\\\/\",\"https:\\\/\\\/x.com\\\/eldiario_net\"]},{\"@type\":\"Person\",\"@id\":\"https:\\\/\\\/www.eldiario.net\\\/portal\\\/#\\\/schema\\\/person\\\/f46445640444750d7d753ccd04ae01b7\",\"name\":\"Jeanette\",\"image\":{\"@type\":\"ImageObject\",\"inLanguage\":\"es\",\"@id\":\"https:\\\/\\\/secure.gravatar.com\\\/avatar\\\/3ea2118a5f7dad2b7138b1187a6b7ee55f160b9968b66013c3a3ef39dd7e5798?s=96&d=mm&r=g\",\"url\":\"https:\\\/\\\/secure.gravatar.com\\\/avatar\\\/3ea2118a5f7dad2b7138b1187a6b7ee55f160b9968b66013c3a3ef39dd7e5798?s=96&d=mm&r=g\",\"contentUrl\":\"https:\\\/\\\/secure.gravatar.com\\\/avatar\\\/3ea2118a5f7dad2b7138b1187a6b7ee55f160b9968b66013c3a3ef39dd7e5798?s=96&d=mm&r=g\",\"caption\":\"Jeanette\"},\"sameAs\":[\"https:\\\/\\\/www.eldiario.net\\\/portal\"],\"url\":\"https:\\\/\\\/www.eldiario.net\\\/portal\\\/author\\\/jeanette\\\/\"}]}<\/script>\n<!-- \/ Yoast SEO plugin. -->","yoast_head_json":{"title":"100 colegiados parten a Chile para profesionalizar el arbitraje - El Diario - Bolivia","robots":{"index":"index","follow":"follow","max-snippet":"max-snippet:-1","max-image-preview":"max-image-preview:large","max-video-preview":"max-video-preview:-1"},"canonical":"https:\/\/www.eldiario.net\/portal\/2024\/01\/27\/100-colegiados-parten-a-chile-para-profesionalizar-el-arbitraje\/","og_locale":"es_ES","og_type":"article","og_title":"100 colegiados parten a Chile para profesionalizar el arbitraje - El Diario - Bolivia","og_description":"Dentro del programa \u00c1rbitros PRO de la FBF, 50 colegiados, 26 centrales y 24 asistentes, fueron becados para recibir una capacitaci\u00f3n integral en Santiago, Chile, durante diez semanas, con el compromiso de que a su regreso al pa\u00eds se dediquen de manera exclusiva al arbitraje, como parte del proceso de profesionalizaci\u00f3n. \u201cEsta es la oportunidad [&hellip;]","og_url":"https:\/\/www.eldiario.net\/portal\/2024\/01\/27\/100-colegiados-parten-a-chile-para-profesionalizar-el-arbitraje\/","og_site_name":"El Diario - Bolivia","article_publisher":"https:\/\/www.facebook.com\/eldiario.bolivia\/","article_published_time":"2024-01-27T11:35:52+00:00","og_image":[{"width":2560,"height":1597,"url":"https:\/\/www.eldiario.net\/portal\/wp-content\/uploads\/2024\/01\/ARBITROS-scaled.jpg","type":"image\/jpeg"}],"author":"Jeanette","twitter_card":"summary_large_image","twitter_creator":"@eldiario_net","twitter_site":"@eldiario_net","twitter_misc":{"Escrito por":"Jeanette","Tiempo de lectura":"2 minutos"},"schema":{"@context":"https:\/\/schema.org","@graph":[{"@type":"Article","@id":"https:\/\/www.eldiario.net\/portal\/2024\/01\/27\/100-colegiados-parten-a-chile-para-profesionalizar-el-arbitraje\/#article","isPartOf":{"@id":"https:\/\/www.eldiario.net\/portal\/2024\/01\/27\/100-colegiados-parten-a-chile-para-profesionalizar-el-arbitraje\/"},"author":{"name":"Jeanette","@id":"https:\/\/www.eldiario.net\/portal\/#\/schema\/person\/f46445640444750d7d753ccd04ae01b7"},"headline":"100 colegiados parten a Chile para profesionalizar el arbitraje","datePublished":"2024-01-27T11:35:52+00:00","mainEntityOfPage":{"@id":"https:\/\/www.eldiario.net\/portal\/2024\/01\/27\/100-colegiados-parten-a-chile-para-profesionalizar-el-arbitraje\/"},"wordCount":406,"commentCount":0,"publisher":{"@id":"https:\/\/www.eldiario.net\/portal\/#organization"},"image":{"@id":"https:\/\/www.eldiario.net\/portal\/2024\/01\/27\/100-colegiados-parten-a-chile-para-profesionalizar-el-arbitraje\/#primaryimage"},"thumbnailUrl":"https:\/\/www.eldiario.net\/portal\/wp-content\/uploads\/2024\/01\/ARBITROS-scaled.jpg","articleSection":["Deportes"],"inLanguage":"es","potentialAction":[{"@type":"CommentAction","name":"Comment","target":["https:\/\/www.eldiario.net\/portal\/2024\/01\/27\/100-colegiados-parten-a-chile-para-profesionalizar-el-arbitraje\/#respond"]}]},{"@type":"WebPage","@id":"https:\/\/www.eldiario.net\/portal\/2024\/01\/27\/100-colegiados-parten-a-chile-para-profesionalizar-el-arbitraje\/","url":"https:\/\/www.eldiario.net\/portal\/2024\/01\/27\/100-colegiados-parten-a-chile-para-profesionalizar-el-arbitraje\/","name":"100 colegiados parten a Chile para profesionalizar el arbitraje - El Diario - Bolivia","isPartOf":{"@id":"https:\/\/www.eldiario.net\/portal\/#website"},"primaryImageOfPage":{"@id":"https:\/\/www.eldiario.net\/portal\/2024\/01\/27\/100-colegiados-parten-a-chile-para-profesionalizar-el-arbitraje\/#primaryimage"},"image":{"@id":"https:\/\/www.eldiario.net\/portal\/2024\/01\/27\/100-colegiados-parten-a-chile-para-profesionalizar-el-arbitraje\/#primaryimage"},"thumbnailUrl":"https:\/\/www.eldiario.net\/portal\/wp-content\/uploads\/2024\/01\/ARBITROS-scaled.jpg","datePublished":"2024-01-27T11:35:52+00:00","breadcrumb":{"@id":"https:\/\/www.eldiario.net\/portal\/2024\/01\/27\/100-colegiados-parten-a-chile-para-profesionalizar-el-arbitraje\/#breadcrumb"},"inLanguage":"es","potentialAction":[{"@type":"ReadAction","target":["https:\/\/www.eldiario.net\/portal\/2024\/01\/27\/100-colegiados-parten-a-chile-para-profesionalizar-el-arbitraje\/"]}]},{"@type":"ImageObject","inLanguage":"es","@id":"https:\/\/www.eldiario.net\/portal\/2024\/01\/27\/100-colegiados-parten-a-chile-para-profesionalizar-el-arbitraje\/#primaryimage","url":"https:\/\/www.eldiario.net\/portal\/wp-content\/uploads\/2024\/01\/ARBITROS-scaled.jpg","contentUrl":"https:\/\/www.eldiario.net\/portal\/wp-content\/uploads\/2024\/01\/ARBITROS-scaled.jpg","width":2560,"height":1597},{"@type":"BreadcrumbList","@id":"https:\/\/www.eldiario.net\/portal\/2024\/01\/27\/100-colegiados-parten-a-chile-para-profesionalizar-el-arbitraje\/#breadcrumb","itemListElement":[{"@type":"ListItem","position":1,"name":"Portada","item":"https:\/\/www.eldiario.net\/portal\/"},{"@type":"ListItem","position":2,"name":"100 colegiados parten a Chile para profesionalizar el arbitraje"}]},{"@type":"WebSite","@id":"https:\/\/www.eldiario.net\/portal\/#website","url":"https:\/\/www.eldiario.net\/portal\/","name":"El Diario - Decano de la prensa nacional","description":"El Diario - Decano de la prensa nacional","publisher":{"@id":"https:\/\/www.eldiario.net\/portal\/#organization"},"potentialAction":[{"@type":"SearchAction","target":{"@type":"EntryPoint","urlTemplate":"https:\/\/www.eldiario.net\/portal\/?s={search_term_string}"},"query-input":{"@type":"PropertyValueSpecification","valueRequired":true,"valueName":"search_term_string"}}],"inLanguage":"es"},{"@type":"Organization","@id":"https:\/\/www.eldiario.net\/portal\/#organization","name":"El Diario - Decano de la prensa nacional","url":"https:\/\/www.eldiario.net\/portal\/","logo":{"@type":"ImageObject","inLanguage":"es","@id":"https:\/\/www.eldiario.net\/portal\/#\/schema\/logo\/image\/","url":"https:\/\/www.eldiario.net\/portal\/wp-content\/uploads\/2023\/07\/logo_ED.jpg","contentUrl":"https:\/\/www.eldiario.net\/portal\/wp-content\/uploads\/2023\/07\/logo_ED.jpg","width":272,"height":52,"caption":"El Diario - Decano de la prensa nacional"},"image":{"@id":"https:\/\/www.eldiario.net\/portal\/#\/schema\/logo\/image\/"},"sameAs":["https:\/\/www.facebook.com\/eldiario.bolivia\/","https:\/\/x.com\/eldiario_net"]},{"@type":"Person","@id":"https:\/\/www.eldiario.net\/portal\/#\/schema\/person\/f46445640444750d7d753ccd04ae01b7","name":"Jeanette","image":{"@type":"ImageObject","inLanguage":"es","@id":"https:\/\/secure.gravatar.com\/avatar\/3ea2118a5f7dad2b7138b1187a6b7ee55f160b9968b66013c3a3ef39dd7e5798?s=96&d=mm&r=g","url":"https:\/\/secure.gravatar.com\/avatar\/3ea2118a5f7dad2b7138b1187a6b7ee55f160b9968b66013c3a3ef39dd7e5798?s=96&d=mm&r=g","contentUrl":"https:\/\/secure.gravatar.com\/avatar\/3ea2118a5f7dad2b7138b1187a6b7ee55f160b9968b66013c3a3ef39dd7e5798?s=96&d=mm&r=g","caption":"Jeanette"},"sameAs":["https:\/\/www.eldiario.net\/portal"],"url":"https:\/\/www.eldiario.net\/portal\/author\/jeanette\/"}]}},"_links":{"self":[{"href":"https:\/\/www.eldiario.net\/portal\/wp-json\/wp\/v2\/posts\/199839","targetHints":{"allow":["GET"]}}],"collection":[{"href":"https:\/\/www.eldiario.net\/portal\/wp-json\/wp\/v2\/posts"}],"about":[{"href":"https:\/\/www.eldiario.net\/portal\/wp-json\/wp\/v2\/types\/post"}],"author":[{"embeddable":true,"href":"https:\/\/www.eldiario.net\/portal\/wp-json\/wp\/v2\/users\/1"}],"replies":[{"embeddable":true,"href":"https:\/\/www.eldiario.net\/portal\/wp-json\/wp\/v2\/comments?post=199839"}],"version-history":[{"count":1,"href":"https:\/\/www.eldiario.net\/portal\/wp-json\/wp\/v2\/posts\/199839\/revisions"}],"predecessor-version":[{"id":199841,"href":"https:\/\/www.eldiario.net\/portal\/wp-json\/wp\/v2\/posts\/199839\/revisions\/199841"}],"wp:featuredmedia":[{"embeddable":true,"href":"https:\/\/www.eldiario.net\/portal\/wp-json\/wp\/v2\/media\/199840"}],"wp:attachment":[{"href":"https:\/\/www.eldiario.net\/portal\/wp-json\/wp\/v2\/media?parent=199839"}],"wp:term":[{"taxonomy":"category","embeddable":true,"href":"https:\/\/www.eldiario.net\/portal\/wp-json\/wp\/v2\/categories?post=199839"},{"taxonomy":"post_tag","embeddable":true,"href":"https:\/\/www.eldiario.net\/portal\/wp-json\/wp\/v2\/tags?post=199839"}],"curies":[{"name":"wp","href":"https:\/\/api.w.org\/{rel}","templated":true}]}}