{"id":199072,"date":"2024-01-23T05:56:40","date_gmt":"2024-01-23T09:56:40","guid":{"rendered":"https:\/\/www.eldiario.net\/portal\/?p=199072"},"modified":"2024-01-23T05:56:40","modified_gmt":"2024-01-23T09:56:40","slug":"auditorias-a-las-autoridades-y-ex-autoridades-del-organo-judicial","status":"publish","type":"post","link":"https:\/\/www.eldiario.net\/portal\/2024\/01\/23\/auditorias-a-las-autoridades-y-ex-autoridades-del-organo-judicial\/","title":{"rendered":"Auditor\u00edas a las autoridades y  ex autoridades del \u00d3rgano Judicial"},"content":{"rendered":"<p>La Constituci\u00f3n Pol\u00edtica del Estado define en el Art.15.II que \u201cTodas las personas, en particular las mujeres, tienen derecho a no sufrir violencia f\u00edsica, sexual, o psicol\u00f3gica tanto en la familia como en la sociedad\u201d, el gobierno hace caso omiso y las mujeres siguen sufriendo por VIOLENCIA, incluso pierden la vida en manos de machistas que salen de la c\u00e1rcel para seguir matando.<\/p>\n<p>Como una forma de exigir que se cumpla la Norma Suprema, fundamos <em>\u201cEl observatorio para la exigibilidad de los Derechos de las mujeres\u201d<\/em> en 2009, con m\u00e1s de 60 mujeres de organizaciones de la sociedad civil y activistas, para exigir la aplicaci\u00f3n de los 26 art\u00edculos establecidos en la Constituci\u00f3n Pol\u00edtica del Estado y transversalizados en todo el texto constitucional.<\/p>\n<p>El Observatorio tom\u00f3 conocimiento de que la concejala Juana Quispe era acosada con extrema violencia por el alcalde de Ancoraimes, entonces F\u00e9lix Huanca, de filiaci\u00f3n masista. En el a\u00f1o 2012, cuando Juana cumpl\u00eda su trabajo de fiscalizaci\u00f3n, Huanca no dejaba que se fiscalice su gesti\u00f3n edil, ya que a ella no le permit\u00edan ingresar a las reuniones de los concejales. Los afines al Alcalde la insultaban, con palos la acosaban y presionaron hasta lograr la renuncia de Juana Quispe. Ante esta vulneraci\u00f3n a su derecho al trabajo, ella impuls\u00f3 un Amparo Constitucional, que gan\u00f3 para que le permitan trabajar, sin embargo, los concejales incumplieron esa sentencia. Por ello Juana los demand\u00f3 penalmente, por \u201cdesobediencia a \u00f3rdenes del amparo\u201d, lo que provoc\u00f3 amenazas de muerte por parte del Alcalde y el Presidente del Concejo.<\/p>\n<p>El 12 de marzo de 2012, dos d\u00edas antes de la audiencia conclusiva por la demanda penal, Juana acept\u00f3 la invitaci\u00f3n para asistir a una movilizaci\u00f3n en La Paz, a la que tambi\u00e9n asistieron F\u00e9lix Huanca y los concejales, con los que almorz\u00f3. No se supo m\u00e1s de ella hasta el d\u00eda siguiente, cuando su cuerpo fue hallado cerca del r\u00edo Orkojahuira, con se\u00f1ales de estrangulamiento.<\/p>\n<p>Despu\u00e9s de la muerte de Juana Quispe, el \u201cObservatorio Para la Exigibilidad de los Derechos de las Mujeres\u201d realiz\u00f3 contactos con la familia de Juana y con la abogada Valquiria Lira, a quien se le reconoce por su labor desinteresada, ya que no pidi\u00f3 pago por sus servicios a la familia. Incluso se realiz\u00f3 el \u201cTribunal de la Mujer contra la Impunidad\u201d, con participaci\u00f3n de expertas en el tema de violencia contra la Mujer y afiliadas al Observatorio, en el que se analiz\u00f3 todas las acciones del cuaderno de investigaciones y como conclusi\u00f3n se determin\u00f3 que no fueron tomadas en cuenta las pruebas presentadas por la familia.<\/p>\n<p>En la audiencia conclusiva, en el Tribunal Cuarto de Sentencia en La Paz se determin\u00f3 aplicar, por asesinato, la pena m\u00e1xima de 30 a\u00f1os de c\u00e1rcel para F\u00e9lix Huanca, ex Alcalde de Ancoraimes, y a Pastor Cutili, ex concejal, a ser recluidos en el Penal de San Pedro. A la exconcejala Basilia Ramos le dieron 15 a\u00f1os en el Centro de Orientaci\u00f3n Femenina de Obrajes, a Exalta Arismendi 2 a\u00f1os de reclusi\u00f3n por encubrimiento, por lo que se prev\u00e9 que se le imponga \u201cel perd\u00f3n judicial\u201d.<\/p>\n<p>El caso de Juana Quispe impuls\u00f3 la promulgaci\u00f3n de la Ley 243 \u201cContra el acoso y la violencia pol\u00edtica hacia las mujeres\u201d, pero tuvieron que pasar 11 a\u00f1os para que el masista F\u00e9lix Huanca reciba su castigo, ante pruebas contundentes que ya no se las pod\u00eda desvirtuar.<\/p>\n<p>Ahora que los \u201cmasistrados\u201d prorrogados est\u00e1n cometiendo delito por usurpaci\u00f3n de funciones, porque no cuentan con una ley que les permita seguir en funciones, es urgente realizar auditor\u00edas a magistrados, jueces y fiscales departamentales, porque esa es la ruta de corrupci\u00f3n para extorsionar a las y los litigantes que acuden al sistema judicial para lograr JUSTICIA. Esa es la cadena interminable de cobros de dinero a familias de las v\u00edctimas que, por falta de recursos o cansancio por las constantes postergaciones de audiencias, tienen que soportar que los tribunales hagan durar los procesos por a\u00f1os, como ocurri\u00f3 con el caso de la concejala Juana Quispe.<\/p>\n<p>&nbsp;<\/p>\n<p><em>La autora es Abogada, Economista, ex Asamble\u00edsta Constituyente.<\/em><\/p>\n","protected":false},"excerpt":{"rendered":"<p>La Constituci\u00f3n Pol\u00edtica del Estado define en el Art.15.II que \u201cTodas las personas, en particular las mujeres, tienen derecho a no sufrir violencia f\u00edsica, sexual, o psicol\u00f3gica tanto en la familia como en la sociedad\u201d, el gobierno hace caso omiso y las mujeres siguen sufriendo por VIOLENCIA, incluso pierden la vida en manos de machistas [&hellip;]<\/p>\n","protected":false},"author":1,"featured_media":159531,"comment_status":"open","ping_status":"open","sticky":false,"template":"","format":"standard","meta":{"_acf_changed":false,"footnotes":""},"categories":[9],"tags":[],"class_list":["post-199072","post","type-post","status-publish","format-standard","has-post-thumbnail","category-opinion"],"acf":{"antetitulo":""},"yoast_head":"<!-- This site is optimized with the Yoast SEO plugin v28.4 - https:\/\/yoast.com\/product\/yoast-seo-wordpress\/ -->\n<title>Auditor\u00edas a las autoridades y ex autoridades del \u00d3rgano Judicial - El Diario - Bolivia<\/title>\n<meta name=\"robots\" content=\"index, follow, max-snippet:-1, max-image-preview:large, max-video-preview:-1\" \/>\n<link rel=\"canonical\" href=\"https:\/\/www.eldiario.net\/portal\/2024\/01\/23\/auditorias-a-las-autoridades-y-ex-autoridades-del-organo-judicial\/\" \/>\n<meta property=\"og:locale\" content=\"es_ES\" \/>\n<meta property=\"og:type\" content=\"article\" \/>\n<meta property=\"og:title\" content=\"Auditor\u00edas a las autoridades y ex autoridades del \u00d3rgano Judicial - El Diario - Bolivia\" \/>\n<meta property=\"og:description\" content=\"La Constituci\u00f3n Pol\u00edtica del Estado define en el Art.15.II que \u201cTodas las personas, en particular las mujeres, tienen derecho a no sufrir violencia f\u00edsica, sexual, o psicol\u00f3gica tanto en la familia como en la sociedad\u201d, el gobierno hace caso omiso y las mujeres siguen sufriendo por VIOLENCIA, incluso pierden la vida en manos de machistas [&hellip;]\" \/>\n<meta property=\"og:url\" content=\"https:\/\/www.eldiario.net\/portal\/2024\/01\/23\/auditorias-a-las-autoridades-y-ex-autoridades-del-organo-judicial\/\" \/>\n<meta property=\"og:site_name\" content=\"El Diario - Bolivia\" \/>\n<meta property=\"article:publisher\" content=\"https:\/\/www.facebook.com\/eldiario.bolivia\/\" \/>\n<meta property=\"article:published_time\" content=\"2024-01-23T09:56:40+00:00\" \/>\n<meta property=\"og:image\" content=\"https:\/\/www.eldiario.net\/portal\/wp-content\/uploads\/2023\/06\/angelica_siles-2.jpg\" \/>\n\t<meta property=\"og:image:width\" content=\"1200\" \/>\n\t<meta property=\"og:image:height\" content=\"628\" \/>\n\t<meta property=\"og:image:type\" content=\"image\/jpeg\" \/>\n<meta name=\"author\" content=\"Jeanette\" \/>\n<meta name=\"twitter:card\" content=\"summary_large_image\" \/>\n<meta name=\"twitter:creator\" content=\"@eldiario_net\" \/>\n<meta name=\"twitter:site\" content=\"@eldiario_net\" \/>\n<meta name=\"twitter:label1\" content=\"Escrito por\" \/>\n\t<meta name=\"twitter:data1\" content=\"Jeanette\" \/>\n\t<meta name=\"twitter:label2\" content=\"Tiempo de lectura\" \/>\n\t<meta name=\"twitter:data2\" content=\"4 minutos\" \/>\n<script type=\"application\/ld+json\" class=\"yoast-schema-graph\">{\"@context\":\"https:\\\/\\\/schema.org\",\"@graph\":[{\"@type\":\"Article\",\"@id\":\"https:\\\/\\\/www.eldiario.net\\\/portal\\\/2024\\\/01\\\/23\\\/auditorias-a-las-autoridades-y-ex-autoridades-del-organo-judicial\\\/#article\",\"isPartOf\":{\"@id\":\"https:\\\/\\\/www.eldiario.net\\\/portal\\\/2024\\\/01\\\/23\\\/auditorias-a-las-autoridades-y-ex-autoridades-del-organo-judicial\\\/\"},\"author\":{\"name\":\"Jeanette\",\"@id\":\"https:\\\/\\\/www.eldiario.net\\\/portal\\\/#\\\/schema\\\/person\\\/2c57cf2b7a7ae032e449e4c9b1019eac\"},\"headline\":\"Auditor\u00edas a las autoridades y ex autoridades del \u00d3rgano Judicial\",\"datePublished\":\"2024-01-23T09:56:40+00:00\",\"mainEntityOfPage\":{\"@id\":\"https:\\\/\\\/www.eldiario.net\\\/portal\\\/2024\\\/01\\\/23\\\/auditorias-a-las-autoridades-y-ex-autoridades-del-organo-judicial\\\/\"},\"wordCount\":728,\"commentCount\":0,\"publisher\":{\"@id\":\"https:\\\/\\\/www.eldiario.net\\\/portal\\\/#organization\"},\"image\":{\"@id\":\"https:\\\/\\\/www.eldiario.net\\\/portal\\\/2024\\\/01\\\/23\\\/auditorias-a-las-autoridades-y-ex-autoridades-del-organo-judicial\\\/#primaryimage\"},\"thumbnailUrl\":\"https:\\\/\\\/www.eldiario.net\\\/portal\\\/wp-content\\\/uploads\\\/2023\\\/06\\\/angelica_siles-2.jpg\",\"articleSection\":[\"Opini\u00f3n\"],\"inLanguage\":\"es\",\"potentialAction\":[{\"@type\":\"CommentAction\",\"name\":\"Comment\",\"target\":[\"https:\\\/\\\/www.eldiario.net\\\/portal\\\/2024\\\/01\\\/23\\\/auditorias-a-las-autoridades-y-ex-autoridades-del-organo-judicial\\\/#respond\"]}]},{\"@type\":\"WebPage\",\"@id\":\"https:\\\/\\\/www.eldiario.net\\\/portal\\\/2024\\\/01\\\/23\\\/auditorias-a-las-autoridades-y-ex-autoridades-del-organo-judicial\\\/\",\"url\":\"https:\\\/\\\/www.eldiario.net\\\/portal\\\/2024\\\/01\\\/23\\\/auditorias-a-las-autoridades-y-ex-autoridades-del-organo-judicial\\\/\",\"name\":\"Auditor\u00edas a las autoridades y ex autoridades del \u00d3rgano Judicial - El Diario - Bolivia\",\"isPartOf\":{\"@id\":\"https:\\\/\\\/www.eldiario.net\\\/portal\\\/#website\"},\"primaryImageOfPage\":{\"@id\":\"https:\\\/\\\/www.eldiario.net\\\/portal\\\/2024\\\/01\\\/23\\\/auditorias-a-las-autoridades-y-ex-autoridades-del-organo-judicial\\\/#primaryimage\"},\"image\":{\"@id\":\"https:\\\/\\\/www.eldiario.net\\\/portal\\\/2024\\\/01\\\/23\\\/auditorias-a-las-autoridades-y-ex-autoridades-del-organo-judicial\\\/#primaryimage\"},\"thumbnailUrl\":\"https:\\\/\\\/www.eldiario.net\\\/portal\\\/wp-content\\\/uploads\\\/2023\\\/06\\\/angelica_siles-2.jpg\",\"datePublished\":\"2024-01-23T09:56:40+00:00\",\"breadcrumb\":{\"@id\":\"https:\\\/\\\/www.eldiario.net\\\/portal\\\/2024\\\/01\\\/23\\\/auditorias-a-las-autoridades-y-ex-autoridades-del-organo-judicial\\\/#breadcrumb\"},\"inLanguage\":\"es\",\"potentialAction\":[{\"@type\":\"ReadAction\",\"target\":[\"https:\\\/\\\/www.eldiario.net\\\/portal\\\/2024\\\/01\\\/23\\\/auditorias-a-las-autoridades-y-ex-autoridades-del-organo-judicial\\\/\"]}]},{\"@type\":\"ImageObject\",\"inLanguage\":\"es\",\"@id\":\"https:\\\/\\\/www.eldiario.net\\\/portal\\\/2024\\\/01\\\/23\\\/auditorias-a-las-autoridades-y-ex-autoridades-del-organo-judicial\\\/#primaryimage\",\"url\":\"https:\\\/\\\/www.eldiario.net\\\/portal\\\/wp-content\\\/uploads\\\/2023\\\/06\\\/angelica_siles-2.jpg\",\"contentUrl\":\"https:\\\/\\\/www.eldiario.net\\\/portal\\\/wp-content\\\/uploads\\\/2023\\\/06\\\/angelica_siles-2.jpg\",\"width\":1200,\"height\":628,\"caption\":\"Ang\u00e9lica Siles Parrado\"},{\"@type\":\"BreadcrumbList\",\"@id\":\"https:\\\/\\\/www.eldiario.net\\\/portal\\\/2024\\\/01\\\/23\\\/auditorias-a-las-autoridades-y-ex-autoridades-del-organo-judicial\\\/#breadcrumb\",\"itemListElement\":[{\"@type\":\"ListItem\",\"position\":1,\"name\":\"Portada\",\"item\":\"https:\\\/\\\/www.eldiario.net\\\/portal\\\/\"},{\"@type\":\"ListItem\",\"position\":2,\"name\":\"Auditor\u00edas a las autoridades y ex autoridades del \u00d3rgano Judicial\"}]},{\"@type\":\"WebSite\",\"@id\":\"https:\\\/\\\/www.eldiario.net\\\/portal\\\/#website\",\"url\":\"https:\\\/\\\/www.eldiario.net\\\/portal\\\/\",\"name\":\"El Diario - Decano de la prensa nacional\",\"description\":\"El Diario - Decano de la prensa nacional\",\"publisher\":{\"@id\":\"https:\\\/\\\/www.eldiario.net\\\/portal\\\/#organization\"},\"potentialAction\":[{\"@type\":\"SearchAction\",\"target\":{\"@type\":\"EntryPoint\",\"urlTemplate\":\"https:\\\/\\\/www.eldiario.net\\\/portal\\\/?s={search_term_string}\"},\"query-input\":{\"@type\":\"PropertyValueSpecification\",\"valueRequired\":true,\"valueName\":\"search_term_string\"}}],\"inLanguage\":\"es\"},{\"@type\":\"Organization\",\"@id\":\"https:\\\/\\\/www.eldiario.net\\\/portal\\\/#organization\",\"name\":\"El Diario - Decano de la prensa nacional\",\"url\":\"https:\\\/\\\/www.eldiario.net\\\/portal\\\/\",\"logo\":{\"@type\":\"ImageObject\",\"inLanguage\":\"es\",\"@id\":\"https:\\\/\\\/www.eldiario.net\\\/portal\\\/#\\\/schema\\\/logo\\\/image\\\/\",\"url\":\"https:\\\/\\\/www.eldiario.net\\\/portal\\\/wp-content\\\/uploads\\\/2023\\\/07\\\/logo_ED.jpg\",\"contentUrl\":\"https:\\\/\\\/www.eldiario.net\\\/portal\\\/wp-content\\\/uploads\\\/2023\\\/07\\\/logo_ED.jpg\",\"width\":272,\"height\":52,\"caption\":\"El Diario - Decano de la prensa nacional\"},\"image\":{\"@id\":\"https:\\\/\\\/www.eldiario.net\\\/portal\\\/#\\\/schema\\\/logo\\\/image\\\/\"},\"sameAs\":[\"https:\\\/\\\/www.facebook.com\\\/eldiario.bolivia\\\/\",\"https:\\\/\\\/x.com\\\/eldiario_net\"]},{\"@type\":\"Person\",\"@id\":\"https:\\\/\\\/www.eldiario.net\\\/portal\\\/#\\\/schema\\\/person\\\/2c57cf2b7a7ae032e449e4c9b1019eac\",\"name\":\"Jeanette\",\"image\":{\"@type\":\"ImageObject\",\"inLanguage\":\"es\",\"@id\":\"https:\\\/\\\/secure.gravatar.com\\\/avatar\\\/3ea2118a5f7dad2b7138b1187a6b7ee55f160b9968b66013c3a3ef39dd7e5798?s=96&d=mm&r=g\",\"url\":\"https:\\\/\\\/secure.gravatar.com\\\/avatar\\\/3ea2118a5f7dad2b7138b1187a6b7ee55f160b9968b66013c3a3ef39dd7e5798?s=96&d=mm&r=g\",\"contentUrl\":\"https:\\\/\\\/secure.gravatar.com\\\/avatar\\\/3ea2118a5f7dad2b7138b1187a6b7ee55f160b9968b66013c3a3ef39dd7e5798?s=96&d=mm&r=g\",\"caption\":\"Jeanette\"},\"sameAs\":[\"https:\\\/\\\/www.eldiario.net\\\/portal\"],\"url\":\"https:\\\/\\\/www.eldiario.net\\\/portal\\\/author\\\/jeanette\\\/\"}]}<\/script>\n<!-- \/ Yoast SEO plugin. -->","yoast_head_json":{"title":"Auditor\u00edas a las autoridades y ex autoridades del \u00d3rgano Judicial - El Diario - Bolivia","robots":{"index":"index","follow":"follow","max-snippet":"max-snippet:-1","max-image-preview":"max-image-preview:large","max-video-preview":"max-video-preview:-1"},"canonical":"https:\/\/www.eldiario.net\/portal\/2024\/01\/23\/auditorias-a-las-autoridades-y-ex-autoridades-del-organo-judicial\/","og_locale":"es_ES","og_type":"article","og_title":"Auditor\u00edas a las autoridades y ex autoridades del \u00d3rgano Judicial - El Diario - Bolivia","og_description":"La Constituci\u00f3n Pol\u00edtica del Estado define en el Art.15.II que \u201cTodas las personas, en particular las mujeres, tienen derecho a no sufrir violencia f\u00edsica, sexual, o psicol\u00f3gica tanto en la familia como en la sociedad\u201d, el gobierno hace caso omiso y las mujeres siguen sufriendo por VIOLENCIA, incluso pierden la vida en manos de machistas [&hellip;]","og_url":"https:\/\/www.eldiario.net\/portal\/2024\/01\/23\/auditorias-a-las-autoridades-y-ex-autoridades-del-organo-judicial\/","og_site_name":"El Diario - Bolivia","article_publisher":"https:\/\/www.facebook.com\/eldiario.bolivia\/","article_published_time":"2024-01-23T09:56:40+00:00","og_image":[{"width":1200,"height":628,"url":"https:\/\/www.eldiario.net\/portal\/wp-content\/uploads\/2023\/06\/angelica_siles-2.jpg","type":"image\/jpeg"}],"author":"Jeanette","twitter_card":"summary_large_image","twitter_creator":"@eldiario_net","twitter_site":"@eldiario_net","twitter_misc":{"Escrito por":"Jeanette","Tiempo de lectura":"4 minutos"},"schema":{"@context":"https:\/\/schema.org","@graph":[{"@type":"Article","@id":"https:\/\/www.eldiario.net\/portal\/2024\/01\/23\/auditorias-a-las-autoridades-y-ex-autoridades-del-organo-judicial\/#article","isPartOf":{"@id":"https:\/\/www.eldiario.net\/portal\/2024\/01\/23\/auditorias-a-las-autoridades-y-ex-autoridades-del-organo-judicial\/"},"author":{"name":"Jeanette","@id":"https:\/\/www.eldiario.net\/portal\/#\/schema\/person\/2c57cf2b7a7ae032e449e4c9b1019eac"},"headline":"Auditor\u00edas a las autoridades y ex autoridades del \u00d3rgano Judicial","datePublished":"2024-01-23T09:56:40+00:00","mainEntityOfPage":{"@id":"https:\/\/www.eldiario.net\/portal\/2024\/01\/23\/auditorias-a-las-autoridades-y-ex-autoridades-del-organo-judicial\/"},"wordCount":728,"commentCount":0,"publisher":{"@id":"https:\/\/www.eldiario.net\/portal\/#organization"},"image":{"@id":"https:\/\/www.eldiario.net\/portal\/2024\/01\/23\/auditorias-a-las-autoridades-y-ex-autoridades-del-organo-judicial\/#primaryimage"},"thumbnailUrl":"https:\/\/www.eldiario.net\/portal\/wp-content\/uploads\/2023\/06\/angelica_siles-2.jpg","articleSection":["Opini\u00f3n"],"inLanguage":"es","potentialAction":[{"@type":"CommentAction","name":"Comment","target":["https:\/\/www.eldiario.net\/portal\/2024\/01\/23\/auditorias-a-las-autoridades-y-ex-autoridades-del-organo-judicial\/#respond"]}]},{"@type":"WebPage","@id":"https:\/\/www.eldiario.net\/portal\/2024\/01\/23\/auditorias-a-las-autoridades-y-ex-autoridades-del-organo-judicial\/","url":"https:\/\/www.eldiario.net\/portal\/2024\/01\/23\/auditorias-a-las-autoridades-y-ex-autoridades-del-organo-judicial\/","name":"Auditor\u00edas a las autoridades y ex autoridades del \u00d3rgano Judicial - El Diario - Bolivia","isPartOf":{"@id":"https:\/\/www.eldiario.net\/portal\/#website"},"primaryImageOfPage":{"@id":"https:\/\/www.eldiario.net\/portal\/2024\/01\/23\/auditorias-a-las-autoridades-y-ex-autoridades-del-organo-judicial\/#primaryimage"},"image":{"@id":"https:\/\/www.eldiario.net\/portal\/2024\/01\/23\/auditorias-a-las-autoridades-y-ex-autoridades-del-organo-judicial\/#primaryimage"},"thumbnailUrl":"https:\/\/www.eldiario.net\/portal\/wp-content\/uploads\/2023\/06\/angelica_siles-2.jpg","datePublished":"2024-01-23T09:56:40+00:00","breadcrumb":{"@id":"https:\/\/www.eldiario.net\/portal\/2024\/01\/23\/auditorias-a-las-autoridades-y-ex-autoridades-del-organo-judicial\/#breadcrumb"},"inLanguage":"es","potentialAction":[{"@type":"ReadAction","target":["https:\/\/www.eldiario.net\/portal\/2024\/01\/23\/auditorias-a-las-autoridades-y-ex-autoridades-del-organo-judicial\/"]}]},{"@type":"ImageObject","inLanguage":"es","@id":"https:\/\/www.eldiario.net\/portal\/2024\/01\/23\/auditorias-a-las-autoridades-y-ex-autoridades-del-organo-judicial\/#primaryimage","url":"https:\/\/www.eldiario.net\/portal\/wp-content\/uploads\/2023\/06\/angelica_siles-2.jpg","contentUrl":"https:\/\/www.eldiario.net\/portal\/wp-content\/uploads\/2023\/06\/angelica_siles-2.jpg","width":1200,"height":628,"caption":"Ang\u00e9lica Siles Parrado"},{"@type":"BreadcrumbList","@id":"https:\/\/www.eldiario.net\/portal\/2024\/01\/23\/auditorias-a-las-autoridades-y-ex-autoridades-del-organo-judicial\/#breadcrumb","itemListElement":[{"@type":"ListItem","position":1,"name":"Portada","item":"https:\/\/www.eldiario.net\/portal\/"},{"@type":"ListItem","position":2,"name":"Auditor\u00edas a las autoridades y ex autoridades del \u00d3rgano Judicial"}]},{"@type":"WebSite","@id":"https:\/\/www.eldiario.net\/portal\/#website","url":"https:\/\/www.eldiario.net\/portal\/","name":"El Diario - Decano de la prensa nacional","description":"El Diario - Decano de la prensa nacional","publisher":{"@id":"https:\/\/www.eldiario.net\/portal\/#organization"},"potentialAction":[{"@type":"SearchAction","target":{"@type":"EntryPoint","urlTemplate":"https:\/\/www.eldiario.net\/portal\/?s={search_term_string}"},"query-input":{"@type":"PropertyValueSpecification","valueRequired":true,"valueName":"search_term_string"}}],"inLanguage":"es"},{"@type":"Organization","@id":"https:\/\/www.eldiario.net\/portal\/#organization","name":"El Diario - Decano de la prensa nacional","url":"https:\/\/www.eldiario.net\/portal\/","logo":{"@type":"ImageObject","inLanguage":"es","@id":"https:\/\/www.eldiario.net\/portal\/#\/schema\/logo\/image\/","url":"https:\/\/www.eldiario.net\/portal\/wp-content\/uploads\/2023\/07\/logo_ED.jpg","contentUrl":"https:\/\/www.eldiario.net\/portal\/wp-content\/uploads\/2023\/07\/logo_ED.jpg","width":272,"height":52,"caption":"El Diario - Decano de la prensa nacional"},"image":{"@id":"https:\/\/www.eldiario.net\/portal\/#\/schema\/logo\/image\/"},"sameAs":["https:\/\/www.facebook.com\/eldiario.bolivia\/","https:\/\/x.com\/eldiario_net"]},{"@type":"Person","@id":"https:\/\/www.eldiario.net\/portal\/#\/schema\/person\/2c57cf2b7a7ae032e449e4c9b1019eac","name":"Jeanette","image":{"@type":"ImageObject","inLanguage":"es","@id":"https:\/\/secure.gravatar.com\/avatar\/3ea2118a5f7dad2b7138b1187a6b7ee55f160b9968b66013c3a3ef39dd7e5798?s=96&d=mm&r=g","url":"https:\/\/secure.gravatar.com\/avatar\/3ea2118a5f7dad2b7138b1187a6b7ee55f160b9968b66013c3a3ef39dd7e5798?s=96&d=mm&r=g","contentUrl":"https:\/\/secure.gravatar.com\/avatar\/3ea2118a5f7dad2b7138b1187a6b7ee55f160b9968b66013c3a3ef39dd7e5798?s=96&d=mm&r=g","caption":"Jeanette"},"sameAs":["https:\/\/www.eldiario.net\/portal"],"url":"https:\/\/www.eldiario.net\/portal\/author\/jeanette\/"}]}},"_links":{"self":[{"href":"https:\/\/www.eldiario.net\/portal\/wp-json\/wp\/v2\/posts\/199072","targetHints":{"allow":["GET"]}}],"collection":[{"href":"https:\/\/www.eldiario.net\/portal\/wp-json\/wp\/v2\/posts"}],"about":[{"href":"https:\/\/www.eldiario.net\/portal\/wp-json\/wp\/v2\/types\/post"}],"author":[{"embeddable":true,"href":"https:\/\/www.eldiario.net\/portal\/wp-json\/wp\/v2\/users\/1"}],"replies":[{"embeddable":true,"href":"https:\/\/www.eldiario.net\/portal\/wp-json\/wp\/v2\/comments?post=199072"}],"version-history":[{"count":1,"href":"https:\/\/www.eldiario.net\/portal\/wp-json\/wp\/v2\/posts\/199072\/revisions"}],"predecessor-version":[{"id":199073,"href":"https:\/\/www.eldiario.net\/portal\/wp-json\/wp\/v2\/posts\/199072\/revisions\/199073"}],"wp:featuredmedia":[{"embeddable":true,"href":"https:\/\/www.eldiario.net\/portal\/wp-json\/wp\/v2\/media\/159531"}],"wp:attachment":[{"href":"https:\/\/www.eldiario.net\/portal\/wp-json\/wp\/v2\/media?parent=199072"}],"wp:term":[{"taxonomy":"category","embeddable":true,"href":"https:\/\/www.eldiario.net\/portal\/wp-json\/wp\/v2\/categories?post=199072"},{"taxonomy":"post_tag","embeddable":true,"href":"https:\/\/www.eldiario.net\/portal\/wp-json\/wp\/v2\/tags?post=199072"}],"curies":[{"name":"wp","href":"https:\/\/api.w.org\/{rel}","templated":true}]}}