{"id":199070,"date":"2024-01-23T05:55:59","date_gmt":"2024-01-23T09:55:59","guid":{"rendered":"https:\/\/www.eldiario.net\/portal\/?p=199070"},"modified":"2024-01-23T05:55:59","modified_gmt":"2024-01-23T09:55:59","slug":"azucar-amarga","status":"publish","type":"post","link":"https:\/\/www.eldiario.net\/portal\/2024\/01\/23\/azucar-amarga\/","title":{"rendered":"Az\u00facar amarga"},"content":{"rendered":"<p>Se ha escrito tanto por analistas, ensayistas, columnistas, pol\u00edticos y m\u00e1s\u2026 Se ha desmenuzado desde todas las aristas un hecho innegablemente hist\u00f3rico pero fat\u00eddico para un trozo de las Antillas, y entonces, despu\u00e9s de 65 a\u00f1os, se me hace ocioso reproducir lo que el mundo ya sabe, por lo que prefiero hacer \u00e9nfasis en la pel\u00edcula que retrata genialmente la desgracia a que ha llegado Cuba luego del 1 de enero de 1959.<\/p>\n<p>Preferir\u00eda decir \u201caz\u00facar amargo\u201d, pero el director de cine, Le\u00f3n Ichaso, en 1996, luego de una acibarada experiencia familiar sufrida por causa de la dictadura castrista, guioniza y dirige la pel\u00edcula <em>Az\u00facar amarga<\/em>, que cuenta la historia de un hombre oriundo de la isla, padre de dos hijos, uno m\u00fasico de rock y el otro, partidario de la revoluci\u00f3n, flamante ingeniero y, por tanto, fiel creyente de la ya vigente autocracia que el decurso de los hechos deriv\u00f3 en brutal dictadura como m\u00e9todo normal de gobierno.<\/p>\n<p>Gustavo, de promisorio futuro bajo el amparo del comunismo, est\u00e1 esperando una beca posgradual para Checoslovaquia, aliada cubana, que nunca se la dar\u00e1n. Una noche, sin proponerse, descubre que Yolanda, su novia, est\u00e1 cenando en un hotel para turistas, es decir, uno de esos al que s\u00f3lo los extranjeros pueden acceder. Su acompa\u00f1ante es un italiano. Luego del barullo ocasionado, el infortunado joven es echado del local. La m\u00e1scara de falsedad del r\u00e9gimen que proclamara una liberaci\u00f3n y recuperaci\u00f3n de su soberan\u00eda pol\u00edtica, pero sobre todo econ\u00f3mica, se cae para mostrarse tal y como es: un pa\u00eds sumido en la miseria. El turista italiano deb\u00eda ser tratado con toda consideraci\u00f3n, porque era de los que dejaban d\u00f3lares en la maltrecha econom\u00eda caribe\u00f1a. \u00bfLas consecuencias del atrevimiento del joven fiel militante de la causa revolucionaria? Pues lo que acostumbra hacer esta clase de reg\u00edmenes, tal como se estilaba en la ex Uni\u00f3n Sovi\u00e9tica estalinista: las represalias. Le hicieron oficial lo que nunca tuvieron intenci\u00f3n de cumplir. Adi\u00f3s Praga; hola a su propio suplicio.<\/p>\n<p>Su hermano, el rockero perseguido desde el inicio de la dictadura, opt\u00f3 por formas inveros\u00edmiles de protesta, como inyectarse sangre contaminada de SIDA. \u00bfPero a qui\u00e9n puede importarle un acto semejante en un r\u00e9gimen de brutalidad y desconocimiento de humanismo como la Cuba comunista?<\/p>\n<p>No es una cinta de muchos recursos t\u00e9cnicos, pero le sobran argumentos sociales como para constituirse en fiel reflejo de lo que en principio fue una esperanza para la gran mayor\u00eda de los isle\u00f1os; todos estaban locos por el comandante, tanto que el padre de los dos j\u00f3venes, destacado psiquiatra, no ten\u00eda trabajo y entonces tuvo que encontrar uno como pianista en un restaurante del que tambi\u00e9n fue corrido.<\/p>\n<p>As\u00ed era la Cuba de los a\u00f1os sesenta. As\u00ed es la Cuba actual. Yolanda opt\u00f3 por autoexiliarse a Miami, como lo hicieron y lo hacen miles de personas decepcionadas de la doctrina socialista. Es que, cuando se siente hambre, ninguna ideolog\u00eda llena el est\u00f3mago. Esa es la Cuba de los Castro, los Guevara y los Cienfuegos. La Cuba de la opresi\u00f3n y la depresi\u00f3n sigue vigente porque la experiencia de la ignorancia, de la pobreza, de la dictadura de Fulgencio Batista, no ha cambiado, m\u00e1s bien se ha endurecido. El humanismo que el comunismo promet\u00eda despu\u00e9s de 65 a\u00f1os no ha llegado. Cuando <em>Az\u00facar amarga<\/em> se rod\u00f3, ya se dilu\u00edan los escritores y las defensas de la heroica Revoluci\u00f3n frente al imperialismo. Hab\u00eda pasado el entusiasmo de los extraordinarios ensayos y testimonios sobre la nueva sociedad; y hoy, y desde hace varias d\u00e9cadas, toda la exuberancia de las palabras a favor de la \u201clibertad\u201d y el proyecto ut\u00f3pico de los revolucionarios se vinieron abajo. El arrebato juvenil que logr\u00f3 campa\u00f1as de alfabetizaci\u00f3n, para muy seguidamente proscribir libros y peri\u00f3dicos, y el proyecto que el \u00e9xtasis que irradiaban los encendidos discursos de Fidel, se transformaron en una clandestina desesperaci\u00f3n de ver el mundo que a varias generaciones la tiran\u00eda le ha privado.<\/p>\n<p>Hoy, los ingresos por el tabaco se hicieron humo en los bolsillos de los poderosos y el az\u00facar se volvi\u00f3 amargo porque genera ingresos solo para los l\u00edderes del Comit\u00e9. Y el socialismo tropical con alegr\u00eda se ha transformado en una pesadilla de d\u00e9cadas de sofocaci\u00f3n sin aire acondicionado, de suicidios y de balseros mar adentro, a veces a lo m\u00e1s profundo. Aun as\u00ed, se puede ver grafitis de \u201cpatria o muerte\u201d, tan familiares e infelices en nuestra reciente historia nacional.<\/p>\n<p>&nbsp;<\/p>\n<p><em>Augusto Vera Riveros es jurista y escritor.<\/em><\/p>\n","protected":false},"excerpt":{"rendered":"<p>Se ha escrito tanto por analistas, ensayistas, columnistas, pol\u00edticos y m\u00e1s\u2026 Se ha desmenuzado desde todas las aristas un hecho innegablemente hist\u00f3rico pero fat\u00eddico para un trozo de las Antillas, y entonces, despu\u00e9s de 65 a\u00f1os, se me hace ocioso reproducir lo que el mundo ya sabe, por lo que prefiero hacer \u00e9nfasis en la [&hellip;]<\/p>\n","protected":false},"author":1,"featured_media":158120,"comment_status":"open","ping_status":"open","sticky":false,"template":"","format":"standard","meta":{"_acf_changed":false,"footnotes":""},"categories":[9],"tags":[],"class_list":["post-199070","post","type-post","status-publish","format-standard","has-post-thumbnail","category-opinion"],"acf":{"antetitulo":" Contra viento y marea"},"yoast_head":"<!-- This site is optimized with the Yoast SEO plugin v28.4 - https:\/\/yoast.com\/product\/yoast-seo-wordpress\/ -->\n<title>Az\u00facar amarga - El Diario - Bolivia<\/title>\n<meta name=\"robots\" content=\"index, follow, max-snippet:-1, max-image-preview:large, max-video-preview:-1\" \/>\n<link rel=\"canonical\" href=\"https:\/\/www.eldiario.net\/portal\/2024\/01\/23\/azucar-amarga\/\" \/>\n<meta property=\"og:locale\" content=\"es_ES\" \/>\n<meta property=\"og:type\" content=\"article\" \/>\n<meta property=\"og:title\" content=\"Az\u00facar amarga - El Diario - Bolivia\" \/>\n<meta property=\"og:description\" content=\"Se ha escrito tanto por analistas, ensayistas, columnistas, pol\u00edticos y m\u00e1s\u2026 Se ha desmenuzado desde todas las aristas un hecho innegablemente hist\u00f3rico pero fat\u00eddico para un trozo de las Antillas, y entonces, despu\u00e9s de 65 a\u00f1os, se me hace ocioso reproducir lo que el mundo ya sabe, por lo que prefiero hacer \u00e9nfasis en la [&hellip;]\" \/>\n<meta property=\"og:url\" content=\"https:\/\/www.eldiario.net\/portal\/2024\/01\/23\/azucar-amarga\/\" \/>\n<meta property=\"og:site_name\" content=\"El Diario - Bolivia\" \/>\n<meta property=\"article:publisher\" content=\"https:\/\/www.facebook.com\/eldiario.bolivia\/\" \/>\n<meta property=\"article:published_time\" content=\"2024-01-23T09:55:59+00:00\" \/>\n<meta property=\"og:image\" content=\"https:\/\/www.eldiario.net\/portal\/wp-content\/uploads\/2023\/06\/Augusto-Vera-Riveros.jpg\" \/>\n\t<meta property=\"og:image:width\" content=\"1200\" \/>\n\t<meta property=\"og:image:height\" content=\"628\" \/>\n\t<meta property=\"og:image:type\" content=\"image\/jpeg\" \/>\n<meta name=\"author\" content=\"Jeanette\" \/>\n<meta name=\"twitter:card\" content=\"summary_large_image\" \/>\n<meta name=\"twitter:creator\" content=\"@eldiario_net\" \/>\n<meta name=\"twitter:site\" content=\"@eldiario_net\" \/>\n<meta name=\"twitter:label1\" content=\"Escrito por\" \/>\n\t<meta name=\"twitter:data1\" content=\"Jeanette\" \/>\n\t<meta name=\"twitter:label2\" content=\"Tiempo de lectura\" \/>\n\t<meta name=\"twitter:data2\" content=\"4 minutos\" \/>\n<script type=\"application\/ld+json\" class=\"yoast-schema-graph\">{\"@context\":\"https:\\\/\\\/schema.org\",\"@graph\":[{\"@type\":\"Article\",\"@id\":\"https:\\\/\\\/www.eldiario.net\\\/portal\\\/2024\\\/01\\\/23\\\/azucar-amarga\\\/#article\",\"isPartOf\":{\"@id\":\"https:\\\/\\\/www.eldiario.net\\\/portal\\\/2024\\\/01\\\/23\\\/azucar-amarga\\\/\"},\"author\":{\"name\":\"Jeanette\",\"@id\":\"https:\\\/\\\/www.eldiario.net\\\/portal\\\/#\\\/schema\\\/person\\\/2c57cf2b7a7ae032e449e4c9b1019eac\"},\"headline\":\"Az\u00facar amarga\",\"datePublished\":\"2024-01-23T09:55:59+00:00\",\"mainEntityOfPage\":{\"@id\":\"https:\\\/\\\/www.eldiario.net\\\/portal\\\/2024\\\/01\\\/23\\\/azucar-amarga\\\/\"},\"wordCount\":813,\"commentCount\":0,\"publisher\":{\"@id\":\"https:\\\/\\\/www.eldiario.net\\\/portal\\\/#organization\"},\"image\":{\"@id\":\"https:\\\/\\\/www.eldiario.net\\\/portal\\\/2024\\\/01\\\/23\\\/azucar-amarga\\\/#primaryimage\"},\"thumbnailUrl\":\"https:\\\/\\\/www.eldiario.net\\\/portal\\\/wp-content\\\/uploads\\\/2023\\\/06\\\/Augusto-Vera-Riveros.jpg\",\"articleSection\":[\"Opini\u00f3n\"],\"inLanguage\":\"es\",\"potentialAction\":[{\"@type\":\"CommentAction\",\"name\":\"Comment\",\"target\":[\"https:\\\/\\\/www.eldiario.net\\\/portal\\\/2024\\\/01\\\/23\\\/azucar-amarga\\\/#respond\"]}]},{\"@type\":\"WebPage\",\"@id\":\"https:\\\/\\\/www.eldiario.net\\\/portal\\\/2024\\\/01\\\/23\\\/azucar-amarga\\\/\",\"url\":\"https:\\\/\\\/www.eldiario.net\\\/portal\\\/2024\\\/01\\\/23\\\/azucar-amarga\\\/\",\"name\":\"Az\u00facar amarga - El Diario - Bolivia\",\"isPartOf\":{\"@id\":\"https:\\\/\\\/www.eldiario.net\\\/portal\\\/#website\"},\"primaryImageOfPage\":{\"@id\":\"https:\\\/\\\/www.eldiario.net\\\/portal\\\/2024\\\/01\\\/23\\\/azucar-amarga\\\/#primaryimage\"},\"image\":{\"@id\":\"https:\\\/\\\/www.eldiario.net\\\/portal\\\/2024\\\/01\\\/23\\\/azucar-amarga\\\/#primaryimage\"},\"thumbnailUrl\":\"https:\\\/\\\/www.eldiario.net\\\/portal\\\/wp-content\\\/uploads\\\/2023\\\/06\\\/Augusto-Vera-Riveros.jpg\",\"datePublished\":\"2024-01-23T09:55:59+00:00\",\"breadcrumb\":{\"@id\":\"https:\\\/\\\/www.eldiario.net\\\/portal\\\/2024\\\/01\\\/23\\\/azucar-amarga\\\/#breadcrumb\"},\"inLanguage\":\"es\",\"potentialAction\":[{\"@type\":\"ReadAction\",\"target\":[\"https:\\\/\\\/www.eldiario.net\\\/portal\\\/2024\\\/01\\\/23\\\/azucar-amarga\\\/\"]}]},{\"@type\":\"ImageObject\",\"inLanguage\":\"es\",\"@id\":\"https:\\\/\\\/www.eldiario.net\\\/portal\\\/2024\\\/01\\\/23\\\/azucar-amarga\\\/#primaryimage\",\"url\":\"https:\\\/\\\/www.eldiario.net\\\/portal\\\/wp-content\\\/uploads\\\/2023\\\/06\\\/Augusto-Vera-Riveros.jpg\",\"contentUrl\":\"https:\\\/\\\/www.eldiario.net\\\/portal\\\/wp-content\\\/uploads\\\/2023\\\/06\\\/Augusto-Vera-Riveros.jpg\",\"width\":1200,\"height\":628},{\"@type\":\"BreadcrumbList\",\"@id\":\"https:\\\/\\\/www.eldiario.net\\\/portal\\\/2024\\\/01\\\/23\\\/azucar-amarga\\\/#breadcrumb\",\"itemListElement\":[{\"@type\":\"ListItem\",\"position\":1,\"name\":\"Portada\",\"item\":\"https:\\\/\\\/www.eldiario.net\\\/portal\\\/\"},{\"@type\":\"ListItem\",\"position\":2,\"name\":\"Az\u00facar amarga\"}]},{\"@type\":\"WebSite\",\"@id\":\"https:\\\/\\\/www.eldiario.net\\\/portal\\\/#website\",\"url\":\"https:\\\/\\\/www.eldiario.net\\\/portal\\\/\",\"name\":\"El Diario - Decano de la prensa nacional\",\"description\":\"El Diario - Decano de la prensa nacional\",\"publisher\":{\"@id\":\"https:\\\/\\\/www.eldiario.net\\\/portal\\\/#organization\"},\"potentialAction\":[{\"@type\":\"SearchAction\",\"target\":{\"@type\":\"EntryPoint\",\"urlTemplate\":\"https:\\\/\\\/www.eldiario.net\\\/portal\\\/?s={search_term_string}\"},\"query-input\":{\"@type\":\"PropertyValueSpecification\",\"valueRequired\":true,\"valueName\":\"search_term_string\"}}],\"inLanguage\":\"es\"},{\"@type\":\"Organization\",\"@id\":\"https:\\\/\\\/www.eldiario.net\\\/portal\\\/#organization\",\"name\":\"El Diario - Decano de la prensa nacional\",\"url\":\"https:\\\/\\\/www.eldiario.net\\\/portal\\\/\",\"logo\":{\"@type\":\"ImageObject\",\"inLanguage\":\"es\",\"@id\":\"https:\\\/\\\/www.eldiario.net\\\/portal\\\/#\\\/schema\\\/logo\\\/image\\\/\",\"url\":\"https:\\\/\\\/www.eldiario.net\\\/portal\\\/wp-content\\\/uploads\\\/2023\\\/07\\\/logo_ED.jpg\",\"contentUrl\":\"https:\\\/\\\/www.eldiario.net\\\/portal\\\/wp-content\\\/uploads\\\/2023\\\/07\\\/logo_ED.jpg\",\"width\":272,\"height\":52,\"caption\":\"El Diario - Decano de la prensa nacional\"},\"image\":{\"@id\":\"https:\\\/\\\/www.eldiario.net\\\/portal\\\/#\\\/schema\\\/logo\\\/image\\\/\"},\"sameAs\":[\"https:\\\/\\\/www.facebook.com\\\/eldiario.bolivia\\\/\",\"https:\\\/\\\/x.com\\\/eldiario_net\"]},{\"@type\":\"Person\",\"@id\":\"https:\\\/\\\/www.eldiario.net\\\/portal\\\/#\\\/schema\\\/person\\\/2c57cf2b7a7ae032e449e4c9b1019eac\",\"name\":\"Jeanette\",\"image\":{\"@type\":\"ImageObject\",\"inLanguage\":\"es\",\"@id\":\"https:\\\/\\\/secure.gravatar.com\\\/avatar\\\/3ea2118a5f7dad2b7138b1187a6b7ee55f160b9968b66013c3a3ef39dd7e5798?s=96&d=mm&r=g\",\"url\":\"https:\\\/\\\/secure.gravatar.com\\\/avatar\\\/3ea2118a5f7dad2b7138b1187a6b7ee55f160b9968b66013c3a3ef39dd7e5798?s=96&d=mm&r=g\",\"contentUrl\":\"https:\\\/\\\/secure.gravatar.com\\\/avatar\\\/3ea2118a5f7dad2b7138b1187a6b7ee55f160b9968b66013c3a3ef39dd7e5798?s=96&d=mm&r=g\",\"caption\":\"Jeanette\"},\"sameAs\":[\"https:\\\/\\\/www.eldiario.net\\\/portal\"],\"url\":\"https:\\\/\\\/www.eldiario.net\\\/portal\\\/author\\\/jeanette\\\/\"}]}<\/script>\n<!-- \/ Yoast SEO plugin. -->","yoast_head_json":{"title":"Az\u00facar amarga - El Diario - Bolivia","robots":{"index":"index","follow":"follow","max-snippet":"max-snippet:-1","max-image-preview":"max-image-preview:large","max-video-preview":"max-video-preview:-1"},"canonical":"https:\/\/www.eldiario.net\/portal\/2024\/01\/23\/azucar-amarga\/","og_locale":"es_ES","og_type":"article","og_title":"Az\u00facar amarga - El Diario - Bolivia","og_description":"Se ha escrito tanto por analistas, ensayistas, columnistas, pol\u00edticos y m\u00e1s\u2026 Se ha desmenuzado desde todas las aristas un hecho innegablemente hist\u00f3rico pero fat\u00eddico para un trozo de las Antillas, y entonces, despu\u00e9s de 65 a\u00f1os, se me hace ocioso reproducir lo que el mundo ya sabe, por lo que prefiero hacer \u00e9nfasis en la [&hellip;]","og_url":"https:\/\/www.eldiario.net\/portal\/2024\/01\/23\/azucar-amarga\/","og_site_name":"El Diario - Bolivia","article_publisher":"https:\/\/www.facebook.com\/eldiario.bolivia\/","article_published_time":"2024-01-23T09:55:59+00:00","og_image":[{"width":1200,"height":628,"url":"https:\/\/www.eldiario.net\/portal\/wp-content\/uploads\/2023\/06\/Augusto-Vera-Riveros.jpg","type":"image\/jpeg"}],"author":"Jeanette","twitter_card":"summary_large_image","twitter_creator":"@eldiario_net","twitter_site":"@eldiario_net","twitter_misc":{"Escrito por":"Jeanette","Tiempo de lectura":"4 minutos"},"schema":{"@context":"https:\/\/schema.org","@graph":[{"@type":"Article","@id":"https:\/\/www.eldiario.net\/portal\/2024\/01\/23\/azucar-amarga\/#article","isPartOf":{"@id":"https:\/\/www.eldiario.net\/portal\/2024\/01\/23\/azucar-amarga\/"},"author":{"name":"Jeanette","@id":"https:\/\/www.eldiario.net\/portal\/#\/schema\/person\/2c57cf2b7a7ae032e449e4c9b1019eac"},"headline":"Az\u00facar amarga","datePublished":"2024-01-23T09:55:59+00:00","mainEntityOfPage":{"@id":"https:\/\/www.eldiario.net\/portal\/2024\/01\/23\/azucar-amarga\/"},"wordCount":813,"commentCount":0,"publisher":{"@id":"https:\/\/www.eldiario.net\/portal\/#organization"},"image":{"@id":"https:\/\/www.eldiario.net\/portal\/2024\/01\/23\/azucar-amarga\/#primaryimage"},"thumbnailUrl":"https:\/\/www.eldiario.net\/portal\/wp-content\/uploads\/2023\/06\/Augusto-Vera-Riveros.jpg","articleSection":["Opini\u00f3n"],"inLanguage":"es","potentialAction":[{"@type":"CommentAction","name":"Comment","target":["https:\/\/www.eldiario.net\/portal\/2024\/01\/23\/azucar-amarga\/#respond"]}]},{"@type":"WebPage","@id":"https:\/\/www.eldiario.net\/portal\/2024\/01\/23\/azucar-amarga\/","url":"https:\/\/www.eldiario.net\/portal\/2024\/01\/23\/azucar-amarga\/","name":"Az\u00facar amarga - El Diario - Bolivia","isPartOf":{"@id":"https:\/\/www.eldiario.net\/portal\/#website"},"primaryImageOfPage":{"@id":"https:\/\/www.eldiario.net\/portal\/2024\/01\/23\/azucar-amarga\/#primaryimage"},"image":{"@id":"https:\/\/www.eldiario.net\/portal\/2024\/01\/23\/azucar-amarga\/#primaryimage"},"thumbnailUrl":"https:\/\/www.eldiario.net\/portal\/wp-content\/uploads\/2023\/06\/Augusto-Vera-Riveros.jpg","datePublished":"2024-01-23T09:55:59+00:00","breadcrumb":{"@id":"https:\/\/www.eldiario.net\/portal\/2024\/01\/23\/azucar-amarga\/#breadcrumb"},"inLanguage":"es","potentialAction":[{"@type":"ReadAction","target":["https:\/\/www.eldiario.net\/portal\/2024\/01\/23\/azucar-amarga\/"]}]},{"@type":"ImageObject","inLanguage":"es","@id":"https:\/\/www.eldiario.net\/portal\/2024\/01\/23\/azucar-amarga\/#primaryimage","url":"https:\/\/www.eldiario.net\/portal\/wp-content\/uploads\/2023\/06\/Augusto-Vera-Riveros.jpg","contentUrl":"https:\/\/www.eldiario.net\/portal\/wp-content\/uploads\/2023\/06\/Augusto-Vera-Riveros.jpg","width":1200,"height":628},{"@type":"BreadcrumbList","@id":"https:\/\/www.eldiario.net\/portal\/2024\/01\/23\/azucar-amarga\/#breadcrumb","itemListElement":[{"@type":"ListItem","position":1,"name":"Portada","item":"https:\/\/www.eldiario.net\/portal\/"},{"@type":"ListItem","position":2,"name":"Az\u00facar amarga"}]},{"@type":"WebSite","@id":"https:\/\/www.eldiario.net\/portal\/#website","url":"https:\/\/www.eldiario.net\/portal\/","name":"El Diario - Decano de la prensa nacional","description":"El Diario - Decano de la prensa nacional","publisher":{"@id":"https:\/\/www.eldiario.net\/portal\/#organization"},"potentialAction":[{"@type":"SearchAction","target":{"@type":"EntryPoint","urlTemplate":"https:\/\/www.eldiario.net\/portal\/?s={search_term_string}"},"query-input":{"@type":"PropertyValueSpecification","valueRequired":true,"valueName":"search_term_string"}}],"inLanguage":"es"},{"@type":"Organization","@id":"https:\/\/www.eldiario.net\/portal\/#organization","name":"El Diario - Decano de la prensa nacional","url":"https:\/\/www.eldiario.net\/portal\/","logo":{"@type":"ImageObject","inLanguage":"es","@id":"https:\/\/www.eldiario.net\/portal\/#\/schema\/logo\/image\/","url":"https:\/\/www.eldiario.net\/portal\/wp-content\/uploads\/2023\/07\/logo_ED.jpg","contentUrl":"https:\/\/www.eldiario.net\/portal\/wp-content\/uploads\/2023\/07\/logo_ED.jpg","width":272,"height":52,"caption":"El Diario - Decano de la prensa nacional"},"image":{"@id":"https:\/\/www.eldiario.net\/portal\/#\/schema\/logo\/image\/"},"sameAs":["https:\/\/www.facebook.com\/eldiario.bolivia\/","https:\/\/x.com\/eldiario_net"]},{"@type":"Person","@id":"https:\/\/www.eldiario.net\/portal\/#\/schema\/person\/2c57cf2b7a7ae032e449e4c9b1019eac","name":"Jeanette","image":{"@type":"ImageObject","inLanguage":"es","@id":"https:\/\/secure.gravatar.com\/avatar\/3ea2118a5f7dad2b7138b1187a6b7ee55f160b9968b66013c3a3ef39dd7e5798?s=96&d=mm&r=g","url":"https:\/\/secure.gravatar.com\/avatar\/3ea2118a5f7dad2b7138b1187a6b7ee55f160b9968b66013c3a3ef39dd7e5798?s=96&d=mm&r=g","contentUrl":"https:\/\/secure.gravatar.com\/avatar\/3ea2118a5f7dad2b7138b1187a6b7ee55f160b9968b66013c3a3ef39dd7e5798?s=96&d=mm&r=g","caption":"Jeanette"},"sameAs":["https:\/\/www.eldiario.net\/portal"],"url":"https:\/\/www.eldiario.net\/portal\/author\/jeanette\/"}]}},"_links":{"self":[{"href":"https:\/\/www.eldiario.net\/portal\/wp-json\/wp\/v2\/posts\/199070","targetHints":{"allow":["GET"]}}],"collection":[{"href":"https:\/\/www.eldiario.net\/portal\/wp-json\/wp\/v2\/posts"}],"about":[{"href":"https:\/\/www.eldiario.net\/portal\/wp-json\/wp\/v2\/types\/post"}],"author":[{"embeddable":true,"href":"https:\/\/www.eldiario.net\/portal\/wp-json\/wp\/v2\/users\/1"}],"replies":[{"embeddable":true,"href":"https:\/\/www.eldiario.net\/portal\/wp-json\/wp\/v2\/comments?post=199070"}],"version-history":[{"count":1,"href":"https:\/\/www.eldiario.net\/portal\/wp-json\/wp\/v2\/posts\/199070\/revisions"}],"predecessor-version":[{"id":199071,"href":"https:\/\/www.eldiario.net\/portal\/wp-json\/wp\/v2\/posts\/199070\/revisions\/199071"}],"wp:featuredmedia":[{"embeddable":true,"href":"https:\/\/www.eldiario.net\/portal\/wp-json\/wp\/v2\/media\/158120"}],"wp:attachment":[{"href":"https:\/\/www.eldiario.net\/portal\/wp-json\/wp\/v2\/media?parent=199070"}],"wp:term":[{"taxonomy":"category","embeddable":true,"href":"https:\/\/www.eldiario.net\/portal\/wp-json\/wp\/v2\/categories?post=199070"},{"taxonomy":"post_tag","embeddable":true,"href":"https:\/\/www.eldiario.net\/portal\/wp-json\/wp\/v2\/tags?post=199070"}],"curies":[{"name":"wp","href":"https:\/\/api.w.org\/{rel}","templated":true}]}}