{"id":199066,"date":"2024-01-23T05:54:14","date_gmt":"2024-01-23T09:54:14","guid":{"rendered":"https:\/\/www.eldiario.net\/portal\/?p=199066"},"modified":"2024-01-23T05:54:14","modified_gmt":"2024-01-23T09:54:14","slug":"se-proyecta-el-crecimiento-de-arboles-nativos-y-la-rentabilidad-de-la-restauracion-forestal","status":"publish","type":"post","link":"https:\/\/www.eldiario.net\/portal\/2024\/01\/23\/se-proyecta-el-crecimiento-de-arboles-nativos-y-la-rentabilidad-de-la-restauracion-forestal\/","title":{"rendered":"Se proyecta el crecimiento de \u00e1rboles nativos y la rentabilidad de la restauraci\u00f3n forestal"},"content":{"rendered":"<p><em>En la investigaci\u00f3n en la cual se elabor\u00f3 esta metodolog\u00eda se emple\u00f3 como base datos referentes a 13 \u00e1reas de recuperaci\u00f3n ecol\u00f3gica del Bosque Atl\u00e1ntico en Brasil y diez especies de inter\u00e9s de la industria maderera. Los resultados fueron publicados en el marco del Decenio para la Restauraci\u00f3n de la ONU.<\/em><\/p>\n<p>&nbsp;<\/p>\n<p>El tema de la restauraci\u00f3n forestal ha venido adquiriendo relevancia durante los \u00faltimos a\u00f1os tanto en la iniciativa privada y en el mercado financiero como en la academia y entre los gobiernos, fundamentalmente en el caso de Brasil, que asumi\u00f3 el compromiso en el marco del Acuerdo de Par\u00eds en 2015 de recuperar con bosques aut\u00f3ctonos 12 millones de hect\u00e1reas, esto es, pr\u00e1cticamente el equivalente al territorio de Corea del Norte. Sin embargo, estas iniciativas a\u00fan dependen del caro proceso de plant\u00edo de \u00e1rboles y padecen la falta de datos referentes al crecimiento de las especies y del total de \u00e1reas recuperadas.<\/p>\n<p>Pero una investigaci\u00f3n publicada en la revista cient\u00edfica <em>Perspectives in Ecology and Conservation<\/em> hace su aporte al avance de este sector. La misma muestra que la aplicaci\u00f3n de m\u00e9todos de silvicultura en proyectos de restauraci\u00f3n forestal a gran escala puede incrementar la productividad y la rentabilidad al viabilizar los suministros de la industria maderera y reducir la presi\u00f3n sobre los biomas naturales como la Amazonia.<\/p>\n<p>Los cient\u00edficos arribaron a la conclusi\u00f3n de que, para lograr una elevada productividad, las cadenas de valor de la restauraci\u00f3n deben adoptar criterios espec\u00edficos que impliquen una combinaci\u00f3n de especies aut\u00f3ctonas, modelos de crecimiento de los \u00e1rboles que permitan dise\u00f1ar planes de manejo y una cosecha con plazos m\u00e1s cortos, como as\u00ed tambi\u00e9n aliar el desarrollo de la investigaci\u00f3n cient\u00edfica y la innovaci\u00f3n con los tratamientos de la silvicultura.<\/p>\n<p>En este estudio, encabezado por el ingeniero forestal Pedro Medrado Krainovic, se cre\u00f3 un modelo que proyecta el tiempo de crecimiento de especies arb\u00f3reas nativas del Bosque Atl\u00e1ntico hasta que obtienen la \u201cmadurez\u201d necesaria para atender a la industria maderera. Normalmente, las tasas de crecimiento para la comercializaci\u00f3n se definen de acuerdo con el tiempo que tardan los \u00e1rboles hasta alcanzar los 35 cent\u00edmetros de di\u00e1metro.<\/p>\n<p>Mediante la aplicaci\u00f3n de este nuevo m\u00e9todo, los investigadores obtuvieron una disminuci\u00f3n de un 25 % en el tiempo de cosecha y un aumento del 38 % del \u00e1rea basal de los \u00e1rboles. Esto represent\u00f3 una anticipaci\u00f3n promedio de 13 a\u00f1os en la edad ideal de corte.<\/p>\n<p>\u201cIdentificamos los patrones de productividad con respecto al tiempo, lo que suministra una indicaci\u00f3n de cu\u00e1ndo puede manejarse una determinada especie para la obtenci\u00f3n de madera destinada al mercado. Esto ayuda a imprimir viabilidad a la restauraci\u00f3n forestal a gran escala, al mejorar su atractivo para los propietarios de tierras y yendo al encuentro de los acuerdos clim\u00e1ticos globales. Con base en nuestros datos, proyectamos un escenario en el cual el conocimiento en silvicultura mejorar\u00eda al proporcionar una restauraci\u00f3n m\u00e1s atractiva para las m\u00faltiples partes interesadas\u201d, dice Krainovic, quien desarroll\u00f3 este trabajo durante su posdoctorado en el Laboratorio de Silvicultura Tropical (Lastrop) de la Escuela Superior de Agricultura Luiz de Queiroz, de la Universidad de Sao Paulo (Esalq-USP), con sede en la ciudad de Piracicaba, en el estado de Sao Paulo, Brasil.<\/p>\n<p>El proyecto se llev\u00f3 a cabo en el \u00e1mbito del Programa FAPESP de Investigaciones en Caracterizaci\u00f3n, Conservaci\u00f3n, Restauraci\u00f3n y Uso Sostenible de la Biodiversidad (BIOTA-FAPESP). Tambi\u00e9n cont\u00f3 con el apoyo de la fundaci\u00f3n paulista en el marco de otros cuatro proyectos, entre ellos el Tem\u00e1tico intitulado \u201cPara entender los bosques restaurados en beneficio de la gente y de la naturaleza \u2013 NewFor\u201d y los referentes a las becas de estudio otorgadas a los investigadores Danilo Roberti de Almeida, Catherine Torres de Almeida y Ang\u00e9lica Faria de Resende, coautores del art\u00edculo.<\/p>\n<p>El trabajo se concret\u00f3 bajo la supervisi\u00f3n de los investigadores Ricardo Ribeiro Rodrigues, del Laboratorio de Ecolog\u00eda y Restauraci\u00f3n Forestal (Lerf), y Pedro Brancalion, vinculado al Lastrop y al proyecto BIOTA S\u00edntesis, un Centro de Ciencia para el Desarrollo (CCD) apoyado por la FAPESP.<\/p>\n<p>&nbsp;<\/p>\n<p><strong>EL CONTEXTO<\/strong><\/p>\n<p>Aun con su elecci\u00f3n en las Naciones Unidas (ONU) en 2022 como uno de los diez referentes mundiales en restauraci\u00f3n, el Bosque Atl\u00e1ntico es el bioma brasile\u00f1o que m\u00e1s \u00e1rea forestal ha perdido hasta los d\u00edas actuales. De las estimadas 140 millones de hect\u00e1reas que abarcaba en Brasil, queda un 24 % de cobertura forestal. De ese total, solamente un 12 % corresponde a montes bien conservados (alrededor de 16,3 millones de hect\u00e1reas), de acuerdo con datos de la fundaci\u00f3n SOS Mata Atl\u00e2ntica.<\/p>\n<p>As\u00ed y todo, los esfuerzos tendientes a contener la deforestaci\u00f3n han generado resultados positivos \u2013una baja del 42 % entre enero y mayo de 2023 con relaci\u00f3n a 2022 (de 12.166 hect\u00e1reas devastadas a 7.088 hect\u00e1reas)\u2013, que se suman a las acciones de restauraci\u00f3n que han surtido efectos. En 2021, la ONU determin\u00f3 que hasta 2030 se extiende el Decenio para la Restauraci\u00f3n de Ecosistemas, un llamado a la protecci\u00f3n y a la revitalizaci\u00f3n de los ecosistemas de todo el mundo en beneficio de la gente y de la naturaleza.<\/p>\n<p>\u201cLa restauraci\u00f3n requiere m\u00e1s datos que proporcionen horizontes favorables de uso del suelo. Para implementar una pol\u00edtica p\u00fablica, se hace necesario contar con m\u00e1s informaci\u00f3n que aporte sustentaci\u00f3n a la toma de decisiones. Y este art\u00edculo sirve en tal sentido de diversas maneras, incluso con una lista de especies que puede hacer su aporte a los propietarios de tierras. Abre as\u00ed una puerta hacia el enriquecimiento de la restauraci\u00f3n forestal con finalidad econ\u00f3mica, que es m\u00e1s atractiva y que alcanza m\u00faltiples objetivos, como el de devolverle servicios ecosist\u00e9micos a determinadas \u00e1reas\u201d, explica Krainovic.<\/p>\n<p>Los resultados de este estudio alimentar\u00e1n al programa Reforesta-SP, coordinado por la Secretar\u00eda de Medio Ambiente, Infraestructura y Log\u00edstica del Estado de Sao Paulo, que tiene entre sus objetivos la restauraci\u00f3n ecol\u00f3gica, la recuperaci\u00f3n de \u00e1reas degradadas y la implantaci\u00f3n de bosques multifuncionales y sistemas agroforestales.<\/p>\n<p>Krainovic vivi\u00f3 12 a\u00f1os en la Amazonia y trabaj\u00f3 no solamente en proyectos de recuperaci\u00f3n de \u00e1reas degradadas mediante la utilizaci\u00f3n de especies arb\u00f3reas con potencial econ\u00f3mico, sino tambi\u00e9n en las cadenas productivas de productos forestales no madereros que abastecen a la industria de cosm\u00e9ticos, tales como semillas, aceites esenciales y mantecas. \u201cUna impronta de mi trayectoria reside en que no se ci\u00f1\u00f3 solamente a la academia. Conozco c\u00f3mo son las empresas, la interfaz con los pueblos tradicionales en esas cadenas productivas y el \u00e1rea acad\u00e9mica\u201d, a\u00f1ade.<\/p>\n<p>&nbsp;<\/p>\n<p><strong>PASO A PASO<\/strong><\/p>\n<p>En el estudio se analiz\u00f3 una serie cronol\u00f3gica de 13 \u00e1reas de restauraci\u00f3n forestal no manejadas distribuidas por el estado de Sao Paulo, que se encontraban en diferentes estadios: entre seis y 96 a\u00f1os de plant\u00edo. Esas zonas poseen una mezcla diversificada de especies aut\u00f3ctonas \u2013entre 30 y 100\u2212, lo que aporta a la promoci\u00f3n de los servicios ecosist\u00e9micos con caracter\u00edsticas similares a las del bosque espont\u00e1neo.<\/p>\n<p>Los cient\u00edficos seleccionaron diez especies arb\u00f3reas nativas comerciales con distintas densidades de madera y explotadas hist\u00f3ricamente en el mercado. Son las siguientes: guatamb\u00fa blanco, jequitib\u00e1-rosa, cedro misionero o ygary, ararib\u00e1, guaranta; guapinol o curbaril, ibirapit\u00e1, lapacho rosado, amargoso y chirraca o cabre\u00fava.<\/p>\n<p>Actualmente, esas especies en su mayor\u00eda est\u00e1n protegidas por ley y no pueden venderse legalmente porque son end\u00e9micas del Bosque Atl\u00e1ntico y del Cerrado (el bioma brasile\u00f1o de sabana), y se encuentran amenazadas de extinci\u00f3n. Sin embargo, algunas, como el curbaril y el lapacho rosado, a\u00fan son explotadas en la Amazonia.<\/p>\n<p>Para cada una de ellas se desarrollaron modelos de crecimiento basados en los datos recabados en los plant\u00edos. Con las curvas de crecimiento se aplic\u00f3 el m\u00e9todo GOL (las siglas en ingl\u00e9s de Growth-Oriented Logging), para estipular criterios t\u00e9cnicos de manejo, lo que comprende un escenario optimizado con foco en la producci\u00f3n de madera.<\/p>\n<p>Luego de las pruebas iniciales, los investigadores modelaron el crecimiento del di\u00e1metro y del \u00e1rea basal de cada especie seleccionada a lo largo de la serie temporal. Se elaboraron escenarios de productividad aplicando los valores del 30 % m\u00e1s alto de di\u00e1metro hallado para cada especie por lugar y edad, el referido \u201cescenario optimizado\u201d, que representa la aplicaci\u00f3n de tratamientos de silvicultura que suministran una mayor productividad.<\/p>\n<p>Las especies se clasificaron de acuerdo con el tiempo necesario para llegar a los 35 cent\u00edmetros de di\u00e1metro para la cosecha en tres franjas: crecimiento r\u00e1pido (menos de 50 a\u00f1os), intermedio (de 50 a 70 a\u00f1os) y lento (m\u00e1s de 70 a\u00f1os). Al aplicar el abordaje GOL, quedaron agrupadas en tasa de crecimiento r\u00e1pida (menos de 25 a\u00f1os), intermedia (de 25 a 50 a\u00f1os), lenta (de 50 a 75 a\u00f1os) y muy lenta (de 75 a 100 a\u00f1os).<\/p>\n<p>El escenario optimizado exhibi\u00f3 un tiempo de cosecha reducido un 25 %, lo que representa una anticipaci\u00f3n promedio de 13 a\u00f1os en la edad ideal de cosecha.<\/p>\n<p>Las excepciones fueron el jequitib\u00e1-rosa y el guapinol, con su per\u00edodo ideal de cosecha prolongado, pero el \u00e1rea basal aument\u00f3 m\u00e1s de un 50 %. Por otra parte, el cedro misionero experiment\u00f3 una merma del 36,6 % en el \u00e1rea basal de cosecha (646,6 cm2\/\u00e1rbol), pero con una anticipaci\u00f3n de 47 a\u00f1os en el tiempo de cosecha (un 51 % m\u00e1s r\u00e1pido que el GOL).<\/p>\n<p>En total, nueve de las diez especies alcanzaron un di\u00e1metro de 35 cm antes de los 60 a\u00f1os: la excepci\u00f3n la constituy\u00f3 el guaranta, con alta densidad de madera\u2026 (Agencia FAPESP).<\/p>\n","protected":false},"excerpt":{"rendered":"<p>En la investigaci\u00f3n en la cual se elabor\u00f3 esta metodolog\u00eda se emple\u00f3 como base datos referentes a 13 \u00e1reas de recuperaci\u00f3n ecol\u00f3gica del Bosque Atl\u00e1ntico en Brasil y diez especies de inter\u00e9s de la industria maderera. Los resultados fueron publicados en el marco del Decenio para la Restauraci\u00f3n de la ONU. &nbsp; El tema de [&hellip;]<\/p>\n","protected":false},"author":1,"featured_media":194790,"comment_status":"open","ping_status":"open","sticky":false,"template":"","format":"standard","meta":{"_acf_changed":false,"footnotes":""},"categories":[9],"tags":[],"class_list":["post-199066","post","type-post","status-publish","format-standard","has-post-thumbnail","category-opinion"],"acf":{"antetitulo":""},"yoast_head":"<!-- This site is optimized with the Yoast SEO plugin v28.4 - https:\/\/yoast.com\/product\/yoast-seo-wordpress\/ -->\n<title>Se proyecta el crecimiento de \u00e1rboles nativos y la rentabilidad de la restauraci\u00f3n forestal - El Diario - Bolivia<\/title>\n<meta name=\"robots\" content=\"index, follow, max-snippet:-1, max-image-preview:large, max-video-preview:-1\" \/>\n<link rel=\"canonical\" href=\"https:\/\/www.eldiario.net\/portal\/2024\/01\/23\/se-proyecta-el-crecimiento-de-arboles-nativos-y-la-rentabilidad-de-la-restauracion-forestal\/\" \/>\n<meta property=\"og:locale\" content=\"es_ES\" \/>\n<meta property=\"og:type\" content=\"article\" \/>\n<meta property=\"og:title\" content=\"Se proyecta el crecimiento de \u00e1rboles nativos y la rentabilidad de la restauraci\u00f3n forestal - El Diario - Bolivia\" \/>\n<meta property=\"og:description\" content=\"En la investigaci\u00f3n en la cual se elabor\u00f3 esta metodolog\u00eda se emple\u00f3 como base datos referentes a 13 \u00e1reas de recuperaci\u00f3n ecol\u00f3gica del Bosque Atl\u00e1ntico en Brasil y diez especies de inter\u00e9s de la industria maderera. Los resultados fueron publicados en el marco del Decenio para la Restauraci\u00f3n de la ONU. &nbsp; El tema de [&hellip;]\" \/>\n<meta property=\"og:url\" content=\"https:\/\/www.eldiario.net\/portal\/2024\/01\/23\/se-proyecta-el-crecimiento-de-arboles-nativos-y-la-rentabilidad-de-la-restauracion-forestal\/\" \/>\n<meta property=\"og:site_name\" content=\"El Diario - Bolivia\" \/>\n<meta property=\"article:publisher\" content=\"https:\/\/www.facebook.com\/eldiario.bolivia\/\" \/>\n<meta property=\"article:published_time\" content=\"2024-01-23T09:54:14+00:00\" \/>\n<meta property=\"og:image\" content=\"https:\/\/www.eldiario.net\/portal\/wp-content\/uploads\/2023\/12\/Opinion.jpg\" \/>\n\t<meta property=\"og:image:width\" content=\"800\" \/>\n\t<meta property=\"og:image:height\" content=\"500\" \/>\n\t<meta property=\"og:image:type\" content=\"image\/jpeg\" \/>\n<meta name=\"author\" content=\"Jeanette\" \/>\n<meta name=\"twitter:card\" content=\"summary_large_image\" \/>\n<meta name=\"twitter:creator\" content=\"@eldiario_net\" \/>\n<meta name=\"twitter:site\" content=\"@eldiario_net\" \/>\n<meta name=\"twitter:label1\" content=\"Escrito por\" \/>\n\t<meta name=\"twitter:data1\" content=\"Jeanette\" \/>\n\t<meta name=\"twitter:label2\" content=\"Tiempo de lectura\" \/>\n\t<meta name=\"twitter:data2\" content=\"8 minutos\" \/>\n<script type=\"application\/ld+json\" class=\"yoast-schema-graph\">{\"@context\":\"https:\\\/\\\/schema.org\",\"@graph\":[{\"@type\":\"Article\",\"@id\":\"https:\\\/\\\/www.eldiario.net\\\/portal\\\/2024\\\/01\\\/23\\\/se-proyecta-el-crecimiento-de-arboles-nativos-y-la-rentabilidad-de-la-restauracion-forestal\\\/#article\",\"isPartOf\":{\"@id\":\"https:\\\/\\\/www.eldiario.net\\\/portal\\\/2024\\\/01\\\/23\\\/se-proyecta-el-crecimiento-de-arboles-nativos-y-la-rentabilidad-de-la-restauracion-forestal\\\/\"},\"author\":{\"name\":\"Jeanette\",\"@id\":\"https:\\\/\\\/www.eldiario.net\\\/portal\\\/#\\\/schema\\\/person\\\/2c57cf2b7a7ae032e449e4c9b1019eac\"},\"headline\":\"Se proyecta el crecimiento de \u00e1rboles nativos y la rentabilidad de la restauraci\u00f3n forestal\",\"datePublished\":\"2024-01-23T09:54:14+00:00\",\"mainEntityOfPage\":{\"@id\":\"https:\\\/\\\/www.eldiario.net\\\/portal\\\/2024\\\/01\\\/23\\\/se-proyecta-el-crecimiento-de-arboles-nativos-y-la-rentabilidad-de-la-restauracion-forestal\\\/\"},\"wordCount\":1680,\"commentCount\":0,\"publisher\":{\"@id\":\"https:\\\/\\\/www.eldiario.net\\\/portal\\\/#organization\"},\"image\":{\"@id\":\"https:\\\/\\\/www.eldiario.net\\\/portal\\\/2024\\\/01\\\/23\\\/se-proyecta-el-crecimiento-de-arboles-nativos-y-la-rentabilidad-de-la-restauracion-forestal\\\/#primaryimage\"},\"thumbnailUrl\":\"https:\\\/\\\/www.eldiario.net\\\/portal\\\/wp-content\\\/uploads\\\/2023\\\/12\\\/Opinion.jpg\",\"articleSection\":[\"Opini\u00f3n\"],\"inLanguage\":\"es\",\"potentialAction\":[{\"@type\":\"CommentAction\",\"name\":\"Comment\",\"target\":[\"https:\\\/\\\/www.eldiario.net\\\/portal\\\/2024\\\/01\\\/23\\\/se-proyecta-el-crecimiento-de-arboles-nativos-y-la-rentabilidad-de-la-restauracion-forestal\\\/#respond\"]}]},{\"@type\":\"WebPage\",\"@id\":\"https:\\\/\\\/www.eldiario.net\\\/portal\\\/2024\\\/01\\\/23\\\/se-proyecta-el-crecimiento-de-arboles-nativos-y-la-rentabilidad-de-la-restauracion-forestal\\\/\",\"url\":\"https:\\\/\\\/www.eldiario.net\\\/portal\\\/2024\\\/01\\\/23\\\/se-proyecta-el-crecimiento-de-arboles-nativos-y-la-rentabilidad-de-la-restauracion-forestal\\\/\",\"name\":\"Se proyecta el crecimiento de \u00e1rboles nativos y la rentabilidad de la restauraci\u00f3n forestal - El Diario - Bolivia\",\"isPartOf\":{\"@id\":\"https:\\\/\\\/www.eldiario.net\\\/portal\\\/#website\"},\"primaryImageOfPage\":{\"@id\":\"https:\\\/\\\/www.eldiario.net\\\/portal\\\/2024\\\/01\\\/23\\\/se-proyecta-el-crecimiento-de-arboles-nativos-y-la-rentabilidad-de-la-restauracion-forestal\\\/#primaryimage\"},\"image\":{\"@id\":\"https:\\\/\\\/www.eldiario.net\\\/portal\\\/2024\\\/01\\\/23\\\/se-proyecta-el-crecimiento-de-arboles-nativos-y-la-rentabilidad-de-la-restauracion-forestal\\\/#primaryimage\"},\"thumbnailUrl\":\"https:\\\/\\\/www.eldiario.net\\\/portal\\\/wp-content\\\/uploads\\\/2023\\\/12\\\/Opinion.jpg\",\"datePublished\":\"2024-01-23T09:54:14+00:00\",\"breadcrumb\":{\"@id\":\"https:\\\/\\\/www.eldiario.net\\\/portal\\\/2024\\\/01\\\/23\\\/se-proyecta-el-crecimiento-de-arboles-nativos-y-la-rentabilidad-de-la-restauracion-forestal\\\/#breadcrumb\"},\"inLanguage\":\"es\",\"potentialAction\":[{\"@type\":\"ReadAction\",\"target\":[\"https:\\\/\\\/www.eldiario.net\\\/portal\\\/2024\\\/01\\\/23\\\/se-proyecta-el-crecimiento-de-arboles-nativos-y-la-rentabilidad-de-la-restauracion-forestal\\\/\"]}]},{\"@type\":\"ImageObject\",\"inLanguage\":\"es\",\"@id\":\"https:\\\/\\\/www.eldiario.net\\\/portal\\\/2024\\\/01\\\/23\\\/se-proyecta-el-crecimiento-de-arboles-nativos-y-la-rentabilidad-de-la-restauracion-forestal\\\/#primaryimage\",\"url\":\"https:\\\/\\\/www.eldiario.net\\\/portal\\\/wp-content\\\/uploads\\\/2023\\\/12\\\/Opinion.jpg\",\"contentUrl\":\"https:\\\/\\\/www.eldiario.net\\\/portal\\\/wp-content\\\/uploads\\\/2023\\\/12\\\/Opinion.jpg\",\"width\":800,\"height\":500},{\"@type\":\"BreadcrumbList\",\"@id\":\"https:\\\/\\\/www.eldiario.net\\\/portal\\\/2024\\\/01\\\/23\\\/se-proyecta-el-crecimiento-de-arboles-nativos-y-la-rentabilidad-de-la-restauracion-forestal\\\/#breadcrumb\",\"itemListElement\":[{\"@type\":\"ListItem\",\"position\":1,\"name\":\"Portada\",\"item\":\"https:\\\/\\\/www.eldiario.net\\\/portal\\\/\"},{\"@type\":\"ListItem\",\"position\":2,\"name\":\"Se proyecta el crecimiento de \u00e1rboles nativos y la rentabilidad de la restauraci\u00f3n forestal\"}]},{\"@type\":\"WebSite\",\"@id\":\"https:\\\/\\\/www.eldiario.net\\\/portal\\\/#website\",\"url\":\"https:\\\/\\\/www.eldiario.net\\\/portal\\\/\",\"name\":\"El Diario - Decano de la prensa nacional\",\"description\":\"El Diario - Decano de la prensa nacional\",\"publisher\":{\"@id\":\"https:\\\/\\\/www.eldiario.net\\\/portal\\\/#organization\"},\"potentialAction\":[{\"@type\":\"SearchAction\",\"target\":{\"@type\":\"EntryPoint\",\"urlTemplate\":\"https:\\\/\\\/www.eldiario.net\\\/portal\\\/?s={search_term_string}\"},\"query-input\":{\"@type\":\"PropertyValueSpecification\",\"valueRequired\":true,\"valueName\":\"search_term_string\"}}],\"inLanguage\":\"es\"},{\"@type\":\"Organization\",\"@id\":\"https:\\\/\\\/www.eldiario.net\\\/portal\\\/#organization\",\"name\":\"El Diario - Decano de la prensa nacional\",\"url\":\"https:\\\/\\\/www.eldiario.net\\\/portal\\\/\",\"logo\":{\"@type\":\"ImageObject\",\"inLanguage\":\"es\",\"@id\":\"https:\\\/\\\/www.eldiario.net\\\/portal\\\/#\\\/schema\\\/logo\\\/image\\\/\",\"url\":\"https:\\\/\\\/www.eldiario.net\\\/portal\\\/wp-content\\\/uploads\\\/2023\\\/07\\\/logo_ED.jpg\",\"contentUrl\":\"https:\\\/\\\/www.eldiario.net\\\/portal\\\/wp-content\\\/uploads\\\/2023\\\/07\\\/logo_ED.jpg\",\"width\":272,\"height\":52,\"caption\":\"El Diario - Decano de la prensa nacional\"},\"image\":{\"@id\":\"https:\\\/\\\/www.eldiario.net\\\/portal\\\/#\\\/schema\\\/logo\\\/image\\\/\"},\"sameAs\":[\"https:\\\/\\\/www.facebook.com\\\/eldiario.bolivia\\\/\",\"https:\\\/\\\/x.com\\\/eldiario_net\"]},{\"@type\":\"Person\",\"@id\":\"https:\\\/\\\/www.eldiario.net\\\/portal\\\/#\\\/schema\\\/person\\\/2c57cf2b7a7ae032e449e4c9b1019eac\",\"name\":\"Jeanette\",\"image\":{\"@type\":\"ImageObject\",\"inLanguage\":\"es\",\"@id\":\"https:\\\/\\\/secure.gravatar.com\\\/avatar\\\/3ea2118a5f7dad2b7138b1187a6b7ee55f160b9968b66013c3a3ef39dd7e5798?s=96&d=mm&r=g\",\"url\":\"https:\\\/\\\/secure.gravatar.com\\\/avatar\\\/3ea2118a5f7dad2b7138b1187a6b7ee55f160b9968b66013c3a3ef39dd7e5798?s=96&d=mm&r=g\",\"contentUrl\":\"https:\\\/\\\/secure.gravatar.com\\\/avatar\\\/3ea2118a5f7dad2b7138b1187a6b7ee55f160b9968b66013c3a3ef39dd7e5798?s=96&d=mm&r=g\",\"caption\":\"Jeanette\"},\"sameAs\":[\"https:\\\/\\\/www.eldiario.net\\\/portal\"],\"url\":\"https:\\\/\\\/www.eldiario.net\\\/portal\\\/author\\\/jeanette\\\/\"}]}<\/script>\n<!-- \/ Yoast SEO plugin. -->","yoast_head_json":{"title":"Se proyecta el crecimiento de \u00e1rboles nativos y la rentabilidad de la restauraci\u00f3n forestal - El Diario - Bolivia","robots":{"index":"index","follow":"follow","max-snippet":"max-snippet:-1","max-image-preview":"max-image-preview:large","max-video-preview":"max-video-preview:-1"},"canonical":"https:\/\/www.eldiario.net\/portal\/2024\/01\/23\/se-proyecta-el-crecimiento-de-arboles-nativos-y-la-rentabilidad-de-la-restauracion-forestal\/","og_locale":"es_ES","og_type":"article","og_title":"Se proyecta el crecimiento de \u00e1rboles nativos y la rentabilidad de la restauraci\u00f3n forestal - El Diario - Bolivia","og_description":"En la investigaci\u00f3n en la cual se elabor\u00f3 esta metodolog\u00eda se emple\u00f3 como base datos referentes a 13 \u00e1reas de recuperaci\u00f3n ecol\u00f3gica del Bosque Atl\u00e1ntico en Brasil y diez especies de inter\u00e9s de la industria maderera. Los resultados fueron publicados en el marco del Decenio para la Restauraci\u00f3n de la ONU. &nbsp; El tema de [&hellip;]","og_url":"https:\/\/www.eldiario.net\/portal\/2024\/01\/23\/se-proyecta-el-crecimiento-de-arboles-nativos-y-la-rentabilidad-de-la-restauracion-forestal\/","og_site_name":"El Diario - Bolivia","article_publisher":"https:\/\/www.facebook.com\/eldiario.bolivia\/","article_published_time":"2024-01-23T09:54:14+00:00","og_image":[{"width":800,"height":500,"url":"https:\/\/www.eldiario.net\/portal\/wp-content\/uploads\/2023\/12\/Opinion.jpg","type":"image\/jpeg"}],"author":"Jeanette","twitter_card":"summary_large_image","twitter_creator":"@eldiario_net","twitter_site":"@eldiario_net","twitter_misc":{"Escrito por":"Jeanette","Tiempo de lectura":"8 minutos"},"schema":{"@context":"https:\/\/schema.org","@graph":[{"@type":"Article","@id":"https:\/\/www.eldiario.net\/portal\/2024\/01\/23\/se-proyecta-el-crecimiento-de-arboles-nativos-y-la-rentabilidad-de-la-restauracion-forestal\/#article","isPartOf":{"@id":"https:\/\/www.eldiario.net\/portal\/2024\/01\/23\/se-proyecta-el-crecimiento-de-arboles-nativos-y-la-rentabilidad-de-la-restauracion-forestal\/"},"author":{"name":"Jeanette","@id":"https:\/\/www.eldiario.net\/portal\/#\/schema\/person\/2c57cf2b7a7ae032e449e4c9b1019eac"},"headline":"Se proyecta el crecimiento de \u00e1rboles nativos y la rentabilidad de la restauraci\u00f3n forestal","datePublished":"2024-01-23T09:54:14+00:00","mainEntityOfPage":{"@id":"https:\/\/www.eldiario.net\/portal\/2024\/01\/23\/se-proyecta-el-crecimiento-de-arboles-nativos-y-la-rentabilidad-de-la-restauracion-forestal\/"},"wordCount":1680,"commentCount":0,"publisher":{"@id":"https:\/\/www.eldiario.net\/portal\/#organization"},"image":{"@id":"https:\/\/www.eldiario.net\/portal\/2024\/01\/23\/se-proyecta-el-crecimiento-de-arboles-nativos-y-la-rentabilidad-de-la-restauracion-forestal\/#primaryimage"},"thumbnailUrl":"https:\/\/www.eldiario.net\/portal\/wp-content\/uploads\/2023\/12\/Opinion.jpg","articleSection":["Opini\u00f3n"],"inLanguage":"es","potentialAction":[{"@type":"CommentAction","name":"Comment","target":["https:\/\/www.eldiario.net\/portal\/2024\/01\/23\/se-proyecta-el-crecimiento-de-arboles-nativos-y-la-rentabilidad-de-la-restauracion-forestal\/#respond"]}]},{"@type":"WebPage","@id":"https:\/\/www.eldiario.net\/portal\/2024\/01\/23\/se-proyecta-el-crecimiento-de-arboles-nativos-y-la-rentabilidad-de-la-restauracion-forestal\/","url":"https:\/\/www.eldiario.net\/portal\/2024\/01\/23\/se-proyecta-el-crecimiento-de-arboles-nativos-y-la-rentabilidad-de-la-restauracion-forestal\/","name":"Se proyecta el crecimiento de \u00e1rboles nativos y la rentabilidad de la restauraci\u00f3n forestal - El Diario - Bolivia","isPartOf":{"@id":"https:\/\/www.eldiario.net\/portal\/#website"},"primaryImageOfPage":{"@id":"https:\/\/www.eldiario.net\/portal\/2024\/01\/23\/se-proyecta-el-crecimiento-de-arboles-nativos-y-la-rentabilidad-de-la-restauracion-forestal\/#primaryimage"},"image":{"@id":"https:\/\/www.eldiario.net\/portal\/2024\/01\/23\/se-proyecta-el-crecimiento-de-arboles-nativos-y-la-rentabilidad-de-la-restauracion-forestal\/#primaryimage"},"thumbnailUrl":"https:\/\/www.eldiario.net\/portal\/wp-content\/uploads\/2023\/12\/Opinion.jpg","datePublished":"2024-01-23T09:54:14+00:00","breadcrumb":{"@id":"https:\/\/www.eldiario.net\/portal\/2024\/01\/23\/se-proyecta-el-crecimiento-de-arboles-nativos-y-la-rentabilidad-de-la-restauracion-forestal\/#breadcrumb"},"inLanguage":"es","potentialAction":[{"@type":"ReadAction","target":["https:\/\/www.eldiario.net\/portal\/2024\/01\/23\/se-proyecta-el-crecimiento-de-arboles-nativos-y-la-rentabilidad-de-la-restauracion-forestal\/"]}]},{"@type":"ImageObject","inLanguage":"es","@id":"https:\/\/www.eldiario.net\/portal\/2024\/01\/23\/se-proyecta-el-crecimiento-de-arboles-nativos-y-la-rentabilidad-de-la-restauracion-forestal\/#primaryimage","url":"https:\/\/www.eldiario.net\/portal\/wp-content\/uploads\/2023\/12\/Opinion.jpg","contentUrl":"https:\/\/www.eldiario.net\/portal\/wp-content\/uploads\/2023\/12\/Opinion.jpg","width":800,"height":500},{"@type":"BreadcrumbList","@id":"https:\/\/www.eldiario.net\/portal\/2024\/01\/23\/se-proyecta-el-crecimiento-de-arboles-nativos-y-la-rentabilidad-de-la-restauracion-forestal\/#breadcrumb","itemListElement":[{"@type":"ListItem","position":1,"name":"Portada","item":"https:\/\/www.eldiario.net\/portal\/"},{"@type":"ListItem","position":2,"name":"Se proyecta el crecimiento de \u00e1rboles nativos y la rentabilidad de la restauraci\u00f3n forestal"}]},{"@type":"WebSite","@id":"https:\/\/www.eldiario.net\/portal\/#website","url":"https:\/\/www.eldiario.net\/portal\/","name":"El Diario - Decano de la prensa nacional","description":"El Diario - Decano de la prensa nacional","publisher":{"@id":"https:\/\/www.eldiario.net\/portal\/#organization"},"potentialAction":[{"@type":"SearchAction","target":{"@type":"EntryPoint","urlTemplate":"https:\/\/www.eldiario.net\/portal\/?s={search_term_string}"},"query-input":{"@type":"PropertyValueSpecification","valueRequired":true,"valueName":"search_term_string"}}],"inLanguage":"es"},{"@type":"Organization","@id":"https:\/\/www.eldiario.net\/portal\/#organization","name":"El Diario - Decano de la prensa nacional","url":"https:\/\/www.eldiario.net\/portal\/","logo":{"@type":"ImageObject","inLanguage":"es","@id":"https:\/\/www.eldiario.net\/portal\/#\/schema\/logo\/image\/","url":"https:\/\/www.eldiario.net\/portal\/wp-content\/uploads\/2023\/07\/logo_ED.jpg","contentUrl":"https:\/\/www.eldiario.net\/portal\/wp-content\/uploads\/2023\/07\/logo_ED.jpg","width":272,"height":52,"caption":"El Diario - Decano de la prensa nacional"},"image":{"@id":"https:\/\/www.eldiario.net\/portal\/#\/schema\/logo\/image\/"},"sameAs":["https:\/\/www.facebook.com\/eldiario.bolivia\/","https:\/\/x.com\/eldiario_net"]},{"@type":"Person","@id":"https:\/\/www.eldiario.net\/portal\/#\/schema\/person\/2c57cf2b7a7ae032e449e4c9b1019eac","name":"Jeanette","image":{"@type":"ImageObject","inLanguage":"es","@id":"https:\/\/secure.gravatar.com\/avatar\/3ea2118a5f7dad2b7138b1187a6b7ee55f160b9968b66013c3a3ef39dd7e5798?s=96&d=mm&r=g","url":"https:\/\/secure.gravatar.com\/avatar\/3ea2118a5f7dad2b7138b1187a6b7ee55f160b9968b66013c3a3ef39dd7e5798?s=96&d=mm&r=g","contentUrl":"https:\/\/secure.gravatar.com\/avatar\/3ea2118a5f7dad2b7138b1187a6b7ee55f160b9968b66013c3a3ef39dd7e5798?s=96&d=mm&r=g","caption":"Jeanette"},"sameAs":["https:\/\/www.eldiario.net\/portal"],"url":"https:\/\/www.eldiario.net\/portal\/author\/jeanette\/"}]}},"_links":{"self":[{"href":"https:\/\/www.eldiario.net\/portal\/wp-json\/wp\/v2\/posts\/199066","targetHints":{"allow":["GET"]}}],"collection":[{"href":"https:\/\/www.eldiario.net\/portal\/wp-json\/wp\/v2\/posts"}],"about":[{"href":"https:\/\/www.eldiario.net\/portal\/wp-json\/wp\/v2\/types\/post"}],"author":[{"embeddable":true,"href":"https:\/\/www.eldiario.net\/portal\/wp-json\/wp\/v2\/users\/1"}],"replies":[{"embeddable":true,"href":"https:\/\/www.eldiario.net\/portal\/wp-json\/wp\/v2\/comments?post=199066"}],"version-history":[{"count":1,"href":"https:\/\/www.eldiario.net\/portal\/wp-json\/wp\/v2\/posts\/199066\/revisions"}],"predecessor-version":[{"id":199067,"href":"https:\/\/www.eldiario.net\/portal\/wp-json\/wp\/v2\/posts\/199066\/revisions\/199067"}],"wp:featuredmedia":[{"embeddable":true,"href":"https:\/\/www.eldiario.net\/portal\/wp-json\/wp\/v2\/media\/194790"}],"wp:attachment":[{"href":"https:\/\/www.eldiario.net\/portal\/wp-json\/wp\/v2\/media?parent=199066"}],"wp:term":[{"taxonomy":"category","embeddable":true,"href":"https:\/\/www.eldiario.net\/portal\/wp-json\/wp\/v2\/categories?post=199066"},{"taxonomy":"post_tag","embeddable":true,"href":"https:\/\/www.eldiario.net\/portal\/wp-json\/wp\/v2\/tags?post=199066"}],"curies":[{"name":"wp","href":"https:\/\/api.w.org\/{rel}","templated":true}]}}