{"id":199060,"date":"2024-01-22T07:21:57","date_gmt":"2024-01-22T11:21:57","guid":{"rendered":"https:\/\/www.eldiario.net\/portal\/?p=199060"},"modified":"2024-01-22T07:21:57","modified_gmt":"2024-01-22T11:21:57","slug":"primer-camion-de-hidrogeno-gaseoso-con-autonomia-para-1000-kilometros","status":"publish","type":"post","link":"https:\/\/www.eldiario.net\/portal\/2024\/01\/22\/primer-camion-de-hidrogeno-gaseoso-con-autonomia-para-1000-kilometros\/","title":{"rendered":"Primer cami\u00f3n de hidr\u00f3geno gaseoso con autonom\u00eda para 1000 kil\u00f3metros"},"content":{"rendered":"<p>El\u00a0cami\u00f3n de hidr\u00f3geno se ha situado como una tecnolog\u00eda con un gran potencial debido a sus m\u00faltiples beneficios en el transporte. Recordemos que este elemento no se ha visto con gran frecuencia en su estado gaseoso en esta industria, pero la\u00a0empresa china\u00a0Hybot acaba de presentar su propio concepto. Se trata de una unidad cuyas\u00a0primeras entregas podr\u00edan producirse en peque\u00f1os lotes en 2024, siendo 2025 el a\u00f1o en el que se producir\u00eda su comercializaci\u00f3n en masa.<\/p>\n<p><strong>El cami\u00f3n de hidr\u00f3geno gaseoso que ya ha sido presentado por una start-up china<\/strong><\/p>\n<p>La empresa Hybot, con sede en Guangzhou, ha realizado un evento para mostrar un veh\u00edculo que puede cambiar para siempre el sector del transporte de mercanc\u00edas. Su rendimiento mejora a la pila de combustible de hidr\u00f3geno presentada por otros fabricantes de la talla de Daimler, por lo que se esperan m\u00faltiples noticias de esta marca asociada a esta innovaci\u00f3n. La mejora se traducir\u00eda en\u00a0una reducci\u00f3n del consumo de hasta un 20%, un registro que permitir\u00eda alcanzar los mil kil\u00f3metros por cada dep\u00f3sito completo.<\/p>\n<p>El Hybot es considerado como el cami\u00f3n de hidr\u00f3geno m\u00e1s eficiente de la industria del transporte de mercanc\u00edas.<\/p>\n<p>Hybot habr\u00eda logrado un\u00a0consumo de ocho kilogramos de H2 cada 100 kil\u00f3metros\u00a0con el\u00a0H49, lo cual mejorar\u00eda notablemente lo logrado por otras empresas del sector. De esta manera, bastar\u00eda con que dispusiese de 80 kilogramos de combustible para disfrutar del recorrido mencionado anteriormente. Al parecer, este registro se habr\u00eda logrado teniendo en cuenta una\u00a0capacidad de carga de carga de 49 toneladas. Aun as\u00ed, hay elementos adicionales que convierten a este modelo en un medio de transporte revolucionario.<\/p>\n<p>De acuerdo con\u00a0Hydrogen Insight, el agua generada como residuo\u00a0como consecuencia de la pila de combustible\u00a0puede ser utilizada por el conductor para su propio aseo personal. El agua queda almacenada en un dep\u00f3sito para poder ser utilizada como ducha, la cual\u00a0ser\u00eda impulsada a presi\u00f3n mediante una bomba de presi\u00f3n. Se trata de una propuesta que servir\u00eda como elemento diferenciador de este sistema respecto a cualquier otro medio de transporte y tecnolog\u00eda centrada en el transporte.<\/p>\n","protected":false},"excerpt":{"rendered":"<p>El\u00a0cami\u00f3n de hidr\u00f3geno se ha situado como una tecnolog\u00eda con un gran potencial debido a sus m\u00faltiples beneficios en el transporte. Recordemos que este elemento no se ha visto con gran frecuencia en su estado gaseoso en esta industria, pero la\u00a0empresa china\u00a0Hybot acaba de presentar su propio concepto. Se trata de una unidad cuyas\u00a0primeras entregas [&hellip;]<\/p>\n","protected":false},"author":1,"featured_media":199061,"comment_status":"open","ping_status":"open","sticky":false,"template":"","format":"standard","meta":{"_acf_changed":false,"footnotes":""},"categories":[46],"tags":[],"class_list":["post-199060","post","type-post","status-publish","format-standard","has-post-thumbnail","category-ciencia-computacion"],"acf":{"antetitulo":""},"yoast_head":"<!-- This site is optimized with the Yoast SEO plugin v28.4 - https:\/\/yoast.com\/product\/yoast-seo-wordpress\/ -->\n<title>Primer cami\u00f3n de hidr\u00f3geno gaseoso con autonom\u00eda para 1000 kil\u00f3metros - El Diario - Bolivia<\/title>\n<meta name=\"robots\" content=\"index, follow, max-snippet:-1, max-image-preview:large, max-video-preview:-1\" \/>\n<link rel=\"canonical\" href=\"https:\/\/www.eldiario.net\/portal\/2024\/01\/22\/primer-camion-de-hidrogeno-gaseoso-con-autonomia-para-1000-kilometros\/\" \/>\n<meta property=\"og:locale\" content=\"es_ES\" \/>\n<meta property=\"og:type\" content=\"article\" \/>\n<meta property=\"og:title\" content=\"Primer cami\u00f3n de hidr\u00f3geno gaseoso con autonom\u00eda para 1000 kil\u00f3metros - El Diario - Bolivia\" \/>\n<meta property=\"og:description\" content=\"El\u00a0cami\u00f3n de hidr\u00f3geno se ha situado como una tecnolog\u00eda con un gran potencial debido a sus m\u00faltiples beneficios en el transporte. Recordemos que este elemento no se ha visto con gran frecuencia en su estado gaseoso en esta industria, pero la\u00a0empresa china\u00a0Hybot acaba de presentar su propio concepto. Se trata de una unidad cuyas\u00a0primeras entregas [&hellip;]\" \/>\n<meta property=\"og:url\" content=\"https:\/\/www.eldiario.net\/portal\/2024\/01\/22\/primer-camion-de-hidrogeno-gaseoso-con-autonomia-para-1000-kilometros\/\" \/>\n<meta property=\"og:site_name\" content=\"El Diario - Bolivia\" \/>\n<meta property=\"article:publisher\" content=\"https:\/\/www.facebook.com\/eldiario.bolivia\/\" \/>\n<meta property=\"article:published_time\" content=\"2024-01-22T11:21:57+00:00\" \/>\n<meta property=\"og:image\" content=\"https:\/\/www.eldiario.net\/portal\/wp-content\/uploads\/2024\/01\/2-A-1-scaled.jpg\" \/>\n\t<meta property=\"og:image:width\" content=\"2560\" \/>\n\t<meta property=\"og:image:height\" content=\"1710\" \/>\n\t<meta property=\"og:image:type\" content=\"image\/jpeg\" \/>\n<meta name=\"author\" content=\"Jeanette\" \/>\n<meta name=\"twitter:card\" content=\"summary_large_image\" \/>\n<meta name=\"twitter:creator\" content=\"@eldiario_net\" \/>\n<meta name=\"twitter:site\" content=\"@eldiario_net\" \/>\n<meta name=\"twitter:label1\" content=\"Escrito por\" \/>\n\t<meta name=\"twitter:data1\" content=\"Jeanette\" \/>\n\t<meta name=\"twitter:label2\" content=\"Tiempo de lectura\" \/>\n\t<meta name=\"twitter:data2\" content=\"2 minutos\" \/>\n<script type=\"application\/ld+json\" class=\"yoast-schema-graph\">{\"@context\":\"https:\\\/\\\/schema.org\",\"@graph\":[{\"@type\":\"Article\",\"@id\":\"https:\\\/\\\/www.eldiario.net\\\/portal\\\/2024\\\/01\\\/22\\\/primer-camion-de-hidrogeno-gaseoso-con-autonomia-para-1000-kilometros\\\/#article\",\"isPartOf\":{\"@id\":\"https:\\\/\\\/www.eldiario.net\\\/portal\\\/2024\\\/01\\\/22\\\/primer-camion-de-hidrogeno-gaseoso-con-autonomia-para-1000-kilometros\\\/\"},\"author\":{\"name\":\"Jeanette\",\"@id\":\"https:\\\/\\\/www.eldiario.net\\\/portal\\\/#\\\/schema\\\/person\\\/f46445640444750d7d753ccd04ae01b7\"},\"headline\":\"Primer cami\u00f3n de hidr\u00f3geno gaseoso con autonom\u00eda para 1000 kil\u00f3metros\",\"datePublished\":\"2024-01-22T11:21:57+00:00\",\"mainEntityOfPage\":{\"@id\":\"https:\\\/\\\/www.eldiario.net\\\/portal\\\/2024\\\/01\\\/22\\\/primer-camion-de-hidrogeno-gaseoso-con-autonomia-para-1000-kilometros\\\/\"},\"wordCount\":396,\"commentCount\":0,\"publisher\":{\"@id\":\"https:\\\/\\\/www.eldiario.net\\\/portal\\\/#organization\"},\"image\":{\"@id\":\"https:\\\/\\\/www.eldiario.net\\\/portal\\\/2024\\\/01\\\/22\\\/primer-camion-de-hidrogeno-gaseoso-con-autonomia-para-1000-kilometros\\\/#primaryimage\"},\"thumbnailUrl\":\"https:\\\/\\\/www.eldiario.net\\\/portal\\\/wp-content\\\/uploads\\\/2024\\\/01\\\/2-A-1-scaled.jpg\",\"articleSection\":[\"Ciencia y Computaci\u00f3n\"],\"inLanguage\":\"es\",\"potentialAction\":[{\"@type\":\"CommentAction\",\"name\":\"Comment\",\"target\":[\"https:\\\/\\\/www.eldiario.net\\\/portal\\\/2024\\\/01\\\/22\\\/primer-camion-de-hidrogeno-gaseoso-con-autonomia-para-1000-kilometros\\\/#respond\"]}]},{\"@type\":\"WebPage\",\"@id\":\"https:\\\/\\\/www.eldiario.net\\\/portal\\\/2024\\\/01\\\/22\\\/primer-camion-de-hidrogeno-gaseoso-con-autonomia-para-1000-kilometros\\\/\",\"url\":\"https:\\\/\\\/www.eldiario.net\\\/portal\\\/2024\\\/01\\\/22\\\/primer-camion-de-hidrogeno-gaseoso-con-autonomia-para-1000-kilometros\\\/\",\"name\":\"Primer cami\u00f3n de hidr\u00f3geno gaseoso con autonom\u00eda para 1000 kil\u00f3metros - El Diario - Bolivia\",\"isPartOf\":{\"@id\":\"https:\\\/\\\/www.eldiario.net\\\/portal\\\/#website\"},\"primaryImageOfPage\":{\"@id\":\"https:\\\/\\\/www.eldiario.net\\\/portal\\\/2024\\\/01\\\/22\\\/primer-camion-de-hidrogeno-gaseoso-con-autonomia-para-1000-kilometros\\\/#primaryimage\"},\"image\":{\"@id\":\"https:\\\/\\\/www.eldiario.net\\\/portal\\\/2024\\\/01\\\/22\\\/primer-camion-de-hidrogeno-gaseoso-con-autonomia-para-1000-kilometros\\\/#primaryimage\"},\"thumbnailUrl\":\"https:\\\/\\\/www.eldiario.net\\\/portal\\\/wp-content\\\/uploads\\\/2024\\\/01\\\/2-A-1-scaled.jpg\",\"datePublished\":\"2024-01-22T11:21:57+00:00\",\"breadcrumb\":{\"@id\":\"https:\\\/\\\/www.eldiario.net\\\/portal\\\/2024\\\/01\\\/22\\\/primer-camion-de-hidrogeno-gaseoso-con-autonomia-para-1000-kilometros\\\/#breadcrumb\"},\"inLanguage\":\"es\",\"potentialAction\":[{\"@type\":\"ReadAction\",\"target\":[\"https:\\\/\\\/www.eldiario.net\\\/portal\\\/2024\\\/01\\\/22\\\/primer-camion-de-hidrogeno-gaseoso-con-autonomia-para-1000-kilometros\\\/\"]}]},{\"@type\":\"ImageObject\",\"inLanguage\":\"es\",\"@id\":\"https:\\\/\\\/www.eldiario.net\\\/portal\\\/2024\\\/01\\\/22\\\/primer-camion-de-hidrogeno-gaseoso-con-autonomia-para-1000-kilometros\\\/#primaryimage\",\"url\":\"https:\\\/\\\/www.eldiario.net\\\/portal\\\/wp-content\\\/uploads\\\/2024\\\/01\\\/2-A-1-scaled.jpg\",\"contentUrl\":\"https:\\\/\\\/www.eldiario.net\\\/portal\\\/wp-content\\\/uploads\\\/2024\\\/01\\\/2-A-1-scaled.jpg\",\"width\":2560,\"height\":1710},{\"@type\":\"BreadcrumbList\",\"@id\":\"https:\\\/\\\/www.eldiario.net\\\/portal\\\/2024\\\/01\\\/22\\\/primer-camion-de-hidrogeno-gaseoso-con-autonomia-para-1000-kilometros\\\/#breadcrumb\",\"itemListElement\":[{\"@type\":\"ListItem\",\"position\":1,\"name\":\"Portada\",\"item\":\"https:\\\/\\\/www.eldiario.net\\\/portal\\\/\"},{\"@type\":\"ListItem\",\"position\":2,\"name\":\"Primer cami\u00f3n de hidr\u00f3geno gaseoso con autonom\u00eda para 1000 kil\u00f3metros\"}]},{\"@type\":\"WebSite\",\"@id\":\"https:\\\/\\\/www.eldiario.net\\\/portal\\\/#website\",\"url\":\"https:\\\/\\\/www.eldiario.net\\\/portal\\\/\",\"name\":\"El Diario - Decano de la prensa nacional\",\"description\":\"El Diario - Decano de la prensa nacional\",\"publisher\":{\"@id\":\"https:\\\/\\\/www.eldiario.net\\\/portal\\\/#organization\"},\"potentialAction\":[{\"@type\":\"SearchAction\",\"target\":{\"@type\":\"EntryPoint\",\"urlTemplate\":\"https:\\\/\\\/www.eldiario.net\\\/portal\\\/?s={search_term_string}\"},\"query-input\":{\"@type\":\"PropertyValueSpecification\",\"valueRequired\":true,\"valueName\":\"search_term_string\"}}],\"inLanguage\":\"es\"},{\"@type\":\"Organization\",\"@id\":\"https:\\\/\\\/www.eldiario.net\\\/portal\\\/#organization\",\"name\":\"El Diario - Decano de la prensa nacional\",\"url\":\"https:\\\/\\\/www.eldiario.net\\\/portal\\\/\",\"logo\":{\"@type\":\"ImageObject\",\"inLanguage\":\"es\",\"@id\":\"https:\\\/\\\/www.eldiario.net\\\/portal\\\/#\\\/schema\\\/logo\\\/image\\\/\",\"url\":\"https:\\\/\\\/www.eldiario.net\\\/portal\\\/wp-content\\\/uploads\\\/2023\\\/07\\\/logo_ED.jpg\",\"contentUrl\":\"https:\\\/\\\/www.eldiario.net\\\/portal\\\/wp-content\\\/uploads\\\/2023\\\/07\\\/logo_ED.jpg\",\"width\":272,\"height\":52,\"caption\":\"El Diario - Decano de la prensa nacional\"},\"image\":{\"@id\":\"https:\\\/\\\/www.eldiario.net\\\/portal\\\/#\\\/schema\\\/logo\\\/image\\\/\"},\"sameAs\":[\"https:\\\/\\\/www.facebook.com\\\/eldiario.bolivia\\\/\",\"https:\\\/\\\/x.com\\\/eldiario_net\"]},{\"@type\":\"Person\",\"@id\":\"https:\\\/\\\/www.eldiario.net\\\/portal\\\/#\\\/schema\\\/person\\\/f46445640444750d7d753ccd04ae01b7\",\"name\":\"Jeanette\",\"image\":{\"@type\":\"ImageObject\",\"inLanguage\":\"es\",\"@id\":\"https:\\\/\\\/secure.gravatar.com\\\/avatar\\\/3ea2118a5f7dad2b7138b1187a6b7ee55f160b9968b66013c3a3ef39dd7e5798?s=96&d=mm&r=g\",\"url\":\"https:\\\/\\\/secure.gravatar.com\\\/avatar\\\/3ea2118a5f7dad2b7138b1187a6b7ee55f160b9968b66013c3a3ef39dd7e5798?s=96&d=mm&r=g\",\"contentUrl\":\"https:\\\/\\\/secure.gravatar.com\\\/avatar\\\/3ea2118a5f7dad2b7138b1187a6b7ee55f160b9968b66013c3a3ef39dd7e5798?s=96&d=mm&r=g\",\"caption\":\"Jeanette\"},\"sameAs\":[\"https:\\\/\\\/www.eldiario.net\\\/portal\"],\"url\":\"https:\\\/\\\/www.eldiario.net\\\/portal\\\/author\\\/jeanette\\\/\"}]}<\/script>\n<!-- \/ Yoast SEO plugin. -->","yoast_head_json":{"title":"Primer cami\u00f3n de hidr\u00f3geno gaseoso con autonom\u00eda para 1000 kil\u00f3metros - El Diario - Bolivia","robots":{"index":"index","follow":"follow","max-snippet":"max-snippet:-1","max-image-preview":"max-image-preview:large","max-video-preview":"max-video-preview:-1"},"canonical":"https:\/\/www.eldiario.net\/portal\/2024\/01\/22\/primer-camion-de-hidrogeno-gaseoso-con-autonomia-para-1000-kilometros\/","og_locale":"es_ES","og_type":"article","og_title":"Primer cami\u00f3n de hidr\u00f3geno gaseoso con autonom\u00eda para 1000 kil\u00f3metros - El Diario - Bolivia","og_description":"El\u00a0cami\u00f3n de hidr\u00f3geno se ha situado como una tecnolog\u00eda con un gran potencial debido a sus m\u00faltiples beneficios en el transporte. Recordemos que este elemento no se ha visto con gran frecuencia en su estado gaseoso en esta industria, pero la\u00a0empresa china\u00a0Hybot acaba de presentar su propio concepto. Se trata de una unidad cuyas\u00a0primeras entregas [&hellip;]","og_url":"https:\/\/www.eldiario.net\/portal\/2024\/01\/22\/primer-camion-de-hidrogeno-gaseoso-con-autonomia-para-1000-kilometros\/","og_site_name":"El Diario - Bolivia","article_publisher":"https:\/\/www.facebook.com\/eldiario.bolivia\/","article_published_time":"2024-01-22T11:21:57+00:00","og_image":[{"width":2560,"height":1710,"url":"https:\/\/www.eldiario.net\/portal\/wp-content\/uploads\/2024\/01\/2-A-1-scaled.jpg","type":"image\/jpeg"}],"author":"Jeanette","twitter_card":"summary_large_image","twitter_creator":"@eldiario_net","twitter_site":"@eldiario_net","twitter_misc":{"Escrito por":"Jeanette","Tiempo de lectura":"2 minutos"},"schema":{"@context":"https:\/\/schema.org","@graph":[{"@type":"Article","@id":"https:\/\/www.eldiario.net\/portal\/2024\/01\/22\/primer-camion-de-hidrogeno-gaseoso-con-autonomia-para-1000-kilometros\/#article","isPartOf":{"@id":"https:\/\/www.eldiario.net\/portal\/2024\/01\/22\/primer-camion-de-hidrogeno-gaseoso-con-autonomia-para-1000-kilometros\/"},"author":{"name":"Jeanette","@id":"https:\/\/www.eldiario.net\/portal\/#\/schema\/person\/f46445640444750d7d753ccd04ae01b7"},"headline":"Primer cami\u00f3n de hidr\u00f3geno gaseoso con autonom\u00eda para 1000 kil\u00f3metros","datePublished":"2024-01-22T11:21:57+00:00","mainEntityOfPage":{"@id":"https:\/\/www.eldiario.net\/portal\/2024\/01\/22\/primer-camion-de-hidrogeno-gaseoso-con-autonomia-para-1000-kilometros\/"},"wordCount":396,"commentCount":0,"publisher":{"@id":"https:\/\/www.eldiario.net\/portal\/#organization"},"image":{"@id":"https:\/\/www.eldiario.net\/portal\/2024\/01\/22\/primer-camion-de-hidrogeno-gaseoso-con-autonomia-para-1000-kilometros\/#primaryimage"},"thumbnailUrl":"https:\/\/www.eldiario.net\/portal\/wp-content\/uploads\/2024\/01\/2-A-1-scaled.jpg","articleSection":["Ciencia y Computaci\u00f3n"],"inLanguage":"es","potentialAction":[{"@type":"CommentAction","name":"Comment","target":["https:\/\/www.eldiario.net\/portal\/2024\/01\/22\/primer-camion-de-hidrogeno-gaseoso-con-autonomia-para-1000-kilometros\/#respond"]}]},{"@type":"WebPage","@id":"https:\/\/www.eldiario.net\/portal\/2024\/01\/22\/primer-camion-de-hidrogeno-gaseoso-con-autonomia-para-1000-kilometros\/","url":"https:\/\/www.eldiario.net\/portal\/2024\/01\/22\/primer-camion-de-hidrogeno-gaseoso-con-autonomia-para-1000-kilometros\/","name":"Primer cami\u00f3n de hidr\u00f3geno gaseoso con autonom\u00eda para 1000 kil\u00f3metros - El Diario - Bolivia","isPartOf":{"@id":"https:\/\/www.eldiario.net\/portal\/#website"},"primaryImageOfPage":{"@id":"https:\/\/www.eldiario.net\/portal\/2024\/01\/22\/primer-camion-de-hidrogeno-gaseoso-con-autonomia-para-1000-kilometros\/#primaryimage"},"image":{"@id":"https:\/\/www.eldiario.net\/portal\/2024\/01\/22\/primer-camion-de-hidrogeno-gaseoso-con-autonomia-para-1000-kilometros\/#primaryimage"},"thumbnailUrl":"https:\/\/www.eldiario.net\/portal\/wp-content\/uploads\/2024\/01\/2-A-1-scaled.jpg","datePublished":"2024-01-22T11:21:57+00:00","breadcrumb":{"@id":"https:\/\/www.eldiario.net\/portal\/2024\/01\/22\/primer-camion-de-hidrogeno-gaseoso-con-autonomia-para-1000-kilometros\/#breadcrumb"},"inLanguage":"es","potentialAction":[{"@type":"ReadAction","target":["https:\/\/www.eldiario.net\/portal\/2024\/01\/22\/primer-camion-de-hidrogeno-gaseoso-con-autonomia-para-1000-kilometros\/"]}]},{"@type":"ImageObject","inLanguage":"es","@id":"https:\/\/www.eldiario.net\/portal\/2024\/01\/22\/primer-camion-de-hidrogeno-gaseoso-con-autonomia-para-1000-kilometros\/#primaryimage","url":"https:\/\/www.eldiario.net\/portal\/wp-content\/uploads\/2024\/01\/2-A-1-scaled.jpg","contentUrl":"https:\/\/www.eldiario.net\/portal\/wp-content\/uploads\/2024\/01\/2-A-1-scaled.jpg","width":2560,"height":1710},{"@type":"BreadcrumbList","@id":"https:\/\/www.eldiario.net\/portal\/2024\/01\/22\/primer-camion-de-hidrogeno-gaseoso-con-autonomia-para-1000-kilometros\/#breadcrumb","itemListElement":[{"@type":"ListItem","position":1,"name":"Portada","item":"https:\/\/www.eldiario.net\/portal\/"},{"@type":"ListItem","position":2,"name":"Primer cami\u00f3n de hidr\u00f3geno gaseoso con autonom\u00eda para 1000 kil\u00f3metros"}]},{"@type":"WebSite","@id":"https:\/\/www.eldiario.net\/portal\/#website","url":"https:\/\/www.eldiario.net\/portal\/","name":"El Diario - Decano de la prensa nacional","description":"El Diario - Decano de la prensa nacional","publisher":{"@id":"https:\/\/www.eldiario.net\/portal\/#organization"},"potentialAction":[{"@type":"SearchAction","target":{"@type":"EntryPoint","urlTemplate":"https:\/\/www.eldiario.net\/portal\/?s={search_term_string}"},"query-input":{"@type":"PropertyValueSpecification","valueRequired":true,"valueName":"search_term_string"}}],"inLanguage":"es"},{"@type":"Organization","@id":"https:\/\/www.eldiario.net\/portal\/#organization","name":"El Diario - Decano de la prensa nacional","url":"https:\/\/www.eldiario.net\/portal\/","logo":{"@type":"ImageObject","inLanguage":"es","@id":"https:\/\/www.eldiario.net\/portal\/#\/schema\/logo\/image\/","url":"https:\/\/www.eldiario.net\/portal\/wp-content\/uploads\/2023\/07\/logo_ED.jpg","contentUrl":"https:\/\/www.eldiario.net\/portal\/wp-content\/uploads\/2023\/07\/logo_ED.jpg","width":272,"height":52,"caption":"El Diario - Decano de la prensa nacional"},"image":{"@id":"https:\/\/www.eldiario.net\/portal\/#\/schema\/logo\/image\/"},"sameAs":["https:\/\/www.facebook.com\/eldiario.bolivia\/","https:\/\/x.com\/eldiario_net"]},{"@type":"Person","@id":"https:\/\/www.eldiario.net\/portal\/#\/schema\/person\/f46445640444750d7d753ccd04ae01b7","name":"Jeanette","image":{"@type":"ImageObject","inLanguage":"es","@id":"https:\/\/secure.gravatar.com\/avatar\/3ea2118a5f7dad2b7138b1187a6b7ee55f160b9968b66013c3a3ef39dd7e5798?s=96&d=mm&r=g","url":"https:\/\/secure.gravatar.com\/avatar\/3ea2118a5f7dad2b7138b1187a6b7ee55f160b9968b66013c3a3ef39dd7e5798?s=96&d=mm&r=g","contentUrl":"https:\/\/secure.gravatar.com\/avatar\/3ea2118a5f7dad2b7138b1187a6b7ee55f160b9968b66013c3a3ef39dd7e5798?s=96&d=mm&r=g","caption":"Jeanette"},"sameAs":["https:\/\/www.eldiario.net\/portal"],"url":"https:\/\/www.eldiario.net\/portal\/author\/jeanette\/"}]}},"_links":{"self":[{"href":"https:\/\/www.eldiario.net\/portal\/wp-json\/wp\/v2\/posts\/199060","targetHints":{"allow":["GET"]}}],"collection":[{"href":"https:\/\/www.eldiario.net\/portal\/wp-json\/wp\/v2\/posts"}],"about":[{"href":"https:\/\/www.eldiario.net\/portal\/wp-json\/wp\/v2\/types\/post"}],"author":[{"embeddable":true,"href":"https:\/\/www.eldiario.net\/portal\/wp-json\/wp\/v2\/users\/1"}],"replies":[{"embeddable":true,"href":"https:\/\/www.eldiario.net\/portal\/wp-json\/wp\/v2\/comments?post=199060"}],"version-history":[{"count":1,"href":"https:\/\/www.eldiario.net\/portal\/wp-json\/wp\/v2\/posts\/199060\/revisions"}],"predecessor-version":[{"id":199062,"href":"https:\/\/www.eldiario.net\/portal\/wp-json\/wp\/v2\/posts\/199060\/revisions\/199062"}],"wp:featuredmedia":[{"embeddable":true,"href":"https:\/\/www.eldiario.net\/portal\/wp-json\/wp\/v2\/media\/199061"}],"wp:attachment":[{"href":"https:\/\/www.eldiario.net\/portal\/wp-json\/wp\/v2\/media?parent=199060"}],"wp:term":[{"taxonomy":"category","embeddable":true,"href":"https:\/\/www.eldiario.net\/portal\/wp-json\/wp\/v2\/categories?post=199060"},{"taxonomy":"post_tag","embeddable":true,"href":"https:\/\/www.eldiario.net\/portal\/wp-json\/wp\/v2\/tags?post=199060"}],"curies":[{"name":"wp","href":"https:\/\/api.w.org\/{rel}","templated":true}]}}