{"id":199057,"date":"2024-01-22T07:20:17","date_gmt":"2024-01-22T11:20:17","guid":{"rendered":"https:\/\/www.eldiario.net\/portal\/?p=199057"},"modified":"2024-01-22T07:20:17","modified_gmt":"2024-01-22T11:20:17","slug":"las-laptops-rog-ahora-crecen-a-las-18-pulgadas","status":"publish","type":"post","link":"https:\/\/www.eldiario.net\/portal\/2024\/01\/22\/las-laptops-rog-ahora-crecen-a-las-18-pulgadas\/","title":{"rendered":"Las laptops ROG ahora crecen a las 18 pulgadas"},"content":{"rendered":"<p>ROG\u00a0ha anunciado en el CES 2024 sus nuevos equipos port\u00e1tiles de distintas l\u00edneas, Zephyrus, Strix, y\u00a0hasta un equipo NUC con tarjetas gr\u00e1ficas RTX de la serie 40.\u00a0Estas laptops llegan no solo con procesadores Intel Core Ultra, sino tambi\u00e9n con los de 14a generaci\u00f3n, as\u00ed como con los AMD Ryzen de la serie 8000.<\/p>\n<p><strong>Laptops Strix Scar que llegan a las 18 pulgadas<\/strong><\/p>\n<p>Empezando por los equipos de la serie ROG Strix Scar, se trata de unas laptops que podr\u00e1n incluir hasta procesadores\u00a0Intel Core i9 14900HX\u00a0con TDP m\u00e1ximo de 65W, adem\u00e1s de tarjetas gr\u00e1ficas NVIDIA GeForce RTX 4090 para laptops.<\/p>\n<p>Como tecnolog\u00eda de enfriamiento tienen\u00a0ROG Intelligent Cooling, con una tecnolog\u00eda de ventiladores triples, adem\u00e1s de\u00a0metal l\u00edquido tanto en la CPU como en la GPU.<\/p>\n<p>En el resto de especificaciones cuentan con soporte para 64 GB de RAM DDR5 a 5600 MHz, as\u00ed como capacidad de\u00a0hasta 4TB de almacenamiento\u00a0(2TB+2TB PCIe 4.0 por SSD con Raid 0), as\u00ed como Thunderbolt 4, Wi-Fi 6E y bater\u00eda de 90 Wh con carga r\u00e1pida.<\/p>\n<p>Estos modelos cuentan con dos tama\u00f1os de pantalla, 16 y 18 pulgadas con un brillo m\u00e1ximo de 1100 nits, Mini-LED de 2.5K a 240 Hz, que cubre el 100% DCI-P3 en m\u00e1s de 2,000 zonas de oscurecimiento, soporte para Dolby Vision\/Atmos, y certificaciones NVIDIA G-SYNC y PANTONE.<\/p>\n<p>Los siguientes equipos en la lista son las\u00a0ROG Strix G16 y G18, que llegan adem\u00e1s de en dos opciones de colores en dos tama\u00f1os, ambos con relaci\u00f3n de aspecto 16:10. Estas laptops incluyen procesadores Intel Core i9 con un TDP m\u00e1ximo de 65W y tarjetas gr\u00e1ficas NVIDIA GeForce RTX 4080.<\/p>\n<p>Al igual que las Strix Scar, tambi\u00e9n incluyen el\u00a0ROG Intelligent Cooling\u00a0con la tecnolog\u00eda de\u00a0ventiladores triples y metal l\u00edquido\u00a0tanto en la CPU como en la GPU en algunos de sus modelos.<\/p>\n<p>Estos equipos pueden llevar hasta\u00a032 GB de memoria RAM DDR5 a 5600 MHz\u00a0y 2 TB de almacenamiento SSD PCIe Gen 4.0, adem\u00e1s de que cuentan con una ranura adicional para expansi\u00f3n.<\/p>\n<p>Las ROG Strix incluyen Thunderbolt 4, carga r\u00e1pida, bater\u00eda de 90 Wh, carga v\u00eda USB-C, soporte para Dolby Vision\/Atmos, as\u00ed como Wi-Fi6E y\u00a0un monitor con calidad 2.5K a 240 Hz\u00a0con ROG Nebula Display, compatibilidad con NVIDIA G-SYNC, un m\u00e1ximo de 500 nits de brillo y certificaci\u00f3n PANTONE.<\/p>\n<p>&nbsp;<\/p>\n","protected":false},"excerpt":{"rendered":"<p>ROG\u00a0ha anunciado en el CES 2024 sus nuevos equipos port\u00e1tiles de distintas l\u00edneas, Zephyrus, Strix, y\u00a0hasta un equipo NUC con tarjetas gr\u00e1ficas RTX de la serie 40.\u00a0Estas laptops llegan no solo con procesadores Intel Core Ultra, sino tambi\u00e9n con los de 14a generaci\u00f3n, as\u00ed como con los AMD Ryzen de la serie 8000. Laptops Strix [&hellip;]<\/p>\n","protected":false},"author":1,"featured_media":199058,"comment_status":"open","ping_status":"open","sticky":false,"template":"","format":"standard","meta":{"_acf_changed":false,"footnotes":""},"categories":[46],"tags":[],"class_list":["post-199057","post","type-post","status-publish","format-standard","has-post-thumbnail","category-ciencia-computacion"],"acf":{"antetitulo":""},"yoast_head":"<!-- This site is optimized with the Yoast SEO plugin v28.4 - https:\/\/yoast.com\/product\/yoast-seo-wordpress\/ -->\n<title>Las laptops ROG ahora crecen a las 18 pulgadas - El Diario - Bolivia<\/title>\n<meta name=\"robots\" content=\"index, follow, max-snippet:-1, max-image-preview:large, max-video-preview:-1\" \/>\n<link rel=\"canonical\" href=\"https:\/\/www.eldiario.net\/portal\/2024\/01\/22\/las-laptops-rog-ahora-crecen-a-las-18-pulgadas\/\" \/>\n<meta property=\"og:locale\" content=\"es_ES\" \/>\n<meta property=\"og:type\" content=\"article\" \/>\n<meta property=\"og:title\" content=\"Las laptops ROG ahora crecen a las 18 pulgadas - El Diario - Bolivia\" \/>\n<meta property=\"og:description\" content=\"ROG\u00a0ha anunciado en el CES 2024 sus nuevos equipos port\u00e1tiles de distintas l\u00edneas, Zephyrus, Strix, y\u00a0hasta un equipo NUC con tarjetas gr\u00e1ficas RTX de la serie 40.\u00a0Estas laptops llegan no solo con procesadores Intel Core Ultra, sino tambi\u00e9n con los de 14a generaci\u00f3n, as\u00ed como con los AMD Ryzen de la serie 8000. Laptops Strix [&hellip;]\" \/>\n<meta property=\"og:url\" content=\"https:\/\/www.eldiario.net\/portal\/2024\/01\/22\/las-laptops-rog-ahora-crecen-a-las-18-pulgadas\/\" \/>\n<meta property=\"og:site_name\" content=\"El Diario - Bolivia\" \/>\n<meta property=\"article:publisher\" content=\"https:\/\/www.facebook.com\/eldiario.bolivia\/\" \/>\n<meta property=\"article:published_time\" content=\"2024-01-22T11:20:17+00:00\" \/>\n<meta property=\"og:image\" content=\"https:\/\/www.eldiario.net\/portal\/wp-content\/uploads\/2024\/01\/2-B.jpg\" \/>\n\t<meta property=\"og:image:width\" content=\"1574\" \/>\n\t<meta property=\"og:image:height\" content=\"1050\" \/>\n\t<meta property=\"og:image:type\" content=\"image\/jpeg\" \/>\n<meta name=\"author\" content=\"Jeanette\" \/>\n<meta name=\"twitter:card\" content=\"summary_large_image\" \/>\n<meta name=\"twitter:creator\" content=\"@eldiario_net\" \/>\n<meta name=\"twitter:site\" content=\"@eldiario_net\" \/>\n<meta name=\"twitter:label1\" content=\"Escrito por\" \/>\n\t<meta name=\"twitter:data1\" content=\"Jeanette\" \/>\n\t<meta name=\"twitter:label2\" content=\"Tiempo de lectura\" \/>\n\t<meta name=\"twitter:data2\" content=\"2 minutos\" \/>\n<script type=\"application\/ld+json\" class=\"yoast-schema-graph\">{\"@context\":\"https:\\\/\\\/schema.org\",\"@graph\":[{\"@type\":\"Article\",\"@id\":\"https:\\\/\\\/www.eldiario.net\\\/portal\\\/2024\\\/01\\\/22\\\/las-laptops-rog-ahora-crecen-a-las-18-pulgadas\\\/#article\",\"isPartOf\":{\"@id\":\"https:\\\/\\\/www.eldiario.net\\\/portal\\\/2024\\\/01\\\/22\\\/las-laptops-rog-ahora-crecen-a-las-18-pulgadas\\\/\"},\"author\":{\"name\":\"Jeanette\",\"@id\":\"https:\\\/\\\/www.eldiario.net\\\/portal\\\/#\\\/schema\\\/person\\\/f46445640444750d7d753ccd04ae01b7\"},\"headline\":\"Las laptops ROG ahora crecen a las 18 pulgadas\",\"datePublished\":\"2024-01-22T11:20:17+00:00\",\"mainEntityOfPage\":{\"@id\":\"https:\\\/\\\/www.eldiario.net\\\/portal\\\/2024\\\/01\\\/22\\\/las-laptops-rog-ahora-crecen-a-las-18-pulgadas\\\/\"},\"wordCount\":410,\"commentCount\":0,\"publisher\":{\"@id\":\"https:\\\/\\\/www.eldiario.net\\\/portal\\\/#organization\"},\"image\":{\"@id\":\"https:\\\/\\\/www.eldiario.net\\\/portal\\\/2024\\\/01\\\/22\\\/las-laptops-rog-ahora-crecen-a-las-18-pulgadas\\\/#primaryimage\"},\"thumbnailUrl\":\"https:\\\/\\\/www.eldiario.net\\\/portal\\\/wp-content\\\/uploads\\\/2024\\\/01\\\/2-B.jpg\",\"articleSection\":[\"Ciencia y Computaci\u00f3n\"],\"inLanguage\":\"es\",\"potentialAction\":[{\"@type\":\"CommentAction\",\"name\":\"Comment\",\"target\":[\"https:\\\/\\\/www.eldiario.net\\\/portal\\\/2024\\\/01\\\/22\\\/las-laptops-rog-ahora-crecen-a-las-18-pulgadas\\\/#respond\"]}]},{\"@type\":\"WebPage\",\"@id\":\"https:\\\/\\\/www.eldiario.net\\\/portal\\\/2024\\\/01\\\/22\\\/las-laptops-rog-ahora-crecen-a-las-18-pulgadas\\\/\",\"url\":\"https:\\\/\\\/www.eldiario.net\\\/portal\\\/2024\\\/01\\\/22\\\/las-laptops-rog-ahora-crecen-a-las-18-pulgadas\\\/\",\"name\":\"Las laptops ROG ahora crecen a las 18 pulgadas - El Diario - Bolivia\",\"isPartOf\":{\"@id\":\"https:\\\/\\\/www.eldiario.net\\\/portal\\\/#website\"},\"primaryImageOfPage\":{\"@id\":\"https:\\\/\\\/www.eldiario.net\\\/portal\\\/2024\\\/01\\\/22\\\/las-laptops-rog-ahora-crecen-a-las-18-pulgadas\\\/#primaryimage\"},\"image\":{\"@id\":\"https:\\\/\\\/www.eldiario.net\\\/portal\\\/2024\\\/01\\\/22\\\/las-laptops-rog-ahora-crecen-a-las-18-pulgadas\\\/#primaryimage\"},\"thumbnailUrl\":\"https:\\\/\\\/www.eldiario.net\\\/portal\\\/wp-content\\\/uploads\\\/2024\\\/01\\\/2-B.jpg\",\"datePublished\":\"2024-01-22T11:20:17+00:00\",\"breadcrumb\":{\"@id\":\"https:\\\/\\\/www.eldiario.net\\\/portal\\\/2024\\\/01\\\/22\\\/las-laptops-rog-ahora-crecen-a-las-18-pulgadas\\\/#breadcrumb\"},\"inLanguage\":\"es\",\"potentialAction\":[{\"@type\":\"ReadAction\",\"target\":[\"https:\\\/\\\/www.eldiario.net\\\/portal\\\/2024\\\/01\\\/22\\\/las-laptops-rog-ahora-crecen-a-las-18-pulgadas\\\/\"]}]},{\"@type\":\"ImageObject\",\"inLanguage\":\"es\",\"@id\":\"https:\\\/\\\/www.eldiario.net\\\/portal\\\/2024\\\/01\\\/22\\\/las-laptops-rog-ahora-crecen-a-las-18-pulgadas\\\/#primaryimage\",\"url\":\"https:\\\/\\\/www.eldiario.net\\\/portal\\\/wp-content\\\/uploads\\\/2024\\\/01\\\/2-B.jpg\",\"contentUrl\":\"https:\\\/\\\/www.eldiario.net\\\/portal\\\/wp-content\\\/uploads\\\/2024\\\/01\\\/2-B.jpg\",\"width\":1574,\"height\":1050},{\"@type\":\"BreadcrumbList\",\"@id\":\"https:\\\/\\\/www.eldiario.net\\\/portal\\\/2024\\\/01\\\/22\\\/las-laptops-rog-ahora-crecen-a-las-18-pulgadas\\\/#breadcrumb\",\"itemListElement\":[{\"@type\":\"ListItem\",\"position\":1,\"name\":\"Portada\",\"item\":\"https:\\\/\\\/www.eldiario.net\\\/portal\\\/\"},{\"@type\":\"ListItem\",\"position\":2,\"name\":\"Las laptops ROG ahora crecen a las 18 pulgadas\"}]},{\"@type\":\"WebSite\",\"@id\":\"https:\\\/\\\/www.eldiario.net\\\/portal\\\/#website\",\"url\":\"https:\\\/\\\/www.eldiario.net\\\/portal\\\/\",\"name\":\"El Diario - Decano de la prensa nacional\",\"description\":\"El Diario - Decano de la prensa nacional\",\"publisher\":{\"@id\":\"https:\\\/\\\/www.eldiario.net\\\/portal\\\/#organization\"},\"potentialAction\":[{\"@type\":\"SearchAction\",\"target\":{\"@type\":\"EntryPoint\",\"urlTemplate\":\"https:\\\/\\\/www.eldiario.net\\\/portal\\\/?s={search_term_string}\"},\"query-input\":{\"@type\":\"PropertyValueSpecification\",\"valueRequired\":true,\"valueName\":\"search_term_string\"}}],\"inLanguage\":\"es\"},{\"@type\":\"Organization\",\"@id\":\"https:\\\/\\\/www.eldiario.net\\\/portal\\\/#organization\",\"name\":\"El Diario - Decano de la prensa nacional\",\"url\":\"https:\\\/\\\/www.eldiario.net\\\/portal\\\/\",\"logo\":{\"@type\":\"ImageObject\",\"inLanguage\":\"es\",\"@id\":\"https:\\\/\\\/www.eldiario.net\\\/portal\\\/#\\\/schema\\\/logo\\\/image\\\/\",\"url\":\"https:\\\/\\\/www.eldiario.net\\\/portal\\\/wp-content\\\/uploads\\\/2023\\\/07\\\/logo_ED.jpg\",\"contentUrl\":\"https:\\\/\\\/www.eldiario.net\\\/portal\\\/wp-content\\\/uploads\\\/2023\\\/07\\\/logo_ED.jpg\",\"width\":272,\"height\":52,\"caption\":\"El Diario - Decano de la prensa nacional\"},\"image\":{\"@id\":\"https:\\\/\\\/www.eldiario.net\\\/portal\\\/#\\\/schema\\\/logo\\\/image\\\/\"},\"sameAs\":[\"https:\\\/\\\/www.facebook.com\\\/eldiario.bolivia\\\/\",\"https:\\\/\\\/x.com\\\/eldiario_net\"]},{\"@type\":\"Person\",\"@id\":\"https:\\\/\\\/www.eldiario.net\\\/portal\\\/#\\\/schema\\\/person\\\/f46445640444750d7d753ccd04ae01b7\",\"name\":\"Jeanette\",\"image\":{\"@type\":\"ImageObject\",\"inLanguage\":\"es\",\"@id\":\"https:\\\/\\\/secure.gravatar.com\\\/avatar\\\/3ea2118a5f7dad2b7138b1187a6b7ee55f160b9968b66013c3a3ef39dd7e5798?s=96&d=mm&r=g\",\"url\":\"https:\\\/\\\/secure.gravatar.com\\\/avatar\\\/3ea2118a5f7dad2b7138b1187a6b7ee55f160b9968b66013c3a3ef39dd7e5798?s=96&d=mm&r=g\",\"contentUrl\":\"https:\\\/\\\/secure.gravatar.com\\\/avatar\\\/3ea2118a5f7dad2b7138b1187a6b7ee55f160b9968b66013c3a3ef39dd7e5798?s=96&d=mm&r=g\",\"caption\":\"Jeanette\"},\"sameAs\":[\"https:\\\/\\\/www.eldiario.net\\\/portal\"],\"url\":\"https:\\\/\\\/www.eldiario.net\\\/portal\\\/author\\\/jeanette\\\/\"}]}<\/script>\n<!-- \/ Yoast SEO plugin. -->","yoast_head_json":{"title":"Las laptops ROG ahora crecen a las 18 pulgadas - El Diario - Bolivia","robots":{"index":"index","follow":"follow","max-snippet":"max-snippet:-1","max-image-preview":"max-image-preview:large","max-video-preview":"max-video-preview:-1"},"canonical":"https:\/\/www.eldiario.net\/portal\/2024\/01\/22\/las-laptops-rog-ahora-crecen-a-las-18-pulgadas\/","og_locale":"es_ES","og_type":"article","og_title":"Las laptops ROG ahora crecen a las 18 pulgadas - El Diario - Bolivia","og_description":"ROG\u00a0ha anunciado en el CES 2024 sus nuevos equipos port\u00e1tiles de distintas l\u00edneas, Zephyrus, Strix, y\u00a0hasta un equipo NUC con tarjetas gr\u00e1ficas RTX de la serie 40.\u00a0Estas laptops llegan no solo con procesadores Intel Core Ultra, sino tambi\u00e9n con los de 14a generaci\u00f3n, as\u00ed como con los AMD Ryzen de la serie 8000. Laptops Strix [&hellip;]","og_url":"https:\/\/www.eldiario.net\/portal\/2024\/01\/22\/las-laptops-rog-ahora-crecen-a-las-18-pulgadas\/","og_site_name":"El Diario - Bolivia","article_publisher":"https:\/\/www.facebook.com\/eldiario.bolivia\/","article_published_time":"2024-01-22T11:20:17+00:00","og_image":[{"width":1574,"height":1050,"url":"https:\/\/www.eldiario.net\/portal\/wp-content\/uploads\/2024\/01\/2-B.jpg","type":"image\/jpeg"}],"author":"Jeanette","twitter_card":"summary_large_image","twitter_creator":"@eldiario_net","twitter_site":"@eldiario_net","twitter_misc":{"Escrito por":"Jeanette","Tiempo de lectura":"2 minutos"},"schema":{"@context":"https:\/\/schema.org","@graph":[{"@type":"Article","@id":"https:\/\/www.eldiario.net\/portal\/2024\/01\/22\/las-laptops-rog-ahora-crecen-a-las-18-pulgadas\/#article","isPartOf":{"@id":"https:\/\/www.eldiario.net\/portal\/2024\/01\/22\/las-laptops-rog-ahora-crecen-a-las-18-pulgadas\/"},"author":{"name":"Jeanette","@id":"https:\/\/www.eldiario.net\/portal\/#\/schema\/person\/f46445640444750d7d753ccd04ae01b7"},"headline":"Las laptops ROG ahora crecen a las 18 pulgadas","datePublished":"2024-01-22T11:20:17+00:00","mainEntityOfPage":{"@id":"https:\/\/www.eldiario.net\/portal\/2024\/01\/22\/las-laptops-rog-ahora-crecen-a-las-18-pulgadas\/"},"wordCount":410,"commentCount":0,"publisher":{"@id":"https:\/\/www.eldiario.net\/portal\/#organization"},"image":{"@id":"https:\/\/www.eldiario.net\/portal\/2024\/01\/22\/las-laptops-rog-ahora-crecen-a-las-18-pulgadas\/#primaryimage"},"thumbnailUrl":"https:\/\/www.eldiario.net\/portal\/wp-content\/uploads\/2024\/01\/2-B.jpg","articleSection":["Ciencia y Computaci\u00f3n"],"inLanguage":"es","potentialAction":[{"@type":"CommentAction","name":"Comment","target":["https:\/\/www.eldiario.net\/portal\/2024\/01\/22\/las-laptops-rog-ahora-crecen-a-las-18-pulgadas\/#respond"]}]},{"@type":"WebPage","@id":"https:\/\/www.eldiario.net\/portal\/2024\/01\/22\/las-laptops-rog-ahora-crecen-a-las-18-pulgadas\/","url":"https:\/\/www.eldiario.net\/portal\/2024\/01\/22\/las-laptops-rog-ahora-crecen-a-las-18-pulgadas\/","name":"Las laptops ROG ahora crecen a las 18 pulgadas - El Diario - Bolivia","isPartOf":{"@id":"https:\/\/www.eldiario.net\/portal\/#website"},"primaryImageOfPage":{"@id":"https:\/\/www.eldiario.net\/portal\/2024\/01\/22\/las-laptops-rog-ahora-crecen-a-las-18-pulgadas\/#primaryimage"},"image":{"@id":"https:\/\/www.eldiario.net\/portal\/2024\/01\/22\/las-laptops-rog-ahora-crecen-a-las-18-pulgadas\/#primaryimage"},"thumbnailUrl":"https:\/\/www.eldiario.net\/portal\/wp-content\/uploads\/2024\/01\/2-B.jpg","datePublished":"2024-01-22T11:20:17+00:00","breadcrumb":{"@id":"https:\/\/www.eldiario.net\/portal\/2024\/01\/22\/las-laptops-rog-ahora-crecen-a-las-18-pulgadas\/#breadcrumb"},"inLanguage":"es","potentialAction":[{"@type":"ReadAction","target":["https:\/\/www.eldiario.net\/portal\/2024\/01\/22\/las-laptops-rog-ahora-crecen-a-las-18-pulgadas\/"]}]},{"@type":"ImageObject","inLanguage":"es","@id":"https:\/\/www.eldiario.net\/portal\/2024\/01\/22\/las-laptops-rog-ahora-crecen-a-las-18-pulgadas\/#primaryimage","url":"https:\/\/www.eldiario.net\/portal\/wp-content\/uploads\/2024\/01\/2-B.jpg","contentUrl":"https:\/\/www.eldiario.net\/portal\/wp-content\/uploads\/2024\/01\/2-B.jpg","width":1574,"height":1050},{"@type":"BreadcrumbList","@id":"https:\/\/www.eldiario.net\/portal\/2024\/01\/22\/las-laptops-rog-ahora-crecen-a-las-18-pulgadas\/#breadcrumb","itemListElement":[{"@type":"ListItem","position":1,"name":"Portada","item":"https:\/\/www.eldiario.net\/portal\/"},{"@type":"ListItem","position":2,"name":"Las laptops ROG ahora crecen a las 18 pulgadas"}]},{"@type":"WebSite","@id":"https:\/\/www.eldiario.net\/portal\/#website","url":"https:\/\/www.eldiario.net\/portal\/","name":"El Diario - Decano de la prensa nacional","description":"El Diario - Decano de la prensa nacional","publisher":{"@id":"https:\/\/www.eldiario.net\/portal\/#organization"},"potentialAction":[{"@type":"SearchAction","target":{"@type":"EntryPoint","urlTemplate":"https:\/\/www.eldiario.net\/portal\/?s={search_term_string}"},"query-input":{"@type":"PropertyValueSpecification","valueRequired":true,"valueName":"search_term_string"}}],"inLanguage":"es"},{"@type":"Organization","@id":"https:\/\/www.eldiario.net\/portal\/#organization","name":"El Diario - Decano de la prensa nacional","url":"https:\/\/www.eldiario.net\/portal\/","logo":{"@type":"ImageObject","inLanguage":"es","@id":"https:\/\/www.eldiario.net\/portal\/#\/schema\/logo\/image\/","url":"https:\/\/www.eldiario.net\/portal\/wp-content\/uploads\/2023\/07\/logo_ED.jpg","contentUrl":"https:\/\/www.eldiario.net\/portal\/wp-content\/uploads\/2023\/07\/logo_ED.jpg","width":272,"height":52,"caption":"El Diario - Decano de la prensa nacional"},"image":{"@id":"https:\/\/www.eldiario.net\/portal\/#\/schema\/logo\/image\/"},"sameAs":["https:\/\/www.facebook.com\/eldiario.bolivia\/","https:\/\/x.com\/eldiario_net"]},{"@type":"Person","@id":"https:\/\/www.eldiario.net\/portal\/#\/schema\/person\/f46445640444750d7d753ccd04ae01b7","name":"Jeanette","image":{"@type":"ImageObject","inLanguage":"es","@id":"https:\/\/secure.gravatar.com\/avatar\/3ea2118a5f7dad2b7138b1187a6b7ee55f160b9968b66013c3a3ef39dd7e5798?s=96&d=mm&r=g","url":"https:\/\/secure.gravatar.com\/avatar\/3ea2118a5f7dad2b7138b1187a6b7ee55f160b9968b66013c3a3ef39dd7e5798?s=96&d=mm&r=g","contentUrl":"https:\/\/secure.gravatar.com\/avatar\/3ea2118a5f7dad2b7138b1187a6b7ee55f160b9968b66013c3a3ef39dd7e5798?s=96&d=mm&r=g","caption":"Jeanette"},"sameAs":["https:\/\/www.eldiario.net\/portal"],"url":"https:\/\/www.eldiario.net\/portal\/author\/jeanette\/"}]}},"_links":{"self":[{"href":"https:\/\/www.eldiario.net\/portal\/wp-json\/wp\/v2\/posts\/199057","targetHints":{"allow":["GET"]}}],"collection":[{"href":"https:\/\/www.eldiario.net\/portal\/wp-json\/wp\/v2\/posts"}],"about":[{"href":"https:\/\/www.eldiario.net\/portal\/wp-json\/wp\/v2\/types\/post"}],"author":[{"embeddable":true,"href":"https:\/\/www.eldiario.net\/portal\/wp-json\/wp\/v2\/users\/1"}],"replies":[{"embeddable":true,"href":"https:\/\/www.eldiario.net\/portal\/wp-json\/wp\/v2\/comments?post=199057"}],"version-history":[{"count":1,"href":"https:\/\/www.eldiario.net\/portal\/wp-json\/wp\/v2\/posts\/199057\/revisions"}],"predecessor-version":[{"id":199059,"href":"https:\/\/www.eldiario.net\/portal\/wp-json\/wp\/v2\/posts\/199057\/revisions\/199059"}],"wp:featuredmedia":[{"embeddable":true,"href":"https:\/\/www.eldiario.net\/portal\/wp-json\/wp\/v2\/media\/199058"}],"wp:attachment":[{"href":"https:\/\/www.eldiario.net\/portal\/wp-json\/wp\/v2\/media?parent=199057"}],"wp:term":[{"taxonomy":"category","embeddable":true,"href":"https:\/\/www.eldiario.net\/portal\/wp-json\/wp\/v2\/categories?post=199057"},{"taxonomy":"post_tag","embeddable":true,"href":"https:\/\/www.eldiario.net\/portal\/wp-json\/wp\/v2\/tags?post=199057"}],"curies":[{"name":"wp","href":"https:\/\/api.w.org\/{rel}","templated":true}]}}