{"id":199054,"date":"2024-01-22T07:19:28","date_gmt":"2024-01-22T11:19:28","guid":{"rendered":"https:\/\/www.eldiario.net\/portal\/?p=199054"},"modified":"2024-01-22T07:19:28","modified_gmt":"2024-01-22T11:19:28","slug":"samsung-presenta-los-galaxy-xcover7-y-galaxy-tab-active5","status":"publish","type":"post","link":"https:\/\/www.eldiario.net\/portal\/2024\/01\/22\/samsung-presenta-los-galaxy-xcover7-y-galaxy-tab-active5\/","title":{"rendered":"Samsung presenta los Galaxy XCover7 y Galaxy Tab Active5"},"content":{"rendered":"<p><strong>Enero 2024. <\/strong>Samsung anunci\u00f3 los nuevos Galaxy XCover7 y Galaxy Tab Active5, un smartphone y una tableta empresarial dise\u00f1ados para enfrentar desaf\u00edos rigurosos, incluido el trabajo de campo y de primera l\u00ednea que exige versatilidad, optimizaci\u00f3n y seguridad.<\/p>\n<p>Ambos dispositivos ofrecer\u00e1n conectividad 5G, rendimiento mejorado del procesador m\u00f3vil y mayor memoria. Adem\u00e1s, el XCover7 viene con una potente c\u00e1mara trasera y con tama\u00f1o y resoluci\u00f3n de pantalla ampliados; mientras que la tableta incluye bater\u00edas reemplazables y No Battery Mode (modo sin bater\u00eda), lo que brinda la posibilidad de trabajar en configuraciones.<\/p>\n<p>Seg\u00fan un estudio de IDC Marketscape: Worldwide Rugged Mobile Devices 2023 Vendor Assessment\u2019 (Evaluaci\u00f3n Mundial de Proveedores de Dispositivos M\u00f3viles Robustos 2023, en ingl\u00e9s), en 2022, m\u00e1s de un tercio (el 38%) de las organizaciones empresariales de EE. UU. implementaron dispositivos m\u00f3viles resistentes, y el 38% de estas informaron la intenci\u00f3n de comprar m\u00e1s en 2023. Dado que los dispositivos resistentes son confiables, de alto rendimiento y duraderos, pueden satisfacer las necesidades de una variedad de industrias, incluidas la manufactura, la atenci\u00f3n m\u00e9dica, el comercio minorista y el gobierno.<\/p>\n<p>\u00abSamsung comprende que las empresas enfrentan desaf\u00edos y oportunidades sin precedentes, y necesitan dispositivos que puedan mantenerse al d\u00eda con sus necesidades din\u00e1micas\u00bb, dijo Jerry Park, EVP y Head de Global Mobile B2B Team en MX Business de Samsung. \u201cEs por eso que creamos estos dispositivos resistentes. No s\u00f3lo son potentes y vers\u00e1tiles, sino tambi\u00e9n duraderos y seguros, lo que los convierte en los compa\u00f1eros ideales para los trabajadores\u201d.<\/p>\n<p><strong>Desarrollados para resistir con una durabilidad de siguiente nivel<\/strong><\/p>\n<p>Dise\u00f1ados para recibir condiciones de trabajo desafiantes, los Galaxy XCover7 y Galaxy Tab Active5 permiten que los trabajadores usen los equipos sin preocupaciones. Ambos dispositivos tienen clasificaci\u00f3n IP682 de resistencia al agua y al polvo. Desarrollado con el est\u00e1ndar militar MIL-STD-810H3, el celular est\u00e1 dise\u00f1ado para ser resistente a golpes y ca\u00eddas de hasta 1,5 m, mientras que la Tab puede admitir una ca\u00edda de 1,8 m cuando se usa la funda protectora incluida.<\/p>\n<p>Ambos dispositivos cuentan con Corning\u00ae Gorilla\u00ae Glass Victus\u00ae+ y Corning\u00ae Gorilla\u00ae Glass 5, lo que mejora la durabilidad y la resistencia a los rayones. Las pantallas tambi\u00e9n permiten ajustes en la sensibilidad t\u00e1ctil, lo que las hacen f\u00e1ciles de usar para los trabajadores con guantes.<\/p>\n<p><strong>Dise\u00f1ado para mantener el trabajo en movimiento <\/strong><\/p>\n<p>En el mundo cada vez m\u00e1s digital, las empresas necesitan que los trabajadores permanezcan conectados. El Galaxy XCover7 se ha actualizado para brindar la red 5G, junto con Wi-Fi 5, mientras que la Galaxy Tab Active5 ofrece 5G y Wi-Fi 67.<\/p>\n<p>Adem\u00e1s, las pantallas premium de ambos dispositivos permiten un uso f\u00e1cil y conveniente. La pantalla de 6,6 pulgadas del XCover7 proporciona m\u00e1s superficie y una alta resoluci\u00f3n. La pantalla de 8,0 pulgadas de la Tab Active5 ofrece mayor visibilidad en condiciones exteriores. Los dispositivos resistentes de Samsung Galaxy garantizan la continuidad del trabajo y brindan a los trabajadores el soporte y la conectividad que necesitan.<\/p>\n<p><strong>Dise\u00f1ado para maximizar la productividad y la seguridad<\/strong><\/p>\n<p>Los dispositivos tambi\u00e9n est\u00e1n dise\u00f1ados para maximizar la productividad y hacer que el trabajo de campo sea \u00e1gil y eficiente. El aumento del volumen del altavoz limita la confusi\u00f3n en los entornos laborales; las teclas programables permiten atajos y mejoran la productividad; y el escaneo r\u00e1pido de c\u00f3digos de barras agiliza las operaciones para el trabajo.<\/p>\n<p>Los dispositivos manejan sin esfuerzo el intercambio r\u00e1pido de contenido, visualizaciones simult\u00e1neas y la continuidad del trabajo entre dispositivos m\u00f3viles y PC a trav\u00e9s de Link to Windows, o emulan una interfaz de escritorio para trabajos de campo y los llevan a la oficina.<\/p>\n<p>Y por primera vez, los Galaxy XCover7 y Galaxy Tab Active5 vienen con soporte para Samsung Knox Vault17. Como parte del compromiso de Samsung Galaxy de expandir poderosas protecciones de seguridad m\u00e1s all\u00e1 de los dispositivos emblem\u00e1ticos.<\/p>\n<p>Los nuevos Galaxy XCover7 y Galaxy Tab Active5 estar\u00e1n disponibles a partir de enero de 2024.<\/p>\n","protected":false},"excerpt":{"rendered":"<p>Enero 2024. Samsung anunci\u00f3 los nuevos Galaxy XCover7 y Galaxy Tab Active5, un smartphone y una tableta empresarial dise\u00f1ados para enfrentar desaf\u00edos rigurosos, incluido el trabajo de campo y de primera l\u00ednea que exige versatilidad, optimizaci\u00f3n y seguridad. Ambos dispositivos ofrecer\u00e1n conectividad 5G, rendimiento mejorado del procesador m\u00f3vil y mayor memoria. Adem\u00e1s, el XCover7 viene [&hellip;]<\/p>\n","protected":false},"author":1,"featured_media":199055,"comment_status":"open","ping_status":"open","sticky":false,"template":"","format":"standard","meta":{"_acf_changed":false,"footnotes":""},"categories":[46],"tags":[],"class_list":["post-199054","post","type-post","status-publish","format-standard","has-post-thumbnail","category-ciencia-computacion"],"acf":{"antetitulo":""},"yoast_head":"<!-- This site is optimized with the Yoast SEO plugin v28.4 - https:\/\/yoast.com\/product\/yoast-seo-wordpress\/ -->\n<title>Samsung presenta los Galaxy XCover7 y Galaxy Tab Active5 - El Diario - Bolivia<\/title>\n<meta name=\"robots\" content=\"index, follow, max-snippet:-1, max-image-preview:large, max-video-preview:-1\" \/>\n<link rel=\"canonical\" href=\"https:\/\/www.eldiario.net\/portal\/2024\/01\/22\/samsung-presenta-los-galaxy-xcover7-y-galaxy-tab-active5\/\" \/>\n<meta property=\"og:locale\" content=\"es_ES\" \/>\n<meta property=\"og:type\" content=\"article\" \/>\n<meta property=\"og:title\" content=\"Samsung presenta los Galaxy XCover7 y Galaxy Tab Active5 - El Diario - Bolivia\" \/>\n<meta property=\"og:description\" content=\"Enero 2024. Samsung anunci\u00f3 los nuevos Galaxy XCover7 y Galaxy Tab Active5, un smartphone y una tableta empresarial dise\u00f1ados para enfrentar desaf\u00edos rigurosos, incluido el trabajo de campo y de primera l\u00ednea que exige versatilidad, optimizaci\u00f3n y seguridad. Ambos dispositivos ofrecer\u00e1n conectividad 5G, rendimiento mejorado del procesador m\u00f3vil y mayor memoria. Adem\u00e1s, el XCover7 viene [&hellip;]\" \/>\n<meta property=\"og:url\" content=\"https:\/\/www.eldiario.net\/portal\/2024\/01\/22\/samsung-presenta-los-galaxy-xcover7-y-galaxy-tab-active5\/\" \/>\n<meta property=\"og:site_name\" content=\"El Diario - Bolivia\" \/>\n<meta property=\"article:publisher\" content=\"https:\/\/www.facebook.com\/eldiario.bolivia\/\" \/>\n<meta property=\"article:published_time\" content=\"2024-01-22T11:19:28+00:00\" \/>\n<meta property=\"og:image\" content=\"https:\/\/www.eldiario.net\/portal\/wp-content\/uploads\/2024\/01\/2-C.jpg\" \/>\n\t<meta property=\"og:image:width\" content=\"500\" \/>\n\t<meta property=\"og:image:height\" content=\"354\" \/>\n\t<meta property=\"og:image:type\" content=\"image\/jpeg\" \/>\n<meta name=\"author\" content=\"Jeanette\" \/>\n<meta name=\"twitter:card\" content=\"summary_large_image\" \/>\n<meta name=\"twitter:creator\" content=\"@eldiario_net\" \/>\n<meta name=\"twitter:site\" content=\"@eldiario_net\" \/>\n<meta name=\"twitter:label1\" content=\"Escrito por\" \/>\n\t<meta name=\"twitter:data1\" content=\"Jeanette\" \/>\n\t<meta name=\"twitter:label2\" content=\"Tiempo de lectura\" \/>\n\t<meta name=\"twitter:data2\" content=\"4 minutos\" \/>\n<script type=\"application\/ld+json\" class=\"yoast-schema-graph\">{\"@context\":\"https:\\\/\\\/schema.org\",\"@graph\":[{\"@type\":\"Article\",\"@id\":\"https:\\\/\\\/www.eldiario.net\\\/portal\\\/2024\\\/01\\\/22\\\/samsung-presenta-los-galaxy-xcover7-y-galaxy-tab-active5\\\/#article\",\"isPartOf\":{\"@id\":\"https:\\\/\\\/www.eldiario.net\\\/portal\\\/2024\\\/01\\\/22\\\/samsung-presenta-los-galaxy-xcover7-y-galaxy-tab-active5\\\/\"},\"author\":{\"name\":\"Jeanette\",\"@id\":\"https:\\\/\\\/www.eldiario.net\\\/portal\\\/#\\\/schema\\\/person\\\/f46445640444750d7d753ccd04ae01b7\"},\"headline\":\"Samsung presenta los Galaxy XCover7 y Galaxy Tab Active5\",\"datePublished\":\"2024-01-22T11:19:28+00:00\",\"mainEntityOfPage\":{\"@id\":\"https:\\\/\\\/www.eldiario.net\\\/portal\\\/2024\\\/01\\\/22\\\/samsung-presenta-los-galaxy-xcover7-y-galaxy-tab-active5\\\/\"},\"wordCount\":705,\"commentCount\":0,\"publisher\":{\"@id\":\"https:\\\/\\\/www.eldiario.net\\\/portal\\\/#organization\"},\"image\":{\"@id\":\"https:\\\/\\\/www.eldiario.net\\\/portal\\\/2024\\\/01\\\/22\\\/samsung-presenta-los-galaxy-xcover7-y-galaxy-tab-active5\\\/#primaryimage\"},\"thumbnailUrl\":\"https:\\\/\\\/www.eldiario.net\\\/portal\\\/wp-content\\\/uploads\\\/2024\\\/01\\\/2-C.jpg\",\"articleSection\":[\"Ciencia y Computaci\u00f3n\"],\"inLanguage\":\"es\",\"potentialAction\":[{\"@type\":\"CommentAction\",\"name\":\"Comment\",\"target\":[\"https:\\\/\\\/www.eldiario.net\\\/portal\\\/2024\\\/01\\\/22\\\/samsung-presenta-los-galaxy-xcover7-y-galaxy-tab-active5\\\/#respond\"]}]},{\"@type\":\"WebPage\",\"@id\":\"https:\\\/\\\/www.eldiario.net\\\/portal\\\/2024\\\/01\\\/22\\\/samsung-presenta-los-galaxy-xcover7-y-galaxy-tab-active5\\\/\",\"url\":\"https:\\\/\\\/www.eldiario.net\\\/portal\\\/2024\\\/01\\\/22\\\/samsung-presenta-los-galaxy-xcover7-y-galaxy-tab-active5\\\/\",\"name\":\"Samsung presenta los Galaxy XCover7 y Galaxy Tab Active5 - El Diario - Bolivia\",\"isPartOf\":{\"@id\":\"https:\\\/\\\/www.eldiario.net\\\/portal\\\/#website\"},\"primaryImageOfPage\":{\"@id\":\"https:\\\/\\\/www.eldiario.net\\\/portal\\\/2024\\\/01\\\/22\\\/samsung-presenta-los-galaxy-xcover7-y-galaxy-tab-active5\\\/#primaryimage\"},\"image\":{\"@id\":\"https:\\\/\\\/www.eldiario.net\\\/portal\\\/2024\\\/01\\\/22\\\/samsung-presenta-los-galaxy-xcover7-y-galaxy-tab-active5\\\/#primaryimage\"},\"thumbnailUrl\":\"https:\\\/\\\/www.eldiario.net\\\/portal\\\/wp-content\\\/uploads\\\/2024\\\/01\\\/2-C.jpg\",\"datePublished\":\"2024-01-22T11:19:28+00:00\",\"breadcrumb\":{\"@id\":\"https:\\\/\\\/www.eldiario.net\\\/portal\\\/2024\\\/01\\\/22\\\/samsung-presenta-los-galaxy-xcover7-y-galaxy-tab-active5\\\/#breadcrumb\"},\"inLanguage\":\"es\",\"potentialAction\":[{\"@type\":\"ReadAction\",\"target\":[\"https:\\\/\\\/www.eldiario.net\\\/portal\\\/2024\\\/01\\\/22\\\/samsung-presenta-los-galaxy-xcover7-y-galaxy-tab-active5\\\/\"]}]},{\"@type\":\"ImageObject\",\"inLanguage\":\"es\",\"@id\":\"https:\\\/\\\/www.eldiario.net\\\/portal\\\/2024\\\/01\\\/22\\\/samsung-presenta-los-galaxy-xcover7-y-galaxy-tab-active5\\\/#primaryimage\",\"url\":\"https:\\\/\\\/www.eldiario.net\\\/portal\\\/wp-content\\\/uploads\\\/2024\\\/01\\\/2-C.jpg\",\"contentUrl\":\"https:\\\/\\\/www.eldiario.net\\\/portal\\\/wp-content\\\/uploads\\\/2024\\\/01\\\/2-C.jpg\",\"width\":500,\"height\":354},{\"@type\":\"BreadcrumbList\",\"@id\":\"https:\\\/\\\/www.eldiario.net\\\/portal\\\/2024\\\/01\\\/22\\\/samsung-presenta-los-galaxy-xcover7-y-galaxy-tab-active5\\\/#breadcrumb\",\"itemListElement\":[{\"@type\":\"ListItem\",\"position\":1,\"name\":\"Portada\",\"item\":\"https:\\\/\\\/www.eldiario.net\\\/portal\\\/\"},{\"@type\":\"ListItem\",\"position\":2,\"name\":\"Samsung presenta los Galaxy XCover7 y Galaxy Tab Active5\"}]},{\"@type\":\"WebSite\",\"@id\":\"https:\\\/\\\/www.eldiario.net\\\/portal\\\/#website\",\"url\":\"https:\\\/\\\/www.eldiario.net\\\/portal\\\/\",\"name\":\"El Diario - Decano de la prensa nacional\",\"description\":\"El Diario - Decano de la prensa nacional\",\"publisher\":{\"@id\":\"https:\\\/\\\/www.eldiario.net\\\/portal\\\/#organization\"},\"potentialAction\":[{\"@type\":\"SearchAction\",\"target\":{\"@type\":\"EntryPoint\",\"urlTemplate\":\"https:\\\/\\\/www.eldiario.net\\\/portal\\\/?s={search_term_string}\"},\"query-input\":{\"@type\":\"PropertyValueSpecification\",\"valueRequired\":true,\"valueName\":\"search_term_string\"}}],\"inLanguage\":\"es\"},{\"@type\":\"Organization\",\"@id\":\"https:\\\/\\\/www.eldiario.net\\\/portal\\\/#organization\",\"name\":\"El Diario - Decano de la prensa nacional\",\"url\":\"https:\\\/\\\/www.eldiario.net\\\/portal\\\/\",\"logo\":{\"@type\":\"ImageObject\",\"inLanguage\":\"es\",\"@id\":\"https:\\\/\\\/www.eldiario.net\\\/portal\\\/#\\\/schema\\\/logo\\\/image\\\/\",\"url\":\"https:\\\/\\\/www.eldiario.net\\\/portal\\\/wp-content\\\/uploads\\\/2023\\\/07\\\/logo_ED.jpg\",\"contentUrl\":\"https:\\\/\\\/www.eldiario.net\\\/portal\\\/wp-content\\\/uploads\\\/2023\\\/07\\\/logo_ED.jpg\",\"width\":272,\"height\":52,\"caption\":\"El Diario - Decano de la prensa nacional\"},\"image\":{\"@id\":\"https:\\\/\\\/www.eldiario.net\\\/portal\\\/#\\\/schema\\\/logo\\\/image\\\/\"},\"sameAs\":[\"https:\\\/\\\/www.facebook.com\\\/eldiario.bolivia\\\/\",\"https:\\\/\\\/x.com\\\/eldiario_net\"]},{\"@type\":\"Person\",\"@id\":\"https:\\\/\\\/www.eldiario.net\\\/portal\\\/#\\\/schema\\\/person\\\/f46445640444750d7d753ccd04ae01b7\",\"name\":\"Jeanette\",\"image\":{\"@type\":\"ImageObject\",\"inLanguage\":\"es\",\"@id\":\"https:\\\/\\\/secure.gravatar.com\\\/avatar\\\/3ea2118a5f7dad2b7138b1187a6b7ee55f160b9968b66013c3a3ef39dd7e5798?s=96&d=mm&r=g\",\"url\":\"https:\\\/\\\/secure.gravatar.com\\\/avatar\\\/3ea2118a5f7dad2b7138b1187a6b7ee55f160b9968b66013c3a3ef39dd7e5798?s=96&d=mm&r=g\",\"contentUrl\":\"https:\\\/\\\/secure.gravatar.com\\\/avatar\\\/3ea2118a5f7dad2b7138b1187a6b7ee55f160b9968b66013c3a3ef39dd7e5798?s=96&d=mm&r=g\",\"caption\":\"Jeanette\"},\"sameAs\":[\"https:\\\/\\\/www.eldiario.net\\\/portal\"],\"url\":\"https:\\\/\\\/www.eldiario.net\\\/portal\\\/author\\\/jeanette\\\/\"}]}<\/script>\n<!-- \/ Yoast SEO plugin. -->","yoast_head_json":{"title":"Samsung presenta los Galaxy XCover7 y Galaxy Tab Active5 - El Diario - Bolivia","robots":{"index":"index","follow":"follow","max-snippet":"max-snippet:-1","max-image-preview":"max-image-preview:large","max-video-preview":"max-video-preview:-1"},"canonical":"https:\/\/www.eldiario.net\/portal\/2024\/01\/22\/samsung-presenta-los-galaxy-xcover7-y-galaxy-tab-active5\/","og_locale":"es_ES","og_type":"article","og_title":"Samsung presenta los Galaxy XCover7 y Galaxy Tab Active5 - El Diario - Bolivia","og_description":"Enero 2024. Samsung anunci\u00f3 los nuevos Galaxy XCover7 y Galaxy Tab Active5, un smartphone y una tableta empresarial dise\u00f1ados para enfrentar desaf\u00edos rigurosos, incluido el trabajo de campo y de primera l\u00ednea que exige versatilidad, optimizaci\u00f3n y seguridad. Ambos dispositivos ofrecer\u00e1n conectividad 5G, rendimiento mejorado del procesador m\u00f3vil y mayor memoria. Adem\u00e1s, el XCover7 viene [&hellip;]","og_url":"https:\/\/www.eldiario.net\/portal\/2024\/01\/22\/samsung-presenta-los-galaxy-xcover7-y-galaxy-tab-active5\/","og_site_name":"El Diario - Bolivia","article_publisher":"https:\/\/www.facebook.com\/eldiario.bolivia\/","article_published_time":"2024-01-22T11:19:28+00:00","og_image":[{"width":500,"height":354,"url":"https:\/\/www.eldiario.net\/portal\/wp-content\/uploads\/2024\/01\/2-C.jpg","type":"image\/jpeg"}],"author":"Jeanette","twitter_card":"summary_large_image","twitter_creator":"@eldiario_net","twitter_site":"@eldiario_net","twitter_misc":{"Escrito por":"Jeanette","Tiempo de lectura":"4 minutos"},"schema":{"@context":"https:\/\/schema.org","@graph":[{"@type":"Article","@id":"https:\/\/www.eldiario.net\/portal\/2024\/01\/22\/samsung-presenta-los-galaxy-xcover7-y-galaxy-tab-active5\/#article","isPartOf":{"@id":"https:\/\/www.eldiario.net\/portal\/2024\/01\/22\/samsung-presenta-los-galaxy-xcover7-y-galaxy-tab-active5\/"},"author":{"name":"Jeanette","@id":"https:\/\/www.eldiario.net\/portal\/#\/schema\/person\/f46445640444750d7d753ccd04ae01b7"},"headline":"Samsung presenta los Galaxy XCover7 y Galaxy Tab Active5","datePublished":"2024-01-22T11:19:28+00:00","mainEntityOfPage":{"@id":"https:\/\/www.eldiario.net\/portal\/2024\/01\/22\/samsung-presenta-los-galaxy-xcover7-y-galaxy-tab-active5\/"},"wordCount":705,"commentCount":0,"publisher":{"@id":"https:\/\/www.eldiario.net\/portal\/#organization"},"image":{"@id":"https:\/\/www.eldiario.net\/portal\/2024\/01\/22\/samsung-presenta-los-galaxy-xcover7-y-galaxy-tab-active5\/#primaryimage"},"thumbnailUrl":"https:\/\/www.eldiario.net\/portal\/wp-content\/uploads\/2024\/01\/2-C.jpg","articleSection":["Ciencia y Computaci\u00f3n"],"inLanguage":"es","potentialAction":[{"@type":"CommentAction","name":"Comment","target":["https:\/\/www.eldiario.net\/portal\/2024\/01\/22\/samsung-presenta-los-galaxy-xcover7-y-galaxy-tab-active5\/#respond"]}]},{"@type":"WebPage","@id":"https:\/\/www.eldiario.net\/portal\/2024\/01\/22\/samsung-presenta-los-galaxy-xcover7-y-galaxy-tab-active5\/","url":"https:\/\/www.eldiario.net\/portal\/2024\/01\/22\/samsung-presenta-los-galaxy-xcover7-y-galaxy-tab-active5\/","name":"Samsung presenta los Galaxy XCover7 y Galaxy Tab Active5 - El Diario - Bolivia","isPartOf":{"@id":"https:\/\/www.eldiario.net\/portal\/#website"},"primaryImageOfPage":{"@id":"https:\/\/www.eldiario.net\/portal\/2024\/01\/22\/samsung-presenta-los-galaxy-xcover7-y-galaxy-tab-active5\/#primaryimage"},"image":{"@id":"https:\/\/www.eldiario.net\/portal\/2024\/01\/22\/samsung-presenta-los-galaxy-xcover7-y-galaxy-tab-active5\/#primaryimage"},"thumbnailUrl":"https:\/\/www.eldiario.net\/portal\/wp-content\/uploads\/2024\/01\/2-C.jpg","datePublished":"2024-01-22T11:19:28+00:00","breadcrumb":{"@id":"https:\/\/www.eldiario.net\/portal\/2024\/01\/22\/samsung-presenta-los-galaxy-xcover7-y-galaxy-tab-active5\/#breadcrumb"},"inLanguage":"es","potentialAction":[{"@type":"ReadAction","target":["https:\/\/www.eldiario.net\/portal\/2024\/01\/22\/samsung-presenta-los-galaxy-xcover7-y-galaxy-tab-active5\/"]}]},{"@type":"ImageObject","inLanguage":"es","@id":"https:\/\/www.eldiario.net\/portal\/2024\/01\/22\/samsung-presenta-los-galaxy-xcover7-y-galaxy-tab-active5\/#primaryimage","url":"https:\/\/www.eldiario.net\/portal\/wp-content\/uploads\/2024\/01\/2-C.jpg","contentUrl":"https:\/\/www.eldiario.net\/portal\/wp-content\/uploads\/2024\/01\/2-C.jpg","width":500,"height":354},{"@type":"BreadcrumbList","@id":"https:\/\/www.eldiario.net\/portal\/2024\/01\/22\/samsung-presenta-los-galaxy-xcover7-y-galaxy-tab-active5\/#breadcrumb","itemListElement":[{"@type":"ListItem","position":1,"name":"Portada","item":"https:\/\/www.eldiario.net\/portal\/"},{"@type":"ListItem","position":2,"name":"Samsung presenta los Galaxy XCover7 y Galaxy Tab Active5"}]},{"@type":"WebSite","@id":"https:\/\/www.eldiario.net\/portal\/#website","url":"https:\/\/www.eldiario.net\/portal\/","name":"El Diario - Decano de la prensa nacional","description":"El Diario - Decano de la prensa nacional","publisher":{"@id":"https:\/\/www.eldiario.net\/portal\/#organization"},"potentialAction":[{"@type":"SearchAction","target":{"@type":"EntryPoint","urlTemplate":"https:\/\/www.eldiario.net\/portal\/?s={search_term_string}"},"query-input":{"@type":"PropertyValueSpecification","valueRequired":true,"valueName":"search_term_string"}}],"inLanguage":"es"},{"@type":"Organization","@id":"https:\/\/www.eldiario.net\/portal\/#organization","name":"El Diario - Decano de la prensa nacional","url":"https:\/\/www.eldiario.net\/portal\/","logo":{"@type":"ImageObject","inLanguage":"es","@id":"https:\/\/www.eldiario.net\/portal\/#\/schema\/logo\/image\/","url":"https:\/\/www.eldiario.net\/portal\/wp-content\/uploads\/2023\/07\/logo_ED.jpg","contentUrl":"https:\/\/www.eldiario.net\/portal\/wp-content\/uploads\/2023\/07\/logo_ED.jpg","width":272,"height":52,"caption":"El Diario - Decano de la prensa nacional"},"image":{"@id":"https:\/\/www.eldiario.net\/portal\/#\/schema\/logo\/image\/"},"sameAs":["https:\/\/www.facebook.com\/eldiario.bolivia\/","https:\/\/x.com\/eldiario_net"]},{"@type":"Person","@id":"https:\/\/www.eldiario.net\/portal\/#\/schema\/person\/f46445640444750d7d753ccd04ae01b7","name":"Jeanette","image":{"@type":"ImageObject","inLanguage":"es","@id":"https:\/\/secure.gravatar.com\/avatar\/3ea2118a5f7dad2b7138b1187a6b7ee55f160b9968b66013c3a3ef39dd7e5798?s=96&d=mm&r=g","url":"https:\/\/secure.gravatar.com\/avatar\/3ea2118a5f7dad2b7138b1187a6b7ee55f160b9968b66013c3a3ef39dd7e5798?s=96&d=mm&r=g","contentUrl":"https:\/\/secure.gravatar.com\/avatar\/3ea2118a5f7dad2b7138b1187a6b7ee55f160b9968b66013c3a3ef39dd7e5798?s=96&d=mm&r=g","caption":"Jeanette"},"sameAs":["https:\/\/www.eldiario.net\/portal"],"url":"https:\/\/www.eldiario.net\/portal\/author\/jeanette\/"}]}},"_links":{"self":[{"href":"https:\/\/www.eldiario.net\/portal\/wp-json\/wp\/v2\/posts\/199054","targetHints":{"allow":["GET"]}}],"collection":[{"href":"https:\/\/www.eldiario.net\/portal\/wp-json\/wp\/v2\/posts"}],"about":[{"href":"https:\/\/www.eldiario.net\/portal\/wp-json\/wp\/v2\/types\/post"}],"author":[{"embeddable":true,"href":"https:\/\/www.eldiario.net\/portal\/wp-json\/wp\/v2\/users\/1"}],"replies":[{"embeddable":true,"href":"https:\/\/www.eldiario.net\/portal\/wp-json\/wp\/v2\/comments?post=199054"}],"version-history":[{"count":1,"href":"https:\/\/www.eldiario.net\/portal\/wp-json\/wp\/v2\/posts\/199054\/revisions"}],"predecessor-version":[{"id":199056,"href":"https:\/\/www.eldiario.net\/portal\/wp-json\/wp\/v2\/posts\/199054\/revisions\/199056"}],"wp:featuredmedia":[{"embeddable":true,"href":"https:\/\/www.eldiario.net\/portal\/wp-json\/wp\/v2\/media\/199055"}],"wp:attachment":[{"href":"https:\/\/www.eldiario.net\/portal\/wp-json\/wp\/v2\/media?parent=199054"}],"wp:term":[{"taxonomy":"category","embeddable":true,"href":"https:\/\/www.eldiario.net\/portal\/wp-json\/wp\/v2\/categories?post=199054"},{"taxonomy":"post_tag","embeddable":true,"href":"https:\/\/www.eldiario.net\/portal\/wp-json\/wp\/v2\/tags?post=199054"}],"curies":[{"name":"wp","href":"https:\/\/api.w.org\/{rel}","templated":true}]}}