{"id":199039,"date":"2024-01-22T07:15:20","date_gmt":"2024-01-22T11:15:20","guid":{"rendered":"https:\/\/www.eldiario.net\/portal\/?p=199039"},"modified":"2024-01-22T07:15:20","modified_gmt":"2024-01-22T11:15:20","slug":"actualisap-presenta-su-podcast-de-soluciones-tecnologicas","status":"publish","type":"post","link":"https:\/\/www.eldiario.net\/portal\/2024\/01\/22\/actualisap-presenta-su-podcast-de-soluciones-tecnologicas\/","title":{"rendered":"Actualisap presenta su podcast de soluciones tecnol\u00f3gicas"},"content":{"rendered":"<p>La Paz, Bolivia. Actualisap Consultores Bolivia realiz\u00f3 el lanzamiento de su podcast ACTUALISA-TEC, un espacio para aprender nuevas herramientas tecnol\u00f3gicas de la mano de expertos con el objetivo final de mejorar el desempe\u00f1o de cada empresa.<\/p>\n<p>A lo largo de cada episodio, un consultor especializado de la empresa desarrolla un tema de forma destendida y accesible para que pueda ser comprendido por el p\u00fablico general. Cada programa cuenta con la ayuda de un conductor que va guiando la conversaci\u00f3n y sirve como denominador com\u00fan de toda la temporada.<\/p>\n<p>\u201cNuestra experiencia ha permitido el desarrollo de soluciones especializadas para el mercado boliviano, enfocadas en las necesidades espec\u00edficas de cada industria y construyendo soluciones las empresas. Este podcast sigue esa l\u00ednea, con la finalidad de acercar esas ideas a los empresarios que requieran estos conocimientos\u201d, destac\u00f3 Ricardo Marusic, Director de Actualisap Consultores Bolivia.<\/p>\n<p>Hasta la fecha, se han cubierto temas de gran inter\u00e9s, como la \u201cOmnicanalidad\u201d, definida como una estrategia comercial en la que todas las partes del negocio est\u00e1n conectadas con la intenci\u00f3n de colocar al cliente al centro; o la disrupci\u00f3n en las cadenas de suministro que conllev\u00f3 la pandemia y las distintas estrategias desarrolladas para contrarrestar la situaci\u00f3n.<\/p>\n<p>Tambi\u00e9n se analiz\u00f3 la experiencia del cliente, descrita a partir de la impronta que deja la interacci\u00f3n con una empresa determinada en el consumidor. As\u00ed mismo, en un siguiente episodio se estableci\u00f3 c\u00f3mo mantener una correcta comunicaci\u00f3n y relaci\u00f3n con los proveedores de una empresa para no interrumpir el flujo de la producci\u00f3n.<\/p>\n<p>Otras entregas cubren tem\u00e1ticas m\u00e1s amplias y de inter\u00e9s general, como la importancia crucial que est\u00e1 adquiriendo el Internet de las Cosas en los procesos corporativos y productivos, o el papel cada vez m\u00e1s decisivo que est\u00e1 cobrando la Anal\u00edtica de Datos en la toma de decisiones de las empresas.<\/p>\n<p>El lanzamiento del material se realizar\u00e1 de forma quincenal mediante distintas plataformas de \u201cstreaming\u201d digital, como Spotify, Apple Music, Deezer, entre otras. Mientras tanto, la producci\u00f3n de los nuevos episodios seguir\u00e1 su curso, con nuevas tem\u00e1ticas de tecnolog\u00eda a ser descubiertas de la mano de expertos de la empresa.<\/p>\n","protected":false},"excerpt":{"rendered":"<p>La Paz, Bolivia. Actualisap Consultores Bolivia realiz\u00f3 el lanzamiento de su podcast ACTUALISA-TEC, un espacio para aprender nuevas herramientas tecnol\u00f3gicas de la mano de expertos con el objetivo final de mejorar el desempe\u00f1o de cada empresa. A lo largo de cada episodio, un consultor especializado de la empresa desarrolla un tema de forma destendida y [&hellip;]<\/p>\n","protected":false},"author":1,"featured_media":199040,"comment_status":"open","ping_status":"open","sticky":false,"template":"","format":"standard","meta":{"_acf_changed":false,"footnotes":""},"categories":[46],"tags":[],"class_list":["post-199039","post","type-post","status-publish","format-standard","has-post-thumbnail","category-ciencia-computacion"],"acf":{"antetitulo":""},"yoast_head":"<!-- This site is optimized with the Yoast SEO plugin v28.4 - https:\/\/yoast.com\/product\/yoast-seo-wordpress\/ -->\n<title>Actualisap presenta su podcast de soluciones tecnol\u00f3gicas - El Diario - Bolivia<\/title>\n<meta name=\"robots\" content=\"index, follow, max-snippet:-1, max-image-preview:large, max-video-preview:-1\" \/>\n<link rel=\"canonical\" href=\"https:\/\/www.eldiario.net\/portal\/2024\/01\/22\/actualisap-presenta-su-podcast-de-soluciones-tecnologicas\/\" \/>\n<meta property=\"og:locale\" content=\"es_ES\" \/>\n<meta property=\"og:type\" content=\"article\" \/>\n<meta property=\"og:title\" content=\"Actualisap presenta su podcast de soluciones tecnol\u00f3gicas - El Diario - Bolivia\" \/>\n<meta property=\"og:description\" content=\"La Paz, Bolivia. Actualisap Consultores Bolivia realiz\u00f3 el lanzamiento de su podcast ACTUALISA-TEC, un espacio para aprender nuevas herramientas tecnol\u00f3gicas de la mano de expertos con el objetivo final de mejorar el desempe\u00f1o de cada empresa. A lo largo de cada episodio, un consultor especializado de la empresa desarrolla un tema de forma destendida y [&hellip;]\" \/>\n<meta property=\"og:url\" content=\"https:\/\/www.eldiario.net\/portal\/2024\/01\/22\/actualisap-presenta-su-podcast-de-soluciones-tecnologicas\/\" \/>\n<meta property=\"og:site_name\" content=\"El Diario - Bolivia\" \/>\n<meta property=\"article:publisher\" content=\"https:\/\/www.facebook.com\/eldiario.bolivia\/\" \/>\n<meta property=\"article:published_time\" content=\"2024-01-22T11:15:20+00:00\" \/>\n<meta property=\"og:image\" content=\"https:\/\/www.eldiario.net\/portal\/wp-content\/uploads\/2024\/01\/6-A-1.jpg\" \/>\n\t<meta property=\"og:image:width\" content=\"1575\" \/>\n\t<meta property=\"og:image:height\" content=\"1032\" \/>\n\t<meta property=\"og:image:type\" content=\"image\/jpeg\" \/>\n<meta name=\"author\" content=\"Jeanette\" \/>\n<meta name=\"twitter:card\" content=\"summary_large_image\" \/>\n<meta name=\"twitter:creator\" content=\"@eldiario_net\" \/>\n<meta name=\"twitter:site\" content=\"@eldiario_net\" \/>\n<meta name=\"twitter:label1\" content=\"Escrito por\" \/>\n\t<meta name=\"twitter:data1\" content=\"Jeanette\" \/>\n\t<meta name=\"twitter:label2\" content=\"Tiempo de lectura\" \/>\n\t<meta name=\"twitter:data2\" content=\"2 minutos\" \/>\n<script type=\"application\/ld+json\" class=\"yoast-schema-graph\">{\"@context\":\"https:\\\/\\\/schema.org\",\"@graph\":[{\"@type\":\"Article\",\"@id\":\"https:\\\/\\\/www.eldiario.net\\\/portal\\\/2024\\\/01\\\/22\\\/actualisap-presenta-su-podcast-de-soluciones-tecnologicas\\\/#article\",\"isPartOf\":{\"@id\":\"https:\\\/\\\/www.eldiario.net\\\/portal\\\/2024\\\/01\\\/22\\\/actualisap-presenta-su-podcast-de-soluciones-tecnologicas\\\/\"},\"author\":{\"name\":\"Jeanette\",\"@id\":\"https:\\\/\\\/www.eldiario.net\\\/portal\\\/#\\\/schema\\\/person\\\/f46445640444750d7d753ccd04ae01b7\"},\"headline\":\"Actualisap presenta su podcast de soluciones tecnol\u00f3gicas\",\"datePublished\":\"2024-01-22T11:15:20+00:00\",\"mainEntityOfPage\":{\"@id\":\"https:\\\/\\\/www.eldiario.net\\\/portal\\\/2024\\\/01\\\/22\\\/actualisap-presenta-su-podcast-de-soluciones-tecnologicas\\\/\"},\"wordCount\":385,\"commentCount\":0,\"publisher\":{\"@id\":\"https:\\\/\\\/www.eldiario.net\\\/portal\\\/#organization\"},\"image\":{\"@id\":\"https:\\\/\\\/www.eldiario.net\\\/portal\\\/2024\\\/01\\\/22\\\/actualisap-presenta-su-podcast-de-soluciones-tecnologicas\\\/#primaryimage\"},\"thumbnailUrl\":\"https:\\\/\\\/www.eldiario.net\\\/portal\\\/wp-content\\\/uploads\\\/2024\\\/01\\\/6-A-1.jpg\",\"articleSection\":[\"Ciencia y Computaci\u00f3n\"],\"inLanguage\":\"es\",\"potentialAction\":[{\"@type\":\"CommentAction\",\"name\":\"Comment\",\"target\":[\"https:\\\/\\\/www.eldiario.net\\\/portal\\\/2024\\\/01\\\/22\\\/actualisap-presenta-su-podcast-de-soluciones-tecnologicas\\\/#respond\"]}]},{\"@type\":\"WebPage\",\"@id\":\"https:\\\/\\\/www.eldiario.net\\\/portal\\\/2024\\\/01\\\/22\\\/actualisap-presenta-su-podcast-de-soluciones-tecnologicas\\\/\",\"url\":\"https:\\\/\\\/www.eldiario.net\\\/portal\\\/2024\\\/01\\\/22\\\/actualisap-presenta-su-podcast-de-soluciones-tecnologicas\\\/\",\"name\":\"Actualisap presenta su podcast de soluciones tecnol\u00f3gicas - El Diario - Bolivia\",\"isPartOf\":{\"@id\":\"https:\\\/\\\/www.eldiario.net\\\/portal\\\/#website\"},\"primaryImageOfPage\":{\"@id\":\"https:\\\/\\\/www.eldiario.net\\\/portal\\\/2024\\\/01\\\/22\\\/actualisap-presenta-su-podcast-de-soluciones-tecnologicas\\\/#primaryimage\"},\"image\":{\"@id\":\"https:\\\/\\\/www.eldiario.net\\\/portal\\\/2024\\\/01\\\/22\\\/actualisap-presenta-su-podcast-de-soluciones-tecnologicas\\\/#primaryimage\"},\"thumbnailUrl\":\"https:\\\/\\\/www.eldiario.net\\\/portal\\\/wp-content\\\/uploads\\\/2024\\\/01\\\/6-A-1.jpg\",\"datePublished\":\"2024-01-22T11:15:20+00:00\",\"breadcrumb\":{\"@id\":\"https:\\\/\\\/www.eldiario.net\\\/portal\\\/2024\\\/01\\\/22\\\/actualisap-presenta-su-podcast-de-soluciones-tecnologicas\\\/#breadcrumb\"},\"inLanguage\":\"es\",\"potentialAction\":[{\"@type\":\"ReadAction\",\"target\":[\"https:\\\/\\\/www.eldiario.net\\\/portal\\\/2024\\\/01\\\/22\\\/actualisap-presenta-su-podcast-de-soluciones-tecnologicas\\\/\"]}]},{\"@type\":\"ImageObject\",\"inLanguage\":\"es\",\"@id\":\"https:\\\/\\\/www.eldiario.net\\\/portal\\\/2024\\\/01\\\/22\\\/actualisap-presenta-su-podcast-de-soluciones-tecnologicas\\\/#primaryimage\",\"url\":\"https:\\\/\\\/www.eldiario.net\\\/portal\\\/wp-content\\\/uploads\\\/2024\\\/01\\\/6-A-1.jpg\",\"contentUrl\":\"https:\\\/\\\/www.eldiario.net\\\/portal\\\/wp-content\\\/uploads\\\/2024\\\/01\\\/6-A-1.jpg\",\"width\":1575,\"height\":1032},{\"@type\":\"BreadcrumbList\",\"@id\":\"https:\\\/\\\/www.eldiario.net\\\/portal\\\/2024\\\/01\\\/22\\\/actualisap-presenta-su-podcast-de-soluciones-tecnologicas\\\/#breadcrumb\",\"itemListElement\":[{\"@type\":\"ListItem\",\"position\":1,\"name\":\"Portada\",\"item\":\"https:\\\/\\\/www.eldiario.net\\\/portal\\\/\"},{\"@type\":\"ListItem\",\"position\":2,\"name\":\"Actualisap presenta su podcast de soluciones tecnol\u00f3gicas\"}]},{\"@type\":\"WebSite\",\"@id\":\"https:\\\/\\\/www.eldiario.net\\\/portal\\\/#website\",\"url\":\"https:\\\/\\\/www.eldiario.net\\\/portal\\\/\",\"name\":\"El Diario - Decano de la prensa nacional\",\"description\":\"El Diario - Decano de la prensa nacional\",\"publisher\":{\"@id\":\"https:\\\/\\\/www.eldiario.net\\\/portal\\\/#organization\"},\"potentialAction\":[{\"@type\":\"SearchAction\",\"target\":{\"@type\":\"EntryPoint\",\"urlTemplate\":\"https:\\\/\\\/www.eldiario.net\\\/portal\\\/?s={search_term_string}\"},\"query-input\":{\"@type\":\"PropertyValueSpecification\",\"valueRequired\":true,\"valueName\":\"search_term_string\"}}],\"inLanguage\":\"es\"},{\"@type\":\"Organization\",\"@id\":\"https:\\\/\\\/www.eldiario.net\\\/portal\\\/#organization\",\"name\":\"El Diario - Decano de la prensa nacional\",\"url\":\"https:\\\/\\\/www.eldiario.net\\\/portal\\\/\",\"logo\":{\"@type\":\"ImageObject\",\"inLanguage\":\"es\",\"@id\":\"https:\\\/\\\/www.eldiario.net\\\/portal\\\/#\\\/schema\\\/logo\\\/image\\\/\",\"url\":\"https:\\\/\\\/www.eldiario.net\\\/portal\\\/wp-content\\\/uploads\\\/2023\\\/07\\\/logo_ED.jpg\",\"contentUrl\":\"https:\\\/\\\/www.eldiario.net\\\/portal\\\/wp-content\\\/uploads\\\/2023\\\/07\\\/logo_ED.jpg\",\"width\":272,\"height\":52,\"caption\":\"El Diario - Decano de la prensa nacional\"},\"image\":{\"@id\":\"https:\\\/\\\/www.eldiario.net\\\/portal\\\/#\\\/schema\\\/logo\\\/image\\\/\"},\"sameAs\":[\"https:\\\/\\\/www.facebook.com\\\/eldiario.bolivia\\\/\",\"https:\\\/\\\/x.com\\\/eldiario_net\"]},{\"@type\":\"Person\",\"@id\":\"https:\\\/\\\/www.eldiario.net\\\/portal\\\/#\\\/schema\\\/person\\\/f46445640444750d7d753ccd04ae01b7\",\"name\":\"Jeanette\",\"image\":{\"@type\":\"ImageObject\",\"inLanguage\":\"es\",\"@id\":\"https:\\\/\\\/secure.gravatar.com\\\/avatar\\\/3ea2118a5f7dad2b7138b1187a6b7ee55f160b9968b66013c3a3ef39dd7e5798?s=96&d=mm&r=g\",\"url\":\"https:\\\/\\\/secure.gravatar.com\\\/avatar\\\/3ea2118a5f7dad2b7138b1187a6b7ee55f160b9968b66013c3a3ef39dd7e5798?s=96&d=mm&r=g\",\"contentUrl\":\"https:\\\/\\\/secure.gravatar.com\\\/avatar\\\/3ea2118a5f7dad2b7138b1187a6b7ee55f160b9968b66013c3a3ef39dd7e5798?s=96&d=mm&r=g\",\"caption\":\"Jeanette\"},\"sameAs\":[\"https:\\\/\\\/www.eldiario.net\\\/portal\"],\"url\":\"https:\\\/\\\/www.eldiario.net\\\/portal\\\/author\\\/jeanette\\\/\"}]}<\/script>\n<!-- \/ Yoast SEO plugin. -->","yoast_head_json":{"title":"Actualisap presenta su podcast de soluciones tecnol\u00f3gicas - El Diario - Bolivia","robots":{"index":"index","follow":"follow","max-snippet":"max-snippet:-1","max-image-preview":"max-image-preview:large","max-video-preview":"max-video-preview:-1"},"canonical":"https:\/\/www.eldiario.net\/portal\/2024\/01\/22\/actualisap-presenta-su-podcast-de-soluciones-tecnologicas\/","og_locale":"es_ES","og_type":"article","og_title":"Actualisap presenta su podcast de soluciones tecnol\u00f3gicas - El Diario - Bolivia","og_description":"La Paz, Bolivia. Actualisap Consultores Bolivia realiz\u00f3 el lanzamiento de su podcast ACTUALISA-TEC, un espacio para aprender nuevas herramientas tecnol\u00f3gicas de la mano de expertos con el objetivo final de mejorar el desempe\u00f1o de cada empresa. A lo largo de cada episodio, un consultor especializado de la empresa desarrolla un tema de forma destendida y [&hellip;]","og_url":"https:\/\/www.eldiario.net\/portal\/2024\/01\/22\/actualisap-presenta-su-podcast-de-soluciones-tecnologicas\/","og_site_name":"El Diario - Bolivia","article_publisher":"https:\/\/www.facebook.com\/eldiario.bolivia\/","article_published_time":"2024-01-22T11:15:20+00:00","og_image":[{"width":1575,"height":1032,"url":"https:\/\/www.eldiario.net\/portal\/wp-content\/uploads\/2024\/01\/6-A-1.jpg","type":"image\/jpeg"}],"author":"Jeanette","twitter_card":"summary_large_image","twitter_creator":"@eldiario_net","twitter_site":"@eldiario_net","twitter_misc":{"Escrito por":"Jeanette","Tiempo de lectura":"2 minutos"},"schema":{"@context":"https:\/\/schema.org","@graph":[{"@type":"Article","@id":"https:\/\/www.eldiario.net\/portal\/2024\/01\/22\/actualisap-presenta-su-podcast-de-soluciones-tecnologicas\/#article","isPartOf":{"@id":"https:\/\/www.eldiario.net\/portal\/2024\/01\/22\/actualisap-presenta-su-podcast-de-soluciones-tecnologicas\/"},"author":{"name":"Jeanette","@id":"https:\/\/www.eldiario.net\/portal\/#\/schema\/person\/f46445640444750d7d753ccd04ae01b7"},"headline":"Actualisap presenta su podcast de soluciones tecnol\u00f3gicas","datePublished":"2024-01-22T11:15:20+00:00","mainEntityOfPage":{"@id":"https:\/\/www.eldiario.net\/portal\/2024\/01\/22\/actualisap-presenta-su-podcast-de-soluciones-tecnologicas\/"},"wordCount":385,"commentCount":0,"publisher":{"@id":"https:\/\/www.eldiario.net\/portal\/#organization"},"image":{"@id":"https:\/\/www.eldiario.net\/portal\/2024\/01\/22\/actualisap-presenta-su-podcast-de-soluciones-tecnologicas\/#primaryimage"},"thumbnailUrl":"https:\/\/www.eldiario.net\/portal\/wp-content\/uploads\/2024\/01\/6-A-1.jpg","articleSection":["Ciencia y Computaci\u00f3n"],"inLanguage":"es","potentialAction":[{"@type":"CommentAction","name":"Comment","target":["https:\/\/www.eldiario.net\/portal\/2024\/01\/22\/actualisap-presenta-su-podcast-de-soluciones-tecnologicas\/#respond"]}]},{"@type":"WebPage","@id":"https:\/\/www.eldiario.net\/portal\/2024\/01\/22\/actualisap-presenta-su-podcast-de-soluciones-tecnologicas\/","url":"https:\/\/www.eldiario.net\/portal\/2024\/01\/22\/actualisap-presenta-su-podcast-de-soluciones-tecnologicas\/","name":"Actualisap presenta su podcast de soluciones tecnol\u00f3gicas - El Diario - Bolivia","isPartOf":{"@id":"https:\/\/www.eldiario.net\/portal\/#website"},"primaryImageOfPage":{"@id":"https:\/\/www.eldiario.net\/portal\/2024\/01\/22\/actualisap-presenta-su-podcast-de-soluciones-tecnologicas\/#primaryimage"},"image":{"@id":"https:\/\/www.eldiario.net\/portal\/2024\/01\/22\/actualisap-presenta-su-podcast-de-soluciones-tecnologicas\/#primaryimage"},"thumbnailUrl":"https:\/\/www.eldiario.net\/portal\/wp-content\/uploads\/2024\/01\/6-A-1.jpg","datePublished":"2024-01-22T11:15:20+00:00","breadcrumb":{"@id":"https:\/\/www.eldiario.net\/portal\/2024\/01\/22\/actualisap-presenta-su-podcast-de-soluciones-tecnologicas\/#breadcrumb"},"inLanguage":"es","potentialAction":[{"@type":"ReadAction","target":["https:\/\/www.eldiario.net\/portal\/2024\/01\/22\/actualisap-presenta-su-podcast-de-soluciones-tecnologicas\/"]}]},{"@type":"ImageObject","inLanguage":"es","@id":"https:\/\/www.eldiario.net\/portal\/2024\/01\/22\/actualisap-presenta-su-podcast-de-soluciones-tecnologicas\/#primaryimage","url":"https:\/\/www.eldiario.net\/portal\/wp-content\/uploads\/2024\/01\/6-A-1.jpg","contentUrl":"https:\/\/www.eldiario.net\/portal\/wp-content\/uploads\/2024\/01\/6-A-1.jpg","width":1575,"height":1032},{"@type":"BreadcrumbList","@id":"https:\/\/www.eldiario.net\/portal\/2024\/01\/22\/actualisap-presenta-su-podcast-de-soluciones-tecnologicas\/#breadcrumb","itemListElement":[{"@type":"ListItem","position":1,"name":"Portada","item":"https:\/\/www.eldiario.net\/portal\/"},{"@type":"ListItem","position":2,"name":"Actualisap presenta su podcast de soluciones tecnol\u00f3gicas"}]},{"@type":"WebSite","@id":"https:\/\/www.eldiario.net\/portal\/#website","url":"https:\/\/www.eldiario.net\/portal\/","name":"El Diario - Decano de la prensa nacional","description":"El Diario - Decano de la prensa nacional","publisher":{"@id":"https:\/\/www.eldiario.net\/portal\/#organization"},"potentialAction":[{"@type":"SearchAction","target":{"@type":"EntryPoint","urlTemplate":"https:\/\/www.eldiario.net\/portal\/?s={search_term_string}"},"query-input":{"@type":"PropertyValueSpecification","valueRequired":true,"valueName":"search_term_string"}}],"inLanguage":"es"},{"@type":"Organization","@id":"https:\/\/www.eldiario.net\/portal\/#organization","name":"El Diario - Decano de la prensa nacional","url":"https:\/\/www.eldiario.net\/portal\/","logo":{"@type":"ImageObject","inLanguage":"es","@id":"https:\/\/www.eldiario.net\/portal\/#\/schema\/logo\/image\/","url":"https:\/\/www.eldiario.net\/portal\/wp-content\/uploads\/2023\/07\/logo_ED.jpg","contentUrl":"https:\/\/www.eldiario.net\/portal\/wp-content\/uploads\/2023\/07\/logo_ED.jpg","width":272,"height":52,"caption":"El Diario - Decano de la prensa nacional"},"image":{"@id":"https:\/\/www.eldiario.net\/portal\/#\/schema\/logo\/image\/"},"sameAs":["https:\/\/www.facebook.com\/eldiario.bolivia\/","https:\/\/x.com\/eldiario_net"]},{"@type":"Person","@id":"https:\/\/www.eldiario.net\/portal\/#\/schema\/person\/f46445640444750d7d753ccd04ae01b7","name":"Jeanette","image":{"@type":"ImageObject","inLanguage":"es","@id":"https:\/\/secure.gravatar.com\/avatar\/3ea2118a5f7dad2b7138b1187a6b7ee55f160b9968b66013c3a3ef39dd7e5798?s=96&d=mm&r=g","url":"https:\/\/secure.gravatar.com\/avatar\/3ea2118a5f7dad2b7138b1187a6b7ee55f160b9968b66013c3a3ef39dd7e5798?s=96&d=mm&r=g","contentUrl":"https:\/\/secure.gravatar.com\/avatar\/3ea2118a5f7dad2b7138b1187a6b7ee55f160b9968b66013c3a3ef39dd7e5798?s=96&d=mm&r=g","caption":"Jeanette"},"sameAs":["https:\/\/www.eldiario.net\/portal"],"url":"https:\/\/www.eldiario.net\/portal\/author\/jeanette\/"}]}},"_links":{"self":[{"href":"https:\/\/www.eldiario.net\/portal\/wp-json\/wp\/v2\/posts\/199039","targetHints":{"allow":["GET"]}}],"collection":[{"href":"https:\/\/www.eldiario.net\/portal\/wp-json\/wp\/v2\/posts"}],"about":[{"href":"https:\/\/www.eldiario.net\/portal\/wp-json\/wp\/v2\/types\/post"}],"author":[{"embeddable":true,"href":"https:\/\/www.eldiario.net\/portal\/wp-json\/wp\/v2\/users\/1"}],"replies":[{"embeddable":true,"href":"https:\/\/www.eldiario.net\/portal\/wp-json\/wp\/v2\/comments?post=199039"}],"version-history":[{"count":1,"href":"https:\/\/www.eldiario.net\/portal\/wp-json\/wp\/v2\/posts\/199039\/revisions"}],"predecessor-version":[{"id":199041,"href":"https:\/\/www.eldiario.net\/portal\/wp-json\/wp\/v2\/posts\/199039\/revisions\/199041"}],"wp:featuredmedia":[{"embeddable":true,"href":"https:\/\/www.eldiario.net\/portal\/wp-json\/wp\/v2\/media\/199040"}],"wp:attachment":[{"href":"https:\/\/www.eldiario.net\/portal\/wp-json\/wp\/v2\/media?parent=199039"}],"wp:term":[{"taxonomy":"category","embeddable":true,"href":"https:\/\/www.eldiario.net\/portal\/wp-json\/wp\/v2\/categories?post=199039"},{"taxonomy":"post_tag","embeddable":true,"href":"https:\/\/www.eldiario.net\/portal\/wp-json\/wp\/v2\/tags?post=199039"}],"curies":[{"name":"wp","href":"https:\/\/api.w.org\/{rel}","templated":true}]}}