{"id":199033,"date":"2024-01-22T07:13:37","date_gmt":"2024-01-22T11:13:37","guid":{"rendered":"https:\/\/www.eldiario.net\/portal\/?p=199033"},"modified":"2024-01-22T07:13:37","modified_gmt":"2024-01-22T11:13:37","slug":"provenir-suma-a-lori-copeland-a-su-equipo-ejecutivo-como-directora-global-de-personas","status":"publish","type":"post","link":"https:\/\/www.eldiario.net\/portal\/2024\/01\/22\/provenir-suma-a-lori-copeland-a-su-equipo-ejecutivo-como-directora-global-de-personas\/","title":{"rendered":"Provenir suma a Lori Copeland a su equipo ejecutivo como Directora Global de Personas"},"content":{"rendered":"<p><strong>Bogot\u00e1, enero de 2024.-<\/strong>\u00a0Provenir, empresa del sector de software de toma de decisiones sobre riesgos basado en IA, ha anunciado el nombramiento de Lori Copeland como Directora Global de Personas.<\/p>\n<p>En su nuevo cargo,\u00a0Copeland se encargar\u00e1 de desarrollar y ejecutar la estrategia de recursos humanos para apoyar el plan de negocio general y la direcci\u00f3n estrat\u00e9gica de la organizaci\u00f3n.\u00a0Dirigir\u00e1 y orientar\u00e1 todas las funciones de RR. HH. y desarrollar\u00e1 planes de contrataci\u00f3n para incorporar nuevos talentos que ampl\u00eden la plantilla de Provenir, que abarca 25 pa\u00edses de todo el mundo.<\/p>\n<p>Como directiva de recursos humanos que cuenta con m\u00e1s de 20 a\u00f1os de experiencia, Copeland dispone de una gran competencia para atraer la participaci\u00f3n de actores clave,\u00a0obtener resultados y liderar iniciativas en complejas organizaciones globales matriciales.\u00a0Con anterioridad a su incorporaci\u00f3n a Provenir, Copeland fue Vicepresidente Global de Recursos Humanos en LGC, una empresa l\u00edder mundial en tecnolog\u00eda de ciencias de la vida, participada por capital privado. Anteriormente, ocup\u00f3 el cargo de l\u00edder global de Recursos Humanos en General Electric (GE), Digital, una empresa emergente de IoT en crecimiento dentro de GE.<\/p>\n<p>\u201cLori cuenta con una trayectoria admirable en recursos humanos y desarrollo organizacional y aporta una mezcla din\u00e1mica de pasi\u00f3n y experiencia a nuestro equipo de liderazgo\u201d, dijo Larry Smith, Fundador y CEO de Provenir, quien agrega que, \u201cel liderazgo de Lori ser\u00e1 fundamental para apoyar nuestras operaciones de personas y cultivar una fuerza de trabajo de alto impacto a medida que crecemos\u201d.<\/p>\n<p>En el contexto latinoamericano, una regi\u00f3n de gran importancia para Provenir, la nueva Directora de Personas tiene como objetivo resaltar el notable crecimiento del equipo local, que experiment\u00f3 un impresionante aumento del 300% en 2022 y un s\u00f3lido 40% en 2023. Liderar el bienestar de las personas en los distintos pa\u00edses de Latinoam\u00e9rica representa una oportunidad enriquecedora para la nueva ejecutiva, ya que la personalidad distintiva de los latinoamericanos a\u00f1ade una valiosa dimensi\u00f3n a la compa\u00f1\u00eda, contribuyendo significativamente a la diversidad y aportando una energ\u00eda \u00fanica y valiosa a la visi\u00f3n en la industria financiera.<\/p>\n<p>\u201cEstoy entusiasmada de incorporarme a Provenir en un momento en que la empresa crece a nivel mundial e invierte en su plantilla para ofrecer soluciones innovadoras al mercado de los servicios financieros.\u00a0A medida que Provenir contin\u00faa entregando tecnolog\u00eda para impulsar el \u00e9xito de las instituciones financieras y fintech en todo el mundo, espero poder cultivar y nutrir el mayor activo de la compa\u00f1\u00eda: su gente\u201d, comenta Lori Copeland como nueva Directora Global de Personas para Provenir.<\/p>\n<p>&nbsp;<\/p>\n<p>&nbsp;<\/p>\n","protected":false},"excerpt":{"rendered":"<p>Bogot\u00e1, enero de 2024.-\u00a0Provenir, empresa del sector de software de toma de decisiones sobre riesgos basado en IA, ha anunciado el nombramiento de Lori Copeland como Directora Global de Personas. En su nuevo cargo,\u00a0Copeland se encargar\u00e1 de desarrollar y ejecutar la estrategia de recursos humanos para apoyar el plan de negocio general y la direcci\u00f3n [&hellip;]<\/p>\n","protected":false},"author":1,"featured_media":199034,"comment_status":"open","ping_status":"open","sticky":false,"template":"","format":"standard","meta":{"_acf_changed":false,"footnotes":""},"categories":[46],"tags":[],"class_list":["post-199033","post","type-post","status-publish","format-standard","has-post-thumbnail","category-ciencia-computacion"],"acf":{"antetitulo":""},"yoast_head":"<!-- This site is optimized with the Yoast SEO plugin v28.3 - https:\/\/yoast.com\/product\/yoast-seo-wordpress\/ -->\n<title>Provenir suma a Lori Copeland a su equipo ejecutivo como Directora Global de Personas - El Diario - Bolivia<\/title>\n<meta name=\"robots\" content=\"index, follow, max-snippet:-1, max-image-preview:large, max-video-preview:-1\" \/>\n<link rel=\"canonical\" href=\"https:\/\/www.eldiario.net\/portal\/2024\/01\/22\/provenir-suma-a-lori-copeland-a-su-equipo-ejecutivo-como-directora-global-de-personas\/\" \/>\n<meta property=\"og:locale\" content=\"es_ES\" \/>\n<meta property=\"og:type\" content=\"article\" \/>\n<meta property=\"og:title\" content=\"Provenir suma a Lori Copeland a su equipo ejecutivo como Directora Global de Personas - El Diario - Bolivia\" \/>\n<meta property=\"og:description\" content=\"Bogot\u00e1, enero de 2024.-\u00a0Provenir, empresa del sector de software de toma de decisiones sobre riesgos basado en IA, ha anunciado el nombramiento de Lori Copeland como Directora Global de Personas. En su nuevo cargo,\u00a0Copeland se encargar\u00e1 de desarrollar y ejecutar la estrategia de recursos humanos para apoyar el plan de negocio general y la direcci\u00f3n [&hellip;]\" \/>\n<meta property=\"og:url\" content=\"https:\/\/www.eldiario.net\/portal\/2024\/01\/22\/provenir-suma-a-lori-copeland-a-su-equipo-ejecutivo-como-directora-global-de-personas\/\" \/>\n<meta property=\"og:site_name\" content=\"El Diario - Bolivia\" \/>\n<meta property=\"article:publisher\" content=\"https:\/\/www.facebook.com\/eldiario.bolivia\/\" \/>\n<meta property=\"article:published_time\" content=\"2024-01-22T11:13:37+00:00\" \/>\n<meta property=\"og:image\" content=\"https:\/\/www.eldiario.net\/portal\/wp-content\/uploads\/2024\/01\/7-B.jpg\" \/>\n\t<meta property=\"og:image:width\" content=\"2431\" \/>\n\t<meta property=\"og:image:height\" content=\"1635\" \/>\n\t<meta property=\"og:image:type\" content=\"image\/jpeg\" \/>\n<meta name=\"author\" content=\"Jeanette\" \/>\n<meta name=\"twitter:card\" content=\"summary_large_image\" \/>\n<meta name=\"twitter:creator\" content=\"@eldiario_net\" \/>\n<meta name=\"twitter:site\" content=\"@eldiario_net\" \/>\n<meta name=\"twitter:label1\" content=\"Escrito por\" \/>\n\t<meta name=\"twitter:data1\" content=\"Jeanette\" \/>\n\t<meta name=\"twitter:label2\" content=\"Tiempo de lectura\" \/>\n\t<meta name=\"twitter:data2\" content=\"3 minutos\" \/>\n<script type=\"application\/ld+json\" class=\"yoast-schema-graph\">{\"@context\":\"https:\\\/\\\/schema.org\",\"@graph\":[{\"@type\":\"Article\",\"@id\":\"https:\\\/\\\/www.eldiario.net\\\/portal\\\/2024\\\/01\\\/22\\\/provenir-suma-a-lori-copeland-a-su-equipo-ejecutivo-como-directora-global-de-personas\\\/#article\",\"isPartOf\":{\"@id\":\"https:\\\/\\\/www.eldiario.net\\\/portal\\\/2024\\\/01\\\/22\\\/provenir-suma-a-lori-copeland-a-su-equipo-ejecutivo-como-directora-global-de-personas\\\/\"},\"author\":{\"name\":\"Jeanette\",\"@id\":\"https:\\\/\\\/www.eldiario.net\\\/portal\\\/#\\\/schema\\\/person\\\/f46445640444750d7d753ccd04ae01b7\"},\"headline\":\"Provenir suma a Lori Copeland a su equipo ejecutivo como Directora Global de Personas\",\"datePublished\":\"2024-01-22T11:13:37+00:00\",\"mainEntityOfPage\":{\"@id\":\"https:\\\/\\\/www.eldiario.net\\\/portal\\\/2024\\\/01\\\/22\\\/provenir-suma-a-lori-copeland-a-su-equipo-ejecutivo-como-directora-global-de-personas\\\/\"},\"wordCount\":457,\"commentCount\":0,\"publisher\":{\"@id\":\"https:\\\/\\\/www.eldiario.net\\\/portal\\\/#organization\"},\"image\":{\"@id\":\"https:\\\/\\\/www.eldiario.net\\\/portal\\\/2024\\\/01\\\/22\\\/provenir-suma-a-lori-copeland-a-su-equipo-ejecutivo-como-directora-global-de-personas\\\/#primaryimage\"},\"thumbnailUrl\":\"https:\\\/\\\/www.eldiario.net\\\/portal\\\/wp-content\\\/uploads\\\/2024\\\/01\\\/7-B.jpg\",\"articleSection\":[\"Ciencia y Computaci\u00f3n\"],\"inLanguage\":\"es\",\"potentialAction\":[{\"@type\":\"CommentAction\",\"name\":\"Comment\",\"target\":[\"https:\\\/\\\/www.eldiario.net\\\/portal\\\/2024\\\/01\\\/22\\\/provenir-suma-a-lori-copeland-a-su-equipo-ejecutivo-como-directora-global-de-personas\\\/#respond\"]}]},{\"@type\":\"WebPage\",\"@id\":\"https:\\\/\\\/www.eldiario.net\\\/portal\\\/2024\\\/01\\\/22\\\/provenir-suma-a-lori-copeland-a-su-equipo-ejecutivo-como-directora-global-de-personas\\\/\",\"url\":\"https:\\\/\\\/www.eldiario.net\\\/portal\\\/2024\\\/01\\\/22\\\/provenir-suma-a-lori-copeland-a-su-equipo-ejecutivo-como-directora-global-de-personas\\\/\",\"name\":\"Provenir suma a Lori Copeland a su equipo ejecutivo como Directora Global de Personas - El Diario - Bolivia\",\"isPartOf\":{\"@id\":\"https:\\\/\\\/www.eldiario.net\\\/portal\\\/#website\"},\"primaryImageOfPage\":{\"@id\":\"https:\\\/\\\/www.eldiario.net\\\/portal\\\/2024\\\/01\\\/22\\\/provenir-suma-a-lori-copeland-a-su-equipo-ejecutivo-como-directora-global-de-personas\\\/#primaryimage\"},\"image\":{\"@id\":\"https:\\\/\\\/www.eldiario.net\\\/portal\\\/2024\\\/01\\\/22\\\/provenir-suma-a-lori-copeland-a-su-equipo-ejecutivo-como-directora-global-de-personas\\\/#primaryimage\"},\"thumbnailUrl\":\"https:\\\/\\\/www.eldiario.net\\\/portal\\\/wp-content\\\/uploads\\\/2024\\\/01\\\/7-B.jpg\",\"datePublished\":\"2024-01-22T11:13:37+00:00\",\"breadcrumb\":{\"@id\":\"https:\\\/\\\/www.eldiario.net\\\/portal\\\/2024\\\/01\\\/22\\\/provenir-suma-a-lori-copeland-a-su-equipo-ejecutivo-como-directora-global-de-personas\\\/#breadcrumb\"},\"inLanguage\":\"es\",\"potentialAction\":[{\"@type\":\"ReadAction\",\"target\":[\"https:\\\/\\\/www.eldiario.net\\\/portal\\\/2024\\\/01\\\/22\\\/provenir-suma-a-lori-copeland-a-su-equipo-ejecutivo-como-directora-global-de-personas\\\/\"]}]},{\"@type\":\"ImageObject\",\"inLanguage\":\"es\",\"@id\":\"https:\\\/\\\/www.eldiario.net\\\/portal\\\/2024\\\/01\\\/22\\\/provenir-suma-a-lori-copeland-a-su-equipo-ejecutivo-como-directora-global-de-personas\\\/#primaryimage\",\"url\":\"https:\\\/\\\/www.eldiario.net\\\/portal\\\/wp-content\\\/uploads\\\/2024\\\/01\\\/7-B.jpg\",\"contentUrl\":\"https:\\\/\\\/www.eldiario.net\\\/portal\\\/wp-content\\\/uploads\\\/2024\\\/01\\\/7-B.jpg\",\"width\":2431,\"height\":1635},{\"@type\":\"BreadcrumbList\",\"@id\":\"https:\\\/\\\/www.eldiario.net\\\/portal\\\/2024\\\/01\\\/22\\\/provenir-suma-a-lori-copeland-a-su-equipo-ejecutivo-como-directora-global-de-personas\\\/#breadcrumb\",\"itemListElement\":[{\"@type\":\"ListItem\",\"position\":1,\"name\":\"Portada\",\"item\":\"https:\\\/\\\/www.eldiario.net\\\/portal\\\/\"},{\"@type\":\"ListItem\",\"position\":2,\"name\":\"Provenir suma a Lori Copeland a su equipo ejecutivo como Directora Global de Personas\"}]},{\"@type\":\"WebSite\",\"@id\":\"https:\\\/\\\/www.eldiario.net\\\/portal\\\/#website\",\"url\":\"https:\\\/\\\/www.eldiario.net\\\/portal\\\/\",\"name\":\"El Diario - Decano de la prensa nacional\",\"description\":\"El Diario - Decano de la prensa nacional\",\"publisher\":{\"@id\":\"https:\\\/\\\/www.eldiario.net\\\/portal\\\/#organization\"},\"potentialAction\":[{\"@type\":\"SearchAction\",\"target\":{\"@type\":\"EntryPoint\",\"urlTemplate\":\"https:\\\/\\\/www.eldiario.net\\\/portal\\\/?s={search_term_string}\"},\"query-input\":{\"@type\":\"PropertyValueSpecification\",\"valueRequired\":true,\"valueName\":\"search_term_string\"}}],\"inLanguage\":\"es\"},{\"@type\":\"Organization\",\"@id\":\"https:\\\/\\\/www.eldiario.net\\\/portal\\\/#organization\",\"name\":\"El Diario - Decano de la prensa nacional\",\"url\":\"https:\\\/\\\/www.eldiario.net\\\/portal\\\/\",\"logo\":{\"@type\":\"ImageObject\",\"inLanguage\":\"es\",\"@id\":\"https:\\\/\\\/www.eldiario.net\\\/portal\\\/#\\\/schema\\\/logo\\\/image\\\/\",\"url\":\"https:\\\/\\\/www.eldiario.net\\\/portal\\\/wp-content\\\/uploads\\\/2023\\\/07\\\/logo_ED.jpg\",\"contentUrl\":\"https:\\\/\\\/www.eldiario.net\\\/portal\\\/wp-content\\\/uploads\\\/2023\\\/07\\\/logo_ED.jpg\",\"width\":272,\"height\":52,\"caption\":\"El Diario - Decano de la prensa nacional\"},\"image\":{\"@id\":\"https:\\\/\\\/www.eldiario.net\\\/portal\\\/#\\\/schema\\\/logo\\\/image\\\/\"},\"sameAs\":[\"https:\\\/\\\/www.facebook.com\\\/eldiario.bolivia\\\/\",\"https:\\\/\\\/x.com\\\/eldiario_net\"]},{\"@type\":\"Person\",\"@id\":\"https:\\\/\\\/www.eldiario.net\\\/portal\\\/#\\\/schema\\\/person\\\/f46445640444750d7d753ccd04ae01b7\",\"name\":\"Jeanette\",\"image\":{\"@type\":\"ImageObject\",\"inLanguage\":\"es\",\"@id\":\"https:\\\/\\\/secure.gravatar.com\\\/avatar\\\/3ea2118a5f7dad2b7138b1187a6b7ee55f160b9968b66013c3a3ef39dd7e5798?s=96&d=mm&r=g\",\"url\":\"https:\\\/\\\/secure.gravatar.com\\\/avatar\\\/3ea2118a5f7dad2b7138b1187a6b7ee55f160b9968b66013c3a3ef39dd7e5798?s=96&d=mm&r=g\",\"contentUrl\":\"https:\\\/\\\/secure.gravatar.com\\\/avatar\\\/3ea2118a5f7dad2b7138b1187a6b7ee55f160b9968b66013c3a3ef39dd7e5798?s=96&d=mm&r=g\",\"caption\":\"Jeanette\"},\"sameAs\":[\"https:\\\/\\\/www.eldiario.net\\\/portal\"],\"url\":\"https:\\\/\\\/www.eldiario.net\\\/portal\\\/author\\\/jeanette\\\/\"}]}<\/script>\n<!-- \/ Yoast SEO plugin. -->","yoast_head_json":{"title":"Provenir suma a Lori Copeland a su equipo ejecutivo como Directora Global de Personas - El Diario - Bolivia","robots":{"index":"index","follow":"follow","max-snippet":"max-snippet:-1","max-image-preview":"max-image-preview:large","max-video-preview":"max-video-preview:-1"},"canonical":"https:\/\/www.eldiario.net\/portal\/2024\/01\/22\/provenir-suma-a-lori-copeland-a-su-equipo-ejecutivo-como-directora-global-de-personas\/","og_locale":"es_ES","og_type":"article","og_title":"Provenir suma a Lori Copeland a su equipo ejecutivo como Directora Global de Personas - El Diario - Bolivia","og_description":"Bogot\u00e1, enero de 2024.-\u00a0Provenir, empresa del sector de software de toma de decisiones sobre riesgos basado en IA, ha anunciado el nombramiento de Lori Copeland como Directora Global de Personas. En su nuevo cargo,\u00a0Copeland se encargar\u00e1 de desarrollar y ejecutar la estrategia de recursos humanos para apoyar el plan de negocio general y la direcci\u00f3n [&hellip;]","og_url":"https:\/\/www.eldiario.net\/portal\/2024\/01\/22\/provenir-suma-a-lori-copeland-a-su-equipo-ejecutivo-como-directora-global-de-personas\/","og_site_name":"El Diario - Bolivia","article_publisher":"https:\/\/www.facebook.com\/eldiario.bolivia\/","article_published_time":"2024-01-22T11:13:37+00:00","og_image":[{"width":2431,"height":1635,"url":"https:\/\/www.eldiario.net\/portal\/wp-content\/uploads\/2024\/01\/7-B.jpg","type":"image\/jpeg"}],"author":"Jeanette","twitter_card":"summary_large_image","twitter_creator":"@eldiario_net","twitter_site":"@eldiario_net","twitter_misc":{"Escrito por":"Jeanette","Tiempo de lectura":"3 minutos"},"schema":{"@context":"https:\/\/schema.org","@graph":[{"@type":"Article","@id":"https:\/\/www.eldiario.net\/portal\/2024\/01\/22\/provenir-suma-a-lori-copeland-a-su-equipo-ejecutivo-como-directora-global-de-personas\/#article","isPartOf":{"@id":"https:\/\/www.eldiario.net\/portal\/2024\/01\/22\/provenir-suma-a-lori-copeland-a-su-equipo-ejecutivo-como-directora-global-de-personas\/"},"author":{"name":"Jeanette","@id":"https:\/\/www.eldiario.net\/portal\/#\/schema\/person\/f46445640444750d7d753ccd04ae01b7"},"headline":"Provenir suma a Lori Copeland a su equipo ejecutivo como Directora Global de Personas","datePublished":"2024-01-22T11:13:37+00:00","mainEntityOfPage":{"@id":"https:\/\/www.eldiario.net\/portal\/2024\/01\/22\/provenir-suma-a-lori-copeland-a-su-equipo-ejecutivo-como-directora-global-de-personas\/"},"wordCount":457,"commentCount":0,"publisher":{"@id":"https:\/\/www.eldiario.net\/portal\/#organization"},"image":{"@id":"https:\/\/www.eldiario.net\/portal\/2024\/01\/22\/provenir-suma-a-lori-copeland-a-su-equipo-ejecutivo-como-directora-global-de-personas\/#primaryimage"},"thumbnailUrl":"https:\/\/www.eldiario.net\/portal\/wp-content\/uploads\/2024\/01\/7-B.jpg","articleSection":["Ciencia y Computaci\u00f3n"],"inLanguage":"es","potentialAction":[{"@type":"CommentAction","name":"Comment","target":["https:\/\/www.eldiario.net\/portal\/2024\/01\/22\/provenir-suma-a-lori-copeland-a-su-equipo-ejecutivo-como-directora-global-de-personas\/#respond"]}]},{"@type":"WebPage","@id":"https:\/\/www.eldiario.net\/portal\/2024\/01\/22\/provenir-suma-a-lori-copeland-a-su-equipo-ejecutivo-como-directora-global-de-personas\/","url":"https:\/\/www.eldiario.net\/portal\/2024\/01\/22\/provenir-suma-a-lori-copeland-a-su-equipo-ejecutivo-como-directora-global-de-personas\/","name":"Provenir suma a Lori Copeland a su equipo ejecutivo como Directora Global de Personas - El Diario - Bolivia","isPartOf":{"@id":"https:\/\/www.eldiario.net\/portal\/#website"},"primaryImageOfPage":{"@id":"https:\/\/www.eldiario.net\/portal\/2024\/01\/22\/provenir-suma-a-lori-copeland-a-su-equipo-ejecutivo-como-directora-global-de-personas\/#primaryimage"},"image":{"@id":"https:\/\/www.eldiario.net\/portal\/2024\/01\/22\/provenir-suma-a-lori-copeland-a-su-equipo-ejecutivo-como-directora-global-de-personas\/#primaryimage"},"thumbnailUrl":"https:\/\/www.eldiario.net\/portal\/wp-content\/uploads\/2024\/01\/7-B.jpg","datePublished":"2024-01-22T11:13:37+00:00","breadcrumb":{"@id":"https:\/\/www.eldiario.net\/portal\/2024\/01\/22\/provenir-suma-a-lori-copeland-a-su-equipo-ejecutivo-como-directora-global-de-personas\/#breadcrumb"},"inLanguage":"es","potentialAction":[{"@type":"ReadAction","target":["https:\/\/www.eldiario.net\/portal\/2024\/01\/22\/provenir-suma-a-lori-copeland-a-su-equipo-ejecutivo-como-directora-global-de-personas\/"]}]},{"@type":"ImageObject","inLanguage":"es","@id":"https:\/\/www.eldiario.net\/portal\/2024\/01\/22\/provenir-suma-a-lori-copeland-a-su-equipo-ejecutivo-como-directora-global-de-personas\/#primaryimage","url":"https:\/\/www.eldiario.net\/portal\/wp-content\/uploads\/2024\/01\/7-B.jpg","contentUrl":"https:\/\/www.eldiario.net\/portal\/wp-content\/uploads\/2024\/01\/7-B.jpg","width":2431,"height":1635},{"@type":"BreadcrumbList","@id":"https:\/\/www.eldiario.net\/portal\/2024\/01\/22\/provenir-suma-a-lori-copeland-a-su-equipo-ejecutivo-como-directora-global-de-personas\/#breadcrumb","itemListElement":[{"@type":"ListItem","position":1,"name":"Portada","item":"https:\/\/www.eldiario.net\/portal\/"},{"@type":"ListItem","position":2,"name":"Provenir suma a Lori Copeland a su equipo ejecutivo como Directora Global de Personas"}]},{"@type":"WebSite","@id":"https:\/\/www.eldiario.net\/portal\/#website","url":"https:\/\/www.eldiario.net\/portal\/","name":"El Diario - Decano de la prensa nacional","description":"El Diario - Decano de la prensa nacional","publisher":{"@id":"https:\/\/www.eldiario.net\/portal\/#organization"},"potentialAction":[{"@type":"SearchAction","target":{"@type":"EntryPoint","urlTemplate":"https:\/\/www.eldiario.net\/portal\/?s={search_term_string}"},"query-input":{"@type":"PropertyValueSpecification","valueRequired":true,"valueName":"search_term_string"}}],"inLanguage":"es"},{"@type":"Organization","@id":"https:\/\/www.eldiario.net\/portal\/#organization","name":"El Diario - Decano de la prensa nacional","url":"https:\/\/www.eldiario.net\/portal\/","logo":{"@type":"ImageObject","inLanguage":"es","@id":"https:\/\/www.eldiario.net\/portal\/#\/schema\/logo\/image\/","url":"https:\/\/www.eldiario.net\/portal\/wp-content\/uploads\/2023\/07\/logo_ED.jpg","contentUrl":"https:\/\/www.eldiario.net\/portal\/wp-content\/uploads\/2023\/07\/logo_ED.jpg","width":272,"height":52,"caption":"El Diario - Decano de la prensa nacional"},"image":{"@id":"https:\/\/www.eldiario.net\/portal\/#\/schema\/logo\/image\/"},"sameAs":["https:\/\/www.facebook.com\/eldiario.bolivia\/","https:\/\/x.com\/eldiario_net"]},{"@type":"Person","@id":"https:\/\/www.eldiario.net\/portal\/#\/schema\/person\/f46445640444750d7d753ccd04ae01b7","name":"Jeanette","image":{"@type":"ImageObject","inLanguage":"es","@id":"https:\/\/secure.gravatar.com\/avatar\/3ea2118a5f7dad2b7138b1187a6b7ee55f160b9968b66013c3a3ef39dd7e5798?s=96&d=mm&r=g","url":"https:\/\/secure.gravatar.com\/avatar\/3ea2118a5f7dad2b7138b1187a6b7ee55f160b9968b66013c3a3ef39dd7e5798?s=96&d=mm&r=g","contentUrl":"https:\/\/secure.gravatar.com\/avatar\/3ea2118a5f7dad2b7138b1187a6b7ee55f160b9968b66013c3a3ef39dd7e5798?s=96&d=mm&r=g","caption":"Jeanette"},"sameAs":["https:\/\/www.eldiario.net\/portal"],"url":"https:\/\/www.eldiario.net\/portal\/author\/jeanette\/"}]}},"_links":{"self":[{"href":"https:\/\/www.eldiario.net\/portal\/wp-json\/wp\/v2\/posts\/199033","targetHints":{"allow":["GET"]}}],"collection":[{"href":"https:\/\/www.eldiario.net\/portal\/wp-json\/wp\/v2\/posts"}],"about":[{"href":"https:\/\/www.eldiario.net\/portal\/wp-json\/wp\/v2\/types\/post"}],"author":[{"embeddable":true,"href":"https:\/\/www.eldiario.net\/portal\/wp-json\/wp\/v2\/users\/1"}],"replies":[{"embeddable":true,"href":"https:\/\/www.eldiario.net\/portal\/wp-json\/wp\/v2\/comments?post=199033"}],"version-history":[{"count":1,"href":"https:\/\/www.eldiario.net\/portal\/wp-json\/wp\/v2\/posts\/199033\/revisions"}],"predecessor-version":[{"id":199035,"href":"https:\/\/www.eldiario.net\/portal\/wp-json\/wp\/v2\/posts\/199033\/revisions\/199035"}],"wp:featuredmedia":[{"embeddable":true,"href":"https:\/\/www.eldiario.net\/portal\/wp-json\/wp\/v2\/media\/199034"}],"wp:attachment":[{"href":"https:\/\/www.eldiario.net\/portal\/wp-json\/wp\/v2\/media?parent=199033"}],"wp:term":[{"taxonomy":"category","embeddable":true,"href":"https:\/\/www.eldiario.net\/portal\/wp-json\/wp\/v2\/categories?post=199033"},{"taxonomy":"post_tag","embeddable":true,"href":"https:\/\/www.eldiario.net\/portal\/wp-json\/wp\/v2\/tags?post=199033"}],"curies":[{"name":"wp","href":"https:\/\/api.w.org\/{rel}","templated":true}]}}