{"id":199016,"date":"2024-01-22T07:06:26","date_gmt":"2024-01-22T11:06:26","guid":{"rendered":"https:\/\/www.eldiario.net\/portal\/?p=199016"},"modified":"2024-01-22T07:06:26","modified_gmt":"2024-01-22T11:06:26","slug":"gabbee-hay-mucho-talento-en-bolivia-y-necesita-salir-a-la-luz","status":"publish","type":"post","link":"https:\/\/www.eldiario.net\/portal\/2024\/01\/22\/gabbee-hay-mucho-talento-en-bolivia-y-necesita-salir-a-la-luz\/","title":{"rendered":"GABBEE \u201cHay mucho talento en Bolivia  y necesita salir a la luz\u201d"},"content":{"rendered":"<p>\u201cMi meta es que la audiencia pueda relacionar momentos de sus vidas con mis canciones\u201d, afirma Gabbee, el joven cantautor boliviano que acaba de lanzar al mercado su nuevo single, titulado <em>Dreams<\/em>.<\/p>\n<p>Dreams sale despu\u00e9s de un a\u00f1o del \u00faltimo trabajo publicado por Gabbee, <em>Comes Around<\/em>.<\/p>\n<p>Este nuevo track se encuentra en formato canci\u00f3n en todas las plataformas y como video en YouTube de una sesi\u00f3n en vivo grabada en la Ciudad de M\u00e9xico hace un par de meses.<\/p>\n<p>Luego de haber presentado sus primeras canciones en el 2022 <em>Truth, The Shining, Burn<\/em> y la ya mencionada Comes Around, Gabbee se embarca en un nuevo viaje a trav\u00e9s de este nuevo single que se grab\u00f3 en el estudio Las Flores de la CDMX y se mezcl\u00f3 y masteriz\u00f3 por el productor Irving Damian.<\/p>\n<p>Dreams nos describe el hartazgo de la rutina en nuestras vidas, el coqueteo con las soluciones r\u00e1pidas y el escape al optimismo. A pesar de las letras cr\u00edticas y reflexivas, la canci\u00f3n se comunica a trav\u00e9s de l\u00edneas mel\u00f3dicas con aires de funk y pop, formando as\u00ed un contraste curioso y f\u00e1cil de digerir.<\/p>\n<p>Dreams ya est\u00e1 disponible en todos los canales oficiales de Gabbee.<\/p>\n<p>El cantautor boliviano comenz\u00f3 tocando covers con diferentes bandas de amigos en La Paz hasta el punto de presentarse en varios lugares y participar en algunas competencias y festivales.<\/p>\n<p>\u201cPero la idea de publicar material original siempre fue mi objetivo, por lo cual siempre me manten\u00eda componiendo. Luego encontr\u00e9 oportunidades para hacer m\u00fasica institucional en campa\u00f1as de ONGs y tambi\u00e9n jingles. Entonces me di cuenta que pod\u00eda hacer m\u00fasica y hacerlo una forma de vida, por lo cual busqu\u00e9 ofertas acad\u00e9micas para especializarme en el campo y es as\u00ed como encontr\u00e9 M\u00e9xico. Luego ya asentado ac\u00e1, busqu\u00e9 la manera de producir mi m\u00fasica y distribuirla\u201d, cont\u00f3 Gabbee en la entrevista que le hizo La Gu\u00eda del peri\u00f3dico EL DIARIO.<\/p>\n<p><strong>LG: <\/strong><strong>\u00bfPor qu\u00e9 te pusiste Gabbee como nombre art\u00edstico?<\/strong><\/p>\n<p>G: Mi nombre es Gabriel Zenteno y Gabbee nace de fonemas f\u00e1ciles de pronunciar en espa\u00f1ol e ingl\u00e9s mezclando mis nombres Gabriel y Emilio.<\/p>\n<p><strong>LG: \u00bfC\u00f3mo y cu\u00e1ndo surgi\u00f3 tu pasi\u00f3n por la m\u00fasica?<\/strong><\/p>\n<p>G: Cuando aprend\u00ed a usar la radio de mi casa a los tres a\u00f1os y ya sab\u00eda c\u00f3mo funcionaban los CD, entonces me la pasaba escuchando los que ten\u00edan mis padres.<\/p>\n<p><strong>LG: \u00bfQui\u00e9nes fueron tus referentes?<\/strong><\/p>\n<p>G: En espa\u00f1ol siempre ser\u00e1 todo lo que hizo Cerati, ya sea como solista o con Soda. En ingl\u00e9s es una mezcla de Radiohead, Arctic Monkeys, Tame Impala y Phoenix.<\/p>\n<p><strong>LG: \u00bfPor qu\u00e9 y cu\u00e1ndo te fuiste a M\u00e9xico?, \u00bfd\u00f3nde radicas y hasta qu\u00e9 fecha te quedar\u00e1s all\u00ed?<\/strong><\/p>\n<p>G: Por una oferta acad\u00e9mica. Vivo en Ciudad de M\u00e9xico (antes conocida como D.F.) y a\u00fan es incierto cu\u00e1nto tiempo m\u00e1s me quedar\u00e9 ac\u00e1.<\/p>\n<p><strong>LG: \u00bfC\u00f3mo etiquetar\u00edas tu m\u00fasica?<\/strong><\/p>\n<p>G: F\u00e1cil de empatizar.<\/p>\n<p><strong>LG: \u00bfQu\u00e9 quieres lograr con tus canciones?<\/strong><\/p>\n<p>G: Quiero continuar lanzando m\u00fasica nueva todo el tiempo que sea posible. Mi meta es que la audiencia pueda relacionar momentos de sus vidas con mis canciones.<\/p>\n<p><strong>LG: \u00bfQu\u00e9 destacas de Dreams?<\/strong><\/p>\n<p>G: Dreams es la primera producci\u00f3n que tuvo todos los procesos bajo mi supervisi\u00f3n, por lo que es el inicio de mi material m\u00e1s propio.<\/p>\n<p>La canci\u00f3n explica que, en la inconciencia, antes de siquiera pensar lo que planeamos, primero so\u00f1amos. Y muchas veces olvidamos que todo lo que logramos comenz\u00f3 como eso, un fruto de los sue\u00f1os.<\/p>\n<p><strong>LG: \u00bfEn qu\u00e9 se diferencia Dreams de tus primeras canciones?<\/strong><\/p>\n<p>G: Mis pasadas producciones est\u00e1n mezcladas independientemente y no pude participar en ese proceso. Dreams es la primera producci\u00f3n donde expreso mi sello en todos los procesos.<\/p>\n<p><strong>LG: \u00bfQu\u00e9 se viene en tu carrera art\u00edstica este 2024?<\/strong><\/p>\n<p>G: El lanzamiento de nuevos singles de seguro y presentaciones.<\/p>\n<p><strong>LG: \u00bfCu\u00e1l es tu mayor sue\u00f1o art\u00edstico?<\/strong><\/p>\n<p>G: Que las personas relacionen escenas de su vida con mi m\u00fasica.<\/p>\n<p><strong>LG: \u00bfDeseas agregar algo?<\/strong><\/p>\n<p>G: Hay mucho talento en Bolivia y necesita salir a la luz.<\/p>\n<p><strong>EL ARTISTA<\/strong><\/p>\n<p>Gabriel Emilio Zenteno Illanes naci\u00f3 el 26 de febrero de 1995 en La Paz, Bolivia.<\/p>\n<p>Estudi\u00f3 Ingenier\u00eda Financiera (UCB-ePC) e Ingenier\u00eda en Audio (Fermatta).<\/p>\n<p>Es un cantautor y compositor boliviano, multi instrumentalista. Su estilo refresca el sonido tradicional del indie pop. En sus presentaciones en vivo, Gabbee logra mover al p\u00fablico, con la mirada introspectiva en sus letras y un sonido que va de lo electroac\u00fastico hasta una banda completa de rock.<\/p>\n<p>Su trayectoria musical cuenta con colaboraciones en campa\u00f1as publicitarias y de concientizaci\u00f3n social. Siempre dirigi\u00e9ndose a ese p\u00fablico que busca conectarse con el otro desde un gesto de empat\u00eda.<\/p>\n<p>Shows en vivo, live sessions, entrevistas y espacios medi\u00e1ticos comienzan a abrirse para escuchar esta nueva voz, que trae un toque muy humano a nuestras vidas.<\/p>\n\r\n                <style type=\"text\/css\">\r\n                    \r\n                    #tdi_1  .td-doubleSlider-2 .td-item1 {\r\n                        background: url(https:\/\/www.eldiario.net\/portal\/wp-content\/uploads\/2024\/01\/ga-1PRINCIPAL-scaled.jpg) 0 0 no-repeat;\r\n                    }\r\n                    #tdi_1  .td-doubleSlider-2 .td-item2 {\r\n                        background: url(https:\/\/www.eldiario.net\/portal\/wp-content\/uploads\/2024\/01\/ga-2-scaled.jpg) 0 0 no-repeat;\r\n                    }\r\n                    #tdi_1  .td-doubleSlider-2 .td-item3 {\r\n                        background: url(https:\/\/www.eldiario.net\/portal\/wp-content\/uploads\/2024\/01\/ga-3-scaled.jpg) 0 0 no-repeat;\r\n                    }\r\n                    #tdi_1  .td-doubleSlider-2 .td-item4 {\r\n                        background: url(https:\/\/www.eldiario.net\/portal\/wp-content\/uploads\/2024\/01\/ga-4.jpeg) 0 0 no-repeat;\r\n                    }\r\n                    #tdi_1  .td-doubleSlider-2 .td-item5 {\r\n                        background: url(https:\/\/www.eldiario.net\/portal\/wp-content\/uploads\/2024\/01\/ga-5-scaled.jpg) 0 0 no-repeat;\r\n                    }\r\n                    #tdi_1  .td-doubleSlider-2 .td-item6 {\r\n                        background: url(https:\/\/www.eldiario.net\/portal\/wp-content\/uploads\/2024\/01\/ga-6-scaled.jpg) 0 0 no-repeat;\r\n                    }\r\n                    #tdi_1  .td-doubleSlider-2 .td-item7 {\r\n                        background: url(https:\/\/www.eldiario.net\/portal\/wp-content\/uploads\/2024\/01\/ga-7-scaled.jpg) 0 0 no-repeat;\r\n                    }\r\n                <\/style>\r\n\r\n                <div id=\"tdi_1\" class=\"td-gallery td-slide-on-2-columns\">\r\n                    <div class=\"post_td_gallery\">\r\n                        <div class=\"td-gallery-slide-top\">\r\n                           <div class=\"td-gallery-title\"><\/div>\r\n\r\n                            <div class=\"td-gallery-controls-wrapper\">\r\n                                <div class=\"td-gallery-slide-count\"><span class=\"td-gallery-slide-item-focus\">1<\/span> de 7<\/div>\r\n                                <div class=\"td-gallery-slide-prev-next-but\">\r\n                                    <i class = \"td-icon-left doubleSliderPrevButton\"><\/i>\r\n                                    <i class = \"td-icon-right doubleSliderNextButton\"><\/i>\r\n                                <\/div>\r\n                            <\/div>\r\n                        <\/div>\r\n\r\n                        <div class = \"td-doubleSlider-1 \">\r\n                            <div class = \"td-slider\">\r\n                                \r\n                    <div class = \"td-slide-item td-item1\">\r\n                        <figure class=\"td-slide-galery-figure td-slide-popup-gallery\">\r\n                            <a class=\"slide-gallery-image-link\" href=\"https:\/\/www.eldiario.net\/portal\/wp-content\/uploads\/2024\/01\/ga-1PRINCIPAL-scaled.jpg\" title=\"ga 1PRINCIPAL\"  data-caption=\"\"  data-description=\"\">\r\n                                <img decoding=\"async\" src=\"https:\/\/www.eldiario.net\/portal\/wp-content\/uploads\/2024\/01\/ga-1PRINCIPAL-scaled.jpg\" srcset=\"https:\/\/www.eldiario.net\/portal\/wp-content\/uploads\/2024\/01\/ga-1PRINCIPAL-scaled.jpg 2560w, https:\/\/www.eldiario.net\/portal\/wp-content\/uploads\/2024\/01\/ga-1PRINCIPAL-300x157.jpg 300w, https:\/\/www.eldiario.net\/portal\/wp-content\/uploads\/2024\/01\/ga-1PRINCIPAL-1024x536.jpg 1024w, https:\/\/www.eldiario.net\/portal\/wp-content\/uploads\/2024\/01\/ga-1PRINCIPAL-768x402.jpg 768w, https:\/\/www.eldiario.net\/portal\/wp-content\/uploads\/2024\/01\/ga-1PRINCIPAL-1536x804.jpg 1536w, https:\/\/www.eldiario.net\/portal\/wp-content\/uploads\/2024\/01\/ga-1PRINCIPAL-2048x1072.jpg 2048w, https:\/\/www.eldiario.net\/portal\/wp-content\/uploads\/2024\/01\/ga-1PRINCIPAL-696x364.jpg 696w, https:\/\/www.eldiario.net\/portal\/wp-content\/uploads\/2024\/01\/ga-1PRINCIPAL-1068x559.jpg 1068w, https:\/\/www.eldiario.net\/portal\/wp-content\/uploads\/2024\/01\/ga-1PRINCIPAL-1920x1005.jpg 1920w\" sizes=\"(max-width: 802px) 100vw, 802px\" alt=\"\">\r\n                            <\/a>\r\n                            \r\n                        <\/figure>\r\n                    <\/div>\r\n                    <div class = \"td-slide-item td-item2\">\r\n                        <figure class=\"td-slide-galery-figure td-slide-popup-gallery\">\r\n                            <a class=\"slide-gallery-image-link\" href=\"https:\/\/www.eldiario.net\/portal\/wp-content\/uploads\/2024\/01\/ga-2-scaled.jpg\" title=\"ga 2\"  data-caption=\"\"  data-description=\"\">\r\n                                <img decoding=\"async\" src=\"https:\/\/www.eldiario.net\/portal\/wp-content\/uploads\/2024\/01\/ga-2-scaled.jpg\" srcset=\"https:\/\/www.eldiario.net\/portal\/wp-content\/uploads\/2024\/01\/ga-2-scaled.jpg 2560w, https:\/\/www.eldiario.net\/portal\/wp-content\/uploads\/2024\/01\/ga-2-300x157.jpg 300w, https:\/\/www.eldiario.net\/portal\/wp-content\/uploads\/2024\/01\/ga-2-1024x536.jpg 1024w, https:\/\/www.eldiario.net\/portal\/wp-content\/uploads\/2024\/01\/ga-2-768x402.jpg 768w, https:\/\/www.eldiario.net\/portal\/wp-content\/uploads\/2024\/01\/ga-2-1536x804.jpg 1536w, https:\/\/www.eldiario.net\/portal\/wp-content\/uploads\/2024\/01\/ga-2-2048x1072.jpg 2048w, https:\/\/www.eldiario.net\/portal\/wp-content\/uploads\/2024\/01\/ga-2-696x364.jpg 696w, https:\/\/www.eldiario.net\/portal\/wp-content\/uploads\/2024\/01\/ga-2-1068x559.jpg 1068w, https:\/\/www.eldiario.net\/portal\/wp-content\/uploads\/2024\/01\/ga-2-1920x1005.jpg 1920w\" sizes=\"(max-width: 802px) 100vw, 802px\" alt=\"\">\r\n                            <\/a>\r\n                            \r\n                        <\/figure>\r\n                    <\/div>\r\n                    <div class = \"td-slide-item td-item3\">\r\n                        <figure class=\"td-slide-galery-figure td-slide-popup-gallery\">\r\n                            <a class=\"slide-gallery-image-link\" href=\"https:\/\/www.eldiario.net\/portal\/wp-content\/uploads\/2024\/01\/ga-3-scaled.jpg\" title=\"ga 3\"  data-caption=\"\"  data-description=\"\">\r\n                                <img decoding=\"async\" src=\"https:\/\/www.eldiario.net\/portal\/wp-content\/uploads\/2024\/01\/ga-3-scaled.jpg\" srcset=\"https:\/\/www.eldiario.net\/portal\/wp-content\/uploads\/2024\/01\/ga-3-scaled.jpg 2560w, https:\/\/www.eldiario.net\/portal\/wp-content\/uploads\/2024\/01\/ga-3-300x200.jpg 300w, https:\/\/www.eldiario.net\/portal\/wp-content\/uploads\/2024\/01\/ga-3-1024x683.jpg 1024w, https:\/\/www.eldiario.net\/portal\/wp-content\/uploads\/2024\/01\/ga-3-768x512.jpg 768w, https:\/\/www.eldiario.net\/portal\/wp-content\/uploads\/2024\/01\/ga-3-1536x1024.jpg 1536w, https:\/\/www.eldiario.net\/portal\/wp-content\/uploads\/2024\/01\/ga-3-2048x1365.jpg 2048w, https:\/\/www.eldiario.net\/portal\/wp-content\/uploads\/2024\/01\/ga-3-696x464.jpg 696w, https:\/\/www.eldiario.net\/portal\/wp-content\/uploads\/2024\/01\/ga-3-1068x712.jpg 1068w, https:\/\/www.eldiario.net\/portal\/wp-content\/uploads\/2024\/01\/ga-3-1920x1280.jpg 1920w\" sizes=\"(max-width: 630px) 100vw, 630px\" alt=\"\">\r\n                            <\/a>\r\n                            \r\n                        <\/figure>\r\n                    <\/div>\r\n                    <div class = \"td-slide-item td-item4\">\r\n                        <figure class=\"td-slide-galery-figure td-slide-popup-gallery\">\r\n                            <a class=\"slide-gallery-image-link\" href=\"https:\/\/www.eldiario.net\/portal\/wp-content\/uploads\/2024\/01\/ga-4.jpeg\" title=\"ga 4\"  data-caption=\"\"  data-description=\"\">\r\n                                <img decoding=\"async\" src=\"https:\/\/www.eldiario.net\/portal\/wp-content\/uploads\/2024\/01\/ga-4.jpeg\" srcset=\"https:\/\/www.eldiario.net\/portal\/wp-content\/uploads\/2024\/01\/ga-4.jpeg 1600w, https:\/\/www.eldiario.net\/portal\/wp-content\/uploads\/2024\/01\/ga-4-300x169.jpeg 300w, https:\/\/www.eldiario.net\/portal\/wp-content\/uploads\/2024\/01\/ga-4-1024x576.jpeg 1024w, https:\/\/www.eldiario.net\/portal\/wp-content\/uploads\/2024\/01\/ga-4-768x432.jpeg 768w, https:\/\/www.eldiario.net\/portal\/wp-content\/uploads\/2024\/01\/ga-4-1536x864.jpeg 1536w, https:\/\/www.eldiario.net\/portal\/wp-content\/uploads\/2024\/01\/ga-4-696x392.jpeg 696w, https:\/\/www.eldiario.net\/portal\/wp-content\/uploads\/2024\/01\/ga-4-1068x601.jpeg 1068w\" sizes=\"(max-width: 747px) 100vw, 747px\" alt=\"\">\r\n                            <\/a>\r\n                            \r\n                        <\/figure>\r\n                    <\/div>\r\n                    <div class = \"td-slide-item td-item5\">\r\n                        <figure class=\"td-slide-galery-figure td-slide-popup-gallery\">\r\n                            <a class=\"slide-gallery-image-link\" href=\"https:\/\/www.eldiario.net\/portal\/wp-content\/uploads\/2024\/01\/ga-5-scaled.jpg\" title=\"ga 5\"  data-caption=\"\"  data-description=\"\">\r\n                                <img decoding=\"async\" src=\"https:\/\/www.eldiario.net\/portal\/wp-content\/uploads\/2024\/01\/ga-5-scaled.jpg\" srcset=\"https:\/\/www.eldiario.net\/portal\/wp-content\/uploads\/2024\/01\/ga-5-scaled.jpg 1702w, https:\/\/www.eldiario.net\/portal\/wp-content\/uploads\/2024\/01\/ga-5-199x300.jpg 199w, https:\/\/www.eldiario.net\/portal\/wp-content\/uploads\/2024\/01\/ga-5-681x1024.jpg 681w, https:\/\/www.eldiario.net\/portal\/wp-content\/uploads\/2024\/01\/ga-5-768x1155.jpg 768w, https:\/\/www.eldiario.net\/portal\/wp-content\/uploads\/2024\/01\/ga-5-1021x1536.jpg 1021w, https:\/\/www.eldiario.net\/portal\/wp-content\/uploads\/2024\/01\/ga-5-1362x2048.jpg 1362w, https:\/\/www.eldiario.net\/portal\/wp-content\/uploads\/2024\/01\/ga-5-696x1047.jpg 696w, https:\/\/www.eldiario.net\/portal\/wp-content\/uploads\/2024\/01\/ga-5-1068x1606.jpg 1068w, https:\/\/www.eldiario.net\/portal\/wp-content\/uploads\/2024\/01\/ga-5-1920x2888.jpg 1920w\" sizes=\"(max-width: 279px) 100vw, 279px\" alt=\"\">\r\n                            <\/a>\r\n                            \r\n                        <\/figure>\r\n                    <\/div>\r\n                    <div class = \"td-slide-item td-item6\">\r\n                        <figure class=\"td-slide-galery-figure td-slide-popup-gallery\">\r\n                            <a class=\"slide-gallery-image-link\" href=\"https:\/\/www.eldiario.net\/portal\/wp-content\/uploads\/2024\/01\/ga-6-scaled.jpg\" title=\"ga 6\"  data-caption=\"\"  data-description=\"\">\r\n                                <img decoding=\"async\" src=\"https:\/\/www.eldiario.net\/portal\/wp-content\/uploads\/2024\/01\/ga-6-scaled.jpg\" srcset=\"https:\/\/www.eldiario.net\/portal\/wp-content\/uploads\/2024\/01\/ga-6-scaled.jpg 2048w, https:\/\/www.eldiario.net\/portal\/wp-content\/uploads\/2024\/01\/ga-6-240x300.jpg 240w, https:\/\/www.eldiario.net\/portal\/wp-content\/uploads\/2024\/01\/ga-6-819x1024.jpg 819w, https:\/\/www.eldiario.net\/portal\/wp-content\/uploads\/2024\/01\/ga-6-768x960.jpg 768w, https:\/\/www.eldiario.net\/portal\/wp-content\/uploads\/2024\/01\/ga-6-1229x1536.jpg 1229w, https:\/\/www.eldiario.net\/portal\/wp-content\/uploads\/2024\/01\/ga-6-1638x2048.jpg 1638w, https:\/\/www.eldiario.net\/portal\/wp-content\/uploads\/2024\/01\/ga-6-696x870.jpg 696w, https:\/\/www.eldiario.net\/portal\/wp-content\/uploads\/2024\/01\/ga-6-1068x1335.jpg 1068w, https:\/\/www.eldiario.net\/portal\/wp-content\/uploads\/2024\/01\/ga-6-1920x2400.jpg 1920w\" sizes=\"(max-width: 336px) 100vw, 336px\" alt=\"\">\r\n                            <\/a>\r\n                            \r\n                        <\/figure>\r\n                    <\/div>\r\n                    <div class = \"td-slide-item td-item7\">\r\n                        <figure class=\"td-slide-galery-figure td-slide-popup-gallery\">\r\n                            <a class=\"slide-gallery-image-link\" href=\"https:\/\/www.eldiario.net\/portal\/wp-content\/uploads\/2024\/01\/ga-7-scaled.jpg\" title=\"ga 7\"  data-caption=\"\"  data-description=\"\">\r\n                                <img decoding=\"async\" src=\"https:\/\/www.eldiario.net\/portal\/wp-content\/uploads\/2024\/01\/ga-7-scaled.jpg\" srcset=\"https:\/\/www.eldiario.net\/portal\/wp-content\/uploads\/2024\/01\/ga-7-scaled.jpg 2048w, https:\/\/www.eldiario.net\/portal\/wp-content\/uploads\/2024\/01\/ga-7-240x300.jpg 240w, https:\/\/www.eldiario.net\/portal\/wp-content\/uploads\/2024\/01\/ga-7-819x1024.jpg 819w, https:\/\/www.eldiario.net\/portal\/wp-content\/uploads\/2024\/01\/ga-7-768x960.jpg 768w, https:\/\/www.eldiario.net\/portal\/wp-content\/uploads\/2024\/01\/ga-7-1229x1536.jpg 1229w, https:\/\/www.eldiario.net\/portal\/wp-content\/uploads\/2024\/01\/ga-7-1638x2048.jpg 1638w, https:\/\/www.eldiario.net\/portal\/wp-content\/uploads\/2024\/01\/ga-7-696x870.jpg 696w, https:\/\/www.eldiario.net\/portal\/wp-content\/uploads\/2024\/01\/ga-7-1068x1335.jpg 1068w, https:\/\/www.eldiario.net\/portal\/wp-content\/uploads\/2024\/01\/ga-7-1920x2400.jpg 1920w\" sizes=\"(max-width: 336px) 100vw, 336px\" alt=\"\">\r\n                            <\/a>\r\n                            \r\n                        <\/figure>\r\n                    <\/div>\r\n                            <\/div>\r\n                        <\/div>\r\n\r\n                        <div class = \"td-doubleSlider-2\">\r\n                            <div class = \"td-slider\">\r\n                                \r\n                    <div class = \"td-button td-item1\">\r\n                        <div class = \"td-border\"><\/div>\r\n                    <\/div>\r\n                    <div class = \"td-button td-item2\">\r\n                        <div class = \"td-border\"><\/div>\r\n                    <\/div>\r\n                    <div class = \"td-button td-item3\">\r\n                        <div class = \"td-border\"><\/div>\r\n                    <\/div>\r\n                    <div class = \"td-button td-item4\">\r\n                        <div class = \"td-border\"><\/div>\r\n                    <\/div>\r\n                    <div class = \"td-button td-item5\">\r\n                        <div class = \"td-border\"><\/div>\r\n                    <\/div>\r\n                    <div class = \"td-button td-item6\">\r\n                        <div class = \"td-border\"><\/div>\r\n                    <\/div>\r\n                    <div class = \"td-button td-item7\">\r\n                        <div class = \"td-border\"><\/div>\r\n                    <\/div>\r\n                            <\/div>\r\n                        <\/div>\r\n\r\n                    <\/div>\r\n\r\n                <\/div>\r\n                \n<p>&nbsp;<\/p>\n<p>&nbsp;<\/p>\n","protected":false},"excerpt":{"rendered":"<p>\u201cMi meta es que la audiencia pueda relacionar momentos de sus vidas con mis canciones\u201d, afirma Gabbee, el joven cantautor boliviano que acaba de lanzar al mercado su nuevo single, titulado Dreams. Dreams sale despu\u00e9s de un a\u00f1o del \u00faltimo trabajo publicado por Gabbee, Comes Around. Este nuevo track se encuentra en formato canci\u00f3n en [&hellip;]<\/p>\n","protected":false},"author":1,"featured_media":199017,"comment_status":"open","ping_status":"open","sticky":false,"template":"","format":"standard","meta":{"_acf_changed":false,"footnotes":""},"categories":[41],"tags":[],"class_list":["post-199016","post","type-post","status-publish","format-standard","has-post-thumbnail","category-la-guia"],"acf":{"antetitulo":""},"yoast_head":"<!-- This site is optimized with the Yoast SEO plugin v28.3 - https:\/\/yoast.com\/product\/yoast-seo-wordpress\/ -->\n<title>GABBEE \u201cHay mucho talento en Bolivia y necesita salir a la luz\u201d - El Diario - Bolivia<\/title>\n<meta name=\"robots\" content=\"index, follow, max-snippet:-1, max-image-preview:large, max-video-preview:-1\" \/>\n<link rel=\"canonical\" href=\"https:\/\/www.eldiario.net\/portal\/2024\/01\/22\/gabbee-hay-mucho-talento-en-bolivia-y-necesita-salir-a-la-luz\/\" \/>\n<meta property=\"og:locale\" content=\"es_ES\" \/>\n<meta property=\"og:type\" content=\"article\" \/>\n<meta property=\"og:title\" content=\"GABBEE \u201cHay mucho talento en Bolivia y necesita salir a la luz\u201d - El Diario - Bolivia\" \/>\n<meta property=\"og:description\" content=\"\u201cMi meta es que la audiencia pueda relacionar momentos de sus vidas con mis canciones\u201d, afirma Gabbee, el joven cantautor boliviano que acaba de lanzar al mercado su nuevo single, titulado Dreams. Dreams sale despu\u00e9s de un a\u00f1o del \u00faltimo trabajo publicado por Gabbee, Comes Around. Este nuevo track se encuentra en formato canci\u00f3n en [&hellip;]\" \/>\n<meta property=\"og:url\" content=\"https:\/\/www.eldiario.net\/portal\/2024\/01\/22\/gabbee-hay-mucho-talento-en-bolivia-y-necesita-salir-a-la-luz\/\" \/>\n<meta property=\"og:site_name\" content=\"El Diario - Bolivia\" \/>\n<meta property=\"article:publisher\" content=\"https:\/\/www.facebook.com\/eldiario.bolivia\/\" \/>\n<meta property=\"article:published_time\" content=\"2024-01-22T11:06:26+00:00\" \/>\n<meta property=\"og:image\" content=\"https:\/\/www.eldiario.net\/portal\/wp-content\/uploads\/2024\/01\/ga-1PRINCIPAL-scaled.jpg\" \/>\n\t<meta property=\"og:image:width\" content=\"2560\" \/>\n\t<meta property=\"og:image:height\" content=\"1340\" \/>\n\t<meta property=\"og:image:type\" content=\"image\/jpeg\" \/>\n<meta name=\"author\" content=\"Jeanette\" \/>\n<meta name=\"twitter:card\" content=\"summary_large_image\" \/>\n<meta name=\"twitter:creator\" content=\"@eldiario_net\" \/>\n<meta name=\"twitter:site\" content=\"@eldiario_net\" \/>\n<meta name=\"twitter:label1\" content=\"Escrito por\" \/>\n\t<meta name=\"twitter:data1\" content=\"Jeanette\" \/>\n\t<meta name=\"twitter:label2\" content=\"Tiempo de lectura\" \/>\n\t<meta name=\"twitter:data2\" content=\"4 minutos\" \/>\n<script type=\"application\/ld+json\" class=\"yoast-schema-graph\">{\"@context\":\"https:\\\/\\\/schema.org\",\"@graph\":[{\"@type\":\"Article\",\"@id\":\"https:\\\/\\\/www.eldiario.net\\\/portal\\\/2024\\\/01\\\/22\\\/gabbee-hay-mucho-talento-en-bolivia-y-necesita-salir-a-la-luz\\\/#article\",\"isPartOf\":{\"@id\":\"https:\\\/\\\/www.eldiario.net\\\/portal\\\/2024\\\/01\\\/22\\\/gabbee-hay-mucho-talento-en-bolivia-y-necesita-salir-a-la-luz\\\/\"},\"author\":{\"name\":\"Jeanette\",\"@id\":\"https:\\\/\\\/www.eldiario.net\\\/portal\\\/#\\\/schema\\\/person\\\/f46445640444750d7d753ccd04ae01b7\"},\"headline\":\"GABBEE \u201cHay mucho talento en Bolivia y necesita salir a la luz\u201d\",\"datePublished\":\"2024-01-22T11:06:26+00:00\",\"mainEntityOfPage\":{\"@id\":\"https:\\\/\\\/www.eldiario.net\\\/portal\\\/2024\\\/01\\\/22\\\/gabbee-hay-mucho-talento-en-bolivia-y-necesita-salir-a-la-luz\\\/\"},\"wordCount\":891,\"commentCount\":0,\"publisher\":{\"@id\":\"https:\\\/\\\/www.eldiario.net\\\/portal\\\/#organization\"},\"image\":{\"@id\":\"https:\\\/\\\/www.eldiario.net\\\/portal\\\/2024\\\/01\\\/22\\\/gabbee-hay-mucho-talento-en-bolivia-y-necesita-salir-a-la-luz\\\/#primaryimage\"},\"thumbnailUrl\":\"https:\\\/\\\/www.eldiario.net\\\/portal\\\/wp-content\\\/uploads\\\/2024\\\/01\\\/ga-1PRINCIPAL-scaled.jpg\",\"articleSection\":[\"La Gu\u00eda\"],\"inLanguage\":\"es\",\"potentialAction\":[{\"@type\":\"CommentAction\",\"name\":\"Comment\",\"target\":[\"https:\\\/\\\/www.eldiario.net\\\/portal\\\/2024\\\/01\\\/22\\\/gabbee-hay-mucho-talento-en-bolivia-y-necesita-salir-a-la-luz\\\/#respond\"]}]},{\"@type\":\"WebPage\",\"@id\":\"https:\\\/\\\/www.eldiario.net\\\/portal\\\/2024\\\/01\\\/22\\\/gabbee-hay-mucho-talento-en-bolivia-y-necesita-salir-a-la-luz\\\/\",\"url\":\"https:\\\/\\\/www.eldiario.net\\\/portal\\\/2024\\\/01\\\/22\\\/gabbee-hay-mucho-talento-en-bolivia-y-necesita-salir-a-la-luz\\\/\",\"name\":\"GABBEE \u201cHay mucho talento en Bolivia y necesita salir a la luz\u201d - El Diario - Bolivia\",\"isPartOf\":{\"@id\":\"https:\\\/\\\/www.eldiario.net\\\/portal\\\/#website\"},\"primaryImageOfPage\":{\"@id\":\"https:\\\/\\\/www.eldiario.net\\\/portal\\\/2024\\\/01\\\/22\\\/gabbee-hay-mucho-talento-en-bolivia-y-necesita-salir-a-la-luz\\\/#primaryimage\"},\"image\":{\"@id\":\"https:\\\/\\\/www.eldiario.net\\\/portal\\\/2024\\\/01\\\/22\\\/gabbee-hay-mucho-talento-en-bolivia-y-necesita-salir-a-la-luz\\\/#primaryimage\"},\"thumbnailUrl\":\"https:\\\/\\\/www.eldiario.net\\\/portal\\\/wp-content\\\/uploads\\\/2024\\\/01\\\/ga-1PRINCIPAL-scaled.jpg\",\"datePublished\":\"2024-01-22T11:06:26+00:00\",\"breadcrumb\":{\"@id\":\"https:\\\/\\\/www.eldiario.net\\\/portal\\\/2024\\\/01\\\/22\\\/gabbee-hay-mucho-talento-en-bolivia-y-necesita-salir-a-la-luz\\\/#breadcrumb\"},\"inLanguage\":\"es\",\"potentialAction\":[{\"@type\":\"ReadAction\",\"target\":[\"https:\\\/\\\/www.eldiario.net\\\/portal\\\/2024\\\/01\\\/22\\\/gabbee-hay-mucho-talento-en-bolivia-y-necesita-salir-a-la-luz\\\/\"]}]},{\"@type\":\"ImageObject\",\"inLanguage\":\"es\",\"@id\":\"https:\\\/\\\/www.eldiario.net\\\/portal\\\/2024\\\/01\\\/22\\\/gabbee-hay-mucho-talento-en-bolivia-y-necesita-salir-a-la-luz\\\/#primaryimage\",\"url\":\"https:\\\/\\\/www.eldiario.net\\\/portal\\\/wp-content\\\/uploads\\\/2024\\\/01\\\/ga-1PRINCIPAL-scaled.jpg\",\"contentUrl\":\"https:\\\/\\\/www.eldiario.net\\\/portal\\\/wp-content\\\/uploads\\\/2024\\\/01\\\/ga-1PRINCIPAL-scaled.jpg\",\"width\":2560,\"height\":1340},{\"@type\":\"BreadcrumbList\",\"@id\":\"https:\\\/\\\/www.eldiario.net\\\/portal\\\/2024\\\/01\\\/22\\\/gabbee-hay-mucho-talento-en-bolivia-y-necesita-salir-a-la-luz\\\/#breadcrumb\",\"itemListElement\":[{\"@type\":\"ListItem\",\"position\":1,\"name\":\"Portada\",\"item\":\"https:\\\/\\\/www.eldiario.net\\\/portal\\\/\"},{\"@type\":\"ListItem\",\"position\":2,\"name\":\"GABBEE \u201cHay mucho talento en Bolivia y necesita salir a la luz\u201d\"}]},{\"@type\":\"WebSite\",\"@id\":\"https:\\\/\\\/www.eldiario.net\\\/portal\\\/#website\",\"url\":\"https:\\\/\\\/www.eldiario.net\\\/portal\\\/\",\"name\":\"El Diario - Decano de la prensa nacional\",\"description\":\"El Diario - Decano de la prensa nacional\",\"publisher\":{\"@id\":\"https:\\\/\\\/www.eldiario.net\\\/portal\\\/#organization\"},\"potentialAction\":[{\"@type\":\"SearchAction\",\"target\":{\"@type\":\"EntryPoint\",\"urlTemplate\":\"https:\\\/\\\/www.eldiario.net\\\/portal\\\/?s={search_term_string}\"},\"query-input\":{\"@type\":\"PropertyValueSpecification\",\"valueRequired\":true,\"valueName\":\"search_term_string\"}}],\"inLanguage\":\"es\"},{\"@type\":\"Organization\",\"@id\":\"https:\\\/\\\/www.eldiario.net\\\/portal\\\/#organization\",\"name\":\"El Diario - Decano de la prensa nacional\",\"url\":\"https:\\\/\\\/www.eldiario.net\\\/portal\\\/\",\"logo\":{\"@type\":\"ImageObject\",\"inLanguage\":\"es\",\"@id\":\"https:\\\/\\\/www.eldiario.net\\\/portal\\\/#\\\/schema\\\/logo\\\/image\\\/\",\"url\":\"https:\\\/\\\/www.eldiario.net\\\/portal\\\/wp-content\\\/uploads\\\/2023\\\/07\\\/logo_ED.jpg\",\"contentUrl\":\"https:\\\/\\\/www.eldiario.net\\\/portal\\\/wp-content\\\/uploads\\\/2023\\\/07\\\/logo_ED.jpg\",\"width\":272,\"height\":52,\"caption\":\"El Diario - Decano de la prensa nacional\"},\"image\":{\"@id\":\"https:\\\/\\\/www.eldiario.net\\\/portal\\\/#\\\/schema\\\/logo\\\/image\\\/\"},\"sameAs\":[\"https:\\\/\\\/www.facebook.com\\\/eldiario.bolivia\\\/\",\"https:\\\/\\\/x.com\\\/eldiario_net\"]},{\"@type\":\"Person\",\"@id\":\"https:\\\/\\\/www.eldiario.net\\\/portal\\\/#\\\/schema\\\/person\\\/f46445640444750d7d753ccd04ae01b7\",\"name\":\"Jeanette\",\"image\":{\"@type\":\"ImageObject\",\"inLanguage\":\"es\",\"@id\":\"https:\\\/\\\/secure.gravatar.com\\\/avatar\\\/3ea2118a5f7dad2b7138b1187a6b7ee55f160b9968b66013c3a3ef39dd7e5798?s=96&d=mm&r=g\",\"url\":\"https:\\\/\\\/secure.gravatar.com\\\/avatar\\\/3ea2118a5f7dad2b7138b1187a6b7ee55f160b9968b66013c3a3ef39dd7e5798?s=96&d=mm&r=g\",\"contentUrl\":\"https:\\\/\\\/secure.gravatar.com\\\/avatar\\\/3ea2118a5f7dad2b7138b1187a6b7ee55f160b9968b66013c3a3ef39dd7e5798?s=96&d=mm&r=g\",\"caption\":\"Jeanette\"},\"sameAs\":[\"https:\\\/\\\/www.eldiario.net\\\/portal\"],\"url\":\"https:\\\/\\\/www.eldiario.net\\\/portal\\\/author\\\/jeanette\\\/\"}]}<\/script>\n<!-- \/ Yoast SEO plugin. -->","yoast_head_json":{"title":"GABBEE \u201cHay mucho talento en Bolivia y necesita salir a la luz\u201d - El Diario - Bolivia","robots":{"index":"index","follow":"follow","max-snippet":"max-snippet:-1","max-image-preview":"max-image-preview:large","max-video-preview":"max-video-preview:-1"},"canonical":"https:\/\/www.eldiario.net\/portal\/2024\/01\/22\/gabbee-hay-mucho-talento-en-bolivia-y-necesita-salir-a-la-luz\/","og_locale":"es_ES","og_type":"article","og_title":"GABBEE \u201cHay mucho talento en Bolivia y necesita salir a la luz\u201d - El Diario - Bolivia","og_description":"\u201cMi meta es que la audiencia pueda relacionar momentos de sus vidas con mis canciones\u201d, afirma Gabbee, el joven cantautor boliviano que acaba de lanzar al mercado su nuevo single, titulado Dreams. Dreams sale despu\u00e9s de un a\u00f1o del \u00faltimo trabajo publicado por Gabbee, Comes Around. Este nuevo track se encuentra en formato canci\u00f3n en [&hellip;]","og_url":"https:\/\/www.eldiario.net\/portal\/2024\/01\/22\/gabbee-hay-mucho-talento-en-bolivia-y-necesita-salir-a-la-luz\/","og_site_name":"El Diario - Bolivia","article_publisher":"https:\/\/www.facebook.com\/eldiario.bolivia\/","article_published_time":"2024-01-22T11:06:26+00:00","og_image":[{"width":2560,"height":1340,"url":"https:\/\/www.eldiario.net\/portal\/wp-content\/uploads\/2024\/01\/ga-1PRINCIPAL-scaled.jpg","type":"image\/jpeg"}],"author":"Jeanette","twitter_card":"summary_large_image","twitter_creator":"@eldiario_net","twitter_site":"@eldiario_net","twitter_misc":{"Escrito por":"Jeanette","Tiempo de lectura":"4 minutos"},"schema":{"@context":"https:\/\/schema.org","@graph":[{"@type":"Article","@id":"https:\/\/www.eldiario.net\/portal\/2024\/01\/22\/gabbee-hay-mucho-talento-en-bolivia-y-necesita-salir-a-la-luz\/#article","isPartOf":{"@id":"https:\/\/www.eldiario.net\/portal\/2024\/01\/22\/gabbee-hay-mucho-talento-en-bolivia-y-necesita-salir-a-la-luz\/"},"author":{"name":"Jeanette","@id":"https:\/\/www.eldiario.net\/portal\/#\/schema\/person\/f46445640444750d7d753ccd04ae01b7"},"headline":"GABBEE \u201cHay mucho talento en Bolivia y necesita salir a la luz\u201d","datePublished":"2024-01-22T11:06:26+00:00","mainEntityOfPage":{"@id":"https:\/\/www.eldiario.net\/portal\/2024\/01\/22\/gabbee-hay-mucho-talento-en-bolivia-y-necesita-salir-a-la-luz\/"},"wordCount":891,"commentCount":0,"publisher":{"@id":"https:\/\/www.eldiario.net\/portal\/#organization"},"image":{"@id":"https:\/\/www.eldiario.net\/portal\/2024\/01\/22\/gabbee-hay-mucho-talento-en-bolivia-y-necesita-salir-a-la-luz\/#primaryimage"},"thumbnailUrl":"https:\/\/www.eldiario.net\/portal\/wp-content\/uploads\/2024\/01\/ga-1PRINCIPAL-scaled.jpg","articleSection":["La Gu\u00eda"],"inLanguage":"es","potentialAction":[{"@type":"CommentAction","name":"Comment","target":["https:\/\/www.eldiario.net\/portal\/2024\/01\/22\/gabbee-hay-mucho-talento-en-bolivia-y-necesita-salir-a-la-luz\/#respond"]}]},{"@type":"WebPage","@id":"https:\/\/www.eldiario.net\/portal\/2024\/01\/22\/gabbee-hay-mucho-talento-en-bolivia-y-necesita-salir-a-la-luz\/","url":"https:\/\/www.eldiario.net\/portal\/2024\/01\/22\/gabbee-hay-mucho-talento-en-bolivia-y-necesita-salir-a-la-luz\/","name":"GABBEE \u201cHay mucho talento en Bolivia y necesita salir a la luz\u201d - El Diario - Bolivia","isPartOf":{"@id":"https:\/\/www.eldiario.net\/portal\/#website"},"primaryImageOfPage":{"@id":"https:\/\/www.eldiario.net\/portal\/2024\/01\/22\/gabbee-hay-mucho-talento-en-bolivia-y-necesita-salir-a-la-luz\/#primaryimage"},"image":{"@id":"https:\/\/www.eldiario.net\/portal\/2024\/01\/22\/gabbee-hay-mucho-talento-en-bolivia-y-necesita-salir-a-la-luz\/#primaryimage"},"thumbnailUrl":"https:\/\/www.eldiario.net\/portal\/wp-content\/uploads\/2024\/01\/ga-1PRINCIPAL-scaled.jpg","datePublished":"2024-01-22T11:06:26+00:00","breadcrumb":{"@id":"https:\/\/www.eldiario.net\/portal\/2024\/01\/22\/gabbee-hay-mucho-talento-en-bolivia-y-necesita-salir-a-la-luz\/#breadcrumb"},"inLanguage":"es","potentialAction":[{"@type":"ReadAction","target":["https:\/\/www.eldiario.net\/portal\/2024\/01\/22\/gabbee-hay-mucho-talento-en-bolivia-y-necesita-salir-a-la-luz\/"]}]},{"@type":"ImageObject","inLanguage":"es","@id":"https:\/\/www.eldiario.net\/portal\/2024\/01\/22\/gabbee-hay-mucho-talento-en-bolivia-y-necesita-salir-a-la-luz\/#primaryimage","url":"https:\/\/www.eldiario.net\/portal\/wp-content\/uploads\/2024\/01\/ga-1PRINCIPAL-scaled.jpg","contentUrl":"https:\/\/www.eldiario.net\/portal\/wp-content\/uploads\/2024\/01\/ga-1PRINCIPAL-scaled.jpg","width":2560,"height":1340},{"@type":"BreadcrumbList","@id":"https:\/\/www.eldiario.net\/portal\/2024\/01\/22\/gabbee-hay-mucho-talento-en-bolivia-y-necesita-salir-a-la-luz\/#breadcrumb","itemListElement":[{"@type":"ListItem","position":1,"name":"Portada","item":"https:\/\/www.eldiario.net\/portal\/"},{"@type":"ListItem","position":2,"name":"GABBEE \u201cHay mucho talento en Bolivia y necesita salir a la luz\u201d"}]},{"@type":"WebSite","@id":"https:\/\/www.eldiario.net\/portal\/#website","url":"https:\/\/www.eldiario.net\/portal\/","name":"El Diario - Decano de la prensa nacional","description":"El Diario - Decano de la prensa nacional","publisher":{"@id":"https:\/\/www.eldiario.net\/portal\/#organization"},"potentialAction":[{"@type":"SearchAction","target":{"@type":"EntryPoint","urlTemplate":"https:\/\/www.eldiario.net\/portal\/?s={search_term_string}"},"query-input":{"@type":"PropertyValueSpecification","valueRequired":true,"valueName":"search_term_string"}}],"inLanguage":"es"},{"@type":"Organization","@id":"https:\/\/www.eldiario.net\/portal\/#organization","name":"El Diario - Decano de la prensa nacional","url":"https:\/\/www.eldiario.net\/portal\/","logo":{"@type":"ImageObject","inLanguage":"es","@id":"https:\/\/www.eldiario.net\/portal\/#\/schema\/logo\/image\/","url":"https:\/\/www.eldiario.net\/portal\/wp-content\/uploads\/2023\/07\/logo_ED.jpg","contentUrl":"https:\/\/www.eldiario.net\/portal\/wp-content\/uploads\/2023\/07\/logo_ED.jpg","width":272,"height":52,"caption":"El Diario - Decano de la prensa nacional"},"image":{"@id":"https:\/\/www.eldiario.net\/portal\/#\/schema\/logo\/image\/"},"sameAs":["https:\/\/www.facebook.com\/eldiario.bolivia\/","https:\/\/x.com\/eldiario_net"]},{"@type":"Person","@id":"https:\/\/www.eldiario.net\/portal\/#\/schema\/person\/f46445640444750d7d753ccd04ae01b7","name":"Jeanette","image":{"@type":"ImageObject","inLanguage":"es","@id":"https:\/\/secure.gravatar.com\/avatar\/3ea2118a5f7dad2b7138b1187a6b7ee55f160b9968b66013c3a3ef39dd7e5798?s=96&d=mm&r=g","url":"https:\/\/secure.gravatar.com\/avatar\/3ea2118a5f7dad2b7138b1187a6b7ee55f160b9968b66013c3a3ef39dd7e5798?s=96&d=mm&r=g","contentUrl":"https:\/\/secure.gravatar.com\/avatar\/3ea2118a5f7dad2b7138b1187a6b7ee55f160b9968b66013c3a3ef39dd7e5798?s=96&d=mm&r=g","caption":"Jeanette"},"sameAs":["https:\/\/www.eldiario.net\/portal"],"url":"https:\/\/www.eldiario.net\/portal\/author\/jeanette\/"}]}},"_links":{"self":[{"href":"https:\/\/www.eldiario.net\/portal\/wp-json\/wp\/v2\/posts\/199016","targetHints":{"allow":["GET"]}}],"collection":[{"href":"https:\/\/www.eldiario.net\/portal\/wp-json\/wp\/v2\/posts"}],"about":[{"href":"https:\/\/www.eldiario.net\/portal\/wp-json\/wp\/v2\/types\/post"}],"author":[{"embeddable":true,"href":"https:\/\/www.eldiario.net\/portal\/wp-json\/wp\/v2\/users\/1"}],"replies":[{"embeddable":true,"href":"https:\/\/www.eldiario.net\/portal\/wp-json\/wp\/v2\/comments?post=199016"}],"version-history":[{"count":1,"href":"https:\/\/www.eldiario.net\/portal\/wp-json\/wp\/v2\/posts\/199016\/revisions"}],"predecessor-version":[{"id":199024,"href":"https:\/\/www.eldiario.net\/portal\/wp-json\/wp\/v2\/posts\/199016\/revisions\/199024"}],"wp:featuredmedia":[{"embeddable":true,"href":"https:\/\/www.eldiario.net\/portal\/wp-json\/wp\/v2\/media\/199017"}],"wp:attachment":[{"href":"https:\/\/www.eldiario.net\/portal\/wp-json\/wp\/v2\/media?parent=199016"}],"wp:term":[{"taxonomy":"category","embeddable":true,"href":"https:\/\/www.eldiario.net\/portal\/wp-json\/wp\/v2\/categories?post=199016"},{"taxonomy":"post_tag","embeddable":true,"href":"https:\/\/www.eldiario.net\/portal\/wp-json\/wp\/v2\/tags?post=199016"}],"curies":[{"name":"wp","href":"https:\/\/api.w.org\/{rel}","templated":true}]}}