{"id":199002,"date":"2024-01-22T07:01:26","date_gmt":"2024-01-22T11:01:26","guid":{"rendered":"https:\/\/www.eldiario.net\/portal\/?p=199002"},"modified":"2024-01-22T07:01:26","modified_gmt":"2024-01-22T11:01:26","slug":"cinefilos-disfrutaron-con-todos-menos-contigo","status":"publish","type":"post","link":"https:\/\/www.eldiario.net\/portal\/2024\/01\/22\/cinefilos-disfrutaron-con-todos-menos-contigo\/","title":{"rendered":"Cin\u00e9filos disfrutaron \u00abCon todos menos contigo\u00bb"},"content":{"rendered":"<p>Basada en la comedia rom\u00e1ntica de William Shakespeare \u00abMucho ruido y pocas nueces\u00bb, est\u00e1 en todos los cines del pa\u00eds \u201cCon todos menos contigo\u201d, una pel\u00edcula de Will Gluck, reconocido por dirigir las comedias Amigos con beneficios, Se dice de m\u00ed y la saga de Peter Rabbit, entre otras.<br \/>\nLa avant premier se realiz\u00f3 en los Multicine de La Paz y Santa Cruz de la Sierra en simult\u00e1neo, donde asistieron influencers y amantes del g\u00e9nero cinematogr\u00e1fico.<br \/>\nGracias al \u00e9xito conseguido con las series Euphoria y The White Lotus, la estadounidense, Sydney Sweeney, se ha convertido en una de las actrices m\u00e1s famosas de la actualidad, permiti\u00e9ndole estelarizar y ser la productora ejecutiva del filme, junto a ella, uno de los nuevos galanes del s\u00e9ptimo arte, Glen Powell, conocido por participar recientemente en Top Gun: Maverick de Tom Cruise.<\/p>\n\r\n                <style type=\"text\/css\">\r\n                    \r\n                    #tdi_1  .td-doubleSlider-2 .td-item1 {\r\n                        background: url(https:\/\/www.eldiario.net\/portal\/wp-content\/uploads\/2024\/01\/Camila-Banzer-scaled.jpg) 0 0 no-repeat;\r\n                    }\r\n                    #tdi_1  .td-doubleSlider-2 .td-item2 {\r\n                        background: url(https:\/\/www.eldiario.net\/portal\/wp-content\/uploads\/2024\/01\/Esteban-Alfaro-y-Karen-Eguez-scaled.jpg) 0 0 no-repeat;\r\n                    }\r\n                    #tdi_1  .td-doubleSlider-2 .td-item3 {\r\n                        background: url(https:\/\/www.eldiario.net\/portal\/wp-content\/uploads\/2024\/01\/Fabiane-Moreno-Lucas-Tamashiro-y-Giovanni-Brasil-scaled.jpg) 0 0 no-repeat;\r\n                    }\r\n                    #tdi_1  .td-doubleSlider-2 .td-item4 {\r\n                        background: url(https:\/\/www.eldiario.net\/portal\/wp-content\/uploads\/2024\/01\/Fer-Sandoval-Gino-Zeta-Gte-comercial-Andes-Films-Fabiana-Cabrera-Gte-de-marketing-Sony-Pictures-Dubby-Estremadoiro-Noelia-Zapata-y-Mayron--scaled.jpg) 0 0 no-repeat;\r\n                    }\r\n                    #tdi_1  .td-doubleSlider-2 .td-item5 {\r\n                        background: url(https:\/\/www.eldiario.net\/portal\/wp-content\/uploads\/2024\/01\/Fernanda-Vargas-y-Ana-Karen-Vaca-scaled.jpg) 0 0 no-repeat;\r\n                    }\r\n                    #tdi_1  .td-doubleSlider-2 .td-item6 {\r\n                        background: url(https:\/\/www.eldiario.net\/portal\/wp-content\/uploads\/2024\/01\/Fernando-Lopez-y-Sofia-Ortiz-scaled.jpg) 0 0 no-repeat;\r\n                    }\r\n                    #tdi_1  .td-doubleSlider-2 .td-item7 {\r\n                        background: url(https:\/\/www.eldiario.net\/portal\/wp-content\/uploads\/2024\/01\/Fiorella-Zamora-y-Felipe-Camus-scaled.jpg) 0 0 no-repeat;\r\n                    }\r\n                    #tdi_1  .td-doubleSlider-2 .td-item8 {\r\n                        background: url(https:\/\/www.eldiario.net\/portal\/wp-content\/uploads\/2024\/01\/Hugo-Leigue-Elibeth-Lopez-y-Jose-Armando-Rojas-scaled.jpg) 0 0 no-repeat;\r\n                    }\r\n                    #tdi_1  .td-doubleSlider-2 .td-item9 {\r\n                        background: url(https:\/\/www.eldiario.net\/portal\/wp-content\/uploads\/2024\/01\/Jose-Melgar-y-Giuliane-Fernandez.jpg) 0 0 no-repeat;\r\n                    }\r\n                    #tdi_1  .td-doubleSlider-2 .td-item10 {\r\n                        background: url(https:\/\/www.eldiario.net\/portal\/wp-content\/uploads\/2024\/01\/Julio-Riano-y-Carolina-Rodas.jpg) 0 0 no-repeat;\r\n                    }\r\n                    #tdi_1  .td-doubleSlider-2 .td-item11 {\r\n                        background: url(https:\/\/www.eldiario.net\/portal\/wp-content\/uploads\/2024\/01\/Luis-Lopez-y-Karen-Azcarrunz-scaled.jpg) 0 0 no-repeat;\r\n                    }\r\n                    #tdi_1  .td-doubleSlider-2 .td-item12 {\r\n                        background: url(https:\/\/www.eldiario.net\/portal\/wp-content\/uploads\/2024\/01\/Ana-Lucia-Gutierrez-y-Alberto-Sotocorno-scaled.jpg) 0 0 no-repeat;\r\n                    }\r\n                <\/style>\r\n\r\n                <div id=\"tdi_1\" class=\"td-gallery td-slide-on-2-columns\">\r\n                    <div class=\"post_td_gallery\">\r\n                        <div class=\"td-gallery-slide-top\">\r\n                           <div class=\"td-gallery-title\"><\/div>\r\n\r\n                            <div class=\"td-gallery-controls-wrapper\">\r\n                                <div class=\"td-gallery-slide-count\"><span class=\"td-gallery-slide-item-focus\">1<\/span> de 12<\/div>\r\n                                <div class=\"td-gallery-slide-prev-next-but\">\r\n                                    <i class = \"td-icon-left doubleSliderPrevButton\"><\/i>\r\n                                    <i class = \"td-icon-right doubleSliderNextButton\"><\/i>\r\n                                <\/div>\r\n                            <\/div>\r\n                        <\/div>\r\n\r\n                        <div class = \"td-doubleSlider-1 \">\r\n                            <div class = \"td-slider\">\r\n                                \r\n                    <div class = \"td-slide-item td-item1\">\r\n                        <figure class=\"td-slide-galery-figure td-slide-popup-gallery\">\r\n                            <a class=\"slide-gallery-image-link\" href=\"https:\/\/www.eldiario.net\/portal\/wp-content\/uploads\/2024\/01\/Camila-Banzer-scaled.jpg\" title=\"Camila-Banzer\"  data-caption=\"CAMILA BANZER.\"  data-description=\"\">\r\n                                <img decoding=\"async\" src=\"https:\/\/www.eldiario.net\/portal\/wp-content\/uploads\/2024\/01\/Camila-Banzer-scaled.jpg\" srcset=\"https:\/\/www.eldiario.net\/portal\/wp-content\/uploads\/2024\/01\/Camila-Banzer-scaled.jpg 2560w, https:\/\/www.eldiario.net\/portal\/wp-content\/uploads\/2024\/01\/Camila-Banzer-300x268.jpg 300w, https:\/\/www.eldiario.net\/portal\/wp-content\/uploads\/2024\/01\/Camila-Banzer-1024x913.jpg 1024w, https:\/\/www.eldiario.net\/portal\/wp-content\/uploads\/2024\/01\/Camila-Banzer-768x685.jpg 768w, https:\/\/www.eldiario.net\/portal\/wp-content\/uploads\/2024\/01\/Camila-Banzer-1536x1370.jpg 1536w, https:\/\/www.eldiario.net\/portal\/wp-content\/uploads\/2024\/01\/Camila-Banzer-2048x1827.jpg 2048w, https:\/\/www.eldiario.net\/portal\/wp-content\/uploads\/2024\/01\/Camila-Banzer-696x621.jpg 696w, https:\/\/www.eldiario.net\/portal\/wp-content\/uploads\/2024\/01\/Camila-Banzer-1068x953.jpg 1068w, https:\/\/www.eldiario.net\/portal\/wp-content\/uploads\/2024\/01\/Camila-Banzer-1920x1712.jpg 1920w\" sizes=\"(max-width: 471px) 100vw, 471px\" alt=\"\">\r\n                            <\/a>\r\n                            <figcaption class = \"td-slide-caption td-gallery-slide-content\"><div class = \"td-gallery-slide-copywrite\">CAMILA BANZER.<\/div><\/figcaption>\r\n                        <\/figure>\r\n                    <\/div>\r\n                    <div class = \"td-slide-item td-item2\">\r\n                        <figure class=\"td-slide-galery-figure td-slide-popup-gallery\">\r\n                            <a class=\"slide-gallery-image-link\" href=\"https:\/\/www.eldiario.net\/portal\/wp-content\/uploads\/2024\/01\/Esteban-Alfaro-y-Karen-Eguez-scaled.jpg\" title=\"Esteban-Alfaro-y-Karen-Eguez\"  data-caption=\"EST\u00c9BAN ALFARO Y KAREN EG\u00dcEZ.\"  data-description=\"\">\r\n                                <img decoding=\"async\" src=\"https:\/\/www.eldiario.net\/portal\/wp-content\/uploads\/2024\/01\/Esteban-Alfaro-y-Karen-Eguez-scaled.jpg\" srcset=\"https:\/\/www.eldiario.net\/portal\/wp-content\/uploads\/2024\/01\/Esteban-Alfaro-y-Karen-Eguez-scaled.jpg 1707w, https:\/\/www.eldiario.net\/portal\/wp-content\/uploads\/2024\/01\/Esteban-Alfaro-y-Karen-Eguez-200x300.jpg 200w, https:\/\/www.eldiario.net\/portal\/wp-content\/uploads\/2024\/01\/Esteban-Alfaro-y-Karen-Eguez-683x1024.jpg 683w, https:\/\/www.eldiario.net\/portal\/wp-content\/uploads\/2024\/01\/Esteban-Alfaro-y-Karen-Eguez-768x1152.jpg 768w, https:\/\/www.eldiario.net\/portal\/wp-content\/uploads\/2024\/01\/Esteban-Alfaro-y-Karen-Eguez-1024x1536.jpg 1024w, https:\/\/www.eldiario.net\/portal\/wp-content\/uploads\/2024\/01\/Esteban-Alfaro-y-Karen-Eguez-1366x2048.jpg 1366w, https:\/\/www.eldiario.net\/portal\/wp-content\/uploads\/2024\/01\/Esteban-Alfaro-y-Karen-Eguez-696x1044.jpg 696w, https:\/\/www.eldiario.net\/portal\/wp-content\/uploads\/2024\/01\/Esteban-Alfaro-y-Karen-Eguez-1068x1602.jpg 1068w, https:\/\/www.eldiario.net\/portal\/wp-content\/uploads\/2024\/01\/Esteban-Alfaro-y-Karen-Eguez-1920x2880.jpg 1920w\" sizes=\"(max-width: 280px) 100vw, 280px\" alt=\"\">\r\n                            <\/a>\r\n                            <figcaption class = \"td-slide-caption td-gallery-slide-content\"><div class = \"td-gallery-slide-copywrite\">EST\u00c9BAN ALFARO Y KAREN EG\u00dcEZ.<\/div><\/figcaption>\r\n                        <\/figure>\r\n                    <\/div>\r\n                    <div class = \"td-slide-item td-item3\">\r\n                        <figure class=\"td-slide-galery-figure td-slide-popup-gallery\">\r\n                            <a class=\"slide-gallery-image-link\" href=\"https:\/\/www.eldiario.net\/portal\/wp-content\/uploads\/2024\/01\/Fabiane-Moreno-Lucas-Tamashiro-y-Giovanni-Brasil-scaled.jpg\" title=\"Fabiane-Moreno,-Lucas-Tamashiro-y-Giovanni-Brasil\"  data-caption=\"FABIANE MORENO, LUCAS TAMASHIRO Y GIOVANNI BRASIL.\"  data-description=\"\">\r\n                                <img decoding=\"async\" src=\"https:\/\/www.eldiario.net\/portal\/wp-content\/uploads\/2024\/01\/Fabiane-Moreno-Lucas-Tamashiro-y-Giovanni-Brasil-scaled.jpg\" srcset=\"https:\/\/www.eldiario.net\/portal\/wp-content\/uploads\/2024\/01\/Fabiane-Moreno-Lucas-Tamashiro-y-Giovanni-Brasil-scaled.jpg 2560w, https:\/\/www.eldiario.net\/portal\/wp-content\/uploads\/2024\/01\/Fabiane-Moreno-Lucas-Tamashiro-y-Giovanni-Brasil-300x270.jpg 300w, https:\/\/www.eldiario.net\/portal\/wp-content\/uploads\/2024\/01\/Fabiane-Moreno-Lucas-Tamashiro-y-Giovanni-Brasil-1024x923.jpg 1024w, https:\/\/www.eldiario.net\/portal\/wp-content\/uploads\/2024\/01\/Fabiane-Moreno-Lucas-Tamashiro-y-Giovanni-Brasil-768x692.jpg 768w, https:\/\/www.eldiario.net\/portal\/wp-content\/uploads\/2024\/01\/Fabiane-Moreno-Lucas-Tamashiro-y-Giovanni-Brasil-1536x1385.jpg 1536w, https:\/\/www.eldiario.net\/portal\/wp-content\/uploads\/2024\/01\/Fabiane-Moreno-Lucas-Tamashiro-y-Giovanni-Brasil-2048x1847.jpg 2048w, https:\/\/www.eldiario.net\/portal\/wp-content\/uploads\/2024\/01\/Fabiane-Moreno-Lucas-Tamashiro-y-Giovanni-Brasil-696x628.jpg 696w, https:\/\/www.eldiario.net\/portal\/wp-content\/uploads\/2024\/01\/Fabiane-Moreno-Lucas-Tamashiro-y-Giovanni-Brasil-1068x963.jpg 1068w, https:\/\/www.eldiario.net\/portal\/wp-content\/uploads\/2024\/01\/Fabiane-Moreno-Lucas-Tamashiro-y-Giovanni-Brasil-1920x1731.jpg 1920w\" sizes=\"(max-width: 466px) 100vw, 466px\" alt=\"\">\r\n                            <\/a>\r\n                            <figcaption class = \"td-slide-caption td-gallery-slide-content\"><div class = \"td-gallery-slide-copywrite\">FABIANE MORENO, LUCAS TAMASHIRO Y GIOVANNI BRASIL.<\/div><\/figcaption>\r\n                        <\/figure>\r\n                    <\/div>\r\n                    <div class = \"td-slide-item td-item4\">\r\n                        <figure class=\"td-slide-galery-figure td-slide-popup-gallery\">\r\n                            <a class=\"slide-gallery-image-link\" href=\"https:\/\/www.eldiario.net\/portal\/wp-content\/uploads\/2024\/01\/Fer-Sandoval-Gino-Zeta-Gte-comercial-Andes-Films-Fabiana-Cabrera-Gte-de-marketing-Sony-Pictures-Dubby-Estremadoiro-Noelia-Zapata-y-Mayron--scaled.jpg\" title=\"Fer-Sandoval,-Gino-Zeta,-Gte-comercial-Andes-Films,-Fabiana-Cabrera,-Gte-de-marketing-Sony-Pictures,-Dubby-Estremadoiro,-Noelia-Zapata-y-Mayron-\"  data-caption=\"FER SANDOVAL, GINO ZETA, GTE COMERCIAL ANDES FILMS; FABIANA CABRERA, GTE DE MARKETING SONY PICTURES; DUBBY ESTREMADOIRO, NOELIA ZAPATA Y MAYRON.\"  data-description=\"\">\r\n                                <img decoding=\"async\" src=\"https:\/\/www.eldiario.net\/portal\/wp-content\/uploads\/2024\/01\/Fer-Sandoval-Gino-Zeta-Gte-comercial-Andes-Films-Fabiana-Cabrera-Gte-de-marketing-Sony-Pictures-Dubby-Estremadoiro-Noelia-Zapata-y-Mayron--scaled.jpg\" srcset=\"https:\/\/www.eldiario.net\/portal\/wp-content\/uploads\/2024\/01\/Fer-Sandoval-Gino-Zeta-Gte-comercial-Andes-Films-Fabiana-Cabrera-Gte-de-marketing-Sony-Pictures-Dubby-Estremadoiro-Noelia-Zapata-y-Mayron--scaled.jpg 2560w, https:\/\/www.eldiario.net\/portal\/wp-content\/uploads\/2024\/01\/Fer-Sandoval-Gino-Zeta-Gte-comercial-Andes-Films-Fabiana-Cabrera-Gte-de-marketing-Sony-Pictures-Dubby-Estremadoiro-Noelia-Zapata-y-Mayron--300x266.jpg 300w, https:\/\/www.eldiario.net\/portal\/wp-content\/uploads\/2024\/01\/Fer-Sandoval-Gino-Zeta-Gte-comercial-Andes-Films-Fabiana-Cabrera-Gte-de-marketing-Sony-Pictures-Dubby-Estremadoiro-Noelia-Zapata-y-Mayron--1024x907.jpg 1024w, https:\/\/www.eldiario.net\/portal\/wp-content\/uploads\/2024\/01\/Fer-Sandoval-Gino-Zeta-Gte-comercial-Andes-Films-Fabiana-Cabrera-Gte-de-marketing-Sony-Pictures-Dubby-Estremadoiro-Noelia-Zapata-y-Mayron--768x680.jpg 768w, https:\/\/www.eldiario.net\/portal\/wp-content\/uploads\/2024\/01\/Fer-Sandoval-Gino-Zeta-Gte-comercial-Andes-Films-Fabiana-Cabrera-Gte-de-marketing-Sony-Pictures-Dubby-Estremadoiro-Noelia-Zapata-y-Mayron--1536x1361.jpg 1536w, https:\/\/www.eldiario.net\/portal\/wp-content\/uploads\/2024\/01\/Fer-Sandoval-Gino-Zeta-Gte-comercial-Andes-Films-Fabiana-Cabrera-Gte-de-marketing-Sony-Pictures-Dubby-Estremadoiro-Noelia-Zapata-y-Mayron--2048x1814.jpg 2048w, https:\/\/www.eldiario.net\/portal\/wp-content\/uploads\/2024\/01\/Fer-Sandoval-Gino-Zeta-Gte-comercial-Andes-Films-Fabiana-Cabrera-Gte-de-marketing-Sony-Pictures-Dubby-Estremadoiro-Noelia-Zapata-y-Mayron--696x617.jpg 696w, https:\/\/www.eldiario.net\/portal\/wp-content\/uploads\/2024\/01\/Fer-Sandoval-Gino-Zeta-Gte-comercial-Andes-Films-Fabiana-Cabrera-Gte-de-marketing-Sony-Pictures-Dubby-Estremadoiro-Noelia-Zapata-y-Mayron--1068x946.jpg 1068w, https:\/\/www.eldiario.net\/portal\/wp-content\/uploads\/2024\/01\/Fer-Sandoval-Gino-Zeta-Gte-comercial-Andes-Films-Fabiana-Cabrera-Gte-de-marketing-Sony-Pictures-Dubby-Estremadoiro-Noelia-Zapata-y-Mayron--1920x1701.jpg 1920w\" sizes=\"(max-width: 474px) 100vw, 474px\" alt=\"\">\r\n                            <\/a>\r\n                            <figcaption class = \"td-slide-caption td-gallery-slide-content\"><div class = \"td-gallery-slide-copywrite\">FER SANDOVAL, GINO ZETA, GTE COMERCIAL ANDES FILMS; FABIANA CABRERA, GTE DE MARKETING SONY PICTURES; DUBBY ESTREMADOIRO, NOELIA ZAPATA Y MAYRON.<\/div><\/figcaption>\r\n                        <\/figure>\r\n                    <\/div>\r\n                    <div class = \"td-slide-item td-item5\">\r\n                        <figure class=\"td-slide-galery-figure td-slide-popup-gallery\">\r\n                            <a class=\"slide-gallery-image-link\" href=\"https:\/\/www.eldiario.net\/portal\/wp-content\/uploads\/2024\/01\/Fernanda-Vargas-y-Ana-Karen-Vaca-scaled.jpg\" title=\"Fernanda-Vargas-y-Ana-Karen-Vaca\"  data-caption=\"FERNANDA VARGAS Y ANA KAREN VACA.\"  data-description=\"\">\r\n                                <img decoding=\"async\" src=\"https:\/\/www.eldiario.net\/portal\/wp-content\/uploads\/2024\/01\/Fernanda-Vargas-y-Ana-Karen-Vaca-scaled.jpg\" srcset=\"https:\/\/www.eldiario.net\/portal\/wp-content\/uploads\/2024\/01\/Fernanda-Vargas-y-Ana-Karen-Vaca-scaled.jpg 1707w, https:\/\/www.eldiario.net\/portal\/wp-content\/uploads\/2024\/01\/Fernanda-Vargas-y-Ana-Karen-Vaca-200x300.jpg 200w, https:\/\/www.eldiario.net\/portal\/wp-content\/uploads\/2024\/01\/Fernanda-Vargas-y-Ana-Karen-Vaca-683x1024.jpg 683w, https:\/\/www.eldiario.net\/portal\/wp-content\/uploads\/2024\/01\/Fernanda-Vargas-y-Ana-Karen-Vaca-768x1152.jpg 768w, https:\/\/www.eldiario.net\/portal\/wp-content\/uploads\/2024\/01\/Fernanda-Vargas-y-Ana-Karen-Vaca-1024x1536.jpg 1024w, https:\/\/www.eldiario.net\/portal\/wp-content\/uploads\/2024\/01\/Fernanda-Vargas-y-Ana-Karen-Vaca-1365x2048.jpg 1365w, https:\/\/www.eldiario.net\/portal\/wp-content\/uploads\/2024\/01\/Fernanda-Vargas-y-Ana-Karen-Vaca-696x1044.jpg 696w, https:\/\/www.eldiario.net\/portal\/wp-content\/uploads\/2024\/01\/Fernanda-Vargas-y-Ana-Karen-Vaca-1068x1602.jpg 1068w, https:\/\/www.eldiario.net\/portal\/wp-content\/uploads\/2024\/01\/Fernanda-Vargas-y-Ana-Karen-Vaca-1920x2880.jpg 1920w\" sizes=\"(max-width: 280px) 100vw, 280px\" alt=\"\">\r\n                            <\/a>\r\n                            <figcaption class = \"td-slide-caption td-gallery-slide-content\"><div class = \"td-gallery-slide-copywrite\">FERNANDA VARGAS Y ANA KAREN VACA.<\/div><\/figcaption>\r\n                        <\/figure>\r\n                    <\/div>\r\n                    <div class = \"td-slide-item td-item6\">\r\n                        <figure class=\"td-slide-galery-figure td-slide-popup-gallery\">\r\n                            <a class=\"slide-gallery-image-link\" href=\"https:\/\/www.eldiario.net\/portal\/wp-content\/uploads\/2024\/01\/Fernando-Lopez-y-Sofia-Ortiz-scaled.jpg\" title=\"Fernando-L\u00f3pez-y-Sof\u00eda-Ortiz\"  data-caption=\"FERNANDO L\u00d3PEZ Y SOF\u00cdA ORTIZ.\"  data-description=\"\">\r\n                                <img decoding=\"async\" src=\"https:\/\/www.eldiario.net\/portal\/wp-content\/uploads\/2024\/01\/Fernando-Lopez-y-Sofia-Ortiz-scaled.jpg\" srcset=\"https:\/\/www.eldiario.net\/portal\/wp-content\/uploads\/2024\/01\/Fernando-Lopez-y-Sofia-Ortiz-scaled.jpg 2560w, https:\/\/www.eldiario.net\/portal\/wp-content\/uploads\/2024\/01\/Fernando-Lopez-y-Sofia-Ortiz-300x200.jpg 300w, https:\/\/www.eldiario.net\/portal\/wp-content\/uploads\/2024\/01\/Fernando-Lopez-y-Sofia-Ortiz-1024x683.jpg 1024w, https:\/\/www.eldiario.net\/portal\/wp-content\/uploads\/2024\/01\/Fernando-Lopez-y-Sofia-Ortiz-768x512.jpg 768w, https:\/\/www.eldiario.net\/portal\/wp-content\/uploads\/2024\/01\/Fernando-Lopez-y-Sofia-Ortiz-1536x1024.jpg 1536w, https:\/\/www.eldiario.net\/portal\/wp-content\/uploads\/2024\/01\/Fernando-Lopez-y-Sofia-Ortiz-2048x1365.jpg 2048w, https:\/\/www.eldiario.net\/portal\/wp-content\/uploads\/2024\/01\/Fernando-Lopez-y-Sofia-Ortiz-696x464.jpg 696w, https:\/\/www.eldiario.net\/portal\/wp-content\/uploads\/2024\/01\/Fernando-Lopez-y-Sofia-Ortiz-1068x712.jpg 1068w, https:\/\/www.eldiario.net\/portal\/wp-content\/uploads\/2024\/01\/Fernando-Lopez-y-Sofia-Ortiz-1920x1280.jpg 1920w\" sizes=\"(max-width: 630px) 100vw, 630px\" alt=\"\">\r\n                            <\/a>\r\n                            <figcaption class = \"td-slide-caption td-gallery-slide-content\"><div class = \"td-gallery-slide-copywrite\">FERNANDO L\u00d3PEZ Y SOF\u00cdA ORTIZ.<\/div><\/figcaption>\r\n                        <\/figure>\r\n                    <\/div>\r\n                    <div class = \"td-slide-item td-item7\">\r\n                        <figure class=\"td-slide-galery-figure td-slide-popup-gallery\">\r\n                            <a class=\"slide-gallery-image-link\" href=\"https:\/\/www.eldiario.net\/portal\/wp-content\/uploads\/2024\/01\/Fiorella-Zamora-y-Felipe-Camus-scaled.jpg\" title=\"Fiorella-Zamora-y-Felipe-Camus\"  data-caption=\"FIORELLA ZAMORA Y FELIPE CAMUS.\"  data-description=\"\">\r\n                                <img decoding=\"async\" src=\"https:\/\/www.eldiario.net\/portal\/wp-content\/uploads\/2024\/01\/Fiorella-Zamora-y-Felipe-Camus-scaled.jpg\" srcset=\"https:\/\/www.eldiario.net\/portal\/wp-content\/uploads\/2024\/01\/Fiorella-Zamora-y-Felipe-Camus-scaled.jpg 1707w, https:\/\/www.eldiario.net\/portal\/wp-content\/uploads\/2024\/01\/Fiorella-Zamora-y-Felipe-Camus-200x300.jpg 200w, https:\/\/www.eldiario.net\/portal\/wp-content\/uploads\/2024\/01\/Fiorella-Zamora-y-Felipe-Camus-683x1024.jpg 683w, https:\/\/www.eldiario.net\/portal\/wp-content\/uploads\/2024\/01\/Fiorella-Zamora-y-Felipe-Camus-768x1152.jpg 768w, https:\/\/www.eldiario.net\/portal\/wp-content\/uploads\/2024\/01\/Fiorella-Zamora-y-Felipe-Camus-1024x1536.jpg 1024w, https:\/\/www.eldiario.net\/portal\/wp-content\/uploads\/2024\/01\/Fiorella-Zamora-y-Felipe-Camus-1365x2048.jpg 1365w, https:\/\/www.eldiario.net\/portal\/wp-content\/uploads\/2024\/01\/Fiorella-Zamora-y-Felipe-Camus-696x1044.jpg 696w, https:\/\/www.eldiario.net\/portal\/wp-content\/uploads\/2024\/01\/Fiorella-Zamora-y-Felipe-Camus-1068x1602.jpg 1068w, https:\/\/www.eldiario.net\/portal\/wp-content\/uploads\/2024\/01\/Fiorella-Zamora-y-Felipe-Camus-1920x2880.jpg 1920w\" sizes=\"(max-width: 280px) 100vw, 280px\" alt=\"\">\r\n                            <\/a>\r\n                            <figcaption class = \"td-slide-caption td-gallery-slide-content\"><div class = \"td-gallery-slide-copywrite\">FIORELLA ZAMORA Y FELIPE CAMUS.<\/div><\/figcaption>\r\n                        <\/figure>\r\n                    <\/div>\r\n                    <div class = \"td-slide-item td-item8\">\r\n                        <figure class=\"td-slide-galery-figure td-slide-popup-gallery\">\r\n                            <a class=\"slide-gallery-image-link\" href=\"https:\/\/www.eldiario.net\/portal\/wp-content\/uploads\/2024\/01\/Hugo-Leigue-Elibeth-Lopez-y-Jose-Armando-Rojas-scaled.jpg\" title=\"Hugo-Leigue,-Elibeth-Lopez-y-Jos\u00e9-Armando-Rojas\"  data-caption=\"HUGO LEIGUE, ELIBETH L\u00d3PEZ Y JOS\u00c9 ARMANDO ROJAS.\"  data-description=\"\">\r\n                                <img decoding=\"async\" src=\"https:\/\/www.eldiario.net\/portal\/wp-content\/uploads\/2024\/01\/Hugo-Leigue-Elibeth-Lopez-y-Jose-Armando-Rojas-scaled.jpg\" srcset=\"https:\/\/www.eldiario.net\/portal\/wp-content\/uploads\/2024\/01\/Hugo-Leigue-Elibeth-Lopez-y-Jose-Armando-Rojas-scaled.jpg 2560w, https:\/\/www.eldiario.net\/portal\/wp-content\/uploads\/2024\/01\/Hugo-Leigue-Elibeth-Lopez-y-Jose-Armando-Rojas-300x200.jpg 300w, https:\/\/www.eldiario.net\/portal\/wp-content\/uploads\/2024\/01\/Hugo-Leigue-Elibeth-Lopez-y-Jose-Armando-Rojas-1024x683.jpg 1024w, https:\/\/www.eldiario.net\/portal\/wp-content\/uploads\/2024\/01\/Hugo-Leigue-Elibeth-Lopez-y-Jose-Armando-Rojas-768x512.jpg 768w, https:\/\/www.eldiario.net\/portal\/wp-content\/uploads\/2024\/01\/Hugo-Leigue-Elibeth-Lopez-y-Jose-Armando-Rojas-1536x1024.jpg 1536w, https:\/\/www.eldiario.net\/portal\/wp-content\/uploads\/2024\/01\/Hugo-Leigue-Elibeth-Lopez-y-Jose-Armando-Rojas-2048x1365.jpg 2048w, https:\/\/www.eldiario.net\/portal\/wp-content\/uploads\/2024\/01\/Hugo-Leigue-Elibeth-Lopez-y-Jose-Armando-Rojas-696x464.jpg 696w, https:\/\/www.eldiario.net\/portal\/wp-content\/uploads\/2024\/01\/Hugo-Leigue-Elibeth-Lopez-y-Jose-Armando-Rojas-1068x712.jpg 1068w, https:\/\/www.eldiario.net\/portal\/wp-content\/uploads\/2024\/01\/Hugo-Leigue-Elibeth-Lopez-y-Jose-Armando-Rojas-1920x1280.jpg 1920w\" sizes=\"(max-width: 630px) 100vw, 630px\" alt=\"\">\r\n                            <\/a>\r\n                            <figcaption class = \"td-slide-caption td-gallery-slide-content\"><div class = \"td-gallery-slide-copywrite\">HUGO LEIGUE, ELIBETH L\u00d3PEZ Y JOS\u00c9 ARMANDO ROJAS.<\/div><\/figcaption>\r\n                        <\/figure>\r\n                    <\/div>\r\n                    <div class = \"td-slide-item td-item9\">\r\n                        <figure class=\"td-slide-galery-figure td-slide-popup-gallery\">\r\n                            <a class=\"slide-gallery-image-link\" href=\"https:\/\/www.eldiario.net\/portal\/wp-content\/uploads\/2024\/01\/Jose-Melgar-y-Giuliane-Fernandez.jpg\" title=\"Jose-Melgar-y-Giuliane-Fern\u00e1ndez\"  data-caption=\"JOS\u00c9 MELGAR Y GIULIANE FERN\u00c1NDEZ.\"  data-description=\"\">\r\n                                <img decoding=\"async\" src=\"https:\/\/www.eldiario.net\/portal\/wp-content\/uploads\/2024\/01\/Jose-Melgar-y-Giuliane-Fernandez.jpg\" srcset=\"https:\/\/www.eldiario.net\/portal\/wp-content\/uploads\/2024\/01\/Jose-Melgar-y-Giuliane-Fernandez.jpg 2412w, https:\/\/www.eldiario.net\/portal\/wp-content\/uploads\/2024\/01\/Jose-Melgar-y-Giuliane-Fernandez-300x200.jpg 300w, https:\/\/www.eldiario.net\/portal\/wp-content\/uploads\/2024\/01\/Jose-Melgar-y-Giuliane-Fernandez-1024x683.jpg 1024w, https:\/\/www.eldiario.net\/portal\/wp-content\/uploads\/2024\/01\/Jose-Melgar-y-Giuliane-Fernandez-768x512.jpg 768w, https:\/\/www.eldiario.net\/portal\/wp-content\/uploads\/2024\/01\/Jose-Melgar-y-Giuliane-Fernandez-1536x1024.jpg 1536w, https:\/\/www.eldiario.net\/portal\/wp-content\/uploads\/2024\/01\/Jose-Melgar-y-Giuliane-Fernandez-2048x1365.jpg 2048w, https:\/\/www.eldiario.net\/portal\/wp-content\/uploads\/2024\/01\/Jose-Melgar-y-Giuliane-Fernandez-696x464.jpg 696w, https:\/\/www.eldiario.net\/portal\/wp-content\/uploads\/2024\/01\/Jose-Melgar-y-Giuliane-Fernandez-1068x712.jpg 1068w, https:\/\/www.eldiario.net\/portal\/wp-content\/uploads\/2024\/01\/Jose-Melgar-y-Giuliane-Fernandez-1920x1280.jpg 1920w\" sizes=\"(max-width: 630px) 100vw, 630px\" alt=\"\">\r\n                            <\/a>\r\n                            <figcaption class = \"td-slide-caption td-gallery-slide-content\"><div class = \"td-gallery-slide-copywrite\">JOS\u00c9 MELGAR Y GIULIANE FERN\u00c1NDEZ.<\/div><\/figcaption>\r\n                        <\/figure>\r\n                    <\/div>\r\n                    <div class = \"td-slide-item td-item10\">\r\n                        <figure class=\"td-slide-galery-figure td-slide-popup-gallery\">\r\n                            <a class=\"slide-gallery-image-link\" href=\"https:\/\/www.eldiario.net\/portal\/wp-content\/uploads\/2024\/01\/Julio-Riano-y-Carolina-Rodas.jpg\" title=\"Julio-Ria\u00f1o-y-Carolina-Rodas\"  data-caption=\"JULIO RIA\u00d1O Y CAROLINA RODAS.\"  data-description=\"\">\r\n                                <img decoding=\"async\" src=\"https:\/\/www.eldiario.net\/portal\/wp-content\/uploads\/2024\/01\/Julio-Riano-y-Carolina-Rodas.jpg\" srcset=\"https:\/\/www.eldiario.net\/portal\/wp-content\/uploads\/2024\/01\/Julio-Riano-y-Carolina-Rodas.jpg 2531w, https:\/\/www.eldiario.net\/portal\/wp-content\/uploads\/2024\/01\/Julio-Riano-y-Carolina-Rodas-300x238.jpg 300w, https:\/\/www.eldiario.net\/portal\/wp-content\/uploads\/2024\/01\/Julio-Riano-y-Carolina-Rodas-1024x814.jpg 1024w, https:\/\/www.eldiario.net\/portal\/wp-content\/uploads\/2024\/01\/Julio-Riano-y-Carolina-Rodas-768x610.jpg 768w, https:\/\/www.eldiario.net\/portal\/wp-content\/uploads\/2024\/01\/Julio-Riano-y-Carolina-Rodas-1536x1220.jpg 1536w, https:\/\/www.eldiario.net\/portal\/wp-content\/uploads\/2024\/01\/Julio-Riano-y-Carolina-Rodas-2048x1627.jpg 2048w, https:\/\/www.eldiario.net\/portal\/wp-content\/uploads\/2024\/01\/Julio-Riano-y-Carolina-Rodas-696x553.jpg 696w, https:\/\/www.eldiario.net\/portal\/wp-content\/uploads\/2024\/01\/Julio-Riano-y-Carolina-Rodas-1068x849.jpg 1068w, https:\/\/www.eldiario.net\/portal\/wp-content\/uploads\/2024\/01\/Julio-Riano-y-Carolina-Rodas-1920x1526.jpg 1920w\" sizes=\"(max-width: 529px) 100vw, 529px\" alt=\"\">\r\n                            <\/a>\r\n                            <figcaption class = \"td-slide-caption td-gallery-slide-content\"><div class = \"td-gallery-slide-copywrite\">JULIO RIA\u00d1O Y CAROLINA RODAS.<\/div><\/figcaption>\r\n                        <\/figure>\r\n                    <\/div>\r\n                    <div class = \"td-slide-item td-item11\">\r\n                        <figure class=\"td-slide-galery-figure td-slide-popup-gallery\">\r\n                            <a class=\"slide-gallery-image-link\" href=\"https:\/\/www.eldiario.net\/portal\/wp-content\/uploads\/2024\/01\/Luis-Lopez-y-Karen-Azcarrunz-scaled.jpg\" title=\"Luis-Lopez-y-Karen-Azcarrunz\"  data-caption=\"LUIS LOPEZ Y KAREN ASCARRUNZ.\"  data-description=\"\">\r\n                                <img decoding=\"async\" src=\"https:\/\/www.eldiario.net\/portal\/wp-content\/uploads\/2024\/01\/Luis-Lopez-y-Karen-Azcarrunz-scaled.jpg\" srcset=\"https:\/\/www.eldiario.net\/portal\/wp-content\/uploads\/2024\/01\/Luis-Lopez-y-Karen-Azcarrunz-scaled.jpg 1707w, https:\/\/www.eldiario.net\/portal\/wp-content\/uploads\/2024\/01\/Luis-Lopez-y-Karen-Azcarrunz-200x300.jpg 200w, https:\/\/www.eldiario.net\/portal\/wp-content\/uploads\/2024\/01\/Luis-Lopez-y-Karen-Azcarrunz-683x1024.jpg 683w, https:\/\/www.eldiario.net\/portal\/wp-content\/uploads\/2024\/01\/Luis-Lopez-y-Karen-Azcarrunz-768x1152.jpg 768w, https:\/\/www.eldiario.net\/portal\/wp-content\/uploads\/2024\/01\/Luis-Lopez-y-Karen-Azcarrunz-1024x1536.jpg 1024w, https:\/\/www.eldiario.net\/portal\/wp-content\/uploads\/2024\/01\/Luis-Lopez-y-Karen-Azcarrunz-1365x2048.jpg 1365w, https:\/\/www.eldiario.net\/portal\/wp-content\/uploads\/2024\/01\/Luis-Lopez-y-Karen-Azcarrunz-696x1044.jpg 696w, https:\/\/www.eldiario.net\/portal\/wp-content\/uploads\/2024\/01\/Luis-Lopez-y-Karen-Azcarrunz-1068x1602.jpg 1068w\" sizes=\"(max-width: 280px) 100vw, 280px\" alt=\"\">\r\n                            <\/a>\r\n                            <figcaption class = \"td-slide-caption td-gallery-slide-content\"><div class = \"td-gallery-slide-copywrite\">LUIS LOPEZ Y KAREN ASCARRUNZ.<\/div><\/figcaption>\r\n                        <\/figure>\r\n                    <\/div>\r\n                    <div class = \"td-slide-item td-item12\">\r\n                        <figure class=\"td-slide-galery-figure td-slide-popup-gallery\">\r\n                            <a class=\"slide-gallery-image-link\" href=\"https:\/\/www.eldiario.net\/portal\/wp-content\/uploads\/2024\/01\/Ana-Lucia-Gutierrez-y-Alberto-Sotocorno-scaled.jpg\" title=\"Ana-Luc\u00eda-Guti\u00e9rrez-y-Alberto-Sotocorno\"  data-caption=\"ANA LUC\u00cdA GUTI\u00c9RREZ Y ALBERTO SOTOCORNO\"  data-description=\"\">\r\n                                <img decoding=\"async\" src=\"https:\/\/www.eldiario.net\/portal\/wp-content\/uploads\/2024\/01\/Ana-Lucia-Gutierrez-y-Alberto-Sotocorno-scaled.jpg\" srcset=\"https:\/\/www.eldiario.net\/portal\/wp-content\/uploads\/2024\/01\/Ana-Lucia-Gutierrez-y-Alberto-Sotocorno-scaled.jpg 2560w, https:\/\/www.eldiario.net\/portal\/wp-content\/uploads\/2024\/01\/Ana-Lucia-Gutierrez-y-Alberto-Sotocorno-300x243.jpg 300w, https:\/\/www.eldiario.net\/portal\/wp-content\/uploads\/2024\/01\/Ana-Lucia-Gutierrez-y-Alberto-Sotocorno-1024x829.jpg 1024w, https:\/\/www.eldiario.net\/portal\/wp-content\/uploads\/2024\/01\/Ana-Lucia-Gutierrez-y-Alberto-Sotocorno-768x621.jpg 768w, https:\/\/www.eldiario.net\/portal\/wp-content\/uploads\/2024\/01\/Ana-Lucia-Gutierrez-y-Alberto-Sotocorno-1536x1243.jpg 1536w, https:\/\/www.eldiario.net\/portal\/wp-content\/uploads\/2024\/01\/Ana-Lucia-Gutierrez-y-Alberto-Sotocorno-2048x1657.jpg 2048w, https:\/\/www.eldiario.net\/portal\/wp-content\/uploads\/2024\/01\/Ana-Lucia-Gutierrez-y-Alberto-Sotocorno-696x563.jpg 696w, https:\/\/www.eldiario.net\/portal\/wp-content\/uploads\/2024\/01\/Ana-Lucia-Gutierrez-y-Alberto-Sotocorno-1068x864.jpg 1068w, https:\/\/www.eldiario.net\/portal\/wp-content\/uploads\/2024\/01\/Ana-Lucia-Gutierrez-y-Alberto-Sotocorno-1920x1554.jpg 1920w\" sizes=\"(max-width: 519px) 100vw, 519px\" alt=\"\">\r\n                            <\/a>\r\n                            <figcaption class = \"td-slide-caption td-gallery-slide-content\"><div class = \"td-gallery-slide-copywrite\">ANA LUC\u00cdA GUTI\u00c9RREZ Y ALBERTO SOTOCORNO<\/div><\/figcaption>\r\n                        <\/figure>\r\n                    <\/div>\r\n                            <\/div>\r\n                        <\/div>\r\n\r\n                        <div class = \"td-doubleSlider-2\">\r\n                            <div class = \"td-slider\">\r\n                                \r\n                    <div class = \"td-button td-item1\">\r\n                        <div class = \"td-border\"><\/div>\r\n                    <\/div>\r\n                    <div class = \"td-button td-item2\">\r\n                        <div class = \"td-border\"><\/div>\r\n                    <\/div>\r\n                    <div class = \"td-button td-item3\">\r\n                        <div class = \"td-border\"><\/div>\r\n                    <\/div>\r\n                    <div class = \"td-button td-item4\">\r\n                        <div class = \"td-border\"><\/div>\r\n                    <\/div>\r\n                    <div class = \"td-button td-item5\">\r\n                        <div class = \"td-border\"><\/div>\r\n                    <\/div>\r\n                    <div class = \"td-button td-item6\">\r\n                        <div class = \"td-border\"><\/div>\r\n                    <\/div>\r\n                    <div class = \"td-button td-item7\">\r\n                        <div class = \"td-border\"><\/div>\r\n                    <\/div>\r\n                    <div class = \"td-button td-item8\">\r\n                        <div class = \"td-border\"><\/div>\r\n                    <\/div>\r\n                    <div class = \"td-button td-item9\">\r\n                        <div class = \"td-border\"><\/div>\r\n                    <\/div>\r\n                    <div class = \"td-button td-item10\">\r\n                        <div class = \"td-border\"><\/div>\r\n                    <\/div>\r\n                    <div class = \"td-button td-item11\">\r\n                        <div class = \"td-border\"><\/div>\r\n                    <\/div>\r\n                    <div class = \"td-button td-item12\">\r\n                        <div class = \"td-border\"><\/div>\r\n                    <\/div>\r\n                            <\/div>\r\n                        <\/div>\r\n\r\n                    <\/div>\r\n\r\n                <\/div>\r\n                \n","protected":false},"excerpt":{"rendered":"<p>Basada en la comedia rom\u00e1ntica de William Shakespeare \u00abMucho ruido y pocas nueces\u00bb, est\u00e1 en todos los cines del pa\u00eds \u201cCon todos menos contigo\u201d, una pel\u00edcula de Will Gluck, reconocido por dirigir las comedias Amigos con beneficios, Se dice de m\u00ed y la saga de Peter Rabbit, entre otras. La avant premier se realiz\u00f3 en [&hellip;]<\/p>\n","protected":false},"author":1,"featured_media":199006,"comment_status":"open","ping_status":"open","sticky":false,"template":"","format":"standard","meta":{"_acf_changed":false,"footnotes":""},"categories":[40],"tags":[],"class_list":["post-199002","post","type-post","status-publish","format-standard","has-post-thumbnail","category-sociales"],"acf":{"antetitulo":""},"yoast_head":"<!-- This site is optimized with the Yoast SEO plugin v28.3 - https:\/\/yoast.com\/product\/yoast-seo-wordpress\/ -->\n<title>Cin\u00e9filos disfrutaron &quot;Con todos menos contigo&quot; - El Diario - Bolivia<\/title>\n<meta name=\"robots\" content=\"index, follow, max-snippet:-1, max-image-preview:large, max-video-preview:-1\" \/>\n<link rel=\"canonical\" href=\"https:\/\/www.eldiario.net\/portal\/2024\/01\/22\/cinefilos-disfrutaron-con-todos-menos-contigo\/\" \/>\n<meta property=\"og:locale\" content=\"es_ES\" \/>\n<meta property=\"og:type\" content=\"article\" \/>\n<meta property=\"og:title\" content=\"Cin\u00e9filos disfrutaron &quot;Con todos menos contigo&quot; - El Diario - Bolivia\" \/>\n<meta property=\"og:description\" content=\"Basada en la comedia rom\u00e1ntica de William Shakespeare \u00abMucho ruido y pocas nueces\u00bb, est\u00e1 en todos los cines del pa\u00eds \u201cCon todos menos contigo\u201d, una pel\u00edcula de Will Gluck, reconocido por dirigir las comedias Amigos con beneficios, Se dice de m\u00ed y la saga de Peter Rabbit, entre otras. La avant premier se realiz\u00f3 en [&hellip;]\" \/>\n<meta property=\"og:url\" content=\"https:\/\/www.eldiario.net\/portal\/2024\/01\/22\/cinefilos-disfrutaron-con-todos-menos-contigo\/\" \/>\n<meta property=\"og:site_name\" content=\"El Diario - Bolivia\" \/>\n<meta property=\"article:publisher\" content=\"https:\/\/www.facebook.com\/eldiario.bolivia\/\" \/>\n<meta property=\"article:published_time\" content=\"2024-01-22T11:01:26+00:00\" \/>\n<meta property=\"og:image\" content=\"https:\/\/www.eldiario.net\/portal\/wp-content\/uploads\/2024\/01\/Fer-Sandoval-Gino-Zeta-Gte-comercial-Andes-Films-Fabiana-Cabrera-Gte-de-marketing-Sony-Pictures-Dubby-Estremadoiro-Noelia-Zapata-y-Mayron--scaled.jpg\" \/>\n\t<meta property=\"og:image:width\" content=\"2560\" \/>\n\t<meta property=\"og:image:height\" content=\"2268\" \/>\n\t<meta property=\"og:image:type\" content=\"image\/jpeg\" \/>\n<meta name=\"author\" content=\"Jeanette\" \/>\n<meta name=\"twitter:card\" content=\"summary_large_image\" \/>\n<meta name=\"twitter:creator\" content=\"@eldiario_net\" \/>\n<meta name=\"twitter:site\" content=\"@eldiario_net\" \/>\n<meta name=\"twitter:label1\" content=\"Escrito por\" \/>\n\t<meta name=\"twitter:data1\" content=\"Jeanette\" \/>\n\t<meta name=\"twitter:label2\" content=\"Tiempo de lectura\" \/>\n\t<meta name=\"twitter:data2\" content=\"1 minuto\" \/>\n<script type=\"application\/ld+json\" class=\"yoast-schema-graph\">{\"@context\":\"https:\\\/\\\/schema.org\",\"@graph\":[{\"@type\":\"Article\",\"@id\":\"https:\\\/\\\/www.eldiario.net\\\/portal\\\/2024\\\/01\\\/22\\\/cinefilos-disfrutaron-con-todos-menos-contigo\\\/#article\",\"isPartOf\":{\"@id\":\"https:\\\/\\\/www.eldiario.net\\\/portal\\\/2024\\\/01\\\/22\\\/cinefilos-disfrutaron-con-todos-menos-contigo\\\/\"},\"author\":{\"name\":\"Jeanette\",\"@id\":\"https:\\\/\\\/www.eldiario.net\\\/portal\\\/#\\\/schema\\\/person\\\/f46445640444750d7d753ccd04ae01b7\"},\"headline\":\"Cin\u00e9filos disfrutaron \u00abCon todos menos contigo\u00bb\",\"datePublished\":\"2024-01-22T11:01:26+00:00\",\"mainEntityOfPage\":{\"@id\":\"https:\\\/\\\/www.eldiario.net\\\/portal\\\/2024\\\/01\\\/22\\\/cinefilos-disfrutaron-con-todos-menos-contigo\\\/\"},\"wordCount\":163,\"commentCount\":0,\"publisher\":{\"@id\":\"https:\\\/\\\/www.eldiario.net\\\/portal\\\/#organization\"},\"image\":{\"@id\":\"https:\\\/\\\/www.eldiario.net\\\/portal\\\/2024\\\/01\\\/22\\\/cinefilos-disfrutaron-con-todos-menos-contigo\\\/#primaryimage\"},\"thumbnailUrl\":\"https:\\\/\\\/www.eldiario.net\\\/portal\\\/wp-content\\\/uploads\\\/2024\\\/01\\\/Fer-Sandoval-Gino-Zeta-Gte-comercial-Andes-Films-Fabiana-Cabrera-Gte-de-marketing-Sony-Pictures-Dubby-Estremadoiro-Noelia-Zapata-y-Mayron--scaled.jpg\",\"articleSection\":[\"Sociales\"],\"inLanguage\":\"es\",\"potentialAction\":[{\"@type\":\"CommentAction\",\"name\":\"Comment\",\"target\":[\"https:\\\/\\\/www.eldiario.net\\\/portal\\\/2024\\\/01\\\/22\\\/cinefilos-disfrutaron-con-todos-menos-contigo\\\/#respond\"]}]},{\"@type\":\"WebPage\",\"@id\":\"https:\\\/\\\/www.eldiario.net\\\/portal\\\/2024\\\/01\\\/22\\\/cinefilos-disfrutaron-con-todos-menos-contigo\\\/\",\"url\":\"https:\\\/\\\/www.eldiario.net\\\/portal\\\/2024\\\/01\\\/22\\\/cinefilos-disfrutaron-con-todos-menos-contigo\\\/\",\"name\":\"Cin\u00e9filos disfrutaron \\\"Con todos menos contigo\\\" - El Diario - Bolivia\",\"isPartOf\":{\"@id\":\"https:\\\/\\\/www.eldiario.net\\\/portal\\\/#website\"},\"primaryImageOfPage\":{\"@id\":\"https:\\\/\\\/www.eldiario.net\\\/portal\\\/2024\\\/01\\\/22\\\/cinefilos-disfrutaron-con-todos-menos-contigo\\\/#primaryimage\"},\"image\":{\"@id\":\"https:\\\/\\\/www.eldiario.net\\\/portal\\\/2024\\\/01\\\/22\\\/cinefilos-disfrutaron-con-todos-menos-contigo\\\/#primaryimage\"},\"thumbnailUrl\":\"https:\\\/\\\/www.eldiario.net\\\/portal\\\/wp-content\\\/uploads\\\/2024\\\/01\\\/Fer-Sandoval-Gino-Zeta-Gte-comercial-Andes-Films-Fabiana-Cabrera-Gte-de-marketing-Sony-Pictures-Dubby-Estremadoiro-Noelia-Zapata-y-Mayron--scaled.jpg\",\"datePublished\":\"2024-01-22T11:01:26+00:00\",\"breadcrumb\":{\"@id\":\"https:\\\/\\\/www.eldiario.net\\\/portal\\\/2024\\\/01\\\/22\\\/cinefilos-disfrutaron-con-todos-menos-contigo\\\/#breadcrumb\"},\"inLanguage\":\"es\",\"potentialAction\":[{\"@type\":\"ReadAction\",\"target\":[\"https:\\\/\\\/www.eldiario.net\\\/portal\\\/2024\\\/01\\\/22\\\/cinefilos-disfrutaron-con-todos-menos-contigo\\\/\"]}]},{\"@type\":\"ImageObject\",\"inLanguage\":\"es\",\"@id\":\"https:\\\/\\\/www.eldiario.net\\\/portal\\\/2024\\\/01\\\/22\\\/cinefilos-disfrutaron-con-todos-menos-contigo\\\/#primaryimage\",\"url\":\"https:\\\/\\\/www.eldiario.net\\\/portal\\\/wp-content\\\/uploads\\\/2024\\\/01\\\/Fer-Sandoval-Gino-Zeta-Gte-comercial-Andes-Films-Fabiana-Cabrera-Gte-de-marketing-Sony-Pictures-Dubby-Estremadoiro-Noelia-Zapata-y-Mayron--scaled.jpg\",\"contentUrl\":\"https:\\\/\\\/www.eldiario.net\\\/portal\\\/wp-content\\\/uploads\\\/2024\\\/01\\\/Fer-Sandoval-Gino-Zeta-Gte-comercial-Andes-Films-Fabiana-Cabrera-Gte-de-marketing-Sony-Pictures-Dubby-Estremadoiro-Noelia-Zapata-y-Mayron--scaled.jpg\",\"width\":2560,\"height\":2268,\"caption\":\"FER SANDOVAL, GINO ZETA, GTE COMERCIAL ANDES FILMS; FABIANA CABRERA, GTE DE MARKETING SONY PICTURES; DUBBY ESTREMADOIRO, NOELIA ZAPATA Y MAYRON.\"},{\"@type\":\"BreadcrumbList\",\"@id\":\"https:\\\/\\\/www.eldiario.net\\\/portal\\\/2024\\\/01\\\/22\\\/cinefilos-disfrutaron-con-todos-menos-contigo\\\/#breadcrumb\",\"itemListElement\":[{\"@type\":\"ListItem\",\"position\":1,\"name\":\"Portada\",\"item\":\"https:\\\/\\\/www.eldiario.net\\\/portal\\\/\"},{\"@type\":\"ListItem\",\"position\":2,\"name\":\"Cin\u00e9filos disfrutaron \u00abCon todos menos contigo\u00bb\"}]},{\"@type\":\"WebSite\",\"@id\":\"https:\\\/\\\/www.eldiario.net\\\/portal\\\/#website\",\"url\":\"https:\\\/\\\/www.eldiario.net\\\/portal\\\/\",\"name\":\"El Diario - Decano de la prensa nacional\",\"description\":\"El Diario - Decano de la prensa nacional\",\"publisher\":{\"@id\":\"https:\\\/\\\/www.eldiario.net\\\/portal\\\/#organization\"},\"potentialAction\":[{\"@type\":\"SearchAction\",\"target\":{\"@type\":\"EntryPoint\",\"urlTemplate\":\"https:\\\/\\\/www.eldiario.net\\\/portal\\\/?s={search_term_string}\"},\"query-input\":{\"@type\":\"PropertyValueSpecification\",\"valueRequired\":true,\"valueName\":\"search_term_string\"}}],\"inLanguage\":\"es\"},{\"@type\":\"Organization\",\"@id\":\"https:\\\/\\\/www.eldiario.net\\\/portal\\\/#organization\",\"name\":\"El Diario - Decano de la prensa nacional\",\"url\":\"https:\\\/\\\/www.eldiario.net\\\/portal\\\/\",\"logo\":{\"@type\":\"ImageObject\",\"inLanguage\":\"es\",\"@id\":\"https:\\\/\\\/www.eldiario.net\\\/portal\\\/#\\\/schema\\\/logo\\\/image\\\/\",\"url\":\"https:\\\/\\\/www.eldiario.net\\\/portal\\\/wp-content\\\/uploads\\\/2023\\\/07\\\/logo_ED.jpg\",\"contentUrl\":\"https:\\\/\\\/www.eldiario.net\\\/portal\\\/wp-content\\\/uploads\\\/2023\\\/07\\\/logo_ED.jpg\",\"width\":272,\"height\":52,\"caption\":\"El Diario - Decano de la prensa nacional\"},\"image\":{\"@id\":\"https:\\\/\\\/www.eldiario.net\\\/portal\\\/#\\\/schema\\\/logo\\\/image\\\/\"},\"sameAs\":[\"https:\\\/\\\/www.facebook.com\\\/eldiario.bolivia\\\/\",\"https:\\\/\\\/x.com\\\/eldiario_net\"]},{\"@type\":\"Person\",\"@id\":\"https:\\\/\\\/www.eldiario.net\\\/portal\\\/#\\\/schema\\\/person\\\/f46445640444750d7d753ccd04ae01b7\",\"name\":\"Jeanette\",\"image\":{\"@type\":\"ImageObject\",\"inLanguage\":\"es\",\"@id\":\"https:\\\/\\\/secure.gravatar.com\\\/avatar\\\/3ea2118a5f7dad2b7138b1187a6b7ee55f160b9968b66013c3a3ef39dd7e5798?s=96&d=mm&r=g\",\"url\":\"https:\\\/\\\/secure.gravatar.com\\\/avatar\\\/3ea2118a5f7dad2b7138b1187a6b7ee55f160b9968b66013c3a3ef39dd7e5798?s=96&d=mm&r=g\",\"contentUrl\":\"https:\\\/\\\/secure.gravatar.com\\\/avatar\\\/3ea2118a5f7dad2b7138b1187a6b7ee55f160b9968b66013c3a3ef39dd7e5798?s=96&d=mm&r=g\",\"caption\":\"Jeanette\"},\"sameAs\":[\"https:\\\/\\\/www.eldiario.net\\\/portal\"],\"url\":\"https:\\\/\\\/www.eldiario.net\\\/portal\\\/author\\\/jeanette\\\/\"}]}<\/script>\n<!-- \/ Yoast SEO plugin. -->","yoast_head_json":{"title":"Cin\u00e9filos disfrutaron \"Con todos menos contigo\" - El Diario - Bolivia","robots":{"index":"index","follow":"follow","max-snippet":"max-snippet:-1","max-image-preview":"max-image-preview:large","max-video-preview":"max-video-preview:-1"},"canonical":"https:\/\/www.eldiario.net\/portal\/2024\/01\/22\/cinefilos-disfrutaron-con-todos-menos-contigo\/","og_locale":"es_ES","og_type":"article","og_title":"Cin\u00e9filos disfrutaron \"Con todos menos contigo\" - El Diario - Bolivia","og_description":"Basada en la comedia rom\u00e1ntica de William Shakespeare \u00abMucho ruido y pocas nueces\u00bb, est\u00e1 en todos los cines del pa\u00eds \u201cCon todos menos contigo\u201d, una pel\u00edcula de Will Gluck, reconocido por dirigir las comedias Amigos con beneficios, Se dice de m\u00ed y la saga de Peter Rabbit, entre otras. La avant premier se realiz\u00f3 en [&hellip;]","og_url":"https:\/\/www.eldiario.net\/portal\/2024\/01\/22\/cinefilos-disfrutaron-con-todos-menos-contigo\/","og_site_name":"El Diario - Bolivia","article_publisher":"https:\/\/www.facebook.com\/eldiario.bolivia\/","article_published_time":"2024-01-22T11:01:26+00:00","og_image":[{"width":2560,"height":2268,"url":"https:\/\/www.eldiario.net\/portal\/wp-content\/uploads\/2024\/01\/Fer-Sandoval-Gino-Zeta-Gte-comercial-Andes-Films-Fabiana-Cabrera-Gte-de-marketing-Sony-Pictures-Dubby-Estremadoiro-Noelia-Zapata-y-Mayron--scaled.jpg","type":"image\/jpeg"}],"author":"Jeanette","twitter_card":"summary_large_image","twitter_creator":"@eldiario_net","twitter_site":"@eldiario_net","twitter_misc":{"Escrito por":"Jeanette","Tiempo de lectura":"1 minuto"},"schema":{"@context":"https:\/\/schema.org","@graph":[{"@type":"Article","@id":"https:\/\/www.eldiario.net\/portal\/2024\/01\/22\/cinefilos-disfrutaron-con-todos-menos-contigo\/#article","isPartOf":{"@id":"https:\/\/www.eldiario.net\/portal\/2024\/01\/22\/cinefilos-disfrutaron-con-todos-menos-contigo\/"},"author":{"name":"Jeanette","@id":"https:\/\/www.eldiario.net\/portal\/#\/schema\/person\/f46445640444750d7d753ccd04ae01b7"},"headline":"Cin\u00e9filos disfrutaron \u00abCon todos menos contigo\u00bb","datePublished":"2024-01-22T11:01:26+00:00","mainEntityOfPage":{"@id":"https:\/\/www.eldiario.net\/portal\/2024\/01\/22\/cinefilos-disfrutaron-con-todos-menos-contigo\/"},"wordCount":163,"commentCount":0,"publisher":{"@id":"https:\/\/www.eldiario.net\/portal\/#organization"},"image":{"@id":"https:\/\/www.eldiario.net\/portal\/2024\/01\/22\/cinefilos-disfrutaron-con-todos-menos-contigo\/#primaryimage"},"thumbnailUrl":"https:\/\/www.eldiario.net\/portal\/wp-content\/uploads\/2024\/01\/Fer-Sandoval-Gino-Zeta-Gte-comercial-Andes-Films-Fabiana-Cabrera-Gte-de-marketing-Sony-Pictures-Dubby-Estremadoiro-Noelia-Zapata-y-Mayron--scaled.jpg","articleSection":["Sociales"],"inLanguage":"es","potentialAction":[{"@type":"CommentAction","name":"Comment","target":["https:\/\/www.eldiario.net\/portal\/2024\/01\/22\/cinefilos-disfrutaron-con-todos-menos-contigo\/#respond"]}]},{"@type":"WebPage","@id":"https:\/\/www.eldiario.net\/portal\/2024\/01\/22\/cinefilos-disfrutaron-con-todos-menos-contigo\/","url":"https:\/\/www.eldiario.net\/portal\/2024\/01\/22\/cinefilos-disfrutaron-con-todos-menos-contigo\/","name":"Cin\u00e9filos disfrutaron \"Con todos menos contigo\" - El Diario - Bolivia","isPartOf":{"@id":"https:\/\/www.eldiario.net\/portal\/#website"},"primaryImageOfPage":{"@id":"https:\/\/www.eldiario.net\/portal\/2024\/01\/22\/cinefilos-disfrutaron-con-todos-menos-contigo\/#primaryimage"},"image":{"@id":"https:\/\/www.eldiario.net\/portal\/2024\/01\/22\/cinefilos-disfrutaron-con-todos-menos-contigo\/#primaryimage"},"thumbnailUrl":"https:\/\/www.eldiario.net\/portal\/wp-content\/uploads\/2024\/01\/Fer-Sandoval-Gino-Zeta-Gte-comercial-Andes-Films-Fabiana-Cabrera-Gte-de-marketing-Sony-Pictures-Dubby-Estremadoiro-Noelia-Zapata-y-Mayron--scaled.jpg","datePublished":"2024-01-22T11:01:26+00:00","breadcrumb":{"@id":"https:\/\/www.eldiario.net\/portal\/2024\/01\/22\/cinefilos-disfrutaron-con-todos-menos-contigo\/#breadcrumb"},"inLanguage":"es","potentialAction":[{"@type":"ReadAction","target":["https:\/\/www.eldiario.net\/portal\/2024\/01\/22\/cinefilos-disfrutaron-con-todos-menos-contigo\/"]}]},{"@type":"ImageObject","inLanguage":"es","@id":"https:\/\/www.eldiario.net\/portal\/2024\/01\/22\/cinefilos-disfrutaron-con-todos-menos-contigo\/#primaryimage","url":"https:\/\/www.eldiario.net\/portal\/wp-content\/uploads\/2024\/01\/Fer-Sandoval-Gino-Zeta-Gte-comercial-Andes-Films-Fabiana-Cabrera-Gte-de-marketing-Sony-Pictures-Dubby-Estremadoiro-Noelia-Zapata-y-Mayron--scaled.jpg","contentUrl":"https:\/\/www.eldiario.net\/portal\/wp-content\/uploads\/2024\/01\/Fer-Sandoval-Gino-Zeta-Gte-comercial-Andes-Films-Fabiana-Cabrera-Gte-de-marketing-Sony-Pictures-Dubby-Estremadoiro-Noelia-Zapata-y-Mayron--scaled.jpg","width":2560,"height":2268,"caption":"FER SANDOVAL, GINO ZETA, GTE COMERCIAL ANDES FILMS; FABIANA CABRERA, GTE DE MARKETING SONY PICTURES; DUBBY ESTREMADOIRO, NOELIA ZAPATA Y MAYRON."},{"@type":"BreadcrumbList","@id":"https:\/\/www.eldiario.net\/portal\/2024\/01\/22\/cinefilos-disfrutaron-con-todos-menos-contigo\/#breadcrumb","itemListElement":[{"@type":"ListItem","position":1,"name":"Portada","item":"https:\/\/www.eldiario.net\/portal\/"},{"@type":"ListItem","position":2,"name":"Cin\u00e9filos disfrutaron \u00abCon todos menos contigo\u00bb"}]},{"@type":"WebSite","@id":"https:\/\/www.eldiario.net\/portal\/#website","url":"https:\/\/www.eldiario.net\/portal\/","name":"El Diario - Decano de la prensa nacional","description":"El Diario - Decano de la prensa nacional","publisher":{"@id":"https:\/\/www.eldiario.net\/portal\/#organization"},"potentialAction":[{"@type":"SearchAction","target":{"@type":"EntryPoint","urlTemplate":"https:\/\/www.eldiario.net\/portal\/?s={search_term_string}"},"query-input":{"@type":"PropertyValueSpecification","valueRequired":true,"valueName":"search_term_string"}}],"inLanguage":"es"},{"@type":"Organization","@id":"https:\/\/www.eldiario.net\/portal\/#organization","name":"El Diario - Decano de la prensa nacional","url":"https:\/\/www.eldiario.net\/portal\/","logo":{"@type":"ImageObject","inLanguage":"es","@id":"https:\/\/www.eldiario.net\/portal\/#\/schema\/logo\/image\/","url":"https:\/\/www.eldiario.net\/portal\/wp-content\/uploads\/2023\/07\/logo_ED.jpg","contentUrl":"https:\/\/www.eldiario.net\/portal\/wp-content\/uploads\/2023\/07\/logo_ED.jpg","width":272,"height":52,"caption":"El Diario - Decano de la prensa nacional"},"image":{"@id":"https:\/\/www.eldiario.net\/portal\/#\/schema\/logo\/image\/"},"sameAs":["https:\/\/www.facebook.com\/eldiario.bolivia\/","https:\/\/x.com\/eldiario_net"]},{"@type":"Person","@id":"https:\/\/www.eldiario.net\/portal\/#\/schema\/person\/f46445640444750d7d753ccd04ae01b7","name":"Jeanette","image":{"@type":"ImageObject","inLanguage":"es","@id":"https:\/\/secure.gravatar.com\/avatar\/3ea2118a5f7dad2b7138b1187a6b7ee55f160b9968b66013c3a3ef39dd7e5798?s=96&d=mm&r=g","url":"https:\/\/secure.gravatar.com\/avatar\/3ea2118a5f7dad2b7138b1187a6b7ee55f160b9968b66013c3a3ef39dd7e5798?s=96&d=mm&r=g","contentUrl":"https:\/\/secure.gravatar.com\/avatar\/3ea2118a5f7dad2b7138b1187a6b7ee55f160b9968b66013c3a3ef39dd7e5798?s=96&d=mm&r=g","caption":"Jeanette"},"sameAs":["https:\/\/www.eldiario.net\/portal"],"url":"https:\/\/www.eldiario.net\/portal\/author\/jeanette\/"}]}},"_links":{"self":[{"href":"https:\/\/www.eldiario.net\/portal\/wp-json\/wp\/v2\/posts\/199002","targetHints":{"allow":["GET"]}}],"collection":[{"href":"https:\/\/www.eldiario.net\/portal\/wp-json\/wp\/v2\/posts"}],"about":[{"href":"https:\/\/www.eldiario.net\/portal\/wp-json\/wp\/v2\/types\/post"}],"author":[{"embeddable":true,"href":"https:\/\/www.eldiario.net\/portal\/wp-json\/wp\/v2\/users\/1"}],"replies":[{"embeddable":true,"href":"https:\/\/www.eldiario.net\/portal\/wp-json\/wp\/v2\/comments?post=199002"}],"version-history":[{"count":1,"href":"https:\/\/www.eldiario.net\/portal\/wp-json\/wp\/v2\/posts\/199002\/revisions"}],"predecessor-version":[{"id":199015,"href":"https:\/\/www.eldiario.net\/portal\/wp-json\/wp\/v2\/posts\/199002\/revisions\/199015"}],"wp:featuredmedia":[{"embeddable":true,"href":"https:\/\/www.eldiario.net\/portal\/wp-json\/wp\/v2\/media\/199006"}],"wp:attachment":[{"href":"https:\/\/www.eldiario.net\/portal\/wp-json\/wp\/v2\/media?parent=199002"}],"wp:term":[{"taxonomy":"category","embeddable":true,"href":"https:\/\/www.eldiario.net\/portal\/wp-json\/wp\/v2\/categories?post=199002"},{"taxonomy":"post_tag","embeddable":true,"href":"https:\/\/www.eldiario.net\/portal\/wp-json\/wp\/v2\/tags?post=199002"}],"curies":[{"name":"wp","href":"https:\/\/api.w.org\/{rel}","templated":true}]}}