{"id":198999,"date":"2024-01-22T06:55:43","date_gmt":"2024-01-22T10:55:43","guid":{"rendered":"https:\/\/www.eldiario.net\/portal\/?p=198999"},"modified":"2024-01-22T06:55:43","modified_gmt":"2024-01-22T10:55:43","slug":"b2b-elige-a-kreab-como-mejor-consultora-en-comunicacion","status":"publish","type":"post","link":"https:\/\/www.eldiario.net\/portal\/2024\/01\/22\/b2b-elige-a-kreab-como-mejor-consultora-en-comunicacion\/","title":{"rendered":"B2B elige a Kreab como Mejor Consultora en Comunicaci\u00f3n"},"content":{"rendered":"<p>Kreab inicia el a\u00f1o con una grata noticia, ya que 272 ejecutivos de 100 empresas destacadas del pa\u00eds, que forman parte del estudio Best Brand 2023, m\u00e1s conocido como B2B, la eligieron como la Mejor Consultora de Comunicaci\u00f3n Corporativa de Bolivia.<br \/>\nCon m\u00e1s de 15 a\u00f1os de presencia en Bolivia y una trayectoria global que abarca m\u00e1s de 50 a\u00f1os, Kreab se ha consolidado como una consultora referente y con amplia experiencia en solucionar temas de Asuntos P\u00fablicos, Comunicaci\u00f3n Digital, Publicidad y Comunicaci\u00f3n Corporativa. Ana L\u00eda Mansilla, Managing Partner de Kreab Bolivia, expres\u00f3 su satisfacci\u00f3n por este reconocimiento que fortalece la s\u00f3lida carta de presentaci\u00f3n de la empresa que acompa\u00f1a e implementa las mejores estrategias de comunicaci\u00f3n para clientes nacionales e internacionales.<br \/>\n\u201cEstamos muy felices por este reconocimiento realizado por ejecutivos que conocen el campo de la comunicaci\u00f3n y el impacto que tiene un mensaje bien elaborado en la reputaci\u00f3n y en sus objetivos comerciales. Este reconocimiento, sin duda, es un logro compartido por un equipo de trabajo responsable, proactivo y eficiente que acompa\u00f1a a las marcas con creatividad y profesionalismo\u201d, manifest\u00f3 Mansilla.<br \/>\nSeg\u00fan la ejecutiva, Kreab forma parte de una red con amplia experiencia en acompa\u00f1ar a las mejores marcas del mundo. Con el prop\u00f3sito de forta-lecer los equipos s\u00e9nior, un grupo de directores de Comunicaci\u00f3n Corporativa y Asuntos P\u00fablicos de Latam y Europa se han reunido en Espa\u00f1a para analizar diversas estrategias comunicacionales exitosas, compartir conocimientos y ver oportunidades a trav\u00e9s de las mejores pr\u00e1cticas implementadas.<br \/>\n\u201cTenemos una red muy robusta y experimentada para acompa\u00f1ar a las empresas a tener una visi\u00f3n de la comunicaci\u00f3n mucho m\u00e1s integrada y estrat\u00e9gica. Formar parte de esta experiencia, me ha permitido potenciar un equipo de trabajo a\u00fan m\u00e1s preparado y cohesionado para ejecutar proyectos transfronterizos, replicar los mejores proyectos y lograr los objetivos comunicacionales\u201d, puntualiz\u00f3 Samanta Sald\u00edas, directora de Comunicaci\u00f3n Corporativa de Kreab.<\/p>\n","protected":false},"excerpt":{"rendered":"<p>Kreab inicia el a\u00f1o con una grata noticia, ya que 272 ejecutivos de 100 empresas destacadas del pa\u00eds, que forman parte del estudio Best Brand 2023, m\u00e1s conocido como B2B, la eligieron como la Mejor Consultora de Comunicaci\u00f3n Corporativa de Bolivia. Con m\u00e1s de 15 a\u00f1os de presencia en Bolivia y una trayectoria global que [&hellip;]<\/p>\n","protected":false},"author":1,"featured_media":199000,"comment_status":"open","ping_status":"open","sticky":false,"template":"","format":"standard","meta":{"_acf_changed":false,"footnotes":""},"categories":[40],"tags":[],"class_list":["post-198999","post","type-post","status-publish","format-standard","has-post-thumbnail","category-sociales"],"acf":{"antetitulo":""},"yoast_head":"<!-- This site is optimized with the Yoast SEO plugin v28.3 - https:\/\/yoast.com\/product\/yoast-seo-wordpress\/ -->\n<title>B2B elige a Kreab como Mejor Consultora en Comunicaci\u00f3n - El Diario - Bolivia<\/title>\n<meta name=\"robots\" content=\"index, follow, max-snippet:-1, max-image-preview:large, max-video-preview:-1\" \/>\n<link rel=\"canonical\" href=\"https:\/\/www.eldiario.net\/portal\/2024\/01\/22\/b2b-elige-a-kreab-como-mejor-consultora-en-comunicacion\/\" \/>\n<meta property=\"og:locale\" content=\"es_ES\" \/>\n<meta property=\"og:type\" content=\"article\" \/>\n<meta property=\"og:title\" content=\"B2B elige a Kreab como Mejor Consultora en Comunicaci\u00f3n - El Diario - Bolivia\" \/>\n<meta property=\"og:description\" content=\"Kreab inicia el a\u00f1o con una grata noticia, ya que 272 ejecutivos de 100 empresas destacadas del pa\u00eds, que forman parte del estudio Best Brand 2023, m\u00e1s conocido como B2B, la eligieron como la Mejor Consultora de Comunicaci\u00f3n Corporativa de Bolivia. Con m\u00e1s de 15 a\u00f1os de presencia en Bolivia y una trayectoria global que [&hellip;]\" \/>\n<meta property=\"og:url\" content=\"https:\/\/www.eldiario.net\/portal\/2024\/01\/22\/b2b-elige-a-kreab-como-mejor-consultora-en-comunicacion\/\" \/>\n<meta property=\"og:site_name\" content=\"El Diario - Bolivia\" \/>\n<meta property=\"article:publisher\" content=\"https:\/\/www.facebook.com\/eldiario.bolivia\/\" \/>\n<meta property=\"article:published_time\" content=\"2024-01-22T10:55:43+00:00\" \/>\n<meta property=\"og:image\" content=\"https:\/\/www.eldiario.net\/portal\/wp-content\/uploads\/2024\/01\/KREAB.jpg\" \/>\n\t<meta property=\"og:image:width\" content=\"1280\" \/>\n\t<meta property=\"og:image:height\" content=\"914\" \/>\n\t<meta property=\"og:image:type\" content=\"image\/jpeg\" \/>\n<meta name=\"author\" content=\"Jeanette\" \/>\n<meta name=\"twitter:card\" content=\"summary_large_image\" \/>\n<meta name=\"twitter:creator\" content=\"@eldiario_net\" \/>\n<meta name=\"twitter:site\" content=\"@eldiario_net\" \/>\n<meta name=\"twitter:label1\" content=\"Escrito por\" \/>\n\t<meta name=\"twitter:data1\" content=\"Jeanette\" \/>\n\t<meta name=\"twitter:label2\" content=\"Tiempo de lectura\" \/>\n\t<meta name=\"twitter:data2\" content=\"2 minutos\" \/>\n<script type=\"application\/ld+json\" class=\"yoast-schema-graph\">{\"@context\":\"https:\\\/\\\/schema.org\",\"@graph\":[{\"@type\":\"Article\",\"@id\":\"https:\\\/\\\/www.eldiario.net\\\/portal\\\/2024\\\/01\\\/22\\\/b2b-elige-a-kreab-como-mejor-consultora-en-comunicacion\\\/#article\",\"isPartOf\":{\"@id\":\"https:\\\/\\\/www.eldiario.net\\\/portal\\\/2024\\\/01\\\/22\\\/b2b-elige-a-kreab-como-mejor-consultora-en-comunicacion\\\/\"},\"author\":{\"name\":\"Jeanette\",\"@id\":\"https:\\\/\\\/www.eldiario.net\\\/portal\\\/#\\\/schema\\\/person\\\/f46445640444750d7d753ccd04ae01b7\"},\"headline\":\"B2B elige a Kreab como Mejor Consultora en Comunicaci\u00f3n\",\"datePublished\":\"2024-01-22T10:55:43+00:00\",\"mainEntityOfPage\":{\"@id\":\"https:\\\/\\\/www.eldiario.net\\\/portal\\\/2024\\\/01\\\/22\\\/b2b-elige-a-kreab-como-mejor-consultora-en-comunicacion\\\/\"},\"wordCount\":357,\"commentCount\":0,\"publisher\":{\"@id\":\"https:\\\/\\\/www.eldiario.net\\\/portal\\\/#organization\"},\"image\":{\"@id\":\"https:\\\/\\\/www.eldiario.net\\\/portal\\\/2024\\\/01\\\/22\\\/b2b-elige-a-kreab-como-mejor-consultora-en-comunicacion\\\/#primaryimage\"},\"thumbnailUrl\":\"https:\\\/\\\/www.eldiario.net\\\/portal\\\/wp-content\\\/uploads\\\/2024\\\/01\\\/KREAB.jpg\",\"articleSection\":[\"Sociales\"],\"inLanguage\":\"es\",\"potentialAction\":[{\"@type\":\"CommentAction\",\"name\":\"Comment\",\"target\":[\"https:\\\/\\\/www.eldiario.net\\\/portal\\\/2024\\\/01\\\/22\\\/b2b-elige-a-kreab-como-mejor-consultora-en-comunicacion\\\/#respond\"]}]},{\"@type\":\"WebPage\",\"@id\":\"https:\\\/\\\/www.eldiario.net\\\/portal\\\/2024\\\/01\\\/22\\\/b2b-elige-a-kreab-como-mejor-consultora-en-comunicacion\\\/\",\"url\":\"https:\\\/\\\/www.eldiario.net\\\/portal\\\/2024\\\/01\\\/22\\\/b2b-elige-a-kreab-como-mejor-consultora-en-comunicacion\\\/\",\"name\":\"B2B elige a Kreab como Mejor Consultora en Comunicaci\u00f3n - El Diario - Bolivia\",\"isPartOf\":{\"@id\":\"https:\\\/\\\/www.eldiario.net\\\/portal\\\/#website\"},\"primaryImageOfPage\":{\"@id\":\"https:\\\/\\\/www.eldiario.net\\\/portal\\\/2024\\\/01\\\/22\\\/b2b-elige-a-kreab-como-mejor-consultora-en-comunicacion\\\/#primaryimage\"},\"image\":{\"@id\":\"https:\\\/\\\/www.eldiario.net\\\/portal\\\/2024\\\/01\\\/22\\\/b2b-elige-a-kreab-como-mejor-consultora-en-comunicacion\\\/#primaryimage\"},\"thumbnailUrl\":\"https:\\\/\\\/www.eldiario.net\\\/portal\\\/wp-content\\\/uploads\\\/2024\\\/01\\\/KREAB.jpg\",\"datePublished\":\"2024-01-22T10:55:43+00:00\",\"breadcrumb\":{\"@id\":\"https:\\\/\\\/www.eldiario.net\\\/portal\\\/2024\\\/01\\\/22\\\/b2b-elige-a-kreab-como-mejor-consultora-en-comunicacion\\\/#breadcrumb\"},\"inLanguage\":\"es\",\"potentialAction\":[{\"@type\":\"ReadAction\",\"target\":[\"https:\\\/\\\/www.eldiario.net\\\/portal\\\/2024\\\/01\\\/22\\\/b2b-elige-a-kreab-como-mejor-consultora-en-comunicacion\\\/\"]}]},{\"@type\":\"ImageObject\",\"inLanguage\":\"es\",\"@id\":\"https:\\\/\\\/www.eldiario.net\\\/portal\\\/2024\\\/01\\\/22\\\/b2b-elige-a-kreab-como-mejor-consultora-en-comunicacion\\\/#primaryimage\",\"url\":\"https:\\\/\\\/www.eldiario.net\\\/portal\\\/wp-content\\\/uploads\\\/2024\\\/01\\\/KREAB.jpg\",\"contentUrl\":\"https:\\\/\\\/www.eldiario.net\\\/portal\\\/wp-content\\\/uploads\\\/2024\\\/01\\\/KREAB.jpg\",\"width\":1280,\"height\":914},{\"@type\":\"BreadcrumbList\",\"@id\":\"https:\\\/\\\/www.eldiario.net\\\/portal\\\/2024\\\/01\\\/22\\\/b2b-elige-a-kreab-como-mejor-consultora-en-comunicacion\\\/#breadcrumb\",\"itemListElement\":[{\"@type\":\"ListItem\",\"position\":1,\"name\":\"Portada\",\"item\":\"https:\\\/\\\/www.eldiario.net\\\/portal\\\/\"},{\"@type\":\"ListItem\",\"position\":2,\"name\":\"B2B elige a Kreab como Mejor Consultora en Comunicaci\u00f3n\"}]},{\"@type\":\"WebSite\",\"@id\":\"https:\\\/\\\/www.eldiario.net\\\/portal\\\/#website\",\"url\":\"https:\\\/\\\/www.eldiario.net\\\/portal\\\/\",\"name\":\"El Diario - Decano de la prensa nacional\",\"description\":\"El Diario - Decano de la prensa nacional\",\"publisher\":{\"@id\":\"https:\\\/\\\/www.eldiario.net\\\/portal\\\/#organization\"},\"potentialAction\":[{\"@type\":\"SearchAction\",\"target\":{\"@type\":\"EntryPoint\",\"urlTemplate\":\"https:\\\/\\\/www.eldiario.net\\\/portal\\\/?s={search_term_string}\"},\"query-input\":{\"@type\":\"PropertyValueSpecification\",\"valueRequired\":true,\"valueName\":\"search_term_string\"}}],\"inLanguage\":\"es\"},{\"@type\":\"Organization\",\"@id\":\"https:\\\/\\\/www.eldiario.net\\\/portal\\\/#organization\",\"name\":\"El Diario - Decano de la prensa nacional\",\"url\":\"https:\\\/\\\/www.eldiario.net\\\/portal\\\/\",\"logo\":{\"@type\":\"ImageObject\",\"inLanguage\":\"es\",\"@id\":\"https:\\\/\\\/www.eldiario.net\\\/portal\\\/#\\\/schema\\\/logo\\\/image\\\/\",\"url\":\"https:\\\/\\\/www.eldiario.net\\\/portal\\\/wp-content\\\/uploads\\\/2023\\\/07\\\/logo_ED.jpg\",\"contentUrl\":\"https:\\\/\\\/www.eldiario.net\\\/portal\\\/wp-content\\\/uploads\\\/2023\\\/07\\\/logo_ED.jpg\",\"width\":272,\"height\":52,\"caption\":\"El Diario - Decano de la prensa nacional\"},\"image\":{\"@id\":\"https:\\\/\\\/www.eldiario.net\\\/portal\\\/#\\\/schema\\\/logo\\\/image\\\/\"},\"sameAs\":[\"https:\\\/\\\/www.facebook.com\\\/eldiario.bolivia\\\/\",\"https:\\\/\\\/x.com\\\/eldiario_net\"]},{\"@type\":\"Person\",\"@id\":\"https:\\\/\\\/www.eldiario.net\\\/portal\\\/#\\\/schema\\\/person\\\/f46445640444750d7d753ccd04ae01b7\",\"name\":\"Jeanette\",\"image\":{\"@type\":\"ImageObject\",\"inLanguage\":\"es\",\"@id\":\"https:\\\/\\\/secure.gravatar.com\\\/avatar\\\/3ea2118a5f7dad2b7138b1187a6b7ee55f160b9968b66013c3a3ef39dd7e5798?s=96&d=mm&r=g\",\"url\":\"https:\\\/\\\/secure.gravatar.com\\\/avatar\\\/3ea2118a5f7dad2b7138b1187a6b7ee55f160b9968b66013c3a3ef39dd7e5798?s=96&d=mm&r=g\",\"contentUrl\":\"https:\\\/\\\/secure.gravatar.com\\\/avatar\\\/3ea2118a5f7dad2b7138b1187a6b7ee55f160b9968b66013c3a3ef39dd7e5798?s=96&d=mm&r=g\",\"caption\":\"Jeanette\"},\"sameAs\":[\"https:\\\/\\\/www.eldiario.net\\\/portal\"],\"url\":\"https:\\\/\\\/www.eldiario.net\\\/portal\\\/author\\\/jeanette\\\/\"}]}<\/script>\n<!-- \/ Yoast SEO plugin. -->","yoast_head_json":{"title":"B2B elige a Kreab como Mejor Consultora en Comunicaci\u00f3n - El Diario - Bolivia","robots":{"index":"index","follow":"follow","max-snippet":"max-snippet:-1","max-image-preview":"max-image-preview:large","max-video-preview":"max-video-preview:-1"},"canonical":"https:\/\/www.eldiario.net\/portal\/2024\/01\/22\/b2b-elige-a-kreab-como-mejor-consultora-en-comunicacion\/","og_locale":"es_ES","og_type":"article","og_title":"B2B elige a Kreab como Mejor Consultora en Comunicaci\u00f3n - El Diario - Bolivia","og_description":"Kreab inicia el a\u00f1o con una grata noticia, ya que 272 ejecutivos de 100 empresas destacadas del pa\u00eds, que forman parte del estudio Best Brand 2023, m\u00e1s conocido como B2B, la eligieron como la Mejor Consultora de Comunicaci\u00f3n Corporativa de Bolivia. Con m\u00e1s de 15 a\u00f1os de presencia en Bolivia y una trayectoria global que [&hellip;]","og_url":"https:\/\/www.eldiario.net\/portal\/2024\/01\/22\/b2b-elige-a-kreab-como-mejor-consultora-en-comunicacion\/","og_site_name":"El Diario - Bolivia","article_publisher":"https:\/\/www.facebook.com\/eldiario.bolivia\/","article_published_time":"2024-01-22T10:55:43+00:00","og_image":[{"width":1280,"height":914,"url":"https:\/\/www.eldiario.net\/portal\/wp-content\/uploads\/2024\/01\/KREAB.jpg","type":"image\/jpeg"}],"author":"Jeanette","twitter_card":"summary_large_image","twitter_creator":"@eldiario_net","twitter_site":"@eldiario_net","twitter_misc":{"Escrito por":"Jeanette","Tiempo de lectura":"2 minutos"},"schema":{"@context":"https:\/\/schema.org","@graph":[{"@type":"Article","@id":"https:\/\/www.eldiario.net\/portal\/2024\/01\/22\/b2b-elige-a-kreab-como-mejor-consultora-en-comunicacion\/#article","isPartOf":{"@id":"https:\/\/www.eldiario.net\/portal\/2024\/01\/22\/b2b-elige-a-kreab-como-mejor-consultora-en-comunicacion\/"},"author":{"name":"Jeanette","@id":"https:\/\/www.eldiario.net\/portal\/#\/schema\/person\/f46445640444750d7d753ccd04ae01b7"},"headline":"B2B elige a Kreab como Mejor Consultora en Comunicaci\u00f3n","datePublished":"2024-01-22T10:55:43+00:00","mainEntityOfPage":{"@id":"https:\/\/www.eldiario.net\/portal\/2024\/01\/22\/b2b-elige-a-kreab-como-mejor-consultora-en-comunicacion\/"},"wordCount":357,"commentCount":0,"publisher":{"@id":"https:\/\/www.eldiario.net\/portal\/#organization"},"image":{"@id":"https:\/\/www.eldiario.net\/portal\/2024\/01\/22\/b2b-elige-a-kreab-como-mejor-consultora-en-comunicacion\/#primaryimage"},"thumbnailUrl":"https:\/\/www.eldiario.net\/portal\/wp-content\/uploads\/2024\/01\/KREAB.jpg","articleSection":["Sociales"],"inLanguage":"es","potentialAction":[{"@type":"CommentAction","name":"Comment","target":["https:\/\/www.eldiario.net\/portal\/2024\/01\/22\/b2b-elige-a-kreab-como-mejor-consultora-en-comunicacion\/#respond"]}]},{"@type":"WebPage","@id":"https:\/\/www.eldiario.net\/portal\/2024\/01\/22\/b2b-elige-a-kreab-como-mejor-consultora-en-comunicacion\/","url":"https:\/\/www.eldiario.net\/portal\/2024\/01\/22\/b2b-elige-a-kreab-como-mejor-consultora-en-comunicacion\/","name":"B2B elige a Kreab como Mejor Consultora en Comunicaci\u00f3n - El Diario - Bolivia","isPartOf":{"@id":"https:\/\/www.eldiario.net\/portal\/#website"},"primaryImageOfPage":{"@id":"https:\/\/www.eldiario.net\/portal\/2024\/01\/22\/b2b-elige-a-kreab-como-mejor-consultora-en-comunicacion\/#primaryimage"},"image":{"@id":"https:\/\/www.eldiario.net\/portal\/2024\/01\/22\/b2b-elige-a-kreab-como-mejor-consultora-en-comunicacion\/#primaryimage"},"thumbnailUrl":"https:\/\/www.eldiario.net\/portal\/wp-content\/uploads\/2024\/01\/KREAB.jpg","datePublished":"2024-01-22T10:55:43+00:00","breadcrumb":{"@id":"https:\/\/www.eldiario.net\/portal\/2024\/01\/22\/b2b-elige-a-kreab-como-mejor-consultora-en-comunicacion\/#breadcrumb"},"inLanguage":"es","potentialAction":[{"@type":"ReadAction","target":["https:\/\/www.eldiario.net\/portal\/2024\/01\/22\/b2b-elige-a-kreab-como-mejor-consultora-en-comunicacion\/"]}]},{"@type":"ImageObject","inLanguage":"es","@id":"https:\/\/www.eldiario.net\/portal\/2024\/01\/22\/b2b-elige-a-kreab-como-mejor-consultora-en-comunicacion\/#primaryimage","url":"https:\/\/www.eldiario.net\/portal\/wp-content\/uploads\/2024\/01\/KREAB.jpg","contentUrl":"https:\/\/www.eldiario.net\/portal\/wp-content\/uploads\/2024\/01\/KREAB.jpg","width":1280,"height":914},{"@type":"BreadcrumbList","@id":"https:\/\/www.eldiario.net\/portal\/2024\/01\/22\/b2b-elige-a-kreab-como-mejor-consultora-en-comunicacion\/#breadcrumb","itemListElement":[{"@type":"ListItem","position":1,"name":"Portada","item":"https:\/\/www.eldiario.net\/portal\/"},{"@type":"ListItem","position":2,"name":"B2B elige a Kreab como Mejor Consultora en Comunicaci\u00f3n"}]},{"@type":"WebSite","@id":"https:\/\/www.eldiario.net\/portal\/#website","url":"https:\/\/www.eldiario.net\/portal\/","name":"El Diario - Decano de la prensa nacional","description":"El Diario - Decano de la prensa nacional","publisher":{"@id":"https:\/\/www.eldiario.net\/portal\/#organization"},"potentialAction":[{"@type":"SearchAction","target":{"@type":"EntryPoint","urlTemplate":"https:\/\/www.eldiario.net\/portal\/?s={search_term_string}"},"query-input":{"@type":"PropertyValueSpecification","valueRequired":true,"valueName":"search_term_string"}}],"inLanguage":"es"},{"@type":"Organization","@id":"https:\/\/www.eldiario.net\/portal\/#organization","name":"El Diario - Decano de la prensa nacional","url":"https:\/\/www.eldiario.net\/portal\/","logo":{"@type":"ImageObject","inLanguage":"es","@id":"https:\/\/www.eldiario.net\/portal\/#\/schema\/logo\/image\/","url":"https:\/\/www.eldiario.net\/portal\/wp-content\/uploads\/2023\/07\/logo_ED.jpg","contentUrl":"https:\/\/www.eldiario.net\/portal\/wp-content\/uploads\/2023\/07\/logo_ED.jpg","width":272,"height":52,"caption":"El Diario - Decano de la prensa nacional"},"image":{"@id":"https:\/\/www.eldiario.net\/portal\/#\/schema\/logo\/image\/"},"sameAs":["https:\/\/www.facebook.com\/eldiario.bolivia\/","https:\/\/x.com\/eldiario_net"]},{"@type":"Person","@id":"https:\/\/www.eldiario.net\/portal\/#\/schema\/person\/f46445640444750d7d753ccd04ae01b7","name":"Jeanette","image":{"@type":"ImageObject","inLanguage":"es","@id":"https:\/\/secure.gravatar.com\/avatar\/3ea2118a5f7dad2b7138b1187a6b7ee55f160b9968b66013c3a3ef39dd7e5798?s=96&d=mm&r=g","url":"https:\/\/secure.gravatar.com\/avatar\/3ea2118a5f7dad2b7138b1187a6b7ee55f160b9968b66013c3a3ef39dd7e5798?s=96&d=mm&r=g","contentUrl":"https:\/\/secure.gravatar.com\/avatar\/3ea2118a5f7dad2b7138b1187a6b7ee55f160b9968b66013c3a3ef39dd7e5798?s=96&d=mm&r=g","caption":"Jeanette"},"sameAs":["https:\/\/www.eldiario.net\/portal"],"url":"https:\/\/www.eldiario.net\/portal\/author\/jeanette\/"}]}},"_links":{"self":[{"href":"https:\/\/www.eldiario.net\/portal\/wp-json\/wp\/v2\/posts\/198999","targetHints":{"allow":["GET"]}}],"collection":[{"href":"https:\/\/www.eldiario.net\/portal\/wp-json\/wp\/v2\/posts"}],"about":[{"href":"https:\/\/www.eldiario.net\/portal\/wp-json\/wp\/v2\/types\/post"}],"author":[{"embeddable":true,"href":"https:\/\/www.eldiario.net\/portal\/wp-json\/wp\/v2\/users\/1"}],"replies":[{"embeddable":true,"href":"https:\/\/www.eldiario.net\/portal\/wp-json\/wp\/v2\/comments?post=198999"}],"version-history":[{"count":1,"href":"https:\/\/www.eldiario.net\/portal\/wp-json\/wp\/v2\/posts\/198999\/revisions"}],"predecessor-version":[{"id":199001,"href":"https:\/\/www.eldiario.net\/portal\/wp-json\/wp\/v2\/posts\/198999\/revisions\/199001"}],"wp:featuredmedia":[{"embeddable":true,"href":"https:\/\/www.eldiario.net\/portal\/wp-json\/wp\/v2\/media\/199000"}],"wp:attachment":[{"href":"https:\/\/www.eldiario.net\/portal\/wp-json\/wp\/v2\/media?parent=198999"}],"wp:term":[{"taxonomy":"category","embeddable":true,"href":"https:\/\/www.eldiario.net\/portal\/wp-json\/wp\/v2\/categories?post=198999"},{"taxonomy":"post_tag","embeddable":true,"href":"https:\/\/www.eldiario.net\/portal\/wp-json\/wp\/v2\/tags?post=198999"}],"curies":[{"name":"wp","href":"https:\/\/api.w.org\/{rel}","templated":true}]}}