{"id":198996,"date":"2024-01-22T06:54:58","date_gmt":"2024-01-22T10:54:58","guid":{"rendered":"https:\/\/www.eldiario.net\/portal\/?p=198996"},"modified":"2024-01-22T06:54:58","modified_gmt":"2024-01-22T10:54:58","slug":"graduacion-en-el-colegio-hernando-siles-reyes","status":"publish","type":"post","link":"https:\/\/www.eldiario.net\/portal\/2024\/01\/22\/graduacion-en-el-colegio-hernando-siles-reyes\/","title":{"rendered":"Graduaci\u00f3n en el colegio Hernando Siles Reyes"},"content":{"rendered":"<p>los j\u00f3venes estudiantes del sexto de secundaria \u201cc\u201d del colegio hernando siles reyes recibieron sus diplomas que los acreditan como bachilleres en humanidades, en emotivo acto.<br \/>\nadriana avellaneda aguilar y sus compa\u00f1eros de curso expresaron su agradecimiento por la ense\u00f1anza que dejaron sus profesores en su vida estudiantil, manifestando que est\u00e1n plenamente preparados para el siguiente desaf\u00edo, como es el estudio en la universidad.<br \/>\nla asesora del 6to \u00abc\u00bb de secundaria, sonia chambi, tambi\u00e9n ponder\u00f3 este primer paso concretado por los estudiantes, instando a no bajar los brazos.<\/p>\n","protected":false},"excerpt":{"rendered":"<p>los j\u00f3venes estudiantes del sexto de secundaria \u201cc\u201d del colegio hernando siles reyes recibieron sus diplomas que los acreditan como bachilleres en humanidades, en emotivo acto. adriana avellaneda aguilar y sus compa\u00f1eros de curso expresaron su agradecimiento por la ense\u00f1anza que dejaron sus profesores en su vida estudiantil, manifestando que est\u00e1n plenamente preparados para el [&hellip;]<\/p>\n","protected":false},"author":1,"featured_media":198997,"comment_status":"open","ping_status":"open","sticky":false,"template":"","format":"standard","meta":{"_acf_changed":false,"footnotes":""},"categories":[40],"tags":[],"class_list":["post-198996","post","type-post","status-publish","format-standard","has-post-thumbnail","category-sociales"],"acf":{"antetitulo":""},"yoast_head":"<!-- This site is optimized with the Yoast SEO plugin v28.3 - https:\/\/yoast.com\/product\/yoast-seo-wordpress\/ -->\n<title>Graduaci\u00f3n en el colegio Hernando Siles Reyes - El Diario - Bolivia<\/title>\n<meta name=\"robots\" content=\"index, follow, max-snippet:-1, max-image-preview:large, max-video-preview:-1\" \/>\n<link rel=\"canonical\" href=\"https:\/\/www.eldiario.net\/portal\/2024\/01\/22\/graduacion-en-el-colegio-hernando-siles-reyes\/\" \/>\n<meta property=\"og:locale\" content=\"es_ES\" \/>\n<meta property=\"og:type\" content=\"article\" \/>\n<meta property=\"og:title\" content=\"Graduaci\u00f3n en el colegio Hernando Siles Reyes - El Diario - Bolivia\" \/>\n<meta property=\"og:description\" content=\"los j\u00f3venes estudiantes del sexto de secundaria \u201cc\u201d del colegio hernando siles reyes recibieron sus diplomas que los acreditan como bachilleres en humanidades, en emotivo acto. adriana avellaneda aguilar y sus compa\u00f1eros de curso expresaron su agradecimiento por la ense\u00f1anza que dejaron sus profesores en su vida estudiantil, manifestando que est\u00e1n plenamente preparados para el [&hellip;]\" \/>\n<meta property=\"og:url\" content=\"https:\/\/www.eldiario.net\/portal\/2024\/01\/22\/graduacion-en-el-colegio-hernando-siles-reyes\/\" \/>\n<meta property=\"og:site_name\" content=\"El Diario - Bolivia\" \/>\n<meta property=\"article:publisher\" content=\"https:\/\/www.facebook.com\/eldiario.bolivia\/\" \/>\n<meta property=\"article:published_time\" content=\"2024-01-22T10:54:58+00:00\" \/>\n<meta property=\"og:image\" content=\"https:\/\/www.eldiario.net\/portal\/wp-content\/uploads\/2024\/01\/PROMOCION.jpg\" \/>\n\t<meta property=\"og:image:width\" content=\"1600\" \/>\n\t<meta property=\"og:image:height\" content=\"956\" \/>\n\t<meta property=\"og:image:type\" content=\"image\/jpeg\" \/>\n<meta name=\"author\" content=\"Jeanette\" \/>\n<meta name=\"twitter:card\" content=\"summary_large_image\" \/>\n<meta name=\"twitter:creator\" content=\"@eldiario_net\" \/>\n<meta name=\"twitter:site\" content=\"@eldiario_net\" \/>\n<meta name=\"twitter:label1\" content=\"Escrito por\" \/>\n\t<meta name=\"twitter:data1\" content=\"Jeanette\" \/>\n\t<meta name=\"twitter:label2\" content=\"Tiempo de lectura\" \/>\n\t<meta name=\"twitter:data2\" content=\"1 minuto\" \/>\n<script type=\"application\/ld+json\" class=\"yoast-schema-graph\">{\"@context\":\"https:\\\/\\\/schema.org\",\"@graph\":[{\"@type\":\"Article\",\"@id\":\"https:\\\/\\\/www.eldiario.net\\\/portal\\\/2024\\\/01\\\/22\\\/graduacion-en-el-colegio-hernando-siles-reyes\\\/#article\",\"isPartOf\":{\"@id\":\"https:\\\/\\\/www.eldiario.net\\\/portal\\\/2024\\\/01\\\/22\\\/graduacion-en-el-colegio-hernando-siles-reyes\\\/\"},\"author\":{\"name\":\"Jeanette\",\"@id\":\"https:\\\/\\\/www.eldiario.net\\\/portal\\\/#\\\/schema\\\/person\\\/f46445640444750d7d753ccd04ae01b7\"},\"headline\":\"Graduaci\u00f3n en el colegio Hernando Siles Reyes\",\"datePublished\":\"2024-01-22T10:54:58+00:00\",\"mainEntityOfPage\":{\"@id\":\"https:\\\/\\\/www.eldiario.net\\\/portal\\\/2024\\\/01\\\/22\\\/graduacion-en-el-colegio-hernando-siles-reyes\\\/\"},\"wordCount\":102,\"commentCount\":0,\"publisher\":{\"@id\":\"https:\\\/\\\/www.eldiario.net\\\/portal\\\/#organization\"},\"image\":{\"@id\":\"https:\\\/\\\/www.eldiario.net\\\/portal\\\/2024\\\/01\\\/22\\\/graduacion-en-el-colegio-hernando-siles-reyes\\\/#primaryimage\"},\"thumbnailUrl\":\"https:\\\/\\\/www.eldiario.net\\\/portal\\\/wp-content\\\/uploads\\\/2024\\\/01\\\/PROMOCION.jpg\",\"articleSection\":[\"Sociales\"],\"inLanguage\":\"es\",\"potentialAction\":[{\"@type\":\"CommentAction\",\"name\":\"Comment\",\"target\":[\"https:\\\/\\\/www.eldiario.net\\\/portal\\\/2024\\\/01\\\/22\\\/graduacion-en-el-colegio-hernando-siles-reyes\\\/#respond\"]}]},{\"@type\":\"WebPage\",\"@id\":\"https:\\\/\\\/www.eldiario.net\\\/portal\\\/2024\\\/01\\\/22\\\/graduacion-en-el-colegio-hernando-siles-reyes\\\/\",\"url\":\"https:\\\/\\\/www.eldiario.net\\\/portal\\\/2024\\\/01\\\/22\\\/graduacion-en-el-colegio-hernando-siles-reyes\\\/\",\"name\":\"Graduaci\u00f3n en el colegio Hernando Siles Reyes - El Diario - Bolivia\",\"isPartOf\":{\"@id\":\"https:\\\/\\\/www.eldiario.net\\\/portal\\\/#website\"},\"primaryImageOfPage\":{\"@id\":\"https:\\\/\\\/www.eldiario.net\\\/portal\\\/2024\\\/01\\\/22\\\/graduacion-en-el-colegio-hernando-siles-reyes\\\/#primaryimage\"},\"image\":{\"@id\":\"https:\\\/\\\/www.eldiario.net\\\/portal\\\/2024\\\/01\\\/22\\\/graduacion-en-el-colegio-hernando-siles-reyes\\\/#primaryimage\"},\"thumbnailUrl\":\"https:\\\/\\\/www.eldiario.net\\\/portal\\\/wp-content\\\/uploads\\\/2024\\\/01\\\/PROMOCION.jpg\",\"datePublished\":\"2024-01-22T10:54:58+00:00\",\"breadcrumb\":{\"@id\":\"https:\\\/\\\/www.eldiario.net\\\/portal\\\/2024\\\/01\\\/22\\\/graduacion-en-el-colegio-hernando-siles-reyes\\\/#breadcrumb\"},\"inLanguage\":\"es\",\"potentialAction\":[{\"@type\":\"ReadAction\",\"target\":[\"https:\\\/\\\/www.eldiario.net\\\/portal\\\/2024\\\/01\\\/22\\\/graduacion-en-el-colegio-hernando-siles-reyes\\\/\"]}]},{\"@type\":\"ImageObject\",\"inLanguage\":\"es\",\"@id\":\"https:\\\/\\\/www.eldiario.net\\\/portal\\\/2024\\\/01\\\/22\\\/graduacion-en-el-colegio-hernando-siles-reyes\\\/#primaryimage\",\"url\":\"https:\\\/\\\/www.eldiario.net\\\/portal\\\/wp-content\\\/uploads\\\/2024\\\/01\\\/PROMOCION.jpg\",\"contentUrl\":\"https:\\\/\\\/www.eldiario.net\\\/portal\\\/wp-content\\\/uploads\\\/2024\\\/01\\\/PROMOCION.jpg\",\"width\":1600,\"height\":956},{\"@type\":\"BreadcrumbList\",\"@id\":\"https:\\\/\\\/www.eldiario.net\\\/portal\\\/2024\\\/01\\\/22\\\/graduacion-en-el-colegio-hernando-siles-reyes\\\/#breadcrumb\",\"itemListElement\":[{\"@type\":\"ListItem\",\"position\":1,\"name\":\"Portada\",\"item\":\"https:\\\/\\\/www.eldiario.net\\\/portal\\\/\"},{\"@type\":\"ListItem\",\"position\":2,\"name\":\"Graduaci\u00f3n en el colegio Hernando Siles Reyes\"}]},{\"@type\":\"WebSite\",\"@id\":\"https:\\\/\\\/www.eldiario.net\\\/portal\\\/#website\",\"url\":\"https:\\\/\\\/www.eldiario.net\\\/portal\\\/\",\"name\":\"El Diario - Decano de la prensa nacional\",\"description\":\"El Diario - Decano de la prensa nacional\",\"publisher\":{\"@id\":\"https:\\\/\\\/www.eldiario.net\\\/portal\\\/#organization\"},\"potentialAction\":[{\"@type\":\"SearchAction\",\"target\":{\"@type\":\"EntryPoint\",\"urlTemplate\":\"https:\\\/\\\/www.eldiario.net\\\/portal\\\/?s={search_term_string}\"},\"query-input\":{\"@type\":\"PropertyValueSpecification\",\"valueRequired\":true,\"valueName\":\"search_term_string\"}}],\"inLanguage\":\"es\"},{\"@type\":\"Organization\",\"@id\":\"https:\\\/\\\/www.eldiario.net\\\/portal\\\/#organization\",\"name\":\"El Diario - Decano de la prensa nacional\",\"url\":\"https:\\\/\\\/www.eldiario.net\\\/portal\\\/\",\"logo\":{\"@type\":\"ImageObject\",\"inLanguage\":\"es\",\"@id\":\"https:\\\/\\\/www.eldiario.net\\\/portal\\\/#\\\/schema\\\/logo\\\/image\\\/\",\"url\":\"https:\\\/\\\/www.eldiario.net\\\/portal\\\/wp-content\\\/uploads\\\/2023\\\/07\\\/logo_ED.jpg\",\"contentUrl\":\"https:\\\/\\\/www.eldiario.net\\\/portal\\\/wp-content\\\/uploads\\\/2023\\\/07\\\/logo_ED.jpg\",\"width\":272,\"height\":52,\"caption\":\"El Diario - Decano de la prensa nacional\"},\"image\":{\"@id\":\"https:\\\/\\\/www.eldiario.net\\\/portal\\\/#\\\/schema\\\/logo\\\/image\\\/\"},\"sameAs\":[\"https:\\\/\\\/www.facebook.com\\\/eldiario.bolivia\\\/\",\"https:\\\/\\\/x.com\\\/eldiario_net\"]},{\"@type\":\"Person\",\"@id\":\"https:\\\/\\\/www.eldiario.net\\\/portal\\\/#\\\/schema\\\/person\\\/f46445640444750d7d753ccd04ae01b7\",\"name\":\"Jeanette\",\"image\":{\"@type\":\"ImageObject\",\"inLanguage\":\"es\",\"@id\":\"https:\\\/\\\/secure.gravatar.com\\\/avatar\\\/3ea2118a5f7dad2b7138b1187a6b7ee55f160b9968b66013c3a3ef39dd7e5798?s=96&d=mm&r=g\",\"url\":\"https:\\\/\\\/secure.gravatar.com\\\/avatar\\\/3ea2118a5f7dad2b7138b1187a6b7ee55f160b9968b66013c3a3ef39dd7e5798?s=96&d=mm&r=g\",\"contentUrl\":\"https:\\\/\\\/secure.gravatar.com\\\/avatar\\\/3ea2118a5f7dad2b7138b1187a6b7ee55f160b9968b66013c3a3ef39dd7e5798?s=96&d=mm&r=g\",\"caption\":\"Jeanette\"},\"sameAs\":[\"https:\\\/\\\/www.eldiario.net\\\/portal\"],\"url\":\"https:\\\/\\\/www.eldiario.net\\\/portal\\\/author\\\/jeanette\\\/\"}]}<\/script>\n<!-- \/ Yoast SEO plugin. -->","yoast_head_json":{"title":"Graduaci\u00f3n en el colegio Hernando Siles Reyes - El Diario - Bolivia","robots":{"index":"index","follow":"follow","max-snippet":"max-snippet:-1","max-image-preview":"max-image-preview:large","max-video-preview":"max-video-preview:-1"},"canonical":"https:\/\/www.eldiario.net\/portal\/2024\/01\/22\/graduacion-en-el-colegio-hernando-siles-reyes\/","og_locale":"es_ES","og_type":"article","og_title":"Graduaci\u00f3n en el colegio Hernando Siles Reyes - El Diario - Bolivia","og_description":"los j\u00f3venes estudiantes del sexto de secundaria \u201cc\u201d del colegio hernando siles reyes recibieron sus diplomas que los acreditan como bachilleres en humanidades, en emotivo acto. adriana avellaneda aguilar y sus compa\u00f1eros de curso expresaron su agradecimiento por la ense\u00f1anza que dejaron sus profesores en su vida estudiantil, manifestando que est\u00e1n plenamente preparados para el [&hellip;]","og_url":"https:\/\/www.eldiario.net\/portal\/2024\/01\/22\/graduacion-en-el-colegio-hernando-siles-reyes\/","og_site_name":"El Diario - Bolivia","article_publisher":"https:\/\/www.facebook.com\/eldiario.bolivia\/","article_published_time":"2024-01-22T10:54:58+00:00","og_image":[{"width":1600,"height":956,"url":"https:\/\/www.eldiario.net\/portal\/wp-content\/uploads\/2024\/01\/PROMOCION.jpg","type":"image\/jpeg"}],"author":"Jeanette","twitter_card":"summary_large_image","twitter_creator":"@eldiario_net","twitter_site":"@eldiario_net","twitter_misc":{"Escrito por":"Jeanette","Tiempo de lectura":"1 minuto"},"schema":{"@context":"https:\/\/schema.org","@graph":[{"@type":"Article","@id":"https:\/\/www.eldiario.net\/portal\/2024\/01\/22\/graduacion-en-el-colegio-hernando-siles-reyes\/#article","isPartOf":{"@id":"https:\/\/www.eldiario.net\/portal\/2024\/01\/22\/graduacion-en-el-colegio-hernando-siles-reyes\/"},"author":{"name":"Jeanette","@id":"https:\/\/www.eldiario.net\/portal\/#\/schema\/person\/f46445640444750d7d753ccd04ae01b7"},"headline":"Graduaci\u00f3n en el colegio Hernando Siles Reyes","datePublished":"2024-01-22T10:54:58+00:00","mainEntityOfPage":{"@id":"https:\/\/www.eldiario.net\/portal\/2024\/01\/22\/graduacion-en-el-colegio-hernando-siles-reyes\/"},"wordCount":102,"commentCount":0,"publisher":{"@id":"https:\/\/www.eldiario.net\/portal\/#organization"},"image":{"@id":"https:\/\/www.eldiario.net\/portal\/2024\/01\/22\/graduacion-en-el-colegio-hernando-siles-reyes\/#primaryimage"},"thumbnailUrl":"https:\/\/www.eldiario.net\/portal\/wp-content\/uploads\/2024\/01\/PROMOCION.jpg","articleSection":["Sociales"],"inLanguage":"es","potentialAction":[{"@type":"CommentAction","name":"Comment","target":["https:\/\/www.eldiario.net\/portal\/2024\/01\/22\/graduacion-en-el-colegio-hernando-siles-reyes\/#respond"]}]},{"@type":"WebPage","@id":"https:\/\/www.eldiario.net\/portal\/2024\/01\/22\/graduacion-en-el-colegio-hernando-siles-reyes\/","url":"https:\/\/www.eldiario.net\/portal\/2024\/01\/22\/graduacion-en-el-colegio-hernando-siles-reyes\/","name":"Graduaci\u00f3n en el colegio Hernando Siles Reyes - El Diario - Bolivia","isPartOf":{"@id":"https:\/\/www.eldiario.net\/portal\/#website"},"primaryImageOfPage":{"@id":"https:\/\/www.eldiario.net\/portal\/2024\/01\/22\/graduacion-en-el-colegio-hernando-siles-reyes\/#primaryimage"},"image":{"@id":"https:\/\/www.eldiario.net\/portal\/2024\/01\/22\/graduacion-en-el-colegio-hernando-siles-reyes\/#primaryimage"},"thumbnailUrl":"https:\/\/www.eldiario.net\/portal\/wp-content\/uploads\/2024\/01\/PROMOCION.jpg","datePublished":"2024-01-22T10:54:58+00:00","breadcrumb":{"@id":"https:\/\/www.eldiario.net\/portal\/2024\/01\/22\/graduacion-en-el-colegio-hernando-siles-reyes\/#breadcrumb"},"inLanguage":"es","potentialAction":[{"@type":"ReadAction","target":["https:\/\/www.eldiario.net\/portal\/2024\/01\/22\/graduacion-en-el-colegio-hernando-siles-reyes\/"]}]},{"@type":"ImageObject","inLanguage":"es","@id":"https:\/\/www.eldiario.net\/portal\/2024\/01\/22\/graduacion-en-el-colegio-hernando-siles-reyes\/#primaryimage","url":"https:\/\/www.eldiario.net\/portal\/wp-content\/uploads\/2024\/01\/PROMOCION.jpg","contentUrl":"https:\/\/www.eldiario.net\/portal\/wp-content\/uploads\/2024\/01\/PROMOCION.jpg","width":1600,"height":956},{"@type":"BreadcrumbList","@id":"https:\/\/www.eldiario.net\/portal\/2024\/01\/22\/graduacion-en-el-colegio-hernando-siles-reyes\/#breadcrumb","itemListElement":[{"@type":"ListItem","position":1,"name":"Portada","item":"https:\/\/www.eldiario.net\/portal\/"},{"@type":"ListItem","position":2,"name":"Graduaci\u00f3n en el colegio Hernando Siles Reyes"}]},{"@type":"WebSite","@id":"https:\/\/www.eldiario.net\/portal\/#website","url":"https:\/\/www.eldiario.net\/portal\/","name":"El Diario - Decano de la prensa nacional","description":"El Diario - Decano de la prensa nacional","publisher":{"@id":"https:\/\/www.eldiario.net\/portal\/#organization"},"potentialAction":[{"@type":"SearchAction","target":{"@type":"EntryPoint","urlTemplate":"https:\/\/www.eldiario.net\/portal\/?s={search_term_string}"},"query-input":{"@type":"PropertyValueSpecification","valueRequired":true,"valueName":"search_term_string"}}],"inLanguage":"es"},{"@type":"Organization","@id":"https:\/\/www.eldiario.net\/portal\/#organization","name":"El Diario - Decano de la prensa nacional","url":"https:\/\/www.eldiario.net\/portal\/","logo":{"@type":"ImageObject","inLanguage":"es","@id":"https:\/\/www.eldiario.net\/portal\/#\/schema\/logo\/image\/","url":"https:\/\/www.eldiario.net\/portal\/wp-content\/uploads\/2023\/07\/logo_ED.jpg","contentUrl":"https:\/\/www.eldiario.net\/portal\/wp-content\/uploads\/2023\/07\/logo_ED.jpg","width":272,"height":52,"caption":"El Diario - Decano de la prensa nacional"},"image":{"@id":"https:\/\/www.eldiario.net\/portal\/#\/schema\/logo\/image\/"},"sameAs":["https:\/\/www.facebook.com\/eldiario.bolivia\/","https:\/\/x.com\/eldiario_net"]},{"@type":"Person","@id":"https:\/\/www.eldiario.net\/portal\/#\/schema\/person\/f46445640444750d7d753ccd04ae01b7","name":"Jeanette","image":{"@type":"ImageObject","inLanguage":"es","@id":"https:\/\/secure.gravatar.com\/avatar\/3ea2118a5f7dad2b7138b1187a6b7ee55f160b9968b66013c3a3ef39dd7e5798?s=96&d=mm&r=g","url":"https:\/\/secure.gravatar.com\/avatar\/3ea2118a5f7dad2b7138b1187a6b7ee55f160b9968b66013c3a3ef39dd7e5798?s=96&d=mm&r=g","contentUrl":"https:\/\/secure.gravatar.com\/avatar\/3ea2118a5f7dad2b7138b1187a6b7ee55f160b9968b66013c3a3ef39dd7e5798?s=96&d=mm&r=g","caption":"Jeanette"},"sameAs":["https:\/\/www.eldiario.net\/portal"],"url":"https:\/\/www.eldiario.net\/portal\/author\/jeanette\/"}]}},"_links":{"self":[{"href":"https:\/\/www.eldiario.net\/portal\/wp-json\/wp\/v2\/posts\/198996","targetHints":{"allow":["GET"]}}],"collection":[{"href":"https:\/\/www.eldiario.net\/portal\/wp-json\/wp\/v2\/posts"}],"about":[{"href":"https:\/\/www.eldiario.net\/portal\/wp-json\/wp\/v2\/types\/post"}],"author":[{"embeddable":true,"href":"https:\/\/www.eldiario.net\/portal\/wp-json\/wp\/v2\/users\/1"}],"replies":[{"embeddable":true,"href":"https:\/\/www.eldiario.net\/portal\/wp-json\/wp\/v2\/comments?post=198996"}],"version-history":[{"count":1,"href":"https:\/\/www.eldiario.net\/portal\/wp-json\/wp\/v2\/posts\/198996\/revisions"}],"predecessor-version":[{"id":198998,"href":"https:\/\/www.eldiario.net\/portal\/wp-json\/wp\/v2\/posts\/198996\/revisions\/198998"}],"wp:featuredmedia":[{"embeddable":true,"href":"https:\/\/www.eldiario.net\/portal\/wp-json\/wp\/v2\/media\/198997"}],"wp:attachment":[{"href":"https:\/\/www.eldiario.net\/portal\/wp-json\/wp\/v2\/media?parent=198996"}],"wp:term":[{"taxonomy":"category","embeddable":true,"href":"https:\/\/www.eldiario.net\/portal\/wp-json\/wp\/v2\/categories?post=198996"},{"taxonomy":"post_tag","embeddable":true,"href":"https:\/\/www.eldiario.net\/portal\/wp-json\/wp\/v2\/tags?post=198996"}],"curies":[{"name":"wp","href":"https:\/\/api.w.org\/{rel}","templated":true}]}}