{"id":198981,"date":"2024-01-22T06:43:43","date_gmt":"2024-01-22T10:43:43","guid":{"rendered":"https:\/\/www.eldiario.net\/portal\/?p=198981"},"modified":"2024-01-22T06:43:50","modified_gmt":"2024-01-22T10:43:50","slug":"futbol-espanol-real-madrid-vence-al-almeria","status":"publish","type":"post","link":"https:\/\/www.eldiario.net\/portal\/2024\/01\/22\/futbol-espanol-real-madrid-vence-al-almeria\/","title":{"rendered":"F\u00daTBOL ESPA\u00d1OL: Real Madrid vence al Almer\u00eda"},"content":{"rendered":"<p>&nbsp;<\/p>\n<p>El duelo de la jornada 21 de La Liga entre Real Madrid y Almer\u00eda se planteaba en la previa como un f\u00e1cil triunfo del \u00abmerengue\u00bb. Los madrile\u00f1os pelean palmo a palmo la punta con el Girona, mientras el \u00abalbirrojo\u00bb no acumulaba triunfos en el campeonato.<br \/>\nSin embargo, el Santiago Bernab\u00e9u ayer vivi\u00f3 un domingo de sorpresas.<br \/>\nLa primera mitad del local fue mala y la visita aprovech\u00f3 sus opciones para adelantarse por 2-0. A los 38 segundos, Largie Ramazani abri\u00f3 la cuenta y Edgar Gonz\u00e1lez estir\u00f3 las diferencias a los 44 minutos. Real Madrid se fue al descanso bajo una lluvia de pitidos. En la segunda parte, Carlo Ancelotti movi\u00f3 r\u00e1pidamente el banquillo y cambi\u00f3 la historia.<br \/>\nA los 55 minutos, el VAR llam\u00f3 al juez principal por una mano en el \u00e1rea del Almer\u00eda y sancion\u00f3 penal para el Merengue. Jude Bellingham no fall\u00f3 y descont\u00f3.<br \/>\nSiete minutos despu\u00e9s, Vinicius J\u00fanior puso el 2-2 en una nueva jugada analizada. El colegiado convalid\u00f3 el tanto entendiendo de que no hubo falta ni mano del brasile\u00f1o. La visita, por supuesto, estall\u00f3.<br \/>\nPor el tiempo perdido se adicionaron 11 minutos y al noveno lleg\u00f3 el tercer gol local: la firma la puso Dani Carvajal. Con tres puntos, el Madrid queda de manera moment\u00e1nea en la cima de la clasificaci\u00f3n, con dos puntos de ventaja sobre Girona (juega vs. Sevilla). Almer\u00eda contin\u00faa con su racha negativa. (THE SPORTINGS NEWS)<\/p>\n","protected":false},"excerpt":{"rendered":"<p>&nbsp; El duelo de la jornada 21 de La Liga entre Real Madrid y Almer\u00eda se planteaba en la previa como un f\u00e1cil triunfo del \u00abmerengue\u00bb. Los madrile\u00f1os pelean palmo a palmo la punta con el Girona, mientras el \u00abalbirrojo\u00bb no acumulaba triunfos en el campeonato. Sin embargo, el Santiago Bernab\u00e9u ayer vivi\u00f3 un domingo [&hellip;]<\/p>\n","protected":false},"author":1,"featured_media":198982,"comment_status":"open","ping_status":"open","sticky":false,"template":"","format":"standard","meta":{"_acf_changed":false,"footnotes":""},"categories":[6],"tags":[],"class_list":["post-198981","post","type-post","status-publish","format-standard","has-post-thumbnail","category-deportes"],"acf":{"antetitulo":""},"yoast_head":"<!-- This site is optimized with the Yoast SEO plugin v28.3 - https:\/\/yoast.com\/product\/yoast-seo-wordpress\/ -->\n<title>F\u00daTBOL ESPA\u00d1OL: Real Madrid vence al Almer\u00eda - El Diario - Bolivia<\/title>\n<meta name=\"robots\" content=\"index, follow, max-snippet:-1, max-image-preview:large, max-video-preview:-1\" \/>\n<link rel=\"canonical\" href=\"https:\/\/www.eldiario.net\/portal\/2024\/01\/22\/futbol-espanol-real-madrid-vence-al-almeria\/\" \/>\n<meta property=\"og:locale\" content=\"es_ES\" \/>\n<meta property=\"og:type\" content=\"article\" \/>\n<meta property=\"og:title\" content=\"F\u00daTBOL ESPA\u00d1OL: Real Madrid vence al Almer\u00eda - El Diario - Bolivia\" \/>\n<meta property=\"og:description\" content=\"&nbsp; El duelo de la jornada 21 de La Liga entre Real Madrid y Almer\u00eda se planteaba en la previa como un f\u00e1cil triunfo del \u00abmerengue\u00bb. Los madrile\u00f1os pelean palmo a palmo la punta con el Girona, mientras el \u00abalbirrojo\u00bb no acumulaba triunfos en el campeonato. Sin embargo, el Santiago Bernab\u00e9u ayer vivi\u00f3 un domingo [&hellip;]\" \/>\n<meta property=\"og:url\" content=\"https:\/\/www.eldiario.net\/portal\/2024\/01\/22\/futbol-espanol-real-madrid-vence-al-almeria\/\" \/>\n<meta property=\"og:site_name\" content=\"El Diario - Bolivia\" \/>\n<meta property=\"article:publisher\" content=\"https:\/\/www.facebook.com\/eldiario.bolivia\/\" \/>\n<meta property=\"article:published_time\" content=\"2024-01-22T10:43:43+00:00\" \/>\n<meta property=\"article:modified_time\" content=\"2024-01-22T10:43:50+00:00\" \/>\n<meta property=\"og:image\" content=\"https:\/\/www.eldiario.net\/portal\/wp-content\/uploads\/2024\/01\/FOTO-75-2.jpg\" \/>\n\t<meta property=\"og:image:width\" content=\"660\" \/>\n\t<meta property=\"og:image:height\" content=\"386\" \/>\n\t<meta property=\"og:image:type\" content=\"image\/jpeg\" \/>\n<meta name=\"author\" content=\"Jeanette\" \/>\n<meta name=\"twitter:card\" content=\"summary_large_image\" \/>\n<meta name=\"twitter:creator\" content=\"@eldiario_net\" \/>\n<meta name=\"twitter:site\" content=\"@eldiario_net\" \/>\n<meta name=\"twitter:label1\" content=\"Escrito por\" \/>\n\t<meta name=\"twitter:data1\" content=\"Jeanette\" \/>\n\t<meta name=\"twitter:label2\" content=\"Tiempo de lectura\" \/>\n\t<meta name=\"twitter:data2\" content=\"2 minutos\" \/>\n<script type=\"application\/ld+json\" class=\"yoast-schema-graph\">{\"@context\":\"https:\\\/\\\/schema.org\",\"@graph\":[{\"@type\":\"Article\",\"@id\":\"https:\\\/\\\/www.eldiario.net\\\/portal\\\/2024\\\/01\\\/22\\\/futbol-espanol-real-madrid-vence-al-almeria\\\/#article\",\"isPartOf\":{\"@id\":\"https:\\\/\\\/www.eldiario.net\\\/portal\\\/2024\\\/01\\\/22\\\/futbol-espanol-real-madrid-vence-al-almeria\\\/\"},\"author\":{\"name\":\"Jeanette\",\"@id\":\"https:\\\/\\\/www.eldiario.net\\\/portal\\\/#\\\/schema\\\/person\\\/f46445640444750d7d753ccd04ae01b7\"},\"headline\":\"F\u00daTBOL ESPA\u00d1OL: Real Madrid vence al Almer\u00eda\",\"datePublished\":\"2024-01-22T10:43:43+00:00\",\"dateModified\":\"2024-01-22T10:43:50+00:00\",\"mainEntityOfPage\":{\"@id\":\"https:\\\/\\\/www.eldiario.net\\\/portal\\\/2024\\\/01\\\/22\\\/futbol-espanol-real-madrid-vence-al-almeria\\\/\"},\"wordCount\":256,\"commentCount\":0,\"publisher\":{\"@id\":\"https:\\\/\\\/www.eldiario.net\\\/portal\\\/#organization\"},\"image\":{\"@id\":\"https:\\\/\\\/www.eldiario.net\\\/portal\\\/2024\\\/01\\\/22\\\/futbol-espanol-real-madrid-vence-al-almeria\\\/#primaryimage\"},\"thumbnailUrl\":\"https:\\\/\\\/www.eldiario.net\\\/portal\\\/wp-content\\\/uploads\\\/2024\\\/01\\\/FOTO-75-2.jpg\",\"articleSection\":[\"Deportes\"],\"inLanguage\":\"es\",\"potentialAction\":[{\"@type\":\"CommentAction\",\"name\":\"Comment\",\"target\":[\"https:\\\/\\\/www.eldiario.net\\\/portal\\\/2024\\\/01\\\/22\\\/futbol-espanol-real-madrid-vence-al-almeria\\\/#respond\"]}]},{\"@type\":\"WebPage\",\"@id\":\"https:\\\/\\\/www.eldiario.net\\\/portal\\\/2024\\\/01\\\/22\\\/futbol-espanol-real-madrid-vence-al-almeria\\\/\",\"url\":\"https:\\\/\\\/www.eldiario.net\\\/portal\\\/2024\\\/01\\\/22\\\/futbol-espanol-real-madrid-vence-al-almeria\\\/\",\"name\":\"F\u00daTBOL ESPA\u00d1OL: Real Madrid vence al Almer\u00eda - El Diario - Bolivia\",\"isPartOf\":{\"@id\":\"https:\\\/\\\/www.eldiario.net\\\/portal\\\/#website\"},\"primaryImageOfPage\":{\"@id\":\"https:\\\/\\\/www.eldiario.net\\\/portal\\\/2024\\\/01\\\/22\\\/futbol-espanol-real-madrid-vence-al-almeria\\\/#primaryimage\"},\"image\":{\"@id\":\"https:\\\/\\\/www.eldiario.net\\\/portal\\\/2024\\\/01\\\/22\\\/futbol-espanol-real-madrid-vence-al-almeria\\\/#primaryimage\"},\"thumbnailUrl\":\"https:\\\/\\\/www.eldiario.net\\\/portal\\\/wp-content\\\/uploads\\\/2024\\\/01\\\/FOTO-75-2.jpg\",\"datePublished\":\"2024-01-22T10:43:43+00:00\",\"dateModified\":\"2024-01-22T10:43:50+00:00\",\"breadcrumb\":{\"@id\":\"https:\\\/\\\/www.eldiario.net\\\/portal\\\/2024\\\/01\\\/22\\\/futbol-espanol-real-madrid-vence-al-almeria\\\/#breadcrumb\"},\"inLanguage\":\"es\",\"potentialAction\":[{\"@type\":\"ReadAction\",\"target\":[\"https:\\\/\\\/www.eldiario.net\\\/portal\\\/2024\\\/01\\\/22\\\/futbol-espanol-real-madrid-vence-al-almeria\\\/\"]}]},{\"@type\":\"ImageObject\",\"inLanguage\":\"es\",\"@id\":\"https:\\\/\\\/www.eldiario.net\\\/portal\\\/2024\\\/01\\\/22\\\/futbol-espanol-real-madrid-vence-al-almeria\\\/#primaryimage\",\"url\":\"https:\\\/\\\/www.eldiario.net\\\/portal\\\/wp-content\\\/uploads\\\/2024\\\/01\\\/FOTO-75-2.jpg\",\"contentUrl\":\"https:\\\/\\\/www.eldiario.net\\\/portal\\\/wp-content\\\/uploads\\\/2024\\\/01\\\/FOTO-75-2.jpg\",\"width\":660,\"height\":386},{\"@type\":\"BreadcrumbList\",\"@id\":\"https:\\\/\\\/www.eldiario.net\\\/portal\\\/2024\\\/01\\\/22\\\/futbol-espanol-real-madrid-vence-al-almeria\\\/#breadcrumb\",\"itemListElement\":[{\"@type\":\"ListItem\",\"position\":1,\"name\":\"Portada\",\"item\":\"https:\\\/\\\/www.eldiario.net\\\/portal\\\/\"},{\"@type\":\"ListItem\",\"position\":2,\"name\":\"F\u00daTBOL ESPA\u00d1OL: Real Madrid vence al Almer\u00eda\"}]},{\"@type\":\"WebSite\",\"@id\":\"https:\\\/\\\/www.eldiario.net\\\/portal\\\/#website\",\"url\":\"https:\\\/\\\/www.eldiario.net\\\/portal\\\/\",\"name\":\"El Diario - Decano de la prensa nacional\",\"description\":\"El Diario - Decano de la prensa nacional\",\"publisher\":{\"@id\":\"https:\\\/\\\/www.eldiario.net\\\/portal\\\/#organization\"},\"potentialAction\":[{\"@type\":\"SearchAction\",\"target\":{\"@type\":\"EntryPoint\",\"urlTemplate\":\"https:\\\/\\\/www.eldiario.net\\\/portal\\\/?s={search_term_string}\"},\"query-input\":{\"@type\":\"PropertyValueSpecification\",\"valueRequired\":true,\"valueName\":\"search_term_string\"}}],\"inLanguage\":\"es\"},{\"@type\":\"Organization\",\"@id\":\"https:\\\/\\\/www.eldiario.net\\\/portal\\\/#organization\",\"name\":\"El Diario - Decano de la prensa nacional\",\"url\":\"https:\\\/\\\/www.eldiario.net\\\/portal\\\/\",\"logo\":{\"@type\":\"ImageObject\",\"inLanguage\":\"es\",\"@id\":\"https:\\\/\\\/www.eldiario.net\\\/portal\\\/#\\\/schema\\\/logo\\\/image\\\/\",\"url\":\"https:\\\/\\\/www.eldiario.net\\\/portal\\\/wp-content\\\/uploads\\\/2023\\\/07\\\/logo_ED.jpg\",\"contentUrl\":\"https:\\\/\\\/www.eldiario.net\\\/portal\\\/wp-content\\\/uploads\\\/2023\\\/07\\\/logo_ED.jpg\",\"width\":272,\"height\":52,\"caption\":\"El Diario - Decano de la prensa nacional\"},\"image\":{\"@id\":\"https:\\\/\\\/www.eldiario.net\\\/portal\\\/#\\\/schema\\\/logo\\\/image\\\/\"},\"sameAs\":[\"https:\\\/\\\/www.facebook.com\\\/eldiario.bolivia\\\/\",\"https:\\\/\\\/x.com\\\/eldiario_net\"]},{\"@type\":\"Person\",\"@id\":\"https:\\\/\\\/www.eldiario.net\\\/portal\\\/#\\\/schema\\\/person\\\/f46445640444750d7d753ccd04ae01b7\",\"name\":\"Jeanette\",\"image\":{\"@type\":\"ImageObject\",\"inLanguage\":\"es\",\"@id\":\"https:\\\/\\\/secure.gravatar.com\\\/avatar\\\/3ea2118a5f7dad2b7138b1187a6b7ee55f160b9968b66013c3a3ef39dd7e5798?s=96&d=mm&r=g\",\"url\":\"https:\\\/\\\/secure.gravatar.com\\\/avatar\\\/3ea2118a5f7dad2b7138b1187a6b7ee55f160b9968b66013c3a3ef39dd7e5798?s=96&d=mm&r=g\",\"contentUrl\":\"https:\\\/\\\/secure.gravatar.com\\\/avatar\\\/3ea2118a5f7dad2b7138b1187a6b7ee55f160b9968b66013c3a3ef39dd7e5798?s=96&d=mm&r=g\",\"caption\":\"Jeanette\"},\"sameAs\":[\"https:\\\/\\\/www.eldiario.net\\\/portal\"],\"url\":\"https:\\\/\\\/www.eldiario.net\\\/portal\\\/author\\\/jeanette\\\/\"}]}<\/script>\n<!-- \/ Yoast SEO plugin. -->","yoast_head_json":{"title":"F\u00daTBOL ESPA\u00d1OL: Real Madrid vence al Almer\u00eda - El Diario - Bolivia","robots":{"index":"index","follow":"follow","max-snippet":"max-snippet:-1","max-image-preview":"max-image-preview:large","max-video-preview":"max-video-preview:-1"},"canonical":"https:\/\/www.eldiario.net\/portal\/2024\/01\/22\/futbol-espanol-real-madrid-vence-al-almeria\/","og_locale":"es_ES","og_type":"article","og_title":"F\u00daTBOL ESPA\u00d1OL: Real Madrid vence al Almer\u00eda - El Diario - Bolivia","og_description":"&nbsp; El duelo de la jornada 21 de La Liga entre Real Madrid y Almer\u00eda se planteaba en la previa como un f\u00e1cil triunfo del \u00abmerengue\u00bb. Los madrile\u00f1os pelean palmo a palmo la punta con el Girona, mientras el \u00abalbirrojo\u00bb no acumulaba triunfos en el campeonato. Sin embargo, el Santiago Bernab\u00e9u ayer vivi\u00f3 un domingo [&hellip;]","og_url":"https:\/\/www.eldiario.net\/portal\/2024\/01\/22\/futbol-espanol-real-madrid-vence-al-almeria\/","og_site_name":"El Diario - Bolivia","article_publisher":"https:\/\/www.facebook.com\/eldiario.bolivia\/","article_published_time":"2024-01-22T10:43:43+00:00","article_modified_time":"2024-01-22T10:43:50+00:00","og_image":[{"width":660,"height":386,"url":"https:\/\/www.eldiario.net\/portal\/wp-content\/uploads\/2024\/01\/FOTO-75-2.jpg","type":"image\/jpeg"}],"author":"Jeanette","twitter_card":"summary_large_image","twitter_creator":"@eldiario_net","twitter_site":"@eldiario_net","twitter_misc":{"Escrito por":"Jeanette","Tiempo de lectura":"2 minutos"},"schema":{"@context":"https:\/\/schema.org","@graph":[{"@type":"Article","@id":"https:\/\/www.eldiario.net\/portal\/2024\/01\/22\/futbol-espanol-real-madrid-vence-al-almeria\/#article","isPartOf":{"@id":"https:\/\/www.eldiario.net\/portal\/2024\/01\/22\/futbol-espanol-real-madrid-vence-al-almeria\/"},"author":{"name":"Jeanette","@id":"https:\/\/www.eldiario.net\/portal\/#\/schema\/person\/f46445640444750d7d753ccd04ae01b7"},"headline":"F\u00daTBOL ESPA\u00d1OL: Real Madrid vence al Almer\u00eda","datePublished":"2024-01-22T10:43:43+00:00","dateModified":"2024-01-22T10:43:50+00:00","mainEntityOfPage":{"@id":"https:\/\/www.eldiario.net\/portal\/2024\/01\/22\/futbol-espanol-real-madrid-vence-al-almeria\/"},"wordCount":256,"commentCount":0,"publisher":{"@id":"https:\/\/www.eldiario.net\/portal\/#organization"},"image":{"@id":"https:\/\/www.eldiario.net\/portal\/2024\/01\/22\/futbol-espanol-real-madrid-vence-al-almeria\/#primaryimage"},"thumbnailUrl":"https:\/\/www.eldiario.net\/portal\/wp-content\/uploads\/2024\/01\/FOTO-75-2.jpg","articleSection":["Deportes"],"inLanguage":"es","potentialAction":[{"@type":"CommentAction","name":"Comment","target":["https:\/\/www.eldiario.net\/portal\/2024\/01\/22\/futbol-espanol-real-madrid-vence-al-almeria\/#respond"]}]},{"@type":"WebPage","@id":"https:\/\/www.eldiario.net\/portal\/2024\/01\/22\/futbol-espanol-real-madrid-vence-al-almeria\/","url":"https:\/\/www.eldiario.net\/portal\/2024\/01\/22\/futbol-espanol-real-madrid-vence-al-almeria\/","name":"F\u00daTBOL ESPA\u00d1OL: Real Madrid vence al Almer\u00eda - El Diario - Bolivia","isPartOf":{"@id":"https:\/\/www.eldiario.net\/portal\/#website"},"primaryImageOfPage":{"@id":"https:\/\/www.eldiario.net\/portal\/2024\/01\/22\/futbol-espanol-real-madrid-vence-al-almeria\/#primaryimage"},"image":{"@id":"https:\/\/www.eldiario.net\/portal\/2024\/01\/22\/futbol-espanol-real-madrid-vence-al-almeria\/#primaryimage"},"thumbnailUrl":"https:\/\/www.eldiario.net\/portal\/wp-content\/uploads\/2024\/01\/FOTO-75-2.jpg","datePublished":"2024-01-22T10:43:43+00:00","dateModified":"2024-01-22T10:43:50+00:00","breadcrumb":{"@id":"https:\/\/www.eldiario.net\/portal\/2024\/01\/22\/futbol-espanol-real-madrid-vence-al-almeria\/#breadcrumb"},"inLanguage":"es","potentialAction":[{"@type":"ReadAction","target":["https:\/\/www.eldiario.net\/portal\/2024\/01\/22\/futbol-espanol-real-madrid-vence-al-almeria\/"]}]},{"@type":"ImageObject","inLanguage":"es","@id":"https:\/\/www.eldiario.net\/portal\/2024\/01\/22\/futbol-espanol-real-madrid-vence-al-almeria\/#primaryimage","url":"https:\/\/www.eldiario.net\/portal\/wp-content\/uploads\/2024\/01\/FOTO-75-2.jpg","contentUrl":"https:\/\/www.eldiario.net\/portal\/wp-content\/uploads\/2024\/01\/FOTO-75-2.jpg","width":660,"height":386},{"@type":"BreadcrumbList","@id":"https:\/\/www.eldiario.net\/portal\/2024\/01\/22\/futbol-espanol-real-madrid-vence-al-almeria\/#breadcrumb","itemListElement":[{"@type":"ListItem","position":1,"name":"Portada","item":"https:\/\/www.eldiario.net\/portal\/"},{"@type":"ListItem","position":2,"name":"F\u00daTBOL ESPA\u00d1OL: Real Madrid vence al Almer\u00eda"}]},{"@type":"WebSite","@id":"https:\/\/www.eldiario.net\/portal\/#website","url":"https:\/\/www.eldiario.net\/portal\/","name":"El Diario - Decano de la prensa nacional","description":"El Diario - Decano de la prensa nacional","publisher":{"@id":"https:\/\/www.eldiario.net\/portal\/#organization"},"potentialAction":[{"@type":"SearchAction","target":{"@type":"EntryPoint","urlTemplate":"https:\/\/www.eldiario.net\/portal\/?s={search_term_string}"},"query-input":{"@type":"PropertyValueSpecification","valueRequired":true,"valueName":"search_term_string"}}],"inLanguage":"es"},{"@type":"Organization","@id":"https:\/\/www.eldiario.net\/portal\/#organization","name":"El Diario - Decano de la prensa nacional","url":"https:\/\/www.eldiario.net\/portal\/","logo":{"@type":"ImageObject","inLanguage":"es","@id":"https:\/\/www.eldiario.net\/portal\/#\/schema\/logo\/image\/","url":"https:\/\/www.eldiario.net\/portal\/wp-content\/uploads\/2023\/07\/logo_ED.jpg","contentUrl":"https:\/\/www.eldiario.net\/portal\/wp-content\/uploads\/2023\/07\/logo_ED.jpg","width":272,"height":52,"caption":"El Diario - Decano de la prensa nacional"},"image":{"@id":"https:\/\/www.eldiario.net\/portal\/#\/schema\/logo\/image\/"},"sameAs":["https:\/\/www.facebook.com\/eldiario.bolivia\/","https:\/\/x.com\/eldiario_net"]},{"@type":"Person","@id":"https:\/\/www.eldiario.net\/portal\/#\/schema\/person\/f46445640444750d7d753ccd04ae01b7","name":"Jeanette","image":{"@type":"ImageObject","inLanguage":"es","@id":"https:\/\/secure.gravatar.com\/avatar\/3ea2118a5f7dad2b7138b1187a6b7ee55f160b9968b66013c3a3ef39dd7e5798?s=96&d=mm&r=g","url":"https:\/\/secure.gravatar.com\/avatar\/3ea2118a5f7dad2b7138b1187a6b7ee55f160b9968b66013c3a3ef39dd7e5798?s=96&d=mm&r=g","contentUrl":"https:\/\/secure.gravatar.com\/avatar\/3ea2118a5f7dad2b7138b1187a6b7ee55f160b9968b66013c3a3ef39dd7e5798?s=96&d=mm&r=g","caption":"Jeanette"},"sameAs":["https:\/\/www.eldiario.net\/portal"],"url":"https:\/\/www.eldiario.net\/portal\/author\/jeanette\/"}]}},"_links":{"self":[{"href":"https:\/\/www.eldiario.net\/portal\/wp-json\/wp\/v2\/posts\/198981","targetHints":{"allow":["GET"]}}],"collection":[{"href":"https:\/\/www.eldiario.net\/portal\/wp-json\/wp\/v2\/posts"}],"about":[{"href":"https:\/\/www.eldiario.net\/portal\/wp-json\/wp\/v2\/types\/post"}],"author":[{"embeddable":true,"href":"https:\/\/www.eldiario.net\/portal\/wp-json\/wp\/v2\/users\/1"}],"replies":[{"embeddable":true,"href":"https:\/\/www.eldiario.net\/portal\/wp-json\/wp\/v2\/comments?post=198981"}],"version-history":[{"count":1,"href":"https:\/\/www.eldiario.net\/portal\/wp-json\/wp\/v2\/posts\/198981\/revisions"}],"predecessor-version":[{"id":198983,"href":"https:\/\/www.eldiario.net\/portal\/wp-json\/wp\/v2\/posts\/198981\/revisions\/198983"}],"wp:featuredmedia":[{"embeddable":true,"href":"https:\/\/www.eldiario.net\/portal\/wp-json\/wp\/v2\/media\/198982"}],"wp:attachment":[{"href":"https:\/\/www.eldiario.net\/portal\/wp-json\/wp\/v2\/media?parent=198981"}],"wp:term":[{"taxonomy":"category","embeddable":true,"href":"https:\/\/www.eldiario.net\/portal\/wp-json\/wp\/v2\/categories?post=198981"},{"taxonomy":"post_tag","embeddable":true,"href":"https:\/\/www.eldiario.net\/portal\/wp-json\/wp\/v2\/tags?post=198981"}],"curies":[{"name":"wp","href":"https:\/\/api.w.org\/{rel}","templated":true}]}}