{"id":198966,"date":"2024-01-22T06:29:10","date_gmt":"2024-01-22T10:29:10","guid":{"rendered":"https:\/\/www.eldiario.net\/portal\/?p=198966"},"modified":"2024-01-22T06:29:10","modified_gmt":"2024-01-22T10:29:10","slug":"crisis-economica-y-un-mas-dividido-marcan-dia-del-estado-plurinacional","status":"publish","type":"post","link":"https:\/\/www.eldiario.net\/portal\/2024\/01\/22\/crisis-economica-y-un-mas-dividido-marcan-dia-del-estado-plurinacional\/","title":{"rendered":"Crisis econ\u00f3mica y un MAS dividido  marcan D\u00eda del Estado Plurinacional"},"content":{"rendered":"<p>El d\u00e9cimo quinto aniversario del Estado Plurinacional de Bolivia encuentra al pa\u00eds sumido en una crisis econ\u00f3mica, pol\u00edtica y con un Movimiento al Socialismo (MAS) dividido, seg\u00fan manifestaron los analistas Paul Coca y Hern\u00e1n Terrazas.<br \/>\n\u201cNo hay mucho que festejar. En lo pol\u00edtico estamos divididos en todo sentido; no hay un norte pol\u00edtico en el pa\u00eds. En lo econ\u00f3mico, por supuesto, la situaci\u00f3n ya cada vez se hace m\u00e1s evidente, ver una recesi\u00f3n econ\u00f3mica y es el aspecto m\u00e1s importante que tiene la gente. En lo social, si bien es cierto que el discurso de la inclusi\u00f3n social que solamente hab\u00eda en el Estado Plurinacional, ha calado en muchos lugares\u201d, destac\u00f3 Paul Coca a Br\u00fajula Digital.<br \/>\nPor su lado, Hern\u00e1n Terrazas, resume la situaci\u00f3n actual de Bolivia en dos aspectos: la situaci\u00f3n \u201ccr\u00edtica\u201d econ\u00f3mica de Bolivia, despu\u00e9s de casi cuatro d\u00e9cadas, que deja a la poblaci\u00f3n en la incertidumbre, y el \u201cdeterioro democr\u00e1tico\u201d, cuyo principal componente es la crisis judicial que lleg\u00f3 a m\u00e1xima expresi\u00f3n, con \u201cuna dependencia absoluta de las decisiones del \u00d3rgano Ejecutivo\u201d.<br \/>\nAl referirse a la crisis econ\u00f3mica, ambos analistas no echan la culpa de esta situaci\u00f3n s\u00f3lo al presidente Luis Arce, sino que ven que se lleg\u00f3 a esta situaci\u00f3n como \u201cherencia\u201d o un efecto de la bonanza econ\u00f3mica que tuvo Bolivia en los 14 a\u00f1os de los gobiernos del expresidente, Evo Morales, cuando los precios por las materias primas eran altos y porque se obten\u00eda ingresos econ\u00f3micos significativos por la exportaci\u00f3n de gas natural a Brasil y Argentina.<\/p>\n","protected":false},"excerpt":{"rendered":"<p>El d\u00e9cimo quinto aniversario del Estado Plurinacional de Bolivia encuentra al pa\u00eds sumido en una crisis econ\u00f3mica, pol\u00edtica y con un Movimiento al Socialismo (MAS) dividido, seg\u00fan manifestaron los analistas Paul Coca y Hern\u00e1n Terrazas. \u201cNo hay mucho que festejar. En lo pol\u00edtico estamos divididos en todo sentido; no hay un norte pol\u00edtico en el [&hellip;]<\/p>\n","protected":false},"author":1,"featured_media":198968,"comment_status":"open","ping_status":"open","sticky":false,"template":"","format":"standard","meta":{"_acf_changed":false,"footnotes":""},"categories":[17],"tags":[],"class_list":["post-198966","post","type-post","status-publish","format-standard","has-post-thumbnail","category-principal"],"acf":{"antetitulo":"A criterio de analistas"},"yoast_head":"<!-- This site is optimized with the Yoast SEO plugin v28.3 - https:\/\/yoast.com\/product\/yoast-seo-wordpress\/ -->\n<title>Crisis econ\u00f3mica y un MAS dividido marcan D\u00eda del Estado Plurinacional - El Diario - Bolivia<\/title>\n<meta name=\"robots\" content=\"index, follow, max-snippet:-1, max-image-preview:large, max-video-preview:-1\" \/>\n<link rel=\"canonical\" href=\"https:\/\/www.eldiario.net\/portal\/2024\/01\/22\/crisis-economica-y-un-mas-dividido-marcan-dia-del-estado-plurinacional\/\" \/>\n<meta property=\"og:locale\" content=\"es_ES\" \/>\n<meta property=\"og:type\" content=\"article\" \/>\n<meta property=\"og:title\" content=\"Crisis econ\u00f3mica y un MAS dividido marcan D\u00eda del Estado Plurinacional - El Diario - Bolivia\" \/>\n<meta property=\"og:description\" content=\"El d\u00e9cimo quinto aniversario del Estado Plurinacional de Bolivia encuentra al pa\u00eds sumido en una crisis econ\u00f3mica, pol\u00edtica y con un Movimiento al Socialismo (MAS) dividido, seg\u00fan manifestaron los analistas Paul Coca y Hern\u00e1n Terrazas. \u201cNo hay mucho que festejar. En lo pol\u00edtico estamos divididos en todo sentido; no hay un norte pol\u00edtico en el [&hellip;]\" \/>\n<meta property=\"og:url\" content=\"https:\/\/www.eldiario.net\/portal\/2024\/01\/22\/crisis-economica-y-un-mas-dividido-marcan-dia-del-estado-plurinacional\/\" \/>\n<meta property=\"og:site_name\" content=\"El Diario - Bolivia\" \/>\n<meta property=\"article:publisher\" content=\"https:\/\/www.facebook.com\/eldiario.bolivia\/\" \/>\n<meta property=\"article:published_time\" content=\"2024-01-22T10:29:10+00:00\" \/>\n<meta property=\"og:image\" content=\"https:\/\/www.eldiario.net\/portal\/wp-content\/uploads\/2024\/01\/P-1-6.jpg\" \/>\n\t<meta property=\"og:image:width\" content=\"720\" \/>\n\t<meta property=\"og:image:height\" content=\"399\" \/>\n\t<meta property=\"og:image:type\" content=\"image\/jpeg\" \/>\n<meta name=\"author\" content=\"Jeanette\" \/>\n<meta name=\"twitter:card\" content=\"summary_large_image\" \/>\n<meta name=\"twitter:creator\" content=\"@eldiario_net\" \/>\n<meta name=\"twitter:site\" content=\"@eldiario_net\" \/>\n<meta name=\"twitter:label1\" content=\"Escrito por\" \/>\n\t<meta name=\"twitter:data1\" content=\"Jeanette\" \/>\n\t<meta name=\"twitter:label2\" content=\"Tiempo de lectura\" \/>\n\t<meta name=\"twitter:data2\" content=\"2 minutos\" \/>\n<script type=\"application\/ld+json\" class=\"yoast-schema-graph\">{\"@context\":\"https:\\\/\\\/schema.org\",\"@graph\":[{\"@type\":\"Article\",\"@id\":\"https:\\\/\\\/www.eldiario.net\\\/portal\\\/2024\\\/01\\\/22\\\/crisis-economica-y-un-mas-dividido-marcan-dia-del-estado-plurinacional\\\/#article\",\"isPartOf\":{\"@id\":\"https:\\\/\\\/www.eldiario.net\\\/portal\\\/2024\\\/01\\\/22\\\/crisis-economica-y-un-mas-dividido-marcan-dia-del-estado-plurinacional\\\/\"},\"author\":{\"name\":\"Jeanette\",\"@id\":\"https:\\\/\\\/www.eldiario.net\\\/portal\\\/#\\\/schema\\\/person\\\/f46445640444750d7d753ccd04ae01b7\"},\"headline\":\"Crisis econ\u00f3mica y un MAS dividido marcan D\u00eda del Estado Plurinacional\",\"datePublished\":\"2024-01-22T10:29:10+00:00\",\"mainEntityOfPage\":{\"@id\":\"https:\\\/\\\/www.eldiario.net\\\/portal\\\/2024\\\/01\\\/22\\\/crisis-economica-y-un-mas-dividido-marcan-dia-del-estado-plurinacional\\\/\"},\"wordCount\":303,\"commentCount\":0,\"publisher\":{\"@id\":\"https:\\\/\\\/www.eldiario.net\\\/portal\\\/#organization\"},\"image\":{\"@id\":\"https:\\\/\\\/www.eldiario.net\\\/portal\\\/2024\\\/01\\\/22\\\/crisis-economica-y-un-mas-dividido-marcan-dia-del-estado-plurinacional\\\/#primaryimage\"},\"thumbnailUrl\":\"https:\\\/\\\/www.eldiario.net\\\/portal\\\/wp-content\\\/uploads\\\/2024\\\/01\\\/P-1-6.jpg\",\"articleSection\":[\"Principal\"],\"inLanguage\":\"es\",\"potentialAction\":[{\"@type\":\"CommentAction\",\"name\":\"Comment\",\"target\":[\"https:\\\/\\\/www.eldiario.net\\\/portal\\\/2024\\\/01\\\/22\\\/crisis-economica-y-un-mas-dividido-marcan-dia-del-estado-plurinacional\\\/#respond\"]}]},{\"@type\":\"WebPage\",\"@id\":\"https:\\\/\\\/www.eldiario.net\\\/portal\\\/2024\\\/01\\\/22\\\/crisis-economica-y-un-mas-dividido-marcan-dia-del-estado-plurinacional\\\/\",\"url\":\"https:\\\/\\\/www.eldiario.net\\\/portal\\\/2024\\\/01\\\/22\\\/crisis-economica-y-un-mas-dividido-marcan-dia-del-estado-plurinacional\\\/\",\"name\":\"Crisis econ\u00f3mica y un MAS dividido marcan D\u00eda del Estado Plurinacional - El Diario - Bolivia\",\"isPartOf\":{\"@id\":\"https:\\\/\\\/www.eldiario.net\\\/portal\\\/#website\"},\"primaryImageOfPage\":{\"@id\":\"https:\\\/\\\/www.eldiario.net\\\/portal\\\/2024\\\/01\\\/22\\\/crisis-economica-y-un-mas-dividido-marcan-dia-del-estado-plurinacional\\\/#primaryimage\"},\"image\":{\"@id\":\"https:\\\/\\\/www.eldiario.net\\\/portal\\\/2024\\\/01\\\/22\\\/crisis-economica-y-un-mas-dividido-marcan-dia-del-estado-plurinacional\\\/#primaryimage\"},\"thumbnailUrl\":\"https:\\\/\\\/www.eldiario.net\\\/portal\\\/wp-content\\\/uploads\\\/2024\\\/01\\\/P-1-6.jpg\",\"datePublished\":\"2024-01-22T10:29:10+00:00\",\"breadcrumb\":{\"@id\":\"https:\\\/\\\/www.eldiario.net\\\/portal\\\/2024\\\/01\\\/22\\\/crisis-economica-y-un-mas-dividido-marcan-dia-del-estado-plurinacional\\\/#breadcrumb\"},\"inLanguage\":\"es\",\"potentialAction\":[{\"@type\":\"ReadAction\",\"target\":[\"https:\\\/\\\/www.eldiario.net\\\/portal\\\/2024\\\/01\\\/22\\\/crisis-economica-y-un-mas-dividido-marcan-dia-del-estado-plurinacional\\\/\"]}]},{\"@type\":\"ImageObject\",\"inLanguage\":\"es\",\"@id\":\"https:\\\/\\\/www.eldiario.net\\\/portal\\\/2024\\\/01\\\/22\\\/crisis-economica-y-un-mas-dividido-marcan-dia-del-estado-plurinacional\\\/#primaryimage\",\"url\":\"https:\\\/\\\/www.eldiario.net\\\/portal\\\/wp-content\\\/uploads\\\/2024\\\/01\\\/P-1-6.jpg\",\"contentUrl\":\"https:\\\/\\\/www.eldiario.net\\\/portal\\\/wp-content\\\/uploads\\\/2024\\\/01\\\/P-1-6.jpg\",\"width\":720,\"height\":399,\"caption\":\"LOS FESTEJOS POR EL D\u00cdA DEL ESTADO PLURINACIONAL DE BOLIVIA COMENZAR\u00c1N EN LA CASA GRANDE DEL PUEBLO Y DESPU\u00c9S EST\u00c1 PREVISTA UNA CONCENTRACI\u00d3N EN la PLAZA MURILLO.\"},{\"@type\":\"BreadcrumbList\",\"@id\":\"https:\\\/\\\/www.eldiario.net\\\/portal\\\/2024\\\/01\\\/22\\\/crisis-economica-y-un-mas-dividido-marcan-dia-del-estado-plurinacional\\\/#breadcrumb\",\"itemListElement\":[{\"@type\":\"ListItem\",\"position\":1,\"name\":\"Portada\",\"item\":\"https:\\\/\\\/www.eldiario.net\\\/portal\\\/\"},{\"@type\":\"ListItem\",\"position\":2,\"name\":\"Crisis econ\u00f3mica y un MAS dividido marcan D\u00eda del Estado Plurinacional\"}]},{\"@type\":\"WebSite\",\"@id\":\"https:\\\/\\\/www.eldiario.net\\\/portal\\\/#website\",\"url\":\"https:\\\/\\\/www.eldiario.net\\\/portal\\\/\",\"name\":\"El Diario - Decano de la prensa nacional\",\"description\":\"El Diario - Decano de la prensa nacional\",\"publisher\":{\"@id\":\"https:\\\/\\\/www.eldiario.net\\\/portal\\\/#organization\"},\"potentialAction\":[{\"@type\":\"SearchAction\",\"target\":{\"@type\":\"EntryPoint\",\"urlTemplate\":\"https:\\\/\\\/www.eldiario.net\\\/portal\\\/?s={search_term_string}\"},\"query-input\":{\"@type\":\"PropertyValueSpecification\",\"valueRequired\":true,\"valueName\":\"search_term_string\"}}],\"inLanguage\":\"es\"},{\"@type\":\"Organization\",\"@id\":\"https:\\\/\\\/www.eldiario.net\\\/portal\\\/#organization\",\"name\":\"El Diario - Decano de la prensa nacional\",\"url\":\"https:\\\/\\\/www.eldiario.net\\\/portal\\\/\",\"logo\":{\"@type\":\"ImageObject\",\"inLanguage\":\"es\",\"@id\":\"https:\\\/\\\/www.eldiario.net\\\/portal\\\/#\\\/schema\\\/logo\\\/image\\\/\",\"url\":\"https:\\\/\\\/www.eldiario.net\\\/portal\\\/wp-content\\\/uploads\\\/2023\\\/07\\\/logo_ED.jpg\",\"contentUrl\":\"https:\\\/\\\/www.eldiario.net\\\/portal\\\/wp-content\\\/uploads\\\/2023\\\/07\\\/logo_ED.jpg\",\"width\":272,\"height\":52,\"caption\":\"El Diario - Decano de la prensa nacional\"},\"image\":{\"@id\":\"https:\\\/\\\/www.eldiario.net\\\/portal\\\/#\\\/schema\\\/logo\\\/image\\\/\"},\"sameAs\":[\"https:\\\/\\\/www.facebook.com\\\/eldiario.bolivia\\\/\",\"https:\\\/\\\/x.com\\\/eldiario_net\"]},{\"@type\":\"Person\",\"@id\":\"https:\\\/\\\/www.eldiario.net\\\/portal\\\/#\\\/schema\\\/person\\\/f46445640444750d7d753ccd04ae01b7\",\"name\":\"Jeanette\",\"image\":{\"@type\":\"ImageObject\",\"inLanguage\":\"es\",\"@id\":\"https:\\\/\\\/secure.gravatar.com\\\/avatar\\\/3ea2118a5f7dad2b7138b1187a6b7ee55f160b9968b66013c3a3ef39dd7e5798?s=96&d=mm&r=g\",\"url\":\"https:\\\/\\\/secure.gravatar.com\\\/avatar\\\/3ea2118a5f7dad2b7138b1187a6b7ee55f160b9968b66013c3a3ef39dd7e5798?s=96&d=mm&r=g\",\"contentUrl\":\"https:\\\/\\\/secure.gravatar.com\\\/avatar\\\/3ea2118a5f7dad2b7138b1187a6b7ee55f160b9968b66013c3a3ef39dd7e5798?s=96&d=mm&r=g\",\"caption\":\"Jeanette\"},\"sameAs\":[\"https:\\\/\\\/www.eldiario.net\\\/portal\"],\"url\":\"https:\\\/\\\/www.eldiario.net\\\/portal\\\/author\\\/jeanette\\\/\"}]}<\/script>\n<!-- \/ Yoast SEO plugin. -->","yoast_head_json":{"title":"Crisis econ\u00f3mica y un MAS dividido marcan D\u00eda del Estado Plurinacional - El Diario - Bolivia","robots":{"index":"index","follow":"follow","max-snippet":"max-snippet:-1","max-image-preview":"max-image-preview:large","max-video-preview":"max-video-preview:-1"},"canonical":"https:\/\/www.eldiario.net\/portal\/2024\/01\/22\/crisis-economica-y-un-mas-dividido-marcan-dia-del-estado-plurinacional\/","og_locale":"es_ES","og_type":"article","og_title":"Crisis econ\u00f3mica y un MAS dividido marcan D\u00eda del Estado Plurinacional - El Diario - Bolivia","og_description":"El d\u00e9cimo quinto aniversario del Estado Plurinacional de Bolivia encuentra al pa\u00eds sumido en una crisis econ\u00f3mica, pol\u00edtica y con un Movimiento al Socialismo (MAS) dividido, seg\u00fan manifestaron los analistas Paul Coca y Hern\u00e1n Terrazas. \u201cNo hay mucho que festejar. En lo pol\u00edtico estamos divididos en todo sentido; no hay un norte pol\u00edtico en el [&hellip;]","og_url":"https:\/\/www.eldiario.net\/portal\/2024\/01\/22\/crisis-economica-y-un-mas-dividido-marcan-dia-del-estado-plurinacional\/","og_site_name":"El Diario - Bolivia","article_publisher":"https:\/\/www.facebook.com\/eldiario.bolivia\/","article_published_time":"2024-01-22T10:29:10+00:00","og_image":[{"width":720,"height":399,"url":"https:\/\/www.eldiario.net\/portal\/wp-content\/uploads\/2024\/01\/P-1-6.jpg","type":"image\/jpeg"}],"author":"Jeanette","twitter_card":"summary_large_image","twitter_creator":"@eldiario_net","twitter_site":"@eldiario_net","twitter_misc":{"Escrito por":"Jeanette","Tiempo de lectura":"2 minutos"},"schema":{"@context":"https:\/\/schema.org","@graph":[{"@type":"Article","@id":"https:\/\/www.eldiario.net\/portal\/2024\/01\/22\/crisis-economica-y-un-mas-dividido-marcan-dia-del-estado-plurinacional\/#article","isPartOf":{"@id":"https:\/\/www.eldiario.net\/portal\/2024\/01\/22\/crisis-economica-y-un-mas-dividido-marcan-dia-del-estado-plurinacional\/"},"author":{"name":"Jeanette","@id":"https:\/\/www.eldiario.net\/portal\/#\/schema\/person\/f46445640444750d7d753ccd04ae01b7"},"headline":"Crisis econ\u00f3mica y un MAS dividido marcan D\u00eda del Estado Plurinacional","datePublished":"2024-01-22T10:29:10+00:00","mainEntityOfPage":{"@id":"https:\/\/www.eldiario.net\/portal\/2024\/01\/22\/crisis-economica-y-un-mas-dividido-marcan-dia-del-estado-plurinacional\/"},"wordCount":303,"commentCount":0,"publisher":{"@id":"https:\/\/www.eldiario.net\/portal\/#organization"},"image":{"@id":"https:\/\/www.eldiario.net\/portal\/2024\/01\/22\/crisis-economica-y-un-mas-dividido-marcan-dia-del-estado-plurinacional\/#primaryimage"},"thumbnailUrl":"https:\/\/www.eldiario.net\/portal\/wp-content\/uploads\/2024\/01\/P-1-6.jpg","articleSection":["Principal"],"inLanguage":"es","potentialAction":[{"@type":"CommentAction","name":"Comment","target":["https:\/\/www.eldiario.net\/portal\/2024\/01\/22\/crisis-economica-y-un-mas-dividido-marcan-dia-del-estado-plurinacional\/#respond"]}]},{"@type":"WebPage","@id":"https:\/\/www.eldiario.net\/portal\/2024\/01\/22\/crisis-economica-y-un-mas-dividido-marcan-dia-del-estado-plurinacional\/","url":"https:\/\/www.eldiario.net\/portal\/2024\/01\/22\/crisis-economica-y-un-mas-dividido-marcan-dia-del-estado-plurinacional\/","name":"Crisis econ\u00f3mica y un MAS dividido marcan D\u00eda del Estado Plurinacional - El Diario - Bolivia","isPartOf":{"@id":"https:\/\/www.eldiario.net\/portal\/#website"},"primaryImageOfPage":{"@id":"https:\/\/www.eldiario.net\/portal\/2024\/01\/22\/crisis-economica-y-un-mas-dividido-marcan-dia-del-estado-plurinacional\/#primaryimage"},"image":{"@id":"https:\/\/www.eldiario.net\/portal\/2024\/01\/22\/crisis-economica-y-un-mas-dividido-marcan-dia-del-estado-plurinacional\/#primaryimage"},"thumbnailUrl":"https:\/\/www.eldiario.net\/portal\/wp-content\/uploads\/2024\/01\/P-1-6.jpg","datePublished":"2024-01-22T10:29:10+00:00","breadcrumb":{"@id":"https:\/\/www.eldiario.net\/portal\/2024\/01\/22\/crisis-economica-y-un-mas-dividido-marcan-dia-del-estado-plurinacional\/#breadcrumb"},"inLanguage":"es","potentialAction":[{"@type":"ReadAction","target":["https:\/\/www.eldiario.net\/portal\/2024\/01\/22\/crisis-economica-y-un-mas-dividido-marcan-dia-del-estado-plurinacional\/"]}]},{"@type":"ImageObject","inLanguage":"es","@id":"https:\/\/www.eldiario.net\/portal\/2024\/01\/22\/crisis-economica-y-un-mas-dividido-marcan-dia-del-estado-plurinacional\/#primaryimage","url":"https:\/\/www.eldiario.net\/portal\/wp-content\/uploads\/2024\/01\/P-1-6.jpg","contentUrl":"https:\/\/www.eldiario.net\/portal\/wp-content\/uploads\/2024\/01\/P-1-6.jpg","width":720,"height":399,"caption":"LOS FESTEJOS POR EL D\u00cdA DEL ESTADO PLURINACIONAL DE BOLIVIA COMENZAR\u00c1N EN LA CASA GRANDE DEL PUEBLO Y DESPU\u00c9S EST\u00c1 PREVISTA UNA CONCENTRACI\u00d3N EN la PLAZA MURILLO."},{"@type":"BreadcrumbList","@id":"https:\/\/www.eldiario.net\/portal\/2024\/01\/22\/crisis-economica-y-un-mas-dividido-marcan-dia-del-estado-plurinacional\/#breadcrumb","itemListElement":[{"@type":"ListItem","position":1,"name":"Portada","item":"https:\/\/www.eldiario.net\/portal\/"},{"@type":"ListItem","position":2,"name":"Crisis econ\u00f3mica y un MAS dividido marcan D\u00eda del Estado Plurinacional"}]},{"@type":"WebSite","@id":"https:\/\/www.eldiario.net\/portal\/#website","url":"https:\/\/www.eldiario.net\/portal\/","name":"El Diario - Decano de la prensa nacional","description":"El Diario - Decano de la prensa nacional","publisher":{"@id":"https:\/\/www.eldiario.net\/portal\/#organization"},"potentialAction":[{"@type":"SearchAction","target":{"@type":"EntryPoint","urlTemplate":"https:\/\/www.eldiario.net\/portal\/?s={search_term_string}"},"query-input":{"@type":"PropertyValueSpecification","valueRequired":true,"valueName":"search_term_string"}}],"inLanguage":"es"},{"@type":"Organization","@id":"https:\/\/www.eldiario.net\/portal\/#organization","name":"El Diario - Decano de la prensa nacional","url":"https:\/\/www.eldiario.net\/portal\/","logo":{"@type":"ImageObject","inLanguage":"es","@id":"https:\/\/www.eldiario.net\/portal\/#\/schema\/logo\/image\/","url":"https:\/\/www.eldiario.net\/portal\/wp-content\/uploads\/2023\/07\/logo_ED.jpg","contentUrl":"https:\/\/www.eldiario.net\/portal\/wp-content\/uploads\/2023\/07\/logo_ED.jpg","width":272,"height":52,"caption":"El Diario - Decano de la prensa nacional"},"image":{"@id":"https:\/\/www.eldiario.net\/portal\/#\/schema\/logo\/image\/"},"sameAs":["https:\/\/www.facebook.com\/eldiario.bolivia\/","https:\/\/x.com\/eldiario_net"]},{"@type":"Person","@id":"https:\/\/www.eldiario.net\/portal\/#\/schema\/person\/f46445640444750d7d753ccd04ae01b7","name":"Jeanette","image":{"@type":"ImageObject","inLanguage":"es","@id":"https:\/\/secure.gravatar.com\/avatar\/3ea2118a5f7dad2b7138b1187a6b7ee55f160b9968b66013c3a3ef39dd7e5798?s=96&d=mm&r=g","url":"https:\/\/secure.gravatar.com\/avatar\/3ea2118a5f7dad2b7138b1187a6b7ee55f160b9968b66013c3a3ef39dd7e5798?s=96&d=mm&r=g","contentUrl":"https:\/\/secure.gravatar.com\/avatar\/3ea2118a5f7dad2b7138b1187a6b7ee55f160b9968b66013c3a3ef39dd7e5798?s=96&d=mm&r=g","caption":"Jeanette"},"sameAs":["https:\/\/www.eldiario.net\/portal"],"url":"https:\/\/www.eldiario.net\/portal\/author\/jeanette\/"}]}},"_links":{"self":[{"href":"https:\/\/www.eldiario.net\/portal\/wp-json\/wp\/v2\/posts\/198966","targetHints":{"allow":["GET"]}}],"collection":[{"href":"https:\/\/www.eldiario.net\/portal\/wp-json\/wp\/v2\/posts"}],"about":[{"href":"https:\/\/www.eldiario.net\/portal\/wp-json\/wp\/v2\/types\/post"}],"author":[{"embeddable":true,"href":"https:\/\/www.eldiario.net\/portal\/wp-json\/wp\/v2\/users\/1"}],"replies":[{"embeddable":true,"href":"https:\/\/www.eldiario.net\/portal\/wp-json\/wp\/v2\/comments?post=198966"}],"version-history":[{"count":1,"href":"https:\/\/www.eldiario.net\/portal\/wp-json\/wp\/v2\/posts\/198966\/revisions"}],"predecessor-version":[{"id":198969,"href":"https:\/\/www.eldiario.net\/portal\/wp-json\/wp\/v2\/posts\/198966\/revisions\/198969"}],"wp:featuredmedia":[{"embeddable":true,"href":"https:\/\/www.eldiario.net\/portal\/wp-json\/wp\/v2\/media\/198968"}],"wp:attachment":[{"href":"https:\/\/www.eldiario.net\/portal\/wp-json\/wp\/v2\/media?parent=198966"}],"wp:term":[{"taxonomy":"category","embeddable":true,"href":"https:\/\/www.eldiario.net\/portal\/wp-json\/wp\/v2\/categories?post=198966"},{"taxonomy":"post_tag","embeddable":true,"href":"https:\/\/www.eldiario.net\/portal\/wp-json\/wp\/v2\/tags?post=198966"}],"curies":[{"name":"wp","href":"https:\/\/api.w.org\/{rel}","templated":true}]}}