{"id":198949,"date":"2024-01-22T06:21:04","date_gmt":"2024-01-22T10:21:04","guid":{"rendered":"https:\/\/www.eldiario.net\/portal\/?p=198949"},"modified":"2024-01-22T06:21:04","modified_gmt":"2024-01-22T10:21:04","slug":"gestionan-apoyo-para-familias-afectadas-por-las-inundaciones","status":"publish","type":"post","link":"https:\/\/www.eldiario.net\/portal\/2024\/01\/22\/gestionan-apoyo-para-familias-afectadas-por-las-inundaciones\/","title":{"rendered":"Gestionan apoyo para familias  afectadas por las inundaciones"},"content":{"rendered":"<p>Al menos 13 municipios de Cochabamba se alistan para ejecutar obras que les permitan protegerse del fen\u00f3meno de El Ni\u00f1o. Para concretar estos trabajos, el Estado gestiona la entrega de 100 toneladas de cemento.<br \/>\nLos territorios m\u00e1s afacetados por las lluvias ser\u00e1n beneficiados con esta ayuda, como Tiquipaya, San Benito, Pocona, Villa Rivero, Bol\u00edvar, Cliza, Totora, Arque, Santiv\u00e1\u00f1ez, Totora, Vinto, Mizque y Tapacar\u00ed.<br \/>\nEn suma, los 13 municipios tienen a disposici\u00f3n 100 toneladas de cemento para construir muros de contenci\u00f3n y otras obras preventivas. La inversi\u00f3n econ\u00f3mica asciende a m\u00e1s de 91 mil bolivianos.<br \/>\nDe manera paralela, ayudan a las poblaciones afectadas por los fen\u00f3menos naturales. De acuerdo con informaci\u00f3n proporcionada por el viceministro de Defensa Civil, Bolivia registr\u00f3 m\u00e1s de 4.000 familias damnificadas por las lluvias e inundaciones entre noviembre y lo que va de enero, otras 370 por las heladas y granizadas.<br \/>\nEn el inicio de la temporada de lluvias, las precipitaciones pluviales dejaron en el pa\u00eds seis regiones afectadas: La Paz, Cochabamba, Santa Cruz, Potos\u00ed, Chuquisaca y Tarija, las mismas que por el momento no han declarado el desastre o emergencia departamental.<br \/>\nAdem\u00e1s de las lluvias e inundaciones, Cochabamba, La Paz, Potos\u00ed, Chuquisaca y Tarija tambi\u00e9n se han visto afectadas en los \u00faltimos meses por granizadas y heladas, que hasta el momento dejaron 370 familias damnificadas y otras 315 familias afectadas.<br \/>\nEl Gobierno Nacional atendi\u00f3 a 3.221 familias en tres departamentos, en los que entreg\u00f3 122,7 toneladas de ayuda humanitaria con una inversi\u00f3n de Bs 844.654.<br \/>\nUno de los eventos recientes se present\u00f3 en Tipuani, en el norte de La Paz, donde producto de las lluvias cedieron dos muros de contenci\u00f3n que proteg\u00edan al pueblo de la crecida del r\u00edo, lo que provoc\u00f3 el hacinamiento de varias viviendas en el lugar.<br \/>\nDe acuerdo con el Servicio Nacional de Meteorolog\u00eda e Hidrolog\u00eda (Senamhi), la temporada de lluvias comenz\u00f3 en noviembre pasado y est\u00e1 previsto que se extienda hasta marzo o abril del presente a\u00f1o. (Cochabamba, agencias)<\/p>\n","protected":false},"excerpt":{"rendered":"<p>Al menos 13 municipios de Cochabamba se alistan para ejecutar obras que les permitan protegerse del fen\u00f3meno de El Ni\u00f1o. Para concretar estos trabajos, el Estado gestiona la entrega de 100 toneladas de cemento. Los territorios m\u00e1s afacetados por las lluvias ser\u00e1n beneficiados con esta ayuda, como Tiquipaya, San Benito, Pocona, Villa Rivero, Bol\u00edvar, Cliza, [&hellip;]<\/p>\n","protected":false},"author":1,"featured_media":198950,"comment_status":"open","ping_status":"open","sticky":false,"template":"","format":"standard","meta":{"_acf_changed":false,"footnotes":""},"categories":[12],"tags":[],"class_list":["post-198949","post","type-post","status-publish","format-standard","has-post-thumbnail","category-nacional"],"acf":{"antetitulo":"Cochabamba"},"yoast_head":"<!-- This site is optimized with the Yoast SEO plugin v28.3 - https:\/\/yoast.com\/product\/yoast-seo-wordpress\/ -->\n<title>Gestionan apoyo para familias afectadas por las inundaciones - El Diario - Bolivia<\/title>\n<meta name=\"robots\" content=\"index, follow, max-snippet:-1, max-image-preview:large, max-video-preview:-1\" \/>\n<link rel=\"canonical\" href=\"https:\/\/www.eldiario.net\/portal\/2024\/01\/22\/gestionan-apoyo-para-familias-afectadas-por-las-inundaciones\/\" \/>\n<meta property=\"og:locale\" content=\"es_ES\" \/>\n<meta property=\"og:type\" content=\"article\" \/>\n<meta property=\"og:title\" content=\"Gestionan apoyo para familias afectadas por las inundaciones - El Diario - Bolivia\" \/>\n<meta property=\"og:description\" content=\"Al menos 13 municipios de Cochabamba se alistan para ejecutar obras que les permitan protegerse del fen\u00f3meno de El Ni\u00f1o. Para concretar estos trabajos, el Estado gestiona la entrega de 100 toneladas de cemento. Los territorios m\u00e1s afacetados por las lluvias ser\u00e1n beneficiados con esta ayuda, como Tiquipaya, San Benito, Pocona, Villa Rivero, Bol\u00edvar, Cliza, [&hellip;]\" \/>\n<meta property=\"og:url\" content=\"https:\/\/www.eldiario.net\/portal\/2024\/01\/22\/gestionan-apoyo-para-familias-afectadas-por-las-inundaciones\/\" \/>\n<meta property=\"og:site_name\" content=\"El Diario - Bolivia\" \/>\n<meta property=\"article:publisher\" content=\"https:\/\/www.facebook.com\/eldiario.bolivia\/\" \/>\n<meta property=\"article:published_time\" content=\"2024-01-22T10:21:04+00:00\" \/>\n<meta property=\"og:image\" content=\"https:\/\/www.eldiario.net\/portal\/wp-content\/uploads\/2024\/01\/22-AYUDA.jpg\" \/>\n\t<meta property=\"og:image:width\" content=\"980\" \/>\n\t<meta property=\"og:image:height\" content=\"736\" \/>\n\t<meta property=\"og:image:type\" content=\"image\/jpeg\" \/>\n<meta name=\"author\" content=\"Jeanette\" \/>\n<meta name=\"twitter:card\" content=\"summary_large_image\" \/>\n<meta name=\"twitter:creator\" content=\"@eldiario_net\" \/>\n<meta name=\"twitter:site\" content=\"@eldiario_net\" \/>\n<meta name=\"twitter:label1\" content=\"Escrito por\" \/>\n\t<meta name=\"twitter:data1\" content=\"Jeanette\" \/>\n\t<meta name=\"twitter:label2\" content=\"Tiempo de lectura\" \/>\n\t<meta name=\"twitter:data2\" content=\"2 minutos\" \/>\n<script type=\"application\/ld+json\" class=\"yoast-schema-graph\">{\"@context\":\"https:\\\/\\\/schema.org\",\"@graph\":[{\"@type\":\"Article\",\"@id\":\"https:\\\/\\\/www.eldiario.net\\\/portal\\\/2024\\\/01\\\/22\\\/gestionan-apoyo-para-familias-afectadas-por-las-inundaciones\\\/#article\",\"isPartOf\":{\"@id\":\"https:\\\/\\\/www.eldiario.net\\\/portal\\\/2024\\\/01\\\/22\\\/gestionan-apoyo-para-familias-afectadas-por-las-inundaciones\\\/\"},\"author\":{\"name\":\"Jeanette\",\"@id\":\"https:\\\/\\\/www.eldiario.net\\\/portal\\\/#\\\/schema\\\/person\\\/f46445640444750d7d753ccd04ae01b7\"},\"headline\":\"Gestionan apoyo para familias afectadas por las inundaciones\",\"datePublished\":\"2024-01-22T10:21:04+00:00\",\"mainEntityOfPage\":{\"@id\":\"https:\\\/\\\/www.eldiario.net\\\/portal\\\/2024\\\/01\\\/22\\\/gestionan-apoyo-para-familias-afectadas-por-las-inundaciones\\\/\"},\"wordCount\":348,\"commentCount\":0,\"publisher\":{\"@id\":\"https:\\\/\\\/www.eldiario.net\\\/portal\\\/#organization\"},\"image\":{\"@id\":\"https:\\\/\\\/www.eldiario.net\\\/portal\\\/2024\\\/01\\\/22\\\/gestionan-apoyo-para-familias-afectadas-por-las-inundaciones\\\/#primaryimage\"},\"thumbnailUrl\":\"https:\\\/\\\/www.eldiario.net\\\/portal\\\/wp-content\\\/uploads\\\/2024\\\/01\\\/22-AYUDA.jpg\",\"articleSection\":[\"Nacional\"],\"inLanguage\":\"es\",\"potentialAction\":[{\"@type\":\"CommentAction\",\"name\":\"Comment\",\"target\":[\"https:\\\/\\\/www.eldiario.net\\\/portal\\\/2024\\\/01\\\/22\\\/gestionan-apoyo-para-familias-afectadas-por-las-inundaciones\\\/#respond\"]}]},{\"@type\":\"WebPage\",\"@id\":\"https:\\\/\\\/www.eldiario.net\\\/portal\\\/2024\\\/01\\\/22\\\/gestionan-apoyo-para-familias-afectadas-por-las-inundaciones\\\/\",\"url\":\"https:\\\/\\\/www.eldiario.net\\\/portal\\\/2024\\\/01\\\/22\\\/gestionan-apoyo-para-familias-afectadas-por-las-inundaciones\\\/\",\"name\":\"Gestionan apoyo para familias afectadas por las inundaciones - El Diario - Bolivia\",\"isPartOf\":{\"@id\":\"https:\\\/\\\/www.eldiario.net\\\/portal\\\/#website\"},\"primaryImageOfPage\":{\"@id\":\"https:\\\/\\\/www.eldiario.net\\\/portal\\\/2024\\\/01\\\/22\\\/gestionan-apoyo-para-familias-afectadas-por-las-inundaciones\\\/#primaryimage\"},\"image\":{\"@id\":\"https:\\\/\\\/www.eldiario.net\\\/portal\\\/2024\\\/01\\\/22\\\/gestionan-apoyo-para-familias-afectadas-por-las-inundaciones\\\/#primaryimage\"},\"thumbnailUrl\":\"https:\\\/\\\/www.eldiario.net\\\/portal\\\/wp-content\\\/uploads\\\/2024\\\/01\\\/22-AYUDA.jpg\",\"datePublished\":\"2024-01-22T10:21:04+00:00\",\"breadcrumb\":{\"@id\":\"https:\\\/\\\/www.eldiario.net\\\/portal\\\/2024\\\/01\\\/22\\\/gestionan-apoyo-para-familias-afectadas-por-las-inundaciones\\\/#breadcrumb\"},\"inLanguage\":\"es\",\"potentialAction\":[{\"@type\":\"ReadAction\",\"target\":[\"https:\\\/\\\/www.eldiario.net\\\/portal\\\/2024\\\/01\\\/22\\\/gestionan-apoyo-para-familias-afectadas-por-las-inundaciones\\\/\"]}]},{\"@type\":\"ImageObject\",\"inLanguage\":\"es\",\"@id\":\"https:\\\/\\\/www.eldiario.net\\\/portal\\\/2024\\\/01\\\/22\\\/gestionan-apoyo-para-familias-afectadas-por-las-inundaciones\\\/#primaryimage\",\"url\":\"https:\\\/\\\/www.eldiario.net\\\/portal\\\/wp-content\\\/uploads\\\/2024\\\/01\\\/22-AYUDA.jpg\",\"contentUrl\":\"https:\\\/\\\/www.eldiario.net\\\/portal\\\/wp-content\\\/uploads\\\/2024\\\/01\\\/22-AYUDA.jpg\",\"width\":980,\"height\":736,\"caption\":\"Con las \u00faltimas lluvias varias zonas quedaron afectadas en Cochabamba.\"},{\"@type\":\"BreadcrumbList\",\"@id\":\"https:\\\/\\\/www.eldiario.net\\\/portal\\\/2024\\\/01\\\/22\\\/gestionan-apoyo-para-familias-afectadas-por-las-inundaciones\\\/#breadcrumb\",\"itemListElement\":[{\"@type\":\"ListItem\",\"position\":1,\"name\":\"Portada\",\"item\":\"https:\\\/\\\/www.eldiario.net\\\/portal\\\/\"},{\"@type\":\"ListItem\",\"position\":2,\"name\":\"Gestionan apoyo para familias afectadas por las inundaciones\"}]},{\"@type\":\"WebSite\",\"@id\":\"https:\\\/\\\/www.eldiario.net\\\/portal\\\/#website\",\"url\":\"https:\\\/\\\/www.eldiario.net\\\/portal\\\/\",\"name\":\"El Diario - Decano de la prensa nacional\",\"description\":\"El Diario - Decano de la prensa nacional\",\"publisher\":{\"@id\":\"https:\\\/\\\/www.eldiario.net\\\/portal\\\/#organization\"},\"potentialAction\":[{\"@type\":\"SearchAction\",\"target\":{\"@type\":\"EntryPoint\",\"urlTemplate\":\"https:\\\/\\\/www.eldiario.net\\\/portal\\\/?s={search_term_string}\"},\"query-input\":{\"@type\":\"PropertyValueSpecification\",\"valueRequired\":true,\"valueName\":\"search_term_string\"}}],\"inLanguage\":\"es\"},{\"@type\":\"Organization\",\"@id\":\"https:\\\/\\\/www.eldiario.net\\\/portal\\\/#organization\",\"name\":\"El Diario - Decano de la prensa nacional\",\"url\":\"https:\\\/\\\/www.eldiario.net\\\/portal\\\/\",\"logo\":{\"@type\":\"ImageObject\",\"inLanguage\":\"es\",\"@id\":\"https:\\\/\\\/www.eldiario.net\\\/portal\\\/#\\\/schema\\\/logo\\\/image\\\/\",\"url\":\"https:\\\/\\\/www.eldiario.net\\\/portal\\\/wp-content\\\/uploads\\\/2023\\\/07\\\/logo_ED.jpg\",\"contentUrl\":\"https:\\\/\\\/www.eldiario.net\\\/portal\\\/wp-content\\\/uploads\\\/2023\\\/07\\\/logo_ED.jpg\",\"width\":272,\"height\":52,\"caption\":\"El Diario - Decano de la prensa nacional\"},\"image\":{\"@id\":\"https:\\\/\\\/www.eldiario.net\\\/portal\\\/#\\\/schema\\\/logo\\\/image\\\/\"},\"sameAs\":[\"https:\\\/\\\/www.facebook.com\\\/eldiario.bolivia\\\/\",\"https:\\\/\\\/x.com\\\/eldiario_net\"]},{\"@type\":\"Person\",\"@id\":\"https:\\\/\\\/www.eldiario.net\\\/portal\\\/#\\\/schema\\\/person\\\/f46445640444750d7d753ccd04ae01b7\",\"name\":\"Jeanette\",\"image\":{\"@type\":\"ImageObject\",\"inLanguage\":\"es\",\"@id\":\"https:\\\/\\\/secure.gravatar.com\\\/avatar\\\/3ea2118a5f7dad2b7138b1187a6b7ee55f160b9968b66013c3a3ef39dd7e5798?s=96&d=mm&r=g\",\"url\":\"https:\\\/\\\/secure.gravatar.com\\\/avatar\\\/3ea2118a5f7dad2b7138b1187a6b7ee55f160b9968b66013c3a3ef39dd7e5798?s=96&d=mm&r=g\",\"contentUrl\":\"https:\\\/\\\/secure.gravatar.com\\\/avatar\\\/3ea2118a5f7dad2b7138b1187a6b7ee55f160b9968b66013c3a3ef39dd7e5798?s=96&d=mm&r=g\",\"caption\":\"Jeanette\"},\"sameAs\":[\"https:\\\/\\\/www.eldiario.net\\\/portal\"],\"url\":\"https:\\\/\\\/www.eldiario.net\\\/portal\\\/author\\\/jeanette\\\/\"}]}<\/script>\n<!-- \/ Yoast SEO plugin. -->","yoast_head_json":{"title":"Gestionan apoyo para familias afectadas por las inundaciones - El Diario - Bolivia","robots":{"index":"index","follow":"follow","max-snippet":"max-snippet:-1","max-image-preview":"max-image-preview:large","max-video-preview":"max-video-preview:-1"},"canonical":"https:\/\/www.eldiario.net\/portal\/2024\/01\/22\/gestionan-apoyo-para-familias-afectadas-por-las-inundaciones\/","og_locale":"es_ES","og_type":"article","og_title":"Gestionan apoyo para familias afectadas por las inundaciones - El Diario - Bolivia","og_description":"Al menos 13 municipios de Cochabamba se alistan para ejecutar obras que les permitan protegerse del fen\u00f3meno de El Ni\u00f1o. Para concretar estos trabajos, el Estado gestiona la entrega de 100 toneladas de cemento. Los territorios m\u00e1s afacetados por las lluvias ser\u00e1n beneficiados con esta ayuda, como Tiquipaya, San Benito, Pocona, Villa Rivero, Bol\u00edvar, Cliza, [&hellip;]","og_url":"https:\/\/www.eldiario.net\/portal\/2024\/01\/22\/gestionan-apoyo-para-familias-afectadas-por-las-inundaciones\/","og_site_name":"El Diario - Bolivia","article_publisher":"https:\/\/www.facebook.com\/eldiario.bolivia\/","article_published_time":"2024-01-22T10:21:04+00:00","og_image":[{"width":980,"height":736,"url":"https:\/\/www.eldiario.net\/portal\/wp-content\/uploads\/2024\/01\/22-AYUDA.jpg","type":"image\/jpeg"}],"author":"Jeanette","twitter_card":"summary_large_image","twitter_creator":"@eldiario_net","twitter_site":"@eldiario_net","twitter_misc":{"Escrito por":"Jeanette","Tiempo de lectura":"2 minutos"},"schema":{"@context":"https:\/\/schema.org","@graph":[{"@type":"Article","@id":"https:\/\/www.eldiario.net\/portal\/2024\/01\/22\/gestionan-apoyo-para-familias-afectadas-por-las-inundaciones\/#article","isPartOf":{"@id":"https:\/\/www.eldiario.net\/portal\/2024\/01\/22\/gestionan-apoyo-para-familias-afectadas-por-las-inundaciones\/"},"author":{"name":"Jeanette","@id":"https:\/\/www.eldiario.net\/portal\/#\/schema\/person\/f46445640444750d7d753ccd04ae01b7"},"headline":"Gestionan apoyo para familias afectadas por las inundaciones","datePublished":"2024-01-22T10:21:04+00:00","mainEntityOfPage":{"@id":"https:\/\/www.eldiario.net\/portal\/2024\/01\/22\/gestionan-apoyo-para-familias-afectadas-por-las-inundaciones\/"},"wordCount":348,"commentCount":0,"publisher":{"@id":"https:\/\/www.eldiario.net\/portal\/#organization"},"image":{"@id":"https:\/\/www.eldiario.net\/portal\/2024\/01\/22\/gestionan-apoyo-para-familias-afectadas-por-las-inundaciones\/#primaryimage"},"thumbnailUrl":"https:\/\/www.eldiario.net\/portal\/wp-content\/uploads\/2024\/01\/22-AYUDA.jpg","articleSection":["Nacional"],"inLanguage":"es","potentialAction":[{"@type":"CommentAction","name":"Comment","target":["https:\/\/www.eldiario.net\/portal\/2024\/01\/22\/gestionan-apoyo-para-familias-afectadas-por-las-inundaciones\/#respond"]}]},{"@type":"WebPage","@id":"https:\/\/www.eldiario.net\/portal\/2024\/01\/22\/gestionan-apoyo-para-familias-afectadas-por-las-inundaciones\/","url":"https:\/\/www.eldiario.net\/portal\/2024\/01\/22\/gestionan-apoyo-para-familias-afectadas-por-las-inundaciones\/","name":"Gestionan apoyo para familias afectadas por las inundaciones - El Diario - Bolivia","isPartOf":{"@id":"https:\/\/www.eldiario.net\/portal\/#website"},"primaryImageOfPage":{"@id":"https:\/\/www.eldiario.net\/portal\/2024\/01\/22\/gestionan-apoyo-para-familias-afectadas-por-las-inundaciones\/#primaryimage"},"image":{"@id":"https:\/\/www.eldiario.net\/portal\/2024\/01\/22\/gestionan-apoyo-para-familias-afectadas-por-las-inundaciones\/#primaryimage"},"thumbnailUrl":"https:\/\/www.eldiario.net\/portal\/wp-content\/uploads\/2024\/01\/22-AYUDA.jpg","datePublished":"2024-01-22T10:21:04+00:00","breadcrumb":{"@id":"https:\/\/www.eldiario.net\/portal\/2024\/01\/22\/gestionan-apoyo-para-familias-afectadas-por-las-inundaciones\/#breadcrumb"},"inLanguage":"es","potentialAction":[{"@type":"ReadAction","target":["https:\/\/www.eldiario.net\/portal\/2024\/01\/22\/gestionan-apoyo-para-familias-afectadas-por-las-inundaciones\/"]}]},{"@type":"ImageObject","inLanguage":"es","@id":"https:\/\/www.eldiario.net\/portal\/2024\/01\/22\/gestionan-apoyo-para-familias-afectadas-por-las-inundaciones\/#primaryimage","url":"https:\/\/www.eldiario.net\/portal\/wp-content\/uploads\/2024\/01\/22-AYUDA.jpg","contentUrl":"https:\/\/www.eldiario.net\/portal\/wp-content\/uploads\/2024\/01\/22-AYUDA.jpg","width":980,"height":736,"caption":"Con las \u00faltimas lluvias varias zonas quedaron afectadas en Cochabamba."},{"@type":"BreadcrumbList","@id":"https:\/\/www.eldiario.net\/portal\/2024\/01\/22\/gestionan-apoyo-para-familias-afectadas-por-las-inundaciones\/#breadcrumb","itemListElement":[{"@type":"ListItem","position":1,"name":"Portada","item":"https:\/\/www.eldiario.net\/portal\/"},{"@type":"ListItem","position":2,"name":"Gestionan apoyo para familias afectadas por las inundaciones"}]},{"@type":"WebSite","@id":"https:\/\/www.eldiario.net\/portal\/#website","url":"https:\/\/www.eldiario.net\/portal\/","name":"El Diario - Decano de la prensa nacional","description":"El Diario - Decano de la prensa nacional","publisher":{"@id":"https:\/\/www.eldiario.net\/portal\/#organization"},"potentialAction":[{"@type":"SearchAction","target":{"@type":"EntryPoint","urlTemplate":"https:\/\/www.eldiario.net\/portal\/?s={search_term_string}"},"query-input":{"@type":"PropertyValueSpecification","valueRequired":true,"valueName":"search_term_string"}}],"inLanguage":"es"},{"@type":"Organization","@id":"https:\/\/www.eldiario.net\/portal\/#organization","name":"El Diario - Decano de la prensa nacional","url":"https:\/\/www.eldiario.net\/portal\/","logo":{"@type":"ImageObject","inLanguage":"es","@id":"https:\/\/www.eldiario.net\/portal\/#\/schema\/logo\/image\/","url":"https:\/\/www.eldiario.net\/portal\/wp-content\/uploads\/2023\/07\/logo_ED.jpg","contentUrl":"https:\/\/www.eldiario.net\/portal\/wp-content\/uploads\/2023\/07\/logo_ED.jpg","width":272,"height":52,"caption":"El Diario - Decano de la prensa nacional"},"image":{"@id":"https:\/\/www.eldiario.net\/portal\/#\/schema\/logo\/image\/"},"sameAs":["https:\/\/www.facebook.com\/eldiario.bolivia\/","https:\/\/x.com\/eldiario_net"]},{"@type":"Person","@id":"https:\/\/www.eldiario.net\/portal\/#\/schema\/person\/f46445640444750d7d753ccd04ae01b7","name":"Jeanette","image":{"@type":"ImageObject","inLanguage":"es","@id":"https:\/\/secure.gravatar.com\/avatar\/3ea2118a5f7dad2b7138b1187a6b7ee55f160b9968b66013c3a3ef39dd7e5798?s=96&d=mm&r=g","url":"https:\/\/secure.gravatar.com\/avatar\/3ea2118a5f7dad2b7138b1187a6b7ee55f160b9968b66013c3a3ef39dd7e5798?s=96&d=mm&r=g","contentUrl":"https:\/\/secure.gravatar.com\/avatar\/3ea2118a5f7dad2b7138b1187a6b7ee55f160b9968b66013c3a3ef39dd7e5798?s=96&d=mm&r=g","caption":"Jeanette"},"sameAs":["https:\/\/www.eldiario.net\/portal"],"url":"https:\/\/www.eldiario.net\/portal\/author\/jeanette\/"}]}},"_links":{"self":[{"href":"https:\/\/www.eldiario.net\/portal\/wp-json\/wp\/v2\/posts\/198949","targetHints":{"allow":["GET"]}}],"collection":[{"href":"https:\/\/www.eldiario.net\/portal\/wp-json\/wp\/v2\/posts"}],"about":[{"href":"https:\/\/www.eldiario.net\/portal\/wp-json\/wp\/v2\/types\/post"}],"author":[{"embeddable":true,"href":"https:\/\/www.eldiario.net\/portal\/wp-json\/wp\/v2\/users\/1"}],"replies":[{"embeddable":true,"href":"https:\/\/www.eldiario.net\/portal\/wp-json\/wp\/v2\/comments?post=198949"}],"version-history":[{"count":1,"href":"https:\/\/www.eldiario.net\/portal\/wp-json\/wp\/v2\/posts\/198949\/revisions"}],"predecessor-version":[{"id":198951,"href":"https:\/\/www.eldiario.net\/portal\/wp-json\/wp\/v2\/posts\/198949\/revisions\/198951"}],"wp:featuredmedia":[{"embeddable":true,"href":"https:\/\/www.eldiario.net\/portal\/wp-json\/wp\/v2\/media\/198950"}],"wp:attachment":[{"href":"https:\/\/www.eldiario.net\/portal\/wp-json\/wp\/v2\/media?parent=198949"}],"wp:term":[{"taxonomy":"category","embeddable":true,"href":"https:\/\/www.eldiario.net\/portal\/wp-json\/wp\/v2\/categories?post=198949"},{"taxonomy":"post_tag","embeddable":true,"href":"https:\/\/www.eldiario.net\/portal\/wp-json\/wp\/v2\/tags?post=198949"}],"curies":[{"name":"wp","href":"https:\/\/api.w.org\/{rel}","templated":true}]}}