{"id":198730,"date":"2024-01-21T07:04:15","date_gmt":"2024-01-21T11:04:15","guid":{"rendered":"https:\/\/www.eldiario.net\/portal\/?p=198730"},"modified":"2024-01-21T07:04:15","modified_gmt":"2024-01-21T11:04:15","slug":"un-millonario-gasto-del-estado-mantiene-bloque-politico-oficialista","status":"publish","type":"post","link":"https:\/\/www.eldiario.net\/portal\/2024\/01\/21\/un-millonario-gasto-del-estado-mantiene-bloque-politico-oficialista\/","title":{"rendered":"Un millonario gasto del Estado mantiene bloque pol\u00edtico oficialista"},"content":{"rendered":"<p>El senador por Comunidad Ciudadana (CC), Rodrigo Paz Pereira, reproch\u00f3 que la estructura pol\u00edtica del partido gobernante sea mantenida con recursos de todos los bolivianos. El asamble\u00edsta, asimismo, cuestion\u00f3 que para acceder a una fuente de empleo en entidades p\u00fablicas, se deba contar con respaldos de organizaciones afines al Movimiento al Socialismo (MAS), antes que m\u00e9ritos acad\u00e9micos o trayectoria profesional.<br \/>\nReproch\u00f3 que la firma (aval) de organizaciones sociales afines al partido de Gobierno, contin\u00fae siendo la \u00fanica forma en que un profesional logre acceder a un cargo en la administraci\u00f3n p\u00fablica.<br \/>\n\u201cLa firma es lo que vale en Bolivia, para entrar a trabajar en cualquier empresa p\u00fablica deficitaria o en dependencias del Estado, necesitas la firma de los miembros del Pacto de Unidad, ll\u00e1mese Bartolinas, COB u otra organizaci\u00f3n. Sin esta firma no trabajas, no importa tus m\u00e9ritos acad\u00e9micos o tu trayectoria profesional\u201d, lament\u00f3 el parlamentario de la oposici\u00f3n.<br \/>\nEn ese contexto, cuestion\u00f3 que la elevada cantidad de funcionarios que ocupan cargos en entidades estatales, contratados por ser militantes del partido azul y no por m\u00e9ritos, reciban salarios del Estado.<br \/>\nPara el asamble\u00edsta por el departamento de Tarija, esta realidad significa que la manutenci\u00f3n de un bloque pol\u00edtico significativo, se solventa con recursos de todos los ciudadanos.<br \/>\n\u201cLos bolivianos pagamos 7.000 millones de d\u00f3lares para mantener ese bloque pol\u00edtico hoy en d\u00eda a nivel nacional\u201d, asegur\u00f3.<br \/>\nEn su opini\u00f3n, el gasto que representa el sostenimiento de salarios para empleados p\u00fablicos en empresas deficitarias, tienen que ver con las recientes medidas de \u201causteridad\u201d dispuestas por el Gobierno, a trav\u00e9s del Ministerio de Econom\u00eda. Disposiciones que, en criterio del asamble\u00edsta, no representa ni el 2% del gasto corriente.<br \/>\n\u201cLo grueso del Estado est\u00e1 en los salarios que representa el 60% del Presupuesto General del Estado que es gasto corriente, 24% se destina para pagar la deuda internacional, el servicio, no el capital y s\u00f3lo el 16% es para inversi\u00f3n y donde se invierte en empresas estatales que no dan utilidad\u201d, manifest\u00f3.<br \/>\nEl Gobierno \u2013dijo\u2013 no tiene la intenci\u00f3n de modificar las partidas tanto para la inversi\u00f3n como del gasto corriente y aclar\u00f3 que internacionalmente no pueden tocar ese 24%, que es para pagar el servicio de la deuda.<br \/>\nSugiri\u00f3 que de los $us 7 mil millones que concentra el Estado, que es gasto corriente, la mitad lo destine a emprendimientos, \u201c50% de inversi\u00f3n en los emprendedores, en los j\u00f3venes, en la gente\u201d, remarc\u00f3.<br \/>\nLa semana pasada, el Ministerio de Econom\u00eda instruy\u00f3 a las entidades p\u00fablicas del Estado reducir gastos en vi\u00e1ticos, veh\u00edculos, celulares y otros, en el marco de una pol\u00edtica de austeridad.<br \/>\nLa medida tambi\u00e9n fue criticada por los asamble\u00edstas, como el senador cruce\u00f1o Henry Montero, quien pidi\u00f3 al gobierno del Movimiento al Socialismo, predicar con el ejemplo y explicar los motivos para que en esta gesti\u00f3n se hayan presupuestado incrementos destinados a la propaganda y el mantenimiento del avi\u00f3n presidencial.<br \/>\nEl asamble\u00edsta de la alianza Creemos sostuvo que toda medida de austeridad debe ser acompa\u00f1ada con el ejemplo y la actual administraci\u00f3n ha demostrado todo lo contrario mediante acciones y determinaciones que demuestran un manejo econ\u00f3mico irresponsable.<br \/>\n\u201cSe aument\u00f3 presupuesto para su avi\u00f3n y propaganda, se afirma que la industrializaci\u00f3n avanza y las empresas p\u00fablicas avanzan, pero avanzan para atr\u00e1s y no para adelante. Hay que predicar con el ejemplo, por decretazo est\u00e1 estableciendo que est\u00e9 vigente el presupuesto general, la situaci\u00f3n econ\u00f3mica ha tocado fondo, cuando no existen d\u00f3lares para las importaciones, cuando los productos de la canasta familiar aumentaron y el boliviano est\u00e1 sufriendo\u201d, afirm\u00f3.<br \/>\nEl legislador cruce\u00f1o tambi\u00e9n cuestion\u00f3 al MAS, sobre el derroche millonario de los recursos del Estado, durante la \u00e9poca de bonanza por los ingresos de los hidrocarburos en la construcci\u00f3n de elefantes blancos y denuncias de corrupci\u00f3n.<\/p>\n","protected":false},"excerpt":{"rendered":"<p>El senador por Comunidad Ciudadana (CC), Rodrigo Paz Pereira, reproch\u00f3 que la estructura pol\u00edtica del partido gobernante sea mantenida con recursos de todos los bolivianos. El asamble\u00edsta, asimismo, cuestion\u00f3 que para acceder a una fuente de empleo en entidades p\u00fablicas, se deba contar con respaldos de organizaciones afines al Movimiento al Socialismo (MAS), antes que [&hellip;]<\/p>\n","protected":false},"author":1,"featured_media":198731,"comment_status":"open","ping_status":"open","sticky":false,"template":"","format":"standard","meta":{"_acf_changed":false,"footnotes":""},"categories":[14],"tags":[],"class_list":["post-198730","post","type-post","status-publish","format-standard","has-post-thumbnail","category-politica"],"acf":{"antetitulo":"Senador Rodrigo Paz "},"yoast_head":"<!-- This site is optimized with the Yoast SEO plugin v28.4 - https:\/\/yoast.com\/product\/yoast-seo-wordpress\/ -->\n<title>Un millonario gasto del Estado mantiene bloque pol\u00edtico oficialista - El Diario - Bolivia<\/title>\n<meta name=\"robots\" content=\"index, follow, max-snippet:-1, max-image-preview:large, max-video-preview:-1\" \/>\n<link rel=\"canonical\" href=\"https:\/\/www.eldiario.net\/portal\/2024\/01\/21\/un-millonario-gasto-del-estado-mantiene-bloque-politico-oficialista\/\" \/>\n<meta property=\"og:locale\" content=\"es_ES\" \/>\n<meta property=\"og:type\" content=\"article\" \/>\n<meta property=\"og:title\" content=\"Un millonario gasto del Estado mantiene bloque pol\u00edtico oficialista - El Diario - Bolivia\" \/>\n<meta property=\"og:description\" content=\"El senador por Comunidad Ciudadana (CC), Rodrigo Paz Pereira, reproch\u00f3 que la estructura pol\u00edtica del partido gobernante sea mantenida con recursos de todos los bolivianos. El asamble\u00edsta, asimismo, cuestion\u00f3 que para acceder a una fuente de empleo en entidades p\u00fablicas, se deba contar con respaldos de organizaciones afines al Movimiento al Socialismo (MAS), antes que [&hellip;]\" \/>\n<meta property=\"og:url\" content=\"https:\/\/www.eldiario.net\/portal\/2024\/01\/21\/un-millonario-gasto-del-estado-mantiene-bloque-politico-oficialista\/\" \/>\n<meta property=\"og:site_name\" content=\"El Diario - Bolivia\" \/>\n<meta property=\"article:publisher\" content=\"https:\/\/www.facebook.com\/eldiario.bolivia\/\" \/>\n<meta property=\"article:published_time\" content=\"2024-01-21T11:04:15+00:00\" \/>\n<meta property=\"og:image\" content=\"https:\/\/www.eldiario.net\/portal\/wp-content\/uploads\/2024\/01\/GASTO-PAZ.jpg\" \/>\n\t<meta property=\"og:image:width\" content=\"1280\" \/>\n\t<meta property=\"og:image:height\" content=\"1235\" \/>\n\t<meta property=\"og:image:type\" content=\"image\/jpeg\" \/>\n<meta name=\"author\" content=\"Jeanette\" \/>\n<meta name=\"twitter:card\" content=\"summary_large_image\" \/>\n<meta name=\"twitter:creator\" content=\"@eldiario_net\" \/>\n<meta name=\"twitter:site\" content=\"@eldiario_net\" \/>\n<meta name=\"twitter:label1\" content=\"Escrito por\" \/>\n\t<meta name=\"twitter:data1\" content=\"Jeanette\" \/>\n\t<meta name=\"twitter:label2\" content=\"Tiempo de lectura\" \/>\n\t<meta name=\"twitter:data2\" content=\"4 minutos\" \/>\n<script type=\"application\/ld+json\" class=\"yoast-schema-graph\">{\"@context\":\"https:\\\/\\\/schema.org\",\"@graph\":[{\"@type\":\"Article\",\"@id\":\"https:\\\/\\\/www.eldiario.net\\\/portal\\\/2024\\\/01\\\/21\\\/un-millonario-gasto-del-estado-mantiene-bloque-politico-oficialista\\\/#article\",\"isPartOf\":{\"@id\":\"https:\\\/\\\/www.eldiario.net\\\/portal\\\/2024\\\/01\\\/21\\\/un-millonario-gasto-del-estado-mantiene-bloque-politico-oficialista\\\/\"},\"author\":{\"name\":\"Jeanette\",\"@id\":\"https:\\\/\\\/www.eldiario.net\\\/portal\\\/#\\\/schema\\\/person\\\/2c57cf2b7a7ae032e449e4c9b1019eac\"},\"headline\":\"Un millonario gasto del Estado mantiene bloque pol\u00edtico oficialista\",\"datePublished\":\"2024-01-21T11:04:15+00:00\",\"mainEntityOfPage\":{\"@id\":\"https:\\\/\\\/www.eldiario.net\\\/portal\\\/2024\\\/01\\\/21\\\/un-millonario-gasto-del-estado-mantiene-bloque-politico-oficialista\\\/\"},\"wordCount\":683,\"commentCount\":0,\"publisher\":{\"@id\":\"https:\\\/\\\/www.eldiario.net\\\/portal\\\/#organization\"},\"image\":{\"@id\":\"https:\\\/\\\/www.eldiario.net\\\/portal\\\/2024\\\/01\\\/21\\\/un-millonario-gasto-del-estado-mantiene-bloque-politico-oficialista\\\/#primaryimage\"},\"thumbnailUrl\":\"https:\\\/\\\/www.eldiario.net\\\/portal\\\/wp-content\\\/uploads\\\/2024\\\/01\\\/GASTO-PAZ.jpg\",\"articleSection\":[\"Pol\u00edtica\"],\"inLanguage\":\"es\",\"potentialAction\":[{\"@type\":\"CommentAction\",\"name\":\"Comment\",\"target\":[\"https:\\\/\\\/www.eldiario.net\\\/portal\\\/2024\\\/01\\\/21\\\/un-millonario-gasto-del-estado-mantiene-bloque-politico-oficialista\\\/#respond\"]}]},{\"@type\":\"WebPage\",\"@id\":\"https:\\\/\\\/www.eldiario.net\\\/portal\\\/2024\\\/01\\\/21\\\/un-millonario-gasto-del-estado-mantiene-bloque-politico-oficialista\\\/\",\"url\":\"https:\\\/\\\/www.eldiario.net\\\/portal\\\/2024\\\/01\\\/21\\\/un-millonario-gasto-del-estado-mantiene-bloque-politico-oficialista\\\/\",\"name\":\"Un millonario gasto del Estado mantiene bloque pol\u00edtico oficialista - El Diario - Bolivia\",\"isPartOf\":{\"@id\":\"https:\\\/\\\/www.eldiario.net\\\/portal\\\/#website\"},\"primaryImageOfPage\":{\"@id\":\"https:\\\/\\\/www.eldiario.net\\\/portal\\\/2024\\\/01\\\/21\\\/un-millonario-gasto-del-estado-mantiene-bloque-politico-oficialista\\\/#primaryimage\"},\"image\":{\"@id\":\"https:\\\/\\\/www.eldiario.net\\\/portal\\\/2024\\\/01\\\/21\\\/un-millonario-gasto-del-estado-mantiene-bloque-politico-oficialista\\\/#primaryimage\"},\"thumbnailUrl\":\"https:\\\/\\\/www.eldiario.net\\\/portal\\\/wp-content\\\/uploads\\\/2024\\\/01\\\/GASTO-PAZ.jpg\",\"datePublished\":\"2024-01-21T11:04:15+00:00\",\"breadcrumb\":{\"@id\":\"https:\\\/\\\/www.eldiario.net\\\/portal\\\/2024\\\/01\\\/21\\\/un-millonario-gasto-del-estado-mantiene-bloque-politico-oficialista\\\/#breadcrumb\"},\"inLanguage\":\"es\",\"potentialAction\":[{\"@type\":\"ReadAction\",\"target\":[\"https:\\\/\\\/www.eldiario.net\\\/portal\\\/2024\\\/01\\\/21\\\/un-millonario-gasto-del-estado-mantiene-bloque-politico-oficialista\\\/\"]}]},{\"@type\":\"ImageObject\",\"inLanguage\":\"es\",\"@id\":\"https:\\\/\\\/www.eldiario.net\\\/portal\\\/2024\\\/01\\\/21\\\/un-millonario-gasto-del-estado-mantiene-bloque-politico-oficialista\\\/#primaryimage\",\"url\":\"https:\\\/\\\/www.eldiario.net\\\/portal\\\/wp-content\\\/uploads\\\/2024\\\/01\\\/GASTO-PAZ.jpg\",\"contentUrl\":\"https:\\\/\\\/www.eldiario.net\\\/portal\\\/wp-content\\\/uploads\\\/2024\\\/01\\\/GASTO-PAZ.jpg\",\"width\":1280,\"height\":1235,\"caption\":\"Senador, Rodrigo Paz Pereira (CC).\"},{\"@type\":\"BreadcrumbList\",\"@id\":\"https:\\\/\\\/www.eldiario.net\\\/portal\\\/2024\\\/01\\\/21\\\/un-millonario-gasto-del-estado-mantiene-bloque-politico-oficialista\\\/#breadcrumb\",\"itemListElement\":[{\"@type\":\"ListItem\",\"position\":1,\"name\":\"Portada\",\"item\":\"https:\\\/\\\/www.eldiario.net\\\/portal\\\/\"},{\"@type\":\"ListItem\",\"position\":2,\"name\":\"Un millonario gasto del Estado mantiene bloque pol\u00edtico oficialista\"}]},{\"@type\":\"WebSite\",\"@id\":\"https:\\\/\\\/www.eldiario.net\\\/portal\\\/#website\",\"url\":\"https:\\\/\\\/www.eldiario.net\\\/portal\\\/\",\"name\":\"El Diario - Decano de la prensa nacional\",\"description\":\"El Diario - Decano de la prensa nacional\",\"publisher\":{\"@id\":\"https:\\\/\\\/www.eldiario.net\\\/portal\\\/#organization\"},\"potentialAction\":[{\"@type\":\"SearchAction\",\"target\":{\"@type\":\"EntryPoint\",\"urlTemplate\":\"https:\\\/\\\/www.eldiario.net\\\/portal\\\/?s={search_term_string}\"},\"query-input\":{\"@type\":\"PropertyValueSpecification\",\"valueRequired\":true,\"valueName\":\"search_term_string\"}}],\"inLanguage\":\"es\"},{\"@type\":\"Organization\",\"@id\":\"https:\\\/\\\/www.eldiario.net\\\/portal\\\/#organization\",\"name\":\"El Diario - Decano de la prensa nacional\",\"url\":\"https:\\\/\\\/www.eldiario.net\\\/portal\\\/\",\"logo\":{\"@type\":\"ImageObject\",\"inLanguage\":\"es\",\"@id\":\"https:\\\/\\\/www.eldiario.net\\\/portal\\\/#\\\/schema\\\/logo\\\/image\\\/\",\"url\":\"https:\\\/\\\/www.eldiario.net\\\/portal\\\/wp-content\\\/uploads\\\/2023\\\/07\\\/logo_ED.jpg\",\"contentUrl\":\"https:\\\/\\\/www.eldiario.net\\\/portal\\\/wp-content\\\/uploads\\\/2023\\\/07\\\/logo_ED.jpg\",\"width\":272,\"height\":52,\"caption\":\"El Diario - Decano de la prensa nacional\"},\"image\":{\"@id\":\"https:\\\/\\\/www.eldiario.net\\\/portal\\\/#\\\/schema\\\/logo\\\/image\\\/\"},\"sameAs\":[\"https:\\\/\\\/www.facebook.com\\\/eldiario.bolivia\\\/\",\"https:\\\/\\\/x.com\\\/eldiario_net\"]},{\"@type\":\"Person\",\"@id\":\"https:\\\/\\\/www.eldiario.net\\\/portal\\\/#\\\/schema\\\/person\\\/2c57cf2b7a7ae032e449e4c9b1019eac\",\"name\":\"Jeanette\",\"image\":{\"@type\":\"ImageObject\",\"inLanguage\":\"es\",\"@id\":\"https:\\\/\\\/secure.gravatar.com\\\/avatar\\\/3ea2118a5f7dad2b7138b1187a6b7ee55f160b9968b66013c3a3ef39dd7e5798?s=96&d=mm&r=g\",\"url\":\"https:\\\/\\\/secure.gravatar.com\\\/avatar\\\/3ea2118a5f7dad2b7138b1187a6b7ee55f160b9968b66013c3a3ef39dd7e5798?s=96&d=mm&r=g\",\"contentUrl\":\"https:\\\/\\\/secure.gravatar.com\\\/avatar\\\/3ea2118a5f7dad2b7138b1187a6b7ee55f160b9968b66013c3a3ef39dd7e5798?s=96&d=mm&r=g\",\"caption\":\"Jeanette\"},\"sameAs\":[\"https:\\\/\\\/www.eldiario.net\\\/portal\"],\"url\":\"https:\\\/\\\/www.eldiario.net\\\/portal\\\/author\\\/jeanette\\\/\"}]}<\/script>\n<!-- \/ Yoast SEO plugin. -->","yoast_head_json":{"title":"Un millonario gasto del Estado mantiene bloque pol\u00edtico oficialista - El Diario - Bolivia","robots":{"index":"index","follow":"follow","max-snippet":"max-snippet:-1","max-image-preview":"max-image-preview:large","max-video-preview":"max-video-preview:-1"},"canonical":"https:\/\/www.eldiario.net\/portal\/2024\/01\/21\/un-millonario-gasto-del-estado-mantiene-bloque-politico-oficialista\/","og_locale":"es_ES","og_type":"article","og_title":"Un millonario gasto del Estado mantiene bloque pol\u00edtico oficialista - El Diario - Bolivia","og_description":"El senador por Comunidad Ciudadana (CC), Rodrigo Paz Pereira, reproch\u00f3 que la estructura pol\u00edtica del partido gobernante sea mantenida con recursos de todos los bolivianos. El asamble\u00edsta, asimismo, cuestion\u00f3 que para acceder a una fuente de empleo en entidades p\u00fablicas, se deba contar con respaldos de organizaciones afines al Movimiento al Socialismo (MAS), antes que [&hellip;]","og_url":"https:\/\/www.eldiario.net\/portal\/2024\/01\/21\/un-millonario-gasto-del-estado-mantiene-bloque-politico-oficialista\/","og_site_name":"El Diario - Bolivia","article_publisher":"https:\/\/www.facebook.com\/eldiario.bolivia\/","article_published_time":"2024-01-21T11:04:15+00:00","og_image":[{"width":1280,"height":1235,"url":"https:\/\/www.eldiario.net\/portal\/wp-content\/uploads\/2024\/01\/GASTO-PAZ.jpg","type":"image\/jpeg"}],"author":"Jeanette","twitter_card":"summary_large_image","twitter_creator":"@eldiario_net","twitter_site":"@eldiario_net","twitter_misc":{"Escrito por":"Jeanette","Tiempo de lectura":"4 minutos"},"schema":{"@context":"https:\/\/schema.org","@graph":[{"@type":"Article","@id":"https:\/\/www.eldiario.net\/portal\/2024\/01\/21\/un-millonario-gasto-del-estado-mantiene-bloque-politico-oficialista\/#article","isPartOf":{"@id":"https:\/\/www.eldiario.net\/portal\/2024\/01\/21\/un-millonario-gasto-del-estado-mantiene-bloque-politico-oficialista\/"},"author":{"name":"Jeanette","@id":"https:\/\/www.eldiario.net\/portal\/#\/schema\/person\/2c57cf2b7a7ae032e449e4c9b1019eac"},"headline":"Un millonario gasto del Estado mantiene bloque pol\u00edtico oficialista","datePublished":"2024-01-21T11:04:15+00:00","mainEntityOfPage":{"@id":"https:\/\/www.eldiario.net\/portal\/2024\/01\/21\/un-millonario-gasto-del-estado-mantiene-bloque-politico-oficialista\/"},"wordCount":683,"commentCount":0,"publisher":{"@id":"https:\/\/www.eldiario.net\/portal\/#organization"},"image":{"@id":"https:\/\/www.eldiario.net\/portal\/2024\/01\/21\/un-millonario-gasto-del-estado-mantiene-bloque-politico-oficialista\/#primaryimage"},"thumbnailUrl":"https:\/\/www.eldiario.net\/portal\/wp-content\/uploads\/2024\/01\/GASTO-PAZ.jpg","articleSection":["Pol\u00edtica"],"inLanguage":"es","potentialAction":[{"@type":"CommentAction","name":"Comment","target":["https:\/\/www.eldiario.net\/portal\/2024\/01\/21\/un-millonario-gasto-del-estado-mantiene-bloque-politico-oficialista\/#respond"]}]},{"@type":"WebPage","@id":"https:\/\/www.eldiario.net\/portal\/2024\/01\/21\/un-millonario-gasto-del-estado-mantiene-bloque-politico-oficialista\/","url":"https:\/\/www.eldiario.net\/portal\/2024\/01\/21\/un-millonario-gasto-del-estado-mantiene-bloque-politico-oficialista\/","name":"Un millonario gasto del Estado mantiene bloque pol\u00edtico oficialista - El Diario - Bolivia","isPartOf":{"@id":"https:\/\/www.eldiario.net\/portal\/#website"},"primaryImageOfPage":{"@id":"https:\/\/www.eldiario.net\/portal\/2024\/01\/21\/un-millonario-gasto-del-estado-mantiene-bloque-politico-oficialista\/#primaryimage"},"image":{"@id":"https:\/\/www.eldiario.net\/portal\/2024\/01\/21\/un-millonario-gasto-del-estado-mantiene-bloque-politico-oficialista\/#primaryimage"},"thumbnailUrl":"https:\/\/www.eldiario.net\/portal\/wp-content\/uploads\/2024\/01\/GASTO-PAZ.jpg","datePublished":"2024-01-21T11:04:15+00:00","breadcrumb":{"@id":"https:\/\/www.eldiario.net\/portal\/2024\/01\/21\/un-millonario-gasto-del-estado-mantiene-bloque-politico-oficialista\/#breadcrumb"},"inLanguage":"es","potentialAction":[{"@type":"ReadAction","target":["https:\/\/www.eldiario.net\/portal\/2024\/01\/21\/un-millonario-gasto-del-estado-mantiene-bloque-politico-oficialista\/"]}]},{"@type":"ImageObject","inLanguage":"es","@id":"https:\/\/www.eldiario.net\/portal\/2024\/01\/21\/un-millonario-gasto-del-estado-mantiene-bloque-politico-oficialista\/#primaryimage","url":"https:\/\/www.eldiario.net\/portal\/wp-content\/uploads\/2024\/01\/GASTO-PAZ.jpg","contentUrl":"https:\/\/www.eldiario.net\/portal\/wp-content\/uploads\/2024\/01\/GASTO-PAZ.jpg","width":1280,"height":1235,"caption":"Senador, Rodrigo Paz Pereira (CC)."},{"@type":"BreadcrumbList","@id":"https:\/\/www.eldiario.net\/portal\/2024\/01\/21\/un-millonario-gasto-del-estado-mantiene-bloque-politico-oficialista\/#breadcrumb","itemListElement":[{"@type":"ListItem","position":1,"name":"Portada","item":"https:\/\/www.eldiario.net\/portal\/"},{"@type":"ListItem","position":2,"name":"Un millonario gasto del Estado mantiene bloque pol\u00edtico oficialista"}]},{"@type":"WebSite","@id":"https:\/\/www.eldiario.net\/portal\/#website","url":"https:\/\/www.eldiario.net\/portal\/","name":"El Diario - Decano de la prensa nacional","description":"El Diario - Decano de la prensa nacional","publisher":{"@id":"https:\/\/www.eldiario.net\/portal\/#organization"},"potentialAction":[{"@type":"SearchAction","target":{"@type":"EntryPoint","urlTemplate":"https:\/\/www.eldiario.net\/portal\/?s={search_term_string}"},"query-input":{"@type":"PropertyValueSpecification","valueRequired":true,"valueName":"search_term_string"}}],"inLanguage":"es"},{"@type":"Organization","@id":"https:\/\/www.eldiario.net\/portal\/#organization","name":"El Diario - Decano de la prensa nacional","url":"https:\/\/www.eldiario.net\/portal\/","logo":{"@type":"ImageObject","inLanguage":"es","@id":"https:\/\/www.eldiario.net\/portal\/#\/schema\/logo\/image\/","url":"https:\/\/www.eldiario.net\/portal\/wp-content\/uploads\/2023\/07\/logo_ED.jpg","contentUrl":"https:\/\/www.eldiario.net\/portal\/wp-content\/uploads\/2023\/07\/logo_ED.jpg","width":272,"height":52,"caption":"El Diario - Decano de la prensa nacional"},"image":{"@id":"https:\/\/www.eldiario.net\/portal\/#\/schema\/logo\/image\/"},"sameAs":["https:\/\/www.facebook.com\/eldiario.bolivia\/","https:\/\/x.com\/eldiario_net"]},{"@type":"Person","@id":"https:\/\/www.eldiario.net\/portal\/#\/schema\/person\/2c57cf2b7a7ae032e449e4c9b1019eac","name":"Jeanette","image":{"@type":"ImageObject","inLanguage":"es","@id":"https:\/\/secure.gravatar.com\/avatar\/3ea2118a5f7dad2b7138b1187a6b7ee55f160b9968b66013c3a3ef39dd7e5798?s=96&d=mm&r=g","url":"https:\/\/secure.gravatar.com\/avatar\/3ea2118a5f7dad2b7138b1187a6b7ee55f160b9968b66013c3a3ef39dd7e5798?s=96&d=mm&r=g","contentUrl":"https:\/\/secure.gravatar.com\/avatar\/3ea2118a5f7dad2b7138b1187a6b7ee55f160b9968b66013c3a3ef39dd7e5798?s=96&d=mm&r=g","caption":"Jeanette"},"sameAs":["https:\/\/www.eldiario.net\/portal"],"url":"https:\/\/www.eldiario.net\/portal\/author\/jeanette\/"}]}},"_links":{"self":[{"href":"https:\/\/www.eldiario.net\/portal\/wp-json\/wp\/v2\/posts\/198730","targetHints":{"allow":["GET"]}}],"collection":[{"href":"https:\/\/www.eldiario.net\/portal\/wp-json\/wp\/v2\/posts"}],"about":[{"href":"https:\/\/www.eldiario.net\/portal\/wp-json\/wp\/v2\/types\/post"}],"author":[{"embeddable":true,"href":"https:\/\/www.eldiario.net\/portal\/wp-json\/wp\/v2\/users\/1"}],"replies":[{"embeddable":true,"href":"https:\/\/www.eldiario.net\/portal\/wp-json\/wp\/v2\/comments?post=198730"}],"version-history":[{"count":1,"href":"https:\/\/www.eldiario.net\/portal\/wp-json\/wp\/v2\/posts\/198730\/revisions"}],"predecessor-version":[{"id":198732,"href":"https:\/\/www.eldiario.net\/portal\/wp-json\/wp\/v2\/posts\/198730\/revisions\/198732"}],"wp:featuredmedia":[{"embeddable":true,"href":"https:\/\/www.eldiario.net\/portal\/wp-json\/wp\/v2\/media\/198731"}],"wp:attachment":[{"href":"https:\/\/www.eldiario.net\/portal\/wp-json\/wp\/v2\/media?parent=198730"}],"wp:term":[{"taxonomy":"category","embeddable":true,"href":"https:\/\/www.eldiario.net\/portal\/wp-json\/wp\/v2\/categories?post=198730"},{"taxonomy":"post_tag","embeddable":true,"href":"https:\/\/www.eldiario.net\/portal\/wp-json\/wp\/v2\/tags?post=198730"}],"curies":[{"name":"wp","href":"https:\/\/api.w.org\/{rel}","templated":true}]}}