{"id":198727,"date":"2024-01-21T07:03:03","date_gmt":"2024-01-21T11:03:03","guid":{"rendered":"https:\/\/www.eldiario.net\/portal\/?p=198727"},"modified":"2024-01-21T07:03:03","modified_gmt":"2024-01-21T11:03:03","slug":"existe-preocupacion-por-la-salud-de-exministra-roca","status":"publish","type":"post","link":"https:\/\/www.eldiario.net\/portal\/2024\/01\/21\/existe-preocupacion-por-la-salud-de-exministra-roca\/","title":{"rendered":"Existe preocupaci\u00f3n por la salud de exministra Roca"},"content":{"rendered":"<p>Luego de que familiares denunciaran trabas judiciales que impiden el traslado de la exministra de Salud, Eidy Roca, durante el gobierno transitorio, para recibir atenci\u00f3n m\u00e9dica especializada en el exterior, Asamble\u00edstas y exautoridades se\u00f1alaron que la exautoridad es v\u00edctima de un trato judicial inhumano que pone en peligro su vida.<br \/>\nAclarando que la exautoridad no tiene intenciones de quedarse en el extranjero para eludir sus procesos ante la justicia, familiares de Roca denunciaron, ayer, que el juez segundo de sentencia de La Paz, pone trabas y requisitos inalcanzables para autorizar un viaje, pese al preocupante deterioro en su estado de salud.<br \/>\nDesde sus redes sociales, la expresidenta Jeanine A\u00f1ez, acus\u00f3 al gobierno del MAS por recurrir a torturas contra presos pol\u00edticos hasta obligarlos a aceptar ser responsables de delitos que no cometieron, tal como ocurri\u00f3 en los \u00faltimos d\u00edas con el exdirigente cocalero C\u00e9sar Apaza. Asegur\u00f3 que ahora se aplica la misma modalidad con la exministra.<br \/>\n\u201cLa tiran\u00eda del MAS en Bolivia no solo somete a persecuci\u00f3n, juicios ilegales y privaci\u00f3n indefinida de libertad a los presos pol\u00edticos. Los tortura hasta obligarlos a inculparse para salvar su vida. Lo hicieron con C\u00e9sar Apaza, ahora est\u00e1n matando a Eidy Roca. Lib\u00e9renla\u201d, expres\u00f3 la exmandataria.<br \/>\nAl respecto, la senadora por Comunidad Ciudadana, Cecilia Requena, cuestion\u00f3 la forma en que por motivos pol\u00edticos se juega con la salud y la vida de las personas, olvidando que, en similares circunstancias, el gobierno transitorio facilit\u00f3 la salida por motivos de salud, para el actual presidente del Estado.<br \/>\n\u201c\u00a1Cu\u00e1nta miseria y vulgar crueldad! El rid\u00edculo, pero insidioso, cuento masista que ve al mundo como un lugar dividido entre ellos-buenos y los otros-malos, facilita actos viles, como \u00e9ste, a diario. Olvidan que se autoriz\u00f3 una debida salida de Arce Catacora, por razones de salud, durante el gobierno de A\u00f1ez\u201d.<br \/>\nPor su parte, la diputada por Comunidad Ciudadana, Luisa Nayar, lament\u00f3 que la maldad no tenga l\u00edmites, sino que manipulando el sistema de justicia nacional con fines pol\u00edticos, se ponga en peligro la vida de una persona.<br \/>\n\u201cNo solo son corruptos, sino tambi\u00e9n son inhumanos. Utilizan el sistema judicial para perseguir y para torturar. \u00bfQu\u00e9 pruebas m\u00e1s necesitan para acreditar el p\u00e9simo estado de la salud de la exministra Roca? \u00a1Son criminales!\u201d, sostuvo.<br \/>\nRoca es procesada penalmente por la compra de respiradores en medio de la pandemia provocada por el covid-19, cuando fung\u00eda como ministra de Salud.<\/p>\n","protected":false},"excerpt":{"rendered":"<p>Luego de que familiares denunciaran trabas judiciales que impiden el traslado de la exministra de Salud, Eidy Roca, durante el gobierno transitorio, para recibir atenci\u00f3n m\u00e9dica especializada en el exterior, Asamble\u00edstas y exautoridades se\u00f1alaron que la exautoridad es v\u00edctima de un trato judicial inhumano que pone en peligro su vida. Aclarando que la exautoridad no [&hellip;]<\/p>\n","protected":false},"author":1,"featured_media":198728,"comment_status":"open","ping_status":"open","sticky":false,"template":"","format":"standard","meta":{"_acf_changed":false,"footnotes":""},"categories":[14],"tags":[],"class_list":["post-198727","post","type-post","status-publish","format-standard","has-post-thumbnail","category-politica"],"acf":{"antetitulo":"Ven acto de tortura"},"yoast_head":"<!-- This site is optimized with the Yoast SEO plugin v28.4 - https:\/\/yoast.com\/product\/yoast-seo-wordpress\/ -->\n<title>Existe preocupaci\u00f3n por la salud de exministra Roca - El Diario - Bolivia<\/title>\n<meta name=\"robots\" content=\"index, follow, max-snippet:-1, max-image-preview:large, max-video-preview:-1\" \/>\n<link rel=\"canonical\" href=\"https:\/\/www.eldiario.net\/portal\/2024\/01\/21\/existe-preocupacion-por-la-salud-de-exministra-roca\/\" \/>\n<meta property=\"og:locale\" content=\"es_ES\" \/>\n<meta property=\"og:type\" content=\"article\" \/>\n<meta property=\"og:title\" content=\"Existe preocupaci\u00f3n por la salud de exministra Roca - El Diario - Bolivia\" \/>\n<meta property=\"og:description\" content=\"Luego de que familiares denunciaran trabas judiciales que impiden el traslado de la exministra de Salud, Eidy Roca, durante el gobierno transitorio, para recibir atenci\u00f3n m\u00e9dica especializada en el exterior, Asamble\u00edstas y exautoridades se\u00f1alaron que la exautoridad es v\u00edctima de un trato judicial inhumano que pone en peligro su vida. Aclarando que la exautoridad no [&hellip;]\" \/>\n<meta property=\"og:url\" content=\"https:\/\/www.eldiario.net\/portal\/2024\/01\/21\/existe-preocupacion-por-la-salud-de-exministra-roca\/\" \/>\n<meta property=\"og:site_name\" content=\"El Diario - Bolivia\" \/>\n<meta property=\"article:publisher\" content=\"https:\/\/www.facebook.com\/eldiario.bolivia\/\" \/>\n<meta property=\"article:published_time\" content=\"2024-01-21T11:03:03+00:00\" \/>\n<meta property=\"og:image\" content=\"https:\/\/www.eldiario.net\/portal\/wp-content\/uploads\/2024\/01\/PREOCUPACION-ROCA.jpg\" \/>\n\t<meta property=\"og:image:width\" content=\"768\" \/>\n\t<meta property=\"og:image:height\" content=\"432\" \/>\n\t<meta property=\"og:image:type\" content=\"image\/jpeg\" \/>\n<meta name=\"author\" content=\"Jeanette\" \/>\n<meta name=\"twitter:card\" content=\"summary_large_image\" \/>\n<meta name=\"twitter:creator\" content=\"@eldiario_net\" \/>\n<meta name=\"twitter:site\" content=\"@eldiario_net\" \/>\n<meta name=\"twitter:label1\" content=\"Escrito por\" \/>\n\t<meta name=\"twitter:data1\" content=\"Jeanette\" \/>\n\t<meta name=\"twitter:label2\" content=\"Tiempo de lectura\" \/>\n\t<meta name=\"twitter:data2\" content=\"3 minutos\" \/>\n<script type=\"application\/ld+json\" class=\"yoast-schema-graph\">{\"@context\":\"https:\\\/\\\/schema.org\",\"@graph\":[{\"@type\":\"Article\",\"@id\":\"https:\\\/\\\/www.eldiario.net\\\/portal\\\/2024\\\/01\\\/21\\\/existe-preocupacion-por-la-salud-de-exministra-roca\\\/#article\",\"isPartOf\":{\"@id\":\"https:\\\/\\\/www.eldiario.net\\\/portal\\\/2024\\\/01\\\/21\\\/existe-preocupacion-por-la-salud-de-exministra-roca\\\/\"},\"author\":{\"name\":\"Jeanette\",\"@id\":\"https:\\\/\\\/www.eldiario.net\\\/portal\\\/#\\\/schema\\\/person\\\/2c57cf2b7a7ae032e449e4c9b1019eac\"},\"headline\":\"Existe preocupaci\u00f3n por la salud de exministra Roca\",\"datePublished\":\"2024-01-21T11:03:03+00:00\",\"mainEntityOfPage\":{\"@id\":\"https:\\\/\\\/www.eldiario.net\\\/portal\\\/2024\\\/01\\\/21\\\/existe-preocupacion-por-la-salud-de-exministra-roca\\\/\"},\"wordCount\":434,\"commentCount\":0,\"publisher\":{\"@id\":\"https:\\\/\\\/www.eldiario.net\\\/portal\\\/#organization\"},\"image\":{\"@id\":\"https:\\\/\\\/www.eldiario.net\\\/portal\\\/2024\\\/01\\\/21\\\/existe-preocupacion-por-la-salud-de-exministra-roca\\\/#primaryimage\"},\"thumbnailUrl\":\"https:\\\/\\\/www.eldiario.net\\\/portal\\\/wp-content\\\/uploads\\\/2024\\\/01\\\/PREOCUPACION-ROCA.jpg\",\"articleSection\":[\"Pol\u00edtica\"],\"inLanguage\":\"es\",\"potentialAction\":[{\"@type\":\"CommentAction\",\"name\":\"Comment\",\"target\":[\"https:\\\/\\\/www.eldiario.net\\\/portal\\\/2024\\\/01\\\/21\\\/existe-preocupacion-por-la-salud-de-exministra-roca\\\/#respond\"]}]},{\"@type\":\"WebPage\",\"@id\":\"https:\\\/\\\/www.eldiario.net\\\/portal\\\/2024\\\/01\\\/21\\\/existe-preocupacion-por-la-salud-de-exministra-roca\\\/\",\"url\":\"https:\\\/\\\/www.eldiario.net\\\/portal\\\/2024\\\/01\\\/21\\\/existe-preocupacion-por-la-salud-de-exministra-roca\\\/\",\"name\":\"Existe preocupaci\u00f3n por la salud de exministra Roca - El Diario - Bolivia\",\"isPartOf\":{\"@id\":\"https:\\\/\\\/www.eldiario.net\\\/portal\\\/#website\"},\"primaryImageOfPage\":{\"@id\":\"https:\\\/\\\/www.eldiario.net\\\/portal\\\/2024\\\/01\\\/21\\\/existe-preocupacion-por-la-salud-de-exministra-roca\\\/#primaryimage\"},\"image\":{\"@id\":\"https:\\\/\\\/www.eldiario.net\\\/portal\\\/2024\\\/01\\\/21\\\/existe-preocupacion-por-la-salud-de-exministra-roca\\\/#primaryimage\"},\"thumbnailUrl\":\"https:\\\/\\\/www.eldiario.net\\\/portal\\\/wp-content\\\/uploads\\\/2024\\\/01\\\/PREOCUPACION-ROCA.jpg\",\"datePublished\":\"2024-01-21T11:03:03+00:00\",\"breadcrumb\":{\"@id\":\"https:\\\/\\\/www.eldiario.net\\\/portal\\\/2024\\\/01\\\/21\\\/existe-preocupacion-por-la-salud-de-exministra-roca\\\/#breadcrumb\"},\"inLanguage\":\"es\",\"potentialAction\":[{\"@type\":\"ReadAction\",\"target\":[\"https:\\\/\\\/www.eldiario.net\\\/portal\\\/2024\\\/01\\\/21\\\/existe-preocupacion-por-la-salud-de-exministra-roca\\\/\"]}]},{\"@type\":\"ImageObject\",\"inLanguage\":\"es\",\"@id\":\"https:\\\/\\\/www.eldiario.net\\\/portal\\\/2024\\\/01\\\/21\\\/existe-preocupacion-por-la-salud-de-exministra-roca\\\/#primaryimage\",\"url\":\"https:\\\/\\\/www.eldiario.net\\\/portal\\\/wp-content\\\/uploads\\\/2024\\\/01\\\/PREOCUPACION-ROCA.jpg\",\"contentUrl\":\"https:\\\/\\\/www.eldiario.net\\\/portal\\\/wp-content\\\/uploads\\\/2024\\\/01\\\/PREOCUPACION-ROCA.jpg\",\"width\":768,\"height\":432,\"caption\":\"Exministra Eidy Roca.\"},{\"@type\":\"BreadcrumbList\",\"@id\":\"https:\\\/\\\/www.eldiario.net\\\/portal\\\/2024\\\/01\\\/21\\\/existe-preocupacion-por-la-salud-de-exministra-roca\\\/#breadcrumb\",\"itemListElement\":[{\"@type\":\"ListItem\",\"position\":1,\"name\":\"Portada\",\"item\":\"https:\\\/\\\/www.eldiario.net\\\/portal\\\/\"},{\"@type\":\"ListItem\",\"position\":2,\"name\":\"Existe preocupaci\u00f3n por la salud de exministra Roca\"}]},{\"@type\":\"WebSite\",\"@id\":\"https:\\\/\\\/www.eldiario.net\\\/portal\\\/#website\",\"url\":\"https:\\\/\\\/www.eldiario.net\\\/portal\\\/\",\"name\":\"El Diario - Decano de la prensa nacional\",\"description\":\"El Diario - Decano de la prensa nacional\",\"publisher\":{\"@id\":\"https:\\\/\\\/www.eldiario.net\\\/portal\\\/#organization\"},\"potentialAction\":[{\"@type\":\"SearchAction\",\"target\":{\"@type\":\"EntryPoint\",\"urlTemplate\":\"https:\\\/\\\/www.eldiario.net\\\/portal\\\/?s={search_term_string}\"},\"query-input\":{\"@type\":\"PropertyValueSpecification\",\"valueRequired\":true,\"valueName\":\"search_term_string\"}}],\"inLanguage\":\"es\"},{\"@type\":\"Organization\",\"@id\":\"https:\\\/\\\/www.eldiario.net\\\/portal\\\/#organization\",\"name\":\"El Diario - Decano de la prensa nacional\",\"url\":\"https:\\\/\\\/www.eldiario.net\\\/portal\\\/\",\"logo\":{\"@type\":\"ImageObject\",\"inLanguage\":\"es\",\"@id\":\"https:\\\/\\\/www.eldiario.net\\\/portal\\\/#\\\/schema\\\/logo\\\/image\\\/\",\"url\":\"https:\\\/\\\/www.eldiario.net\\\/portal\\\/wp-content\\\/uploads\\\/2023\\\/07\\\/logo_ED.jpg\",\"contentUrl\":\"https:\\\/\\\/www.eldiario.net\\\/portal\\\/wp-content\\\/uploads\\\/2023\\\/07\\\/logo_ED.jpg\",\"width\":272,\"height\":52,\"caption\":\"El Diario - Decano de la prensa nacional\"},\"image\":{\"@id\":\"https:\\\/\\\/www.eldiario.net\\\/portal\\\/#\\\/schema\\\/logo\\\/image\\\/\"},\"sameAs\":[\"https:\\\/\\\/www.facebook.com\\\/eldiario.bolivia\\\/\",\"https:\\\/\\\/x.com\\\/eldiario_net\"]},{\"@type\":\"Person\",\"@id\":\"https:\\\/\\\/www.eldiario.net\\\/portal\\\/#\\\/schema\\\/person\\\/2c57cf2b7a7ae032e449e4c9b1019eac\",\"name\":\"Jeanette\",\"image\":{\"@type\":\"ImageObject\",\"inLanguage\":\"es\",\"@id\":\"https:\\\/\\\/secure.gravatar.com\\\/avatar\\\/3ea2118a5f7dad2b7138b1187a6b7ee55f160b9968b66013c3a3ef39dd7e5798?s=96&d=mm&r=g\",\"url\":\"https:\\\/\\\/secure.gravatar.com\\\/avatar\\\/3ea2118a5f7dad2b7138b1187a6b7ee55f160b9968b66013c3a3ef39dd7e5798?s=96&d=mm&r=g\",\"contentUrl\":\"https:\\\/\\\/secure.gravatar.com\\\/avatar\\\/3ea2118a5f7dad2b7138b1187a6b7ee55f160b9968b66013c3a3ef39dd7e5798?s=96&d=mm&r=g\",\"caption\":\"Jeanette\"},\"sameAs\":[\"https:\\\/\\\/www.eldiario.net\\\/portal\"],\"url\":\"https:\\\/\\\/www.eldiario.net\\\/portal\\\/author\\\/jeanette\\\/\"}]}<\/script>\n<!-- \/ Yoast SEO plugin. -->","yoast_head_json":{"title":"Existe preocupaci\u00f3n por la salud de exministra Roca - El Diario - Bolivia","robots":{"index":"index","follow":"follow","max-snippet":"max-snippet:-1","max-image-preview":"max-image-preview:large","max-video-preview":"max-video-preview:-1"},"canonical":"https:\/\/www.eldiario.net\/portal\/2024\/01\/21\/existe-preocupacion-por-la-salud-de-exministra-roca\/","og_locale":"es_ES","og_type":"article","og_title":"Existe preocupaci\u00f3n por la salud de exministra Roca - El Diario - Bolivia","og_description":"Luego de que familiares denunciaran trabas judiciales que impiden el traslado de la exministra de Salud, Eidy Roca, durante el gobierno transitorio, para recibir atenci\u00f3n m\u00e9dica especializada en el exterior, Asamble\u00edstas y exautoridades se\u00f1alaron que la exautoridad es v\u00edctima de un trato judicial inhumano que pone en peligro su vida. Aclarando que la exautoridad no [&hellip;]","og_url":"https:\/\/www.eldiario.net\/portal\/2024\/01\/21\/existe-preocupacion-por-la-salud-de-exministra-roca\/","og_site_name":"El Diario - Bolivia","article_publisher":"https:\/\/www.facebook.com\/eldiario.bolivia\/","article_published_time":"2024-01-21T11:03:03+00:00","og_image":[{"width":768,"height":432,"url":"https:\/\/www.eldiario.net\/portal\/wp-content\/uploads\/2024\/01\/PREOCUPACION-ROCA.jpg","type":"image\/jpeg"}],"author":"Jeanette","twitter_card":"summary_large_image","twitter_creator":"@eldiario_net","twitter_site":"@eldiario_net","twitter_misc":{"Escrito por":"Jeanette","Tiempo de lectura":"3 minutos"},"schema":{"@context":"https:\/\/schema.org","@graph":[{"@type":"Article","@id":"https:\/\/www.eldiario.net\/portal\/2024\/01\/21\/existe-preocupacion-por-la-salud-de-exministra-roca\/#article","isPartOf":{"@id":"https:\/\/www.eldiario.net\/portal\/2024\/01\/21\/existe-preocupacion-por-la-salud-de-exministra-roca\/"},"author":{"name":"Jeanette","@id":"https:\/\/www.eldiario.net\/portal\/#\/schema\/person\/2c57cf2b7a7ae032e449e4c9b1019eac"},"headline":"Existe preocupaci\u00f3n por la salud de exministra Roca","datePublished":"2024-01-21T11:03:03+00:00","mainEntityOfPage":{"@id":"https:\/\/www.eldiario.net\/portal\/2024\/01\/21\/existe-preocupacion-por-la-salud-de-exministra-roca\/"},"wordCount":434,"commentCount":0,"publisher":{"@id":"https:\/\/www.eldiario.net\/portal\/#organization"},"image":{"@id":"https:\/\/www.eldiario.net\/portal\/2024\/01\/21\/existe-preocupacion-por-la-salud-de-exministra-roca\/#primaryimage"},"thumbnailUrl":"https:\/\/www.eldiario.net\/portal\/wp-content\/uploads\/2024\/01\/PREOCUPACION-ROCA.jpg","articleSection":["Pol\u00edtica"],"inLanguage":"es","potentialAction":[{"@type":"CommentAction","name":"Comment","target":["https:\/\/www.eldiario.net\/portal\/2024\/01\/21\/existe-preocupacion-por-la-salud-de-exministra-roca\/#respond"]}]},{"@type":"WebPage","@id":"https:\/\/www.eldiario.net\/portal\/2024\/01\/21\/existe-preocupacion-por-la-salud-de-exministra-roca\/","url":"https:\/\/www.eldiario.net\/portal\/2024\/01\/21\/existe-preocupacion-por-la-salud-de-exministra-roca\/","name":"Existe preocupaci\u00f3n por la salud de exministra Roca - El Diario - Bolivia","isPartOf":{"@id":"https:\/\/www.eldiario.net\/portal\/#website"},"primaryImageOfPage":{"@id":"https:\/\/www.eldiario.net\/portal\/2024\/01\/21\/existe-preocupacion-por-la-salud-de-exministra-roca\/#primaryimage"},"image":{"@id":"https:\/\/www.eldiario.net\/portal\/2024\/01\/21\/existe-preocupacion-por-la-salud-de-exministra-roca\/#primaryimage"},"thumbnailUrl":"https:\/\/www.eldiario.net\/portal\/wp-content\/uploads\/2024\/01\/PREOCUPACION-ROCA.jpg","datePublished":"2024-01-21T11:03:03+00:00","breadcrumb":{"@id":"https:\/\/www.eldiario.net\/portal\/2024\/01\/21\/existe-preocupacion-por-la-salud-de-exministra-roca\/#breadcrumb"},"inLanguage":"es","potentialAction":[{"@type":"ReadAction","target":["https:\/\/www.eldiario.net\/portal\/2024\/01\/21\/existe-preocupacion-por-la-salud-de-exministra-roca\/"]}]},{"@type":"ImageObject","inLanguage":"es","@id":"https:\/\/www.eldiario.net\/portal\/2024\/01\/21\/existe-preocupacion-por-la-salud-de-exministra-roca\/#primaryimage","url":"https:\/\/www.eldiario.net\/portal\/wp-content\/uploads\/2024\/01\/PREOCUPACION-ROCA.jpg","contentUrl":"https:\/\/www.eldiario.net\/portal\/wp-content\/uploads\/2024\/01\/PREOCUPACION-ROCA.jpg","width":768,"height":432,"caption":"Exministra Eidy Roca."},{"@type":"BreadcrumbList","@id":"https:\/\/www.eldiario.net\/portal\/2024\/01\/21\/existe-preocupacion-por-la-salud-de-exministra-roca\/#breadcrumb","itemListElement":[{"@type":"ListItem","position":1,"name":"Portada","item":"https:\/\/www.eldiario.net\/portal\/"},{"@type":"ListItem","position":2,"name":"Existe preocupaci\u00f3n por la salud de exministra Roca"}]},{"@type":"WebSite","@id":"https:\/\/www.eldiario.net\/portal\/#website","url":"https:\/\/www.eldiario.net\/portal\/","name":"El Diario - Decano de la prensa nacional","description":"El Diario - Decano de la prensa nacional","publisher":{"@id":"https:\/\/www.eldiario.net\/portal\/#organization"},"potentialAction":[{"@type":"SearchAction","target":{"@type":"EntryPoint","urlTemplate":"https:\/\/www.eldiario.net\/portal\/?s={search_term_string}"},"query-input":{"@type":"PropertyValueSpecification","valueRequired":true,"valueName":"search_term_string"}}],"inLanguage":"es"},{"@type":"Organization","@id":"https:\/\/www.eldiario.net\/portal\/#organization","name":"El Diario - Decano de la prensa nacional","url":"https:\/\/www.eldiario.net\/portal\/","logo":{"@type":"ImageObject","inLanguage":"es","@id":"https:\/\/www.eldiario.net\/portal\/#\/schema\/logo\/image\/","url":"https:\/\/www.eldiario.net\/portal\/wp-content\/uploads\/2023\/07\/logo_ED.jpg","contentUrl":"https:\/\/www.eldiario.net\/portal\/wp-content\/uploads\/2023\/07\/logo_ED.jpg","width":272,"height":52,"caption":"El Diario - Decano de la prensa nacional"},"image":{"@id":"https:\/\/www.eldiario.net\/portal\/#\/schema\/logo\/image\/"},"sameAs":["https:\/\/www.facebook.com\/eldiario.bolivia\/","https:\/\/x.com\/eldiario_net"]},{"@type":"Person","@id":"https:\/\/www.eldiario.net\/portal\/#\/schema\/person\/2c57cf2b7a7ae032e449e4c9b1019eac","name":"Jeanette","image":{"@type":"ImageObject","inLanguage":"es","@id":"https:\/\/secure.gravatar.com\/avatar\/3ea2118a5f7dad2b7138b1187a6b7ee55f160b9968b66013c3a3ef39dd7e5798?s=96&d=mm&r=g","url":"https:\/\/secure.gravatar.com\/avatar\/3ea2118a5f7dad2b7138b1187a6b7ee55f160b9968b66013c3a3ef39dd7e5798?s=96&d=mm&r=g","contentUrl":"https:\/\/secure.gravatar.com\/avatar\/3ea2118a5f7dad2b7138b1187a6b7ee55f160b9968b66013c3a3ef39dd7e5798?s=96&d=mm&r=g","caption":"Jeanette"},"sameAs":["https:\/\/www.eldiario.net\/portal"],"url":"https:\/\/www.eldiario.net\/portal\/author\/jeanette\/"}]}},"_links":{"self":[{"href":"https:\/\/www.eldiario.net\/portal\/wp-json\/wp\/v2\/posts\/198727","targetHints":{"allow":["GET"]}}],"collection":[{"href":"https:\/\/www.eldiario.net\/portal\/wp-json\/wp\/v2\/posts"}],"about":[{"href":"https:\/\/www.eldiario.net\/portal\/wp-json\/wp\/v2\/types\/post"}],"author":[{"embeddable":true,"href":"https:\/\/www.eldiario.net\/portal\/wp-json\/wp\/v2\/users\/1"}],"replies":[{"embeddable":true,"href":"https:\/\/www.eldiario.net\/portal\/wp-json\/wp\/v2\/comments?post=198727"}],"version-history":[{"count":1,"href":"https:\/\/www.eldiario.net\/portal\/wp-json\/wp\/v2\/posts\/198727\/revisions"}],"predecessor-version":[{"id":198729,"href":"https:\/\/www.eldiario.net\/portal\/wp-json\/wp\/v2\/posts\/198727\/revisions\/198729"}],"wp:featuredmedia":[{"embeddable":true,"href":"https:\/\/www.eldiario.net\/portal\/wp-json\/wp\/v2\/media\/198728"}],"wp:attachment":[{"href":"https:\/\/www.eldiario.net\/portal\/wp-json\/wp\/v2\/media?parent=198727"}],"wp:term":[{"taxonomy":"category","embeddable":true,"href":"https:\/\/www.eldiario.net\/portal\/wp-json\/wp\/v2\/categories?post=198727"},{"taxonomy":"post_tag","embeddable":true,"href":"https:\/\/www.eldiario.net\/portal\/wp-json\/wp\/v2\/tags?post=198727"}],"curies":[{"name":"wp","href":"https:\/\/api.w.org\/{rel}","templated":true}]}}