{"id":198724,"date":"2024-01-21T07:02:10","date_gmt":"2024-01-21T11:02:10","guid":{"rendered":"https:\/\/www.eldiario.net\/portal\/?p=198724"},"modified":"2024-01-21T07:02:10","modified_gmt":"2024-01-21T11:02:10","slug":"procesos-contra-diputados-vulneran-cpe","status":"publish","type":"post","link":"https:\/\/www.eldiario.net\/portal\/2024\/01\/21\/procesos-contra-diputados-vulneran-cpe\/","title":{"rendered":"Procesos contra diputados vulneran CPE"},"content":{"rendered":"<p>Legisladores de organizaciones pol\u00edticas opositoras, luego de confirmarse el inicio de procesos penales en contra de legisladores nacionales, tramitados por el Gobierno, a trav\u00e9s de instancias estatales, se\u00f1alan que estas acciones son contrarias a la protecci\u00f3n parlamentaria que establece el art\u00edculo 151 de la Constituci\u00f3n Pol\u00edtica del Estado (CPE), y tienen como finalidad anular la atribuci\u00f3n de fiscalizaci\u00f3n y denuncia de los parlamentarios.<br \/>\nEn los \u00faltimos d\u00edas, se conoci\u00f3 sobre el inicio de procesos contra dos asamble\u00edstas nacionales por la v\u00eda ordinaria, tras haber sido denunciados a causa de sus labores de fiscalizaci\u00f3n.<br \/>\nLa diputada por Comunidad Ciudadana, Luciana Campero, inform\u00f3 que se inici\u00f3 un proceso en su contra por los delitos de calumnias e injurias, a denuncia de la directora regional de la Direcci\u00f3n General de Aeron\u00e1utica Civil, Dayana Maldonado, luego de haber denunciado supuestos hechos de corrupci\u00f3n e irregularidades en la administraci\u00f3n del aeropuerto Capit\u00e1n Oriel Lea Plaza de Tarija.<br \/>\nEsta semana, el juez Carlos Alberto Moreira, del Juzgado 15\u00b0 de Sentencia Penal, dispuso procesar por la v\u00eda penal al diputado de Creemos, Erwin Baz\u00e1n, por los mismos delitos, a denuncia del ministro de Gobierno, Eduardo Del Castillo.<br \/>\nSeg\u00fan el art\u00edculo 151 de la Constituci\u00f3n Pol\u00edtica del Estado, \u201cLos asamble\u00edstas gozar\u00e1n de inviolabilidad personal durante el tiempo de su mandato y con posterioridad a \u00e9ste por las opiniones, comunicaciones, representaciones, requerimientos, interpelaciones, denuncias, propuestas, expresiones o cualquier acto de legislaci\u00f3n, informaci\u00f3n o fiscalizaci\u00f3n que formulen o realicen en el desempe\u00f1o de sus funciones, no podr\u00e1n ser procesados penalmente\u201d.<br \/>\nDesde las bancadas de CC y Creemos, se emitieron pronunciamientos en los que se rechaza y denuncia una vulneraci\u00f3n a las disposiciones de la Carta Magna, en relaci\u00f3n con la inmunidad parlamentaria y el rol fiscalizador con el que cuentan los asamble\u00edstas nacionales; afirm\u00f3 adem\u00e1s que, desde el Gobierno, se estar\u00eda ejecutando un plan de persecuci\u00f3n pol\u00edtica contra parlamentarios de oposici\u00f3n, con la finalidad de proscribir sus facultades fiscalizadoras.<br \/>\nAl respecto, el diputado Pablo Ar\u00edzaga, de Comunidad Ciudadana, lament\u00f3 que estas acciones sean parte de una persecuci\u00f3n pol\u00edtica por parte de funcionarios de Gobierno.<br \/>\nEn el caso de la diputada Campero, Ar\u00edzaga reproch\u00f3 que la denuncia provenga de una \u201cempoderada\u201d servidora p\u00fablica que se sinti\u00f3 afectada a causa de las denuncias `por supuestos actos de corrupci\u00f3n.<br \/>\n\u201cEl C\u00f3digo Penal establece que cuando se trata de funcionarios p\u00fablicos, se tiene la excepci\u00f3n de la verdad, y esto se determina previa investigaci\u00f3n, no como pretende la \u2018empoderada\u2019, primero sentenciar a mi colega sin haber realizado la investigaci\u00f3n de lo denunciado\u201d, explic\u00f3.<br \/>\nSimilares criterios fueron expresados por el diputado pace\u00f1o, Jos\u00e9 Ormachea, quien adem\u00e1s advirti\u00f3 que el Gobierno busca instaurar un r\u00e9gimen dictatorial en el que se desconoce la vigencia de la Constituci\u00f3n y las atribuciones fiscalizadoras de los parlamentarios.<br \/>\n\u201cLa justicia azul se est\u00e1 persiguiendo a dos diputados opositores, Luciana Campero y Erwin Baz\u00e1n, violando el art\u00edculo 151 de la Constituci\u00f3n Pol\u00edtica del Estado, misma que les garantiza inviolabilidad. No nos van a amedrentar\u201d, adelant\u00f3 Ormachea.<br \/>\nDesde la agrupaci\u00f3n Creemos, se se\u00f1al\u00f3 que las recientes determinaci\u00f3n judiciales vulneran la protecci\u00f3n parlamentaria que se\u00f1ala la CPE, a fin de anular la atribuci\u00f3n de fiscalizaci\u00f3n y denuncia de los parlamentarios.<br \/>\n\u201cCon este proceso lo que ahora hacen es cercenar las prerrogativas que tenemos los parlamentarios del pa\u00eds para fiscalizar y denunciar al gobierno de turno. No se trata de un privilegio, es una garant\u00eda constitucional para que los ciudadanos bolivianos puedan tener representantes a quienes el poder pol\u00edtico de turno no los persiga por fiscalizar o denunciar actos il\u00edcitos cometidos por el poder pol\u00edtico de turno\u201d, puntualiz\u00f3 el diputado Erwin Baz\u00e1n.<br \/>\nSostuvo adem\u00e1s que estos procesos se ejecutan con la ayuda de administradores de justicia, c\u00f3mplices del Gobierno, dentro de un \u201csistema judicial putrefacto\u201d.<\/p>\n","protected":false},"excerpt":{"rendered":"<p>Legisladores de organizaciones pol\u00edticas opositoras, luego de confirmarse el inicio de procesos penales en contra de legisladores nacionales, tramitados por el Gobierno, a trav\u00e9s de instancias estatales, se\u00f1alan que estas acciones son contrarias a la protecci\u00f3n parlamentaria que establece el art\u00edculo 151 de la Constituci\u00f3n Pol\u00edtica del Estado (CPE), y tienen como finalidad anular la [&hellip;]<\/p>\n","protected":false},"author":1,"featured_media":198725,"comment_status":"open","ping_status":"open","sticky":false,"template":"","format":"standard","meta":{"_acf_changed":false,"footnotes":""},"categories":[14],"tags":[],"class_list":["post-198724","post","type-post","status-publish","format-standard","has-post-thumbnail","category-politica"],"acf":{"antetitulo":"Rechazo generalizado"},"yoast_head":"<!-- This site is optimized with the Yoast SEO plugin v28.4 - https:\/\/yoast.com\/product\/yoast-seo-wordpress\/ -->\n<title>Procesos contra diputados vulneran CPE - El Diario - Bolivia<\/title>\n<meta name=\"robots\" content=\"index, follow, max-snippet:-1, max-image-preview:large, max-video-preview:-1\" \/>\n<link rel=\"canonical\" href=\"https:\/\/www.eldiario.net\/portal\/2024\/01\/21\/procesos-contra-diputados-vulneran-cpe\/\" \/>\n<meta property=\"og:locale\" content=\"es_ES\" \/>\n<meta property=\"og:type\" content=\"article\" \/>\n<meta property=\"og:title\" content=\"Procesos contra diputados vulneran CPE - El Diario - Bolivia\" \/>\n<meta property=\"og:description\" content=\"Legisladores de organizaciones pol\u00edticas opositoras, luego de confirmarse el inicio de procesos penales en contra de legisladores nacionales, tramitados por el Gobierno, a trav\u00e9s de instancias estatales, se\u00f1alan que estas acciones son contrarias a la protecci\u00f3n parlamentaria que establece el art\u00edculo 151 de la Constituci\u00f3n Pol\u00edtica del Estado (CPE), y tienen como finalidad anular la [&hellip;]\" \/>\n<meta property=\"og:url\" content=\"https:\/\/www.eldiario.net\/portal\/2024\/01\/21\/procesos-contra-diputados-vulneran-cpe\/\" \/>\n<meta property=\"og:site_name\" content=\"El Diario - Bolivia\" \/>\n<meta property=\"article:publisher\" content=\"https:\/\/www.facebook.com\/eldiario.bolivia\/\" \/>\n<meta property=\"article:published_time\" content=\"2024-01-21T11:02:10+00:00\" \/>\n<meta property=\"og:image\" content=\"https:\/\/www.eldiario.net\/portal\/wp-content\/uploads\/2024\/01\/VULNERAN-ALP.jpg\" \/>\n\t<meta property=\"og:image:width\" content=\"1599\" \/>\n\t<meta property=\"og:image:height\" content=\"1066\" \/>\n\t<meta property=\"og:image:type\" content=\"image\/jpeg\" \/>\n<meta name=\"author\" content=\"Jeanette\" \/>\n<meta name=\"twitter:card\" content=\"summary_large_image\" \/>\n<meta name=\"twitter:creator\" content=\"@eldiario_net\" \/>\n<meta name=\"twitter:site\" content=\"@eldiario_net\" \/>\n<meta name=\"twitter:label1\" content=\"Escrito por\" \/>\n\t<meta name=\"twitter:data1\" content=\"Jeanette\" \/>\n\t<meta name=\"twitter:label2\" content=\"Tiempo de lectura\" \/>\n\t<meta name=\"twitter:data2\" content=\"4 minutos\" \/>\n<script type=\"application\/ld+json\" class=\"yoast-schema-graph\">{\"@context\":\"https:\\\/\\\/schema.org\",\"@graph\":[{\"@type\":\"Article\",\"@id\":\"https:\\\/\\\/www.eldiario.net\\\/portal\\\/2024\\\/01\\\/21\\\/procesos-contra-diputados-vulneran-cpe\\\/#article\",\"isPartOf\":{\"@id\":\"https:\\\/\\\/www.eldiario.net\\\/portal\\\/2024\\\/01\\\/21\\\/procesos-contra-diputados-vulneran-cpe\\\/\"},\"author\":{\"name\":\"Jeanette\",\"@id\":\"https:\\\/\\\/www.eldiario.net\\\/portal\\\/#\\\/schema\\\/person\\\/2c57cf2b7a7ae032e449e4c9b1019eac\"},\"headline\":\"Procesos contra diputados vulneran CPE\",\"datePublished\":\"2024-01-21T11:02:10+00:00\",\"mainEntityOfPage\":{\"@id\":\"https:\\\/\\\/www.eldiario.net\\\/portal\\\/2024\\\/01\\\/21\\\/procesos-contra-diputados-vulneran-cpe\\\/\"},\"wordCount\":694,\"commentCount\":0,\"publisher\":{\"@id\":\"https:\\\/\\\/www.eldiario.net\\\/portal\\\/#organization\"},\"image\":{\"@id\":\"https:\\\/\\\/www.eldiario.net\\\/portal\\\/2024\\\/01\\\/21\\\/procesos-contra-diputados-vulneran-cpe\\\/#primaryimage\"},\"thumbnailUrl\":\"https:\\\/\\\/www.eldiario.net\\\/portal\\\/wp-content\\\/uploads\\\/2024\\\/01\\\/VULNERAN-ALP.jpg\",\"articleSection\":[\"Pol\u00edtica\"],\"inLanguage\":\"es\",\"potentialAction\":[{\"@type\":\"CommentAction\",\"name\":\"Comment\",\"target\":[\"https:\\\/\\\/www.eldiario.net\\\/portal\\\/2024\\\/01\\\/21\\\/procesos-contra-diputados-vulneran-cpe\\\/#respond\"]}]},{\"@type\":\"WebPage\",\"@id\":\"https:\\\/\\\/www.eldiario.net\\\/portal\\\/2024\\\/01\\\/21\\\/procesos-contra-diputados-vulneran-cpe\\\/\",\"url\":\"https:\\\/\\\/www.eldiario.net\\\/portal\\\/2024\\\/01\\\/21\\\/procesos-contra-diputados-vulneran-cpe\\\/\",\"name\":\"Procesos contra diputados vulneran CPE - El Diario - Bolivia\",\"isPartOf\":{\"@id\":\"https:\\\/\\\/www.eldiario.net\\\/portal\\\/#website\"},\"primaryImageOfPage\":{\"@id\":\"https:\\\/\\\/www.eldiario.net\\\/portal\\\/2024\\\/01\\\/21\\\/procesos-contra-diputados-vulneran-cpe\\\/#primaryimage\"},\"image\":{\"@id\":\"https:\\\/\\\/www.eldiario.net\\\/portal\\\/2024\\\/01\\\/21\\\/procesos-contra-diputados-vulneran-cpe\\\/#primaryimage\"},\"thumbnailUrl\":\"https:\\\/\\\/www.eldiario.net\\\/portal\\\/wp-content\\\/uploads\\\/2024\\\/01\\\/VULNERAN-ALP.jpg\",\"datePublished\":\"2024-01-21T11:02:10+00:00\",\"breadcrumb\":{\"@id\":\"https:\\\/\\\/www.eldiario.net\\\/portal\\\/2024\\\/01\\\/21\\\/procesos-contra-diputados-vulneran-cpe\\\/#breadcrumb\"},\"inLanguage\":\"es\",\"potentialAction\":[{\"@type\":\"ReadAction\",\"target\":[\"https:\\\/\\\/www.eldiario.net\\\/portal\\\/2024\\\/01\\\/21\\\/procesos-contra-diputados-vulneran-cpe\\\/\"]}]},{\"@type\":\"ImageObject\",\"inLanguage\":\"es\",\"@id\":\"https:\\\/\\\/www.eldiario.net\\\/portal\\\/2024\\\/01\\\/21\\\/procesos-contra-diputados-vulneran-cpe\\\/#primaryimage\",\"url\":\"https:\\\/\\\/www.eldiario.net\\\/portal\\\/wp-content\\\/uploads\\\/2024\\\/01\\\/VULNERAN-ALP.jpg\",\"contentUrl\":\"https:\\\/\\\/www.eldiario.net\\\/portal\\\/wp-content\\\/uploads\\\/2024\\\/01\\\/VULNERAN-ALP.jpg\",\"width\":1599,\"height\":1066,\"caption\":\"Asamblea Legislativa Plurinacional. (referencial)\"},{\"@type\":\"BreadcrumbList\",\"@id\":\"https:\\\/\\\/www.eldiario.net\\\/portal\\\/2024\\\/01\\\/21\\\/procesos-contra-diputados-vulneran-cpe\\\/#breadcrumb\",\"itemListElement\":[{\"@type\":\"ListItem\",\"position\":1,\"name\":\"Portada\",\"item\":\"https:\\\/\\\/www.eldiario.net\\\/portal\\\/\"},{\"@type\":\"ListItem\",\"position\":2,\"name\":\"Procesos contra diputados vulneran CPE\"}]},{\"@type\":\"WebSite\",\"@id\":\"https:\\\/\\\/www.eldiario.net\\\/portal\\\/#website\",\"url\":\"https:\\\/\\\/www.eldiario.net\\\/portal\\\/\",\"name\":\"El Diario - Decano de la prensa nacional\",\"description\":\"El Diario - Decano de la prensa nacional\",\"publisher\":{\"@id\":\"https:\\\/\\\/www.eldiario.net\\\/portal\\\/#organization\"},\"potentialAction\":[{\"@type\":\"SearchAction\",\"target\":{\"@type\":\"EntryPoint\",\"urlTemplate\":\"https:\\\/\\\/www.eldiario.net\\\/portal\\\/?s={search_term_string}\"},\"query-input\":{\"@type\":\"PropertyValueSpecification\",\"valueRequired\":true,\"valueName\":\"search_term_string\"}}],\"inLanguage\":\"es\"},{\"@type\":\"Organization\",\"@id\":\"https:\\\/\\\/www.eldiario.net\\\/portal\\\/#organization\",\"name\":\"El Diario - Decano de la prensa nacional\",\"url\":\"https:\\\/\\\/www.eldiario.net\\\/portal\\\/\",\"logo\":{\"@type\":\"ImageObject\",\"inLanguage\":\"es\",\"@id\":\"https:\\\/\\\/www.eldiario.net\\\/portal\\\/#\\\/schema\\\/logo\\\/image\\\/\",\"url\":\"https:\\\/\\\/www.eldiario.net\\\/portal\\\/wp-content\\\/uploads\\\/2023\\\/07\\\/logo_ED.jpg\",\"contentUrl\":\"https:\\\/\\\/www.eldiario.net\\\/portal\\\/wp-content\\\/uploads\\\/2023\\\/07\\\/logo_ED.jpg\",\"width\":272,\"height\":52,\"caption\":\"El Diario - Decano de la prensa nacional\"},\"image\":{\"@id\":\"https:\\\/\\\/www.eldiario.net\\\/portal\\\/#\\\/schema\\\/logo\\\/image\\\/\"},\"sameAs\":[\"https:\\\/\\\/www.facebook.com\\\/eldiario.bolivia\\\/\",\"https:\\\/\\\/x.com\\\/eldiario_net\"]},{\"@type\":\"Person\",\"@id\":\"https:\\\/\\\/www.eldiario.net\\\/portal\\\/#\\\/schema\\\/person\\\/2c57cf2b7a7ae032e449e4c9b1019eac\",\"name\":\"Jeanette\",\"image\":{\"@type\":\"ImageObject\",\"inLanguage\":\"es\",\"@id\":\"https:\\\/\\\/secure.gravatar.com\\\/avatar\\\/3ea2118a5f7dad2b7138b1187a6b7ee55f160b9968b66013c3a3ef39dd7e5798?s=96&d=mm&r=g\",\"url\":\"https:\\\/\\\/secure.gravatar.com\\\/avatar\\\/3ea2118a5f7dad2b7138b1187a6b7ee55f160b9968b66013c3a3ef39dd7e5798?s=96&d=mm&r=g\",\"contentUrl\":\"https:\\\/\\\/secure.gravatar.com\\\/avatar\\\/3ea2118a5f7dad2b7138b1187a6b7ee55f160b9968b66013c3a3ef39dd7e5798?s=96&d=mm&r=g\",\"caption\":\"Jeanette\"},\"sameAs\":[\"https:\\\/\\\/www.eldiario.net\\\/portal\"],\"url\":\"https:\\\/\\\/www.eldiario.net\\\/portal\\\/author\\\/jeanette\\\/\"}]}<\/script>\n<!-- \/ Yoast SEO plugin. -->","yoast_head_json":{"title":"Procesos contra diputados vulneran CPE - El Diario - Bolivia","robots":{"index":"index","follow":"follow","max-snippet":"max-snippet:-1","max-image-preview":"max-image-preview:large","max-video-preview":"max-video-preview:-1"},"canonical":"https:\/\/www.eldiario.net\/portal\/2024\/01\/21\/procesos-contra-diputados-vulneran-cpe\/","og_locale":"es_ES","og_type":"article","og_title":"Procesos contra diputados vulneran CPE - El Diario - Bolivia","og_description":"Legisladores de organizaciones pol\u00edticas opositoras, luego de confirmarse el inicio de procesos penales en contra de legisladores nacionales, tramitados por el Gobierno, a trav\u00e9s de instancias estatales, se\u00f1alan que estas acciones son contrarias a la protecci\u00f3n parlamentaria que establece el art\u00edculo 151 de la Constituci\u00f3n Pol\u00edtica del Estado (CPE), y tienen como finalidad anular la [&hellip;]","og_url":"https:\/\/www.eldiario.net\/portal\/2024\/01\/21\/procesos-contra-diputados-vulneran-cpe\/","og_site_name":"El Diario - Bolivia","article_publisher":"https:\/\/www.facebook.com\/eldiario.bolivia\/","article_published_time":"2024-01-21T11:02:10+00:00","og_image":[{"width":1599,"height":1066,"url":"https:\/\/www.eldiario.net\/portal\/wp-content\/uploads\/2024\/01\/VULNERAN-ALP.jpg","type":"image\/jpeg"}],"author":"Jeanette","twitter_card":"summary_large_image","twitter_creator":"@eldiario_net","twitter_site":"@eldiario_net","twitter_misc":{"Escrito por":"Jeanette","Tiempo de lectura":"4 minutos"},"schema":{"@context":"https:\/\/schema.org","@graph":[{"@type":"Article","@id":"https:\/\/www.eldiario.net\/portal\/2024\/01\/21\/procesos-contra-diputados-vulneran-cpe\/#article","isPartOf":{"@id":"https:\/\/www.eldiario.net\/portal\/2024\/01\/21\/procesos-contra-diputados-vulneran-cpe\/"},"author":{"name":"Jeanette","@id":"https:\/\/www.eldiario.net\/portal\/#\/schema\/person\/2c57cf2b7a7ae032e449e4c9b1019eac"},"headline":"Procesos contra diputados vulneran CPE","datePublished":"2024-01-21T11:02:10+00:00","mainEntityOfPage":{"@id":"https:\/\/www.eldiario.net\/portal\/2024\/01\/21\/procesos-contra-diputados-vulneran-cpe\/"},"wordCount":694,"commentCount":0,"publisher":{"@id":"https:\/\/www.eldiario.net\/portal\/#organization"},"image":{"@id":"https:\/\/www.eldiario.net\/portal\/2024\/01\/21\/procesos-contra-diputados-vulneran-cpe\/#primaryimage"},"thumbnailUrl":"https:\/\/www.eldiario.net\/portal\/wp-content\/uploads\/2024\/01\/VULNERAN-ALP.jpg","articleSection":["Pol\u00edtica"],"inLanguage":"es","potentialAction":[{"@type":"CommentAction","name":"Comment","target":["https:\/\/www.eldiario.net\/portal\/2024\/01\/21\/procesos-contra-diputados-vulneran-cpe\/#respond"]}]},{"@type":"WebPage","@id":"https:\/\/www.eldiario.net\/portal\/2024\/01\/21\/procesos-contra-diputados-vulneran-cpe\/","url":"https:\/\/www.eldiario.net\/portal\/2024\/01\/21\/procesos-contra-diputados-vulneran-cpe\/","name":"Procesos contra diputados vulneran CPE - El Diario - Bolivia","isPartOf":{"@id":"https:\/\/www.eldiario.net\/portal\/#website"},"primaryImageOfPage":{"@id":"https:\/\/www.eldiario.net\/portal\/2024\/01\/21\/procesos-contra-diputados-vulneran-cpe\/#primaryimage"},"image":{"@id":"https:\/\/www.eldiario.net\/portal\/2024\/01\/21\/procesos-contra-diputados-vulneran-cpe\/#primaryimage"},"thumbnailUrl":"https:\/\/www.eldiario.net\/portal\/wp-content\/uploads\/2024\/01\/VULNERAN-ALP.jpg","datePublished":"2024-01-21T11:02:10+00:00","breadcrumb":{"@id":"https:\/\/www.eldiario.net\/portal\/2024\/01\/21\/procesos-contra-diputados-vulneran-cpe\/#breadcrumb"},"inLanguage":"es","potentialAction":[{"@type":"ReadAction","target":["https:\/\/www.eldiario.net\/portal\/2024\/01\/21\/procesos-contra-diputados-vulneran-cpe\/"]}]},{"@type":"ImageObject","inLanguage":"es","@id":"https:\/\/www.eldiario.net\/portal\/2024\/01\/21\/procesos-contra-diputados-vulneran-cpe\/#primaryimage","url":"https:\/\/www.eldiario.net\/portal\/wp-content\/uploads\/2024\/01\/VULNERAN-ALP.jpg","contentUrl":"https:\/\/www.eldiario.net\/portal\/wp-content\/uploads\/2024\/01\/VULNERAN-ALP.jpg","width":1599,"height":1066,"caption":"Asamblea Legislativa Plurinacional. (referencial)"},{"@type":"BreadcrumbList","@id":"https:\/\/www.eldiario.net\/portal\/2024\/01\/21\/procesos-contra-diputados-vulneran-cpe\/#breadcrumb","itemListElement":[{"@type":"ListItem","position":1,"name":"Portada","item":"https:\/\/www.eldiario.net\/portal\/"},{"@type":"ListItem","position":2,"name":"Procesos contra diputados vulneran CPE"}]},{"@type":"WebSite","@id":"https:\/\/www.eldiario.net\/portal\/#website","url":"https:\/\/www.eldiario.net\/portal\/","name":"El Diario - Decano de la prensa nacional","description":"El Diario - Decano de la prensa nacional","publisher":{"@id":"https:\/\/www.eldiario.net\/portal\/#organization"},"potentialAction":[{"@type":"SearchAction","target":{"@type":"EntryPoint","urlTemplate":"https:\/\/www.eldiario.net\/portal\/?s={search_term_string}"},"query-input":{"@type":"PropertyValueSpecification","valueRequired":true,"valueName":"search_term_string"}}],"inLanguage":"es"},{"@type":"Organization","@id":"https:\/\/www.eldiario.net\/portal\/#organization","name":"El Diario - Decano de la prensa nacional","url":"https:\/\/www.eldiario.net\/portal\/","logo":{"@type":"ImageObject","inLanguage":"es","@id":"https:\/\/www.eldiario.net\/portal\/#\/schema\/logo\/image\/","url":"https:\/\/www.eldiario.net\/portal\/wp-content\/uploads\/2023\/07\/logo_ED.jpg","contentUrl":"https:\/\/www.eldiario.net\/portal\/wp-content\/uploads\/2023\/07\/logo_ED.jpg","width":272,"height":52,"caption":"El Diario - Decano de la prensa nacional"},"image":{"@id":"https:\/\/www.eldiario.net\/portal\/#\/schema\/logo\/image\/"},"sameAs":["https:\/\/www.facebook.com\/eldiario.bolivia\/","https:\/\/x.com\/eldiario_net"]},{"@type":"Person","@id":"https:\/\/www.eldiario.net\/portal\/#\/schema\/person\/2c57cf2b7a7ae032e449e4c9b1019eac","name":"Jeanette","image":{"@type":"ImageObject","inLanguage":"es","@id":"https:\/\/secure.gravatar.com\/avatar\/3ea2118a5f7dad2b7138b1187a6b7ee55f160b9968b66013c3a3ef39dd7e5798?s=96&d=mm&r=g","url":"https:\/\/secure.gravatar.com\/avatar\/3ea2118a5f7dad2b7138b1187a6b7ee55f160b9968b66013c3a3ef39dd7e5798?s=96&d=mm&r=g","contentUrl":"https:\/\/secure.gravatar.com\/avatar\/3ea2118a5f7dad2b7138b1187a6b7ee55f160b9968b66013c3a3ef39dd7e5798?s=96&d=mm&r=g","caption":"Jeanette"},"sameAs":["https:\/\/www.eldiario.net\/portal"],"url":"https:\/\/www.eldiario.net\/portal\/author\/jeanette\/"}]}},"_links":{"self":[{"href":"https:\/\/www.eldiario.net\/portal\/wp-json\/wp\/v2\/posts\/198724","targetHints":{"allow":["GET"]}}],"collection":[{"href":"https:\/\/www.eldiario.net\/portal\/wp-json\/wp\/v2\/posts"}],"about":[{"href":"https:\/\/www.eldiario.net\/portal\/wp-json\/wp\/v2\/types\/post"}],"author":[{"embeddable":true,"href":"https:\/\/www.eldiario.net\/portal\/wp-json\/wp\/v2\/users\/1"}],"replies":[{"embeddable":true,"href":"https:\/\/www.eldiario.net\/portal\/wp-json\/wp\/v2\/comments?post=198724"}],"version-history":[{"count":1,"href":"https:\/\/www.eldiario.net\/portal\/wp-json\/wp\/v2\/posts\/198724\/revisions"}],"predecessor-version":[{"id":198726,"href":"https:\/\/www.eldiario.net\/portal\/wp-json\/wp\/v2\/posts\/198724\/revisions\/198726"}],"wp:featuredmedia":[{"embeddable":true,"href":"https:\/\/www.eldiario.net\/portal\/wp-json\/wp\/v2\/media\/198725"}],"wp:attachment":[{"href":"https:\/\/www.eldiario.net\/portal\/wp-json\/wp\/v2\/media?parent=198724"}],"wp:term":[{"taxonomy":"category","embeddable":true,"href":"https:\/\/www.eldiario.net\/portal\/wp-json\/wp\/v2\/categories?post=198724"},{"taxonomy":"post_tag","embeddable":true,"href":"https:\/\/www.eldiario.net\/portal\/wp-json\/wp\/v2\/tags?post=198724"}],"curies":[{"name":"wp","href":"https:\/\/api.w.org\/{rel}","templated":true}]}}