{"id":198721,"date":"2024-01-21T07:01:09","date_gmt":"2024-01-21T11:01:09","guid":{"rendered":"https:\/\/www.eldiario.net\/portal\/?p=198721"},"modified":"2024-01-21T07:01:09","modified_gmt":"2024-01-21T11:01:09","slug":"cuestionan-falta-de-voluntad-para-avanzar-temas-urgentes","status":"publish","type":"post","link":"https:\/\/www.eldiario.net\/portal\/2024\/01\/21\/cuestionan-falta-de-voluntad-para-avanzar-temas-urgentes\/","title":{"rendered":"Cuestionan falta de voluntad  para avanzar temas urgentes"},"content":{"rendered":"<p>La diputada por Comunidad Ciudadana (CC), Alejandra Camargo, lament\u00f3 que nuevamente se haya hecho visible la falta de voluntad pol\u00edtica en el oficialismo para tratar temas urgentes, como el tratamiento de una ley para garantizar las elecciones judiciales,<br \/>\nEn criterio de la legisladora representante de Cochabamba, esta semana el Parlamento fue testigo de otra jornada vergonzosa, debido a la suspensi\u00f3n, sin previo aviso de una sesi\u00f3n importante para el pa\u00eds.<br \/>\nLamentando que el titular de Diputados, Israel Huaytari, no explic\u00f3 los motivos de su decisi\u00f3n, Camargo sostuvo que desde el oficialismo no existe la voluntad ni capacidad pol\u00edtica de avanzar en temas urgentes, \u201cen espec\u00edfico uno que es bastante inc\u00f3modo, con es las elecciones judiciales\u201d.<br \/>\n\u201cDe esta forma terminamos la tercera semana del a\u00f1o, con una Asamblea Legislativa paralizada. Huaytari evita tratar a como d\u00e9 lugar temas delicados para Bolivia\u201d, expres\u00f3.<br \/>\nLos cuestionamientos de la legisladora de oposici\u00f3n tambi\u00e9n tienen que ver con la reciente emisi\u00f3n de un instructivo del Ministerio de Econom\u00eda en el que se dispone una \u201cpol\u00edtica de austeridad\u201d a ser aplicada en todas las entidades del Estado para reducir gastos.<br \/>\n\u201cEl costo que involucra llamar a Sesi\u00f3n no es poco. La log\u00edstica que significa trasladar a los parlamentarios a la Sede de Gobierno desde sus regiones, adem\u00e1s de otros detalles como catering, personal, material de oficina y otros, representan un gasto significativo para el Estado, y se supone que en este momento el Gobierno no est\u00e1 para malgastar estos recursos (\u2026)\u201d, indic\u00f3.<br \/>\nConcluy\u00f3 se\u00f1alando que, por donde se vea, estas suspensiones sorpresivas son un \u201cespect\u00e1culo vergonzoso\u201d al ser la Asamblea un espacio de debate, deliberaci\u00f3n y consenso, \u201clos parlamentarios estamos abiertos a llegar a acuerdos por bien mayor de los bolivianos. \u00bfQu\u00e9 temor tiene Huaytari si el di\u00e1logo est\u00e1 garantizado? \u00bfPor qu\u00e9 malgastar los recursos limitados para no llegar a consensos?\u201d.<\/p>\n","protected":false},"excerpt":{"rendered":"<p>La diputada por Comunidad Ciudadana (CC), Alejandra Camargo, lament\u00f3 que nuevamente se haya hecho visible la falta de voluntad pol\u00edtica en el oficialismo para tratar temas urgentes, como el tratamiento de una ley para garantizar las elecciones judiciales, En criterio de la legisladora representante de Cochabamba, esta semana el Parlamento fue testigo de otra jornada [&hellip;]<\/p>\n","protected":false},"author":1,"featured_media":198722,"comment_status":"open","ping_status":"open","sticky":false,"template":"","format":"standard","meta":{"_acf_changed":false,"footnotes":""},"categories":[14],"tags":[],"class_list":["post-198721","post","type-post","status-publish","format-standard","has-post-thumbnail","category-politica"],"acf":{"antetitulo":"Legislativo paralizado"},"yoast_head":"<!-- This site is optimized with the Yoast SEO plugin v28.4 - https:\/\/yoast.com\/product\/yoast-seo-wordpress\/ -->\n<title>Cuestionan falta de voluntad para avanzar temas urgentes - El Diario - Bolivia<\/title>\n<meta name=\"robots\" content=\"index, follow, max-snippet:-1, max-image-preview:large, max-video-preview:-1\" \/>\n<link rel=\"canonical\" href=\"https:\/\/www.eldiario.net\/portal\/2024\/01\/21\/cuestionan-falta-de-voluntad-para-avanzar-temas-urgentes\/\" \/>\n<meta property=\"og:locale\" content=\"es_ES\" \/>\n<meta property=\"og:type\" content=\"article\" \/>\n<meta property=\"og:title\" content=\"Cuestionan falta de voluntad para avanzar temas urgentes - El Diario - Bolivia\" \/>\n<meta property=\"og:description\" content=\"La diputada por Comunidad Ciudadana (CC), Alejandra Camargo, lament\u00f3 que nuevamente se haya hecho visible la falta de voluntad pol\u00edtica en el oficialismo para tratar temas urgentes, como el tratamiento de una ley para garantizar las elecciones judiciales, En criterio de la legisladora representante de Cochabamba, esta semana el Parlamento fue testigo de otra jornada [&hellip;]\" \/>\n<meta property=\"og:url\" content=\"https:\/\/www.eldiario.net\/portal\/2024\/01\/21\/cuestionan-falta-de-voluntad-para-avanzar-temas-urgentes\/\" \/>\n<meta property=\"og:site_name\" content=\"El Diario - Bolivia\" \/>\n<meta property=\"article:publisher\" content=\"https:\/\/www.facebook.com\/eldiario.bolivia\/\" \/>\n<meta property=\"article:published_time\" content=\"2024-01-21T11:01:09+00:00\" \/>\n<meta property=\"og:image\" content=\"https:\/\/www.eldiario.net\/portal\/wp-content\/uploads\/2024\/01\/URGENTES-CAMARGO.jpg\" \/>\n\t<meta property=\"og:image:width\" content=\"814\" \/>\n\t<meta property=\"og:image:height\" content=\"696\" \/>\n\t<meta property=\"og:image:type\" content=\"image\/jpeg\" \/>\n<meta name=\"author\" content=\"Jeanette\" \/>\n<meta name=\"twitter:card\" content=\"summary_large_image\" \/>\n<meta name=\"twitter:creator\" content=\"@eldiario_net\" \/>\n<meta name=\"twitter:site\" content=\"@eldiario_net\" \/>\n<meta name=\"twitter:label1\" content=\"Escrito por\" \/>\n\t<meta name=\"twitter:data1\" content=\"Jeanette\" \/>\n\t<meta name=\"twitter:label2\" content=\"Tiempo de lectura\" \/>\n\t<meta name=\"twitter:data2\" content=\"2 minutos\" \/>\n<script type=\"application\/ld+json\" class=\"yoast-schema-graph\">{\"@context\":\"https:\\\/\\\/schema.org\",\"@graph\":[{\"@type\":\"Article\",\"@id\":\"https:\\\/\\\/www.eldiario.net\\\/portal\\\/2024\\\/01\\\/21\\\/cuestionan-falta-de-voluntad-para-avanzar-temas-urgentes\\\/#article\",\"isPartOf\":{\"@id\":\"https:\\\/\\\/www.eldiario.net\\\/portal\\\/2024\\\/01\\\/21\\\/cuestionan-falta-de-voluntad-para-avanzar-temas-urgentes\\\/\"},\"author\":{\"name\":\"Jeanette\",\"@id\":\"https:\\\/\\\/www.eldiario.net\\\/portal\\\/#\\\/schema\\\/person\\\/f46445640444750d7d753ccd04ae01b7\"},\"headline\":\"Cuestionan falta de voluntad para avanzar temas urgentes\",\"datePublished\":\"2024-01-21T11:01:09+00:00\",\"mainEntityOfPage\":{\"@id\":\"https:\\\/\\\/www.eldiario.net\\\/portal\\\/2024\\\/01\\\/21\\\/cuestionan-falta-de-voluntad-para-avanzar-temas-urgentes\\\/\"},\"wordCount\":333,\"commentCount\":0,\"publisher\":{\"@id\":\"https:\\\/\\\/www.eldiario.net\\\/portal\\\/#organization\"},\"image\":{\"@id\":\"https:\\\/\\\/www.eldiario.net\\\/portal\\\/2024\\\/01\\\/21\\\/cuestionan-falta-de-voluntad-para-avanzar-temas-urgentes\\\/#primaryimage\"},\"thumbnailUrl\":\"https:\\\/\\\/www.eldiario.net\\\/portal\\\/wp-content\\\/uploads\\\/2024\\\/01\\\/URGENTES-CAMARGO.jpg\",\"articleSection\":[\"Pol\u00edtica\"],\"inLanguage\":\"es\",\"potentialAction\":[{\"@type\":\"CommentAction\",\"name\":\"Comment\",\"target\":[\"https:\\\/\\\/www.eldiario.net\\\/portal\\\/2024\\\/01\\\/21\\\/cuestionan-falta-de-voluntad-para-avanzar-temas-urgentes\\\/#respond\"]}]},{\"@type\":\"WebPage\",\"@id\":\"https:\\\/\\\/www.eldiario.net\\\/portal\\\/2024\\\/01\\\/21\\\/cuestionan-falta-de-voluntad-para-avanzar-temas-urgentes\\\/\",\"url\":\"https:\\\/\\\/www.eldiario.net\\\/portal\\\/2024\\\/01\\\/21\\\/cuestionan-falta-de-voluntad-para-avanzar-temas-urgentes\\\/\",\"name\":\"Cuestionan falta de voluntad para avanzar temas urgentes - El Diario - Bolivia\",\"isPartOf\":{\"@id\":\"https:\\\/\\\/www.eldiario.net\\\/portal\\\/#website\"},\"primaryImageOfPage\":{\"@id\":\"https:\\\/\\\/www.eldiario.net\\\/portal\\\/2024\\\/01\\\/21\\\/cuestionan-falta-de-voluntad-para-avanzar-temas-urgentes\\\/#primaryimage\"},\"image\":{\"@id\":\"https:\\\/\\\/www.eldiario.net\\\/portal\\\/2024\\\/01\\\/21\\\/cuestionan-falta-de-voluntad-para-avanzar-temas-urgentes\\\/#primaryimage\"},\"thumbnailUrl\":\"https:\\\/\\\/www.eldiario.net\\\/portal\\\/wp-content\\\/uploads\\\/2024\\\/01\\\/URGENTES-CAMARGO.jpg\",\"datePublished\":\"2024-01-21T11:01:09+00:00\",\"breadcrumb\":{\"@id\":\"https:\\\/\\\/www.eldiario.net\\\/portal\\\/2024\\\/01\\\/21\\\/cuestionan-falta-de-voluntad-para-avanzar-temas-urgentes\\\/#breadcrumb\"},\"inLanguage\":\"es\",\"potentialAction\":[{\"@type\":\"ReadAction\",\"target\":[\"https:\\\/\\\/www.eldiario.net\\\/portal\\\/2024\\\/01\\\/21\\\/cuestionan-falta-de-voluntad-para-avanzar-temas-urgentes\\\/\"]}]},{\"@type\":\"ImageObject\",\"inLanguage\":\"es\",\"@id\":\"https:\\\/\\\/www.eldiario.net\\\/portal\\\/2024\\\/01\\\/21\\\/cuestionan-falta-de-voluntad-para-avanzar-temas-urgentes\\\/#primaryimage\",\"url\":\"https:\\\/\\\/www.eldiario.net\\\/portal\\\/wp-content\\\/uploads\\\/2024\\\/01\\\/URGENTES-CAMARGO.jpg\",\"contentUrl\":\"https:\\\/\\\/www.eldiario.net\\\/portal\\\/wp-content\\\/uploads\\\/2024\\\/01\\\/URGENTES-CAMARGO.jpg\",\"width\":814,\"height\":696},{\"@type\":\"BreadcrumbList\",\"@id\":\"https:\\\/\\\/www.eldiario.net\\\/portal\\\/2024\\\/01\\\/21\\\/cuestionan-falta-de-voluntad-para-avanzar-temas-urgentes\\\/#breadcrumb\",\"itemListElement\":[{\"@type\":\"ListItem\",\"position\":1,\"name\":\"Portada\",\"item\":\"https:\\\/\\\/www.eldiario.net\\\/portal\\\/\"},{\"@type\":\"ListItem\",\"position\":2,\"name\":\"Cuestionan falta de voluntad para avanzar temas urgentes\"}]},{\"@type\":\"WebSite\",\"@id\":\"https:\\\/\\\/www.eldiario.net\\\/portal\\\/#website\",\"url\":\"https:\\\/\\\/www.eldiario.net\\\/portal\\\/\",\"name\":\"El Diario - Decano de la prensa nacional\",\"description\":\"El Diario - Decano de la prensa nacional\",\"publisher\":{\"@id\":\"https:\\\/\\\/www.eldiario.net\\\/portal\\\/#organization\"},\"potentialAction\":[{\"@type\":\"SearchAction\",\"target\":{\"@type\":\"EntryPoint\",\"urlTemplate\":\"https:\\\/\\\/www.eldiario.net\\\/portal\\\/?s={search_term_string}\"},\"query-input\":{\"@type\":\"PropertyValueSpecification\",\"valueRequired\":true,\"valueName\":\"search_term_string\"}}],\"inLanguage\":\"es\"},{\"@type\":\"Organization\",\"@id\":\"https:\\\/\\\/www.eldiario.net\\\/portal\\\/#organization\",\"name\":\"El Diario - Decano de la prensa nacional\",\"url\":\"https:\\\/\\\/www.eldiario.net\\\/portal\\\/\",\"logo\":{\"@type\":\"ImageObject\",\"inLanguage\":\"es\",\"@id\":\"https:\\\/\\\/www.eldiario.net\\\/portal\\\/#\\\/schema\\\/logo\\\/image\\\/\",\"url\":\"https:\\\/\\\/www.eldiario.net\\\/portal\\\/wp-content\\\/uploads\\\/2023\\\/07\\\/logo_ED.jpg\",\"contentUrl\":\"https:\\\/\\\/www.eldiario.net\\\/portal\\\/wp-content\\\/uploads\\\/2023\\\/07\\\/logo_ED.jpg\",\"width\":272,\"height\":52,\"caption\":\"El Diario - Decano de la prensa nacional\"},\"image\":{\"@id\":\"https:\\\/\\\/www.eldiario.net\\\/portal\\\/#\\\/schema\\\/logo\\\/image\\\/\"},\"sameAs\":[\"https:\\\/\\\/www.facebook.com\\\/eldiario.bolivia\\\/\",\"https:\\\/\\\/x.com\\\/eldiario_net\"]},{\"@type\":\"Person\",\"@id\":\"https:\\\/\\\/www.eldiario.net\\\/portal\\\/#\\\/schema\\\/person\\\/f46445640444750d7d753ccd04ae01b7\",\"name\":\"Jeanette\",\"image\":{\"@type\":\"ImageObject\",\"inLanguage\":\"es\",\"@id\":\"https:\\\/\\\/secure.gravatar.com\\\/avatar\\\/3ea2118a5f7dad2b7138b1187a6b7ee55f160b9968b66013c3a3ef39dd7e5798?s=96&d=mm&r=g\",\"url\":\"https:\\\/\\\/secure.gravatar.com\\\/avatar\\\/3ea2118a5f7dad2b7138b1187a6b7ee55f160b9968b66013c3a3ef39dd7e5798?s=96&d=mm&r=g\",\"contentUrl\":\"https:\\\/\\\/secure.gravatar.com\\\/avatar\\\/3ea2118a5f7dad2b7138b1187a6b7ee55f160b9968b66013c3a3ef39dd7e5798?s=96&d=mm&r=g\",\"caption\":\"Jeanette\"},\"sameAs\":[\"https:\\\/\\\/www.eldiario.net\\\/portal\"],\"url\":\"https:\\\/\\\/www.eldiario.net\\\/portal\\\/author\\\/jeanette\\\/\"}]}<\/script>\n<!-- \/ Yoast SEO plugin. -->","yoast_head_json":{"title":"Cuestionan falta de voluntad para avanzar temas urgentes - El Diario - Bolivia","robots":{"index":"index","follow":"follow","max-snippet":"max-snippet:-1","max-image-preview":"max-image-preview:large","max-video-preview":"max-video-preview:-1"},"canonical":"https:\/\/www.eldiario.net\/portal\/2024\/01\/21\/cuestionan-falta-de-voluntad-para-avanzar-temas-urgentes\/","og_locale":"es_ES","og_type":"article","og_title":"Cuestionan falta de voluntad para avanzar temas urgentes - El Diario - Bolivia","og_description":"La diputada por Comunidad Ciudadana (CC), Alejandra Camargo, lament\u00f3 que nuevamente se haya hecho visible la falta de voluntad pol\u00edtica en el oficialismo para tratar temas urgentes, como el tratamiento de una ley para garantizar las elecciones judiciales, En criterio de la legisladora representante de Cochabamba, esta semana el Parlamento fue testigo de otra jornada [&hellip;]","og_url":"https:\/\/www.eldiario.net\/portal\/2024\/01\/21\/cuestionan-falta-de-voluntad-para-avanzar-temas-urgentes\/","og_site_name":"El Diario - Bolivia","article_publisher":"https:\/\/www.facebook.com\/eldiario.bolivia\/","article_published_time":"2024-01-21T11:01:09+00:00","og_image":[{"width":814,"height":696,"url":"https:\/\/www.eldiario.net\/portal\/wp-content\/uploads\/2024\/01\/URGENTES-CAMARGO.jpg","type":"image\/jpeg"}],"author":"Jeanette","twitter_card":"summary_large_image","twitter_creator":"@eldiario_net","twitter_site":"@eldiario_net","twitter_misc":{"Escrito por":"Jeanette","Tiempo de lectura":"2 minutos"},"schema":{"@context":"https:\/\/schema.org","@graph":[{"@type":"Article","@id":"https:\/\/www.eldiario.net\/portal\/2024\/01\/21\/cuestionan-falta-de-voluntad-para-avanzar-temas-urgentes\/#article","isPartOf":{"@id":"https:\/\/www.eldiario.net\/portal\/2024\/01\/21\/cuestionan-falta-de-voluntad-para-avanzar-temas-urgentes\/"},"author":{"name":"Jeanette","@id":"https:\/\/www.eldiario.net\/portal\/#\/schema\/person\/f46445640444750d7d753ccd04ae01b7"},"headline":"Cuestionan falta de voluntad para avanzar temas urgentes","datePublished":"2024-01-21T11:01:09+00:00","mainEntityOfPage":{"@id":"https:\/\/www.eldiario.net\/portal\/2024\/01\/21\/cuestionan-falta-de-voluntad-para-avanzar-temas-urgentes\/"},"wordCount":333,"commentCount":0,"publisher":{"@id":"https:\/\/www.eldiario.net\/portal\/#organization"},"image":{"@id":"https:\/\/www.eldiario.net\/portal\/2024\/01\/21\/cuestionan-falta-de-voluntad-para-avanzar-temas-urgentes\/#primaryimage"},"thumbnailUrl":"https:\/\/www.eldiario.net\/portal\/wp-content\/uploads\/2024\/01\/URGENTES-CAMARGO.jpg","articleSection":["Pol\u00edtica"],"inLanguage":"es","potentialAction":[{"@type":"CommentAction","name":"Comment","target":["https:\/\/www.eldiario.net\/portal\/2024\/01\/21\/cuestionan-falta-de-voluntad-para-avanzar-temas-urgentes\/#respond"]}]},{"@type":"WebPage","@id":"https:\/\/www.eldiario.net\/portal\/2024\/01\/21\/cuestionan-falta-de-voluntad-para-avanzar-temas-urgentes\/","url":"https:\/\/www.eldiario.net\/portal\/2024\/01\/21\/cuestionan-falta-de-voluntad-para-avanzar-temas-urgentes\/","name":"Cuestionan falta de voluntad para avanzar temas urgentes - El Diario - Bolivia","isPartOf":{"@id":"https:\/\/www.eldiario.net\/portal\/#website"},"primaryImageOfPage":{"@id":"https:\/\/www.eldiario.net\/portal\/2024\/01\/21\/cuestionan-falta-de-voluntad-para-avanzar-temas-urgentes\/#primaryimage"},"image":{"@id":"https:\/\/www.eldiario.net\/portal\/2024\/01\/21\/cuestionan-falta-de-voluntad-para-avanzar-temas-urgentes\/#primaryimage"},"thumbnailUrl":"https:\/\/www.eldiario.net\/portal\/wp-content\/uploads\/2024\/01\/URGENTES-CAMARGO.jpg","datePublished":"2024-01-21T11:01:09+00:00","breadcrumb":{"@id":"https:\/\/www.eldiario.net\/portal\/2024\/01\/21\/cuestionan-falta-de-voluntad-para-avanzar-temas-urgentes\/#breadcrumb"},"inLanguage":"es","potentialAction":[{"@type":"ReadAction","target":["https:\/\/www.eldiario.net\/portal\/2024\/01\/21\/cuestionan-falta-de-voluntad-para-avanzar-temas-urgentes\/"]}]},{"@type":"ImageObject","inLanguage":"es","@id":"https:\/\/www.eldiario.net\/portal\/2024\/01\/21\/cuestionan-falta-de-voluntad-para-avanzar-temas-urgentes\/#primaryimage","url":"https:\/\/www.eldiario.net\/portal\/wp-content\/uploads\/2024\/01\/URGENTES-CAMARGO.jpg","contentUrl":"https:\/\/www.eldiario.net\/portal\/wp-content\/uploads\/2024\/01\/URGENTES-CAMARGO.jpg","width":814,"height":696},{"@type":"BreadcrumbList","@id":"https:\/\/www.eldiario.net\/portal\/2024\/01\/21\/cuestionan-falta-de-voluntad-para-avanzar-temas-urgentes\/#breadcrumb","itemListElement":[{"@type":"ListItem","position":1,"name":"Portada","item":"https:\/\/www.eldiario.net\/portal\/"},{"@type":"ListItem","position":2,"name":"Cuestionan falta de voluntad para avanzar temas urgentes"}]},{"@type":"WebSite","@id":"https:\/\/www.eldiario.net\/portal\/#website","url":"https:\/\/www.eldiario.net\/portal\/","name":"El Diario - Decano de la prensa nacional","description":"El Diario - Decano de la prensa nacional","publisher":{"@id":"https:\/\/www.eldiario.net\/portal\/#organization"},"potentialAction":[{"@type":"SearchAction","target":{"@type":"EntryPoint","urlTemplate":"https:\/\/www.eldiario.net\/portal\/?s={search_term_string}"},"query-input":{"@type":"PropertyValueSpecification","valueRequired":true,"valueName":"search_term_string"}}],"inLanguage":"es"},{"@type":"Organization","@id":"https:\/\/www.eldiario.net\/portal\/#organization","name":"El Diario - Decano de la prensa nacional","url":"https:\/\/www.eldiario.net\/portal\/","logo":{"@type":"ImageObject","inLanguage":"es","@id":"https:\/\/www.eldiario.net\/portal\/#\/schema\/logo\/image\/","url":"https:\/\/www.eldiario.net\/portal\/wp-content\/uploads\/2023\/07\/logo_ED.jpg","contentUrl":"https:\/\/www.eldiario.net\/portal\/wp-content\/uploads\/2023\/07\/logo_ED.jpg","width":272,"height":52,"caption":"El Diario - Decano de la prensa nacional"},"image":{"@id":"https:\/\/www.eldiario.net\/portal\/#\/schema\/logo\/image\/"},"sameAs":["https:\/\/www.facebook.com\/eldiario.bolivia\/","https:\/\/x.com\/eldiario_net"]},{"@type":"Person","@id":"https:\/\/www.eldiario.net\/portal\/#\/schema\/person\/f46445640444750d7d753ccd04ae01b7","name":"Jeanette","image":{"@type":"ImageObject","inLanguage":"es","@id":"https:\/\/secure.gravatar.com\/avatar\/3ea2118a5f7dad2b7138b1187a6b7ee55f160b9968b66013c3a3ef39dd7e5798?s=96&d=mm&r=g","url":"https:\/\/secure.gravatar.com\/avatar\/3ea2118a5f7dad2b7138b1187a6b7ee55f160b9968b66013c3a3ef39dd7e5798?s=96&d=mm&r=g","contentUrl":"https:\/\/secure.gravatar.com\/avatar\/3ea2118a5f7dad2b7138b1187a6b7ee55f160b9968b66013c3a3ef39dd7e5798?s=96&d=mm&r=g","caption":"Jeanette"},"sameAs":["https:\/\/www.eldiario.net\/portal"],"url":"https:\/\/www.eldiario.net\/portal\/author\/jeanette\/"}]}},"_links":{"self":[{"href":"https:\/\/www.eldiario.net\/portal\/wp-json\/wp\/v2\/posts\/198721","targetHints":{"allow":["GET"]}}],"collection":[{"href":"https:\/\/www.eldiario.net\/portal\/wp-json\/wp\/v2\/posts"}],"about":[{"href":"https:\/\/www.eldiario.net\/portal\/wp-json\/wp\/v2\/types\/post"}],"author":[{"embeddable":true,"href":"https:\/\/www.eldiario.net\/portal\/wp-json\/wp\/v2\/users\/1"}],"replies":[{"embeddable":true,"href":"https:\/\/www.eldiario.net\/portal\/wp-json\/wp\/v2\/comments?post=198721"}],"version-history":[{"count":1,"href":"https:\/\/www.eldiario.net\/portal\/wp-json\/wp\/v2\/posts\/198721\/revisions"}],"predecessor-version":[{"id":198723,"href":"https:\/\/www.eldiario.net\/portal\/wp-json\/wp\/v2\/posts\/198721\/revisions\/198723"}],"wp:featuredmedia":[{"embeddable":true,"href":"https:\/\/www.eldiario.net\/portal\/wp-json\/wp\/v2\/media\/198722"}],"wp:attachment":[{"href":"https:\/\/www.eldiario.net\/portal\/wp-json\/wp\/v2\/media?parent=198721"}],"wp:term":[{"taxonomy":"category","embeddable":true,"href":"https:\/\/www.eldiario.net\/portal\/wp-json\/wp\/v2\/categories?post=198721"},{"taxonomy":"post_tag","embeddable":true,"href":"https:\/\/www.eldiario.net\/portal\/wp-json\/wp\/v2\/tags?post=198721"}],"curies":[{"name":"wp","href":"https:\/\/api.w.org\/{rel}","templated":true}]}}