{"id":198719,"date":"2024-01-21T07:00:02","date_gmt":"2024-01-21T11:00:02","guid":{"rendered":"https:\/\/www.eldiario.net\/portal\/?p=198719"},"modified":"2024-01-21T07:00:02","modified_gmt":"2024-01-21T11:00:02","slug":"america-latina-enfrenta-horizonte-economico-inquietante-para-2024","status":"publish","type":"post","link":"https:\/\/www.eldiario.net\/portal\/2024\/01\/21\/america-latina-enfrenta-horizonte-economico-inquietante-para-2024\/","title":{"rendered":"Am\u00e9rica Latina enfrenta horizonte  econ\u00f3mico inquietante para 2024"},"content":{"rendered":"<p>La regi\u00f3n enfrenta un pron\u00f3stico sombr\u00edo para el 2024, con previsiones que indican que la regi\u00f3n ser\u00e1 la de menor crecimiento en comparaci\u00f3n con otras econom\u00edas emergentes, de acuerdo con el columnista de opini\u00f3n Andr\u00e9s Oppenheimer en El Nuevo Herald.<br \/>\nCitando fuentes como el Banco Mundial y la Comisi\u00f3n Econ\u00f3mica para Am\u00e9rica Latina y el Caribe (Cepal), Oppenheimer se\u00f1ala una combinaci\u00f3n de factores locales y externos detr\u00e1s de esta situaci\u00f3n: \u201cUna de las razones de las bajas expectativas para Am\u00e9rica Latina es la desaceleraci\u00f3n econ\u00f3mica de China, lo que influy\u00f3 en muchos otros factores\u201d, y agrega, \u201chay otros factores de fondo que frenan el crecimiento latinoamericano, como el populismo cr\u00f3nico de la regi\u00f3n y la falta de af\u00e1n para atraer inversiones, por parte de los responsables\u201d.<br \/>\nEn una perspectiva m\u00e1s detallada, el an\u00e1lisis de Oppenheimer indica que el crecimiento de la econom\u00eda latinoamericana ser\u00e1 del 2,3% en el a\u00f1o 2024, un marcado contraste con el 5,6% del sur de Asia o el 4,5% de Asia Pac\u00edfico, seg\u00fan cifras del Banco Mundial. Comparativamente, la Cepal sostiene que la situaci\u00f3n es a\u00fan m\u00e1s preocupante, pronosticando un crecimiento de apenas un 1,9% para la regi\u00f3n, inferior al 2,2% registrado durante el a\u00f1o pasado. El secretario ejecutivo de la Cepal, Jos\u00e9 Manuel Salazar-Xirinachs, resume la perspectiva econ\u00f3mica en dos palabras: \u201cLigeramente peor\u201d.<br \/>\nEl panorama no es homog\u00e9neo en todos los pa\u00edses de la regi\u00f3n. Oppenheimer destaca casos espec\u00edficos, citando a la Cepal: \u201cParaguay crecer\u00e1 casi un 4%, Uruguay un 3,2% y las econom\u00edas caribe\u00f1as crecer\u00e1n un 8,3% en su conjunto\u201d. Contrastando con Venezuela que, a pesar de pronosticar un crecimiento del 4%, viene de un per\u00edodo prolongado de recesi\u00f3n que reduce la relevancia de tal recuperaci\u00f3n.<br \/>\nOppenheimer, reconocido por su trayectoria como periodista y analista pol\u00edtico, dirige una mirada cr\u00edtica hacia las posturas econ\u00f3micas de l\u00edderes de la regi\u00f3n, sobre todo los de tendencia populista, quienes, seg\u00fan su punto de vista, se dedicaron a ahuyentar a los inversionistas, a causa de varios problemas que se presentaron.<br \/>\nAsimismo, critica la ausencia de l\u00edderes de los pa\u00edses latinoamericanos, como los de M\u00e9xico y Brasil, en eventos internacionales clave como la cumbre del Foro Econ\u00f3mico Mundial en Davos, Suiza, eventos que \u00e9l considera oportunidades de oro para atraer a los inversionistas.<br \/>\nMenciona que M\u00e9xico podr\u00eda haber aprovechado el foro de Davos para atraer empresas preocupadas por las tensiones entre Estados Unidos y China. Sin embargo, la oportunidad fue perdida, ya que el presidente de M\u00e9xico, Andr\u00e9s Manuel L\u00f3pez Obrador, no asisti\u00f3 ni envi\u00f3 representaci\u00f3n de su gabinete.<br \/>\nEstos factores de autocomplacencia y falta de acci\u00f3n estrat\u00e9gica son resaltados por Andr\u00e9s Oppenheimer como contribuyentes al clima de estancamiento econ\u00f3mico: \u201cno hay que sorprenderse por los sombr\u00edos pron\u00f3sticos para Am\u00e9rica Latina. Parte del problema es autoinfligido y pocos pa\u00edses est\u00e1n haciendo algo para remediarlo\u201d. (Infobae)<\/p>\n","protected":false},"excerpt":{"rendered":"<p>La regi\u00f3n enfrenta un pron\u00f3stico sombr\u00edo para el 2024, con previsiones que indican que la regi\u00f3n ser\u00e1 la de menor crecimiento en comparaci\u00f3n con otras econom\u00edas emergentes, de acuerdo con el columnista de opini\u00f3n Andr\u00e9s Oppenheimer en El Nuevo Herald. Citando fuentes como el Banco Mundial y la Comisi\u00f3n Econ\u00f3mica para Am\u00e9rica Latina y el [&hellip;]<\/p>\n","protected":false},"author":1,"featured_media":194703,"comment_status":"open","ping_status":"open","sticky":false,"template":"","format":"standard","meta":{"_acf_changed":false,"footnotes":""},"categories":[3],"tags":[],"class_list":["post-198719","post","type-post","status-publish","format-standard","has-post-thumbnail","category-internacional"],"acf":{"antetitulo":"En comparaci\u00f3n con otras econom\u00edas"},"yoast_head":"<!-- This site is optimized with the Yoast SEO plugin v28.4 - https:\/\/yoast.com\/product\/yoast-seo-wordpress\/ -->\n<title>Am\u00e9rica Latina enfrenta horizonte econ\u00f3mico inquietante para 2024 - El Diario - Bolivia<\/title>\n<meta name=\"robots\" content=\"index, follow, max-snippet:-1, max-image-preview:large, max-video-preview:-1\" \/>\n<link rel=\"canonical\" href=\"https:\/\/www.eldiario.net\/portal\/2024\/01\/21\/america-latina-enfrenta-horizonte-economico-inquietante-para-2024\/\" \/>\n<meta property=\"og:locale\" content=\"es_ES\" \/>\n<meta property=\"og:type\" content=\"article\" \/>\n<meta property=\"og:title\" content=\"Am\u00e9rica Latina enfrenta horizonte econ\u00f3mico inquietante para 2024 - El Diario - Bolivia\" \/>\n<meta property=\"og:description\" content=\"La regi\u00f3n enfrenta un pron\u00f3stico sombr\u00edo para el 2024, con previsiones que indican que la regi\u00f3n ser\u00e1 la de menor crecimiento en comparaci\u00f3n con otras econom\u00edas emergentes, de acuerdo con el columnista de opini\u00f3n Andr\u00e9s Oppenheimer en El Nuevo Herald. Citando fuentes como el Banco Mundial y la Comisi\u00f3n Econ\u00f3mica para Am\u00e9rica Latina y el [&hellip;]\" \/>\n<meta property=\"og:url\" content=\"https:\/\/www.eldiario.net\/portal\/2024\/01\/21\/america-latina-enfrenta-horizonte-economico-inquietante-para-2024\/\" \/>\n<meta property=\"og:site_name\" content=\"El Diario - Bolivia\" \/>\n<meta property=\"article:publisher\" content=\"https:\/\/www.facebook.com\/eldiario.bolivia\/\" \/>\n<meta property=\"article:published_time\" content=\"2024-01-21T11:00:02+00:00\" \/>\n<meta property=\"og:image\" content=\"https:\/\/www.eldiario.net\/portal\/wp-content\/uploads\/2023\/12\/Internacional.jpg\" \/>\n\t<meta property=\"og:image:width\" content=\"800\" \/>\n\t<meta property=\"og:image:height\" content=\"500\" \/>\n\t<meta property=\"og:image:type\" content=\"image\/jpeg\" \/>\n<meta name=\"author\" content=\"Jeanette\" \/>\n<meta name=\"twitter:card\" content=\"summary_large_image\" \/>\n<meta name=\"twitter:creator\" content=\"@eldiario_net\" \/>\n<meta name=\"twitter:site\" content=\"@eldiario_net\" \/>\n<meta name=\"twitter:label1\" content=\"Escrito por\" \/>\n\t<meta name=\"twitter:data1\" content=\"Jeanette\" \/>\n\t<meta name=\"twitter:label2\" content=\"Tiempo de lectura\" \/>\n\t<meta name=\"twitter:data2\" content=\"3 minutos\" \/>\n<script type=\"application\/ld+json\" class=\"yoast-schema-graph\">{\"@context\":\"https:\\\/\\\/schema.org\",\"@graph\":[{\"@type\":\"Article\",\"@id\":\"https:\\\/\\\/www.eldiario.net\\\/portal\\\/2024\\\/01\\\/21\\\/america-latina-enfrenta-horizonte-economico-inquietante-para-2024\\\/#article\",\"isPartOf\":{\"@id\":\"https:\\\/\\\/www.eldiario.net\\\/portal\\\/2024\\\/01\\\/21\\\/america-latina-enfrenta-horizonte-economico-inquietante-para-2024\\\/\"},\"author\":{\"name\":\"Jeanette\",\"@id\":\"https:\\\/\\\/www.eldiario.net\\\/portal\\\/#\\\/schema\\\/person\\\/f46445640444750d7d753ccd04ae01b7\"},\"headline\":\"Am\u00e9rica Latina enfrenta horizonte econ\u00f3mico inquietante para 2024\",\"datePublished\":\"2024-01-21T11:00:02+00:00\",\"mainEntityOfPage\":{\"@id\":\"https:\\\/\\\/www.eldiario.net\\\/portal\\\/2024\\\/01\\\/21\\\/america-latina-enfrenta-horizonte-economico-inquietante-para-2024\\\/\"},\"wordCount\":532,\"commentCount\":0,\"publisher\":{\"@id\":\"https:\\\/\\\/www.eldiario.net\\\/portal\\\/#organization\"},\"image\":{\"@id\":\"https:\\\/\\\/www.eldiario.net\\\/portal\\\/2024\\\/01\\\/21\\\/america-latina-enfrenta-horizonte-economico-inquietante-para-2024\\\/#primaryimage\"},\"thumbnailUrl\":\"https:\\\/\\\/www.eldiario.net\\\/portal\\\/wp-content\\\/uploads\\\/2023\\\/12\\\/Internacional.jpg\",\"articleSection\":[\"Internacional\"],\"inLanguage\":\"es\",\"potentialAction\":[{\"@type\":\"CommentAction\",\"name\":\"Comment\",\"target\":[\"https:\\\/\\\/www.eldiario.net\\\/portal\\\/2024\\\/01\\\/21\\\/america-latina-enfrenta-horizonte-economico-inquietante-para-2024\\\/#respond\"]}]},{\"@type\":\"WebPage\",\"@id\":\"https:\\\/\\\/www.eldiario.net\\\/portal\\\/2024\\\/01\\\/21\\\/america-latina-enfrenta-horizonte-economico-inquietante-para-2024\\\/\",\"url\":\"https:\\\/\\\/www.eldiario.net\\\/portal\\\/2024\\\/01\\\/21\\\/america-latina-enfrenta-horizonte-economico-inquietante-para-2024\\\/\",\"name\":\"Am\u00e9rica Latina enfrenta horizonte econ\u00f3mico inquietante para 2024 - El Diario - Bolivia\",\"isPartOf\":{\"@id\":\"https:\\\/\\\/www.eldiario.net\\\/portal\\\/#website\"},\"primaryImageOfPage\":{\"@id\":\"https:\\\/\\\/www.eldiario.net\\\/portal\\\/2024\\\/01\\\/21\\\/america-latina-enfrenta-horizonte-economico-inquietante-para-2024\\\/#primaryimage\"},\"image\":{\"@id\":\"https:\\\/\\\/www.eldiario.net\\\/portal\\\/2024\\\/01\\\/21\\\/america-latina-enfrenta-horizonte-economico-inquietante-para-2024\\\/#primaryimage\"},\"thumbnailUrl\":\"https:\\\/\\\/www.eldiario.net\\\/portal\\\/wp-content\\\/uploads\\\/2023\\\/12\\\/Internacional.jpg\",\"datePublished\":\"2024-01-21T11:00:02+00:00\",\"breadcrumb\":{\"@id\":\"https:\\\/\\\/www.eldiario.net\\\/portal\\\/2024\\\/01\\\/21\\\/america-latina-enfrenta-horizonte-economico-inquietante-para-2024\\\/#breadcrumb\"},\"inLanguage\":\"es\",\"potentialAction\":[{\"@type\":\"ReadAction\",\"target\":[\"https:\\\/\\\/www.eldiario.net\\\/portal\\\/2024\\\/01\\\/21\\\/america-latina-enfrenta-horizonte-economico-inquietante-para-2024\\\/\"]}]},{\"@type\":\"ImageObject\",\"inLanguage\":\"es\",\"@id\":\"https:\\\/\\\/www.eldiario.net\\\/portal\\\/2024\\\/01\\\/21\\\/america-latina-enfrenta-horizonte-economico-inquietante-para-2024\\\/#primaryimage\",\"url\":\"https:\\\/\\\/www.eldiario.net\\\/portal\\\/wp-content\\\/uploads\\\/2023\\\/12\\\/Internacional.jpg\",\"contentUrl\":\"https:\\\/\\\/www.eldiario.net\\\/portal\\\/wp-content\\\/uploads\\\/2023\\\/12\\\/Internacional.jpg\",\"width\":800,\"height\":500},{\"@type\":\"BreadcrumbList\",\"@id\":\"https:\\\/\\\/www.eldiario.net\\\/portal\\\/2024\\\/01\\\/21\\\/america-latina-enfrenta-horizonte-economico-inquietante-para-2024\\\/#breadcrumb\",\"itemListElement\":[{\"@type\":\"ListItem\",\"position\":1,\"name\":\"Portada\",\"item\":\"https:\\\/\\\/www.eldiario.net\\\/portal\\\/\"},{\"@type\":\"ListItem\",\"position\":2,\"name\":\"Am\u00e9rica Latina enfrenta horizonte econ\u00f3mico inquietante para 2024\"}]},{\"@type\":\"WebSite\",\"@id\":\"https:\\\/\\\/www.eldiario.net\\\/portal\\\/#website\",\"url\":\"https:\\\/\\\/www.eldiario.net\\\/portal\\\/\",\"name\":\"El Diario - Decano de la prensa nacional\",\"description\":\"El Diario - Decano de la prensa nacional\",\"publisher\":{\"@id\":\"https:\\\/\\\/www.eldiario.net\\\/portal\\\/#organization\"},\"potentialAction\":[{\"@type\":\"SearchAction\",\"target\":{\"@type\":\"EntryPoint\",\"urlTemplate\":\"https:\\\/\\\/www.eldiario.net\\\/portal\\\/?s={search_term_string}\"},\"query-input\":{\"@type\":\"PropertyValueSpecification\",\"valueRequired\":true,\"valueName\":\"search_term_string\"}}],\"inLanguage\":\"es\"},{\"@type\":\"Organization\",\"@id\":\"https:\\\/\\\/www.eldiario.net\\\/portal\\\/#organization\",\"name\":\"El Diario - Decano de la prensa nacional\",\"url\":\"https:\\\/\\\/www.eldiario.net\\\/portal\\\/\",\"logo\":{\"@type\":\"ImageObject\",\"inLanguage\":\"es\",\"@id\":\"https:\\\/\\\/www.eldiario.net\\\/portal\\\/#\\\/schema\\\/logo\\\/image\\\/\",\"url\":\"https:\\\/\\\/www.eldiario.net\\\/portal\\\/wp-content\\\/uploads\\\/2023\\\/07\\\/logo_ED.jpg\",\"contentUrl\":\"https:\\\/\\\/www.eldiario.net\\\/portal\\\/wp-content\\\/uploads\\\/2023\\\/07\\\/logo_ED.jpg\",\"width\":272,\"height\":52,\"caption\":\"El Diario - Decano de la prensa nacional\"},\"image\":{\"@id\":\"https:\\\/\\\/www.eldiario.net\\\/portal\\\/#\\\/schema\\\/logo\\\/image\\\/\"},\"sameAs\":[\"https:\\\/\\\/www.facebook.com\\\/eldiario.bolivia\\\/\",\"https:\\\/\\\/x.com\\\/eldiario_net\"]},{\"@type\":\"Person\",\"@id\":\"https:\\\/\\\/www.eldiario.net\\\/portal\\\/#\\\/schema\\\/person\\\/f46445640444750d7d753ccd04ae01b7\",\"name\":\"Jeanette\",\"image\":{\"@type\":\"ImageObject\",\"inLanguage\":\"es\",\"@id\":\"https:\\\/\\\/secure.gravatar.com\\\/avatar\\\/3ea2118a5f7dad2b7138b1187a6b7ee55f160b9968b66013c3a3ef39dd7e5798?s=96&d=mm&r=g\",\"url\":\"https:\\\/\\\/secure.gravatar.com\\\/avatar\\\/3ea2118a5f7dad2b7138b1187a6b7ee55f160b9968b66013c3a3ef39dd7e5798?s=96&d=mm&r=g\",\"contentUrl\":\"https:\\\/\\\/secure.gravatar.com\\\/avatar\\\/3ea2118a5f7dad2b7138b1187a6b7ee55f160b9968b66013c3a3ef39dd7e5798?s=96&d=mm&r=g\",\"caption\":\"Jeanette\"},\"sameAs\":[\"https:\\\/\\\/www.eldiario.net\\\/portal\"],\"url\":\"https:\\\/\\\/www.eldiario.net\\\/portal\\\/author\\\/jeanette\\\/\"}]}<\/script>\n<!-- \/ Yoast SEO plugin. -->","yoast_head_json":{"title":"Am\u00e9rica Latina enfrenta horizonte econ\u00f3mico inquietante para 2024 - El Diario - Bolivia","robots":{"index":"index","follow":"follow","max-snippet":"max-snippet:-1","max-image-preview":"max-image-preview:large","max-video-preview":"max-video-preview:-1"},"canonical":"https:\/\/www.eldiario.net\/portal\/2024\/01\/21\/america-latina-enfrenta-horizonte-economico-inquietante-para-2024\/","og_locale":"es_ES","og_type":"article","og_title":"Am\u00e9rica Latina enfrenta horizonte econ\u00f3mico inquietante para 2024 - El Diario - Bolivia","og_description":"La regi\u00f3n enfrenta un pron\u00f3stico sombr\u00edo para el 2024, con previsiones que indican que la regi\u00f3n ser\u00e1 la de menor crecimiento en comparaci\u00f3n con otras econom\u00edas emergentes, de acuerdo con el columnista de opini\u00f3n Andr\u00e9s Oppenheimer en El Nuevo Herald. Citando fuentes como el Banco Mundial y la Comisi\u00f3n Econ\u00f3mica para Am\u00e9rica Latina y el [&hellip;]","og_url":"https:\/\/www.eldiario.net\/portal\/2024\/01\/21\/america-latina-enfrenta-horizonte-economico-inquietante-para-2024\/","og_site_name":"El Diario - Bolivia","article_publisher":"https:\/\/www.facebook.com\/eldiario.bolivia\/","article_published_time":"2024-01-21T11:00:02+00:00","og_image":[{"width":800,"height":500,"url":"https:\/\/www.eldiario.net\/portal\/wp-content\/uploads\/2023\/12\/Internacional.jpg","type":"image\/jpeg"}],"author":"Jeanette","twitter_card":"summary_large_image","twitter_creator":"@eldiario_net","twitter_site":"@eldiario_net","twitter_misc":{"Escrito por":"Jeanette","Tiempo de lectura":"3 minutos"},"schema":{"@context":"https:\/\/schema.org","@graph":[{"@type":"Article","@id":"https:\/\/www.eldiario.net\/portal\/2024\/01\/21\/america-latina-enfrenta-horizonte-economico-inquietante-para-2024\/#article","isPartOf":{"@id":"https:\/\/www.eldiario.net\/portal\/2024\/01\/21\/america-latina-enfrenta-horizonte-economico-inquietante-para-2024\/"},"author":{"name":"Jeanette","@id":"https:\/\/www.eldiario.net\/portal\/#\/schema\/person\/f46445640444750d7d753ccd04ae01b7"},"headline":"Am\u00e9rica Latina enfrenta horizonte econ\u00f3mico inquietante para 2024","datePublished":"2024-01-21T11:00:02+00:00","mainEntityOfPage":{"@id":"https:\/\/www.eldiario.net\/portal\/2024\/01\/21\/america-latina-enfrenta-horizonte-economico-inquietante-para-2024\/"},"wordCount":532,"commentCount":0,"publisher":{"@id":"https:\/\/www.eldiario.net\/portal\/#organization"},"image":{"@id":"https:\/\/www.eldiario.net\/portal\/2024\/01\/21\/america-latina-enfrenta-horizonte-economico-inquietante-para-2024\/#primaryimage"},"thumbnailUrl":"https:\/\/www.eldiario.net\/portal\/wp-content\/uploads\/2023\/12\/Internacional.jpg","articleSection":["Internacional"],"inLanguage":"es","potentialAction":[{"@type":"CommentAction","name":"Comment","target":["https:\/\/www.eldiario.net\/portal\/2024\/01\/21\/america-latina-enfrenta-horizonte-economico-inquietante-para-2024\/#respond"]}]},{"@type":"WebPage","@id":"https:\/\/www.eldiario.net\/portal\/2024\/01\/21\/america-latina-enfrenta-horizonte-economico-inquietante-para-2024\/","url":"https:\/\/www.eldiario.net\/portal\/2024\/01\/21\/america-latina-enfrenta-horizonte-economico-inquietante-para-2024\/","name":"Am\u00e9rica Latina enfrenta horizonte econ\u00f3mico inquietante para 2024 - El Diario - Bolivia","isPartOf":{"@id":"https:\/\/www.eldiario.net\/portal\/#website"},"primaryImageOfPage":{"@id":"https:\/\/www.eldiario.net\/portal\/2024\/01\/21\/america-latina-enfrenta-horizonte-economico-inquietante-para-2024\/#primaryimage"},"image":{"@id":"https:\/\/www.eldiario.net\/portal\/2024\/01\/21\/america-latina-enfrenta-horizonte-economico-inquietante-para-2024\/#primaryimage"},"thumbnailUrl":"https:\/\/www.eldiario.net\/portal\/wp-content\/uploads\/2023\/12\/Internacional.jpg","datePublished":"2024-01-21T11:00:02+00:00","breadcrumb":{"@id":"https:\/\/www.eldiario.net\/portal\/2024\/01\/21\/america-latina-enfrenta-horizonte-economico-inquietante-para-2024\/#breadcrumb"},"inLanguage":"es","potentialAction":[{"@type":"ReadAction","target":["https:\/\/www.eldiario.net\/portal\/2024\/01\/21\/america-latina-enfrenta-horizonte-economico-inquietante-para-2024\/"]}]},{"@type":"ImageObject","inLanguage":"es","@id":"https:\/\/www.eldiario.net\/portal\/2024\/01\/21\/america-latina-enfrenta-horizonte-economico-inquietante-para-2024\/#primaryimage","url":"https:\/\/www.eldiario.net\/portal\/wp-content\/uploads\/2023\/12\/Internacional.jpg","contentUrl":"https:\/\/www.eldiario.net\/portal\/wp-content\/uploads\/2023\/12\/Internacional.jpg","width":800,"height":500},{"@type":"BreadcrumbList","@id":"https:\/\/www.eldiario.net\/portal\/2024\/01\/21\/america-latina-enfrenta-horizonte-economico-inquietante-para-2024\/#breadcrumb","itemListElement":[{"@type":"ListItem","position":1,"name":"Portada","item":"https:\/\/www.eldiario.net\/portal\/"},{"@type":"ListItem","position":2,"name":"Am\u00e9rica Latina enfrenta horizonte econ\u00f3mico inquietante para 2024"}]},{"@type":"WebSite","@id":"https:\/\/www.eldiario.net\/portal\/#website","url":"https:\/\/www.eldiario.net\/portal\/","name":"El Diario - Decano de la prensa nacional","description":"El Diario - Decano de la prensa nacional","publisher":{"@id":"https:\/\/www.eldiario.net\/portal\/#organization"},"potentialAction":[{"@type":"SearchAction","target":{"@type":"EntryPoint","urlTemplate":"https:\/\/www.eldiario.net\/portal\/?s={search_term_string}"},"query-input":{"@type":"PropertyValueSpecification","valueRequired":true,"valueName":"search_term_string"}}],"inLanguage":"es"},{"@type":"Organization","@id":"https:\/\/www.eldiario.net\/portal\/#organization","name":"El Diario - Decano de la prensa nacional","url":"https:\/\/www.eldiario.net\/portal\/","logo":{"@type":"ImageObject","inLanguage":"es","@id":"https:\/\/www.eldiario.net\/portal\/#\/schema\/logo\/image\/","url":"https:\/\/www.eldiario.net\/portal\/wp-content\/uploads\/2023\/07\/logo_ED.jpg","contentUrl":"https:\/\/www.eldiario.net\/portal\/wp-content\/uploads\/2023\/07\/logo_ED.jpg","width":272,"height":52,"caption":"El Diario - Decano de la prensa nacional"},"image":{"@id":"https:\/\/www.eldiario.net\/portal\/#\/schema\/logo\/image\/"},"sameAs":["https:\/\/www.facebook.com\/eldiario.bolivia\/","https:\/\/x.com\/eldiario_net"]},{"@type":"Person","@id":"https:\/\/www.eldiario.net\/portal\/#\/schema\/person\/f46445640444750d7d753ccd04ae01b7","name":"Jeanette","image":{"@type":"ImageObject","inLanguage":"es","@id":"https:\/\/secure.gravatar.com\/avatar\/3ea2118a5f7dad2b7138b1187a6b7ee55f160b9968b66013c3a3ef39dd7e5798?s=96&d=mm&r=g","url":"https:\/\/secure.gravatar.com\/avatar\/3ea2118a5f7dad2b7138b1187a6b7ee55f160b9968b66013c3a3ef39dd7e5798?s=96&d=mm&r=g","contentUrl":"https:\/\/secure.gravatar.com\/avatar\/3ea2118a5f7dad2b7138b1187a6b7ee55f160b9968b66013c3a3ef39dd7e5798?s=96&d=mm&r=g","caption":"Jeanette"},"sameAs":["https:\/\/www.eldiario.net\/portal"],"url":"https:\/\/www.eldiario.net\/portal\/author\/jeanette\/"}]}},"_links":{"self":[{"href":"https:\/\/www.eldiario.net\/portal\/wp-json\/wp\/v2\/posts\/198719","targetHints":{"allow":["GET"]}}],"collection":[{"href":"https:\/\/www.eldiario.net\/portal\/wp-json\/wp\/v2\/posts"}],"about":[{"href":"https:\/\/www.eldiario.net\/portal\/wp-json\/wp\/v2\/types\/post"}],"author":[{"embeddable":true,"href":"https:\/\/www.eldiario.net\/portal\/wp-json\/wp\/v2\/users\/1"}],"replies":[{"embeddable":true,"href":"https:\/\/www.eldiario.net\/portal\/wp-json\/wp\/v2\/comments?post=198719"}],"version-history":[{"count":1,"href":"https:\/\/www.eldiario.net\/portal\/wp-json\/wp\/v2\/posts\/198719\/revisions"}],"predecessor-version":[{"id":198720,"href":"https:\/\/www.eldiario.net\/portal\/wp-json\/wp\/v2\/posts\/198719\/revisions\/198720"}],"wp:featuredmedia":[{"embeddable":true,"href":"https:\/\/www.eldiario.net\/portal\/wp-json\/wp\/v2\/media\/194703"}],"wp:attachment":[{"href":"https:\/\/www.eldiario.net\/portal\/wp-json\/wp\/v2\/media?parent=198719"}],"wp:term":[{"taxonomy":"category","embeddable":true,"href":"https:\/\/www.eldiario.net\/portal\/wp-json\/wp\/v2\/categories?post=198719"},{"taxonomy":"post_tag","embeddable":true,"href":"https:\/\/www.eldiario.net\/portal\/wp-json\/wp\/v2\/tags?post=198719"}],"curies":[{"name":"wp","href":"https:\/\/api.w.org\/{rel}","templated":true}]}}