{"id":198716,"date":"2024-01-21T06:58:00","date_gmt":"2024-01-21T10:58:00","guid":{"rendered":"https:\/\/www.eldiario.net\/portal\/?p=198716"},"modified":"2024-01-21T06:58:00","modified_gmt":"2024-01-21T10:58:00","slug":"autoridades-de-la-franja-de-gaza-lanzan-una-encuesta-abierta","status":"publish","type":"post","link":"https:\/\/www.eldiario.net\/portal\/2024\/01\/21\/autoridades-de-la-franja-de-gaza-lanzan-una-encuesta-abierta\/","title":{"rendered":"Autoridades de la Franja de Gaza lanzan una encuesta abierta"},"content":{"rendered":"<p>El Ministerio de Sanidad del Gobierno palestino en la Franja de Gaza, controlado por el Movimiento de Resistencia Isl\u00e1mica (Ham\u00e1s), lanz\u00f3 ayer una encuesta en Internet para elaborar una base de datos de muertos y desaparecidos como consecuencia de la ofensiva militar israel\u00ed sobre el enclave palestino.<br \/>\nEl Ministerio destac\u00f3 que el balance diario de muertos que publica incluye \u00fanicamente los casos que se pudieron corroborar, principalmente en los hospitales, pero recuerda que las circunstancias actuales provocadas por la brutal agresi\u00f3n israel\u00ed impiden recuperar muchos de los cad\u00e1veres que quedaron bajo los escombros de edificios bombardeados. Tampoco incluye a personas desaparecidas.<br \/>\n\u00abEl Ministerio de Sanidad hace un llamado a los familiares de personas desaparecidas y m\u00e1rtires en la Franja de Gaza a registrar los nombres de los m\u00e1rtires y personas desaparecidas, debido a que desde el inicio de la guerra a pesar de que se dieron datos de fallecidos y desaparecidos, no se pudo tener cifras de manera exacta, adem\u00e1s teni\u00e9ndo en cuenta los reclamos constantes de familiares que todav\u00eda reclaman a sus seres queridos\u00bb, explic\u00f3 el portavoz del Ministerio de Sanidad, Ashraf al Qudra.<br \/>\nEl \u00faltimo balance de fallecidos, publicado ayer, eleva a 24.927 el n\u00famero de muertos por los bombardeos israel\u00edes sobre el enclave desde el pasado 7 de octubre, en represalia por el ataque de las milicias palestinas contra las comunidades del sur del pa\u00eds.<br \/>\nA los fallecidos hay que sumar un total de 62.388 heridos desde el comienzo de los bombardeos, de acuerdo con la evaluaci\u00f3n publicada ayer en su p\u00e1gina de Facebook.<br \/>\nEl nuevo balance es resultado del a\u00f1adido de otros 165 muertos y 280 heridos durante los bombardeos israel\u00edes de las \u00faltimas 24 horas en varios puntos del enclave, pero que todav\u00eda existen muchos otros desaparecidos que no fueron contabilizados hasta el momento. (Europa Press)<\/p>\n","protected":false},"excerpt":{"rendered":"<p>El Ministerio de Sanidad del Gobierno palestino en la Franja de Gaza, controlado por el Movimiento de Resistencia Isl\u00e1mica (Ham\u00e1s), lanz\u00f3 ayer una encuesta en Internet para elaborar una base de datos de muertos y desaparecidos como consecuencia de la ofensiva militar israel\u00ed sobre el enclave palestino. El Ministerio destac\u00f3 que el balance diario de [&hellip;]<\/p>\n","protected":false},"author":1,"featured_media":198717,"comment_status":"open","ping_status":"open","sticky":false,"template":"","format":"standard","meta":{"_acf_changed":false,"footnotes":""},"categories":[3],"tags":[],"class_list":["post-198716","post","type-post","status-publish","format-standard","has-post-thumbnail","category-internacional"],"acf":{"antetitulo":"Para registrar muertos y desaparecidos"},"yoast_head":"<!-- This site is optimized with the Yoast SEO plugin v28.4 - https:\/\/yoast.com\/product\/yoast-seo-wordpress\/ -->\n<title>Autoridades de la Franja de Gaza lanzan una encuesta abierta - El Diario - Bolivia<\/title>\n<meta name=\"robots\" content=\"index, follow, max-snippet:-1, max-image-preview:large, max-video-preview:-1\" \/>\n<link rel=\"canonical\" href=\"https:\/\/www.eldiario.net\/portal\/2024\/01\/21\/autoridades-de-la-franja-de-gaza-lanzan-una-encuesta-abierta\/\" \/>\n<meta property=\"og:locale\" content=\"es_ES\" \/>\n<meta property=\"og:type\" content=\"article\" \/>\n<meta property=\"og:title\" content=\"Autoridades de la Franja de Gaza lanzan una encuesta abierta - El Diario - Bolivia\" \/>\n<meta property=\"og:description\" content=\"El Ministerio de Sanidad del Gobierno palestino en la Franja de Gaza, controlado por el Movimiento de Resistencia Isl\u00e1mica (Ham\u00e1s), lanz\u00f3 ayer una encuesta en Internet para elaborar una base de datos de muertos y desaparecidos como consecuencia de la ofensiva militar israel\u00ed sobre el enclave palestino. El Ministerio destac\u00f3 que el balance diario de [&hellip;]\" \/>\n<meta property=\"og:url\" content=\"https:\/\/www.eldiario.net\/portal\/2024\/01\/21\/autoridades-de-la-franja-de-gaza-lanzan-una-encuesta-abierta\/\" \/>\n<meta property=\"og:site_name\" content=\"El Diario - Bolivia\" \/>\n<meta property=\"article:publisher\" content=\"https:\/\/www.facebook.com\/eldiario.bolivia\/\" \/>\n<meta property=\"article:published_time\" content=\"2024-01-21T10:58:00+00:00\" \/>\n<meta property=\"og:image\" content=\"https:\/\/www.eldiario.net\/portal\/wp-content\/uploads\/2024\/01\/GENTE-1.jpg\" \/>\n\t<meta property=\"og:image:width\" content=\"1600\" \/>\n\t<meta property=\"og:image:height\" content=\"1066\" \/>\n\t<meta property=\"og:image:type\" content=\"image\/jpeg\" \/>\n<meta name=\"author\" content=\"Jeanette\" \/>\n<meta name=\"twitter:card\" content=\"summary_large_image\" \/>\n<meta name=\"twitter:creator\" content=\"@eldiario_net\" \/>\n<meta name=\"twitter:site\" content=\"@eldiario_net\" \/>\n<meta name=\"twitter:label1\" content=\"Escrito por\" \/>\n\t<meta name=\"twitter:data1\" content=\"Jeanette\" \/>\n\t<meta name=\"twitter:label2\" content=\"Tiempo de lectura\" \/>\n\t<meta name=\"twitter:data2\" content=\"2 minutos\" \/>\n<script type=\"application\/ld+json\" class=\"yoast-schema-graph\">{\"@context\":\"https:\\\/\\\/schema.org\",\"@graph\":[{\"@type\":\"Article\",\"@id\":\"https:\\\/\\\/www.eldiario.net\\\/portal\\\/2024\\\/01\\\/21\\\/autoridades-de-la-franja-de-gaza-lanzan-una-encuesta-abierta\\\/#article\",\"isPartOf\":{\"@id\":\"https:\\\/\\\/www.eldiario.net\\\/portal\\\/2024\\\/01\\\/21\\\/autoridades-de-la-franja-de-gaza-lanzan-una-encuesta-abierta\\\/\"},\"author\":{\"name\":\"Jeanette\",\"@id\":\"https:\\\/\\\/www.eldiario.net\\\/portal\\\/#\\\/schema\\\/person\\\/f46445640444750d7d753ccd04ae01b7\"},\"headline\":\"Autoridades de la Franja de Gaza lanzan una encuesta abierta\",\"datePublished\":\"2024-01-21T10:58:00+00:00\",\"mainEntityOfPage\":{\"@id\":\"https:\\\/\\\/www.eldiario.net\\\/portal\\\/2024\\\/01\\\/21\\\/autoridades-de-la-franja-de-gaza-lanzan-una-encuesta-abierta\\\/\"},\"wordCount\":322,\"commentCount\":0,\"publisher\":{\"@id\":\"https:\\\/\\\/www.eldiario.net\\\/portal\\\/#organization\"},\"image\":{\"@id\":\"https:\\\/\\\/www.eldiario.net\\\/portal\\\/2024\\\/01\\\/21\\\/autoridades-de-la-franja-de-gaza-lanzan-una-encuesta-abierta\\\/#primaryimage\"},\"thumbnailUrl\":\"https:\\\/\\\/www.eldiario.net\\\/portal\\\/wp-content\\\/uploads\\\/2024\\\/01\\\/GENTE-1.jpg\",\"articleSection\":[\"Internacional\"],\"inLanguage\":\"es\",\"potentialAction\":[{\"@type\":\"CommentAction\",\"name\":\"Comment\",\"target\":[\"https:\\\/\\\/www.eldiario.net\\\/portal\\\/2024\\\/01\\\/21\\\/autoridades-de-la-franja-de-gaza-lanzan-una-encuesta-abierta\\\/#respond\"]}]},{\"@type\":\"WebPage\",\"@id\":\"https:\\\/\\\/www.eldiario.net\\\/portal\\\/2024\\\/01\\\/21\\\/autoridades-de-la-franja-de-gaza-lanzan-una-encuesta-abierta\\\/\",\"url\":\"https:\\\/\\\/www.eldiario.net\\\/portal\\\/2024\\\/01\\\/21\\\/autoridades-de-la-franja-de-gaza-lanzan-una-encuesta-abierta\\\/\",\"name\":\"Autoridades de la Franja de Gaza lanzan una encuesta abierta - El Diario - Bolivia\",\"isPartOf\":{\"@id\":\"https:\\\/\\\/www.eldiario.net\\\/portal\\\/#website\"},\"primaryImageOfPage\":{\"@id\":\"https:\\\/\\\/www.eldiario.net\\\/portal\\\/2024\\\/01\\\/21\\\/autoridades-de-la-franja-de-gaza-lanzan-una-encuesta-abierta\\\/#primaryimage\"},\"image\":{\"@id\":\"https:\\\/\\\/www.eldiario.net\\\/portal\\\/2024\\\/01\\\/21\\\/autoridades-de-la-franja-de-gaza-lanzan-una-encuesta-abierta\\\/#primaryimage\"},\"thumbnailUrl\":\"https:\\\/\\\/www.eldiario.net\\\/portal\\\/wp-content\\\/uploads\\\/2024\\\/01\\\/GENTE-1.jpg\",\"datePublished\":\"2024-01-21T10:58:00+00:00\",\"breadcrumb\":{\"@id\":\"https:\\\/\\\/www.eldiario.net\\\/portal\\\/2024\\\/01\\\/21\\\/autoridades-de-la-franja-de-gaza-lanzan-una-encuesta-abierta\\\/#breadcrumb\"},\"inLanguage\":\"es\",\"potentialAction\":[{\"@type\":\"ReadAction\",\"target\":[\"https:\\\/\\\/www.eldiario.net\\\/portal\\\/2024\\\/01\\\/21\\\/autoridades-de-la-franja-de-gaza-lanzan-una-encuesta-abierta\\\/\"]}]},{\"@type\":\"ImageObject\",\"inLanguage\":\"es\",\"@id\":\"https:\\\/\\\/www.eldiario.net\\\/portal\\\/2024\\\/01\\\/21\\\/autoridades-de-la-franja-de-gaza-lanzan-una-encuesta-abierta\\\/#primaryimage\",\"url\":\"https:\\\/\\\/www.eldiario.net\\\/portal\\\/wp-content\\\/uploads\\\/2024\\\/01\\\/GENTE-1.jpg\",\"contentUrl\":\"https:\\\/\\\/www.eldiario.net\\\/portal\\\/wp-content\\\/uploads\\\/2024\\\/01\\\/GENTE-1.jpg\",\"width\":1600,\"height\":1066,\"caption\":\"MUCHAS PERSONAS NO FUERON ENCONTRADOS ENTRE LOS ESCOMBROS.\"},{\"@type\":\"BreadcrumbList\",\"@id\":\"https:\\\/\\\/www.eldiario.net\\\/portal\\\/2024\\\/01\\\/21\\\/autoridades-de-la-franja-de-gaza-lanzan-una-encuesta-abierta\\\/#breadcrumb\",\"itemListElement\":[{\"@type\":\"ListItem\",\"position\":1,\"name\":\"Portada\",\"item\":\"https:\\\/\\\/www.eldiario.net\\\/portal\\\/\"},{\"@type\":\"ListItem\",\"position\":2,\"name\":\"Autoridades de la Franja de Gaza lanzan una encuesta abierta\"}]},{\"@type\":\"WebSite\",\"@id\":\"https:\\\/\\\/www.eldiario.net\\\/portal\\\/#website\",\"url\":\"https:\\\/\\\/www.eldiario.net\\\/portal\\\/\",\"name\":\"El Diario - Decano de la prensa nacional\",\"description\":\"El Diario - Decano de la prensa nacional\",\"publisher\":{\"@id\":\"https:\\\/\\\/www.eldiario.net\\\/portal\\\/#organization\"},\"potentialAction\":[{\"@type\":\"SearchAction\",\"target\":{\"@type\":\"EntryPoint\",\"urlTemplate\":\"https:\\\/\\\/www.eldiario.net\\\/portal\\\/?s={search_term_string}\"},\"query-input\":{\"@type\":\"PropertyValueSpecification\",\"valueRequired\":true,\"valueName\":\"search_term_string\"}}],\"inLanguage\":\"es\"},{\"@type\":\"Organization\",\"@id\":\"https:\\\/\\\/www.eldiario.net\\\/portal\\\/#organization\",\"name\":\"El Diario - Decano de la prensa nacional\",\"url\":\"https:\\\/\\\/www.eldiario.net\\\/portal\\\/\",\"logo\":{\"@type\":\"ImageObject\",\"inLanguage\":\"es\",\"@id\":\"https:\\\/\\\/www.eldiario.net\\\/portal\\\/#\\\/schema\\\/logo\\\/image\\\/\",\"url\":\"https:\\\/\\\/www.eldiario.net\\\/portal\\\/wp-content\\\/uploads\\\/2023\\\/07\\\/logo_ED.jpg\",\"contentUrl\":\"https:\\\/\\\/www.eldiario.net\\\/portal\\\/wp-content\\\/uploads\\\/2023\\\/07\\\/logo_ED.jpg\",\"width\":272,\"height\":52,\"caption\":\"El Diario - Decano de la prensa nacional\"},\"image\":{\"@id\":\"https:\\\/\\\/www.eldiario.net\\\/portal\\\/#\\\/schema\\\/logo\\\/image\\\/\"},\"sameAs\":[\"https:\\\/\\\/www.facebook.com\\\/eldiario.bolivia\\\/\",\"https:\\\/\\\/x.com\\\/eldiario_net\"]},{\"@type\":\"Person\",\"@id\":\"https:\\\/\\\/www.eldiario.net\\\/portal\\\/#\\\/schema\\\/person\\\/f46445640444750d7d753ccd04ae01b7\",\"name\":\"Jeanette\",\"image\":{\"@type\":\"ImageObject\",\"inLanguage\":\"es\",\"@id\":\"https:\\\/\\\/secure.gravatar.com\\\/avatar\\\/3ea2118a5f7dad2b7138b1187a6b7ee55f160b9968b66013c3a3ef39dd7e5798?s=96&d=mm&r=g\",\"url\":\"https:\\\/\\\/secure.gravatar.com\\\/avatar\\\/3ea2118a5f7dad2b7138b1187a6b7ee55f160b9968b66013c3a3ef39dd7e5798?s=96&d=mm&r=g\",\"contentUrl\":\"https:\\\/\\\/secure.gravatar.com\\\/avatar\\\/3ea2118a5f7dad2b7138b1187a6b7ee55f160b9968b66013c3a3ef39dd7e5798?s=96&d=mm&r=g\",\"caption\":\"Jeanette\"},\"sameAs\":[\"https:\\\/\\\/www.eldiario.net\\\/portal\"],\"url\":\"https:\\\/\\\/www.eldiario.net\\\/portal\\\/author\\\/jeanette\\\/\"}]}<\/script>\n<!-- \/ Yoast SEO plugin. -->","yoast_head_json":{"title":"Autoridades de la Franja de Gaza lanzan una encuesta abierta - El Diario - Bolivia","robots":{"index":"index","follow":"follow","max-snippet":"max-snippet:-1","max-image-preview":"max-image-preview:large","max-video-preview":"max-video-preview:-1"},"canonical":"https:\/\/www.eldiario.net\/portal\/2024\/01\/21\/autoridades-de-la-franja-de-gaza-lanzan-una-encuesta-abierta\/","og_locale":"es_ES","og_type":"article","og_title":"Autoridades de la Franja de Gaza lanzan una encuesta abierta - El Diario - Bolivia","og_description":"El Ministerio de Sanidad del Gobierno palestino en la Franja de Gaza, controlado por el Movimiento de Resistencia Isl\u00e1mica (Ham\u00e1s), lanz\u00f3 ayer una encuesta en Internet para elaborar una base de datos de muertos y desaparecidos como consecuencia de la ofensiva militar israel\u00ed sobre el enclave palestino. El Ministerio destac\u00f3 que el balance diario de [&hellip;]","og_url":"https:\/\/www.eldiario.net\/portal\/2024\/01\/21\/autoridades-de-la-franja-de-gaza-lanzan-una-encuesta-abierta\/","og_site_name":"El Diario - Bolivia","article_publisher":"https:\/\/www.facebook.com\/eldiario.bolivia\/","article_published_time":"2024-01-21T10:58:00+00:00","og_image":[{"width":1600,"height":1066,"url":"https:\/\/www.eldiario.net\/portal\/wp-content\/uploads\/2024\/01\/GENTE-1.jpg","type":"image\/jpeg"}],"author":"Jeanette","twitter_card":"summary_large_image","twitter_creator":"@eldiario_net","twitter_site":"@eldiario_net","twitter_misc":{"Escrito por":"Jeanette","Tiempo de lectura":"2 minutos"},"schema":{"@context":"https:\/\/schema.org","@graph":[{"@type":"Article","@id":"https:\/\/www.eldiario.net\/portal\/2024\/01\/21\/autoridades-de-la-franja-de-gaza-lanzan-una-encuesta-abierta\/#article","isPartOf":{"@id":"https:\/\/www.eldiario.net\/portal\/2024\/01\/21\/autoridades-de-la-franja-de-gaza-lanzan-una-encuesta-abierta\/"},"author":{"name":"Jeanette","@id":"https:\/\/www.eldiario.net\/portal\/#\/schema\/person\/f46445640444750d7d753ccd04ae01b7"},"headline":"Autoridades de la Franja de Gaza lanzan una encuesta abierta","datePublished":"2024-01-21T10:58:00+00:00","mainEntityOfPage":{"@id":"https:\/\/www.eldiario.net\/portal\/2024\/01\/21\/autoridades-de-la-franja-de-gaza-lanzan-una-encuesta-abierta\/"},"wordCount":322,"commentCount":0,"publisher":{"@id":"https:\/\/www.eldiario.net\/portal\/#organization"},"image":{"@id":"https:\/\/www.eldiario.net\/portal\/2024\/01\/21\/autoridades-de-la-franja-de-gaza-lanzan-una-encuesta-abierta\/#primaryimage"},"thumbnailUrl":"https:\/\/www.eldiario.net\/portal\/wp-content\/uploads\/2024\/01\/GENTE-1.jpg","articleSection":["Internacional"],"inLanguage":"es","potentialAction":[{"@type":"CommentAction","name":"Comment","target":["https:\/\/www.eldiario.net\/portal\/2024\/01\/21\/autoridades-de-la-franja-de-gaza-lanzan-una-encuesta-abierta\/#respond"]}]},{"@type":"WebPage","@id":"https:\/\/www.eldiario.net\/portal\/2024\/01\/21\/autoridades-de-la-franja-de-gaza-lanzan-una-encuesta-abierta\/","url":"https:\/\/www.eldiario.net\/portal\/2024\/01\/21\/autoridades-de-la-franja-de-gaza-lanzan-una-encuesta-abierta\/","name":"Autoridades de la Franja de Gaza lanzan una encuesta abierta - El Diario - Bolivia","isPartOf":{"@id":"https:\/\/www.eldiario.net\/portal\/#website"},"primaryImageOfPage":{"@id":"https:\/\/www.eldiario.net\/portal\/2024\/01\/21\/autoridades-de-la-franja-de-gaza-lanzan-una-encuesta-abierta\/#primaryimage"},"image":{"@id":"https:\/\/www.eldiario.net\/portal\/2024\/01\/21\/autoridades-de-la-franja-de-gaza-lanzan-una-encuesta-abierta\/#primaryimage"},"thumbnailUrl":"https:\/\/www.eldiario.net\/portal\/wp-content\/uploads\/2024\/01\/GENTE-1.jpg","datePublished":"2024-01-21T10:58:00+00:00","breadcrumb":{"@id":"https:\/\/www.eldiario.net\/portal\/2024\/01\/21\/autoridades-de-la-franja-de-gaza-lanzan-una-encuesta-abierta\/#breadcrumb"},"inLanguage":"es","potentialAction":[{"@type":"ReadAction","target":["https:\/\/www.eldiario.net\/portal\/2024\/01\/21\/autoridades-de-la-franja-de-gaza-lanzan-una-encuesta-abierta\/"]}]},{"@type":"ImageObject","inLanguage":"es","@id":"https:\/\/www.eldiario.net\/portal\/2024\/01\/21\/autoridades-de-la-franja-de-gaza-lanzan-una-encuesta-abierta\/#primaryimage","url":"https:\/\/www.eldiario.net\/portal\/wp-content\/uploads\/2024\/01\/GENTE-1.jpg","contentUrl":"https:\/\/www.eldiario.net\/portal\/wp-content\/uploads\/2024\/01\/GENTE-1.jpg","width":1600,"height":1066,"caption":"MUCHAS PERSONAS NO FUERON ENCONTRADOS ENTRE LOS ESCOMBROS."},{"@type":"BreadcrumbList","@id":"https:\/\/www.eldiario.net\/portal\/2024\/01\/21\/autoridades-de-la-franja-de-gaza-lanzan-una-encuesta-abierta\/#breadcrumb","itemListElement":[{"@type":"ListItem","position":1,"name":"Portada","item":"https:\/\/www.eldiario.net\/portal\/"},{"@type":"ListItem","position":2,"name":"Autoridades de la Franja de Gaza lanzan una encuesta abierta"}]},{"@type":"WebSite","@id":"https:\/\/www.eldiario.net\/portal\/#website","url":"https:\/\/www.eldiario.net\/portal\/","name":"El Diario - Decano de la prensa nacional","description":"El Diario - Decano de la prensa nacional","publisher":{"@id":"https:\/\/www.eldiario.net\/portal\/#organization"},"potentialAction":[{"@type":"SearchAction","target":{"@type":"EntryPoint","urlTemplate":"https:\/\/www.eldiario.net\/portal\/?s={search_term_string}"},"query-input":{"@type":"PropertyValueSpecification","valueRequired":true,"valueName":"search_term_string"}}],"inLanguage":"es"},{"@type":"Organization","@id":"https:\/\/www.eldiario.net\/portal\/#organization","name":"El Diario - Decano de la prensa nacional","url":"https:\/\/www.eldiario.net\/portal\/","logo":{"@type":"ImageObject","inLanguage":"es","@id":"https:\/\/www.eldiario.net\/portal\/#\/schema\/logo\/image\/","url":"https:\/\/www.eldiario.net\/portal\/wp-content\/uploads\/2023\/07\/logo_ED.jpg","contentUrl":"https:\/\/www.eldiario.net\/portal\/wp-content\/uploads\/2023\/07\/logo_ED.jpg","width":272,"height":52,"caption":"El Diario - Decano de la prensa nacional"},"image":{"@id":"https:\/\/www.eldiario.net\/portal\/#\/schema\/logo\/image\/"},"sameAs":["https:\/\/www.facebook.com\/eldiario.bolivia\/","https:\/\/x.com\/eldiario_net"]},{"@type":"Person","@id":"https:\/\/www.eldiario.net\/portal\/#\/schema\/person\/f46445640444750d7d753ccd04ae01b7","name":"Jeanette","image":{"@type":"ImageObject","inLanguage":"es","@id":"https:\/\/secure.gravatar.com\/avatar\/3ea2118a5f7dad2b7138b1187a6b7ee55f160b9968b66013c3a3ef39dd7e5798?s=96&d=mm&r=g","url":"https:\/\/secure.gravatar.com\/avatar\/3ea2118a5f7dad2b7138b1187a6b7ee55f160b9968b66013c3a3ef39dd7e5798?s=96&d=mm&r=g","contentUrl":"https:\/\/secure.gravatar.com\/avatar\/3ea2118a5f7dad2b7138b1187a6b7ee55f160b9968b66013c3a3ef39dd7e5798?s=96&d=mm&r=g","caption":"Jeanette"},"sameAs":["https:\/\/www.eldiario.net\/portal"],"url":"https:\/\/www.eldiario.net\/portal\/author\/jeanette\/"}]}},"_links":{"self":[{"href":"https:\/\/www.eldiario.net\/portal\/wp-json\/wp\/v2\/posts\/198716","targetHints":{"allow":["GET"]}}],"collection":[{"href":"https:\/\/www.eldiario.net\/portal\/wp-json\/wp\/v2\/posts"}],"about":[{"href":"https:\/\/www.eldiario.net\/portal\/wp-json\/wp\/v2\/types\/post"}],"author":[{"embeddable":true,"href":"https:\/\/www.eldiario.net\/portal\/wp-json\/wp\/v2\/users\/1"}],"replies":[{"embeddable":true,"href":"https:\/\/www.eldiario.net\/portal\/wp-json\/wp\/v2\/comments?post=198716"}],"version-history":[{"count":1,"href":"https:\/\/www.eldiario.net\/portal\/wp-json\/wp\/v2\/posts\/198716\/revisions"}],"predecessor-version":[{"id":198718,"href":"https:\/\/www.eldiario.net\/portal\/wp-json\/wp\/v2\/posts\/198716\/revisions\/198718"}],"wp:featuredmedia":[{"embeddable":true,"href":"https:\/\/www.eldiario.net\/portal\/wp-json\/wp\/v2\/media\/198717"}],"wp:attachment":[{"href":"https:\/\/www.eldiario.net\/portal\/wp-json\/wp\/v2\/media?parent=198716"}],"wp:term":[{"taxonomy":"category","embeddable":true,"href":"https:\/\/www.eldiario.net\/portal\/wp-json\/wp\/v2\/categories?post=198716"},{"taxonomy":"post_tag","embeddable":true,"href":"https:\/\/www.eldiario.net\/portal\/wp-json\/wp\/v2\/tags?post=198716"}],"curies":[{"name":"wp","href":"https:\/\/api.w.org\/{rel}","templated":true}]}}