{"id":198711,"date":"2024-01-21T06:55:51","date_gmt":"2024-01-21T10:55:51","guid":{"rendered":"https:\/\/www.eldiario.net\/portal\/?p=198711"},"modified":"2024-01-21T06:55:51","modified_gmt":"2024-01-21T10:55:51","slug":"continua-el-temporal-de-frio-extremo-en-estados-unidos","status":"publish","type":"post","link":"https:\/\/www.eldiario.net\/portal\/2024\/01\/21\/continua-el-temporal-de-frio-extremo-en-estados-unidos\/","title":{"rendered":"Contin\u00faa el temporal de fr\u00edo  extremo en Estados Unidos"},"content":{"rendered":"<p>Implacables tormentas azotan Estados Unidos esta semana y causaron al menos 50 muertes relacionadas con el clima, informaron autoridades y medios locales, mientras amplias zonas del pa\u00eds se preparan para nuevos embates invernales.<br \/>\nLas temperaturas g\u00e9lidas, las nevadas y el hielo espeso causaron accidentes mortales en las carreteras, entorpecido el transporte a\u00e9reo, cerrado escuelas y cortado la electricidad a miles de personas.<br \/>\nEn el Estado de Tennessee, el Departamento de Salud confirm\u00f3 14 v\u00edctimas mortales relacionadas con las condiciones meteorol\u00f3gicas, y en Pensilvania, cinco mujeres fallecieron el martes en una autopista, en un accidente con un remolque, seg\u00fan la Polic\u00eda.<br \/>\nEl gobernador de Kentucky, Andy Beshear, inform\u00f3 en un comunicado el viernes, de cinco muertes vinculadas a las condiciones clim\u00e1ticas en su Estado.<br \/>\nEn Oreg\u00f3n, tres personas fallecieron electrocutadas cuando un cable de alta tensi\u00f3n cay\u00f3 sobre su auto detenido en una tormenta de hielo el mi\u00e9rcoles, seg\u00fan el departamento de bomberos de Portland.<br \/>\nEl invierno hab\u00eda dejado a 75.000 clientes de Oreg\u00f3n sin electricidad hasta el viernes por la noche, de acuerdo con el sitio web de seguimiento Poweroutage.us. El gobierno estatal, adem\u00e1s, declar\u00f3 el estado de emergencia.<br \/>\nTambi\u00e9n se registraron decesos en Illinois, Kansas, New Hampshire, Nueva York, Wisconsin y el Estado de Washington, donde se cree que cinco personas perecieron por exposici\u00f3n, informaron medios locales citando a funcionarios de Seattle.<br \/>\nLas condiciones de ventisca azotaron varias zonas del pa\u00eds, como el noroeste del Pac\u00edfico, las Monta\u00f1as Rocosas y partes de Nueva Inglaterra, sobre todo el oeste de Nueva York, donde los meteor\u00f3logos dijeron que cayeron cerca de 1,9 metros de nieve cerca de Buffalo, en un per\u00edodo de cinco d\u00edas esta semana.<br \/>\nLas g\u00e9lidas temperaturas tambi\u00e9n se extendieron hasta el sur de Estados Unidos, una regi\u00f3n poco acostumbrada a este tipo de clima invernal.<br \/>\nEl transporte a\u00e9reo sufri\u00f3 igualmente importantes contratiempos el viernes, con m\u00e1s de 1.100 vuelos dom\u00e9sticos cancelados y otros 8.000 retrasados, seg\u00fan el portal web Flightaware.com.<br \/>\nEl fr\u00edo extremo en Estados Unidos convirti\u00f3 las estaciones de recarga de carros el\u00e9ctricos en \u201ccementerios de Tesla\u201d.<br \/>\nEn medio de las bajas temperaturas extremas que azotan durante los \u00faltimos d\u00edas a gran parte de los Estados Unidos, propietarios de Tesla, reportaron serias dificultades para cargar sus veh\u00edculos el\u00e9ctricos.<br \/>\nLas largas filas en estaciones de carga comenzaron a formarse el pasado domingo, con varios propietarios intentando, en vano, recargar sus autos. Seg\u00fan inform\u00f3 el canal de noticias Fox 32, algunos afectados incluso experimentaron problemas para abrir las puertas de Tesla a causa de las bajas temperaturas.<br \/>\nTesla reconoci\u00f3 a trav\u00e9s de su soporte en l\u00ednea que el aumento en el consumo de energ\u00eda es una consecuencia normal bajo estas temperaturas fr\u00edgidas, ya que se requiere m\u00e1s energ\u00eda tanto para calentar la bater\u00eda como el interior del coche.<br \/>\nAnte estos eventos, algunos usuarios cuestionan la viabilidad de los autom\u00f3viles el\u00e9ctricos en climas tan adversos y solicitaron medidas para sortear estos inconvenientes. Como medida preventiva, la compa\u00f1\u00eda de Elon Musk recomend\u00f3 en su sitio web que, en condiciones de fr\u00edo, se mantenga la carga de los autom\u00f3viles el\u00e9ctricos por encima del 20% y que permanezcan conectados en todo momento. (Infobae\/Afp)<\/p>\n","protected":false},"excerpt":{"rendered":"<p>Implacables tormentas azotan Estados Unidos esta semana y causaron al menos 50 muertes relacionadas con el clima, informaron autoridades y medios locales, mientras amplias zonas del pa\u00eds se preparan para nuevos embates invernales. Las temperaturas g\u00e9lidas, las nevadas y el hielo espeso causaron accidentes mortales en las carreteras, entorpecido el transporte a\u00e9reo, cerrado escuelas y [&hellip;]<\/p>\n","protected":false},"author":1,"featured_media":198712,"comment_status":"open","ping_status":"open","sticky":false,"template":"","format":"standard","meta":{"_acf_changed":false,"footnotes":""},"categories":[3],"tags":[],"class_list":["post-198711","post","type-post","status-publish","format-standard","has-post-thumbnail","category-internacional"],"acf":{"antetitulo":"Ya dej\u00f3 al menos 50 muertos"},"yoast_head":"<!-- This site is optimized with the Yoast SEO plugin v28.3 - https:\/\/yoast.com\/product\/yoast-seo-wordpress\/ -->\n<title>Contin\u00faa el temporal de fr\u00edo extremo en Estados Unidos - El Diario - Bolivia<\/title>\n<meta name=\"robots\" content=\"index, follow, max-snippet:-1, max-image-preview:large, max-video-preview:-1\" \/>\n<link rel=\"canonical\" href=\"https:\/\/www.eldiario.net\/portal\/2024\/01\/21\/continua-el-temporal-de-frio-extremo-en-estados-unidos\/\" \/>\n<meta property=\"og:locale\" content=\"es_ES\" \/>\n<meta property=\"og:type\" content=\"article\" \/>\n<meta property=\"og:title\" content=\"Contin\u00faa el temporal de fr\u00edo extremo en Estados Unidos - El Diario - Bolivia\" \/>\n<meta property=\"og:description\" content=\"Implacables tormentas azotan Estados Unidos esta semana y causaron al menos 50 muertes relacionadas con el clima, informaron autoridades y medios locales, mientras amplias zonas del pa\u00eds se preparan para nuevos embates invernales. Las temperaturas g\u00e9lidas, las nevadas y el hielo espeso causaron accidentes mortales en las carreteras, entorpecido el transporte a\u00e9reo, cerrado escuelas y [&hellip;]\" \/>\n<meta property=\"og:url\" content=\"https:\/\/www.eldiario.net\/portal\/2024\/01\/21\/continua-el-temporal-de-frio-extremo-en-estados-unidos\/\" \/>\n<meta property=\"og:site_name\" content=\"El Diario - Bolivia\" \/>\n<meta property=\"article:publisher\" content=\"https:\/\/www.facebook.com\/eldiario.bolivia\/\" \/>\n<meta property=\"article:published_time\" content=\"2024-01-21T10:55:51+00:00\" \/>\n<meta property=\"og:image\" content=\"https:\/\/www.eldiario.net\/portal\/wp-content\/uploads\/2024\/01\/NEVADA.jpg\" \/>\n\t<meta property=\"og:image:width\" content=\"1920\" \/>\n\t<meta property=\"og:image:height\" content=\"1080\" \/>\n\t<meta property=\"og:image:type\" content=\"image\/jpeg\" \/>\n<meta name=\"author\" content=\"Jeanette\" \/>\n<meta name=\"twitter:card\" content=\"summary_large_image\" \/>\n<meta name=\"twitter:creator\" content=\"@eldiario_net\" \/>\n<meta name=\"twitter:site\" content=\"@eldiario_net\" \/>\n<meta name=\"twitter:label1\" content=\"Escrito por\" \/>\n\t<meta name=\"twitter:data1\" content=\"Jeanette\" \/>\n\t<meta name=\"twitter:label2\" content=\"Tiempo de lectura\" \/>\n\t<meta name=\"twitter:data2\" content=\"3 minutos\" \/>\n<script type=\"application\/ld+json\" class=\"yoast-schema-graph\">{\"@context\":\"https:\\\/\\\/schema.org\",\"@graph\":[{\"@type\":\"Article\",\"@id\":\"https:\\\/\\\/www.eldiario.net\\\/portal\\\/2024\\\/01\\\/21\\\/continua-el-temporal-de-frio-extremo-en-estados-unidos\\\/#article\",\"isPartOf\":{\"@id\":\"https:\\\/\\\/www.eldiario.net\\\/portal\\\/2024\\\/01\\\/21\\\/continua-el-temporal-de-frio-extremo-en-estados-unidos\\\/\"},\"author\":{\"name\":\"Jeanette\",\"@id\":\"https:\\\/\\\/www.eldiario.net\\\/portal\\\/#\\\/schema\\\/person\\\/f46445640444750d7d753ccd04ae01b7\"},\"headline\":\"Contin\u00faa el temporal de fr\u00edo extremo en Estados Unidos\",\"datePublished\":\"2024-01-21T10:55:51+00:00\",\"mainEntityOfPage\":{\"@id\":\"https:\\\/\\\/www.eldiario.net\\\/portal\\\/2024\\\/01\\\/21\\\/continua-el-temporal-de-frio-extremo-en-estados-unidos\\\/\"},\"wordCount\":575,\"commentCount\":0,\"publisher\":{\"@id\":\"https:\\\/\\\/www.eldiario.net\\\/portal\\\/#organization\"},\"image\":{\"@id\":\"https:\\\/\\\/www.eldiario.net\\\/portal\\\/2024\\\/01\\\/21\\\/continua-el-temporal-de-frio-extremo-en-estados-unidos\\\/#primaryimage\"},\"thumbnailUrl\":\"https:\\\/\\\/www.eldiario.net\\\/portal\\\/wp-content\\\/uploads\\\/2024\\\/01\\\/NEVADA.jpg\",\"articleSection\":[\"Internacional\"],\"inLanguage\":\"es\",\"potentialAction\":[{\"@type\":\"CommentAction\",\"name\":\"Comment\",\"target\":[\"https:\\\/\\\/www.eldiario.net\\\/portal\\\/2024\\\/01\\\/21\\\/continua-el-temporal-de-frio-extremo-en-estados-unidos\\\/#respond\"]}]},{\"@type\":\"WebPage\",\"@id\":\"https:\\\/\\\/www.eldiario.net\\\/portal\\\/2024\\\/01\\\/21\\\/continua-el-temporal-de-frio-extremo-en-estados-unidos\\\/\",\"url\":\"https:\\\/\\\/www.eldiario.net\\\/portal\\\/2024\\\/01\\\/21\\\/continua-el-temporal-de-frio-extremo-en-estados-unidos\\\/\",\"name\":\"Contin\u00faa el temporal de fr\u00edo extremo en Estados Unidos - El Diario - Bolivia\",\"isPartOf\":{\"@id\":\"https:\\\/\\\/www.eldiario.net\\\/portal\\\/#website\"},\"primaryImageOfPage\":{\"@id\":\"https:\\\/\\\/www.eldiario.net\\\/portal\\\/2024\\\/01\\\/21\\\/continua-el-temporal-de-frio-extremo-en-estados-unidos\\\/#primaryimage\"},\"image\":{\"@id\":\"https:\\\/\\\/www.eldiario.net\\\/portal\\\/2024\\\/01\\\/21\\\/continua-el-temporal-de-frio-extremo-en-estados-unidos\\\/#primaryimage\"},\"thumbnailUrl\":\"https:\\\/\\\/www.eldiario.net\\\/portal\\\/wp-content\\\/uploads\\\/2024\\\/01\\\/NEVADA.jpg\",\"datePublished\":\"2024-01-21T10:55:51+00:00\",\"breadcrumb\":{\"@id\":\"https:\\\/\\\/www.eldiario.net\\\/portal\\\/2024\\\/01\\\/21\\\/continua-el-temporal-de-frio-extremo-en-estados-unidos\\\/#breadcrumb\"},\"inLanguage\":\"es\",\"potentialAction\":[{\"@type\":\"ReadAction\",\"target\":[\"https:\\\/\\\/www.eldiario.net\\\/portal\\\/2024\\\/01\\\/21\\\/continua-el-temporal-de-frio-extremo-en-estados-unidos\\\/\"]}]},{\"@type\":\"ImageObject\",\"inLanguage\":\"es\",\"@id\":\"https:\\\/\\\/www.eldiario.net\\\/portal\\\/2024\\\/01\\\/21\\\/continua-el-temporal-de-frio-extremo-en-estados-unidos\\\/#primaryimage\",\"url\":\"https:\\\/\\\/www.eldiario.net\\\/portal\\\/wp-content\\\/uploads\\\/2024\\\/01\\\/NEVADA.jpg\",\"contentUrl\":\"https:\\\/\\\/www.eldiario.net\\\/portal\\\/wp-content\\\/uploads\\\/2024\\\/01\\\/NEVADA.jpg\",\"width\":1920,\"height\":1080,\"caption\":\"LA NEVADA Y EL FR\u00edO CAUS\u00d3 MUCHOS PROBLEMAS EN LAS CALLES Y CASAS. Reuters\"},{\"@type\":\"BreadcrumbList\",\"@id\":\"https:\\\/\\\/www.eldiario.net\\\/portal\\\/2024\\\/01\\\/21\\\/continua-el-temporal-de-frio-extremo-en-estados-unidos\\\/#breadcrumb\",\"itemListElement\":[{\"@type\":\"ListItem\",\"position\":1,\"name\":\"Portada\",\"item\":\"https:\\\/\\\/www.eldiario.net\\\/portal\\\/\"},{\"@type\":\"ListItem\",\"position\":2,\"name\":\"Contin\u00faa el temporal de fr\u00edo extremo en Estados Unidos\"}]},{\"@type\":\"WebSite\",\"@id\":\"https:\\\/\\\/www.eldiario.net\\\/portal\\\/#website\",\"url\":\"https:\\\/\\\/www.eldiario.net\\\/portal\\\/\",\"name\":\"El Diario - Decano de la prensa nacional\",\"description\":\"El Diario - Decano de la prensa nacional\",\"publisher\":{\"@id\":\"https:\\\/\\\/www.eldiario.net\\\/portal\\\/#organization\"},\"potentialAction\":[{\"@type\":\"SearchAction\",\"target\":{\"@type\":\"EntryPoint\",\"urlTemplate\":\"https:\\\/\\\/www.eldiario.net\\\/portal\\\/?s={search_term_string}\"},\"query-input\":{\"@type\":\"PropertyValueSpecification\",\"valueRequired\":true,\"valueName\":\"search_term_string\"}}],\"inLanguage\":\"es\"},{\"@type\":\"Organization\",\"@id\":\"https:\\\/\\\/www.eldiario.net\\\/portal\\\/#organization\",\"name\":\"El Diario - Decano de la prensa nacional\",\"url\":\"https:\\\/\\\/www.eldiario.net\\\/portal\\\/\",\"logo\":{\"@type\":\"ImageObject\",\"inLanguage\":\"es\",\"@id\":\"https:\\\/\\\/www.eldiario.net\\\/portal\\\/#\\\/schema\\\/logo\\\/image\\\/\",\"url\":\"https:\\\/\\\/www.eldiario.net\\\/portal\\\/wp-content\\\/uploads\\\/2023\\\/07\\\/logo_ED.jpg\",\"contentUrl\":\"https:\\\/\\\/www.eldiario.net\\\/portal\\\/wp-content\\\/uploads\\\/2023\\\/07\\\/logo_ED.jpg\",\"width\":272,\"height\":52,\"caption\":\"El Diario - Decano de la prensa nacional\"},\"image\":{\"@id\":\"https:\\\/\\\/www.eldiario.net\\\/portal\\\/#\\\/schema\\\/logo\\\/image\\\/\"},\"sameAs\":[\"https:\\\/\\\/www.facebook.com\\\/eldiario.bolivia\\\/\",\"https:\\\/\\\/x.com\\\/eldiario_net\"]},{\"@type\":\"Person\",\"@id\":\"https:\\\/\\\/www.eldiario.net\\\/portal\\\/#\\\/schema\\\/person\\\/f46445640444750d7d753ccd04ae01b7\",\"name\":\"Jeanette\",\"image\":{\"@type\":\"ImageObject\",\"inLanguage\":\"es\",\"@id\":\"https:\\\/\\\/secure.gravatar.com\\\/avatar\\\/3ea2118a5f7dad2b7138b1187a6b7ee55f160b9968b66013c3a3ef39dd7e5798?s=96&d=mm&r=g\",\"url\":\"https:\\\/\\\/secure.gravatar.com\\\/avatar\\\/3ea2118a5f7dad2b7138b1187a6b7ee55f160b9968b66013c3a3ef39dd7e5798?s=96&d=mm&r=g\",\"contentUrl\":\"https:\\\/\\\/secure.gravatar.com\\\/avatar\\\/3ea2118a5f7dad2b7138b1187a6b7ee55f160b9968b66013c3a3ef39dd7e5798?s=96&d=mm&r=g\",\"caption\":\"Jeanette\"},\"sameAs\":[\"https:\\\/\\\/www.eldiario.net\\\/portal\"],\"url\":\"https:\\\/\\\/www.eldiario.net\\\/portal\\\/author\\\/jeanette\\\/\"}]}<\/script>\n<!-- \/ Yoast SEO plugin. -->","yoast_head_json":{"title":"Contin\u00faa el temporal de fr\u00edo extremo en Estados Unidos - El Diario - Bolivia","robots":{"index":"index","follow":"follow","max-snippet":"max-snippet:-1","max-image-preview":"max-image-preview:large","max-video-preview":"max-video-preview:-1"},"canonical":"https:\/\/www.eldiario.net\/portal\/2024\/01\/21\/continua-el-temporal-de-frio-extremo-en-estados-unidos\/","og_locale":"es_ES","og_type":"article","og_title":"Contin\u00faa el temporal de fr\u00edo extremo en Estados Unidos - El Diario - Bolivia","og_description":"Implacables tormentas azotan Estados Unidos esta semana y causaron al menos 50 muertes relacionadas con el clima, informaron autoridades y medios locales, mientras amplias zonas del pa\u00eds se preparan para nuevos embates invernales. Las temperaturas g\u00e9lidas, las nevadas y el hielo espeso causaron accidentes mortales en las carreteras, entorpecido el transporte a\u00e9reo, cerrado escuelas y [&hellip;]","og_url":"https:\/\/www.eldiario.net\/portal\/2024\/01\/21\/continua-el-temporal-de-frio-extremo-en-estados-unidos\/","og_site_name":"El Diario - Bolivia","article_publisher":"https:\/\/www.facebook.com\/eldiario.bolivia\/","article_published_time":"2024-01-21T10:55:51+00:00","og_image":[{"width":1920,"height":1080,"url":"https:\/\/www.eldiario.net\/portal\/wp-content\/uploads\/2024\/01\/NEVADA.jpg","type":"image\/jpeg"}],"author":"Jeanette","twitter_card":"summary_large_image","twitter_creator":"@eldiario_net","twitter_site":"@eldiario_net","twitter_misc":{"Escrito por":"Jeanette","Tiempo de lectura":"3 minutos"},"schema":{"@context":"https:\/\/schema.org","@graph":[{"@type":"Article","@id":"https:\/\/www.eldiario.net\/portal\/2024\/01\/21\/continua-el-temporal-de-frio-extremo-en-estados-unidos\/#article","isPartOf":{"@id":"https:\/\/www.eldiario.net\/portal\/2024\/01\/21\/continua-el-temporal-de-frio-extremo-en-estados-unidos\/"},"author":{"name":"Jeanette","@id":"https:\/\/www.eldiario.net\/portal\/#\/schema\/person\/f46445640444750d7d753ccd04ae01b7"},"headline":"Contin\u00faa el temporal de fr\u00edo extremo en Estados Unidos","datePublished":"2024-01-21T10:55:51+00:00","mainEntityOfPage":{"@id":"https:\/\/www.eldiario.net\/portal\/2024\/01\/21\/continua-el-temporal-de-frio-extremo-en-estados-unidos\/"},"wordCount":575,"commentCount":0,"publisher":{"@id":"https:\/\/www.eldiario.net\/portal\/#organization"},"image":{"@id":"https:\/\/www.eldiario.net\/portal\/2024\/01\/21\/continua-el-temporal-de-frio-extremo-en-estados-unidos\/#primaryimage"},"thumbnailUrl":"https:\/\/www.eldiario.net\/portal\/wp-content\/uploads\/2024\/01\/NEVADA.jpg","articleSection":["Internacional"],"inLanguage":"es","potentialAction":[{"@type":"CommentAction","name":"Comment","target":["https:\/\/www.eldiario.net\/portal\/2024\/01\/21\/continua-el-temporal-de-frio-extremo-en-estados-unidos\/#respond"]}]},{"@type":"WebPage","@id":"https:\/\/www.eldiario.net\/portal\/2024\/01\/21\/continua-el-temporal-de-frio-extremo-en-estados-unidos\/","url":"https:\/\/www.eldiario.net\/portal\/2024\/01\/21\/continua-el-temporal-de-frio-extremo-en-estados-unidos\/","name":"Contin\u00faa el temporal de fr\u00edo extremo en Estados Unidos - El Diario - Bolivia","isPartOf":{"@id":"https:\/\/www.eldiario.net\/portal\/#website"},"primaryImageOfPage":{"@id":"https:\/\/www.eldiario.net\/portal\/2024\/01\/21\/continua-el-temporal-de-frio-extremo-en-estados-unidos\/#primaryimage"},"image":{"@id":"https:\/\/www.eldiario.net\/portal\/2024\/01\/21\/continua-el-temporal-de-frio-extremo-en-estados-unidos\/#primaryimage"},"thumbnailUrl":"https:\/\/www.eldiario.net\/portal\/wp-content\/uploads\/2024\/01\/NEVADA.jpg","datePublished":"2024-01-21T10:55:51+00:00","breadcrumb":{"@id":"https:\/\/www.eldiario.net\/portal\/2024\/01\/21\/continua-el-temporal-de-frio-extremo-en-estados-unidos\/#breadcrumb"},"inLanguage":"es","potentialAction":[{"@type":"ReadAction","target":["https:\/\/www.eldiario.net\/portal\/2024\/01\/21\/continua-el-temporal-de-frio-extremo-en-estados-unidos\/"]}]},{"@type":"ImageObject","inLanguage":"es","@id":"https:\/\/www.eldiario.net\/portal\/2024\/01\/21\/continua-el-temporal-de-frio-extremo-en-estados-unidos\/#primaryimage","url":"https:\/\/www.eldiario.net\/portal\/wp-content\/uploads\/2024\/01\/NEVADA.jpg","contentUrl":"https:\/\/www.eldiario.net\/portal\/wp-content\/uploads\/2024\/01\/NEVADA.jpg","width":1920,"height":1080,"caption":"LA NEVADA Y EL FR\u00edO CAUS\u00d3 MUCHOS PROBLEMAS EN LAS CALLES Y CASAS. Reuters"},{"@type":"BreadcrumbList","@id":"https:\/\/www.eldiario.net\/portal\/2024\/01\/21\/continua-el-temporal-de-frio-extremo-en-estados-unidos\/#breadcrumb","itemListElement":[{"@type":"ListItem","position":1,"name":"Portada","item":"https:\/\/www.eldiario.net\/portal\/"},{"@type":"ListItem","position":2,"name":"Contin\u00faa el temporal de fr\u00edo extremo en Estados Unidos"}]},{"@type":"WebSite","@id":"https:\/\/www.eldiario.net\/portal\/#website","url":"https:\/\/www.eldiario.net\/portal\/","name":"El Diario - Decano de la prensa nacional","description":"El Diario - Decano de la prensa nacional","publisher":{"@id":"https:\/\/www.eldiario.net\/portal\/#organization"},"potentialAction":[{"@type":"SearchAction","target":{"@type":"EntryPoint","urlTemplate":"https:\/\/www.eldiario.net\/portal\/?s={search_term_string}"},"query-input":{"@type":"PropertyValueSpecification","valueRequired":true,"valueName":"search_term_string"}}],"inLanguage":"es"},{"@type":"Organization","@id":"https:\/\/www.eldiario.net\/portal\/#organization","name":"El Diario - Decano de la prensa nacional","url":"https:\/\/www.eldiario.net\/portal\/","logo":{"@type":"ImageObject","inLanguage":"es","@id":"https:\/\/www.eldiario.net\/portal\/#\/schema\/logo\/image\/","url":"https:\/\/www.eldiario.net\/portal\/wp-content\/uploads\/2023\/07\/logo_ED.jpg","contentUrl":"https:\/\/www.eldiario.net\/portal\/wp-content\/uploads\/2023\/07\/logo_ED.jpg","width":272,"height":52,"caption":"El Diario - Decano de la prensa nacional"},"image":{"@id":"https:\/\/www.eldiario.net\/portal\/#\/schema\/logo\/image\/"},"sameAs":["https:\/\/www.facebook.com\/eldiario.bolivia\/","https:\/\/x.com\/eldiario_net"]},{"@type":"Person","@id":"https:\/\/www.eldiario.net\/portal\/#\/schema\/person\/f46445640444750d7d753ccd04ae01b7","name":"Jeanette","image":{"@type":"ImageObject","inLanguage":"es","@id":"https:\/\/secure.gravatar.com\/avatar\/3ea2118a5f7dad2b7138b1187a6b7ee55f160b9968b66013c3a3ef39dd7e5798?s=96&d=mm&r=g","url":"https:\/\/secure.gravatar.com\/avatar\/3ea2118a5f7dad2b7138b1187a6b7ee55f160b9968b66013c3a3ef39dd7e5798?s=96&d=mm&r=g","contentUrl":"https:\/\/secure.gravatar.com\/avatar\/3ea2118a5f7dad2b7138b1187a6b7ee55f160b9968b66013c3a3ef39dd7e5798?s=96&d=mm&r=g","caption":"Jeanette"},"sameAs":["https:\/\/www.eldiario.net\/portal"],"url":"https:\/\/www.eldiario.net\/portal\/author\/jeanette\/"}]}},"_links":{"self":[{"href":"https:\/\/www.eldiario.net\/portal\/wp-json\/wp\/v2\/posts\/198711","targetHints":{"allow":["GET"]}}],"collection":[{"href":"https:\/\/www.eldiario.net\/portal\/wp-json\/wp\/v2\/posts"}],"about":[{"href":"https:\/\/www.eldiario.net\/portal\/wp-json\/wp\/v2\/types\/post"}],"author":[{"embeddable":true,"href":"https:\/\/www.eldiario.net\/portal\/wp-json\/wp\/v2\/users\/1"}],"replies":[{"embeddable":true,"href":"https:\/\/www.eldiario.net\/portal\/wp-json\/wp\/v2\/comments?post=198711"}],"version-history":[{"count":1,"href":"https:\/\/www.eldiario.net\/portal\/wp-json\/wp\/v2\/posts\/198711\/revisions"}],"predecessor-version":[{"id":198713,"href":"https:\/\/www.eldiario.net\/portal\/wp-json\/wp\/v2\/posts\/198711\/revisions\/198713"}],"wp:featuredmedia":[{"embeddable":true,"href":"https:\/\/www.eldiario.net\/portal\/wp-json\/wp\/v2\/media\/198712"}],"wp:attachment":[{"href":"https:\/\/www.eldiario.net\/portal\/wp-json\/wp\/v2\/media?parent=198711"}],"wp:term":[{"taxonomy":"category","embeddable":true,"href":"https:\/\/www.eldiario.net\/portal\/wp-json\/wp\/v2\/categories?post=198711"},{"taxonomy":"post_tag","embeddable":true,"href":"https:\/\/www.eldiario.net\/portal\/wp-json\/wp\/v2\/tags?post=198711"}],"curies":[{"name":"wp","href":"https:\/\/api.w.org\/{rel}","templated":true}]}}