{"id":198708,"date":"2024-01-21T06:54:27","date_gmt":"2024-01-21T10:54:27","guid":{"rendered":"https:\/\/www.eldiario.net\/portal\/?p=198708"},"modified":"2024-01-21T06:54:27","modified_gmt":"2024-01-21T10:54:27","slug":"ue-ultima-plan-de-paz-de-10-puntos-para-oriente-proximo","status":"publish","type":"post","link":"https:\/\/www.eldiario.net\/portal\/2024\/01\/21\/ue-ultima-plan-de-paz-de-10-puntos-para-oriente-proximo\/","title":{"rendered":"UE ultima plan de paz de 10  puntos para Oriente Pr\u00f3ximo"},"content":{"rendered":"<p>La Uni\u00f3n Europea est\u00e1 preparando un plan de diez puntos para una soluci\u00f3n \u201ccre\u00edble e integral\u201d al conflicto en Oriente Pr\u00f3ximo basado en la coexistencia de dos Estados, palestino e israel\u00ed, y la normalizaci\u00f3n de relaciones entre Israel y los pa\u00edses de la regi\u00f3n, seg\u00fan un borrador inicial recogido por el portal Euractiv, especializado en informaci\u00f3n de la Uni\u00f3n Europea.<br \/>\nEl plan contempla a la Autoridad Palestina como representante reconocida del pueblo palestino en Gaza y Cisjordania en lo que se tratar\u00eda de la exclusi\u00f3n del movimiento islamista palestino Ham\u00e1s, en una hoja de ruta que comenzar\u00eda en firme con la celebraci\u00f3n de una \u201cConferencia Preparatoria de Paz\u201d con la presencia de la Uni\u00f3n Europea, Estados Unidos, Egipto, Jordania, Arabia Saud\u00ed, la Liga \u00c1rabe y Naciones Unidas.<br \/>\nNo obstante, los participantes en esta conferencia estar\u00edan en todo momento y a cada paso en contacto con responsables israel\u00edes y palestinos a los que informar\u00edan de la evoluci\u00f3n de los acontecimientos, si bien los primeros pasos de este plan no contemplan esfuerzos para que ambos se vean las caras.<br \/>\nIsrael\u00edes y palestinos no comenzar\u00edan a participar activamente en las conversaciones hasta un a\u00f1o despu\u00e9s de esta conferencia, el plazo estimado por la UE para fijar las l\u00edneas maestras de este plan de paz, que ser\u00e1 presentado a las partes en conflicto como base para negociaciones finales.<br \/>\nAdem\u00e1s, el plan contempla la incorporaci\u00f3n de un paquete de respaldo a la paz, entendido como un conjunto de mecanismos pol\u00edticos y de seguridad, tanto regionales como globales a disposici\u00f3n de israel\u00edes y palestinos, a partir del d\u00eda que concluyan su acuerdo de paz.<br \/>\nDe momento, y de nuevo seg\u00fan Euractiv, el representante de la UE para el proceso de paz, Sven Koopmans, ya mantuvo conversaciones preliminares a este respecto con Egipto, Jordania, Arabia Saud\u00ed y la Liga \u00c1rabe para \u201cintentar revivir\u201d el proceso y plante\u00f3 la posibilidad de celebrar un encuentro para discutir espec\u00edficamente la propuesta inicial de la UE, antes de la mencionada conferencia internacional. (Europa Press)<\/p>\n","protected":false},"excerpt":{"rendered":"<p>La Uni\u00f3n Europea est\u00e1 preparando un plan de diez puntos para una soluci\u00f3n \u201ccre\u00edble e integral\u201d al conflicto en Oriente Pr\u00f3ximo basado en la coexistencia de dos Estados, palestino e israel\u00ed, y la normalizaci\u00f3n de relaciones entre Israel y los pa\u00edses de la regi\u00f3n, seg\u00fan un borrador inicial recogido por el portal Euractiv, especializado en [&hellip;]<\/p>\n","protected":false},"author":1,"featured_media":198709,"comment_status":"open","ping_status":"open","sticky":false,"template":"","format":"standard","meta":{"_acf_changed":false,"footnotes":""},"categories":[3],"tags":[],"class_list":["post-198708","post","type-post","status-publish","format-standard","has-post-thumbnail","category-internacional"],"acf":{"antetitulo":"Basado en los dos Estados"},"yoast_head":"<!-- This site is optimized with the Yoast SEO plugin v28.3 - https:\/\/yoast.com\/product\/yoast-seo-wordpress\/ -->\n<title>UE ultima plan de paz de 10 puntos para Oriente Pr\u00f3ximo - El Diario - Bolivia<\/title>\n<meta name=\"robots\" content=\"index, follow, max-snippet:-1, max-image-preview:large, max-video-preview:-1\" \/>\n<link rel=\"canonical\" href=\"https:\/\/www.eldiario.net\/portal\/2024\/01\/21\/ue-ultima-plan-de-paz-de-10-puntos-para-oriente-proximo\/\" \/>\n<meta property=\"og:locale\" content=\"es_ES\" \/>\n<meta property=\"og:type\" content=\"article\" \/>\n<meta property=\"og:title\" content=\"UE ultima plan de paz de 10 puntos para Oriente Pr\u00f3ximo - El Diario - Bolivia\" \/>\n<meta property=\"og:description\" content=\"La Uni\u00f3n Europea est\u00e1 preparando un plan de diez puntos para una soluci\u00f3n \u201ccre\u00edble e integral\u201d al conflicto en Oriente Pr\u00f3ximo basado en la coexistencia de dos Estados, palestino e israel\u00ed, y la normalizaci\u00f3n de relaciones entre Israel y los pa\u00edses de la regi\u00f3n, seg\u00fan un borrador inicial recogido por el portal Euractiv, especializado en [&hellip;]\" \/>\n<meta property=\"og:url\" content=\"https:\/\/www.eldiario.net\/portal\/2024\/01\/21\/ue-ultima-plan-de-paz-de-10-puntos-para-oriente-proximo\/\" \/>\n<meta property=\"og:site_name\" content=\"El Diario - Bolivia\" \/>\n<meta property=\"article:publisher\" content=\"https:\/\/www.facebook.com\/eldiario.bolivia\/\" \/>\n<meta property=\"article:published_time\" content=\"2024-01-21T10:54:27+00:00\" \/>\n<meta property=\"og:image\" content=\"https:\/\/www.eldiario.net\/portal\/wp-content\/uploads\/2024\/01\/REUNION.jpg\" \/>\n\t<meta property=\"og:image:width\" content=\"769\" \/>\n\t<meta property=\"og:image:height\" content=\"480\" \/>\n\t<meta property=\"og:image:type\" content=\"image\/jpeg\" \/>\n<meta name=\"author\" content=\"Jeanette\" \/>\n<meta name=\"twitter:card\" content=\"summary_large_image\" \/>\n<meta name=\"twitter:creator\" content=\"@eldiario_net\" \/>\n<meta name=\"twitter:site\" content=\"@eldiario_net\" \/>\n<meta name=\"twitter:label1\" content=\"Escrito por\" \/>\n\t<meta name=\"twitter:data1\" content=\"Jeanette\" \/>\n\t<meta name=\"twitter:label2\" content=\"Tiempo de lectura\" \/>\n\t<meta name=\"twitter:data2\" content=\"2 minutos\" \/>\n<script type=\"application\/ld+json\" class=\"yoast-schema-graph\">{\"@context\":\"https:\\\/\\\/schema.org\",\"@graph\":[{\"@type\":\"Article\",\"@id\":\"https:\\\/\\\/www.eldiario.net\\\/portal\\\/2024\\\/01\\\/21\\\/ue-ultima-plan-de-paz-de-10-puntos-para-oriente-proximo\\\/#article\",\"isPartOf\":{\"@id\":\"https:\\\/\\\/www.eldiario.net\\\/portal\\\/2024\\\/01\\\/21\\\/ue-ultima-plan-de-paz-de-10-puntos-para-oriente-proximo\\\/\"},\"author\":{\"name\":\"Jeanette\",\"@id\":\"https:\\\/\\\/www.eldiario.net\\\/portal\\\/#\\\/schema\\\/person\\\/f46445640444750d7d753ccd04ae01b7\"},\"headline\":\"UE ultima plan de paz de 10 puntos para Oriente Pr\u00f3ximo\",\"datePublished\":\"2024-01-21T10:54:27+00:00\",\"mainEntityOfPage\":{\"@id\":\"https:\\\/\\\/www.eldiario.net\\\/portal\\\/2024\\\/01\\\/21\\\/ue-ultima-plan-de-paz-de-10-puntos-para-oriente-proximo\\\/\"},\"wordCount\":377,\"commentCount\":0,\"publisher\":{\"@id\":\"https:\\\/\\\/www.eldiario.net\\\/portal\\\/#organization\"},\"image\":{\"@id\":\"https:\\\/\\\/www.eldiario.net\\\/portal\\\/2024\\\/01\\\/21\\\/ue-ultima-plan-de-paz-de-10-puntos-para-oriente-proximo\\\/#primaryimage\"},\"thumbnailUrl\":\"https:\\\/\\\/www.eldiario.net\\\/portal\\\/wp-content\\\/uploads\\\/2024\\\/01\\\/REUNION.jpg\",\"articleSection\":[\"Internacional\"],\"inLanguage\":\"es\",\"potentialAction\":[{\"@type\":\"CommentAction\",\"name\":\"Comment\",\"target\":[\"https:\\\/\\\/www.eldiario.net\\\/portal\\\/2024\\\/01\\\/21\\\/ue-ultima-plan-de-paz-de-10-puntos-para-oriente-proximo\\\/#respond\"]}]},{\"@type\":\"WebPage\",\"@id\":\"https:\\\/\\\/www.eldiario.net\\\/portal\\\/2024\\\/01\\\/21\\\/ue-ultima-plan-de-paz-de-10-puntos-para-oriente-proximo\\\/\",\"url\":\"https:\\\/\\\/www.eldiario.net\\\/portal\\\/2024\\\/01\\\/21\\\/ue-ultima-plan-de-paz-de-10-puntos-para-oriente-proximo\\\/\",\"name\":\"UE ultima plan de paz de 10 puntos para Oriente Pr\u00f3ximo - El Diario - Bolivia\",\"isPartOf\":{\"@id\":\"https:\\\/\\\/www.eldiario.net\\\/portal\\\/#website\"},\"primaryImageOfPage\":{\"@id\":\"https:\\\/\\\/www.eldiario.net\\\/portal\\\/2024\\\/01\\\/21\\\/ue-ultima-plan-de-paz-de-10-puntos-para-oriente-proximo\\\/#primaryimage\"},\"image\":{\"@id\":\"https:\\\/\\\/www.eldiario.net\\\/portal\\\/2024\\\/01\\\/21\\\/ue-ultima-plan-de-paz-de-10-puntos-para-oriente-proximo\\\/#primaryimage\"},\"thumbnailUrl\":\"https:\\\/\\\/www.eldiario.net\\\/portal\\\/wp-content\\\/uploads\\\/2024\\\/01\\\/REUNION.jpg\",\"datePublished\":\"2024-01-21T10:54:27+00:00\",\"breadcrumb\":{\"@id\":\"https:\\\/\\\/www.eldiario.net\\\/portal\\\/2024\\\/01\\\/21\\\/ue-ultima-plan-de-paz-de-10-puntos-para-oriente-proximo\\\/#breadcrumb\"},\"inLanguage\":\"es\",\"potentialAction\":[{\"@type\":\"ReadAction\",\"target\":[\"https:\\\/\\\/www.eldiario.net\\\/portal\\\/2024\\\/01\\\/21\\\/ue-ultima-plan-de-paz-de-10-puntos-para-oriente-proximo\\\/\"]}]},{\"@type\":\"ImageObject\",\"inLanguage\":\"es\",\"@id\":\"https:\\\/\\\/www.eldiario.net\\\/portal\\\/2024\\\/01\\\/21\\\/ue-ultima-plan-de-paz-de-10-puntos-para-oriente-proximo\\\/#primaryimage\",\"url\":\"https:\\\/\\\/www.eldiario.net\\\/portal\\\/wp-content\\\/uploads\\\/2024\\\/01\\\/REUNION.jpg\",\"contentUrl\":\"https:\\\/\\\/www.eldiario.net\\\/portal\\\/wp-content\\\/uploads\\\/2024\\\/01\\\/REUNION.jpg\",\"width\":769,\"height\":480,\"caption\":\"AUTORIDADES DE DIFERENTES PA\u00cdSES PERTENECIENTES A LA UE, REUNIDOS. El HuffPost\"},{\"@type\":\"BreadcrumbList\",\"@id\":\"https:\\\/\\\/www.eldiario.net\\\/portal\\\/2024\\\/01\\\/21\\\/ue-ultima-plan-de-paz-de-10-puntos-para-oriente-proximo\\\/#breadcrumb\",\"itemListElement\":[{\"@type\":\"ListItem\",\"position\":1,\"name\":\"Portada\",\"item\":\"https:\\\/\\\/www.eldiario.net\\\/portal\\\/\"},{\"@type\":\"ListItem\",\"position\":2,\"name\":\"UE ultima plan de paz de 10 puntos para Oriente Pr\u00f3ximo\"}]},{\"@type\":\"WebSite\",\"@id\":\"https:\\\/\\\/www.eldiario.net\\\/portal\\\/#website\",\"url\":\"https:\\\/\\\/www.eldiario.net\\\/portal\\\/\",\"name\":\"El Diario - Decano de la prensa nacional\",\"description\":\"El Diario - Decano de la prensa nacional\",\"publisher\":{\"@id\":\"https:\\\/\\\/www.eldiario.net\\\/portal\\\/#organization\"},\"potentialAction\":[{\"@type\":\"SearchAction\",\"target\":{\"@type\":\"EntryPoint\",\"urlTemplate\":\"https:\\\/\\\/www.eldiario.net\\\/portal\\\/?s={search_term_string}\"},\"query-input\":{\"@type\":\"PropertyValueSpecification\",\"valueRequired\":true,\"valueName\":\"search_term_string\"}}],\"inLanguage\":\"es\"},{\"@type\":\"Organization\",\"@id\":\"https:\\\/\\\/www.eldiario.net\\\/portal\\\/#organization\",\"name\":\"El Diario - Decano de la prensa nacional\",\"url\":\"https:\\\/\\\/www.eldiario.net\\\/portal\\\/\",\"logo\":{\"@type\":\"ImageObject\",\"inLanguage\":\"es\",\"@id\":\"https:\\\/\\\/www.eldiario.net\\\/portal\\\/#\\\/schema\\\/logo\\\/image\\\/\",\"url\":\"https:\\\/\\\/www.eldiario.net\\\/portal\\\/wp-content\\\/uploads\\\/2023\\\/07\\\/logo_ED.jpg\",\"contentUrl\":\"https:\\\/\\\/www.eldiario.net\\\/portal\\\/wp-content\\\/uploads\\\/2023\\\/07\\\/logo_ED.jpg\",\"width\":272,\"height\":52,\"caption\":\"El Diario - Decano de la prensa nacional\"},\"image\":{\"@id\":\"https:\\\/\\\/www.eldiario.net\\\/portal\\\/#\\\/schema\\\/logo\\\/image\\\/\"},\"sameAs\":[\"https:\\\/\\\/www.facebook.com\\\/eldiario.bolivia\\\/\",\"https:\\\/\\\/x.com\\\/eldiario_net\"]},{\"@type\":\"Person\",\"@id\":\"https:\\\/\\\/www.eldiario.net\\\/portal\\\/#\\\/schema\\\/person\\\/f46445640444750d7d753ccd04ae01b7\",\"name\":\"Jeanette\",\"image\":{\"@type\":\"ImageObject\",\"inLanguage\":\"es\",\"@id\":\"https:\\\/\\\/secure.gravatar.com\\\/avatar\\\/3ea2118a5f7dad2b7138b1187a6b7ee55f160b9968b66013c3a3ef39dd7e5798?s=96&d=mm&r=g\",\"url\":\"https:\\\/\\\/secure.gravatar.com\\\/avatar\\\/3ea2118a5f7dad2b7138b1187a6b7ee55f160b9968b66013c3a3ef39dd7e5798?s=96&d=mm&r=g\",\"contentUrl\":\"https:\\\/\\\/secure.gravatar.com\\\/avatar\\\/3ea2118a5f7dad2b7138b1187a6b7ee55f160b9968b66013c3a3ef39dd7e5798?s=96&d=mm&r=g\",\"caption\":\"Jeanette\"},\"sameAs\":[\"https:\\\/\\\/www.eldiario.net\\\/portal\"],\"url\":\"https:\\\/\\\/www.eldiario.net\\\/portal\\\/author\\\/jeanette\\\/\"}]}<\/script>\n<!-- \/ Yoast SEO plugin. -->","yoast_head_json":{"title":"UE ultima plan de paz de 10 puntos para Oriente Pr\u00f3ximo - El Diario - Bolivia","robots":{"index":"index","follow":"follow","max-snippet":"max-snippet:-1","max-image-preview":"max-image-preview:large","max-video-preview":"max-video-preview:-1"},"canonical":"https:\/\/www.eldiario.net\/portal\/2024\/01\/21\/ue-ultima-plan-de-paz-de-10-puntos-para-oriente-proximo\/","og_locale":"es_ES","og_type":"article","og_title":"UE ultima plan de paz de 10 puntos para Oriente Pr\u00f3ximo - El Diario - Bolivia","og_description":"La Uni\u00f3n Europea est\u00e1 preparando un plan de diez puntos para una soluci\u00f3n \u201ccre\u00edble e integral\u201d al conflicto en Oriente Pr\u00f3ximo basado en la coexistencia de dos Estados, palestino e israel\u00ed, y la normalizaci\u00f3n de relaciones entre Israel y los pa\u00edses de la regi\u00f3n, seg\u00fan un borrador inicial recogido por el portal Euractiv, especializado en [&hellip;]","og_url":"https:\/\/www.eldiario.net\/portal\/2024\/01\/21\/ue-ultima-plan-de-paz-de-10-puntos-para-oriente-proximo\/","og_site_name":"El Diario - Bolivia","article_publisher":"https:\/\/www.facebook.com\/eldiario.bolivia\/","article_published_time":"2024-01-21T10:54:27+00:00","og_image":[{"width":769,"height":480,"url":"https:\/\/www.eldiario.net\/portal\/wp-content\/uploads\/2024\/01\/REUNION.jpg","type":"image\/jpeg"}],"author":"Jeanette","twitter_card":"summary_large_image","twitter_creator":"@eldiario_net","twitter_site":"@eldiario_net","twitter_misc":{"Escrito por":"Jeanette","Tiempo de lectura":"2 minutos"},"schema":{"@context":"https:\/\/schema.org","@graph":[{"@type":"Article","@id":"https:\/\/www.eldiario.net\/portal\/2024\/01\/21\/ue-ultima-plan-de-paz-de-10-puntos-para-oriente-proximo\/#article","isPartOf":{"@id":"https:\/\/www.eldiario.net\/portal\/2024\/01\/21\/ue-ultima-plan-de-paz-de-10-puntos-para-oriente-proximo\/"},"author":{"name":"Jeanette","@id":"https:\/\/www.eldiario.net\/portal\/#\/schema\/person\/f46445640444750d7d753ccd04ae01b7"},"headline":"UE ultima plan de paz de 10 puntos para Oriente Pr\u00f3ximo","datePublished":"2024-01-21T10:54:27+00:00","mainEntityOfPage":{"@id":"https:\/\/www.eldiario.net\/portal\/2024\/01\/21\/ue-ultima-plan-de-paz-de-10-puntos-para-oriente-proximo\/"},"wordCount":377,"commentCount":0,"publisher":{"@id":"https:\/\/www.eldiario.net\/portal\/#organization"},"image":{"@id":"https:\/\/www.eldiario.net\/portal\/2024\/01\/21\/ue-ultima-plan-de-paz-de-10-puntos-para-oriente-proximo\/#primaryimage"},"thumbnailUrl":"https:\/\/www.eldiario.net\/portal\/wp-content\/uploads\/2024\/01\/REUNION.jpg","articleSection":["Internacional"],"inLanguage":"es","potentialAction":[{"@type":"CommentAction","name":"Comment","target":["https:\/\/www.eldiario.net\/portal\/2024\/01\/21\/ue-ultima-plan-de-paz-de-10-puntos-para-oriente-proximo\/#respond"]}]},{"@type":"WebPage","@id":"https:\/\/www.eldiario.net\/portal\/2024\/01\/21\/ue-ultima-plan-de-paz-de-10-puntos-para-oriente-proximo\/","url":"https:\/\/www.eldiario.net\/portal\/2024\/01\/21\/ue-ultima-plan-de-paz-de-10-puntos-para-oriente-proximo\/","name":"UE ultima plan de paz de 10 puntos para Oriente Pr\u00f3ximo - El Diario - Bolivia","isPartOf":{"@id":"https:\/\/www.eldiario.net\/portal\/#website"},"primaryImageOfPage":{"@id":"https:\/\/www.eldiario.net\/portal\/2024\/01\/21\/ue-ultima-plan-de-paz-de-10-puntos-para-oriente-proximo\/#primaryimage"},"image":{"@id":"https:\/\/www.eldiario.net\/portal\/2024\/01\/21\/ue-ultima-plan-de-paz-de-10-puntos-para-oriente-proximo\/#primaryimage"},"thumbnailUrl":"https:\/\/www.eldiario.net\/portal\/wp-content\/uploads\/2024\/01\/REUNION.jpg","datePublished":"2024-01-21T10:54:27+00:00","breadcrumb":{"@id":"https:\/\/www.eldiario.net\/portal\/2024\/01\/21\/ue-ultima-plan-de-paz-de-10-puntos-para-oriente-proximo\/#breadcrumb"},"inLanguage":"es","potentialAction":[{"@type":"ReadAction","target":["https:\/\/www.eldiario.net\/portal\/2024\/01\/21\/ue-ultima-plan-de-paz-de-10-puntos-para-oriente-proximo\/"]}]},{"@type":"ImageObject","inLanguage":"es","@id":"https:\/\/www.eldiario.net\/portal\/2024\/01\/21\/ue-ultima-plan-de-paz-de-10-puntos-para-oriente-proximo\/#primaryimage","url":"https:\/\/www.eldiario.net\/portal\/wp-content\/uploads\/2024\/01\/REUNION.jpg","contentUrl":"https:\/\/www.eldiario.net\/portal\/wp-content\/uploads\/2024\/01\/REUNION.jpg","width":769,"height":480,"caption":"AUTORIDADES DE DIFERENTES PA\u00cdSES PERTENECIENTES A LA UE, REUNIDOS. El HuffPost"},{"@type":"BreadcrumbList","@id":"https:\/\/www.eldiario.net\/portal\/2024\/01\/21\/ue-ultima-plan-de-paz-de-10-puntos-para-oriente-proximo\/#breadcrumb","itemListElement":[{"@type":"ListItem","position":1,"name":"Portada","item":"https:\/\/www.eldiario.net\/portal\/"},{"@type":"ListItem","position":2,"name":"UE ultima plan de paz de 10 puntos para Oriente Pr\u00f3ximo"}]},{"@type":"WebSite","@id":"https:\/\/www.eldiario.net\/portal\/#website","url":"https:\/\/www.eldiario.net\/portal\/","name":"El Diario - Decano de la prensa nacional","description":"El Diario - Decano de la prensa nacional","publisher":{"@id":"https:\/\/www.eldiario.net\/portal\/#organization"},"potentialAction":[{"@type":"SearchAction","target":{"@type":"EntryPoint","urlTemplate":"https:\/\/www.eldiario.net\/portal\/?s={search_term_string}"},"query-input":{"@type":"PropertyValueSpecification","valueRequired":true,"valueName":"search_term_string"}}],"inLanguage":"es"},{"@type":"Organization","@id":"https:\/\/www.eldiario.net\/portal\/#organization","name":"El Diario - Decano de la prensa nacional","url":"https:\/\/www.eldiario.net\/portal\/","logo":{"@type":"ImageObject","inLanguage":"es","@id":"https:\/\/www.eldiario.net\/portal\/#\/schema\/logo\/image\/","url":"https:\/\/www.eldiario.net\/portal\/wp-content\/uploads\/2023\/07\/logo_ED.jpg","contentUrl":"https:\/\/www.eldiario.net\/portal\/wp-content\/uploads\/2023\/07\/logo_ED.jpg","width":272,"height":52,"caption":"El Diario - Decano de la prensa nacional"},"image":{"@id":"https:\/\/www.eldiario.net\/portal\/#\/schema\/logo\/image\/"},"sameAs":["https:\/\/www.facebook.com\/eldiario.bolivia\/","https:\/\/x.com\/eldiario_net"]},{"@type":"Person","@id":"https:\/\/www.eldiario.net\/portal\/#\/schema\/person\/f46445640444750d7d753ccd04ae01b7","name":"Jeanette","image":{"@type":"ImageObject","inLanguage":"es","@id":"https:\/\/secure.gravatar.com\/avatar\/3ea2118a5f7dad2b7138b1187a6b7ee55f160b9968b66013c3a3ef39dd7e5798?s=96&d=mm&r=g","url":"https:\/\/secure.gravatar.com\/avatar\/3ea2118a5f7dad2b7138b1187a6b7ee55f160b9968b66013c3a3ef39dd7e5798?s=96&d=mm&r=g","contentUrl":"https:\/\/secure.gravatar.com\/avatar\/3ea2118a5f7dad2b7138b1187a6b7ee55f160b9968b66013c3a3ef39dd7e5798?s=96&d=mm&r=g","caption":"Jeanette"},"sameAs":["https:\/\/www.eldiario.net\/portal"],"url":"https:\/\/www.eldiario.net\/portal\/author\/jeanette\/"}]}},"_links":{"self":[{"href":"https:\/\/www.eldiario.net\/portal\/wp-json\/wp\/v2\/posts\/198708","targetHints":{"allow":["GET"]}}],"collection":[{"href":"https:\/\/www.eldiario.net\/portal\/wp-json\/wp\/v2\/posts"}],"about":[{"href":"https:\/\/www.eldiario.net\/portal\/wp-json\/wp\/v2\/types\/post"}],"author":[{"embeddable":true,"href":"https:\/\/www.eldiario.net\/portal\/wp-json\/wp\/v2\/users\/1"}],"replies":[{"embeddable":true,"href":"https:\/\/www.eldiario.net\/portal\/wp-json\/wp\/v2\/comments?post=198708"}],"version-history":[{"count":1,"href":"https:\/\/www.eldiario.net\/portal\/wp-json\/wp\/v2\/posts\/198708\/revisions"}],"predecessor-version":[{"id":198710,"href":"https:\/\/www.eldiario.net\/portal\/wp-json\/wp\/v2\/posts\/198708\/revisions\/198710"}],"wp:featuredmedia":[{"embeddable":true,"href":"https:\/\/www.eldiario.net\/portal\/wp-json\/wp\/v2\/media\/198709"}],"wp:attachment":[{"href":"https:\/\/www.eldiario.net\/portal\/wp-json\/wp\/v2\/media?parent=198708"}],"wp:term":[{"taxonomy":"category","embeddable":true,"href":"https:\/\/www.eldiario.net\/portal\/wp-json\/wp\/v2\/categories?post=198708"},{"taxonomy":"post_tag","embeddable":true,"href":"https:\/\/www.eldiario.net\/portal\/wp-json\/wp\/v2\/tags?post=198708"}],"curies":[{"name":"wp","href":"https:\/\/api.w.org\/{rel}","templated":true}]}}